{"id":23870,"date":"2017-11-03T12:17:17","date_gmt":"2017-11-03T12:17:17","guid":{"rendered":"https:\/\/news.ecclesia.org.br\/2013\/?p=23870"},"modified":"2017-11-03T12:21:28","modified_gmt":"2017-11-03T12:21:28","slug":"conferencia-do-cmi-sobre-teologia-ecologica","status":"publish","type":"post","link":"https:\/\/news.ecclesia.org.br\/?p=23870","title":{"rendered":"Confer\u00eancia do CMI sobre teologia ecol\u00f3gica"},"content":{"rendered":"<p style=\"text-align: right;\">Louk Andrianos \/ CMI<\/p>\n<p style=\"text-align: justify;\">31 de outubro de 2017 &#8212;\u00a0\u00a0<strong>A Quinta Confer\u00eancia Internacional sobre Teologia Ecol\u00f3gica e \u00c9tica Ambiental (ECOTHEE-17), organizada pelo Conselho Mundial de Igrejas (CMI), reuniu pessoas de diversas na\u00e7\u00f5es e tradi\u00e7\u00f5es religiosas para refletir sobre a teologia dos <em>oikos<\/em> e a espiritualidade ind\u00edgena.<\/strong><\/p>\n<p style=\"text-align: justify;\">A confer\u00eancia ocorreu na Academia Ortodoxa de Creta em Kolympari, de 23 a 27 de agosto de 2017.<\/p>\n<figure id=\"attachment_23871\" aria-describedby=\"caption-attachment-23871\" style=\"width: 640px\" class=\"wp-caption aligncenter\"><a href=\"https:\/\/news.ecclesia.org.br\/2013\/wp-content\/uploads\/2017\/11\/cmi-03112017.jpg\"><img fetchpriority=\"high\" decoding=\"async\" class=\"wp-image-23871\" src=\"https:\/\/news.ecclesia.org.br\/2013\/wp-content\/uploads\/2017\/11\/cmi-03112017.jpg\" alt=\"\" width=\"640\" height=\"425\" srcset=\"https:\/\/news.ecclesia.org.br\/wp-content\/uploads\/2017\/11\/cmi-03112017.jpg 1600w, https:\/\/news.ecclesia.org.br\/wp-content\/uploads\/2017\/11\/cmi-03112017-300x199.jpg 300w, https:\/\/news.ecclesia.org.br\/wp-content\/uploads\/2017\/11\/cmi-03112017-768x510.jpg 768w, https:\/\/news.ecclesia.org.br\/wp-content\/uploads\/2017\/11\/cmi-03112017-1024x680.jpg 1024w, https:\/\/news.ecclesia.org.br\/wp-content\/uploads\/2017\/11\/cmi-03112017-600x399.jpg 600w, https:\/\/news.ecclesia.org.br\/wp-content\/uploads\/2017\/11\/cmi-03112017-83x55.jpg 83w, https:\/\/news.ecclesia.org.br\/wp-content\/uploads\/2017\/11\/cmi-03112017-60x40.jpg 60w, https:\/\/news.ecclesia.org.br\/wp-content\/uploads\/2017\/11\/cmi-03112017-120x80.jpg 120w\" sizes=\"(max-width: 640px) 100vw, 640px\" \/><\/a><figcaption id=\"caption-attachment-23871\" class=\"wp-caption-text\">Os participantes se reuniram na Academia Ortodoxa de Creta.<\/figcaption><\/figure>\n<p style=\"text-align: justify;\">Os participantes destacaram como as amea\u00e7as continuam prejudicando a biodiversidade, como a gan\u00e2ncia sem limites levou ao esgotamento dos recursos naturais e da pobreza, como as esp\u00e9cies continuam a desaparecer e como aumentam a for\u00e7a e a frequ\u00eancia da seca, inunda\u00e7\u00f5es e furac\u00f5es, bem como o aumento da temperatura m\u00e9dia global e as emiss\u00f5es de CO<sub>2<\/sub>, refletem a realidade das mudan\u00e7as clim\u00e1ticas.<\/p>\n<p style=\"text-align: justify;\">\u00abJuntamente com a coopera\u00e7\u00e3o inter-religiosa, abordagens multidisciplinares, incluindo as ci\u00eancias naturais e sociais, a psicologia, a filosofia e os estudos religiosos, tornaram-se imprescind\u00edveis para o desenvolvimento da ecologia e da \u00e9tica ambiental\u00bb, afirmou o Dr. Louk. Andrianos, coordenador da confer\u00eancia e consultor do CMI para o programa sobre o Cuidado da Cria\u00e7\u00e3o.<\/p>\n<p style=\"text-align: justify;\"><strong>As diferentes apresenta\u00e7\u00f5es da teologia crist\u00e3 ortodoxa e oriental refletiram o pensamento ecol\u00f3gico dos primeiros Pais da Igreja, especialmente de S\u00e3o Jo\u00e3o Damasceno, desenvolvendo conceitos como <\/strong><strong>\u00ab<em>oikos<\/em><\/strong><strong>\u00bb e <\/strong><strong>\u00ab\u00edcone<\/strong><strong>\u00bb e relacionando-os com conceitos como encarna\u00e7\u00e3o, cosmos, consolida\u00e7\u00e3o da paz e sustentabilidade.<\/strong><\/p>\n<p style=\"text-align: justify;\">As cren\u00e7as e espiritualidades tradicionais e ind\u00edgenas foram abordadas atrav\u00e9s do estudo das express\u00f5es art\u00edsticas das Primeiras Na\u00e7\u00f5es de uma perspectiva \u00e9tnico-est\u00e9tica, transmitindo uma mensagem de esperan\u00e7a.<\/p>\n<p style=\"text-align: justify;\">As interven\u00e7\u00f5es realizadas pelos participantes judeus e mu\u00e7ulmanos demonstraram como a interpreta\u00e7\u00e3o do Alcor\u00e3o e da B\u00edblia hebraica pode ajudar a aprofundar a compreens\u00e3o da ecoteologia crist\u00e3 e como a coopera\u00e7\u00e3o inter-religiosa \u00e9 necess\u00e1ria na \u00e1rea da ecojusti\u00e7a.<\/p>\n<p style=\"text-align: justify;\">Para o Dr. Andrianos, a ecojusti\u00e7a constitui a base da sustentabilidade e do trabalho relacionado aos Objetivos de Desenvolvimento Sustent\u00e1vel (ODS). \u00abS\u00f3 pode ser alcan\u00e7ado se houver uma compreens\u00e3o clara do significado de nossa \u00abcasa comum\u00bb e, portanto, uma colabora\u00e7\u00e3o pac\u00edfica de todos os setores envolvidos: as comunidades religiosas, os cientistas, os pol\u00edticos e os l\u00edderes ind\u00edgenas\u00bb, afirmou.<\/p>\n<p style=\"text-align: justify;\">Na abertura da confer\u00eancia, o Dr. Guillermo Kerber, assessor do CMI e, anteriormente, diretor executivo do programa para a justi\u00e7a econ\u00f4mica e ecol\u00f3gica, explicou que o ECOTHEE-17 faz parte de uma s\u00e9rie de confer\u00eancias bienais que come\u00e7aram em 2008 para promover a busca de solu\u00e7\u00f5es inter-religiosas e interdisciplinares aos importantes problemas meioambientais do nosso tempo.<\/p>\n<p style=\"text-align: justify;\">Juntamente com a confer\u00eancia, foi organizada uma exposi\u00e7\u00e3o de arte infantil com o tema \u00abo futuro da nossa casa comum: o <em>oikos<\/em>\u00bb.<\/p>\n<hr \/>\n<p style=\"text-align: right;\"><a href=\"http:\/\/www.oikoumene.org\/es\/press-centre\/en\/what-we-do\/climate-change\" target=\"_blank\" rel=\"noopener\">Mais informa\u00e7\u00f5es sobre o trabalho do CMI<br \/>\nsobre o cuidado da Cria\u00e7\u00e3o e da justi\u00e7a clim\u00e1tica.<\/a><br \/>\nFonte: <a href=\"http:\/\/www.oikoumene.org\/es\/press-centre\/news\/wcc-conference-focuses-on-ecological-theology\" target=\"_blank\" rel=\"noopener\">CMI<\/a><\/p>\n","protected":false},"excerpt":{"rendered":"<p>Louk Andrianos \/ CMI 31 de outubro de 2017 &#8212;\u00a0\u00a0A Quinta Confer\u00eancia Internacional sobre Teologia Ecol\u00f3gica e \u00c9tica Ambiental (ECOTHEE-17), organizada pelo Conselho Mundial de Igrejas (CMI), reuniu pessoas de diversas na\u00e7\u00f5es e tradi\u00e7\u00f5es religiosas para refletir sobre a teologia&#8230;<\/p>\n","protected":false},"author":1,"featured_media":23871,"comment_status":"open","ping_status":"open","sticky":false,"template":"","format":"standard","meta":{"_acf_changed":false,"footnotes":""},"categories":[1],"tags":[],"class_list":["post-23870","post","type-post","status-publish","format-standard","has-post-thumbnail","hentry","category-news","entry","rows-excerpt"],"acf":[],"yoast_head":"<!-- This site is optimized with the Yoast SEO plugin v27.5 - https:\/\/yoast.com\/product\/yoast-seo-wordpress\/ -->\n<title>Confer\u00eancia do CMI sobre teologia ecol\u00f3gica | ECCLESIA NEWS<\/title>\n<meta name=\"robots\" content=\"index, follow, max-snippet:-1, max-image-preview:large, max-video-preview:-1\" \/>\n<link rel=\"canonical\" href=\"https:\/\/news.ecclesia.org.br\/?p=23870\" \/>\n<meta property=\"og:locale\" content=\"pt_BR\" \/>\n<meta property=\"og:type\" content=\"article\" \/>\n<meta property=\"og:title\" content=\"Confer\u00eancia do CMI sobre teologia ecol\u00f3gica | ECCLESIA NEWS\" \/>\n<meta property=\"og:description\" content=\"Louk Andrianos \/ CMI 31 de outubro de 2017 &#8212;\u00a0\u00a0A Quinta Confer\u00eancia Internacional sobre Teologia Ecol\u00f3gica e \u00c9tica Ambiental (ECOTHEE-17), organizada pelo Conselho Mundial de Igrejas (CMI), reuniu pessoas de diversas na\u00e7\u00f5es e tradi\u00e7\u00f5es religiosas para refletir sobre a teologia&#8230;\" \/>\n<meta property=\"og:url\" content=\"https:\/\/news.ecclesia.org.br\/?p=23870\" \/>\n<meta property=\"og:site_name\" content=\"ECCLESIA NEWS\" \/>\n<meta property=\"article:publisher\" content=\"https:\/\/www.facebook.com\/Ecclesia2025\" \/>\n<meta property=\"article:published_time\" content=\"2017-11-03T12:17:17+00:00\" \/>\n<meta property=\"article:modified_time\" content=\"2017-11-03T12:21:28+00:00\" \/>\n<meta property=\"og:image\" content=\"https:\/\/news.ecclesia.org.br\/wp-content\/uploads\/2017\/11\/cmi-03112017.jpg\" \/>\n\t<meta property=\"og:image:width\" content=\"1600\" \/>\n\t<meta property=\"og:image:height\" content=\"1063\" \/>\n\t<meta property=\"og:image:type\" content=\"image\/jpeg\" \/>\n<meta name=\"author\" content=\"Pe. Andr\u00e9\" \/>\n<meta name=\"twitter:card\" content=\"summary_large_image\" \/>\n<meta name=\"twitter:creator\" content=\"@EcclesiaNews\" \/>\n<meta name=\"twitter:site\" content=\"@EcclesiaNews\" \/>\n<meta name=\"twitter:label1\" content=\"Escrito por\" \/>\n\t<meta name=\"twitter:data1\" content=\"Pe. Andr\u00e9\" \/>\n\t<meta name=\"twitter:label2\" content=\"Est. tempo de leitura\" \/>\n\t<meta name=\"twitter:data2\" content=\"3 minutos\" \/>\n<script type=\"application\/ld+json\" class=\"yoast-schema-graph\">{\"@context\":\"https:\\\/\\\/schema.org\",\"@graph\":[{\"@type\":\"Article\",\"@id\":\"https:\\\/\\\/news.ecclesia.org.br\\\/?p=23870#article\",\"isPartOf\":{\"@id\":\"https:\\\/\\\/news.ecclesia.org.br\\\/?p=23870\"},\"author\":{\"name\":\"Pe. Andr\u00e9\",\"@id\":\"https:\\\/\\\/news.ecclesia.org.br\\\/#\\\/schema\\\/person\\\/6f09597f025829745ba414a569f63758\"},\"headline\":\"Confer\u00eancia do CMI sobre teologia ecol\u00f3gica\",\"datePublished\":\"2017-11-03T12:17:17+00:00\",\"dateModified\":\"2017-11-03T12:21:28+00:00\",\"mainEntityOfPage\":{\"@id\":\"https:\\\/\\\/news.ecclesia.org.br\\\/?p=23870\"},\"wordCount\":522,\"commentCount\":0,\"publisher\":{\"@id\":\"https:\\\/\\\/news.ecclesia.org.br\\\/#organization\"},\"image\":{\"@id\":\"https:\\\/\\\/news.ecclesia.org.br\\\/?p=23870#primaryimage\"},\"thumbnailUrl\":\"https:\\\/\\\/news.ecclesia.org.br\\\/wp-content\\\/uploads\\\/2017\\\/11\\\/cmi-03112017.jpg\",\"articleSection\":[\"NEWS\"],\"inLanguage\":\"pt-BR\",\"potentialAction\":[{\"@type\":\"CommentAction\",\"name\":\"Comment\",\"target\":[\"https:\\\/\\\/news.ecclesia.org.br\\\/?p=23870#respond\"]}]},{\"@type\":\"WebPage\",\"@id\":\"https:\\\/\\\/news.ecclesia.org.br\\\/?p=23870\",\"url\":\"https:\\\/\\\/news.ecclesia.org.br\\\/?p=23870\",\"name\":\"Confer\u00eancia do CMI sobre teologia ecol\u00f3gica | ECCLESIA NEWS\",\"isPartOf\":{\"@id\":\"https:\\\/\\\/news.ecclesia.org.br\\\/#website\"},\"primaryImageOfPage\":{\"@id\":\"https:\\\/\\\/news.ecclesia.org.br\\\/?p=23870#primaryimage\"},\"image\":{\"@id\":\"https:\\\/\\\/news.ecclesia.org.br\\\/?p=23870#primaryimage\"},\"thumbnailUrl\":\"https:\\\/\\\/news.ecclesia.org.br\\\/wp-content\\\/uploads\\\/2017\\\/11\\\/cmi-03112017.jpg\",\"datePublished\":\"2017-11-03T12:17:17+00:00\",\"dateModified\":\"2017-11-03T12:21:28+00:00\",\"breadcrumb\":{\"@id\":\"https:\\\/\\\/news.ecclesia.org.br\\\/?p=23870#breadcrumb\"},\"inLanguage\":\"pt-BR\",\"potentialAction\":[{\"@type\":\"ReadAction\",\"target\":[\"https:\\\/\\\/news.ecclesia.org.br\\\/?p=23870\"]}]},{\"@type\":\"ImageObject\",\"inLanguage\":\"pt-BR\",\"@id\":\"https:\\\/\\\/news.ecclesia.org.br\\\/?p=23870#primaryimage\",\"url\":\"https:\\\/\\\/news.ecclesia.org.br\\\/wp-content\\\/uploads\\\/2017\\\/11\\\/cmi-03112017.jpg\",\"contentUrl\":\"https:\\\/\\\/news.ecclesia.org.br\\\/wp-content\\\/uploads\\\/2017\\\/11\\\/cmi-03112017.jpg\",\"width\":1600,\"height\":1063,\"caption\":\"Os participantes se reuniram na Academia Ortodoxa de Creta.\"},{\"@type\":\"BreadcrumbList\",\"@id\":\"https:\\\/\\\/news.ecclesia.org.br\\\/?p=23870#breadcrumb\",\"itemListElement\":[{\"@type\":\"ListItem\",\"position\":1,\"name\":\"In\u00edcio\",\"item\":\"https:\\\/\\\/news.ecclesia.org.br\\\/\"},{\"@type\":\"ListItem\",\"position\":2,\"name\":\"Confer\u00eancia do CMI sobre teologia ecol\u00f3gica\"}]},{\"@type\":\"WebSite\",\"@id\":\"https:\\\/\\\/news.ecclesia.org.br\\\/#website\",\"url\":\"https:\\\/\\\/news.ecclesia.org.br\\\/\",\"name\":\"Ecclesia Brasil\",\"description\":\"Desde 2003 onectando o Brasil ao mundo ortodoxo!\",\"publisher\":{\"@id\":\"https:\\\/\\\/news.ecclesia.org.br\\\/#organization\"},\"alternateName\":\"Ecclesia\",\"potentialAction\":[{\"@type\":\"SearchAction\",\"target\":{\"@type\":\"EntryPoint\",\"urlTemplate\":\"https:\\\/\\\/news.ecclesia.org.br\\\/?s={search_term_string}\"},\"query-input\":{\"@type\":\"PropertyValueSpecification\",\"valueRequired\":true,\"valueName\":\"search_term_string\"}}],\"inLanguage\":\"pt-BR\"},{\"@type\":\"Organization\",\"@id\":\"https:\\\/\\\/news.ecclesia.org.br\\\/#organization\",\"name\":\"Sacra Arquidiocese de Buenos Aires e Am\u00e9rica do Sul | Patriarcado Ecum\u00eanico\",\"alternateName\":\"News Ecclesia Brasil\",\"url\":\"https:\\\/\\\/news.ecclesia.org.br\\\/\",\"logo\":{\"@type\":\"ImageObject\",\"inLanguage\":\"pt-BR\",\"@id\":\"https:\\\/\\\/news.ecclesia.org.br\\\/#\\\/schema\\\/logo\\\/image\\\/\",\"url\":\"https:\\\/\\\/news.ecclesia.org.br\\\/wp-content\\\/uploads\\\/2025\\\/05\\\/ecclesia2.png\",\"contentUrl\":\"https:\\\/\\\/news.ecclesia.org.br\\\/wp-content\\\/uploads\\\/2025\\\/05\\\/ecclesia2.png\",\"width\":480,\"height\":120,\"caption\":\"Sacra Arquidiocese de Buenos Aires e Am\u00e9rica do Sul | Patriarcado Ecum\u00eanico\"},\"image\":{\"@id\":\"https:\\\/\\\/news.ecclesia.org.br\\\/#\\\/schema\\\/logo\\\/image\\\/\"},\"sameAs\":[\"https:\\\/\\\/www.facebook.com\\\/Ecclesia2025\",\"https:\\\/\\\/x.com\\\/EcclesiaNews\",\"https:\\\/\\\/br.pinterest.com\\\/ekklisia\\\/\",\"https:\\\/\\\/www.youtube.com\\\/@EcclesiaBrasil\"]},{\"@type\":\"Person\",\"@id\":\"https:\\\/\\\/news.ecclesia.org.br\\\/#\\\/schema\\\/person\\\/6f09597f025829745ba414a569f63758\",\"name\":\"Pe. Andr\u00e9\",\"image\":{\"@type\":\"ImageObject\",\"inLanguage\":\"pt-BR\",\"@id\":\"https:\\\/\\\/secure.gravatar.com\\\/avatar\\\/b4327cfa27e9799da239a26adcd534fc29cdc0c4a4a148eecbcfeb9b42c617ac?s=96&d=mm&r=g\",\"url\":\"https:\\\/\\\/secure.gravatar.com\\\/avatar\\\/b4327cfa27e9799da239a26adcd534fc29cdc0c4a4a148eecbcfeb9b42c617ac?s=96&d=mm&r=g\",\"contentUrl\":\"https:\\\/\\\/secure.gravatar.com\\\/avatar\\\/b4327cfa27e9799da239a26adcd534fc29cdc0c4a4a148eecbcfeb9b42c617ac?s=96&d=mm&r=g\",\"caption\":\"Pe. Andr\u00e9\"},\"sameAs\":[\"https:\\\/\\\/www.ecclesia.org.br\"]}]}<\/script>\n<!-- \/ Yoast SEO plugin. -->","yoast_head_json":{"title":"Confer\u00eancia do CMI sobre teologia ecol\u00f3gica | ECCLESIA NEWS","robots":{"index":"index","follow":"follow","max-snippet":"max-snippet:-1","max-image-preview":"max-image-preview:large","max-video-preview":"max-video-preview:-1"},"canonical":"https:\/\/news.ecclesia.org.br\/?p=23870","og_locale":"pt_BR","og_type":"article","og_title":"Confer\u00eancia do CMI sobre teologia ecol\u00f3gica | ECCLESIA NEWS","og_description":"Louk Andrianos \/ CMI 31 de outubro de 2017 &#8212;\u00a0\u00a0A Quinta Confer\u00eancia Internacional sobre Teologia Ecol\u00f3gica e \u00c9tica Ambiental (ECOTHEE-17), organizada pelo Conselho Mundial de Igrejas (CMI), reuniu pessoas de diversas na\u00e7\u00f5es e tradi\u00e7\u00f5es religiosas para refletir sobre a teologia&#8230;","og_url":"https:\/\/news.ecclesia.org.br\/?p=23870","og_site_name":"ECCLESIA NEWS","article_publisher":"https:\/\/www.facebook.com\/Ecclesia2025","article_published_time":"2017-11-03T12:17:17+00:00","article_modified_time":"2017-11-03T12:21:28+00:00","og_image":[{"width":1600,"height":1063,"url":"https:\/\/news.ecclesia.org.br\/wp-content\/uploads\/2017\/11\/cmi-03112017.jpg","type":"image\/jpeg"}],"author":"Pe. Andr\u00e9","twitter_card":"summary_large_image","twitter_creator":"@EcclesiaNews","twitter_site":"@EcclesiaNews","twitter_misc":{"Escrito por":"Pe. Andr\u00e9","Est. tempo de leitura":"3 minutos"},"schema":{"@context":"https:\/\/schema.org","@graph":[{"@type":"Article","@id":"https:\/\/news.ecclesia.org.br\/?p=23870#article","isPartOf":{"@id":"https:\/\/news.ecclesia.org.br\/?p=23870"},"author":{"name":"Pe. Andr\u00e9","@id":"https:\/\/news.ecclesia.org.br\/#\/schema\/person\/6f09597f025829745ba414a569f63758"},"headline":"Confer\u00eancia do CMI sobre teologia ecol\u00f3gica","datePublished":"2017-11-03T12:17:17+00:00","dateModified":"2017-11-03T12:21:28+00:00","mainEntityOfPage":{"@id":"https:\/\/news.ecclesia.org.br\/?p=23870"},"wordCount":522,"commentCount":0,"publisher":{"@id":"https:\/\/news.ecclesia.org.br\/#organization"},"image":{"@id":"https:\/\/news.ecclesia.org.br\/?p=23870#primaryimage"},"thumbnailUrl":"https:\/\/news.ecclesia.org.br\/wp-content\/uploads\/2017\/11\/cmi-03112017.jpg","articleSection":["NEWS"],"inLanguage":"pt-BR","potentialAction":[{"@type":"CommentAction","name":"Comment","target":["https:\/\/news.ecclesia.org.br\/?p=23870#respond"]}]},{"@type":"WebPage","@id":"https:\/\/news.ecclesia.org.br\/?p=23870","url":"https:\/\/news.ecclesia.org.br\/?p=23870","name":"Confer\u00eancia do CMI sobre teologia ecol\u00f3gica | ECCLESIA NEWS","isPartOf":{"@id":"https:\/\/news.ecclesia.org.br\/#website"},"primaryImageOfPage":{"@id":"https:\/\/news.ecclesia.org.br\/?p=23870#primaryimage"},"image":{"@id":"https:\/\/news.ecclesia.org.br\/?p=23870#primaryimage"},"thumbnailUrl":"https:\/\/news.ecclesia.org.br\/wp-content\/uploads\/2017\/11\/cmi-03112017.jpg","datePublished":"2017-11-03T12:17:17+00:00","dateModified":"2017-11-03T12:21:28+00:00","breadcrumb":{"@id":"https:\/\/news.ecclesia.org.br\/?p=23870#breadcrumb"},"inLanguage":"pt-BR","potentialAction":[{"@type":"ReadAction","target":["https:\/\/news.ecclesia.org.br\/?p=23870"]}]},{"@type":"ImageObject","inLanguage":"pt-BR","@id":"https:\/\/news.ecclesia.org.br\/?p=23870#primaryimage","url":"https:\/\/news.ecclesia.org.br\/wp-content\/uploads\/2017\/11\/cmi-03112017.jpg","contentUrl":"https:\/\/news.ecclesia.org.br\/wp-content\/uploads\/2017\/11\/cmi-03112017.jpg","width":1600,"height":1063,"caption":"Os participantes se reuniram na Academia Ortodoxa de Creta."},{"@type":"BreadcrumbList","@id":"https:\/\/news.ecclesia.org.br\/?p=23870#breadcrumb","itemListElement":[{"@type":"ListItem","position":1,"name":"In\u00edcio","item":"https:\/\/news.ecclesia.org.br\/"},{"@type":"ListItem","position":2,"name":"Confer\u00eancia do CMI sobre teologia ecol\u00f3gica"}]},{"@type":"WebSite","@id":"https:\/\/news.ecclesia.org.br\/#website","url":"https:\/\/news.ecclesia.org.br\/","name":"Ecclesia Brasil","description":"Desde 2003 onectando o Brasil ao mundo ortodoxo!","publisher":{"@id":"https:\/\/news.ecclesia.org.br\/#organization"},"alternateName":"Ecclesia","potentialAction":[{"@type":"SearchAction","target":{"@type":"EntryPoint","urlTemplate":"https:\/\/news.ecclesia.org.br\/?s={search_term_string}"},"query-input":{"@type":"PropertyValueSpecification","valueRequired":true,"valueName":"search_term_string"}}],"inLanguage":"pt-BR"},{"@type":"Organization","@id":"https:\/\/news.ecclesia.org.br\/#organization","name":"Sacra Arquidiocese de Buenos Aires e Am\u00e9rica do Sul | Patriarcado Ecum\u00eanico","alternateName":"News Ecclesia Brasil","url":"https:\/\/news.ecclesia.org.br\/","logo":{"@type":"ImageObject","inLanguage":"pt-BR","@id":"https:\/\/news.ecclesia.org.br\/#\/schema\/logo\/image\/","url":"https:\/\/news.ecclesia.org.br\/wp-content\/uploads\/2025\/05\/ecclesia2.png","contentUrl":"https:\/\/news.ecclesia.org.br\/wp-content\/uploads\/2025\/05\/ecclesia2.png","width":480,"height":120,"caption":"Sacra Arquidiocese de Buenos Aires e Am\u00e9rica do Sul | Patriarcado Ecum\u00eanico"},"image":{"@id":"https:\/\/news.ecclesia.org.br\/#\/schema\/logo\/image\/"},"sameAs":["https:\/\/www.facebook.com\/Ecclesia2025","https:\/\/x.com\/EcclesiaNews","https:\/\/br.pinterest.com\/ekklisia\/","https:\/\/www.youtube.com\/@EcclesiaBrasil"]},{"@type":"Person","@id":"https:\/\/news.ecclesia.org.br\/#\/schema\/person\/6f09597f025829745ba414a569f63758","name":"Pe. Andr\u00e9","image":{"@type":"ImageObject","inLanguage":"pt-BR","@id":"https:\/\/secure.gravatar.com\/avatar\/b4327cfa27e9799da239a26adcd534fc29cdc0c4a4a148eecbcfeb9b42c617ac?s=96&d=mm&r=g","url":"https:\/\/secure.gravatar.com\/avatar\/b4327cfa27e9799da239a26adcd534fc29cdc0c4a4a148eecbcfeb9b42c617ac?s=96&d=mm&r=g","contentUrl":"https:\/\/secure.gravatar.com\/avatar\/b4327cfa27e9799da239a26adcd534fc29cdc0c4a4a148eecbcfeb9b42c617ac?s=96&d=mm&r=g","caption":"Pe. Andr\u00e9"},"sameAs":["https:\/\/www.ecclesia.org.br"]}]}},"_links":{"self":[{"href":"https:\/\/news.ecclesia.org.br\/index.php?rest_route=\/wp\/v2\/posts\/23870","targetHints":{"allow":["GET"]}}],"collection":[{"href":"https:\/\/news.ecclesia.org.br\/index.php?rest_route=\/wp\/v2\/posts"}],"about":[{"href":"https:\/\/news.ecclesia.org.br\/index.php?rest_route=\/wp\/v2\/types\/post"}],"author":[{"embeddable":true,"href":"https:\/\/news.ecclesia.org.br\/index.php?rest_route=\/wp\/v2\/users\/1"}],"replies":[{"embeddable":true,"href":"https:\/\/news.ecclesia.org.br\/index.php?rest_route=%2Fwp%2Fv2%2Fcomments&post=23870"}],"version-history":[{"count":0,"href":"https:\/\/news.ecclesia.org.br\/index.php?rest_route=\/wp\/v2\/posts\/23870\/revisions"}],"wp:featuredmedia":[{"embeddable":true,"href":"https:\/\/news.ecclesia.org.br\/index.php?rest_route=\/wp\/v2\/media\/23871"}],"wp:attachment":[{"href":"https:\/\/news.ecclesia.org.br\/index.php?rest_route=%2Fwp%2Fv2%2Fmedia&parent=23870"}],"wp:term":[{"taxonomy":"category","embeddable":true,"href":"https:\/\/news.ecclesia.org.br\/index.php?rest_route=%2Fwp%2Fv2%2Fcategories&post=23870"},{"taxonomy":"post_tag","embeddable":true,"href":"https:\/\/news.ecclesia.org.br\/index.php?rest_route=%2Fwp%2Fv2%2Ftags&post=23870"}],"curies":[{"name":"wp","href":"https:\/\/api.w.org\/{rel}","templated":true}]}}