{"id":23827,"date":"2017-10-31T13:15:49","date_gmt":"2017-10-31T13:15:49","guid":{"rendered":"https:\/\/news.ecclesia.org.br\/2013\/?p=23827"},"modified":"2021-07-22T19:52:46","modified_gmt":"2021-07-22T22:52:46","slug":"uma-nova-deliberacao-sobre-o-destino-da-terra-patriarca-ecumenico-discursa-na-assembleia-do-circulo-artico-2","status":"publish","type":"post","link":"https:\/\/news.ecclesia.org.br\/?p=23827","title":{"rendered":"&#8220;Uma nova delibera\u00e7\u00e3o sobre o destino da Terra&#8221;. Patriarca Ecum\u00eanico discursa na Assembleia do C\u00edrculo \u00c1rtico"},"content":{"rendered":"<p style=\"text-align: justify;\">Em discurso durante a Assembleia do C\u00edrculo \u00c1rtico, em Reykjav\u00edk, Isl\u00e2ndia, o Patriarca Ecum\u00eanico Sua Santidade, Bartolomeu I, definiu o prop\u00f3sito do evento como \u201cuma nova delibera\u00e7\u00e3o sobre o destino da Terra\u201d.<\/p>\n<p style=\"text-align: justify;\">A reportagem \u00e9 publicada por World Council of Churches, 16-10-2017. A tradu\u00e7\u00e3o \u00e9 de Mois\u00e9s Sbardelotto.<\/p>\n<p style=\"text-align: justify;\">A assembleia, que atraiu mais de 2.000 participantes de 50 pa\u00edses, reuniu l\u00edderes religiosos, cientistas, funcion\u00e1rios governamentais, ativistas e povos ind\u00edgenas entre os dias 13 e 15 de outubro, na maior reuni\u00e3o internacional anual focada no futuro do \u00c1rtico.<\/p>\n<p style=\"text-align: justify;\">Em seu discurso, o Patriarca Ecum\u00eanico lembrou um momento em que as pessoas religiosas eram relativamente indiferentes e, \u00e0s vezes, at\u00e9 mesmo hostis \u00e0 ci\u00eancia. \u201cHoje, no entanto \u2013 afirmou \u2013, j\u00e1 que algumas dessas conex\u00f5es se tornaram mais percept\u00edveis e tang\u00edveis, dificilmente h\u00e1 um l\u00edder religioso no mundo que, de uma forma ou de outra, n\u00e3o est\u00e1 preocupado com os desafios postos pela polui\u00e7\u00e3o e pelas mudan\u00e7as clim\u00e1ticas.\u201d<\/p>\n<p style=\"text-align: justify;\">Cada vez mais pessoas reconhecem que a consci\u00eancia religiosa e a ci\u00eancia ambiental est\u00e3o preocupadas com as quest\u00f5es \u00faltimas \u2013 com a forma como estamos moldando o destino da humanidade, do planeta e de toda a cria\u00e7\u00e3o, refletiu Bartolomeu I.<\/p>\n<p style=\"text-align: justify;\">\u201cPor essa \u00fanica raz\u00e3o, ent\u00e3o, os l\u00edderes espirituais e os ecologistas n\u00e3o podem deixar de dialogar profundamente\u201d, disse. \u201cAs mudan\u00e7as clim\u00e1ticas s\u00e3o uma quest\u00e3o de subsist\u00eancia, de alimenta\u00e7\u00e3o e de sobreviv\u00eancia individual e cultural.\u201d<\/p>\n<p style=\"text-align: justify;\">Para os esquim\u00f3s, as mudan\u00e7as clim\u00e1ticas n\u00e3o s\u00e3o apenas uma teoria, mas sim uma realidade dura e perigosa, disse Bartolomeu I. \u201cAcima e al\u00e9m de tudo, \u00e9 uma quest\u00e3o humana vital\u201d, afirmou. \u201cPara os cientistas, o \u00c1rtico \u00e9 o bar\u00f4metro da sa\u00fade ambiental do globo.\u201d<\/p>\n<p style=\"text-align: justify;\">As falhas ecol\u00f3gicas cometidas em outras regi\u00f5es \u2013 incluindo a contamina\u00e7\u00e3o qu\u00edmica e a radia\u00e7\u00e3o nuclear \u2013 s\u00e3o claramente evidentes no ambiente \u00e1rtico, disse o Patriarca Ecum\u00eanico. \u201cQuando visitamos essa parte intocada do planeta, n\u00e3o podemos esconder os nossos olhos, seja da beleza da cria\u00e7\u00e3o de Deus, seja das mudan\u00e7as que a loucura humana gerou\u201d, disse. \u201cTamb\u00e9m n\u00e3o podemos evitar ponderar as terr\u00edveis consequ\u00eancias para o restante \u2013 e para o futuro \u2013 do mundo se as geleiras continuarem derretendo e se os n\u00edveis do mar continuarem subindo.\u201d<\/p>\n<p style=\"text-align: justify;\">A cria\u00e7\u00e3o \u00e9 uma intrincada rede de vida, concluiu. \u201cSe o ambiente do C\u00edrculo \u00c1rtico est\u00e1 mudando agora em um ritmo assustador, \u00e9 por causa das atividades econ\u00f4micas e das op\u00e7\u00f5es de energia no mundo industrializado no Sul, no Ocidente e no Oriente\u201d, disse ele.<\/p>\n<p style=\"text-align: justify;\">Eis a \u00edntegra da confer\u00eancia de Sua Santidade Bartolomeu, Patriarca Ecum\u00eanico, na Assembleia do C\u00edrculo \u00c1rtico (Reykjav\u00edk, 13 de outubro de 2017, publicada por Conselho Mundial de Igrejas, 16-10-2017. A tradu\u00e7\u00e3o \u00e9 de Lu\u00edsa Flores Somavilla.<\/p>\n<h4 style=\"text-align: justify;\">Eis a confer\u00eancia.<\/h4>\n<blockquote>\n<p style=\"text-align: justify;\"><a href=\"https:\/\/news.ecclesia.org.br\/2013\/wp-content\/uploads\/2017\/10\/ecpatrreykjavik.jpg\"><img fetchpriority=\"high\" decoding=\"async\" class=\"alignleft wp-image-23828 size-medium\" src=\"https:\/\/news.ecclesia.org.br\/2013\/wp-content\/uploads\/2017\/10\/ecpatrreykjavik-225x300.jpg\" alt=\"\" width=\"225\" height=\"300\" srcset=\"https:\/\/news.ecclesia.org.br\/wp-content\/uploads\/2017\/10\/ecpatrreykjavik-225x300.jpg 225w, https:\/\/news.ecclesia.org.br\/wp-content\/uploads\/2017\/10\/ecpatrreykjavik-768x1026.jpg 768w, https:\/\/news.ecclesia.org.br\/wp-content\/uploads\/2017\/10\/ecpatrreykjavik-766x1024.jpg 766w, https:\/\/news.ecclesia.org.br\/wp-content\/uploads\/2017\/10\/ecpatrreykjavik-600x802.jpg 600w, https:\/\/news.ecclesia.org.br\/wp-content\/uploads\/2017\/10\/ecpatrreykjavik-41x55.jpg 41w, https:\/\/news.ecclesia.org.br\/wp-content\/uploads\/2017\/10\/ecpatrreykjavik.jpg 1000w\" sizes=\"(max-width: 225px) 100vw, 225px\" \/><\/a>\u00c9 uma honra falar \u00e0 Assembleia do C\u00edrculo \u00c1rtico (Arctic Circle Assembly) a convite dos organizadores, especialmente do presidente fundador e ex-presidente da Isl\u00e2ndia, Sua Excel\u00eancia \u00d3lafur Ragnar Gr\u00edmsson. Al\u00e9m disso, \u00e9 um privil\u00e9gio estar na presen\u00e7a dos senhores neste importante centro de confer\u00eancias para uma nova delibera\u00e7\u00e3o sobre o destino da Terra. De muitas formas, simb\u00f3licas e substanciais, essa regi\u00e3o do planeta representa e reflete o n\u00facleo da nossa abordagem ao aquecimento global. N\u00e3o apenas porque o perigo de uma cat\u00e1strofe ambiental evit\u00e1vel \u00e9 hoje mais grave e mais real do que nunca, mas tamb\u00e9m porque estamos em uma regi\u00e3o cuja beleza incr\u00edvel, por\u00e9m fr\u00e1gil, \u00e9 ao mesmo tempo uma inspira\u00e7\u00e3o e um aviso a quem se preocupa com o futuro do nosso planeta.<\/p>\n<p style=\"text-align: justify;\">Claro, voc\u00eas podem estar se perguntando por que um l\u00edder da Igreja est\u00e1 palestrando em uma organiza\u00e7\u00e3o secular. H\u00e1 mais de duas d\u00e9cadas, come\u00e7amos a promover simp\u00f3sios sobre Religi\u00e3o, Ci\u00eancia e Meio Ambiente, com uma \u00eanfase especial nas \u00e1guas da Terra. No in\u00edcio dessa tentativa, muitas pessoas ficavam intrigadas com as conex\u00f5es que est\u00e1vamos tentando estabelecer. Na verdade, os religiosos eram relativamente indiferentes e, \u00e0s vezes, at\u00e9 hostis \u00e0 ci\u00eancia; e muitos cientistas e ecologistas viam pouca rela\u00e7\u00e3o entre seus mundos e o mundo da f\u00e9 e da espiritualidade. Hoje, no entanto, como algumas dessas conex\u00f5es se tornaram mais percept\u00edveis e tang\u00edveis, dificilmente h\u00e1 um l\u00edder religioso no mundo que n\u00e3o esteja, de uma forma ou outra, preocupado com os desafios colocados pela polui\u00e7\u00e3o e pelo aquecimento global. Neste momento, cada vez mais pessoas reconhecem que tanto a consci\u00eancia religiosa como a ci\u00eancia ambiental est\u00e3o preocupadas com quest\u00f5es fundamentais &#8211; com a forma como estamos moldando o destino da humanidade, do planeta e de toda a cria\u00e7\u00e3o.<\/p>\n<p style=\"text-align: justify;\">Apenas por essa raz\u00e3o, l\u00edderes espirituais e ecologistas n\u00e3o podem se esquivar de entrar em um di\u00e1logo profundo. Al\u00e9m disso, nem os reverenciados cientistas nem os l\u00edderes religiosos entrariam em um di\u00e1logo desse tipo se consider\u00e1ssemos o futuro do planeta imposs\u00edvel ou irrevers\u00edvel. \u00c9 justamente porque todos n\u00f3s acreditamos na possibilidade de salvar a Terra e de restaurar a alian\u00e7a entre os seres humanos e o Deus criador, em um esp\u00edrito de humildade, arrependimento e gratid\u00e3o. A discuss\u00e3o sobre o aquecimento global tende a se concentrar em quest\u00f5es pol\u00edticas, econ\u00f4micas e t\u00e9cnicas, em vez da influ\u00eancia e do impacto humanos. No entanto, o cuidado com a cria\u00e7\u00e3o \u00e9 uma quest\u00e3o profundamente religiosa, e at\u00e9 mesmo espiritual. Precisamos estar sempre conscientes dos dram\u00e1ticos impactos sociais e culturais que as pessoas enfrentam devido ao aquecimento global, que \u00e9 uma quest\u00e3o de subsist\u00eancia, de alimento e de sobreviv\u00eancia individual e cultural. Na verdade, para os esquim\u00f3s do \u00c1rtico, a mudan\u00e7a clim\u00e1tica n\u00e3o \u00e9 apenas uma teoria; \u00e9 uma realidade brutal e perigosa. \u00c9 &#8211; acima e al\u00e9m de tudo &#8211; um problema humano vital. \u00c9 importante para as pessoas e para todas as criaturas, o que significa que \u00e9 importante para Deus, como seu Criador vivo.<\/p>\n<p style=\"text-align: justify;\">Os cientistas nos dizem que o \u00c1rtico \u00e9 uma imagem vibrante e um espelho v\u00edvido das condi\u00e7\u00f5es do planeta como um todo. Para eles, trata-se do bar\u00f4metro da sa\u00fade ambiental global. As transgress\u00f5es ecol\u00f3gicas cometidas em outras regi\u00f5es &#8211; como a contamina\u00e7\u00e3o qu\u00edmica e a radia\u00e7\u00e3o nuclear &#8211; s\u00e3o claramente evidentes no meio ambiente do \u00c1rtico. Sobretudo, o dr\u00e1stico aumento das temperaturas da Terra tem um efeito palp\u00e1vel na paisagem do \u00c1rtico. No entanto, muitas sociedades industriais e atividades que causam aquecimento global frequentemente cegam-se para as consequ\u00eancias de seu comportamento. Mas aqui, no C\u00edrculo \u00c1rtico, \u00e9 poss\u00edvel ver tudo com muito mais clareza. Ao visitarmos essa parte primitiva do planeta, n\u00e3o podemos esquivar o olhar da beleza da cria\u00e7\u00e3o de Deus nem das mudan\u00e7as geradas pela insensatez humana. Tamb\u00e9m n\u00e3o h\u00e1 como n\u00e3o ponderar sobre as terr\u00edveis consequ\u00eancias para os que ficarem &#8211; e para o futuro &#8211; do mundo, caso as geleiras continuem derretendo e os n\u00edveis do mar, aumentando.<\/p>\n<p style=\"text-align: justify;\">\u00c9 por isso que, durante o nosso Simp\u00f3sio \u00c1rtico, quase dez anos atr\u00e1s, ficamos em sil\u00eancio, orando, perante as geleiras derretidas e a sabedoria dos esquim\u00f3s da vizinha Groenl\u00e2ndia. Depois, juntamente com todos os l\u00edderes religiosos que apresentamos, assinamos o Icefjord Commitment, &#8220;reconhecendo a interdepend\u00eancia de toda vida que, em suas muitas manifesta\u00e7\u00f5es, sustenta esse planeta,e percebendo nossa depend\u00eancia dessa infinidade de rela\u00e7\u00f5es; comprometendo-nos aos mais simples atos de amor, compaix\u00e3o e gratid\u00e3o \u00e0 vasta rede da vida e proclamando a tarefa da nossa gera\u00e7\u00e3o de deixar esta terra sagrada, em toda a sua sabedoria e beleza, para as futuras gera\u00e7\u00f5es&#8221;.<\/p>\n<p style=\"text-align: justify;\">Queridos amigos, a cria\u00e7\u00e3o \u00e9 uma intrincada rede de vida, e as a\u00e7\u00f5es dos seres humanos podem desenvolv\u00ea-la ou destru\u00ed-la. Portanto, o que acontece no extremo norte afetar\u00e1 o que acontece no extremo sul. Se o meio ambiente do C\u00edrculo \u00c1rtico est\u00e1 mudando a um ritmo assustador, \u00e9 por causa de atividades econ\u00f4micas e op\u00e7\u00f5es de energia no mundo industrializado, no sul, leste e oeste. Qualquer altera\u00e7\u00e3o no ambiente do \u00c1rtico tem o potencial de inundar ilhas nos tr\u00f3picos, ou cidades t\u00e3o distantes quanto Manila ou Miami, ao testemunharmos repetidamente as condi\u00e7\u00f5es clim\u00e1ticas implac\u00e1veis do nosso mundo. De maneira simples, nenhum segmento da ra\u00e7a humana &#8211; nenhuma na\u00e7\u00e3o ou governo, nenhuma cultura ou comunidade &#8211; pode se isolar do destino da humanidade e da vida na Terra em geral.<\/p>\n<p style=\"text-align: justify;\">\u00c9 claro que, para mudar o que vemos, devemos mudar a forma como enxergamos. Temos de mudar a forma como percebemos e tratamos o mundo, como usamos nossos conhecimentos e habilidades para sustent\u00e1-lo e aprimor\u00e1-lo. Esta nova intimidade e a interliga\u00e7\u00e3o persistente na rede da cria\u00e7\u00e3o n\u00e3o precisam ser ruins, se aprendermos a discernir o que a Escritura crist\u00e3 chama de &#8220;sinais dos tempos&#8221;. (Ma. 16:3) At\u00e9 certo ponto, somos todos atra\u00eddos por uma experi\u00eancia comum de medo e sofrimento, j\u00e1 que as consequ\u00eancias do aquecimento global s\u00e3o sentidas de diferentes maneiras. Em tempos em que as emerg\u00eancias clim\u00e1ticas de diversos tipos afetam a vida de centenas de milh\u00f5es de pessoas, mais recentemente sob a forma de devastadores furac\u00f5es nos Estados Unidos da Am\u00e9rica, n\u00e3o temos escolha moral sen\u00e3o &#8220;levar as cargas uns dos outros&#8221;, como requer o Novo Testamento (Gal. 6:2). No \u00c1rtico, as geleiras que est\u00e3o derretendo amea\u00e7am estilos de vida tradicionais; na verdade, a vis\u00e3o de mundo dos povos ind\u00edgenas da regi\u00e3o deve nos lembrar da responsabilidade e do respeito que devemos \u00e0 cria\u00e7\u00e3o e, por meio dela, ao nosso Criador.<\/p>\n<p style=\"text-align: justify;\">Ao mesmo tempo, o Oceano \u00c1rtico n\u00e3o apenas se infiltra no Oceano Pac\u00edfico, mas impacta o resto do mundo pelo aquecimento global, o aumento do n\u00edvel do mar e a mudan\u00e7a de padr\u00f5es de vida. J\u00e1 n\u00e3o nos surpreende que, no Sudeste da Europa, exista uma combina\u00e7\u00e3o alarmante de ondas de calor e inunda\u00e7\u00f5es. Na \u00c1frica, a desertifica\u00e7\u00e3o e a falta de \u00e1gua levam a problemas de sa\u00fade intermin\u00e1veis. Na \u00c1sia, h\u00e1 cada vez mais secas e inc\u00eandios. Na Am\u00e9rica do Sul, os inc\u00eandios e o desmatamento est\u00e3o entre os muitos fatores que alteram o clima. E os cientistas nos informam que todos esses fen\u00f4menos est\u00e3o insepar\u00e1vel e imediatamente interligados.<\/p>\n<p style=\"text-align: justify;\">Se ao menos soub\u00e9ssemos aprender as li\u00e7\u00f5es corretas, a rede de conex\u00f5es causais entre eventos extremos em diferentes partes do mundo poderia ter um efeito moderado. Essas liga\u00e7\u00f5es devem trazer a todas as na\u00e7\u00f5es e comunidades sua estreita rela\u00e7\u00e3o com todas as outras. Agora, deve ser mais \u00f3bvio do que nunca que nenhum estado nacional ou grupo \u00e9tnico &#8211; e certamente nenhuma classe econ\u00f4mica &#8211; pode esperar avan\u00e7ar indefinidamente em seus pr\u00f3prios interesses \u00e0 custa do restante da humanidade e dos recursos do planeta. Precisamos de uma lideran\u00e7a do governo; e dependemos da colabora\u00e7\u00e3o interdisciplinar.<\/p>\n<p style=\"text-align: justify;\">Para reafirmar uma verdade simples, que guiou todas as nossas iniciativas ecol\u00f3gicas de prote\u00e7\u00e3o das \u00e1guas da Terra: estamos no mesmo barco!<\/p>\n<p style=\"text-align: justify;\">Como l\u00edderes e membros do C\u00edrculo \u00c1rtico, agradecemos sua sincera dedica\u00e7\u00e3o e grande responsabilidade. Essa responsabilidade \u00e9 mais importante do que em qualquer outro momento hist\u00f3rico. Todos n\u00f3s temos uma oportunidade \u00fanica &#8211; pela primeira vez na hist\u00f3ria &#8211; de mudar e direcionar o curso do nosso futuro e do nosso planeta. Portanto, em nome do Patriarcado Ecum\u00eanico, a quem a hist\u00f3ria concede uma responsabilidade distinta pelo bem-estar de toda a Terra habitada, prometemos que estamos com voc\u00eas em consci\u00eancia e convic\u00e7\u00e3o. Estamos com voc\u00eas em ora\u00e7\u00e3o e persuas\u00e3o. E estamos com voc\u00eas em parceria e solidariedade.<\/p>\n<p style=\"text-align: justify;\">Que Deus aben\u00e7oe a todos.<\/p>\n<\/blockquote>\n<hr>\n<p style=\"text-align: right;\">FONTE: <a href=\"http:\/\/www.ihu.unisinos.br\/\" target=\"_blank\" rel=\"noopener noreferrer\">IHU<\/a><\/p>\n","protected":false},"excerpt":{"rendered":"<p>Em discurso durante a Assembleia do C\u00edrculo \u00c1rtico, em Reykjav\u00edk, Isl\u00e2ndia, o Patriarca Ecum\u00eanico Sua Santidade, Bartolomeu I, definiu o prop\u00f3sito do evento como \u201cuma nova delibera\u00e7\u00e3o sobre o destino da Terra\u201d. A reportagem \u00e9 publicada por World Council of&#8230;<\/p>\n","protected":false},"author":1,"featured_media":0,"comment_status":"open","ping_status":"open","sticky":false,"template":"","format":"standard","meta":{"_acf_changed":false,"footnotes":""},"categories":[1,72],"tags":[],"class_list":["post-23827","post","type-post","status-publish","format-standard","hentry","category-news","category-patriarcado-ecumenico","entry","rows-excerpt"],"acf":[],"yoast_head":"<!-- This site is optimized with the Yoast SEO plugin v27.4 - https:\/\/yoast.com\/product\/yoast-seo-wordpress\/ -->\n<title>&quot;Uma nova delibera\u00e7\u00e3o sobre o destino da Terra&quot;. Patriarca Ecum\u00eanico discursa na Assembleia do C\u00edrculo \u00c1rtico | ECCLESIA NEWS<\/title>\n<meta name=\"robots\" content=\"index, follow, max-snippet:-1, max-image-preview:large, max-video-preview:-1\" \/>\n<link rel=\"canonical\" href=\"https:\/\/news.ecclesia.org.br\/?p=23827\" \/>\n<meta property=\"og:locale\" content=\"pt_BR\" \/>\n<meta property=\"og:type\" content=\"article\" \/>\n<meta property=\"og:title\" content=\"&quot;Uma nova delibera\u00e7\u00e3o sobre o destino da Terra&quot;. Patriarca Ecum\u00eanico discursa na Assembleia do C\u00edrculo \u00c1rtico | ECCLESIA NEWS\" \/>\n<meta property=\"og:description\" content=\"Em discurso durante a Assembleia do C\u00edrculo \u00c1rtico, em Reykjav\u00edk, Isl\u00e2ndia, o Patriarca Ecum\u00eanico Sua Santidade, Bartolomeu I, definiu o prop\u00f3sito do evento como \u201cuma nova delibera\u00e7\u00e3o sobre o destino da Terra\u201d. A reportagem \u00e9 publicada por World Council of&#8230;\" \/>\n<meta property=\"og:url\" content=\"https:\/\/news.ecclesia.org.br\/?p=23827\" \/>\n<meta property=\"og:site_name\" content=\"ECCLESIA NEWS\" \/>\n<meta property=\"article:publisher\" content=\"https:\/\/www.facebook.com\/Ecclesia2025\" \/>\n<meta property=\"article:published_time\" content=\"2017-10-31T13:15:49+00:00\" \/>\n<meta property=\"article:modified_time\" content=\"2021-07-22T22:52:46+00:00\" \/>\n<meta property=\"og:image\" content=\"https:\/\/news.ecclesia.org.br\/2013\/wp-content\/uploads\/2017\/10\/ecpatrreykjavik-225x300.jpg\" \/>\n<meta name=\"author\" content=\"Pe. Andr\u00e9\" \/>\n<meta name=\"twitter:card\" content=\"summary_large_image\" \/>\n<meta name=\"twitter:creator\" content=\"@EcclesiaNews\" \/>\n<meta name=\"twitter:site\" content=\"@EcclesiaNews\" \/>\n<meta name=\"twitter:label1\" content=\"Escrito por\" \/>\n\t<meta name=\"twitter:data1\" content=\"Pe. Andr\u00e9\" \/>\n\t<meta name=\"twitter:label2\" content=\"Est. tempo de leitura\" \/>\n\t<meta name=\"twitter:data2\" content=\"10 minutos\" \/>\n<script type=\"application\/ld+json\" class=\"yoast-schema-graph\">{\"@context\":\"https:\\\/\\\/schema.org\",\"@graph\":[{\"@type\":\"Article\",\"@id\":\"https:\\\/\\\/news.ecclesia.org.br\\\/?p=23827#article\",\"isPartOf\":{\"@id\":\"https:\\\/\\\/news.ecclesia.org.br\\\/?p=23827\"},\"author\":{\"name\":\"Pe. Andr\u00e9\",\"@id\":\"https:\\\/\\\/news.ecclesia.org.br\\\/#\\\/schema\\\/person\\\/6f09597f025829745ba414a569f63758\"},\"headline\":\"&#8220;Uma nova delibera\u00e7\u00e3o sobre o destino da Terra&#8221;. Patriarca Ecum\u00eanico discursa na Assembleia do C\u00edrculo \u00c1rtico\",\"datePublished\":\"2017-10-31T13:15:49+00:00\",\"dateModified\":\"2021-07-22T22:52:46+00:00\",\"mainEntityOfPage\":{\"@id\":\"https:\\\/\\\/news.ecclesia.org.br\\\/?p=23827\"},\"wordCount\":2097,\"commentCount\":0,\"publisher\":{\"@id\":\"https:\\\/\\\/news.ecclesia.org.br\\\/#organization\"},\"image\":{\"@id\":\"https:\\\/\\\/news.ecclesia.org.br\\\/?p=23827#primaryimage\"},\"thumbnailUrl\":\"https:\\\/\\\/news.ecclesia.org.br\\\/2013\\\/wp-content\\\/uploads\\\/2017\\\/10\\\/ecpatrreykjavik-225x300.jpg\",\"articleSection\":[\"NEWS\",\"Patriarcado Ecum\u00eanico\"],\"inLanguage\":\"pt-BR\",\"potentialAction\":[{\"@type\":\"CommentAction\",\"name\":\"Comment\",\"target\":[\"https:\\\/\\\/news.ecclesia.org.br\\\/?p=23827#respond\"]}]},{\"@type\":\"WebPage\",\"@id\":\"https:\\\/\\\/news.ecclesia.org.br\\\/?p=23827\",\"url\":\"https:\\\/\\\/news.ecclesia.org.br\\\/?p=23827\",\"name\":\"\\\"Uma nova delibera\u00e7\u00e3o sobre o destino da Terra\\\". Patriarca Ecum\u00eanico discursa na Assembleia do C\u00edrculo \u00c1rtico | ECCLESIA NEWS\",\"isPartOf\":{\"@id\":\"https:\\\/\\\/news.ecclesia.org.br\\\/#website\"},\"primaryImageOfPage\":{\"@id\":\"https:\\\/\\\/news.ecclesia.org.br\\\/?p=23827#primaryimage\"},\"image\":{\"@id\":\"https:\\\/\\\/news.ecclesia.org.br\\\/?p=23827#primaryimage\"},\"thumbnailUrl\":\"https:\\\/\\\/news.ecclesia.org.br\\\/2013\\\/wp-content\\\/uploads\\\/2017\\\/10\\\/ecpatrreykjavik-225x300.jpg\",\"datePublished\":\"2017-10-31T13:15:49+00:00\",\"dateModified\":\"2021-07-22T22:52:46+00:00\",\"breadcrumb\":{\"@id\":\"https:\\\/\\\/news.ecclesia.org.br\\\/?p=23827#breadcrumb\"},\"inLanguage\":\"pt-BR\",\"potentialAction\":[{\"@type\":\"ReadAction\",\"target\":[\"https:\\\/\\\/news.ecclesia.org.br\\\/?p=23827\"]}]},{\"@type\":\"ImageObject\",\"inLanguage\":\"pt-BR\",\"@id\":\"https:\\\/\\\/news.ecclesia.org.br\\\/?p=23827#primaryimage\",\"url\":\"https:\\\/\\\/news.ecclesia.org.br\\\/2013\\\/wp-content\\\/uploads\\\/2017\\\/10\\\/ecpatrreykjavik-225x300.jpg\",\"contentUrl\":\"https:\\\/\\\/news.ecclesia.org.br\\\/2013\\\/wp-content\\\/uploads\\\/2017\\\/10\\\/ecpatrreykjavik-225x300.jpg\"},{\"@type\":\"BreadcrumbList\",\"@id\":\"https:\\\/\\\/news.ecclesia.org.br\\\/?p=23827#breadcrumb\",\"itemListElement\":[{\"@type\":\"ListItem\",\"position\":1,\"name\":\"In\u00edcio\",\"item\":\"https:\\\/\\\/news.ecclesia.org.br\\\/\"},{\"@type\":\"ListItem\",\"position\":2,\"name\":\"&#8220;Uma nova delibera\u00e7\u00e3o sobre o destino da Terra&#8221;. Patriarca Ecum\u00eanico discursa na Assembleia do C\u00edrculo \u00c1rtico\"}]},{\"@type\":\"WebSite\",\"@id\":\"https:\\\/\\\/news.ecclesia.org.br\\\/#website\",\"url\":\"https:\\\/\\\/news.ecclesia.org.br\\\/\",\"name\":\"Ecclesia Brasil\",\"description\":\"Desde 2003 onectando o Brasil ao mundo ortodoxo!\",\"publisher\":{\"@id\":\"https:\\\/\\\/news.ecclesia.org.br\\\/#organization\"},\"alternateName\":\"Ecclesia\",\"potentialAction\":[{\"@type\":\"SearchAction\",\"target\":{\"@type\":\"EntryPoint\",\"urlTemplate\":\"https:\\\/\\\/news.ecclesia.org.br\\\/?s={search_term_string}\"},\"query-input\":{\"@type\":\"PropertyValueSpecification\",\"valueRequired\":true,\"valueName\":\"search_term_string\"}}],\"inLanguage\":\"pt-BR\"},{\"@type\":\"Organization\",\"@id\":\"https:\\\/\\\/news.ecclesia.org.br\\\/#organization\",\"name\":\"Sacra Arquidiocese de Buenos Aires e Am\u00e9rica do Sul | Patriarcado Ecum\u00eanico\",\"alternateName\":\"News Ecclesia Brasil\",\"url\":\"https:\\\/\\\/news.ecclesia.org.br\\\/\",\"logo\":{\"@type\":\"ImageObject\",\"inLanguage\":\"pt-BR\",\"@id\":\"https:\\\/\\\/news.ecclesia.org.br\\\/#\\\/schema\\\/logo\\\/image\\\/\",\"url\":\"https:\\\/\\\/news.ecclesia.org.br\\\/wp-content\\\/uploads\\\/2025\\\/05\\\/ecclesia2.png\",\"contentUrl\":\"https:\\\/\\\/news.ecclesia.org.br\\\/wp-content\\\/uploads\\\/2025\\\/05\\\/ecclesia2.png\",\"width\":480,\"height\":120,\"caption\":\"Sacra Arquidiocese de Buenos Aires e Am\u00e9rica do Sul | Patriarcado Ecum\u00eanico\"},\"image\":{\"@id\":\"https:\\\/\\\/news.ecclesia.org.br\\\/#\\\/schema\\\/logo\\\/image\\\/\"},\"sameAs\":[\"https:\\\/\\\/www.facebook.com\\\/Ecclesia2025\",\"https:\\\/\\\/x.com\\\/EcclesiaNews\",\"https:\\\/\\\/br.pinterest.com\\\/ekklisia\\\/\",\"https:\\\/\\\/www.youtube.com\\\/@EcclesiaBrasil\"]},{\"@type\":\"Person\",\"@id\":\"https:\\\/\\\/news.ecclesia.org.br\\\/#\\\/schema\\\/person\\\/6f09597f025829745ba414a569f63758\",\"name\":\"Pe. Andr\u00e9\",\"image\":{\"@type\":\"ImageObject\",\"inLanguage\":\"pt-BR\",\"@id\":\"https:\\\/\\\/secure.gravatar.com\\\/avatar\\\/b4327cfa27e9799da239a26adcd534fc29cdc0c4a4a148eecbcfeb9b42c617ac?s=96&d=mm&r=g\",\"url\":\"https:\\\/\\\/secure.gravatar.com\\\/avatar\\\/b4327cfa27e9799da239a26adcd534fc29cdc0c4a4a148eecbcfeb9b42c617ac?s=96&d=mm&r=g\",\"contentUrl\":\"https:\\\/\\\/secure.gravatar.com\\\/avatar\\\/b4327cfa27e9799da239a26adcd534fc29cdc0c4a4a148eecbcfeb9b42c617ac?s=96&d=mm&r=g\",\"caption\":\"Pe. Andr\u00e9\"},\"sameAs\":[\"https:\\\/\\\/www.ecclesia.org.br\"]}]}<\/script>\n<!-- \/ Yoast SEO plugin. -->","yoast_head_json":{"title":"\"Uma nova delibera\u00e7\u00e3o sobre o destino da Terra\". Patriarca Ecum\u00eanico discursa na Assembleia do C\u00edrculo \u00c1rtico | ECCLESIA NEWS","robots":{"index":"index","follow":"follow","max-snippet":"max-snippet:-1","max-image-preview":"max-image-preview:large","max-video-preview":"max-video-preview:-1"},"canonical":"https:\/\/news.ecclesia.org.br\/?p=23827","og_locale":"pt_BR","og_type":"article","og_title":"\"Uma nova delibera\u00e7\u00e3o sobre o destino da Terra\". Patriarca Ecum\u00eanico discursa na Assembleia do C\u00edrculo \u00c1rtico | ECCLESIA NEWS","og_description":"Em discurso durante a Assembleia do C\u00edrculo \u00c1rtico, em Reykjav\u00edk, Isl\u00e2ndia, o Patriarca Ecum\u00eanico Sua Santidade, Bartolomeu I, definiu o prop\u00f3sito do evento como \u201cuma nova delibera\u00e7\u00e3o sobre o destino da Terra\u201d. A reportagem \u00e9 publicada por World Council of&#8230;","og_url":"https:\/\/news.ecclesia.org.br\/?p=23827","og_site_name":"ECCLESIA NEWS","article_publisher":"https:\/\/www.facebook.com\/Ecclesia2025","article_published_time":"2017-10-31T13:15:49+00:00","article_modified_time":"2021-07-22T22:52:46+00:00","og_image":[{"url":"https:\/\/news.ecclesia.org.br\/2013\/wp-content\/uploads\/2017\/10\/ecpatrreykjavik-225x300.jpg","type":"","width":"","height":""}],"author":"Pe. Andr\u00e9","twitter_card":"summary_large_image","twitter_creator":"@EcclesiaNews","twitter_site":"@EcclesiaNews","twitter_misc":{"Escrito por":"Pe. Andr\u00e9","Est. tempo de leitura":"10 minutos"},"schema":{"@context":"https:\/\/schema.org","@graph":[{"@type":"Article","@id":"https:\/\/news.ecclesia.org.br\/?p=23827#article","isPartOf":{"@id":"https:\/\/news.ecclesia.org.br\/?p=23827"},"author":{"name":"Pe. Andr\u00e9","@id":"https:\/\/news.ecclesia.org.br\/#\/schema\/person\/6f09597f025829745ba414a569f63758"},"headline":"&#8220;Uma nova delibera\u00e7\u00e3o sobre o destino da Terra&#8221;. Patriarca Ecum\u00eanico discursa na Assembleia do C\u00edrculo \u00c1rtico","datePublished":"2017-10-31T13:15:49+00:00","dateModified":"2021-07-22T22:52:46+00:00","mainEntityOfPage":{"@id":"https:\/\/news.ecclesia.org.br\/?p=23827"},"wordCount":2097,"commentCount":0,"publisher":{"@id":"https:\/\/news.ecclesia.org.br\/#organization"},"image":{"@id":"https:\/\/news.ecclesia.org.br\/?p=23827#primaryimage"},"thumbnailUrl":"https:\/\/news.ecclesia.org.br\/2013\/wp-content\/uploads\/2017\/10\/ecpatrreykjavik-225x300.jpg","articleSection":["NEWS","Patriarcado Ecum\u00eanico"],"inLanguage":"pt-BR","potentialAction":[{"@type":"CommentAction","name":"Comment","target":["https:\/\/news.ecclesia.org.br\/?p=23827#respond"]}]},{"@type":"WebPage","@id":"https:\/\/news.ecclesia.org.br\/?p=23827","url":"https:\/\/news.ecclesia.org.br\/?p=23827","name":"\"Uma nova delibera\u00e7\u00e3o sobre o destino da Terra\". Patriarca Ecum\u00eanico discursa na Assembleia do C\u00edrculo \u00c1rtico | ECCLESIA NEWS","isPartOf":{"@id":"https:\/\/news.ecclesia.org.br\/#website"},"primaryImageOfPage":{"@id":"https:\/\/news.ecclesia.org.br\/?p=23827#primaryimage"},"image":{"@id":"https:\/\/news.ecclesia.org.br\/?p=23827#primaryimage"},"thumbnailUrl":"https:\/\/news.ecclesia.org.br\/2013\/wp-content\/uploads\/2017\/10\/ecpatrreykjavik-225x300.jpg","datePublished":"2017-10-31T13:15:49+00:00","dateModified":"2021-07-22T22:52:46+00:00","breadcrumb":{"@id":"https:\/\/news.ecclesia.org.br\/?p=23827#breadcrumb"},"inLanguage":"pt-BR","potentialAction":[{"@type":"ReadAction","target":["https:\/\/news.ecclesia.org.br\/?p=23827"]}]},{"@type":"ImageObject","inLanguage":"pt-BR","@id":"https:\/\/news.ecclesia.org.br\/?p=23827#primaryimage","url":"https:\/\/news.ecclesia.org.br\/2013\/wp-content\/uploads\/2017\/10\/ecpatrreykjavik-225x300.jpg","contentUrl":"https:\/\/news.ecclesia.org.br\/2013\/wp-content\/uploads\/2017\/10\/ecpatrreykjavik-225x300.jpg"},{"@type":"BreadcrumbList","@id":"https:\/\/news.ecclesia.org.br\/?p=23827#breadcrumb","itemListElement":[{"@type":"ListItem","position":1,"name":"In\u00edcio","item":"https:\/\/news.ecclesia.org.br\/"},{"@type":"ListItem","position":2,"name":"&#8220;Uma nova delibera\u00e7\u00e3o sobre o destino da Terra&#8221;. Patriarca Ecum\u00eanico discursa na Assembleia do C\u00edrculo \u00c1rtico"}]},{"@type":"WebSite","@id":"https:\/\/news.ecclesia.org.br\/#website","url":"https:\/\/news.ecclesia.org.br\/","name":"Ecclesia Brasil","description":"Desde 2003 onectando o Brasil ao mundo ortodoxo!","publisher":{"@id":"https:\/\/news.ecclesia.org.br\/#organization"},"alternateName":"Ecclesia","potentialAction":[{"@type":"SearchAction","target":{"@type":"EntryPoint","urlTemplate":"https:\/\/news.ecclesia.org.br\/?s={search_term_string}"},"query-input":{"@type":"PropertyValueSpecification","valueRequired":true,"valueName":"search_term_string"}}],"inLanguage":"pt-BR"},{"@type":"Organization","@id":"https:\/\/news.ecclesia.org.br\/#organization","name":"Sacra Arquidiocese de Buenos Aires e Am\u00e9rica do Sul | Patriarcado Ecum\u00eanico","alternateName":"News Ecclesia Brasil","url":"https:\/\/news.ecclesia.org.br\/","logo":{"@type":"ImageObject","inLanguage":"pt-BR","@id":"https:\/\/news.ecclesia.org.br\/#\/schema\/logo\/image\/","url":"https:\/\/news.ecclesia.org.br\/wp-content\/uploads\/2025\/05\/ecclesia2.png","contentUrl":"https:\/\/news.ecclesia.org.br\/wp-content\/uploads\/2025\/05\/ecclesia2.png","width":480,"height":120,"caption":"Sacra Arquidiocese de Buenos Aires e Am\u00e9rica do Sul | Patriarcado Ecum\u00eanico"},"image":{"@id":"https:\/\/news.ecclesia.org.br\/#\/schema\/logo\/image\/"},"sameAs":["https:\/\/www.facebook.com\/Ecclesia2025","https:\/\/x.com\/EcclesiaNews","https:\/\/br.pinterest.com\/ekklisia\/","https:\/\/www.youtube.com\/@EcclesiaBrasil"]},{"@type":"Person","@id":"https:\/\/news.ecclesia.org.br\/#\/schema\/person\/6f09597f025829745ba414a569f63758","name":"Pe. Andr\u00e9","image":{"@type":"ImageObject","inLanguage":"pt-BR","@id":"https:\/\/secure.gravatar.com\/avatar\/b4327cfa27e9799da239a26adcd534fc29cdc0c4a4a148eecbcfeb9b42c617ac?s=96&d=mm&r=g","url":"https:\/\/secure.gravatar.com\/avatar\/b4327cfa27e9799da239a26adcd534fc29cdc0c4a4a148eecbcfeb9b42c617ac?s=96&d=mm&r=g","contentUrl":"https:\/\/secure.gravatar.com\/avatar\/b4327cfa27e9799da239a26adcd534fc29cdc0c4a4a148eecbcfeb9b42c617ac?s=96&d=mm&r=g","caption":"Pe. Andr\u00e9"},"sameAs":["https:\/\/www.ecclesia.org.br"]}]}},"_links":{"self":[{"href":"https:\/\/news.ecclesia.org.br\/index.php?rest_route=\/wp\/v2\/posts\/23827","targetHints":{"allow":["GET"]}}],"collection":[{"href":"https:\/\/news.ecclesia.org.br\/index.php?rest_route=\/wp\/v2\/posts"}],"about":[{"href":"https:\/\/news.ecclesia.org.br\/index.php?rest_route=\/wp\/v2\/types\/post"}],"author":[{"embeddable":true,"href":"https:\/\/news.ecclesia.org.br\/index.php?rest_route=\/wp\/v2\/users\/1"}],"replies":[{"embeddable":true,"href":"https:\/\/news.ecclesia.org.br\/index.php?rest_route=%2Fwp%2Fv2%2Fcomments&post=23827"}],"version-history":[{"count":1,"href":"https:\/\/news.ecclesia.org.br\/index.php?rest_route=\/wp\/v2\/posts\/23827\/revisions"}],"predecessor-version":[{"id":33960,"href":"https:\/\/news.ecclesia.org.br\/index.php?rest_route=\/wp\/v2\/posts\/23827\/revisions\/33960"}],"wp:attachment":[{"href":"https:\/\/news.ecclesia.org.br\/index.php?rest_route=%2Fwp%2Fv2%2Fmedia&parent=23827"}],"wp:term":[{"taxonomy":"category","embeddable":true,"href":"https:\/\/news.ecclesia.org.br\/index.php?rest_route=%2Fwp%2Fv2%2Fcategories&post=23827"},{"taxonomy":"post_tag","embeddable":true,"href":"https:\/\/news.ecclesia.org.br\/index.php?rest_route=%2Fwp%2Fv2%2Ftags&post=23827"}],"curies":[{"name":"wp","href":"https:\/\/api.w.org\/{rel}","templated":true}]}}