{"id":23807,"date":"2017-10-24T17:05:46","date_gmt":"2017-10-24T17:05:46","guid":{"rendered":"https:\/\/news.ecclesia.org.br\/2013\/?p=23807"},"modified":"2017-10-24T23:14:11","modified_gmt":"2017-10-24T23:14:11","slug":"francisco-um-pontificado-radical-entrevista-com-o-patriarca-bartolomeu","status":"publish","type":"post","link":"https:\/\/news.ecclesia.org.br\/?p=23807","title":{"rendered":"Francisco, um pontificado &#8220;radical&#8221;. Entrevista com o Patriarca Bartolomeu"},"content":{"rendered":"<p style=\"text-align: justify;\"><a href=\"https:\/\/news.ecclesia.org.br\/2013\/wp-content\/uploads\/2014\/11\/bartolomeu-francisco-1.jpg\"><img fetchpriority=\"high\" decoding=\"async\" class=\"aligncenter wp-image-7417 size-full\" src=\"https:\/\/news.ecclesia.org.br\/2013\/wp-content\/uploads\/2014\/11\/bartolomeu-francisco-1.jpg\" alt=\"\" width=\"1202\" height=\"800\" srcset=\"https:\/\/news.ecclesia.org.br\/wp-content\/uploads\/2014\/11\/bartolomeu-francisco-1.jpg 1202w, https:\/\/news.ecclesia.org.br\/wp-content\/uploads\/2014\/11\/bartolomeu-francisco-1-300x200.jpg 300w, https:\/\/news.ecclesia.org.br\/wp-content\/uploads\/2014\/11\/bartolomeu-francisco-1-768x511.jpg 768w, https:\/\/news.ecclesia.org.br\/wp-content\/uploads\/2014\/11\/bartolomeu-francisco-1-1024x682.jpg 1024w, https:\/\/news.ecclesia.org.br\/wp-content\/uploads\/2014\/11\/bartolomeu-francisco-1-83x55.jpg 83w, https:\/\/news.ecclesia.org.br\/wp-content\/uploads\/2014\/11\/bartolomeu-francisco-1-60x40.jpg 60w, https:\/\/news.ecclesia.org.br\/wp-content\/uploads\/2014\/11\/bartolomeu-francisco-1-120x80.jpg 120w\" sizes=\"(max-width: 1202px) 100vw, 1202px\" \/><\/a><\/p>\n<p style=\"text-align: justify;\">No novo livro <em>Ho incontrato Francesco<\/em> [Encontrei Francisco], as vaticanistas Alessandra Buzzetti e Cristiana Caricato entrevistam v\u00e1rias personalidades que narram o pont\u00edfice argentino. O s\u00edtio Vatican Insider, 20-10-2017, publicou um trecho do di\u00e1logo com o Patriarca Ecum\u00eanico de Constantinopla, Bartolomeu. A tradu\u00e7\u00e3o \u00e9 de Mois\u00e9s Sbardelotto (publicada no site da <a href=\"http:\/\/www.ihu.unisinos.br\/572901-francisco-um-pontificado-radical-entrevista-com-o-patriarca-bartolomeu\" target=\"_blank\" rel=\"noopener\">IHU<\/a>).<\/p>\n<hr \/>\n<h4 style=\"text-align: justify;\">Como o senhor viveu a elei\u00e7\u00e3o do Papa Francisco?<\/h4>\n<p style=\"text-align: justify;\">Assim que soube da not\u00edcia, me convenci de que eu deveria participar da missa inaugural do seu pontificado. Pareceu-me evidente que n\u00e3o se tratava simplesmente de uma grande cerim\u00f4nia em S\u00e3o Pedro, mas que o primeiro ato lit\u00fargico do papa anunciava uma intimidade de rela\u00e7\u00f5es entre as nossas Igrejas irm\u00e3s: a Igreja Cat\u00f3lica e a Igreja Ortodoxa. Por isso, fiquei profundamente tocado pelo fato de receber o convite para participar da celebra\u00e7\u00e3o para trocarmos o tradicional beijo da paz.<\/p>\n<h4 style=\"text-align: justify;\">O senhor declarou que sentiu \u201cuma \u00edntima confian\u00e7a\u201d com Francisco desde o momento da sua elei\u00e7\u00e3o.<\/h4>\n<p style=\"text-align: justify;\">Sempre ficou claro para mim que compartilhamos preocupa\u00e7\u00f5es e prioridades com o nosso irm\u00e3o, o Papa Francisco. Ambos buscamos o caminho rumo \u00e0 unidade entre os disc\u00edpulos de Cristo em resposta \u00e0 ora\u00e7\u00e3o de Cristo mesmo, de que os seus disc\u00edpulos \u201csejam um s\u00f3\u201d (Jo 17, 21). Ambos estamos preocupados com as consequ\u00eancias da injusti\u00e7a social, cada vez mais generalizada, porque cada vez mais \u00e9 ignorado o mandamento social do Evangelho. Juntos, insistimos na gravidade do pecado de poluir e destruir o ambiente, dom sagrado e precioso de Deus \u00e0 humanidade.<\/p>\n<h4 style=\"text-align: justify;\">Depois da sua participa\u00e7\u00e3o na missa de in\u00edcio do pontificado, a sua rela\u00e7\u00e3o com o Papa Francisco assumiu caracter\u00edsticas menos formais, com diversos encontros, por exemplo, na resid\u00eancia Santa Marta, no Vaticano.<\/h4>\n<p style=\"text-align: justify;\">A nossa rela\u00e7\u00e3o n\u00e3o pode deixar de incluir as fronteiras can\u00f4nicas e teol\u00f3gicas entre as nossas Igrejas, marcadas e modeladas por um mil\u00eanio inteiro de divis\u00e3o. No entanto, a minha rela\u00e7\u00e3o com o Papa Francisco tamb\u00e9m \u00e9 caracterizada por uma dimens\u00e3o pessoal, que teve um papel vital no caminho da reconcilia\u00e7\u00e3o entre as nossas Igrejas. Encontramo-nos oficialmente em diversas circunst\u00e2ncias, por exemplo, em Jerusal\u00e9m e em Istambul, mas tamb\u00e9m de modo menos oficial em muitas outras ocasi\u00f5es, na resid\u00eancia Santa Marta e em Assis. Publicamos diversas declara\u00e7\u00f5es conjuntas sobre v\u00e1rios temas, como a salvaguarda da cria\u00e7\u00e3o, e tamb\u00e9m fizemos juntos gestos concretos de solidariedade para com os pobres e os oprimidos, como, por exemplo, em rela\u00e7\u00e3o aos refugiados na ilha grega de Lesbos ou aos crist\u00e3os perseguidos no Oriente M\u00e9dio.<\/p>\n<h4 style=\"text-align: justify;\">O senhor concorda com a defini\u00e7\u00e3o de pontificado de Francisco como \u201crevolucion\u00e1rio\u201d?<\/h4>\n<p style=\"text-align: justify;\">O mundo secular gosta de falar de \u201crevolu\u00e7\u00e3o\u201d, mas n\u00f3s preferimos usar a palavra \u201cradical\u201d, porque o seu significado etimol\u00f3gico remete ao retorno \u00e0s ra\u00edzes ou \u00e0 ess\u00eancia do Evangelho. N\u00e3o h\u00e1 nada mais radical do que um Deus que cria o mundo por amor; n\u00e3o h\u00e1 nada mais radical do que um Deus que se fez carne; n\u00e3o h\u00e1 nada mais radical do que um Deus que se identifica com os mais vulner\u00e1veis; n\u00e3o h\u00e1 nada mais radical do que um Deus que julga o ser humano se este d\u00e1 \u00e1gua aos sedentos e comida aos famintos. Todo crist\u00e3o e, portanto, todo ministro ordenado s\u00e3o chamados a lembrar e a p\u00f4r em pr\u00e1tica essas verdades radicais. O Papa Francisco nos recorda isso. Nesse sentido, certamente podemos defini-lo como \u201cradical\u201d.<\/p>\n<h4 style=\"text-align: justify;\">Em novembro de 2014, a visita de Francisco a Istambul. A imagem destinada a entrar para a hist\u00f3ria \u00e9 a do papa que se inclina para ser aben\u00e7oado pelo senhor. Esperava isso? Qual foi o significado profundo desse gesto?<\/h4>\n<p><a href=\"https:\/\/news.ecclesia.org.br\/2013\/wp-content\/uploads\/2017\/10\/bartolomeu-francisco.jpg\"><img decoding=\"async\" class=\"aligncenter wp-image-23809 size-full\" src=\"https:\/\/news.ecclesia.org.br\/2013\/wp-content\/uploads\/2017\/10\/bartolomeu-francisco.jpg\" alt=\"O mundo secular gosta de falar de \u201crevolu\u00e7\u00e3o\u201d, mas n\u00f3s preferimos usar a palavra \u201cradical\u201d, porque o seu significado etimol\u00f3gico remete ao retorno \u00e0s ra\u00edzes ou \u00e0 ess\u00eancia do Evangelho. N\u00e3o h\u00e1 nada mais radical do que um Deus que cria o mundo por amor; n\u00e3o h\u00e1 nada mais radical do que um Deus que se fez carne; n\u00e3o h\u00e1 nada mais radical do que um Deus que se identifica com os mais vulner\u00e1veis; n\u00e3o h\u00e1 nada mais radical do que um Deus que julga o ser humano se este d\u00e1 \u00e1gua aos sedentos e comida aos famintos. Todo crist\u00e3o e, portanto, todo ministro ordenado s\u00e3o chamados a lembrar e a p\u00f4r em pr\u00e1tica essas verdades radicais. O Papa Francisco nos recorda isso. Nesse sentido, certamente podemos defini-lo como \u201cradical\u201d.\" width=\"2000\" height=\"1000\" srcset=\"https:\/\/news.ecclesia.org.br\/wp-content\/uploads\/2017\/10\/bartolomeu-francisco.jpg 2000w, https:\/\/news.ecclesia.org.br\/wp-content\/uploads\/2017\/10\/bartolomeu-francisco-300x150.jpg 300w, https:\/\/news.ecclesia.org.br\/wp-content\/uploads\/2017\/10\/bartolomeu-francisco-768x384.jpg 768w, https:\/\/news.ecclesia.org.br\/wp-content\/uploads\/2017\/10\/bartolomeu-francisco-1024x512.jpg 1024w, https:\/\/news.ecclesia.org.br\/wp-content\/uploads\/2017\/10\/bartolomeu-francisco-600x300.jpg 600w, https:\/\/news.ecclesia.org.br\/wp-content\/uploads\/2017\/10\/bartolomeu-francisco-110x55.jpg 110w\" sizes=\"(max-width: 2000px) 100vw, 2000px\" \/><\/a><\/p>\n<p style=\"text-align: justify;\">N\u00e3o escondemos que ficamos surpresos quando o Papa Francisco inclinou a cabe\u00e7a diante de n\u00f3s durante as V\u00e9speras na vig\u00edlia da festa do padroeiro Santo Andr\u00e9, no dia 29 de novembro de 2014, no Fanar. O poder da humildade \u00e9 sempre surpreendente. A nossa resposta de b\u00ean\u00e7\u00e3o foi um ato espont\u00e2neo de boa vontade e de benevol\u00eancia, a \u00fanica resposta adequada ao amor genu\u00edno. \u00c9 importante recordar que \u201caben\u00e7oar\u201d (em grego: eulogia) implica o \u201cfalar bem\u201d dos outros. Durante s\u00e9culos, as nossas duas Igrejas irm\u00e3s foram marcadas por hostilidades e por maus sentimentos rec\u00edprocos. A b\u00ean\u00e7\u00e3o \u00e9 o exato oposto da maldi\u00e7\u00e3o. A nossa resposta ao benevolente gesto do papa, portanto, foi uma b\u00ean\u00e7\u00e3o espont\u00e2nea.<\/p>\n<h4 style=\"text-align: justify;\">O livro<\/h4>\n<p style=\"text-align: justify;\">Alessandra Buzzetti, Cristiana Caricato. <em>\u201cHo incontrato Francesco\u201d.<\/em> Papa Bergoglio raccontato dai protagonisti del nostro tempo (Edizioni Paoline, 200 p\u00e1ginas). Entre os entrevistados: John Kerry, ex-secret\u00e1rio de Estado estadunidense; Abu Mazen, presidente do Estado da Palestina; Bartolomeu I, patriarca de Constantinopla; Ruth Dureghello, presidente da comunidade judaica de Roma; Carlo Petrini, fundador do Slow Food; Javier Zanetti, vice-presidente da Inter de Mil\u00e3o.<\/p>\n<hr \/>\n<p style=\"text-align: right;\">FONTE: <a href=\"http:\/\/www.ihu.unisinos.br\/572901-francisco-um-pontificado-radical-entrevista-com-o-patriarca-bartolomeu\" target=\"_blank\" rel=\"noopener\">IHU<\/a><\/p>\n","protected":false},"excerpt":{"rendered":"<p>No novo livro Ho incontrato Francesco [Encontrei Francisco], as vaticanistas Alessandra Buzzetti e Cristiana Caricato entrevistam v\u00e1rias personalidades que narram o pont\u00edfice argentino. O s\u00edtio Vatican Insider, 20-10-2017, publicou um trecho do di\u00e1logo com o Patriarca Ecum\u00eanico de Constantinopla, Bartolomeu.&#8230;<\/p>\n","protected":false},"author":1,"featured_media":7417,"comment_status":"open","ping_status":"open","sticky":false,"template":"","format":"standard","meta":{"_acf_changed":false,"footnotes":""},"categories":[40,72],"tags":[],"class_list":["post-23807","post","type-post","status-publish","format-standard","has-post-thumbnail","hentry","category-arquidiocese-de-buenos-aires-e-america-do-sul","category-patriarcado-ecumenico","entry","rows-excerpt"],"acf":[],"yoast_head":"<!-- This site is optimized with the Yoast SEO plugin v27.4 - https:\/\/yoast.com\/product\/yoast-seo-wordpress\/ -->\n<title>Francisco, um pontificado &quot;radical&quot;. Entrevista com o Patriarca Bartolomeu | ECCLESIA NEWS<\/title>\n<meta name=\"robots\" content=\"index, follow, max-snippet:-1, max-image-preview:large, max-video-preview:-1\" \/>\n<link rel=\"canonical\" href=\"https:\/\/news.ecclesia.org.br\/?p=23807\" \/>\n<meta property=\"og:locale\" content=\"pt_BR\" \/>\n<meta property=\"og:type\" content=\"article\" \/>\n<meta property=\"og:title\" content=\"Francisco, um pontificado &quot;radical&quot;. Entrevista com o Patriarca Bartolomeu | ECCLESIA NEWS\" \/>\n<meta property=\"og:description\" content=\"No novo livro Ho incontrato Francesco [Encontrei Francisco], as vaticanistas Alessandra Buzzetti e Cristiana Caricato entrevistam v\u00e1rias personalidades que narram o pont\u00edfice argentino. O s\u00edtio Vatican Insider, 20-10-2017, publicou um trecho do di\u00e1logo com o Patriarca Ecum\u00eanico de Constantinopla, Bartolomeu.&#8230;\" \/>\n<meta property=\"og:url\" content=\"https:\/\/news.ecclesia.org.br\/?p=23807\" \/>\n<meta property=\"og:site_name\" content=\"ECCLESIA NEWS\" \/>\n<meta property=\"article:publisher\" content=\"https:\/\/www.facebook.com\/Ecclesia2025\" \/>\n<meta property=\"article:published_time\" content=\"2017-10-24T17:05:46+00:00\" \/>\n<meta property=\"article:modified_time\" content=\"2017-10-24T23:14:11+00:00\" \/>\n<meta property=\"og:image\" content=\"https:\/\/news.ecclesia.org.br\/wp-content\/uploads\/2014\/11\/bartolomeu-francisco-1.jpg\" \/>\n\t<meta property=\"og:image:width\" content=\"1202\" \/>\n\t<meta property=\"og:image:height\" content=\"800\" \/>\n\t<meta property=\"og:image:type\" content=\"image\/jpeg\" \/>\n<meta name=\"author\" content=\"Pe. Andr\u00e9\" \/>\n<meta name=\"twitter:card\" content=\"summary_large_image\" \/>\n<meta name=\"twitter:creator\" content=\"@EcclesiaNews\" \/>\n<meta name=\"twitter:site\" content=\"@EcclesiaNews\" \/>\n<meta name=\"twitter:label1\" content=\"Escrito por\" \/>\n\t<meta name=\"twitter:data1\" content=\"Pe. Andr\u00e9\" \/>\n\t<meta name=\"twitter:label2\" content=\"Est. tempo de leitura\" \/>\n\t<meta name=\"twitter:data2\" content=\"4 minutos\" \/>\n<script type=\"application\/ld+json\" class=\"yoast-schema-graph\">{\"@context\":\"https:\\\/\\\/schema.org\",\"@graph\":[{\"@type\":\"Article\",\"@id\":\"https:\\\/\\\/news.ecclesia.org.br\\\/?p=23807#article\",\"isPartOf\":{\"@id\":\"https:\\\/\\\/news.ecclesia.org.br\\\/?p=23807\"},\"author\":{\"name\":\"Pe. Andr\u00e9\",\"@id\":\"https:\\\/\\\/news.ecclesia.org.br\\\/#\\\/schema\\\/person\\\/6f09597f025829745ba414a569f63758\"},\"headline\":\"Francisco, um pontificado &#8220;radical&#8221;. Entrevista com o Patriarca Bartolomeu\",\"datePublished\":\"2017-10-24T17:05:46+00:00\",\"dateModified\":\"2017-10-24T23:14:11+00:00\",\"mainEntityOfPage\":{\"@id\":\"https:\\\/\\\/news.ecclesia.org.br\\\/?p=23807\"},\"wordCount\":856,\"commentCount\":0,\"publisher\":{\"@id\":\"https:\\\/\\\/news.ecclesia.org.br\\\/#organization\"},\"image\":{\"@id\":\"https:\\\/\\\/news.ecclesia.org.br\\\/?p=23807#primaryimage\"},\"thumbnailUrl\":\"https:\\\/\\\/news.ecclesia.org.br\\\/wp-content\\\/uploads\\\/2014\\\/11\\\/bartolomeu-francisco-1.jpg\",\"articleSection\":[\"Arquidiocese de Buenos Aires e Am\u00e9rica do Sul\",\"Patriarcado Ecum\u00eanico\"],\"inLanguage\":\"pt-BR\",\"potentialAction\":[{\"@type\":\"CommentAction\",\"name\":\"Comment\",\"target\":[\"https:\\\/\\\/news.ecclesia.org.br\\\/?p=23807#respond\"]}]},{\"@type\":\"WebPage\",\"@id\":\"https:\\\/\\\/news.ecclesia.org.br\\\/?p=23807\",\"url\":\"https:\\\/\\\/news.ecclesia.org.br\\\/?p=23807\",\"name\":\"Francisco, um pontificado \\\"radical\\\". Entrevista com o Patriarca Bartolomeu | ECCLESIA NEWS\",\"isPartOf\":{\"@id\":\"https:\\\/\\\/news.ecclesia.org.br\\\/#website\"},\"primaryImageOfPage\":{\"@id\":\"https:\\\/\\\/news.ecclesia.org.br\\\/?p=23807#primaryimage\"},\"image\":{\"@id\":\"https:\\\/\\\/news.ecclesia.org.br\\\/?p=23807#primaryimage\"},\"thumbnailUrl\":\"https:\\\/\\\/news.ecclesia.org.br\\\/wp-content\\\/uploads\\\/2014\\\/11\\\/bartolomeu-francisco-1.jpg\",\"datePublished\":\"2017-10-24T17:05:46+00:00\",\"dateModified\":\"2017-10-24T23:14:11+00:00\",\"breadcrumb\":{\"@id\":\"https:\\\/\\\/news.ecclesia.org.br\\\/?p=23807#breadcrumb\"},\"inLanguage\":\"pt-BR\",\"potentialAction\":[{\"@type\":\"ReadAction\",\"target\":[\"https:\\\/\\\/news.ecclesia.org.br\\\/?p=23807\"]}]},{\"@type\":\"ImageObject\",\"inLanguage\":\"pt-BR\",\"@id\":\"https:\\\/\\\/news.ecclesia.org.br\\\/?p=23807#primaryimage\",\"url\":\"https:\\\/\\\/news.ecclesia.org.br\\\/wp-content\\\/uploads\\\/2014\\\/11\\\/bartolomeu-francisco-1.jpg\",\"contentUrl\":\"https:\\\/\\\/news.ecclesia.org.br\\\/wp-content\\\/uploads\\\/2014\\\/11\\\/bartolomeu-francisco-1.jpg\",\"width\":1202,\"height\":800},{\"@type\":\"BreadcrumbList\",\"@id\":\"https:\\\/\\\/news.ecclesia.org.br\\\/?p=23807#breadcrumb\",\"itemListElement\":[{\"@type\":\"ListItem\",\"position\":1,\"name\":\"In\u00edcio\",\"item\":\"https:\\\/\\\/news.ecclesia.org.br\\\/\"},{\"@type\":\"ListItem\",\"position\":2,\"name\":\"Francisco, um pontificado &#8220;radical&#8221;. Entrevista com o Patriarca Bartolomeu\"}]},{\"@type\":\"WebSite\",\"@id\":\"https:\\\/\\\/news.ecclesia.org.br\\\/#website\",\"url\":\"https:\\\/\\\/news.ecclesia.org.br\\\/\",\"name\":\"Ecclesia Brasil\",\"description\":\"Desde 2003 onectando o Brasil ao mundo ortodoxo!\",\"publisher\":{\"@id\":\"https:\\\/\\\/news.ecclesia.org.br\\\/#organization\"},\"alternateName\":\"Ecclesia\",\"potentialAction\":[{\"@type\":\"SearchAction\",\"target\":{\"@type\":\"EntryPoint\",\"urlTemplate\":\"https:\\\/\\\/news.ecclesia.org.br\\\/?s={search_term_string}\"},\"query-input\":{\"@type\":\"PropertyValueSpecification\",\"valueRequired\":true,\"valueName\":\"search_term_string\"}}],\"inLanguage\":\"pt-BR\"},{\"@type\":\"Organization\",\"@id\":\"https:\\\/\\\/news.ecclesia.org.br\\\/#organization\",\"name\":\"Sacra Arquidiocese de Buenos Aires e Am\u00e9rica do Sul | Patriarcado Ecum\u00eanico\",\"alternateName\":\"News Ecclesia Brasil\",\"url\":\"https:\\\/\\\/news.ecclesia.org.br\\\/\",\"logo\":{\"@type\":\"ImageObject\",\"inLanguage\":\"pt-BR\",\"@id\":\"https:\\\/\\\/news.ecclesia.org.br\\\/#\\\/schema\\\/logo\\\/image\\\/\",\"url\":\"https:\\\/\\\/news.ecclesia.org.br\\\/wp-content\\\/uploads\\\/2025\\\/05\\\/ecclesia2.png\",\"contentUrl\":\"https:\\\/\\\/news.ecclesia.org.br\\\/wp-content\\\/uploads\\\/2025\\\/05\\\/ecclesia2.png\",\"width\":480,\"height\":120,\"caption\":\"Sacra Arquidiocese de Buenos Aires e Am\u00e9rica do Sul | Patriarcado Ecum\u00eanico\"},\"image\":{\"@id\":\"https:\\\/\\\/news.ecclesia.org.br\\\/#\\\/schema\\\/logo\\\/image\\\/\"},\"sameAs\":[\"https:\\\/\\\/www.facebook.com\\\/Ecclesia2025\",\"https:\\\/\\\/x.com\\\/EcclesiaNews\",\"https:\\\/\\\/br.pinterest.com\\\/ekklisia\\\/\",\"https:\\\/\\\/www.youtube.com\\\/@EcclesiaBrasil\"]},{\"@type\":\"Person\",\"@id\":\"https:\\\/\\\/news.ecclesia.org.br\\\/#\\\/schema\\\/person\\\/6f09597f025829745ba414a569f63758\",\"name\":\"Pe. Andr\u00e9\",\"image\":{\"@type\":\"ImageObject\",\"inLanguage\":\"pt-BR\",\"@id\":\"https:\\\/\\\/secure.gravatar.com\\\/avatar\\\/b4327cfa27e9799da239a26adcd534fc29cdc0c4a4a148eecbcfeb9b42c617ac?s=96&d=mm&r=g\",\"url\":\"https:\\\/\\\/secure.gravatar.com\\\/avatar\\\/b4327cfa27e9799da239a26adcd534fc29cdc0c4a4a148eecbcfeb9b42c617ac?s=96&d=mm&r=g\",\"contentUrl\":\"https:\\\/\\\/secure.gravatar.com\\\/avatar\\\/b4327cfa27e9799da239a26adcd534fc29cdc0c4a4a148eecbcfeb9b42c617ac?s=96&d=mm&r=g\",\"caption\":\"Pe. Andr\u00e9\"},\"sameAs\":[\"https:\\\/\\\/www.ecclesia.org.br\"]}]}<\/script>\n<!-- \/ Yoast SEO plugin. -->","yoast_head_json":{"title":"Francisco, um pontificado \"radical\". Entrevista com o Patriarca Bartolomeu | ECCLESIA NEWS","robots":{"index":"index","follow":"follow","max-snippet":"max-snippet:-1","max-image-preview":"max-image-preview:large","max-video-preview":"max-video-preview:-1"},"canonical":"https:\/\/news.ecclesia.org.br\/?p=23807","og_locale":"pt_BR","og_type":"article","og_title":"Francisco, um pontificado \"radical\". Entrevista com o Patriarca Bartolomeu | ECCLESIA NEWS","og_description":"No novo livro Ho incontrato Francesco [Encontrei Francisco], as vaticanistas Alessandra Buzzetti e Cristiana Caricato entrevistam v\u00e1rias personalidades que narram o pont\u00edfice argentino. O s\u00edtio Vatican Insider, 20-10-2017, publicou um trecho do di\u00e1logo com o Patriarca Ecum\u00eanico de Constantinopla, Bartolomeu.&#8230;","og_url":"https:\/\/news.ecclesia.org.br\/?p=23807","og_site_name":"ECCLESIA NEWS","article_publisher":"https:\/\/www.facebook.com\/Ecclesia2025","article_published_time":"2017-10-24T17:05:46+00:00","article_modified_time":"2017-10-24T23:14:11+00:00","og_image":[{"width":1202,"height":800,"url":"https:\/\/news.ecclesia.org.br\/wp-content\/uploads\/2014\/11\/bartolomeu-francisco-1.jpg","type":"image\/jpeg"}],"author":"Pe. Andr\u00e9","twitter_card":"summary_large_image","twitter_creator":"@EcclesiaNews","twitter_site":"@EcclesiaNews","twitter_misc":{"Escrito por":"Pe. Andr\u00e9","Est. tempo de leitura":"4 minutos"},"schema":{"@context":"https:\/\/schema.org","@graph":[{"@type":"Article","@id":"https:\/\/news.ecclesia.org.br\/?p=23807#article","isPartOf":{"@id":"https:\/\/news.ecclesia.org.br\/?p=23807"},"author":{"name":"Pe. Andr\u00e9","@id":"https:\/\/news.ecclesia.org.br\/#\/schema\/person\/6f09597f025829745ba414a569f63758"},"headline":"Francisco, um pontificado &#8220;radical&#8221;. Entrevista com o Patriarca Bartolomeu","datePublished":"2017-10-24T17:05:46+00:00","dateModified":"2017-10-24T23:14:11+00:00","mainEntityOfPage":{"@id":"https:\/\/news.ecclesia.org.br\/?p=23807"},"wordCount":856,"commentCount":0,"publisher":{"@id":"https:\/\/news.ecclesia.org.br\/#organization"},"image":{"@id":"https:\/\/news.ecclesia.org.br\/?p=23807#primaryimage"},"thumbnailUrl":"https:\/\/news.ecclesia.org.br\/wp-content\/uploads\/2014\/11\/bartolomeu-francisco-1.jpg","articleSection":["Arquidiocese de Buenos Aires e Am\u00e9rica do Sul","Patriarcado Ecum\u00eanico"],"inLanguage":"pt-BR","potentialAction":[{"@type":"CommentAction","name":"Comment","target":["https:\/\/news.ecclesia.org.br\/?p=23807#respond"]}]},{"@type":"WebPage","@id":"https:\/\/news.ecclesia.org.br\/?p=23807","url":"https:\/\/news.ecclesia.org.br\/?p=23807","name":"Francisco, um pontificado \"radical\". Entrevista com o Patriarca Bartolomeu | ECCLESIA NEWS","isPartOf":{"@id":"https:\/\/news.ecclesia.org.br\/#website"},"primaryImageOfPage":{"@id":"https:\/\/news.ecclesia.org.br\/?p=23807#primaryimage"},"image":{"@id":"https:\/\/news.ecclesia.org.br\/?p=23807#primaryimage"},"thumbnailUrl":"https:\/\/news.ecclesia.org.br\/wp-content\/uploads\/2014\/11\/bartolomeu-francisco-1.jpg","datePublished":"2017-10-24T17:05:46+00:00","dateModified":"2017-10-24T23:14:11+00:00","breadcrumb":{"@id":"https:\/\/news.ecclesia.org.br\/?p=23807#breadcrumb"},"inLanguage":"pt-BR","potentialAction":[{"@type":"ReadAction","target":["https:\/\/news.ecclesia.org.br\/?p=23807"]}]},{"@type":"ImageObject","inLanguage":"pt-BR","@id":"https:\/\/news.ecclesia.org.br\/?p=23807#primaryimage","url":"https:\/\/news.ecclesia.org.br\/wp-content\/uploads\/2014\/11\/bartolomeu-francisco-1.jpg","contentUrl":"https:\/\/news.ecclesia.org.br\/wp-content\/uploads\/2014\/11\/bartolomeu-francisco-1.jpg","width":1202,"height":800},{"@type":"BreadcrumbList","@id":"https:\/\/news.ecclesia.org.br\/?p=23807#breadcrumb","itemListElement":[{"@type":"ListItem","position":1,"name":"In\u00edcio","item":"https:\/\/news.ecclesia.org.br\/"},{"@type":"ListItem","position":2,"name":"Francisco, um pontificado &#8220;radical&#8221;. Entrevista com o Patriarca Bartolomeu"}]},{"@type":"WebSite","@id":"https:\/\/news.ecclesia.org.br\/#website","url":"https:\/\/news.ecclesia.org.br\/","name":"Ecclesia Brasil","description":"Desde 2003 onectando o Brasil ao mundo ortodoxo!","publisher":{"@id":"https:\/\/news.ecclesia.org.br\/#organization"},"alternateName":"Ecclesia","potentialAction":[{"@type":"SearchAction","target":{"@type":"EntryPoint","urlTemplate":"https:\/\/news.ecclesia.org.br\/?s={search_term_string}"},"query-input":{"@type":"PropertyValueSpecification","valueRequired":true,"valueName":"search_term_string"}}],"inLanguage":"pt-BR"},{"@type":"Organization","@id":"https:\/\/news.ecclesia.org.br\/#organization","name":"Sacra Arquidiocese de Buenos Aires e Am\u00e9rica do Sul | Patriarcado Ecum\u00eanico","alternateName":"News Ecclesia Brasil","url":"https:\/\/news.ecclesia.org.br\/","logo":{"@type":"ImageObject","inLanguage":"pt-BR","@id":"https:\/\/news.ecclesia.org.br\/#\/schema\/logo\/image\/","url":"https:\/\/news.ecclesia.org.br\/wp-content\/uploads\/2025\/05\/ecclesia2.png","contentUrl":"https:\/\/news.ecclesia.org.br\/wp-content\/uploads\/2025\/05\/ecclesia2.png","width":480,"height":120,"caption":"Sacra Arquidiocese de Buenos Aires e Am\u00e9rica do Sul | Patriarcado Ecum\u00eanico"},"image":{"@id":"https:\/\/news.ecclesia.org.br\/#\/schema\/logo\/image\/"},"sameAs":["https:\/\/www.facebook.com\/Ecclesia2025","https:\/\/x.com\/EcclesiaNews","https:\/\/br.pinterest.com\/ekklisia\/","https:\/\/www.youtube.com\/@EcclesiaBrasil"]},{"@type":"Person","@id":"https:\/\/news.ecclesia.org.br\/#\/schema\/person\/6f09597f025829745ba414a569f63758","name":"Pe. Andr\u00e9","image":{"@type":"ImageObject","inLanguage":"pt-BR","@id":"https:\/\/secure.gravatar.com\/avatar\/b4327cfa27e9799da239a26adcd534fc29cdc0c4a4a148eecbcfeb9b42c617ac?s=96&d=mm&r=g","url":"https:\/\/secure.gravatar.com\/avatar\/b4327cfa27e9799da239a26adcd534fc29cdc0c4a4a148eecbcfeb9b42c617ac?s=96&d=mm&r=g","contentUrl":"https:\/\/secure.gravatar.com\/avatar\/b4327cfa27e9799da239a26adcd534fc29cdc0c4a4a148eecbcfeb9b42c617ac?s=96&d=mm&r=g","caption":"Pe. Andr\u00e9"},"sameAs":["https:\/\/www.ecclesia.org.br"]}]}},"_links":{"self":[{"href":"https:\/\/news.ecclesia.org.br\/index.php?rest_route=\/wp\/v2\/posts\/23807","targetHints":{"allow":["GET"]}}],"collection":[{"href":"https:\/\/news.ecclesia.org.br\/index.php?rest_route=\/wp\/v2\/posts"}],"about":[{"href":"https:\/\/news.ecclesia.org.br\/index.php?rest_route=\/wp\/v2\/types\/post"}],"author":[{"embeddable":true,"href":"https:\/\/news.ecclesia.org.br\/index.php?rest_route=\/wp\/v2\/users\/1"}],"replies":[{"embeddable":true,"href":"https:\/\/news.ecclesia.org.br\/index.php?rest_route=%2Fwp%2Fv2%2Fcomments&post=23807"}],"version-history":[{"count":0,"href":"https:\/\/news.ecclesia.org.br\/index.php?rest_route=\/wp\/v2\/posts\/23807\/revisions"}],"wp:featuredmedia":[{"embeddable":true,"href":"https:\/\/news.ecclesia.org.br\/index.php?rest_route=\/wp\/v2\/media\/7417"}],"wp:attachment":[{"href":"https:\/\/news.ecclesia.org.br\/index.php?rest_route=%2Fwp%2Fv2%2Fmedia&parent=23807"}],"wp:term":[{"taxonomy":"category","embeddable":true,"href":"https:\/\/news.ecclesia.org.br\/index.php?rest_route=%2Fwp%2Fv2%2Fcategories&post=23807"},{"taxonomy":"post_tag","embeddable":true,"href":"https:\/\/news.ecclesia.org.br\/index.php?rest_route=%2Fwp%2Fv2%2Ftags&post=23807"}],"curies":[{"name":"wp","href":"https:\/\/api.w.org\/{rel}","templated":true}]}}