{"id":23768,"date":"2017-09-17T01:23:01","date_gmt":"2017-09-17T01:23:01","guid":{"rendered":"https:\/\/news.ecclesia.org.br\/2013\/?p=23768"},"modified":"2017-09-17T01:23:49","modified_gmt":"2017-09-17T01:23:49","slug":"trindade-e-pessoa-consideracoes-sobre-a-contribuicao-dos-padres-capadocios","status":"publish","type":"post","link":"https:\/\/news.ecclesia.org.br\/?p=23768","title":{"rendered":"TRINDADE E PESSOA:  Considera\u00e7\u00f5es sobre a contribui\u00e7\u00e3o dos Padres capad\u00f3cios"},"content":{"rendered":"<p class=\"geral_texto\" style=\"text-align: justify;\"><a href=\"https:\/\/news.ecclesia.org.br\/2013\/wp-content\/uploads\/2017\/09\/kyrie-eleison.jpg\"><img fetchpriority=\"high\" decoding=\"async\" class=\"alignleft wp-image-23769 size-medium\" src=\"https:\/\/news.ecclesia.org.br\/2013\/wp-content\/uploads\/2017\/09\/kyrie-eleison-300x227.jpg\" alt=\"\" width=\"300\" height=\"227\" srcset=\"https:\/\/news.ecclesia.org.br\/wp-content\/uploads\/2017\/09\/kyrie-eleison-300x227.jpg 300w, https:\/\/news.ecclesia.org.br\/wp-content\/uploads\/2017\/09\/kyrie-eleison-73x55.jpg 73w, https:\/\/news.ecclesia.org.br\/wp-content\/uploads\/2017\/09\/kyrie-eleison.jpg 529w\" sizes=\"(max-width: 300px) 100vw, 300px\" \/><\/a><\/p>\n<p class=\"geral_texto\" style=\"text-align: justify;\">A regi\u00e3o da Capad\u00f3cia, situada no cora\u00e7\u00e3o da \u00c1sia menor, tornou-se, no s\u00e9culo IV, num importante centro da teologia crist\u00e3. J\u00e1 na \u00e9poca do a p\u00f3stolo Paulo, existiu uma pequena comunidade crist\u00e3 na Capad\u00f3cia, onde o cristianismo se estendeu com tanta rapidez que deu lugar a um importante n\u00famero de m\u00e1rtires e conversores, no II s\u00e9culo, enviando 7 bispos ao Conc\u00edlio de Niceia no ano 325. Por\u00e9m, fui sobretudo na segunda metade do s\u00e9culo IV que a Capad\u00f3cia se tornou famosa por seu pensamento teol\u00f3gico. E isto se deve a quatro figuras destacadas, cuja originalidade teol\u00f3gica e filos\u00f3fica marcou profundamente a hist\u00f3ria do pensamento crist\u00e3o: S\u00e3o Bas\u00edlio, o Grande, bispo de cesareia da Capad\u00f3cia (330-379); S\u00e3o Greg\u00f3rio nazianzeno, conhecido como o Te\u00f3logo (330-389\/90), que foi primeiro, durante um breve per\u00edodo, bispo de S\u00e1ssima da Capad\u00f3cia, e mais tarde, tamb\u00e9m por pouco tempo, arcebispo de Constantinopla; S\u00e3o Greg\u00f3rio, irm\u00e3o mais novo de S\u00e3o Bas\u00edlio e bispo de Nissa (335-394?); e, finalmente, Santo Anfil\u00f3quio (340\/345) bispo de Ic\u00f4nio. Os tr\u00eas primeiros deixaram nos um n\u00famero consider\u00e1vel de inscritos (tratados dogm\u00e1ticos, obras exeg\u00e9ticas, escritos asc\u00e9ticos, ora\u00e7\u00f5es, serm\u00f5es e cartas) que nos permitem conhecer seu pensamento, enquanto que a obra de Anfil\u00f3quio nos chegou somente atrav\u00e9s de umas poucas homilias e cartas, algumas das quais, s\u00f3 fragmentos. Ainda que a contribui\u00e7\u00e3o teol\u00f3gica desses Padres capad\u00f3cios seja universalmente sabida e reconhecida, sua import\u00e2ncia n\u00e3o se limita absolutamente \u00e0 teologia. Sup\u00f5e uma reorienta\u00e7\u00e3o radical do humanismo grego cl\u00e1ssico, uma concep\u00e7\u00e3o do homem e uma vis\u00e3o da exist\u00eancia que o pensamento antigo foi incapaz de produzir, apesar das suas muitas realiza\u00e7\u00f5es no terreno da filosofia. Por oportuno, tudo isso se apresenta \u00a0a prop\u00f3sito das atuais controv\u00e9rsias teol\u00f3gicas; o alcance, por\u00e9m da contribui\u00e7\u00e3o dos Padres capad\u00f3cios\u00a0reembasa o campo da teologia no sentido doutrinal estrito e afeta a inteira cultura da antiguidade tardia a ponto de, sem o conhecimento desta contribui\u00e7\u00e3o, o conjunto do pensamento bizantino e europeu permanecer incompreens\u00edvel (&#8230;) <a href=\"http:\/\/www.ecclesia.com.br\/biblioteca\/teologia\/ioannis-zizioulas-trindade-e-pessoa-avaliacao-da-contribuicao-dos-padres-capadocios.html\" target=\"_blank\" rel=\"noopener\">Siga lendo&#8230;<\/a><\/p>\n","protected":false},"excerpt":{"rendered":"<p>A regi\u00e3o da Capad\u00f3cia, situada no cora\u00e7\u00e3o da \u00c1sia menor, tornou-se, no s\u00e9culo IV, num importante centro da teologia crist\u00e3. J\u00e1 na \u00e9poca do a p\u00f3stolo Paulo, existiu uma pequena comunidade crist\u00e3 na Capad\u00f3cia, onde o cristianismo se estendeu com&#8230;<\/p>\n","protected":false},"author":1,"featured_media":23769,"comment_status":"open","ping_status":"open","sticky":false,"template":"","format":"standard","meta":{"_acf_changed":false,"footnotes":""},"categories":[1],"tags":[],"class_list":["post-23768","post","type-post","status-publish","format-standard","has-post-thumbnail","hentry","category-news","entry","rows-excerpt"],"acf":[],"yoast_head":"<!-- This site is optimized with the Yoast SEO plugin v27.5 - https:\/\/yoast.com\/product\/yoast-seo-wordpress\/ -->\n<title>TRINDADE E PESSOA: Considera\u00e7\u00f5es sobre a contribui\u00e7\u00e3o dos Padres capad\u00f3cios | ECCLESIA NEWS<\/title>\n<meta name=\"robots\" content=\"index, follow, max-snippet:-1, max-image-preview:large, max-video-preview:-1\" \/>\n<link rel=\"canonical\" href=\"https:\/\/news.ecclesia.org.br\/?p=23768\" \/>\n<meta property=\"og:locale\" content=\"pt_BR\" \/>\n<meta property=\"og:type\" content=\"article\" \/>\n<meta property=\"og:title\" content=\"TRINDADE E PESSOA: Considera\u00e7\u00f5es sobre a contribui\u00e7\u00e3o dos Padres capad\u00f3cios | ECCLESIA NEWS\" \/>\n<meta property=\"og:description\" content=\"A regi\u00e3o da Capad\u00f3cia, situada no cora\u00e7\u00e3o da \u00c1sia menor, tornou-se, no s\u00e9culo IV, num importante centro da teologia crist\u00e3. J\u00e1 na \u00e9poca do a p\u00f3stolo Paulo, existiu uma pequena comunidade crist\u00e3 na Capad\u00f3cia, onde o cristianismo se estendeu com&#8230;\" \/>\n<meta property=\"og:url\" content=\"https:\/\/news.ecclesia.org.br\/?p=23768\" \/>\n<meta property=\"og:site_name\" content=\"ECCLESIA NEWS\" \/>\n<meta property=\"article:publisher\" content=\"https:\/\/www.facebook.com\/Ecclesia2025\" \/>\n<meta property=\"article:published_time\" content=\"2017-09-17T01:23:01+00:00\" \/>\n<meta property=\"article:modified_time\" content=\"2017-09-17T01:23:49+00:00\" \/>\n<meta property=\"og:image\" content=\"https:\/\/news.ecclesia.org.br\/wp-content\/uploads\/2017\/09\/kyrie-eleison.jpg\" \/>\n\t<meta property=\"og:image:width\" content=\"529\" \/>\n\t<meta property=\"og:image:height\" content=\"400\" \/>\n\t<meta property=\"og:image:type\" content=\"image\/jpeg\" \/>\n<meta name=\"author\" content=\"Pe. Andr\u00e9\" \/>\n<meta name=\"twitter:card\" content=\"summary_large_image\" \/>\n<meta name=\"twitter:creator\" content=\"@EcclesiaNews\" \/>\n<meta name=\"twitter:site\" content=\"@EcclesiaNews\" \/>\n<meta name=\"twitter:label1\" content=\"Escrito por\" \/>\n\t<meta name=\"twitter:data1\" content=\"Pe. Andr\u00e9\" \/>\n\t<meta name=\"twitter:label2\" content=\"Est. tempo de leitura\" \/>\n\t<meta name=\"twitter:data2\" content=\"2 minutos\" \/>\n<script type=\"application\/ld+json\" class=\"yoast-schema-graph\">{\"@context\":\"https:\\\/\\\/schema.org\",\"@graph\":[{\"@type\":\"Article\",\"@id\":\"https:\\\/\\\/news.ecclesia.org.br\\\/?p=23768#article\",\"isPartOf\":{\"@id\":\"https:\\\/\\\/news.ecclesia.org.br\\\/?p=23768\"},\"author\":{\"name\":\"Pe. Andr\u00e9\",\"@id\":\"https:\\\/\\\/news.ecclesia.org.br\\\/#\\\/schema\\\/person\\\/6f09597f025829745ba414a569f63758\"},\"headline\":\"TRINDADE E PESSOA: Considera\u00e7\u00f5es sobre a contribui\u00e7\u00e3o dos Padres capad\u00f3cios\",\"datePublished\":\"2017-09-17T01:23:01+00:00\",\"dateModified\":\"2017-09-17T01:23:49+00:00\",\"mainEntityOfPage\":{\"@id\":\"https:\\\/\\\/news.ecclesia.org.br\\\/?p=23768\"},\"wordCount\":398,\"commentCount\":0,\"publisher\":{\"@id\":\"https:\\\/\\\/news.ecclesia.org.br\\\/#organization\"},\"image\":{\"@id\":\"https:\\\/\\\/news.ecclesia.org.br\\\/?p=23768#primaryimage\"},\"thumbnailUrl\":\"https:\\\/\\\/news.ecclesia.org.br\\\/wp-content\\\/uploads\\\/2017\\\/09\\\/kyrie-eleison.jpg\",\"articleSection\":[\"NEWS\"],\"inLanguage\":\"pt-BR\",\"potentialAction\":[{\"@type\":\"CommentAction\",\"name\":\"Comment\",\"target\":[\"https:\\\/\\\/news.ecclesia.org.br\\\/?p=23768#respond\"]}]},{\"@type\":\"WebPage\",\"@id\":\"https:\\\/\\\/news.ecclesia.org.br\\\/?p=23768\",\"url\":\"https:\\\/\\\/news.ecclesia.org.br\\\/?p=23768\",\"name\":\"TRINDADE E PESSOA: Considera\u00e7\u00f5es sobre a contribui\u00e7\u00e3o dos Padres capad\u00f3cios | ECCLESIA NEWS\",\"isPartOf\":{\"@id\":\"https:\\\/\\\/news.ecclesia.org.br\\\/#website\"},\"primaryImageOfPage\":{\"@id\":\"https:\\\/\\\/news.ecclesia.org.br\\\/?p=23768#primaryimage\"},\"image\":{\"@id\":\"https:\\\/\\\/news.ecclesia.org.br\\\/?p=23768#primaryimage\"},\"thumbnailUrl\":\"https:\\\/\\\/news.ecclesia.org.br\\\/wp-content\\\/uploads\\\/2017\\\/09\\\/kyrie-eleison.jpg\",\"datePublished\":\"2017-09-17T01:23:01+00:00\",\"dateModified\":\"2017-09-17T01:23:49+00:00\",\"breadcrumb\":{\"@id\":\"https:\\\/\\\/news.ecclesia.org.br\\\/?p=23768#breadcrumb\"},\"inLanguage\":\"pt-BR\",\"potentialAction\":[{\"@type\":\"ReadAction\",\"target\":[\"https:\\\/\\\/news.ecclesia.org.br\\\/?p=23768\"]}]},{\"@type\":\"ImageObject\",\"inLanguage\":\"pt-BR\",\"@id\":\"https:\\\/\\\/news.ecclesia.org.br\\\/?p=23768#primaryimage\",\"url\":\"https:\\\/\\\/news.ecclesia.org.br\\\/wp-content\\\/uploads\\\/2017\\\/09\\\/kyrie-eleison.jpg\",\"contentUrl\":\"https:\\\/\\\/news.ecclesia.org.br\\\/wp-content\\\/uploads\\\/2017\\\/09\\\/kyrie-eleison.jpg\",\"width\":529,\"height\":400},{\"@type\":\"BreadcrumbList\",\"@id\":\"https:\\\/\\\/news.ecclesia.org.br\\\/?p=23768#breadcrumb\",\"itemListElement\":[{\"@type\":\"ListItem\",\"position\":1,\"name\":\"In\u00edcio\",\"item\":\"https:\\\/\\\/news.ecclesia.org.br\\\/\"},{\"@type\":\"ListItem\",\"position\":2,\"name\":\"TRINDADE E PESSOA: Considera\u00e7\u00f5es sobre a contribui\u00e7\u00e3o dos Padres capad\u00f3cios\"}]},{\"@type\":\"WebSite\",\"@id\":\"https:\\\/\\\/news.ecclesia.org.br\\\/#website\",\"url\":\"https:\\\/\\\/news.ecclesia.org.br\\\/\",\"name\":\"Ecclesia Brasil\",\"description\":\"Desde 2003 onectando o Brasil ao mundo ortodoxo!\",\"publisher\":{\"@id\":\"https:\\\/\\\/news.ecclesia.org.br\\\/#organization\"},\"alternateName\":\"Ecclesia\",\"potentialAction\":[{\"@type\":\"SearchAction\",\"target\":{\"@type\":\"EntryPoint\",\"urlTemplate\":\"https:\\\/\\\/news.ecclesia.org.br\\\/?s={search_term_string}\"},\"query-input\":{\"@type\":\"PropertyValueSpecification\",\"valueRequired\":true,\"valueName\":\"search_term_string\"}}],\"inLanguage\":\"pt-BR\"},{\"@type\":\"Organization\",\"@id\":\"https:\\\/\\\/news.ecclesia.org.br\\\/#organization\",\"name\":\"Sacra Arquidiocese de Buenos Aires e Am\u00e9rica do Sul | Patriarcado Ecum\u00eanico\",\"alternateName\":\"News Ecclesia Brasil\",\"url\":\"https:\\\/\\\/news.ecclesia.org.br\\\/\",\"logo\":{\"@type\":\"ImageObject\",\"inLanguage\":\"pt-BR\",\"@id\":\"https:\\\/\\\/news.ecclesia.org.br\\\/#\\\/schema\\\/logo\\\/image\\\/\",\"url\":\"https:\\\/\\\/news.ecclesia.org.br\\\/wp-content\\\/uploads\\\/2025\\\/05\\\/ecclesia2.png\",\"contentUrl\":\"https:\\\/\\\/news.ecclesia.org.br\\\/wp-content\\\/uploads\\\/2025\\\/05\\\/ecclesia2.png\",\"width\":480,\"height\":120,\"caption\":\"Sacra Arquidiocese de Buenos Aires e Am\u00e9rica do Sul | Patriarcado Ecum\u00eanico\"},\"image\":{\"@id\":\"https:\\\/\\\/news.ecclesia.org.br\\\/#\\\/schema\\\/logo\\\/image\\\/\"},\"sameAs\":[\"https:\\\/\\\/www.facebook.com\\\/Ecclesia2025\",\"https:\\\/\\\/x.com\\\/EcclesiaNews\",\"https:\\\/\\\/br.pinterest.com\\\/ekklisia\\\/\",\"https:\\\/\\\/www.youtube.com\\\/@EcclesiaBrasil\"]},{\"@type\":\"Person\",\"@id\":\"https:\\\/\\\/news.ecclesia.org.br\\\/#\\\/schema\\\/person\\\/6f09597f025829745ba414a569f63758\",\"name\":\"Pe. Andr\u00e9\",\"image\":{\"@type\":\"ImageObject\",\"inLanguage\":\"pt-BR\",\"@id\":\"https:\\\/\\\/secure.gravatar.com\\\/avatar\\\/b4327cfa27e9799da239a26adcd534fc29cdc0c4a4a148eecbcfeb9b42c617ac?s=96&d=mm&r=g\",\"url\":\"https:\\\/\\\/secure.gravatar.com\\\/avatar\\\/b4327cfa27e9799da239a26adcd534fc29cdc0c4a4a148eecbcfeb9b42c617ac?s=96&d=mm&r=g\",\"contentUrl\":\"https:\\\/\\\/secure.gravatar.com\\\/avatar\\\/b4327cfa27e9799da239a26adcd534fc29cdc0c4a4a148eecbcfeb9b42c617ac?s=96&d=mm&r=g\",\"caption\":\"Pe. Andr\u00e9\"},\"sameAs\":[\"https:\\\/\\\/www.ecclesia.org.br\"]}]}<\/script>\n<!-- \/ Yoast SEO plugin. -->","yoast_head_json":{"title":"TRINDADE E PESSOA: Considera\u00e7\u00f5es sobre a contribui\u00e7\u00e3o dos Padres capad\u00f3cios | ECCLESIA NEWS","robots":{"index":"index","follow":"follow","max-snippet":"max-snippet:-1","max-image-preview":"max-image-preview:large","max-video-preview":"max-video-preview:-1"},"canonical":"https:\/\/news.ecclesia.org.br\/?p=23768","og_locale":"pt_BR","og_type":"article","og_title":"TRINDADE E PESSOA: Considera\u00e7\u00f5es sobre a contribui\u00e7\u00e3o dos Padres capad\u00f3cios | ECCLESIA NEWS","og_description":"A regi\u00e3o da Capad\u00f3cia, situada no cora\u00e7\u00e3o da \u00c1sia menor, tornou-se, no s\u00e9culo IV, num importante centro da teologia crist\u00e3. J\u00e1 na \u00e9poca do a p\u00f3stolo Paulo, existiu uma pequena comunidade crist\u00e3 na Capad\u00f3cia, onde o cristianismo se estendeu com&#8230;","og_url":"https:\/\/news.ecclesia.org.br\/?p=23768","og_site_name":"ECCLESIA NEWS","article_publisher":"https:\/\/www.facebook.com\/Ecclesia2025","article_published_time":"2017-09-17T01:23:01+00:00","article_modified_time":"2017-09-17T01:23:49+00:00","og_image":[{"width":529,"height":400,"url":"https:\/\/news.ecclesia.org.br\/wp-content\/uploads\/2017\/09\/kyrie-eleison.jpg","type":"image\/jpeg"}],"author":"Pe. Andr\u00e9","twitter_card":"summary_large_image","twitter_creator":"@EcclesiaNews","twitter_site":"@EcclesiaNews","twitter_misc":{"Escrito por":"Pe. Andr\u00e9","Est. tempo de leitura":"2 minutos"},"schema":{"@context":"https:\/\/schema.org","@graph":[{"@type":"Article","@id":"https:\/\/news.ecclesia.org.br\/?p=23768#article","isPartOf":{"@id":"https:\/\/news.ecclesia.org.br\/?p=23768"},"author":{"name":"Pe. Andr\u00e9","@id":"https:\/\/news.ecclesia.org.br\/#\/schema\/person\/6f09597f025829745ba414a569f63758"},"headline":"TRINDADE E PESSOA: Considera\u00e7\u00f5es sobre a contribui\u00e7\u00e3o dos Padres capad\u00f3cios","datePublished":"2017-09-17T01:23:01+00:00","dateModified":"2017-09-17T01:23:49+00:00","mainEntityOfPage":{"@id":"https:\/\/news.ecclesia.org.br\/?p=23768"},"wordCount":398,"commentCount":0,"publisher":{"@id":"https:\/\/news.ecclesia.org.br\/#organization"},"image":{"@id":"https:\/\/news.ecclesia.org.br\/?p=23768#primaryimage"},"thumbnailUrl":"https:\/\/news.ecclesia.org.br\/wp-content\/uploads\/2017\/09\/kyrie-eleison.jpg","articleSection":["NEWS"],"inLanguage":"pt-BR","potentialAction":[{"@type":"CommentAction","name":"Comment","target":["https:\/\/news.ecclesia.org.br\/?p=23768#respond"]}]},{"@type":"WebPage","@id":"https:\/\/news.ecclesia.org.br\/?p=23768","url":"https:\/\/news.ecclesia.org.br\/?p=23768","name":"TRINDADE E PESSOA: Considera\u00e7\u00f5es sobre a contribui\u00e7\u00e3o dos Padres capad\u00f3cios | ECCLESIA NEWS","isPartOf":{"@id":"https:\/\/news.ecclesia.org.br\/#website"},"primaryImageOfPage":{"@id":"https:\/\/news.ecclesia.org.br\/?p=23768#primaryimage"},"image":{"@id":"https:\/\/news.ecclesia.org.br\/?p=23768#primaryimage"},"thumbnailUrl":"https:\/\/news.ecclesia.org.br\/wp-content\/uploads\/2017\/09\/kyrie-eleison.jpg","datePublished":"2017-09-17T01:23:01+00:00","dateModified":"2017-09-17T01:23:49+00:00","breadcrumb":{"@id":"https:\/\/news.ecclesia.org.br\/?p=23768#breadcrumb"},"inLanguage":"pt-BR","potentialAction":[{"@type":"ReadAction","target":["https:\/\/news.ecclesia.org.br\/?p=23768"]}]},{"@type":"ImageObject","inLanguage":"pt-BR","@id":"https:\/\/news.ecclesia.org.br\/?p=23768#primaryimage","url":"https:\/\/news.ecclesia.org.br\/wp-content\/uploads\/2017\/09\/kyrie-eleison.jpg","contentUrl":"https:\/\/news.ecclesia.org.br\/wp-content\/uploads\/2017\/09\/kyrie-eleison.jpg","width":529,"height":400},{"@type":"BreadcrumbList","@id":"https:\/\/news.ecclesia.org.br\/?p=23768#breadcrumb","itemListElement":[{"@type":"ListItem","position":1,"name":"In\u00edcio","item":"https:\/\/news.ecclesia.org.br\/"},{"@type":"ListItem","position":2,"name":"TRINDADE E PESSOA: Considera\u00e7\u00f5es sobre a contribui\u00e7\u00e3o dos Padres capad\u00f3cios"}]},{"@type":"WebSite","@id":"https:\/\/news.ecclesia.org.br\/#website","url":"https:\/\/news.ecclesia.org.br\/","name":"Ecclesia Brasil","description":"Desde 2003 onectando o Brasil ao mundo ortodoxo!","publisher":{"@id":"https:\/\/news.ecclesia.org.br\/#organization"},"alternateName":"Ecclesia","potentialAction":[{"@type":"SearchAction","target":{"@type":"EntryPoint","urlTemplate":"https:\/\/news.ecclesia.org.br\/?s={search_term_string}"},"query-input":{"@type":"PropertyValueSpecification","valueRequired":true,"valueName":"search_term_string"}}],"inLanguage":"pt-BR"},{"@type":"Organization","@id":"https:\/\/news.ecclesia.org.br\/#organization","name":"Sacra Arquidiocese de Buenos Aires e Am\u00e9rica do Sul | Patriarcado Ecum\u00eanico","alternateName":"News Ecclesia Brasil","url":"https:\/\/news.ecclesia.org.br\/","logo":{"@type":"ImageObject","inLanguage":"pt-BR","@id":"https:\/\/news.ecclesia.org.br\/#\/schema\/logo\/image\/","url":"https:\/\/news.ecclesia.org.br\/wp-content\/uploads\/2025\/05\/ecclesia2.png","contentUrl":"https:\/\/news.ecclesia.org.br\/wp-content\/uploads\/2025\/05\/ecclesia2.png","width":480,"height":120,"caption":"Sacra Arquidiocese de Buenos Aires e Am\u00e9rica do Sul | Patriarcado Ecum\u00eanico"},"image":{"@id":"https:\/\/news.ecclesia.org.br\/#\/schema\/logo\/image\/"},"sameAs":["https:\/\/www.facebook.com\/Ecclesia2025","https:\/\/x.com\/EcclesiaNews","https:\/\/br.pinterest.com\/ekklisia\/","https:\/\/www.youtube.com\/@EcclesiaBrasil"]},{"@type":"Person","@id":"https:\/\/news.ecclesia.org.br\/#\/schema\/person\/6f09597f025829745ba414a569f63758","name":"Pe. Andr\u00e9","image":{"@type":"ImageObject","inLanguage":"pt-BR","@id":"https:\/\/secure.gravatar.com\/avatar\/b4327cfa27e9799da239a26adcd534fc29cdc0c4a4a148eecbcfeb9b42c617ac?s=96&d=mm&r=g","url":"https:\/\/secure.gravatar.com\/avatar\/b4327cfa27e9799da239a26adcd534fc29cdc0c4a4a148eecbcfeb9b42c617ac?s=96&d=mm&r=g","contentUrl":"https:\/\/secure.gravatar.com\/avatar\/b4327cfa27e9799da239a26adcd534fc29cdc0c4a4a148eecbcfeb9b42c617ac?s=96&d=mm&r=g","caption":"Pe. Andr\u00e9"},"sameAs":["https:\/\/www.ecclesia.org.br"]}]}},"_links":{"self":[{"href":"https:\/\/news.ecclesia.org.br\/index.php?rest_route=\/wp\/v2\/posts\/23768","targetHints":{"allow":["GET"]}}],"collection":[{"href":"https:\/\/news.ecclesia.org.br\/index.php?rest_route=\/wp\/v2\/posts"}],"about":[{"href":"https:\/\/news.ecclesia.org.br\/index.php?rest_route=\/wp\/v2\/types\/post"}],"author":[{"embeddable":true,"href":"https:\/\/news.ecclesia.org.br\/index.php?rest_route=\/wp\/v2\/users\/1"}],"replies":[{"embeddable":true,"href":"https:\/\/news.ecclesia.org.br\/index.php?rest_route=%2Fwp%2Fv2%2Fcomments&post=23768"}],"version-history":[{"count":0,"href":"https:\/\/news.ecclesia.org.br\/index.php?rest_route=\/wp\/v2\/posts\/23768\/revisions"}],"wp:featuredmedia":[{"embeddable":true,"href":"https:\/\/news.ecclesia.org.br\/index.php?rest_route=\/wp\/v2\/media\/23769"}],"wp:attachment":[{"href":"https:\/\/news.ecclesia.org.br\/index.php?rest_route=%2Fwp%2Fv2%2Fmedia&parent=23768"}],"wp:term":[{"taxonomy":"category","embeddable":true,"href":"https:\/\/news.ecclesia.org.br\/index.php?rest_route=%2Fwp%2Fv2%2Fcategories&post=23768"},{"taxonomy":"post_tag","embeddable":true,"href":"https:\/\/news.ecclesia.org.br\/index.php?rest_route=%2Fwp%2Fv2%2Ftags&post=23768"}],"curies":[{"name":"wp","href":"https:\/\/api.w.org\/{rel}","templated":true}]}}