{"id":23764,"date":"2017-09-16T20:19:17","date_gmt":"2017-09-16T20:19:17","guid":{"rendered":"https:\/\/news.ecclesia.org.br\/2013\/?p=23764"},"modified":"2017-09-16T20:20:49","modified_gmt":"2017-09-16T20:20:49","slug":"as-conclusoes-do-encontro-de-espiritualidade-ortodoxa-em-bose","status":"publish","type":"post","link":"https:\/\/news.ecclesia.org.br\/?p=23764","title":{"rendered":"As conclus\u00f5es do encontro de espiritualidade ortodoxa em Bose"},"content":{"rendered":"<figure id=\"attachment_23765\" aria-describedby=\"caption-attachment-23765\" style=\"width: 300px\" class=\"wp-caption alignleft\"><a href=\"https:\/\/news.ecclesia.org.br\/2013\/wp-content\/uploads\/2017\/09\/bose-espiritualidade-2017.jpg\"><img fetchpriority=\"high\" decoding=\"async\" class=\"size-medium wp-image-23765\" src=\"https:\/\/news.ecclesia.org.br\/2013\/wp-content\/uploads\/2017\/09\/bose-espiritualidade-2017-300x212.jpg\" alt=\"\" width=\"300\" height=\"212\" srcset=\"https:\/\/news.ecclesia.org.br\/wp-content\/uploads\/2017\/09\/bose-espiritualidade-2017-300x212.jpg 300w, https:\/\/news.ecclesia.org.br\/wp-content\/uploads\/2017\/09\/bose-espiritualidade-2017-600x425.jpg 600w, https:\/\/news.ecclesia.org.br\/wp-content\/uploads\/2017\/09\/bose-espiritualidade-2017-78x55.jpg 78w, https:\/\/news.ecclesia.org.br\/wp-content\/uploads\/2017\/09\/bose-espiritualidade-2017.jpg 640w\" sizes=\"(max-width: 300px) 100vw, 300px\" \/><\/a><figcaption id=\"caption-attachment-23765\" class=\"wp-caption-text\">Capela do Mosteiro de Bose &#8211; <a href=\"https:\/\/www.google.com\/url?rct=j&amp;sa=t&amp;url=http:\/\/br.radiovaticana.va\/news\/2017\/09\/16\/conclus%25C3%25B5es_do_encontro_de_espiritualidade_ortodoxa_em_bose\/1337244&amp;ct=ga&amp;cd=CAEYACoUMTc0NzEzMzc0NDQ5Mzk2Nzk4NzMyGjhjNzZmMTBjZDQ0M2RlNjk6Y29tOnB0OkJS&amp;usg=AFQjCNEsMNsw8qkxD2VdadLRPNf50bTQ9A\" target=\"_blank\" rel=\"noopener\">RV<\/a><\/figcaption><\/figure>\n<p style=\"text-align: justify;\">Bose (RV) \u2013 \u201cUm cora\u00e7\u00e3o que n\u00e3o tem m\u00e3os n\u00e3o \u00e9 disc\u00edpulo de Jesus\u201d. Esta \u00e9 uma das passagens do texto conclusivo da Conven\u00e7\u00e3o Ecum\u00eanica Internacional de Espiritualidade Ortodoxa, realizada no Mosteiro de Bose, It\u00e1lia, de 6 a 9 de setembro. O j\u00e1 tradicional encontro anual foi dedicado este ano ao tema \u201cdom da hospitalidade\u201d.<\/p>\n<p style=\"text-align: justify;\">O documento final, assinado pelo ex-Abade de Chevetogne, em nome do Comit\u00ea Cient\u00edfico da Conven\u00e7\u00e3o, convida, entre outros, a reconhecer nos h\u00f3spedes que chegam a visita de Deus e a oferecer \u201cum teto em cada par\u00f3quia e comunidade para uma fam\u00edlia exilada\u201d.<\/p>\n<p style=\"text-align: justify;\">Philoxenia, xeniteia \u2013 explica o documento &#8211; s\u00e3o dimens\u00f5es a serem aprofundadas, concretizadas, como evidenciado pelo Cardeal prefeito da Congrega\u00e7\u00e3o para as Igrejas Orientais, Leonardo Sandri, em sua mensagem ao Prior de Bose Luciano Manicardi.<\/p>\n<p style=\"text-align: justify;\">\u201cOs nossos tempos, em particular na Europa &#8211; observa &#8211; nos pedem para traduzir estas reflex\u00f5es em ora\u00e7\u00e3o e a\u00e7\u00e3o concreta diante dos irm\u00e3os pobres e sofredores que batem \u00e0s portas de nosso continente, vindos de terras marcadas pelo \u00f3dio, pela viol\u00eancia, se n\u00e3o de uma verdadeira persegui\u00e7\u00e3o\u201d.<\/p>\n<p style=\"text-align: justify;\">J\u00e1 o Patriarca Ecum\u00eanico Bartolomeu I, em suas palavras de despedida pronunciadas em grego diante dos participantes da conven\u00e7\u00e3o, agradeceu a Enzo Bianchi, fundador da Comunidade de Bose, sublinhando a import\u00e2ncia das rela\u00e7\u00f5es sempre mais estreitas entre a Igreja Cat\u00f3lica e a Igreja Ortodoxa. Com Bose \u2013 recordou \u2013 existem \u201cliga\u00e7\u00f5es espirituais genuinamente fraternas\u201d. Um local onde \u201chorizontes abertos\u201d guiam o estudo e o conhecimento dos Padres da Igreja indivis\u00edvel, para difundir \u201cesta sabedora\u201d ao mundo contempor\u00e2neo.<\/p>\n<hr \/>\n<p style=\"text-align: right;\">Fonte: <a href=\"https:\/\/www.google.com\/url?rct=j&amp;sa=t&amp;url=http:\/\/br.radiovaticana.va\/news\/2017\/09\/16\/conclus%25C3%25B5es_do_encontro_de_espiritualidade_ortodoxa_em_bose\/1337244&amp;ct=ga&amp;cd=CAEYACoUMTc0NzEzMzc0NDQ5Mzk2Nzk4NzMyGjhjNzZmMTBjZDQ0M2RlNjk6Y29tOnB0OkJS&amp;usg=AFQjCNEsMNsw8qkxD2VdadLRPNf50bTQ9A\" target=\"_blank\" rel=\"noopener\">R\u00e1dio Vaticana<\/a><br \/>\n(JE \u2013 L\u2019Osservatore Romano)<\/p>\n","protected":false},"excerpt":{"rendered":"<p>Bose (RV) \u2013 \u201cUm cora\u00e7\u00e3o que n\u00e3o tem m\u00e3os n\u00e3o \u00e9 disc\u00edpulo de Jesus\u201d. Esta \u00e9 uma das passagens do texto conclusivo da Conven\u00e7\u00e3o Ecum\u00eanica Internacional de Espiritualidade Ortodoxa, realizada no Mosteiro de Bose, It\u00e1lia, de 6 a 9 de&#8230;<\/p>\n","protected":false},"author":1,"featured_media":23765,"comment_status":"open","ping_status":"open","sticky":false,"template":"","format":"standard","meta":{"_acf_changed":false,"footnotes":""},"categories":[1],"tags":[],"class_list":["post-23764","post","type-post","status-publish","format-standard","has-post-thumbnail","hentry","category-news","entry","rows-excerpt"],"acf":[],"yoast_head":"<!-- This site is optimized with the Yoast SEO plugin v27.5 - https:\/\/yoast.com\/product\/yoast-seo-wordpress\/ -->\n<title>As conclus\u00f5es do encontro de espiritualidade ortodoxa em Bose | ECCLESIA NEWS<\/title>\n<meta name=\"robots\" content=\"index, follow, max-snippet:-1, max-image-preview:large, max-video-preview:-1\" \/>\n<link rel=\"canonical\" href=\"https:\/\/news.ecclesia.org.br\/?p=23764\" \/>\n<meta property=\"og:locale\" content=\"pt_BR\" \/>\n<meta property=\"og:type\" content=\"article\" \/>\n<meta property=\"og:title\" content=\"As conclus\u00f5es do encontro de espiritualidade ortodoxa em Bose | ECCLESIA NEWS\" \/>\n<meta property=\"og:description\" content=\"Bose (RV) \u2013 \u201cUm cora\u00e7\u00e3o que n\u00e3o tem m\u00e3os n\u00e3o \u00e9 disc\u00edpulo de Jesus\u201d. Esta \u00e9 uma das passagens do texto conclusivo da Conven\u00e7\u00e3o Ecum\u00eanica Internacional de Espiritualidade Ortodoxa, realizada no Mosteiro de Bose, It\u00e1lia, de 6 a 9 de&#8230;\" \/>\n<meta property=\"og:url\" content=\"https:\/\/news.ecclesia.org.br\/?p=23764\" \/>\n<meta property=\"og:site_name\" content=\"ECCLESIA NEWS\" \/>\n<meta property=\"article:publisher\" content=\"https:\/\/www.facebook.com\/Ecclesia2025\" \/>\n<meta property=\"article:published_time\" content=\"2017-09-16T20:19:17+00:00\" \/>\n<meta property=\"article:modified_time\" content=\"2017-09-16T20:20:49+00:00\" \/>\n<meta property=\"og:image\" content=\"https:\/\/news.ecclesia.org.br\/wp-content\/uploads\/2017\/09\/bose-espiritualidade-2017.jpg\" \/>\n\t<meta property=\"og:image:width\" content=\"640\" \/>\n\t<meta property=\"og:image:height\" content=\"453\" \/>\n\t<meta property=\"og:image:type\" content=\"image\/jpeg\" \/>\n<meta name=\"author\" content=\"Pe. Andr\u00e9\" \/>\n<meta name=\"twitter:card\" content=\"summary_large_image\" \/>\n<meta name=\"twitter:creator\" content=\"@EcclesiaNews\" \/>\n<meta name=\"twitter:site\" content=\"@EcclesiaNews\" \/>\n<meta name=\"twitter:label1\" content=\"Escrito por\" \/>\n\t<meta name=\"twitter:data1\" content=\"Pe. Andr\u00e9\" \/>\n\t<meta name=\"twitter:label2\" content=\"Est. tempo de leitura\" \/>\n\t<meta name=\"twitter:data2\" content=\"2 minutos\" \/>\n<script type=\"application\/ld+json\" class=\"yoast-schema-graph\">{\"@context\":\"https:\\\/\\\/schema.org\",\"@graph\":[{\"@type\":\"Article\",\"@id\":\"https:\\\/\\\/news.ecclesia.org.br\\\/?p=23764#article\",\"isPartOf\":{\"@id\":\"https:\\\/\\\/news.ecclesia.org.br\\\/?p=23764\"},\"author\":{\"name\":\"Pe. Andr\u00e9\",\"@id\":\"https:\\\/\\\/news.ecclesia.org.br\\\/#\\\/schema\\\/person\\\/6f09597f025829745ba414a569f63758\"},\"headline\":\"As conclus\u00f5es do encontro de espiritualidade ortodoxa em Bose\",\"datePublished\":\"2017-09-16T20:19:17+00:00\",\"dateModified\":\"2017-09-16T20:20:49+00:00\",\"mainEntityOfPage\":{\"@id\":\"https:\\\/\\\/news.ecclesia.org.br\\\/?p=23764\"},\"wordCount\":312,\"commentCount\":0,\"publisher\":{\"@id\":\"https:\\\/\\\/news.ecclesia.org.br\\\/#organization\"},\"image\":{\"@id\":\"https:\\\/\\\/news.ecclesia.org.br\\\/?p=23764#primaryimage\"},\"thumbnailUrl\":\"https:\\\/\\\/news.ecclesia.org.br\\\/wp-content\\\/uploads\\\/2017\\\/09\\\/bose-espiritualidade-2017.jpg\",\"articleSection\":[\"NEWS\"],\"inLanguage\":\"pt-BR\",\"potentialAction\":[{\"@type\":\"CommentAction\",\"name\":\"Comment\",\"target\":[\"https:\\\/\\\/news.ecclesia.org.br\\\/?p=23764#respond\"]}]},{\"@type\":\"WebPage\",\"@id\":\"https:\\\/\\\/news.ecclesia.org.br\\\/?p=23764\",\"url\":\"https:\\\/\\\/news.ecclesia.org.br\\\/?p=23764\",\"name\":\"As conclus\u00f5es do encontro de espiritualidade ortodoxa em Bose | ECCLESIA NEWS\",\"isPartOf\":{\"@id\":\"https:\\\/\\\/news.ecclesia.org.br\\\/#website\"},\"primaryImageOfPage\":{\"@id\":\"https:\\\/\\\/news.ecclesia.org.br\\\/?p=23764#primaryimage\"},\"image\":{\"@id\":\"https:\\\/\\\/news.ecclesia.org.br\\\/?p=23764#primaryimage\"},\"thumbnailUrl\":\"https:\\\/\\\/news.ecclesia.org.br\\\/wp-content\\\/uploads\\\/2017\\\/09\\\/bose-espiritualidade-2017.jpg\",\"datePublished\":\"2017-09-16T20:19:17+00:00\",\"dateModified\":\"2017-09-16T20:20:49+00:00\",\"breadcrumb\":{\"@id\":\"https:\\\/\\\/news.ecclesia.org.br\\\/?p=23764#breadcrumb\"},\"inLanguage\":\"pt-BR\",\"potentialAction\":[{\"@type\":\"ReadAction\",\"target\":[\"https:\\\/\\\/news.ecclesia.org.br\\\/?p=23764\"]}]},{\"@type\":\"ImageObject\",\"inLanguage\":\"pt-BR\",\"@id\":\"https:\\\/\\\/news.ecclesia.org.br\\\/?p=23764#primaryimage\",\"url\":\"https:\\\/\\\/news.ecclesia.org.br\\\/wp-content\\\/uploads\\\/2017\\\/09\\\/bose-espiritualidade-2017.jpg\",\"contentUrl\":\"https:\\\/\\\/news.ecclesia.org.br\\\/wp-content\\\/uploads\\\/2017\\\/09\\\/bose-espiritualidade-2017.jpg\",\"width\":640,\"height\":453,\"caption\":\"Capela do Mosteiro de Bose - RV\"},{\"@type\":\"BreadcrumbList\",\"@id\":\"https:\\\/\\\/news.ecclesia.org.br\\\/?p=23764#breadcrumb\",\"itemListElement\":[{\"@type\":\"ListItem\",\"position\":1,\"name\":\"In\u00edcio\",\"item\":\"https:\\\/\\\/news.ecclesia.org.br\\\/\"},{\"@type\":\"ListItem\",\"position\":2,\"name\":\"As conclus\u00f5es do encontro de espiritualidade ortodoxa em Bose\"}]},{\"@type\":\"WebSite\",\"@id\":\"https:\\\/\\\/news.ecclesia.org.br\\\/#website\",\"url\":\"https:\\\/\\\/news.ecclesia.org.br\\\/\",\"name\":\"Ecclesia Brasil\",\"description\":\"Desde 2003 onectando o Brasil ao mundo ortodoxo!\",\"publisher\":{\"@id\":\"https:\\\/\\\/news.ecclesia.org.br\\\/#organization\"},\"alternateName\":\"Ecclesia\",\"potentialAction\":[{\"@type\":\"SearchAction\",\"target\":{\"@type\":\"EntryPoint\",\"urlTemplate\":\"https:\\\/\\\/news.ecclesia.org.br\\\/?s={search_term_string}\"},\"query-input\":{\"@type\":\"PropertyValueSpecification\",\"valueRequired\":true,\"valueName\":\"search_term_string\"}}],\"inLanguage\":\"pt-BR\"},{\"@type\":\"Organization\",\"@id\":\"https:\\\/\\\/news.ecclesia.org.br\\\/#organization\",\"name\":\"Sacra Arquidiocese de Buenos Aires e Am\u00e9rica do Sul | Patriarcado Ecum\u00eanico\",\"alternateName\":\"News Ecclesia Brasil\",\"url\":\"https:\\\/\\\/news.ecclesia.org.br\\\/\",\"logo\":{\"@type\":\"ImageObject\",\"inLanguage\":\"pt-BR\",\"@id\":\"https:\\\/\\\/news.ecclesia.org.br\\\/#\\\/schema\\\/logo\\\/image\\\/\",\"url\":\"https:\\\/\\\/news.ecclesia.org.br\\\/wp-content\\\/uploads\\\/2025\\\/05\\\/ecclesia2.png\",\"contentUrl\":\"https:\\\/\\\/news.ecclesia.org.br\\\/wp-content\\\/uploads\\\/2025\\\/05\\\/ecclesia2.png\",\"width\":480,\"height\":120,\"caption\":\"Sacra Arquidiocese de Buenos Aires e Am\u00e9rica do Sul | Patriarcado Ecum\u00eanico\"},\"image\":{\"@id\":\"https:\\\/\\\/news.ecclesia.org.br\\\/#\\\/schema\\\/logo\\\/image\\\/\"},\"sameAs\":[\"https:\\\/\\\/www.facebook.com\\\/Ecclesia2025\",\"https:\\\/\\\/x.com\\\/EcclesiaNews\",\"https:\\\/\\\/br.pinterest.com\\\/ekklisia\\\/\",\"https:\\\/\\\/www.youtube.com\\\/@EcclesiaBrasil\"]},{\"@type\":\"Person\",\"@id\":\"https:\\\/\\\/news.ecclesia.org.br\\\/#\\\/schema\\\/person\\\/6f09597f025829745ba414a569f63758\",\"name\":\"Pe. Andr\u00e9\",\"image\":{\"@type\":\"ImageObject\",\"inLanguage\":\"pt-BR\",\"@id\":\"https:\\\/\\\/secure.gravatar.com\\\/avatar\\\/b4327cfa27e9799da239a26adcd534fc29cdc0c4a4a148eecbcfeb9b42c617ac?s=96&d=mm&r=g\",\"url\":\"https:\\\/\\\/secure.gravatar.com\\\/avatar\\\/b4327cfa27e9799da239a26adcd534fc29cdc0c4a4a148eecbcfeb9b42c617ac?s=96&d=mm&r=g\",\"contentUrl\":\"https:\\\/\\\/secure.gravatar.com\\\/avatar\\\/b4327cfa27e9799da239a26adcd534fc29cdc0c4a4a148eecbcfeb9b42c617ac?s=96&d=mm&r=g\",\"caption\":\"Pe. Andr\u00e9\"},\"sameAs\":[\"https:\\\/\\\/www.ecclesia.org.br\"]}]}<\/script>\n<!-- \/ Yoast SEO plugin. -->","yoast_head_json":{"title":"As conclus\u00f5es do encontro de espiritualidade ortodoxa em Bose | ECCLESIA NEWS","robots":{"index":"index","follow":"follow","max-snippet":"max-snippet:-1","max-image-preview":"max-image-preview:large","max-video-preview":"max-video-preview:-1"},"canonical":"https:\/\/news.ecclesia.org.br\/?p=23764","og_locale":"pt_BR","og_type":"article","og_title":"As conclus\u00f5es do encontro de espiritualidade ortodoxa em Bose | ECCLESIA NEWS","og_description":"Bose (RV) \u2013 \u201cUm cora\u00e7\u00e3o que n\u00e3o tem m\u00e3os n\u00e3o \u00e9 disc\u00edpulo de Jesus\u201d. Esta \u00e9 uma das passagens do texto conclusivo da Conven\u00e7\u00e3o Ecum\u00eanica Internacional de Espiritualidade Ortodoxa, realizada no Mosteiro de Bose, It\u00e1lia, de 6 a 9 de&#8230;","og_url":"https:\/\/news.ecclesia.org.br\/?p=23764","og_site_name":"ECCLESIA NEWS","article_publisher":"https:\/\/www.facebook.com\/Ecclesia2025","article_published_time":"2017-09-16T20:19:17+00:00","article_modified_time":"2017-09-16T20:20:49+00:00","og_image":[{"width":640,"height":453,"url":"https:\/\/news.ecclesia.org.br\/wp-content\/uploads\/2017\/09\/bose-espiritualidade-2017.jpg","type":"image\/jpeg"}],"author":"Pe. Andr\u00e9","twitter_card":"summary_large_image","twitter_creator":"@EcclesiaNews","twitter_site":"@EcclesiaNews","twitter_misc":{"Escrito por":"Pe. Andr\u00e9","Est. tempo de leitura":"2 minutos"},"schema":{"@context":"https:\/\/schema.org","@graph":[{"@type":"Article","@id":"https:\/\/news.ecclesia.org.br\/?p=23764#article","isPartOf":{"@id":"https:\/\/news.ecclesia.org.br\/?p=23764"},"author":{"name":"Pe. Andr\u00e9","@id":"https:\/\/news.ecclesia.org.br\/#\/schema\/person\/6f09597f025829745ba414a569f63758"},"headline":"As conclus\u00f5es do encontro de espiritualidade ortodoxa em Bose","datePublished":"2017-09-16T20:19:17+00:00","dateModified":"2017-09-16T20:20:49+00:00","mainEntityOfPage":{"@id":"https:\/\/news.ecclesia.org.br\/?p=23764"},"wordCount":312,"commentCount":0,"publisher":{"@id":"https:\/\/news.ecclesia.org.br\/#organization"},"image":{"@id":"https:\/\/news.ecclesia.org.br\/?p=23764#primaryimage"},"thumbnailUrl":"https:\/\/news.ecclesia.org.br\/wp-content\/uploads\/2017\/09\/bose-espiritualidade-2017.jpg","articleSection":["NEWS"],"inLanguage":"pt-BR","potentialAction":[{"@type":"CommentAction","name":"Comment","target":["https:\/\/news.ecclesia.org.br\/?p=23764#respond"]}]},{"@type":"WebPage","@id":"https:\/\/news.ecclesia.org.br\/?p=23764","url":"https:\/\/news.ecclesia.org.br\/?p=23764","name":"As conclus\u00f5es do encontro de espiritualidade ortodoxa em Bose | ECCLESIA NEWS","isPartOf":{"@id":"https:\/\/news.ecclesia.org.br\/#website"},"primaryImageOfPage":{"@id":"https:\/\/news.ecclesia.org.br\/?p=23764#primaryimage"},"image":{"@id":"https:\/\/news.ecclesia.org.br\/?p=23764#primaryimage"},"thumbnailUrl":"https:\/\/news.ecclesia.org.br\/wp-content\/uploads\/2017\/09\/bose-espiritualidade-2017.jpg","datePublished":"2017-09-16T20:19:17+00:00","dateModified":"2017-09-16T20:20:49+00:00","breadcrumb":{"@id":"https:\/\/news.ecclesia.org.br\/?p=23764#breadcrumb"},"inLanguage":"pt-BR","potentialAction":[{"@type":"ReadAction","target":["https:\/\/news.ecclesia.org.br\/?p=23764"]}]},{"@type":"ImageObject","inLanguage":"pt-BR","@id":"https:\/\/news.ecclesia.org.br\/?p=23764#primaryimage","url":"https:\/\/news.ecclesia.org.br\/wp-content\/uploads\/2017\/09\/bose-espiritualidade-2017.jpg","contentUrl":"https:\/\/news.ecclesia.org.br\/wp-content\/uploads\/2017\/09\/bose-espiritualidade-2017.jpg","width":640,"height":453,"caption":"Capela do Mosteiro de Bose - RV"},{"@type":"BreadcrumbList","@id":"https:\/\/news.ecclesia.org.br\/?p=23764#breadcrumb","itemListElement":[{"@type":"ListItem","position":1,"name":"In\u00edcio","item":"https:\/\/news.ecclesia.org.br\/"},{"@type":"ListItem","position":2,"name":"As conclus\u00f5es do encontro de espiritualidade ortodoxa em Bose"}]},{"@type":"WebSite","@id":"https:\/\/news.ecclesia.org.br\/#website","url":"https:\/\/news.ecclesia.org.br\/","name":"Ecclesia Brasil","description":"Desde 2003 onectando o Brasil ao mundo ortodoxo!","publisher":{"@id":"https:\/\/news.ecclesia.org.br\/#organization"},"alternateName":"Ecclesia","potentialAction":[{"@type":"SearchAction","target":{"@type":"EntryPoint","urlTemplate":"https:\/\/news.ecclesia.org.br\/?s={search_term_string}"},"query-input":{"@type":"PropertyValueSpecification","valueRequired":true,"valueName":"search_term_string"}}],"inLanguage":"pt-BR"},{"@type":"Organization","@id":"https:\/\/news.ecclesia.org.br\/#organization","name":"Sacra Arquidiocese de Buenos Aires e Am\u00e9rica do Sul | Patriarcado Ecum\u00eanico","alternateName":"News Ecclesia Brasil","url":"https:\/\/news.ecclesia.org.br\/","logo":{"@type":"ImageObject","inLanguage":"pt-BR","@id":"https:\/\/news.ecclesia.org.br\/#\/schema\/logo\/image\/","url":"https:\/\/news.ecclesia.org.br\/wp-content\/uploads\/2025\/05\/ecclesia2.png","contentUrl":"https:\/\/news.ecclesia.org.br\/wp-content\/uploads\/2025\/05\/ecclesia2.png","width":480,"height":120,"caption":"Sacra Arquidiocese de Buenos Aires e Am\u00e9rica do Sul | Patriarcado Ecum\u00eanico"},"image":{"@id":"https:\/\/news.ecclesia.org.br\/#\/schema\/logo\/image\/"},"sameAs":["https:\/\/www.facebook.com\/Ecclesia2025","https:\/\/x.com\/EcclesiaNews","https:\/\/br.pinterest.com\/ekklisia\/","https:\/\/www.youtube.com\/@EcclesiaBrasil"]},{"@type":"Person","@id":"https:\/\/news.ecclesia.org.br\/#\/schema\/person\/6f09597f025829745ba414a569f63758","name":"Pe. Andr\u00e9","image":{"@type":"ImageObject","inLanguage":"pt-BR","@id":"https:\/\/secure.gravatar.com\/avatar\/b4327cfa27e9799da239a26adcd534fc29cdc0c4a4a148eecbcfeb9b42c617ac?s=96&d=mm&r=g","url":"https:\/\/secure.gravatar.com\/avatar\/b4327cfa27e9799da239a26adcd534fc29cdc0c4a4a148eecbcfeb9b42c617ac?s=96&d=mm&r=g","contentUrl":"https:\/\/secure.gravatar.com\/avatar\/b4327cfa27e9799da239a26adcd534fc29cdc0c4a4a148eecbcfeb9b42c617ac?s=96&d=mm&r=g","caption":"Pe. Andr\u00e9"},"sameAs":["https:\/\/www.ecclesia.org.br"]}]}},"_links":{"self":[{"href":"https:\/\/news.ecclesia.org.br\/index.php?rest_route=\/wp\/v2\/posts\/23764","targetHints":{"allow":["GET"]}}],"collection":[{"href":"https:\/\/news.ecclesia.org.br\/index.php?rest_route=\/wp\/v2\/posts"}],"about":[{"href":"https:\/\/news.ecclesia.org.br\/index.php?rest_route=\/wp\/v2\/types\/post"}],"author":[{"embeddable":true,"href":"https:\/\/news.ecclesia.org.br\/index.php?rest_route=\/wp\/v2\/users\/1"}],"replies":[{"embeddable":true,"href":"https:\/\/news.ecclesia.org.br\/index.php?rest_route=%2Fwp%2Fv2%2Fcomments&post=23764"}],"version-history":[{"count":0,"href":"https:\/\/news.ecclesia.org.br\/index.php?rest_route=\/wp\/v2\/posts\/23764\/revisions"}],"wp:featuredmedia":[{"embeddable":true,"href":"https:\/\/news.ecclesia.org.br\/index.php?rest_route=\/wp\/v2\/media\/23765"}],"wp:attachment":[{"href":"https:\/\/news.ecclesia.org.br\/index.php?rest_route=%2Fwp%2Fv2%2Fmedia&parent=23764"}],"wp:term":[{"taxonomy":"category","embeddable":true,"href":"https:\/\/news.ecclesia.org.br\/index.php?rest_route=%2Fwp%2Fv2%2Fcategories&post=23764"},{"taxonomy":"post_tag","embeddable":true,"href":"https:\/\/news.ecclesia.org.br\/index.php?rest_route=%2Fwp%2Fv2%2Ftags&post=23764"}],"curies":[{"name":"wp","href":"https:\/\/api.w.org\/{rel}","templated":true}]}}