{"id":23756,"date":"2017-09-14T17:14:54","date_gmt":"2017-09-14T17:14:54","guid":{"rendered":"https:\/\/news.ecclesia.org.br\/2013\/?p=23756"},"modified":"2017-09-14T17:14:54","modified_gmt":"2017-09-14T17:14:54","slug":"bispos-sequestrados-na-siria-rezamos-sempre-por-eles-diz-patriarca-de-antioquia","status":"publish","type":"post","link":"https:\/\/news.ecclesia.org.br\/?p=23756","title":{"rendered":"Bispos sequestrados na S\u00edria: &#8220;rezamos sempre por eles&#8221;, diz Patriarca de Antioquia"},"content":{"rendered":"<figure id=\"attachment_23758\" aria-describedby=\"caption-attachment-23758\" style=\"width: 300px\" class=\"wp-caption alignleft\"><a href=\"https:\/\/news.ecclesia.org.br\/2013\/wp-content\/uploads\/2017\/09\/bispos-ortodoxos-sequestrados.jpg\"><img decoding=\"async\" class=\"size-medium wp-image-23758\" src=\"https:\/\/news.ecclesia.org.br\/2013\/wp-content\/uploads\/2017\/09\/bispos-ortodoxos-sequestrados-300x125.jpg\" alt=\"\" width=\"300\" height=\"125\" srcset=\"https:\/\/news.ecclesia.org.br\/wp-content\/uploads\/2017\/09\/bispos-ortodoxos-sequestrados-300x125.jpg 300w, https:\/\/news.ecclesia.org.br\/wp-content\/uploads\/2017\/09\/bispos-ortodoxos-sequestrados-600x249.jpg 600w, https:\/\/news.ecclesia.org.br\/wp-content\/uploads\/2017\/09\/bispos-ortodoxos-sequestrados-132x55.jpg 132w, https:\/\/news.ecclesia.org.br\/wp-content\/uploads\/2017\/09\/bispos-ortodoxos-sequestrados.jpg 640w\" sizes=\"(max-width: 300px) 100vw, 300px\" \/><\/a><figcaption id=\"caption-attachment-23758\" class=\"wp-caption-text\">Os dois Bispos sequestrados em Aleppo, Paul Yazigi e Mor Gregorious Yohanna Ibrahim<\/figcaption><\/figure>\n<p style=\"text-align: justify;\">M\u00fcnster (RV) \u2013 <strong>\u201cN\u00f3s estamos sempre em ora\u00e7\u00e3o cont\u00ednua por eles. Sempre temos a esperan\u00e7a\u201d<\/strong>.<\/p>\n<p style=\"text-align: justify;\">N\u00e3o obstante os quatro anos de sil\u00eancio, os dois Bispos sequestrados em Aleppo, Paul Yazigi e Mor Gregorious Yohanna Ibrahim, ainda est\u00e3o vivos. Esta certeza traz no cora\u00e7\u00e3o o Patriarca Greco-ortodoxo de Antioquia e de todo o Oriente, Jo\u00e3o X, irm\u00e3o de Dom Paulo Yazigidi.<\/p>\n<blockquote>\n<p style=\"text-align: justify;\">\u201cEste sequestro \u00e9 algo muito doloroso para n\u00f3s. A esperan\u00e7a na S\u00edria n\u00e3o morre, n\u00e3o obstante a viol\u00eancia sangrenta que se abateu sobre o pa\u00eds. N\u00e3o obstante o sil\u00eancio indiferente e a in\u00e9rcia culp\u00e1vel da comunidade internacional. Resta esperar, que significa permanecer radicados como crist\u00e3os nesta terra, fi\u00e9is a uma hist\u00f3ria que tem suas ra\u00edzes nos tempos dos ap\u00f3stolos\u201d.<\/p>\n<\/blockquote>\n<p style=\"text-align: justify;\">Tamb\u00e9m o Arcebispo arm\u00eanio-cat\u00f3lico de Aleppo, Dom Boutros Marayati, lan\u00e7ou um apelo na cerim\u00f4nia final do Encontro Internacional \u201cCaminhos de paz\u201d organizado pela Comunidade de Santo Eg\u00eddio em M\u00fcnster e Osnabruck, Alemanha:<\/p>\n<blockquote>\n<p style=\"text-align: justify;\">\u201cAleppo espera o retorno dos seus bispos e sacerdotes sequestrados, espera o fim da guerra\u201d. \u201cA guerra n\u00e3o se combate com a guerra, mas com o di\u00e1logo, com o perd\u00e3o, com a reconcilia\u00e7\u00e3o e com a vontade de come\u00e7ar uma nova vida caminhando por caminhos de paz\u201d.<\/p>\n<\/blockquote>\n<p style=\"text-align: justify;\">O prelado, \u00e0 frente da comunidade arm\u00eania da cidade s\u00edmbolo do longo conflito s\u00edrio, recordou os bispos de Aleppo e todas as crian\u00e7as, mulheres e refugiados que esperam a volta da paz.<\/p>\n<blockquote>\n<p style=\"text-align: justify;\">\u201cDe todos eles \u2013 afirmou \u2013 sobe o grito \u201cnunca mais a guerra\u201d \u2013 porque a guerra \u00e9 sempre uma trag\u00e9dia in\u00fatil\u201d.<\/p>\n<\/blockquote>\n<p style=\"text-align: justify;\">Os dois prelados foram sequestrados em 22 de abril de 2013 pr\u00f3ximos \u00e0 fronteira com a Turquia quando se dirigiam para Aleppo.<\/p>\n<p style=\"text-align: justify;\">Eles foram parados por homens armados que os intimaram, junto com o motorista, a descer do carro. Depois de terem assassinado o motorista no local, levaram os dois bispos a um local desconhecido. Desde ent\u00e3o soube-se apenas de not\u00edcias contradit\u00f3rias a respeito do paradeiro deles, intercaladas por longos per\u00edodos de sil\u00eancio.<\/p>\n<hr \/>\n<p style=\"text-align: right;\">Fonte: <a href=\"http:\/\/br.radiovaticana.va\/news\/2017\/09\/13\/bispos_sequestrados_na_s%C3%ADria_rezamos_sempre_por_eles\/1336677\" target=\"_blank\" rel=\"noopener\">R\u00e1dio Vaticana<\/a> | (JE)<\/p>\n","protected":false},"excerpt":{"rendered":"<p>M\u00fcnster (RV) \u2013 \u201cN\u00f3s estamos sempre em ora\u00e7\u00e3o cont\u00ednua por eles. Sempre temos a esperan\u00e7a\u201d. N\u00e3o obstante os quatro anos de sil\u00eancio, os dois Bispos sequestrados em Aleppo, Paul Yazigi e Mor Gregorious Yohanna Ibrahim, ainda est\u00e3o vivos. Esta certeza&#8230;<\/p>\n","protected":false},"author":1,"featured_media":23758,"comment_status":"open","ping_status":"open","sticky":false,"template":"","format":"standard","meta":{"_acf_changed":false,"footnotes":""},"categories":[1],"tags":[],"class_list":["post-23756","post","type-post","status-publish","format-standard","has-post-thumbnail","hentry","category-news","entry","rows-excerpt"],"acf":[],"yoast_head":"<!-- This site is optimized with the Yoast SEO plugin v27.5 - https:\/\/yoast.com\/product\/yoast-seo-wordpress\/ -->\n<title>Bispos sequestrados na S\u00edria: &quot;rezamos sempre por eles&quot;, diz Patriarca de Antioquia | ECCLESIA NEWS<\/title>\n<meta name=\"robots\" content=\"index, follow, max-snippet:-1, max-image-preview:large, max-video-preview:-1\" \/>\n<link rel=\"canonical\" href=\"https:\/\/news.ecclesia.org.br\/?p=23756\" \/>\n<meta property=\"og:locale\" content=\"pt_BR\" \/>\n<meta property=\"og:type\" content=\"article\" \/>\n<meta property=\"og:title\" content=\"Bispos sequestrados na S\u00edria: &quot;rezamos sempre por eles&quot;, diz Patriarca de Antioquia | ECCLESIA NEWS\" \/>\n<meta property=\"og:description\" content=\"M\u00fcnster (RV) \u2013 \u201cN\u00f3s estamos sempre em ora\u00e7\u00e3o cont\u00ednua por eles. Sempre temos a esperan\u00e7a\u201d. N\u00e3o obstante os quatro anos de sil\u00eancio, os dois Bispos sequestrados em Aleppo, Paul Yazigi e Mor Gregorious Yohanna Ibrahim, ainda est\u00e3o vivos. Esta certeza&#8230;\" \/>\n<meta property=\"og:url\" content=\"https:\/\/news.ecclesia.org.br\/?p=23756\" \/>\n<meta property=\"og:site_name\" content=\"ECCLESIA NEWS\" \/>\n<meta property=\"article:publisher\" content=\"https:\/\/www.facebook.com\/Ecclesia2025\" \/>\n<meta property=\"article:published_time\" content=\"2017-09-14T17:14:54+00:00\" \/>\n<meta property=\"og:image\" content=\"https:\/\/news.ecclesia.org.br\/wp-content\/uploads\/2017\/09\/bispos-ortodoxos-sequestrados.jpg\" \/>\n\t<meta property=\"og:image:width\" content=\"640\" \/>\n\t<meta property=\"og:image:height\" content=\"266\" \/>\n\t<meta property=\"og:image:type\" content=\"image\/jpeg\" \/>\n<meta name=\"author\" content=\"Pe. Andr\u00e9\" \/>\n<meta name=\"twitter:card\" content=\"summary_large_image\" \/>\n<meta name=\"twitter:creator\" content=\"@EcclesiaNews\" \/>\n<meta name=\"twitter:site\" content=\"@EcclesiaNews\" \/>\n<meta name=\"twitter:label1\" content=\"Escrito por\" \/>\n\t<meta name=\"twitter:data1\" content=\"Pe. Andr\u00e9\" \/>\n\t<meta name=\"twitter:label2\" content=\"Est. tempo de leitura\" \/>\n\t<meta name=\"twitter:data2\" content=\"2 minutos\" \/>\n<script type=\"application\/ld+json\" class=\"yoast-schema-graph\">{\"@context\":\"https:\\\/\\\/schema.org\",\"@graph\":[{\"@type\":\"Article\",\"@id\":\"https:\\\/\\\/news.ecclesia.org.br\\\/?p=23756#article\",\"isPartOf\":{\"@id\":\"https:\\\/\\\/news.ecclesia.org.br\\\/?p=23756\"},\"author\":{\"name\":\"Pe. Andr\u00e9\",\"@id\":\"https:\\\/\\\/news.ecclesia.org.br\\\/#\\\/schema\\\/person\\\/6f09597f025829745ba414a569f63758\"},\"headline\":\"Bispos sequestrados na S\u00edria: &#8220;rezamos sempre por eles&#8221;, diz Patriarca de Antioquia\",\"datePublished\":\"2017-09-14T17:14:54+00:00\",\"mainEntityOfPage\":{\"@id\":\"https:\\\/\\\/news.ecclesia.org.br\\\/?p=23756\"},\"wordCount\":404,\"commentCount\":0,\"publisher\":{\"@id\":\"https:\\\/\\\/news.ecclesia.org.br\\\/#organization\"},\"image\":{\"@id\":\"https:\\\/\\\/news.ecclesia.org.br\\\/?p=23756#primaryimage\"},\"thumbnailUrl\":\"https:\\\/\\\/news.ecclesia.org.br\\\/wp-content\\\/uploads\\\/2017\\\/09\\\/bispos-ortodoxos-sequestrados.jpg\",\"articleSection\":[\"NEWS\"],\"inLanguage\":\"pt-BR\",\"potentialAction\":[{\"@type\":\"CommentAction\",\"name\":\"Comment\",\"target\":[\"https:\\\/\\\/news.ecclesia.org.br\\\/?p=23756#respond\"]}]},{\"@type\":\"WebPage\",\"@id\":\"https:\\\/\\\/news.ecclesia.org.br\\\/?p=23756\",\"url\":\"https:\\\/\\\/news.ecclesia.org.br\\\/?p=23756\",\"name\":\"Bispos sequestrados na S\u00edria: \\\"rezamos sempre por eles\\\", diz Patriarca de Antioquia | ECCLESIA NEWS\",\"isPartOf\":{\"@id\":\"https:\\\/\\\/news.ecclesia.org.br\\\/#website\"},\"primaryImageOfPage\":{\"@id\":\"https:\\\/\\\/news.ecclesia.org.br\\\/?p=23756#primaryimage\"},\"image\":{\"@id\":\"https:\\\/\\\/news.ecclesia.org.br\\\/?p=23756#primaryimage\"},\"thumbnailUrl\":\"https:\\\/\\\/news.ecclesia.org.br\\\/wp-content\\\/uploads\\\/2017\\\/09\\\/bispos-ortodoxos-sequestrados.jpg\",\"datePublished\":\"2017-09-14T17:14:54+00:00\",\"breadcrumb\":{\"@id\":\"https:\\\/\\\/news.ecclesia.org.br\\\/?p=23756#breadcrumb\"},\"inLanguage\":\"pt-BR\",\"potentialAction\":[{\"@type\":\"ReadAction\",\"target\":[\"https:\\\/\\\/news.ecclesia.org.br\\\/?p=23756\"]}]},{\"@type\":\"ImageObject\",\"inLanguage\":\"pt-BR\",\"@id\":\"https:\\\/\\\/news.ecclesia.org.br\\\/?p=23756#primaryimage\",\"url\":\"https:\\\/\\\/news.ecclesia.org.br\\\/wp-content\\\/uploads\\\/2017\\\/09\\\/bispos-ortodoxos-sequestrados.jpg\",\"contentUrl\":\"https:\\\/\\\/news.ecclesia.org.br\\\/wp-content\\\/uploads\\\/2017\\\/09\\\/bispos-ortodoxos-sequestrados.jpg\",\"width\":640,\"height\":266,\"caption\":\"Os dois Bispos sequestrados em Aleppo, Paul Yazigi e Mor Gregorious Yohanna Ibrahim\"},{\"@type\":\"BreadcrumbList\",\"@id\":\"https:\\\/\\\/news.ecclesia.org.br\\\/?p=23756#breadcrumb\",\"itemListElement\":[{\"@type\":\"ListItem\",\"position\":1,\"name\":\"In\u00edcio\",\"item\":\"https:\\\/\\\/news.ecclesia.org.br\\\/\"},{\"@type\":\"ListItem\",\"position\":2,\"name\":\"Bispos sequestrados na S\u00edria: &#8220;rezamos sempre por eles&#8221;, diz Patriarca de Antioquia\"}]},{\"@type\":\"WebSite\",\"@id\":\"https:\\\/\\\/news.ecclesia.org.br\\\/#website\",\"url\":\"https:\\\/\\\/news.ecclesia.org.br\\\/\",\"name\":\"Ecclesia Brasil\",\"description\":\"Desde 2003 onectando o Brasil ao mundo ortodoxo!\",\"publisher\":{\"@id\":\"https:\\\/\\\/news.ecclesia.org.br\\\/#organization\"},\"alternateName\":\"Ecclesia\",\"potentialAction\":[{\"@type\":\"SearchAction\",\"target\":{\"@type\":\"EntryPoint\",\"urlTemplate\":\"https:\\\/\\\/news.ecclesia.org.br\\\/?s={search_term_string}\"},\"query-input\":{\"@type\":\"PropertyValueSpecification\",\"valueRequired\":true,\"valueName\":\"search_term_string\"}}],\"inLanguage\":\"pt-BR\"},{\"@type\":\"Organization\",\"@id\":\"https:\\\/\\\/news.ecclesia.org.br\\\/#organization\",\"name\":\"Sacra Arquidiocese de Buenos Aires e Am\u00e9rica do Sul | Patriarcado Ecum\u00eanico\",\"alternateName\":\"News Ecclesia Brasil\",\"url\":\"https:\\\/\\\/news.ecclesia.org.br\\\/\",\"logo\":{\"@type\":\"ImageObject\",\"inLanguage\":\"pt-BR\",\"@id\":\"https:\\\/\\\/news.ecclesia.org.br\\\/#\\\/schema\\\/logo\\\/image\\\/\",\"url\":\"https:\\\/\\\/news.ecclesia.org.br\\\/wp-content\\\/uploads\\\/2025\\\/05\\\/ecclesia2.png\",\"contentUrl\":\"https:\\\/\\\/news.ecclesia.org.br\\\/wp-content\\\/uploads\\\/2025\\\/05\\\/ecclesia2.png\",\"width\":480,\"height\":120,\"caption\":\"Sacra Arquidiocese de Buenos Aires e Am\u00e9rica do Sul | Patriarcado Ecum\u00eanico\"},\"image\":{\"@id\":\"https:\\\/\\\/news.ecclesia.org.br\\\/#\\\/schema\\\/logo\\\/image\\\/\"},\"sameAs\":[\"https:\\\/\\\/www.facebook.com\\\/Ecclesia2025\",\"https:\\\/\\\/x.com\\\/EcclesiaNews\",\"https:\\\/\\\/br.pinterest.com\\\/ekklisia\\\/\",\"https:\\\/\\\/www.youtube.com\\\/@EcclesiaBrasil\"]},{\"@type\":\"Person\",\"@id\":\"https:\\\/\\\/news.ecclesia.org.br\\\/#\\\/schema\\\/person\\\/6f09597f025829745ba414a569f63758\",\"name\":\"Pe. Andr\u00e9\",\"image\":{\"@type\":\"ImageObject\",\"inLanguage\":\"pt-BR\",\"@id\":\"https:\\\/\\\/secure.gravatar.com\\\/avatar\\\/b4327cfa27e9799da239a26adcd534fc29cdc0c4a4a148eecbcfeb9b42c617ac?s=96&d=mm&r=g\",\"url\":\"https:\\\/\\\/secure.gravatar.com\\\/avatar\\\/b4327cfa27e9799da239a26adcd534fc29cdc0c4a4a148eecbcfeb9b42c617ac?s=96&d=mm&r=g\",\"contentUrl\":\"https:\\\/\\\/secure.gravatar.com\\\/avatar\\\/b4327cfa27e9799da239a26adcd534fc29cdc0c4a4a148eecbcfeb9b42c617ac?s=96&d=mm&r=g\",\"caption\":\"Pe. Andr\u00e9\"},\"sameAs\":[\"https:\\\/\\\/www.ecclesia.org.br\"]}]}<\/script>\n<!-- \/ Yoast SEO plugin. -->","yoast_head_json":{"title":"Bispos sequestrados na S\u00edria: \"rezamos sempre por eles\", diz Patriarca de Antioquia | ECCLESIA NEWS","robots":{"index":"index","follow":"follow","max-snippet":"max-snippet:-1","max-image-preview":"max-image-preview:large","max-video-preview":"max-video-preview:-1"},"canonical":"https:\/\/news.ecclesia.org.br\/?p=23756","og_locale":"pt_BR","og_type":"article","og_title":"Bispos sequestrados na S\u00edria: \"rezamos sempre por eles\", diz Patriarca de Antioquia | ECCLESIA NEWS","og_description":"M\u00fcnster (RV) \u2013 \u201cN\u00f3s estamos sempre em ora\u00e7\u00e3o cont\u00ednua por eles. Sempre temos a esperan\u00e7a\u201d. N\u00e3o obstante os quatro anos de sil\u00eancio, os dois Bispos sequestrados em Aleppo, Paul Yazigi e Mor Gregorious Yohanna Ibrahim, ainda est\u00e3o vivos. Esta certeza&#8230;","og_url":"https:\/\/news.ecclesia.org.br\/?p=23756","og_site_name":"ECCLESIA NEWS","article_publisher":"https:\/\/www.facebook.com\/Ecclesia2025","article_published_time":"2017-09-14T17:14:54+00:00","og_image":[{"width":640,"height":266,"url":"https:\/\/news.ecclesia.org.br\/wp-content\/uploads\/2017\/09\/bispos-ortodoxos-sequestrados.jpg","type":"image\/jpeg"}],"author":"Pe. Andr\u00e9","twitter_card":"summary_large_image","twitter_creator":"@EcclesiaNews","twitter_site":"@EcclesiaNews","twitter_misc":{"Escrito por":"Pe. Andr\u00e9","Est. tempo de leitura":"2 minutos"},"schema":{"@context":"https:\/\/schema.org","@graph":[{"@type":"Article","@id":"https:\/\/news.ecclesia.org.br\/?p=23756#article","isPartOf":{"@id":"https:\/\/news.ecclesia.org.br\/?p=23756"},"author":{"name":"Pe. Andr\u00e9","@id":"https:\/\/news.ecclesia.org.br\/#\/schema\/person\/6f09597f025829745ba414a569f63758"},"headline":"Bispos sequestrados na S\u00edria: &#8220;rezamos sempre por eles&#8221;, diz Patriarca de Antioquia","datePublished":"2017-09-14T17:14:54+00:00","mainEntityOfPage":{"@id":"https:\/\/news.ecclesia.org.br\/?p=23756"},"wordCount":404,"commentCount":0,"publisher":{"@id":"https:\/\/news.ecclesia.org.br\/#organization"},"image":{"@id":"https:\/\/news.ecclesia.org.br\/?p=23756#primaryimage"},"thumbnailUrl":"https:\/\/news.ecclesia.org.br\/wp-content\/uploads\/2017\/09\/bispos-ortodoxos-sequestrados.jpg","articleSection":["NEWS"],"inLanguage":"pt-BR","potentialAction":[{"@type":"CommentAction","name":"Comment","target":["https:\/\/news.ecclesia.org.br\/?p=23756#respond"]}]},{"@type":"WebPage","@id":"https:\/\/news.ecclesia.org.br\/?p=23756","url":"https:\/\/news.ecclesia.org.br\/?p=23756","name":"Bispos sequestrados na S\u00edria: \"rezamos sempre por eles\", diz Patriarca de Antioquia | ECCLESIA NEWS","isPartOf":{"@id":"https:\/\/news.ecclesia.org.br\/#website"},"primaryImageOfPage":{"@id":"https:\/\/news.ecclesia.org.br\/?p=23756#primaryimage"},"image":{"@id":"https:\/\/news.ecclesia.org.br\/?p=23756#primaryimage"},"thumbnailUrl":"https:\/\/news.ecclesia.org.br\/wp-content\/uploads\/2017\/09\/bispos-ortodoxos-sequestrados.jpg","datePublished":"2017-09-14T17:14:54+00:00","breadcrumb":{"@id":"https:\/\/news.ecclesia.org.br\/?p=23756#breadcrumb"},"inLanguage":"pt-BR","potentialAction":[{"@type":"ReadAction","target":["https:\/\/news.ecclesia.org.br\/?p=23756"]}]},{"@type":"ImageObject","inLanguage":"pt-BR","@id":"https:\/\/news.ecclesia.org.br\/?p=23756#primaryimage","url":"https:\/\/news.ecclesia.org.br\/wp-content\/uploads\/2017\/09\/bispos-ortodoxos-sequestrados.jpg","contentUrl":"https:\/\/news.ecclesia.org.br\/wp-content\/uploads\/2017\/09\/bispos-ortodoxos-sequestrados.jpg","width":640,"height":266,"caption":"Os dois Bispos sequestrados em Aleppo, Paul Yazigi e Mor Gregorious Yohanna Ibrahim"},{"@type":"BreadcrumbList","@id":"https:\/\/news.ecclesia.org.br\/?p=23756#breadcrumb","itemListElement":[{"@type":"ListItem","position":1,"name":"In\u00edcio","item":"https:\/\/news.ecclesia.org.br\/"},{"@type":"ListItem","position":2,"name":"Bispos sequestrados na S\u00edria: &#8220;rezamos sempre por eles&#8221;, diz Patriarca de Antioquia"}]},{"@type":"WebSite","@id":"https:\/\/news.ecclesia.org.br\/#website","url":"https:\/\/news.ecclesia.org.br\/","name":"Ecclesia Brasil","description":"Desde 2003 onectando o Brasil ao mundo ortodoxo!","publisher":{"@id":"https:\/\/news.ecclesia.org.br\/#organization"},"alternateName":"Ecclesia","potentialAction":[{"@type":"SearchAction","target":{"@type":"EntryPoint","urlTemplate":"https:\/\/news.ecclesia.org.br\/?s={search_term_string}"},"query-input":{"@type":"PropertyValueSpecification","valueRequired":true,"valueName":"search_term_string"}}],"inLanguage":"pt-BR"},{"@type":"Organization","@id":"https:\/\/news.ecclesia.org.br\/#organization","name":"Sacra Arquidiocese de Buenos Aires e Am\u00e9rica do Sul | Patriarcado Ecum\u00eanico","alternateName":"News Ecclesia Brasil","url":"https:\/\/news.ecclesia.org.br\/","logo":{"@type":"ImageObject","inLanguage":"pt-BR","@id":"https:\/\/news.ecclesia.org.br\/#\/schema\/logo\/image\/","url":"https:\/\/news.ecclesia.org.br\/wp-content\/uploads\/2025\/05\/ecclesia2.png","contentUrl":"https:\/\/news.ecclesia.org.br\/wp-content\/uploads\/2025\/05\/ecclesia2.png","width":480,"height":120,"caption":"Sacra Arquidiocese de Buenos Aires e Am\u00e9rica do Sul | Patriarcado Ecum\u00eanico"},"image":{"@id":"https:\/\/news.ecclesia.org.br\/#\/schema\/logo\/image\/"},"sameAs":["https:\/\/www.facebook.com\/Ecclesia2025","https:\/\/x.com\/EcclesiaNews","https:\/\/br.pinterest.com\/ekklisia\/","https:\/\/www.youtube.com\/@EcclesiaBrasil"]},{"@type":"Person","@id":"https:\/\/news.ecclesia.org.br\/#\/schema\/person\/6f09597f025829745ba414a569f63758","name":"Pe. Andr\u00e9","image":{"@type":"ImageObject","inLanguage":"pt-BR","@id":"https:\/\/secure.gravatar.com\/avatar\/b4327cfa27e9799da239a26adcd534fc29cdc0c4a4a148eecbcfeb9b42c617ac?s=96&d=mm&r=g","url":"https:\/\/secure.gravatar.com\/avatar\/b4327cfa27e9799da239a26adcd534fc29cdc0c4a4a148eecbcfeb9b42c617ac?s=96&d=mm&r=g","contentUrl":"https:\/\/secure.gravatar.com\/avatar\/b4327cfa27e9799da239a26adcd534fc29cdc0c4a4a148eecbcfeb9b42c617ac?s=96&d=mm&r=g","caption":"Pe. Andr\u00e9"},"sameAs":["https:\/\/www.ecclesia.org.br"]}]}},"_links":{"self":[{"href":"https:\/\/news.ecclesia.org.br\/index.php?rest_route=\/wp\/v2\/posts\/23756","targetHints":{"allow":["GET"]}}],"collection":[{"href":"https:\/\/news.ecclesia.org.br\/index.php?rest_route=\/wp\/v2\/posts"}],"about":[{"href":"https:\/\/news.ecclesia.org.br\/index.php?rest_route=\/wp\/v2\/types\/post"}],"author":[{"embeddable":true,"href":"https:\/\/news.ecclesia.org.br\/index.php?rest_route=\/wp\/v2\/users\/1"}],"replies":[{"embeddable":true,"href":"https:\/\/news.ecclesia.org.br\/index.php?rest_route=%2Fwp%2Fv2%2Fcomments&post=23756"}],"version-history":[{"count":0,"href":"https:\/\/news.ecclesia.org.br\/index.php?rest_route=\/wp\/v2\/posts\/23756\/revisions"}],"wp:featuredmedia":[{"embeddable":true,"href":"https:\/\/news.ecclesia.org.br\/index.php?rest_route=\/wp\/v2\/media\/23758"}],"wp:attachment":[{"href":"https:\/\/news.ecclesia.org.br\/index.php?rest_route=%2Fwp%2Fv2%2Fmedia&parent=23756"}],"wp:term":[{"taxonomy":"category","embeddable":true,"href":"https:\/\/news.ecclesia.org.br\/index.php?rest_route=%2Fwp%2Fv2%2Fcategories&post=23756"},{"taxonomy":"post_tag","embeddable":true,"href":"https:\/\/news.ecclesia.org.br\/index.php?rest_route=%2Fwp%2Fv2%2Ftags&post=23756"}],"curies":[{"name":"wp","href":"https:\/\/api.w.org\/{rel}","templated":true}]}}