{"id":23752,"date":"2017-09-08T00:16:01","date_gmt":"2017-09-08T00:16:01","guid":{"rendered":"https:\/\/news.ecclesia.org.br\/2013\/?p=23752"},"modified":"2017-09-08T00:16:01","modified_gmt":"2017-09-08T00:16:01","slug":"dom-da-hospitalidade-e-o-tema-do-encontro-internacional-de-espiritualidade-ortodoxa-em-bose","status":"publish","type":"post","link":"https:\/\/news.ecclesia.org.br\/?p=23752","title":{"rendered":"&#8220;Dom da hospitalidade&#8221; \u00e9 o tema do Encontro Internacional de Espiritualidade Ortodoxa, em Bose"},"content":{"rendered":"<figure id=\"attachment_23753\" aria-describedby=\"caption-attachment-23753\" style=\"width: 300px\" class=\"wp-caption alignleft\"><a href=\"https:\/\/news.ecclesia.org.br\/2013\/wp-content\/uploads\/2017\/09\/1554083_Articolo.jpg\"><img fetchpriority=\"high\" decoding=\"async\" class=\"size-medium wp-image-23753\" src=\"https:\/\/news.ecclesia.org.br\/2013\/wp-content\/uploads\/2017\/09\/1554083_Articolo-300x212.jpg\" alt=\"\" width=\"300\" height=\"212\" srcset=\"https:\/\/news.ecclesia.org.br\/wp-content\/uploads\/2017\/09\/1554083_Articolo-300x212.jpg 300w, https:\/\/news.ecclesia.org.br\/wp-content\/uploads\/2017\/09\/1554083_Articolo-600x425.jpg 600w, https:\/\/news.ecclesia.org.br\/wp-content\/uploads\/2017\/09\/1554083_Articolo-78x55.jpg 78w, https:\/\/news.ecclesia.org.br\/wp-content\/uploads\/2017\/09\/1554083_Articolo.jpg 640w\" sizes=\"(max-width: 300px) 100vw, 300px\" \/><\/a><figcaption id=\"caption-attachment-23753\" class=\"wp-caption-text\">Prior da Comunidade de Bose, Enzo Bianchi e Patriarca Bartolomeu<\/figcaption><\/figure>\n<p style=\"text-align: justify;\">Roma (RV) &#8211; &#8220;O dom da hospitalidade&#8221; \u00e9 o tema da XXV edi\u00e7\u00e3o da Conven\u00e7\u00e3o Internacional de Espiritualidade Ortodoxa que se realiza de 6 a 9 de setembro na Comunidade mon\u00e1stica de Bose, em colabora\u00e7\u00e3o com as Igrejas Ortodoxas.<\/p>\n<h3 style=\"text-align: left;\">Abertura<\/h3>\n<p style=\"text-align: justify;\">O encontro foi aberto na quarta-feira com a pronunciamento do Patriarca de Constantinopla Bartolomeu I &#8211; &#8220;Acolher a humanidade em uma terra habit\u00e1vel&#8221; &#8211; e do Patriarca Greco-ortodoxo de Alexandria e de toda a \u00c1frica, Theodoro II &#8211; &#8220;Discernir a b\u00ean\u00e7\u00e3o do estrangeiro&#8221; &#8211; que foi introduzida pelo Prior da Comunidade, Enzo Bianchi, com a confer\u00eancia que teve por tema &#8220;Era estrangeiro e me acolheste&#8221;.<\/p>\n<h3 style=\"text-align: left;\">Objetivos<\/h3>\n<p style=\"text-align: justify;\">Os debates destes dias pretendem buscar caminhos de reconcilia\u00e7\u00e3o entre f\u00e9 e culturas, que muitas vezes se sobrep\u00f5e sem na realidade encontrarem-se, o que gera conflitos e cria espirais de barbariza\u00e7\u00e3o, especialmente em uma \u00e9poca em que dezenas de milhares de homens, mulheres e crian\u00e7as, s\u00e3o privados da pr\u00f3pria casa e da p\u00e1tria pelas guerras, persegui\u00e7\u00f5es, carestia. Situa\u00e7\u00e3o esta que interpela n\u00e3o somente as pol\u00edticas dos pa\u00edses europeus, mas a consci\u00eancia de cada um de n\u00f3s.<\/p>\n<h3 style=\"text-align: left;\">Peregrinos e estrangeiros nesta terra<\/h3>\n<p style=\"text-align: justify;\">Pela tradi\u00e7\u00e3o crist\u00e3, e em particular aquela mon\u00e1stica, reconhecer-se estrangeiros e peregrinos nesta terra \u00e9 o primeiro passo da descoberta daquela regi\u00e3o interior que os Padres mon\u00e1sticos chamavam de &#8220;estrangeirismo&#8221;, onde alicer\u00e7a suas ra\u00edzes tamb\u00e9m a filoxenia, o amor pelo estrangeiro. Antes de ser a resposta a uma emerg\u00eancia humanit\u00e1ria, a hospitalidade \u00e9 um dom para quem a oferece e para quem a recebe.<\/p>\n<p style=\"text-align: justify;\">Gra\u00e7as \u00e0 contribui\u00e7\u00e3o de estudiosos de todo o mundo e a uma troca ecum\u00eanica de alto n\u00edvel entre os expoentes das Igrejas Ortodoxas, da Igreja Cat\u00f3lica e das Igrejas da Reforma, o encontro de Bose deseja aprofundar o sentido espiritual de ser estrangeiros e h\u00f3spedes como dimens\u00e3o essencial do nosso ser irm\u00e3os e irm\u00e3s em humanidade.<\/p>\n<h3 style=\"text-align: left;\">Participantes<\/h3>\n<p style=\"text-align: justify;\">Entre os tantos conferencistas est\u00e3o o Bispo copta Epiphanios de S\u00e3o Mac\u00e1rio, Ir. Alois (Prior da Comunidade de Taiz\u00e9), Pe. Elisseos (Abade do Mosteiro de Simonospetra do Monte Athos), Fotios Ioannidis (Universidade Arist\u00f3teles, Sal\u00f4nico), Pe. Iustinos Sinaitis (Mosteiro de Santa Catarina, Monte Sinai), Pe. Boulos Wehbe (Beirute), Pe Claudio Monge o.p. (Istambul), e tantos outros.<\/p>\n<p style=\"text-align: justify;\">Numerosas delega\u00e7\u00f5es das Igrejas participam do encontro: o Patriarca Ecum\u00eanico Bartolomeu, acompanhado pelo Metropolita na It\u00e1lia Ghennadios e pelo Metropolita Theoliptos, de Ikonio; o Patriarca de Alexandria e de toda a \u00c1frica Theodoro II acompanhado pelos metropolitas Seraphim de Zimbabwe e Grigorios da Rep\u00fablica dos Camar\u00f5es. Tamb\u00e9m se pronunciar\u00e1 o Primaz da Igreja Ortodoxa na Am\u00e9rica, o Metropolita Tikon, que est\u00e1 acompanhado pelo Arcebispo Alexander, de Dallas.<\/p>\n<p style=\"text-align: justify;\">A delega\u00e7\u00e3o do Patriarcado de Moscou \u00e9 guiada pelo Bispo Antonij de Zvenigorod, Vig\u00e1rio de Moscou. A Igreja Ortodoxa ucraniana est\u00e1 representada pelo Arcebispo Filaret de Leopoli e pelo Arquimandrita Filaret (Egorov). J\u00e1 o Bispo Stefan de Gomel representa o Exarcado da Bielor\u00fassia.<\/p>\n<p style=\"text-align: justify;\">Tamb\u00e9m est\u00e3o representados o Patriarca de Antioquia, a Igreja Ortodoxa s\u00e9rvia, a Igreja Ortodoxa romena, a Igreja Ortodoxa b\u00falgara, a Igreja de Chipre, a Igreja da Gr\u00e9cia, a Igreja Ortodoxa da Alb\u00e2nia, a Igreja Apost\u00f3lica Arm\u00eania, a Igreja da Inglaterra.<\/p>\n<p style=\"text-align: justify;\">Representando a Igreja Cat\u00f3lica est\u00e3o o Cardeal Severino Poletto, Arcebispo em\u00e9rito de Turim, o Arcebispo Antonio Mennini (oficial da Secretaria de Estado), os Bispos Gabriele Mana de Biella, Marco Arnolfo de Vercelli, Pier Giorgio Debernardi, Administrador Apost\u00f3lico de Pinerolo, Luigi Bettazzi, Bispo em\u00e9rito de Ivrea, al\u00e9m do Padre Cristiano Bettega, Diretor do Depto para o Ecumenismo e o Di\u00e1logo da CEI.<\/p>\n<p style=\"text-align: justify;\">Padre Hyacinthe Destivelle representa o Pontif\u00edcio Conselho para a Promo\u00e7\u00e3o da Unidade dos Crist\u00e3os e a Dra. Xanthi Morfi representa o Conselho Ecum\u00eanico das Igrejas.<\/p>\n<p style=\"text-align: justify;\">Tamb\u00e9m participam do encontro in\u00fameros monges e monjas do Oriente e Ocidente.<\/p>\n<p style=\"text-align: justify;\">Durante a Conven\u00e7\u00e3o ser\u00e1 apresentado o livro &#8220;Mart\u00edrio e Comunh\u00e3o&#8221; (Qiqajon, 2017), com a colet\u00e2nea dos pronunciamentos da XXIV edi\u00e7\u00e3o, em 2016.<\/p>\n<h3 style=\"text-align: left;\">Refer\u00eancia no di\u00e1logo ecum\u00eanico<\/h3>\n<p style=\"text-align: justify;\">A Conven\u00e7\u00e3o Ecum\u00eanica Internacional de Espiritualidade Ortodoxa tornou-se um ponto de refer\u00eancia internacional para o di\u00e1logo ecum\u00eanico e o estudo da tradi\u00e7\u00e3o espiritual do Oriente crist\u00e3o. \u00c9 uma preciosa ocasi\u00e3o de encontro fraterno, de troca e partilha aberta a todos.<\/p>\n<h3 style=\"text-align: left;\">Papa Francisco<\/h3>\n<p style=\"text-align: justify;\">Na quarta-feira o Papa Francisco enviou uma mensagem exortando os participantes a darem \u201cpassos corajosos e concretos rumo \u00e0 plena unidade\u201d, \u201cacolhendo uns aos outros como dons do Senhor\u201d, \u201ctomando parte na dor daqueles que sofrem e considerando como um mal pr\u00f3prio as desventuras dos outros\u201d. (JE)<\/p>\n<hr \/>\n<p style=\"text-align: right;\">Fonte: <a href=\"http:\/\/br.radiovaticana.va\/news\/2017\/09\/07\/xxv_encontro_internacional_de_espiritualidade_ortodoxa\/1335226\" target=\"_blank\" rel=\"noopener\">R\u00e1dio Vaticana<\/a><\/p>\n","protected":false},"excerpt":{"rendered":"<p>Roma (RV) &#8211; &#8220;O dom da hospitalidade&#8221; \u00e9 o tema da XXV edi\u00e7\u00e3o da Conven\u00e7\u00e3o Internacional de Espiritualidade Ortodoxa que se realiza de 6 a 9 de setembro na Comunidade mon\u00e1stica de Bose, em colabora\u00e7\u00e3o com as Igrejas Ortodoxas. Abertura&#8230;<\/p>\n","protected":false},"author":1,"featured_media":23753,"comment_status":"open","ping_status":"open","sticky":false,"template":"","format":"standard","meta":{"_acf_changed":false,"footnotes":""},"categories":[1],"tags":[],"class_list":["post-23752","post","type-post","status-publish","format-standard","has-post-thumbnail","hentry","category-news","entry","rows-excerpt"],"acf":[],"yoast_head":"<!-- This site is optimized with the Yoast SEO plugin v27.5 - https:\/\/yoast.com\/product\/yoast-seo-wordpress\/ -->\n<title>&quot;Dom da hospitalidade&quot; \u00e9 o tema do Encontro Internacional de Espiritualidade Ortodoxa, em Bose | ECCLESIA NEWS<\/title>\n<meta name=\"robots\" content=\"index, follow, max-snippet:-1, max-image-preview:large, max-video-preview:-1\" \/>\n<link rel=\"canonical\" href=\"https:\/\/news.ecclesia.org.br\/?p=23752\" \/>\n<meta property=\"og:locale\" content=\"pt_BR\" \/>\n<meta property=\"og:type\" content=\"article\" \/>\n<meta property=\"og:title\" content=\"&quot;Dom da hospitalidade&quot; \u00e9 o tema do Encontro Internacional de Espiritualidade Ortodoxa, em Bose | ECCLESIA NEWS\" \/>\n<meta property=\"og:description\" content=\"Roma (RV) &#8211; &#8220;O dom da hospitalidade&#8221; \u00e9 o tema da XXV edi\u00e7\u00e3o da Conven\u00e7\u00e3o Internacional de Espiritualidade Ortodoxa que se realiza de 6 a 9 de setembro na Comunidade mon\u00e1stica de Bose, em colabora\u00e7\u00e3o com as Igrejas Ortodoxas. Abertura&#8230;\" \/>\n<meta property=\"og:url\" content=\"https:\/\/news.ecclesia.org.br\/?p=23752\" \/>\n<meta property=\"og:site_name\" content=\"ECCLESIA NEWS\" \/>\n<meta property=\"article:publisher\" content=\"https:\/\/www.facebook.com\/Ecclesia2025\" \/>\n<meta property=\"article:published_time\" content=\"2017-09-08T00:16:01+00:00\" \/>\n<meta property=\"og:image\" content=\"https:\/\/news.ecclesia.org.br\/wp-content\/uploads\/2017\/09\/1554083_Articolo.jpg\" \/>\n\t<meta property=\"og:image:width\" content=\"640\" \/>\n\t<meta property=\"og:image:height\" content=\"453\" \/>\n\t<meta property=\"og:image:type\" content=\"image\/jpeg\" \/>\n<meta name=\"author\" content=\"Pe. Andr\u00e9\" \/>\n<meta name=\"twitter:card\" content=\"summary_large_image\" \/>\n<meta name=\"twitter:creator\" content=\"@EcclesiaNews\" \/>\n<meta name=\"twitter:site\" content=\"@EcclesiaNews\" \/>\n<meta name=\"twitter:label1\" content=\"Escrito por\" \/>\n\t<meta name=\"twitter:data1\" content=\"Pe. Andr\u00e9\" \/>\n\t<meta name=\"twitter:label2\" content=\"Est. tempo de leitura\" \/>\n\t<meta name=\"twitter:data2\" content=\"4 minutos\" \/>\n<script type=\"application\/ld+json\" class=\"yoast-schema-graph\">{\"@context\":\"https:\\\/\\\/schema.org\",\"@graph\":[{\"@type\":\"Article\",\"@id\":\"https:\\\/\\\/news.ecclesia.org.br\\\/?p=23752#article\",\"isPartOf\":{\"@id\":\"https:\\\/\\\/news.ecclesia.org.br\\\/?p=23752\"},\"author\":{\"name\":\"Pe. Andr\u00e9\",\"@id\":\"https:\\\/\\\/news.ecclesia.org.br\\\/#\\\/schema\\\/person\\\/6f09597f025829745ba414a569f63758\"},\"headline\":\"&#8220;Dom da hospitalidade&#8221; \u00e9 o tema do Encontro Internacional de Espiritualidade Ortodoxa, em Bose\",\"datePublished\":\"2017-09-08T00:16:01+00:00\",\"mainEntityOfPage\":{\"@id\":\"https:\\\/\\\/news.ecclesia.org.br\\\/?p=23752\"},\"wordCount\":843,\"commentCount\":0,\"publisher\":{\"@id\":\"https:\\\/\\\/news.ecclesia.org.br\\\/#organization\"},\"image\":{\"@id\":\"https:\\\/\\\/news.ecclesia.org.br\\\/?p=23752#primaryimage\"},\"thumbnailUrl\":\"https:\\\/\\\/news.ecclesia.org.br\\\/wp-content\\\/uploads\\\/2017\\\/09\\\/1554083_Articolo.jpg\",\"articleSection\":[\"NEWS\"],\"inLanguage\":\"pt-BR\",\"potentialAction\":[{\"@type\":\"CommentAction\",\"name\":\"Comment\",\"target\":[\"https:\\\/\\\/news.ecclesia.org.br\\\/?p=23752#respond\"]}]},{\"@type\":\"WebPage\",\"@id\":\"https:\\\/\\\/news.ecclesia.org.br\\\/?p=23752\",\"url\":\"https:\\\/\\\/news.ecclesia.org.br\\\/?p=23752\",\"name\":\"\\\"Dom da hospitalidade\\\" \u00e9 o tema do Encontro Internacional de Espiritualidade Ortodoxa, em Bose | ECCLESIA NEWS\",\"isPartOf\":{\"@id\":\"https:\\\/\\\/news.ecclesia.org.br\\\/#website\"},\"primaryImageOfPage\":{\"@id\":\"https:\\\/\\\/news.ecclesia.org.br\\\/?p=23752#primaryimage\"},\"image\":{\"@id\":\"https:\\\/\\\/news.ecclesia.org.br\\\/?p=23752#primaryimage\"},\"thumbnailUrl\":\"https:\\\/\\\/news.ecclesia.org.br\\\/wp-content\\\/uploads\\\/2017\\\/09\\\/1554083_Articolo.jpg\",\"datePublished\":\"2017-09-08T00:16:01+00:00\",\"breadcrumb\":{\"@id\":\"https:\\\/\\\/news.ecclesia.org.br\\\/?p=23752#breadcrumb\"},\"inLanguage\":\"pt-BR\",\"potentialAction\":[{\"@type\":\"ReadAction\",\"target\":[\"https:\\\/\\\/news.ecclesia.org.br\\\/?p=23752\"]}]},{\"@type\":\"ImageObject\",\"inLanguage\":\"pt-BR\",\"@id\":\"https:\\\/\\\/news.ecclesia.org.br\\\/?p=23752#primaryimage\",\"url\":\"https:\\\/\\\/news.ecclesia.org.br\\\/wp-content\\\/uploads\\\/2017\\\/09\\\/1554083_Articolo.jpg\",\"contentUrl\":\"https:\\\/\\\/news.ecclesia.org.br\\\/wp-content\\\/uploads\\\/2017\\\/09\\\/1554083_Articolo.jpg\",\"width\":640,\"height\":453,\"caption\":\"Prior da Comunidade de Bose, Enzo Bianchi e Patriarca Bartolomeu\"},{\"@type\":\"BreadcrumbList\",\"@id\":\"https:\\\/\\\/news.ecclesia.org.br\\\/?p=23752#breadcrumb\",\"itemListElement\":[{\"@type\":\"ListItem\",\"position\":1,\"name\":\"In\u00edcio\",\"item\":\"https:\\\/\\\/news.ecclesia.org.br\\\/\"},{\"@type\":\"ListItem\",\"position\":2,\"name\":\"&#8220;Dom da hospitalidade&#8221; \u00e9 o tema do Encontro Internacional de Espiritualidade Ortodoxa, em Bose\"}]},{\"@type\":\"WebSite\",\"@id\":\"https:\\\/\\\/news.ecclesia.org.br\\\/#website\",\"url\":\"https:\\\/\\\/news.ecclesia.org.br\\\/\",\"name\":\"Ecclesia Brasil\",\"description\":\"Desde 2003 onectando o Brasil ao mundo ortodoxo!\",\"publisher\":{\"@id\":\"https:\\\/\\\/news.ecclesia.org.br\\\/#organization\"},\"alternateName\":\"Ecclesia\",\"potentialAction\":[{\"@type\":\"SearchAction\",\"target\":{\"@type\":\"EntryPoint\",\"urlTemplate\":\"https:\\\/\\\/news.ecclesia.org.br\\\/?s={search_term_string}\"},\"query-input\":{\"@type\":\"PropertyValueSpecification\",\"valueRequired\":true,\"valueName\":\"search_term_string\"}}],\"inLanguage\":\"pt-BR\"},{\"@type\":\"Organization\",\"@id\":\"https:\\\/\\\/news.ecclesia.org.br\\\/#organization\",\"name\":\"Sacra Arquidiocese de Buenos Aires e Am\u00e9rica do Sul | Patriarcado Ecum\u00eanico\",\"alternateName\":\"News Ecclesia Brasil\",\"url\":\"https:\\\/\\\/news.ecclesia.org.br\\\/\",\"logo\":{\"@type\":\"ImageObject\",\"inLanguage\":\"pt-BR\",\"@id\":\"https:\\\/\\\/news.ecclesia.org.br\\\/#\\\/schema\\\/logo\\\/image\\\/\",\"url\":\"https:\\\/\\\/news.ecclesia.org.br\\\/wp-content\\\/uploads\\\/2025\\\/05\\\/ecclesia2.png\",\"contentUrl\":\"https:\\\/\\\/news.ecclesia.org.br\\\/wp-content\\\/uploads\\\/2025\\\/05\\\/ecclesia2.png\",\"width\":480,\"height\":120,\"caption\":\"Sacra Arquidiocese de Buenos Aires e Am\u00e9rica do Sul | Patriarcado Ecum\u00eanico\"},\"image\":{\"@id\":\"https:\\\/\\\/news.ecclesia.org.br\\\/#\\\/schema\\\/logo\\\/image\\\/\"},\"sameAs\":[\"https:\\\/\\\/www.facebook.com\\\/Ecclesia2025\",\"https:\\\/\\\/x.com\\\/EcclesiaNews\",\"https:\\\/\\\/br.pinterest.com\\\/ekklisia\\\/\",\"https:\\\/\\\/www.youtube.com\\\/@EcclesiaBrasil\"]},{\"@type\":\"Person\",\"@id\":\"https:\\\/\\\/news.ecclesia.org.br\\\/#\\\/schema\\\/person\\\/6f09597f025829745ba414a569f63758\",\"name\":\"Pe. Andr\u00e9\",\"image\":{\"@type\":\"ImageObject\",\"inLanguage\":\"pt-BR\",\"@id\":\"https:\\\/\\\/secure.gravatar.com\\\/avatar\\\/b4327cfa27e9799da239a26adcd534fc29cdc0c4a4a148eecbcfeb9b42c617ac?s=96&d=mm&r=g\",\"url\":\"https:\\\/\\\/secure.gravatar.com\\\/avatar\\\/b4327cfa27e9799da239a26adcd534fc29cdc0c4a4a148eecbcfeb9b42c617ac?s=96&d=mm&r=g\",\"contentUrl\":\"https:\\\/\\\/secure.gravatar.com\\\/avatar\\\/b4327cfa27e9799da239a26adcd534fc29cdc0c4a4a148eecbcfeb9b42c617ac?s=96&d=mm&r=g\",\"caption\":\"Pe. Andr\u00e9\"},\"sameAs\":[\"https:\\\/\\\/www.ecclesia.org.br\"]}]}<\/script>\n<!-- \/ Yoast SEO plugin. -->","yoast_head_json":{"title":"\"Dom da hospitalidade\" \u00e9 o tema do Encontro Internacional de Espiritualidade Ortodoxa, em Bose | ECCLESIA NEWS","robots":{"index":"index","follow":"follow","max-snippet":"max-snippet:-1","max-image-preview":"max-image-preview:large","max-video-preview":"max-video-preview:-1"},"canonical":"https:\/\/news.ecclesia.org.br\/?p=23752","og_locale":"pt_BR","og_type":"article","og_title":"\"Dom da hospitalidade\" \u00e9 o tema do Encontro Internacional de Espiritualidade Ortodoxa, em Bose | ECCLESIA NEWS","og_description":"Roma (RV) &#8211; &#8220;O dom da hospitalidade&#8221; \u00e9 o tema da XXV edi\u00e7\u00e3o da Conven\u00e7\u00e3o Internacional de Espiritualidade Ortodoxa que se realiza de 6 a 9 de setembro na Comunidade mon\u00e1stica de Bose, em colabora\u00e7\u00e3o com as Igrejas Ortodoxas. Abertura&#8230;","og_url":"https:\/\/news.ecclesia.org.br\/?p=23752","og_site_name":"ECCLESIA NEWS","article_publisher":"https:\/\/www.facebook.com\/Ecclesia2025","article_published_time":"2017-09-08T00:16:01+00:00","og_image":[{"width":640,"height":453,"url":"https:\/\/news.ecclesia.org.br\/wp-content\/uploads\/2017\/09\/1554083_Articolo.jpg","type":"image\/jpeg"}],"author":"Pe. Andr\u00e9","twitter_card":"summary_large_image","twitter_creator":"@EcclesiaNews","twitter_site":"@EcclesiaNews","twitter_misc":{"Escrito por":"Pe. Andr\u00e9","Est. tempo de leitura":"4 minutos"},"schema":{"@context":"https:\/\/schema.org","@graph":[{"@type":"Article","@id":"https:\/\/news.ecclesia.org.br\/?p=23752#article","isPartOf":{"@id":"https:\/\/news.ecclesia.org.br\/?p=23752"},"author":{"name":"Pe. Andr\u00e9","@id":"https:\/\/news.ecclesia.org.br\/#\/schema\/person\/6f09597f025829745ba414a569f63758"},"headline":"&#8220;Dom da hospitalidade&#8221; \u00e9 o tema do Encontro Internacional de Espiritualidade Ortodoxa, em Bose","datePublished":"2017-09-08T00:16:01+00:00","mainEntityOfPage":{"@id":"https:\/\/news.ecclesia.org.br\/?p=23752"},"wordCount":843,"commentCount":0,"publisher":{"@id":"https:\/\/news.ecclesia.org.br\/#organization"},"image":{"@id":"https:\/\/news.ecclesia.org.br\/?p=23752#primaryimage"},"thumbnailUrl":"https:\/\/news.ecclesia.org.br\/wp-content\/uploads\/2017\/09\/1554083_Articolo.jpg","articleSection":["NEWS"],"inLanguage":"pt-BR","potentialAction":[{"@type":"CommentAction","name":"Comment","target":["https:\/\/news.ecclesia.org.br\/?p=23752#respond"]}]},{"@type":"WebPage","@id":"https:\/\/news.ecclesia.org.br\/?p=23752","url":"https:\/\/news.ecclesia.org.br\/?p=23752","name":"\"Dom da hospitalidade\" \u00e9 o tema do Encontro Internacional de Espiritualidade Ortodoxa, em Bose | ECCLESIA NEWS","isPartOf":{"@id":"https:\/\/news.ecclesia.org.br\/#website"},"primaryImageOfPage":{"@id":"https:\/\/news.ecclesia.org.br\/?p=23752#primaryimage"},"image":{"@id":"https:\/\/news.ecclesia.org.br\/?p=23752#primaryimage"},"thumbnailUrl":"https:\/\/news.ecclesia.org.br\/wp-content\/uploads\/2017\/09\/1554083_Articolo.jpg","datePublished":"2017-09-08T00:16:01+00:00","breadcrumb":{"@id":"https:\/\/news.ecclesia.org.br\/?p=23752#breadcrumb"},"inLanguage":"pt-BR","potentialAction":[{"@type":"ReadAction","target":["https:\/\/news.ecclesia.org.br\/?p=23752"]}]},{"@type":"ImageObject","inLanguage":"pt-BR","@id":"https:\/\/news.ecclesia.org.br\/?p=23752#primaryimage","url":"https:\/\/news.ecclesia.org.br\/wp-content\/uploads\/2017\/09\/1554083_Articolo.jpg","contentUrl":"https:\/\/news.ecclesia.org.br\/wp-content\/uploads\/2017\/09\/1554083_Articolo.jpg","width":640,"height":453,"caption":"Prior da Comunidade de Bose, Enzo Bianchi e Patriarca Bartolomeu"},{"@type":"BreadcrumbList","@id":"https:\/\/news.ecclesia.org.br\/?p=23752#breadcrumb","itemListElement":[{"@type":"ListItem","position":1,"name":"In\u00edcio","item":"https:\/\/news.ecclesia.org.br\/"},{"@type":"ListItem","position":2,"name":"&#8220;Dom da hospitalidade&#8221; \u00e9 o tema do Encontro Internacional de Espiritualidade Ortodoxa, em Bose"}]},{"@type":"WebSite","@id":"https:\/\/news.ecclesia.org.br\/#website","url":"https:\/\/news.ecclesia.org.br\/","name":"Ecclesia Brasil","description":"Desde 2003 onectando o Brasil ao mundo ortodoxo!","publisher":{"@id":"https:\/\/news.ecclesia.org.br\/#organization"},"alternateName":"Ecclesia","potentialAction":[{"@type":"SearchAction","target":{"@type":"EntryPoint","urlTemplate":"https:\/\/news.ecclesia.org.br\/?s={search_term_string}"},"query-input":{"@type":"PropertyValueSpecification","valueRequired":true,"valueName":"search_term_string"}}],"inLanguage":"pt-BR"},{"@type":"Organization","@id":"https:\/\/news.ecclesia.org.br\/#organization","name":"Sacra Arquidiocese de Buenos Aires e Am\u00e9rica do Sul | Patriarcado Ecum\u00eanico","alternateName":"News Ecclesia Brasil","url":"https:\/\/news.ecclesia.org.br\/","logo":{"@type":"ImageObject","inLanguage":"pt-BR","@id":"https:\/\/news.ecclesia.org.br\/#\/schema\/logo\/image\/","url":"https:\/\/news.ecclesia.org.br\/wp-content\/uploads\/2025\/05\/ecclesia2.png","contentUrl":"https:\/\/news.ecclesia.org.br\/wp-content\/uploads\/2025\/05\/ecclesia2.png","width":480,"height":120,"caption":"Sacra Arquidiocese de Buenos Aires e Am\u00e9rica do Sul | Patriarcado Ecum\u00eanico"},"image":{"@id":"https:\/\/news.ecclesia.org.br\/#\/schema\/logo\/image\/"},"sameAs":["https:\/\/www.facebook.com\/Ecclesia2025","https:\/\/x.com\/EcclesiaNews","https:\/\/br.pinterest.com\/ekklisia\/","https:\/\/www.youtube.com\/@EcclesiaBrasil"]},{"@type":"Person","@id":"https:\/\/news.ecclesia.org.br\/#\/schema\/person\/6f09597f025829745ba414a569f63758","name":"Pe. Andr\u00e9","image":{"@type":"ImageObject","inLanguage":"pt-BR","@id":"https:\/\/secure.gravatar.com\/avatar\/b4327cfa27e9799da239a26adcd534fc29cdc0c4a4a148eecbcfeb9b42c617ac?s=96&d=mm&r=g","url":"https:\/\/secure.gravatar.com\/avatar\/b4327cfa27e9799da239a26adcd534fc29cdc0c4a4a148eecbcfeb9b42c617ac?s=96&d=mm&r=g","contentUrl":"https:\/\/secure.gravatar.com\/avatar\/b4327cfa27e9799da239a26adcd534fc29cdc0c4a4a148eecbcfeb9b42c617ac?s=96&d=mm&r=g","caption":"Pe. Andr\u00e9"},"sameAs":["https:\/\/www.ecclesia.org.br"]}]}},"_links":{"self":[{"href":"https:\/\/news.ecclesia.org.br\/index.php?rest_route=\/wp\/v2\/posts\/23752","targetHints":{"allow":["GET"]}}],"collection":[{"href":"https:\/\/news.ecclesia.org.br\/index.php?rest_route=\/wp\/v2\/posts"}],"about":[{"href":"https:\/\/news.ecclesia.org.br\/index.php?rest_route=\/wp\/v2\/types\/post"}],"author":[{"embeddable":true,"href":"https:\/\/news.ecclesia.org.br\/index.php?rest_route=\/wp\/v2\/users\/1"}],"replies":[{"embeddable":true,"href":"https:\/\/news.ecclesia.org.br\/index.php?rest_route=%2Fwp%2Fv2%2Fcomments&post=23752"}],"version-history":[{"count":0,"href":"https:\/\/news.ecclesia.org.br\/index.php?rest_route=\/wp\/v2\/posts\/23752\/revisions"}],"wp:featuredmedia":[{"embeddable":true,"href":"https:\/\/news.ecclesia.org.br\/index.php?rest_route=\/wp\/v2\/media\/23753"}],"wp:attachment":[{"href":"https:\/\/news.ecclesia.org.br\/index.php?rest_route=%2Fwp%2Fv2%2Fmedia&parent=23752"}],"wp:term":[{"taxonomy":"category","embeddable":true,"href":"https:\/\/news.ecclesia.org.br\/index.php?rest_route=%2Fwp%2Fv2%2Fcategories&post=23752"},{"taxonomy":"post_tag","embeddable":true,"href":"https:\/\/news.ecclesia.org.br\/index.php?rest_route=%2Fwp%2Fv2%2Ftags&post=23752"}],"curies":[{"name":"wp","href":"https:\/\/api.w.org\/{rel}","templated":true}]}}