{"id":23750,"date":"2017-09-06T17:41:19","date_gmt":"2017-09-06T17:41:19","guid":{"rendered":"https:\/\/news.ecclesia.org.br\/2013\/?p=23750"},"modified":"2017-09-06T17:41:19","modified_gmt":"2017-09-06T17:41:19","slug":"igrejas-dizem-que-israel-tenta-minar-presenca-de-cristaos","status":"publish","type":"post","link":"https:\/\/news.ecclesia.org.br\/?p=23750","title":{"rendered":"Igrejas dizem que Israel tenta \u2018minar\u2019 presen\u00e7a de crist\u00e3os"},"content":{"rendered":"<figure id=\"attachment_23693\" aria-describedby=\"caption-attachment-23693\" style=\"width: 300px\" class=\"wp-caption alignleft\"><a href=\"https:\/\/news.ecclesia.org.br\/2013\/wp-content\/uploads\/2017\/08\/AFP6930236_Articolo.jpg\"><img fetchpriority=\"high\" decoding=\"async\" class=\"size-medium wp-image-23693\" src=\"https:\/\/news.ecclesia.org.br\/2013\/wp-content\/uploads\/2017\/08\/AFP6930236_Articolo-300x212.jpg\" alt=\"\" width=\"300\" height=\"212\" srcset=\"https:\/\/news.ecclesia.org.br\/wp-content\/uploads\/2017\/08\/AFP6930236_Articolo-300x212.jpg 300w, https:\/\/news.ecclesia.org.br\/wp-content\/uploads\/2017\/08\/AFP6930236_Articolo-600x425.jpg 600w, https:\/\/news.ecclesia.org.br\/wp-content\/uploads\/2017\/08\/AFP6930236_Articolo-78x55.jpg 78w, https:\/\/news.ecclesia.org.br\/wp-content\/uploads\/2017\/08\/AFP6930236_Articolo.jpg 640w\" sizes=\"(max-width: 300px) 100vw, 300px\" \/><\/a><figcaption id=\"caption-attachment-23693\" class=\"wp-caption-text\">Patriarca Te\u00f3filo III durante coletiva de imprensa em Am\u00e3 &#8211; AFP<\/figcaption><\/figure>\n<p style=\"text-align: justify;\">TEL AVIV, 5 SET (ANSA) \u2013 Uma carta p\u00fablica divulgada pelo Patriarca grego ortodoxo de Jerusal\u00e9m, Te\u00f3filo III, e assinada por l\u00edderes e respons\u00e1veis religiosos de todas as igrejas crist\u00e3s da capital israelense, denuncia que o governo do pa\u00eds quer \u201cenfraquecer\u201d a presen\u00e7a das entidades crist\u00e3s na regi\u00e3o.<\/p>\n<p style=\"text-align: justify;\">\u201cH\u00e1 uma tentativa sistem\u00e1tica de minar a integridade da Cidade Santa de Jerusal\u00e9m e da Terra Santa e de enfraquecer a presen\u00e7a crist\u00e3\u201d, informam os l\u00edderes em nota divulgada nesta ter\u00e7a-feira (5).<\/p>\n<p style=\"text-align: justify;\">O comunicado surge ap\u00f3s uma pol\u00eamica decis\u00e3o judicial, que o Patriarcado Grego Ortodoxo j\u00e1 entrou com recurso no Supremo, que permitiu a venda de dois pr\u00e9dios em um esc\u00e2ndalo batizado como \u201cJaffagate\u201d.<\/p>\n<p style=\"text-align: justify;\">De acordo com o jornal \u201cLa Stampa\u201d, os dois hot\u00e9is, que pertenciam ao Patriarcado no Bairro Crist\u00e3o da Cidade Velha, acabaram indo para as m\u00e3os do maior movimento da direita religiosa judaica, o Ateret Cohanim. Segundo o Patriarcado, os religiosos foram enganados pelo administrador das duas unidades, que vendeu os pr\u00e9dios sem a autoriza\u00e7\u00e3o da entidade.<\/p>\n<p style=\"text-align: justify;\">Outro ponto pol\u00eamico \u00e9 que j\u00e1 come\u00e7a a haver debates sobre um acordo assinado na d\u00e9cada de 1950 que legisla sobre propriedades p\u00fablicas que foram constru\u00eddas em terrenos do Patriarcado. Na \u00e9poca, foi firmado um acordo que valeria por 99 anos e que, ap\u00f3s esse per\u00edodo, os pr\u00e9dios seriam repassados para os greco-ortodoxos. O jornal \u201cCalcalist\u201d estima que h\u00e1 200 apartamentos que atualmente pertencem \u00e0 Jewish National Fund que seriam repassados para o Patriarcado. Para evitar que isso ocorra, no entanto, a ala mais ortodoxa da direita israelense apresentou um projeto no Knesset, o Parlamento local, em que reduz o poder de Igrejas no controle de pr\u00e9dios ou casas no pa\u00eds.<\/p>\n<p style=\"text-align: justify;\">\u201c\u00c9 um projeto de lei politicamente motivado e um novo assalto aos direitos que o Status Quo sempre garantiu. Uma comunidade crist\u00e3 vital e ativa \u00e9 um elemento essencial na fisionomia de nossa sociedade plural e qualquer amea\u00e7a \u00e0 comunidade crist\u00e3 pode s\u00f3 fazer crescer as tens\u00f5es surgidas nessa temporada violenta\u201d, diz ainda o comunicado.<\/p>\n<p style=\"text-align: justify;\">O \u201cStatus Quo\u201d \u00e9 um acordo que existe desde o Imp\u00e9rio Otomano, no s\u00e9culo 18, que preserva a \u201cdivis\u00e3o\u201d da Terra Santa de maneira a respeitar as religi\u00f5es dos judeus, crist\u00e3os e mu\u00e7ulmanos, que tem em Jerusal\u00e9m sua principal base hist\u00f3rica e religiosa.<\/p>\n<p style=\"text-align: justify;\">Ao todo, s\u00e3o nove s\u00edtios entre Jerusal\u00e9m e Bel\u00e9m que est\u00e3o sob esse dom\u00ednio, mas as tens\u00f5es s\u00e3o constantes nos \u00faltimos anos \u2013 e devem aumentar ainda mais com os crist\u00e3os. (ANSA)<\/p>\n<hr \/>\n<p style=\"text-align: right;\">Fonte: <a href=\"http:\/\/istoe.com.br\/igrejas-dizem-que-israel-tenta-minar-presenca-de-cristaos\/\" target=\"_blank\" rel=\"noopener\">Isto \u00c9<\/a><\/p>\n","protected":false},"excerpt":{"rendered":"<p>TEL AVIV, 5 SET (ANSA) \u2013 Uma carta p\u00fablica divulgada pelo Patriarca grego ortodoxo de Jerusal\u00e9m, Te\u00f3filo III, e assinada por l\u00edderes e respons\u00e1veis religiosos de todas as igrejas crist\u00e3s da capital israelense, denuncia que o governo do pa\u00eds quer&#8230;<\/p>\n","protected":false},"author":1,"featured_media":23693,"comment_status":"open","ping_status":"open","sticky":false,"template":"","format":"standard","meta":{"_acf_changed":false,"footnotes":""},"categories":[3,1],"tags":[],"class_list":["post-23750","post","type-post","status-publish","format-standard","has-post-thumbnail","hentry","category-mundo","category-news","entry","rows-excerpt"],"acf":[],"yoast_head":"<!-- This site is optimized with the Yoast SEO plugin v27.5 - https:\/\/yoast.com\/product\/yoast-seo-wordpress\/ -->\n<title>Igrejas dizem que Israel tenta \u2018minar\u2019 presen\u00e7a de crist\u00e3os | ECCLESIA NEWS<\/title>\n<meta name=\"robots\" content=\"index, follow, max-snippet:-1, max-image-preview:large, max-video-preview:-1\" \/>\n<link rel=\"canonical\" href=\"https:\/\/news.ecclesia.org.br\/?p=23750\" \/>\n<meta property=\"og:locale\" content=\"pt_BR\" \/>\n<meta property=\"og:type\" content=\"article\" \/>\n<meta property=\"og:title\" content=\"Igrejas dizem que Israel tenta \u2018minar\u2019 presen\u00e7a de crist\u00e3os | ECCLESIA NEWS\" \/>\n<meta property=\"og:description\" content=\"TEL AVIV, 5 SET (ANSA) \u2013 Uma carta p\u00fablica divulgada pelo Patriarca grego ortodoxo de Jerusal\u00e9m, Te\u00f3filo III, e assinada por l\u00edderes e respons\u00e1veis religiosos de todas as igrejas crist\u00e3s da capital israelense, denuncia que o governo do pa\u00eds quer&#8230;\" \/>\n<meta property=\"og:url\" content=\"https:\/\/news.ecclesia.org.br\/?p=23750\" \/>\n<meta property=\"og:site_name\" content=\"ECCLESIA NEWS\" \/>\n<meta property=\"article:publisher\" content=\"https:\/\/www.facebook.com\/Ecclesia2025\" \/>\n<meta property=\"article:published_time\" content=\"2017-09-06T17:41:19+00:00\" \/>\n<meta property=\"og:image\" content=\"https:\/\/news.ecclesia.org.br\/wp-content\/uploads\/2017\/08\/AFP6930236_Articolo.jpg\" \/>\n\t<meta property=\"og:image:width\" content=\"640\" \/>\n\t<meta property=\"og:image:height\" content=\"453\" \/>\n\t<meta property=\"og:image:type\" content=\"image\/jpeg\" \/>\n<meta name=\"author\" content=\"Pe. Andr\u00e9\" \/>\n<meta name=\"twitter:card\" content=\"summary_large_image\" \/>\n<meta name=\"twitter:creator\" content=\"@EcclesiaNews\" \/>\n<meta name=\"twitter:site\" content=\"@EcclesiaNews\" \/>\n<meta name=\"twitter:label1\" content=\"Escrito por\" \/>\n\t<meta name=\"twitter:data1\" content=\"Pe. Andr\u00e9\" \/>\n\t<meta name=\"twitter:label2\" content=\"Est. tempo de leitura\" \/>\n\t<meta name=\"twitter:data2\" content=\"2 minutos\" \/>\n<script type=\"application\/ld+json\" class=\"yoast-schema-graph\">{\"@context\":\"https:\\\/\\\/schema.org\",\"@graph\":[{\"@type\":\"Article\",\"@id\":\"https:\\\/\\\/news.ecclesia.org.br\\\/?p=23750#article\",\"isPartOf\":{\"@id\":\"https:\\\/\\\/news.ecclesia.org.br\\\/?p=23750\"},\"author\":{\"name\":\"Pe. Andr\u00e9\",\"@id\":\"https:\\\/\\\/news.ecclesia.org.br\\\/#\\\/schema\\\/person\\\/6f09597f025829745ba414a569f63758\"},\"headline\":\"Igrejas dizem que Israel tenta \u2018minar\u2019 presen\u00e7a de crist\u00e3os\",\"datePublished\":\"2017-09-06T17:41:19+00:00\",\"mainEntityOfPage\":{\"@id\":\"https:\\\/\\\/news.ecclesia.org.br\\\/?p=23750\"},\"wordCount\":481,\"commentCount\":0,\"publisher\":{\"@id\":\"https:\\\/\\\/news.ecclesia.org.br\\\/#organization\"},\"image\":{\"@id\":\"https:\\\/\\\/news.ecclesia.org.br\\\/?p=23750#primaryimage\"},\"thumbnailUrl\":\"https:\\\/\\\/news.ecclesia.org.br\\\/wp-content\\\/uploads\\\/2017\\\/08\\\/AFP6930236_Articolo.jpg\",\"articleSection\":[\"Mundo Ortodoxo\",\"NEWS\"],\"inLanguage\":\"pt-BR\",\"potentialAction\":[{\"@type\":\"CommentAction\",\"name\":\"Comment\",\"target\":[\"https:\\\/\\\/news.ecclesia.org.br\\\/?p=23750#respond\"]}]},{\"@type\":\"WebPage\",\"@id\":\"https:\\\/\\\/news.ecclesia.org.br\\\/?p=23750\",\"url\":\"https:\\\/\\\/news.ecclesia.org.br\\\/?p=23750\",\"name\":\"Igrejas dizem que Israel tenta \u2018minar\u2019 presen\u00e7a de crist\u00e3os | ECCLESIA NEWS\",\"isPartOf\":{\"@id\":\"https:\\\/\\\/news.ecclesia.org.br\\\/#website\"},\"primaryImageOfPage\":{\"@id\":\"https:\\\/\\\/news.ecclesia.org.br\\\/?p=23750#primaryimage\"},\"image\":{\"@id\":\"https:\\\/\\\/news.ecclesia.org.br\\\/?p=23750#primaryimage\"},\"thumbnailUrl\":\"https:\\\/\\\/news.ecclesia.org.br\\\/wp-content\\\/uploads\\\/2017\\\/08\\\/AFP6930236_Articolo.jpg\",\"datePublished\":\"2017-09-06T17:41:19+00:00\",\"breadcrumb\":{\"@id\":\"https:\\\/\\\/news.ecclesia.org.br\\\/?p=23750#breadcrumb\"},\"inLanguage\":\"pt-BR\",\"potentialAction\":[{\"@type\":\"ReadAction\",\"target\":[\"https:\\\/\\\/news.ecclesia.org.br\\\/?p=23750\"]}]},{\"@type\":\"ImageObject\",\"inLanguage\":\"pt-BR\",\"@id\":\"https:\\\/\\\/news.ecclesia.org.br\\\/?p=23750#primaryimage\",\"url\":\"https:\\\/\\\/news.ecclesia.org.br\\\/wp-content\\\/uploads\\\/2017\\\/08\\\/AFP6930236_Articolo.jpg\",\"contentUrl\":\"https:\\\/\\\/news.ecclesia.org.br\\\/wp-content\\\/uploads\\\/2017\\\/08\\\/AFP6930236_Articolo.jpg\",\"width\":640,\"height\":453,\"caption\":\"Patriarca Te\u00f3filo III durante coletiva de imprensa em Am\u00e3 - AFP\"},{\"@type\":\"BreadcrumbList\",\"@id\":\"https:\\\/\\\/news.ecclesia.org.br\\\/?p=23750#breadcrumb\",\"itemListElement\":[{\"@type\":\"ListItem\",\"position\":1,\"name\":\"In\u00edcio\",\"item\":\"https:\\\/\\\/news.ecclesia.org.br\\\/\"},{\"@type\":\"ListItem\",\"position\":2,\"name\":\"Igrejas dizem que Israel tenta \u2018minar\u2019 presen\u00e7a de crist\u00e3os\"}]},{\"@type\":\"WebSite\",\"@id\":\"https:\\\/\\\/news.ecclesia.org.br\\\/#website\",\"url\":\"https:\\\/\\\/news.ecclesia.org.br\\\/\",\"name\":\"Ecclesia Brasil\",\"description\":\"Desde 2003 onectando o Brasil ao mundo ortodoxo!\",\"publisher\":{\"@id\":\"https:\\\/\\\/news.ecclesia.org.br\\\/#organization\"},\"alternateName\":\"Ecclesia\",\"potentialAction\":[{\"@type\":\"SearchAction\",\"target\":{\"@type\":\"EntryPoint\",\"urlTemplate\":\"https:\\\/\\\/news.ecclesia.org.br\\\/?s={search_term_string}\"},\"query-input\":{\"@type\":\"PropertyValueSpecification\",\"valueRequired\":true,\"valueName\":\"search_term_string\"}}],\"inLanguage\":\"pt-BR\"},{\"@type\":\"Organization\",\"@id\":\"https:\\\/\\\/news.ecclesia.org.br\\\/#organization\",\"name\":\"Sacra Arquidiocese de Buenos Aires e Am\u00e9rica do Sul | Patriarcado Ecum\u00eanico\",\"alternateName\":\"News Ecclesia Brasil\",\"url\":\"https:\\\/\\\/news.ecclesia.org.br\\\/\",\"logo\":{\"@type\":\"ImageObject\",\"inLanguage\":\"pt-BR\",\"@id\":\"https:\\\/\\\/news.ecclesia.org.br\\\/#\\\/schema\\\/logo\\\/image\\\/\",\"url\":\"https:\\\/\\\/news.ecclesia.org.br\\\/wp-content\\\/uploads\\\/2025\\\/05\\\/ecclesia2.png\",\"contentUrl\":\"https:\\\/\\\/news.ecclesia.org.br\\\/wp-content\\\/uploads\\\/2025\\\/05\\\/ecclesia2.png\",\"width\":480,\"height\":120,\"caption\":\"Sacra Arquidiocese de Buenos Aires e Am\u00e9rica do Sul | Patriarcado Ecum\u00eanico\"},\"image\":{\"@id\":\"https:\\\/\\\/news.ecclesia.org.br\\\/#\\\/schema\\\/logo\\\/image\\\/\"},\"sameAs\":[\"https:\\\/\\\/www.facebook.com\\\/Ecclesia2025\",\"https:\\\/\\\/x.com\\\/EcclesiaNews\",\"https:\\\/\\\/br.pinterest.com\\\/ekklisia\\\/\",\"https:\\\/\\\/www.youtube.com\\\/@EcclesiaBrasil\"]},{\"@type\":\"Person\",\"@id\":\"https:\\\/\\\/news.ecclesia.org.br\\\/#\\\/schema\\\/person\\\/6f09597f025829745ba414a569f63758\",\"name\":\"Pe. Andr\u00e9\",\"image\":{\"@type\":\"ImageObject\",\"inLanguage\":\"pt-BR\",\"@id\":\"https:\\\/\\\/secure.gravatar.com\\\/avatar\\\/b4327cfa27e9799da239a26adcd534fc29cdc0c4a4a148eecbcfeb9b42c617ac?s=96&d=mm&r=g\",\"url\":\"https:\\\/\\\/secure.gravatar.com\\\/avatar\\\/b4327cfa27e9799da239a26adcd534fc29cdc0c4a4a148eecbcfeb9b42c617ac?s=96&d=mm&r=g\",\"contentUrl\":\"https:\\\/\\\/secure.gravatar.com\\\/avatar\\\/b4327cfa27e9799da239a26adcd534fc29cdc0c4a4a148eecbcfeb9b42c617ac?s=96&d=mm&r=g\",\"caption\":\"Pe. Andr\u00e9\"},\"sameAs\":[\"https:\\\/\\\/www.ecclesia.org.br\"]}]}<\/script>\n<!-- \/ Yoast SEO plugin. -->","yoast_head_json":{"title":"Igrejas dizem que Israel tenta \u2018minar\u2019 presen\u00e7a de crist\u00e3os | ECCLESIA NEWS","robots":{"index":"index","follow":"follow","max-snippet":"max-snippet:-1","max-image-preview":"max-image-preview:large","max-video-preview":"max-video-preview:-1"},"canonical":"https:\/\/news.ecclesia.org.br\/?p=23750","og_locale":"pt_BR","og_type":"article","og_title":"Igrejas dizem que Israel tenta \u2018minar\u2019 presen\u00e7a de crist\u00e3os | ECCLESIA NEWS","og_description":"TEL AVIV, 5 SET (ANSA) \u2013 Uma carta p\u00fablica divulgada pelo Patriarca grego ortodoxo de Jerusal\u00e9m, Te\u00f3filo III, e assinada por l\u00edderes e respons\u00e1veis religiosos de todas as igrejas crist\u00e3s da capital israelense, denuncia que o governo do pa\u00eds quer&#8230;","og_url":"https:\/\/news.ecclesia.org.br\/?p=23750","og_site_name":"ECCLESIA NEWS","article_publisher":"https:\/\/www.facebook.com\/Ecclesia2025","article_published_time":"2017-09-06T17:41:19+00:00","og_image":[{"width":640,"height":453,"url":"https:\/\/news.ecclesia.org.br\/wp-content\/uploads\/2017\/08\/AFP6930236_Articolo.jpg","type":"image\/jpeg"}],"author":"Pe. Andr\u00e9","twitter_card":"summary_large_image","twitter_creator":"@EcclesiaNews","twitter_site":"@EcclesiaNews","twitter_misc":{"Escrito por":"Pe. Andr\u00e9","Est. tempo de leitura":"2 minutos"},"schema":{"@context":"https:\/\/schema.org","@graph":[{"@type":"Article","@id":"https:\/\/news.ecclesia.org.br\/?p=23750#article","isPartOf":{"@id":"https:\/\/news.ecclesia.org.br\/?p=23750"},"author":{"name":"Pe. Andr\u00e9","@id":"https:\/\/news.ecclesia.org.br\/#\/schema\/person\/6f09597f025829745ba414a569f63758"},"headline":"Igrejas dizem que Israel tenta \u2018minar\u2019 presen\u00e7a de crist\u00e3os","datePublished":"2017-09-06T17:41:19+00:00","mainEntityOfPage":{"@id":"https:\/\/news.ecclesia.org.br\/?p=23750"},"wordCount":481,"commentCount":0,"publisher":{"@id":"https:\/\/news.ecclesia.org.br\/#organization"},"image":{"@id":"https:\/\/news.ecclesia.org.br\/?p=23750#primaryimage"},"thumbnailUrl":"https:\/\/news.ecclesia.org.br\/wp-content\/uploads\/2017\/08\/AFP6930236_Articolo.jpg","articleSection":["Mundo Ortodoxo","NEWS"],"inLanguage":"pt-BR","potentialAction":[{"@type":"CommentAction","name":"Comment","target":["https:\/\/news.ecclesia.org.br\/?p=23750#respond"]}]},{"@type":"WebPage","@id":"https:\/\/news.ecclesia.org.br\/?p=23750","url":"https:\/\/news.ecclesia.org.br\/?p=23750","name":"Igrejas dizem que Israel tenta \u2018minar\u2019 presen\u00e7a de crist\u00e3os | ECCLESIA NEWS","isPartOf":{"@id":"https:\/\/news.ecclesia.org.br\/#website"},"primaryImageOfPage":{"@id":"https:\/\/news.ecclesia.org.br\/?p=23750#primaryimage"},"image":{"@id":"https:\/\/news.ecclesia.org.br\/?p=23750#primaryimage"},"thumbnailUrl":"https:\/\/news.ecclesia.org.br\/wp-content\/uploads\/2017\/08\/AFP6930236_Articolo.jpg","datePublished":"2017-09-06T17:41:19+00:00","breadcrumb":{"@id":"https:\/\/news.ecclesia.org.br\/?p=23750#breadcrumb"},"inLanguage":"pt-BR","potentialAction":[{"@type":"ReadAction","target":["https:\/\/news.ecclesia.org.br\/?p=23750"]}]},{"@type":"ImageObject","inLanguage":"pt-BR","@id":"https:\/\/news.ecclesia.org.br\/?p=23750#primaryimage","url":"https:\/\/news.ecclesia.org.br\/wp-content\/uploads\/2017\/08\/AFP6930236_Articolo.jpg","contentUrl":"https:\/\/news.ecclesia.org.br\/wp-content\/uploads\/2017\/08\/AFP6930236_Articolo.jpg","width":640,"height":453,"caption":"Patriarca Te\u00f3filo III durante coletiva de imprensa em Am\u00e3 - AFP"},{"@type":"BreadcrumbList","@id":"https:\/\/news.ecclesia.org.br\/?p=23750#breadcrumb","itemListElement":[{"@type":"ListItem","position":1,"name":"In\u00edcio","item":"https:\/\/news.ecclesia.org.br\/"},{"@type":"ListItem","position":2,"name":"Igrejas dizem que Israel tenta \u2018minar\u2019 presen\u00e7a de crist\u00e3os"}]},{"@type":"WebSite","@id":"https:\/\/news.ecclesia.org.br\/#website","url":"https:\/\/news.ecclesia.org.br\/","name":"Ecclesia Brasil","description":"Desde 2003 onectando o Brasil ao mundo ortodoxo!","publisher":{"@id":"https:\/\/news.ecclesia.org.br\/#organization"},"alternateName":"Ecclesia","potentialAction":[{"@type":"SearchAction","target":{"@type":"EntryPoint","urlTemplate":"https:\/\/news.ecclesia.org.br\/?s={search_term_string}"},"query-input":{"@type":"PropertyValueSpecification","valueRequired":true,"valueName":"search_term_string"}}],"inLanguage":"pt-BR"},{"@type":"Organization","@id":"https:\/\/news.ecclesia.org.br\/#organization","name":"Sacra Arquidiocese de Buenos Aires e Am\u00e9rica do Sul | Patriarcado Ecum\u00eanico","alternateName":"News Ecclesia Brasil","url":"https:\/\/news.ecclesia.org.br\/","logo":{"@type":"ImageObject","inLanguage":"pt-BR","@id":"https:\/\/news.ecclesia.org.br\/#\/schema\/logo\/image\/","url":"https:\/\/news.ecclesia.org.br\/wp-content\/uploads\/2025\/05\/ecclesia2.png","contentUrl":"https:\/\/news.ecclesia.org.br\/wp-content\/uploads\/2025\/05\/ecclesia2.png","width":480,"height":120,"caption":"Sacra Arquidiocese de Buenos Aires e Am\u00e9rica do Sul | Patriarcado Ecum\u00eanico"},"image":{"@id":"https:\/\/news.ecclesia.org.br\/#\/schema\/logo\/image\/"},"sameAs":["https:\/\/www.facebook.com\/Ecclesia2025","https:\/\/x.com\/EcclesiaNews","https:\/\/br.pinterest.com\/ekklisia\/","https:\/\/www.youtube.com\/@EcclesiaBrasil"]},{"@type":"Person","@id":"https:\/\/news.ecclesia.org.br\/#\/schema\/person\/6f09597f025829745ba414a569f63758","name":"Pe. Andr\u00e9","image":{"@type":"ImageObject","inLanguage":"pt-BR","@id":"https:\/\/secure.gravatar.com\/avatar\/b4327cfa27e9799da239a26adcd534fc29cdc0c4a4a148eecbcfeb9b42c617ac?s=96&d=mm&r=g","url":"https:\/\/secure.gravatar.com\/avatar\/b4327cfa27e9799da239a26adcd534fc29cdc0c4a4a148eecbcfeb9b42c617ac?s=96&d=mm&r=g","contentUrl":"https:\/\/secure.gravatar.com\/avatar\/b4327cfa27e9799da239a26adcd534fc29cdc0c4a4a148eecbcfeb9b42c617ac?s=96&d=mm&r=g","caption":"Pe. Andr\u00e9"},"sameAs":["https:\/\/www.ecclesia.org.br"]}]}},"_links":{"self":[{"href":"https:\/\/news.ecclesia.org.br\/index.php?rest_route=\/wp\/v2\/posts\/23750","targetHints":{"allow":["GET"]}}],"collection":[{"href":"https:\/\/news.ecclesia.org.br\/index.php?rest_route=\/wp\/v2\/posts"}],"about":[{"href":"https:\/\/news.ecclesia.org.br\/index.php?rest_route=\/wp\/v2\/types\/post"}],"author":[{"embeddable":true,"href":"https:\/\/news.ecclesia.org.br\/index.php?rest_route=\/wp\/v2\/users\/1"}],"replies":[{"embeddable":true,"href":"https:\/\/news.ecclesia.org.br\/index.php?rest_route=%2Fwp%2Fv2%2Fcomments&post=23750"}],"version-history":[{"count":0,"href":"https:\/\/news.ecclesia.org.br\/index.php?rest_route=\/wp\/v2\/posts\/23750\/revisions"}],"wp:featuredmedia":[{"embeddable":true,"href":"https:\/\/news.ecclesia.org.br\/index.php?rest_route=\/wp\/v2\/media\/23693"}],"wp:attachment":[{"href":"https:\/\/news.ecclesia.org.br\/index.php?rest_route=%2Fwp%2Fv2%2Fmedia&parent=23750"}],"wp:term":[{"taxonomy":"category","embeddable":true,"href":"https:\/\/news.ecclesia.org.br\/index.php?rest_route=%2Fwp%2Fv2%2Fcategories&post=23750"},{"taxonomy":"post_tag","embeddable":true,"href":"https:\/\/news.ecclesia.org.br\/index.php?rest_route=%2Fwp%2Fv2%2Ftags&post=23750"}],"curies":[{"name":"wp","href":"https:\/\/api.w.org\/{rel}","templated":true}]}}