{"id":23744,"date":"2017-08-15T21:32:52","date_gmt":"2017-08-15T21:32:52","guid":{"rendered":"https:\/\/news.ecclesia.org.br\/2013\/?p=23744"},"modified":"2017-09-03T21:34:21","modified_gmt":"2017-09-03T21:34:21","slug":"israel-teofilo-ii-protesta-contra-decisao-de-tribunal-sobre-propriedades-greco-ortodoxas","status":"publish","type":"post","link":"https:\/\/news.ecclesia.org.br\/?p=23744","title":{"rendered":"Israel: Te\u00f3filo II protesta contra decis\u00e3o de tribunal sobre propriedades greco-ortodoxas"},"content":{"rendered":"<figure id=\"attachment_23693\" aria-describedby=\"caption-attachment-23693\" style=\"width: 300px\" class=\"wp-caption alignleft\"><img fetchpriority=\"high\" decoding=\"async\" class=\"size-medium wp-image-23693\" src=\"https:\/\/news.ecclesia.org.br\/2013\/wp-content\/uploads\/2017\/08\/AFP6930236_Articolo-300x212.jpg\" alt=\"\" width=\"300\" height=\"212\" srcset=\"https:\/\/news.ecclesia.org.br\/wp-content\/uploads\/2017\/08\/AFP6930236_Articolo-300x212.jpg 300w, https:\/\/news.ecclesia.org.br\/wp-content\/uploads\/2017\/08\/AFP6930236_Articolo-600x425.jpg 600w, https:\/\/news.ecclesia.org.br\/wp-content\/uploads\/2017\/08\/AFP6930236_Articolo-78x55.jpg 78w, https:\/\/news.ecclesia.org.br\/wp-content\/uploads\/2017\/08\/AFP6930236_Articolo.jpg 640w\" sizes=\"(max-width: 300px) 100vw, 300px\" \/><figcaption id=\"caption-attachment-23693\" class=\"wp-caption-text\">Patriarca Te\u00f3filo III durante coletiva de imprensa em Am\u00e3 &#8211; AFP<\/figcaption><\/figure>\n<p style=\"text-align: justify;\">Am\u00e3 (RV) &#8211;\u00a0 \u201c\u00c9 nosso dever e nosso compromisso, confiado a n\u00f3s por Deus, romper o nosso sil\u00eancio e dizer: quando \u00e9 demais, \u00e9 demais\u201d.<\/p>\n<p style=\"text-align: justify;\">Com estas palavras o Patriarca Greco-ortodoxo de Jerusal\u00e9m Te\u00f3filo III, condenou a decis\u00e3o da Corte distrital de Jerusal\u00e9m que confirmou a venda de algumas propriedades greco-ortodoxas a um grupo de colonos judeus.<\/p>\n<p style=\"text-align: justify;\">As duras palavras do Patriarca foram pronunciadas durante uma coletiva de imprensa realizada em Am\u00e3, capital da Jord\u00e2nia, em 12 de agosto. Te\u00f3filo II disse na ocasi\u00e3o que pretende recorrer da decis\u00e3o \u00e0 Corte Suprema.<\/p>\n<h3 style=\"text-align: left;\"><strong style=\"font-style: inherit;\">Entenda o caso<\/strong><\/h3>\n<p style=\"text-align: justify;\">A contenda remonta ao ano de 2004 quando tr\u00eas sociedades ligadas \u00e0 organiza\u00e7\u00e3o judaica Ateret Cohanim adquiriram, em virtude de um contrato de loca\u00e7\u00e3o a longo prazo, tr\u00eas pr\u00e9dios da Igreja Greco-ortodoxa: o Petra Hotel, o Hotel Imperial e um edif\u00edcio residencial na Cidade Velha de Jerusal\u00e9m, no bairro pr\u00f3ximo \u00e0 Porta de Jaffa.<\/p>\n<p style=\"text-align: justify;\">Tais aquisi\u00e7\u00f5es provocaram a ira dos palestinos e levaram \u00e0 destitui\u00e7\u00e3o em 2005 do Patriarca Ireneo, predecessor de Te\u00f3filo III.<\/p>\n<p style=\"text-align: justify;\">A Igreja Greco-ortodoxa havia se oposto ao acordo, definindo-o como \u201cilegal\u201d e portanto, n\u00e3o o autorizou, dando in\u00edcio a uma batalha legal que levou ao pronunciamento do veredito em 1\u00ba de agosto passado, em que o Tribunal rejeitou a posi\u00e7\u00e3o do Patriarcado.<\/p>\n<h2 style=\"text-align: left;\"><strong style=\"font-style: inherit;\">Motiva\u00e7\u00f5es pol\u00edticas<\/strong><\/h2>\n<p style=\"text-align: justify;\">\u201cRejeitamos de forma clara e p\u00fablica esta injusta decis\u00e3o da Corte distrital israelense no caso da Porta de Jafa. Ela ignorou todas as provas legais claras e concretas do Patriarcado que demonstram as conspira\u00e7\u00f5es, a corrup\u00e7\u00e3o e a m\u00e1-f\u00e9 do acordo. Esta decis\u00e3o, a favor do grupo de colonos Ateret Cohanim pode ser interpretada somente como motivada por raz\u00f5es pol\u00edticas\u201d.<\/p>\n<p style=\"text-align: justify;\">\u201cUltrapassaram o limite da justi\u00e7a e da raz\u00e3o\u201d, acusou o Patriarca. \u201cIsto atingir\u00e1 tamb\u00e9m o cora\u00e7\u00e3o do bairro crist\u00e3o da Cidade Velha. Chega em um momento delicado e ter\u00e1 por certo o mais negativo dos efeitos sobre a presen\u00e7a crist\u00e3 na Terra Santa\u201d.<\/p>\n<p style=\"text-align: justify;\">H\u00e1 anos grupos de israelenses procuram tomar posse de espa\u00e7os dentro da cidade, fazendo press\u00f5es econ\u00f4micas e pol\u00edtica sobre residentes \u00e1rabes crist\u00e3os e mu\u00e7ulmanos, adquirindo terrenos ou desapropriando-os.<\/p>\n<h2 style=\"text-align: left;\"><strong style=\"font-style: inherit;\">Apelo \u00e0s Igrejas da Terra Santa<\/strong><\/h2>\n<p style=\"text-align: justify;\">Ao concluir, o Patriarca fez um apelo a todas as Igrejas da Terra Santa, pedindo um \u201cencontro urgente\u201d entre os seus l\u00edderes, para ent\u00e3o reiterar a pr\u00f3pria miss\u00e3o pastoral e espiritual.<\/p>\n<p style=\"text-align: justify;\">O apelo \u00e9 estendido tamb\u00e9m \u00e0s personalidades da pol\u00edtica da comunidade internacional, para que intervenham a fim de \u201cassegurar que a justi\u00e7a e a liberdade prevale\u00e7am\u201d em benef\u00edcios \u201cde todos os cidad\u00e3os da Terra Santa\u201d e da paz.<\/p>\n<hr \/>\n<p style=\"text-align: right;\">Fonte: <a href=\"http:\/\/br.radiovaticana.va\/news\/2017\/08\/15\/te%C3%B3filo_ii_protesta_contra_decis%C3%A3o_de_tribunal_israelense\/1330916\">RV<\/a>\u00a0| (JE\/Asianews)<\/p>\n<p>&nbsp;<\/p>\n","protected":false},"excerpt":{"rendered":"<p>Am\u00e3 (RV) &#8211;\u00a0 \u201c\u00c9 nosso dever e nosso compromisso, confiado a n\u00f3s por Deus, romper o nosso sil\u00eancio e dizer: quando \u00e9 demais, \u00e9 demais\u201d. Com estas palavras o Patriarca Greco-ortodoxo de Jerusal\u00e9m Te\u00f3filo III, condenou a decis\u00e3o da Corte&#8230;<\/p>\n","protected":false},"author":1,"featured_media":23693,"comment_status":"open","ping_status":"open","sticky":false,"template":"","format":"standard","meta":{"_acf_changed":false,"footnotes":""},"categories":[1],"tags":[],"class_list":["post-23744","post","type-post","status-publish","format-standard","has-post-thumbnail","hentry","category-news","entry","rows-excerpt"],"acf":[],"yoast_head":"<!-- This site is optimized with the Yoast SEO plugin v27.5 - https:\/\/yoast.com\/product\/yoast-seo-wordpress\/ -->\n<title>Israel: Te\u00f3filo II protesta contra decis\u00e3o de tribunal sobre propriedades greco-ortodoxas | ECCLESIA NEWS<\/title>\n<meta name=\"robots\" content=\"index, follow, max-snippet:-1, max-image-preview:large, max-video-preview:-1\" \/>\n<link rel=\"canonical\" href=\"https:\/\/news.ecclesia.org.br\/?p=23744\" \/>\n<meta property=\"og:locale\" content=\"pt_BR\" \/>\n<meta property=\"og:type\" content=\"article\" \/>\n<meta property=\"og:title\" content=\"Israel: Te\u00f3filo II protesta contra decis\u00e3o de tribunal sobre propriedades greco-ortodoxas | ECCLESIA NEWS\" \/>\n<meta property=\"og:description\" content=\"Am\u00e3 (RV) &#8211;\u00a0 \u201c\u00c9 nosso dever e nosso compromisso, confiado a n\u00f3s por Deus, romper o nosso sil\u00eancio e dizer: quando \u00e9 demais, \u00e9 demais\u201d. Com estas palavras o Patriarca Greco-ortodoxo de Jerusal\u00e9m Te\u00f3filo III, condenou a decis\u00e3o da Corte&#8230;\" \/>\n<meta property=\"og:url\" content=\"https:\/\/news.ecclesia.org.br\/?p=23744\" \/>\n<meta property=\"og:site_name\" content=\"ECCLESIA NEWS\" \/>\n<meta property=\"article:publisher\" content=\"https:\/\/www.facebook.com\/Ecclesia2025\" \/>\n<meta property=\"article:published_time\" content=\"2017-08-15T21:32:52+00:00\" \/>\n<meta property=\"article:modified_time\" content=\"2017-09-03T21:34:21+00:00\" \/>\n<meta property=\"og:image\" content=\"https:\/\/news.ecclesia.org.br\/wp-content\/uploads\/2017\/08\/AFP6930236_Articolo.jpg\" \/>\n\t<meta property=\"og:image:width\" content=\"640\" \/>\n\t<meta property=\"og:image:height\" content=\"453\" \/>\n\t<meta property=\"og:image:type\" content=\"image\/jpeg\" \/>\n<meta name=\"author\" content=\"Pe. Andr\u00e9\" \/>\n<meta name=\"twitter:card\" content=\"summary_large_image\" \/>\n<meta name=\"twitter:creator\" content=\"@EcclesiaNews\" \/>\n<meta name=\"twitter:site\" content=\"@EcclesiaNews\" \/>\n<meta name=\"twitter:label1\" content=\"Escrito por\" \/>\n\t<meta name=\"twitter:data1\" content=\"Pe. Andr\u00e9\" \/>\n\t<meta name=\"twitter:label2\" content=\"Est. tempo de leitura\" \/>\n\t<meta name=\"twitter:data2\" content=\"2 minutos\" \/>\n<script type=\"application\/ld+json\" class=\"yoast-schema-graph\">{\"@context\":\"https:\\\/\\\/schema.org\",\"@graph\":[{\"@type\":\"Article\",\"@id\":\"https:\\\/\\\/news.ecclesia.org.br\\\/?p=23744#article\",\"isPartOf\":{\"@id\":\"https:\\\/\\\/news.ecclesia.org.br\\\/?p=23744\"},\"author\":{\"name\":\"Pe. Andr\u00e9\",\"@id\":\"https:\\\/\\\/news.ecclesia.org.br\\\/#\\\/schema\\\/person\\\/6f09597f025829745ba414a569f63758\"},\"headline\":\"Israel: Te\u00f3filo II protesta contra decis\u00e3o de tribunal sobre propriedades greco-ortodoxas\",\"datePublished\":\"2017-08-15T21:32:52+00:00\",\"dateModified\":\"2017-09-03T21:34:21+00:00\",\"mainEntityOfPage\":{\"@id\":\"https:\\\/\\\/news.ecclesia.org.br\\\/?p=23744\"},\"wordCount\":500,\"commentCount\":0,\"publisher\":{\"@id\":\"https:\\\/\\\/news.ecclesia.org.br\\\/#organization\"},\"image\":{\"@id\":\"https:\\\/\\\/news.ecclesia.org.br\\\/?p=23744#primaryimage\"},\"thumbnailUrl\":\"https:\\\/\\\/news.ecclesia.org.br\\\/wp-content\\\/uploads\\\/2017\\\/08\\\/AFP6930236_Articolo.jpg\",\"articleSection\":[\"NEWS\"],\"inLanguage\":\"pt-BR\",\"potentialAction\":[{\"@type\":\"CommentAction\",\"name\":\"Comment\",\"target\":[\"https:\\\/\\\/news.ecclesia.org.br\\\/?p=23744#respond\"]}]},{\"@type\":\"WebPage\",\"@id\":\"https:\\\/\\\/news.ecclesia.org.br\\\/?p=23744\",\"url\":\"https:\\\/\\\/news.ecclesia.org.br\\\/?p=23744\",\"name\":\"Israel: Te\u00f3filo II protesta contra decis\u00e3o de tribunal sobre propriedades greco-ortodoxas | ECCLESIA NEWS\",\"isPartOf\":{\"@id\":\"https:\\\/\\\/news.ecclesia.org.br\\\/#website\"},\"primaryImageOfPage\":{\"@id\":\"https:\\\/\\\/news.ecclesia.org.br\\\/?p=23744#primaryimage\"},\"image\":{\"@id\":\"https:\\\/\\\/news.ecclesia.org.br\\\/?p=23744#primaryimage\"},\"thumbnailUrl\":\"https:\\\/\\\/news.ecclesia.org.br\\\/wp-content\\\/uploads\\\/2017\\\/08\\\/AFP6930236_Articolo.jpg\",\"datePublished\":\"2017-08-15T21:32:52+00:00\",\"dateModified\":\"2017-09-03T21:34:21+00:00\",\"breadcrumb\":{\"@id\":\"https:\\\/\\\/news.ecclesia.org.br\\\/?p=23744#breadcrumb\"},\"inLanguage\":\"pt-BR\",\"potentialAction\":[{\"@type\":\"ReadAction\",\"target\":[\"https:\\\/\\\/news.ecclesia.org.br\\\/?p=23744\"]}]},{\"@type\":\"ImageObject\",\"inLanguage\":\"pt-BR\",\"@id\":\"https:\\\/\\\/news.ecclesia.org.br\\\/?p=23744#primaryimage\",\"url\":\"https:\\\/\\\/news.ecclesia.org.br\\\/wp-content\\\/uploads\\\/2017\\\/08\\\/AFP6930236_Articolo.jpg\",\"contentUrl\":\"https:\\\/\\\/news.ecclesia.org.br\\\/wp-content\\\/uploads\\\/2017\\\/08\\\/AFP6930236_Articolo.jpg\",\"width\":640,\"height\":453,\"caption\":\"Patriarca Te\u00f3filo III durante coletiva de imprensa em Am\u00e3 - AFP\"},{\"@type\":\"BreadcrumbList\",\"@id\":\"https:\\\/\\\/news.ecclesia.org.br\\\/?p=23744#breadcrumb\",\"itemListElement\":[{\"@type\":\"ListItem\",\"position\":1,\"name\":\"In\u00edcio\",\"item\":\"https:\\\/\\\/news.ecclesia.org.br\\\/\"},{\"@type\":\"ListItem\",\"position\":2,\"name\":\"Israel: Te\u00f3filo II protesta contra decis\u00e3o de tribunal sobre propriedades greco-ortodoxas\"}]},{\"@type\":\"WebSite\",\"@id\":\"https:\\\/\\\/news.ecclesia.org.br\\\/#website\",\"url\":\"https:\\\/\\\/news.ecclesia.org.br\\\/\",\"name\":\"Ecclesia Brasil\",\"description\":\"Desde 2003 onectando o Brasil ao mundo ortodoxo!\",\"publisher\":{\"@id\":\"https:\\\/\\\/news.ecclesia.org.br\\\/#organization\"},\"alternateName\":\"Ecclesia\",\"potentialAction\":[{\"@type\":\"SearchAction\",\"target\":{\"@type\":\"EntryPoint\",\"urlTemplate\":\"https:\\\/\\\/news.ecclesia.org.br\\\/?s={search_term_string}\"},\"query-input\":{\"@type\":\"PropertyValueSpecification\",\"valueRequired\":true,\"valueName\":\"search_term_string\"}}],\"inLanguage\":\"pt-BR\"},{\"@type\":\"Organization\",\"@id\":\"https:\\\/\\\/news.ecclesia.org.br\\\/#organization\",\"name\":\"Sacra Arquidiocese de Buenos Aires e Am\u00e9rica do Sul | Patriarcado Ecum\u00eanico\",\"alternateName\":\"News Ecclesia Brasil\",\"url\":\"https:\\\/\\\/news.ecclesia.org.br\\\/\",\"logo\":{\"@type\":\"ImageObject\",\"inLanguage\":\"pt-BR\",\"@id\":\"https:\\\/\\\/news.ecclesia.org.br\\\/#\\\/schema\\\/logo\\\/image\\\/\",\"url\":\"https:\\\/\\\/news.ecclesia.org.br\\\/wp-content\\\/uploads\\\/2025\\\/05\\\/ecclesia2.png\",\"contentUrl\":\"https:\\\/\\\/news.ecclesia.org.br\\\/wp-content\\\/uploads\\\/2025\\\/05\\\/ecclesia2.png\",\"width\":480,\"height\":120,\"caption\":\"Sacra Arquidiocese de Buenos Aires e Am\u00e9rica do Sul | Patriarcado Ecum\u00eanico\"},\"image\":{\"@id\":\"https:\\\/\\\/news.ecclesia.org.br\\\/#\\\/schema\\\/logo\\\/image\\\/\"},\"sameAs\":[\"https:\\\/\\\/www.facebook.com\\\/Ecclesia2025\",\"https:\\\/\\\/x.com\\\/EcclesiaNews\",\"https:\\\/\\\/br.pinterest.com\\\/ekklisia\\\/\",\"https:\\\/\\\/www.youtube.com\\\/@EcclesiaBrasil\"]},{\"@type\":\"Person\",\"@id\":\"https:\\\/\\\/news.ecclesia.org.br\\\/#\\\/schema\\\/person\\\/6f09597f025829745ba414a569f63758\",\"name\":\"Pe. Andr\u00e9\",\"image\":{\"@type\":\"ImageObject\",\"inLanguage\":\"pt-BR\",\"@id\":\"https:\\\/\\\/secure.gravatar.com\\\/avatar\\\/b4327cfa27e9799da239a26adcd534fc29cdc0c4a4a148eecbcfeb9b42c617ac?s=96&d=mm&r=g\",\"url\":\"https:\\\/\\\/secure.gravatar.com\\\/avatar\\\/b4327cfa27e9799da239a26adcd534fc29cdc0c4a4a148eecbcfeb9b42c617ac?s=96&d=mm&r=g\",\"contentUrl\":\"https:\\\/\\\/secure.gravatar.com\\\/avatar\\\/b4327cfa27e9799da239a26adcd534fc29cdc0c4a4a148eecbcfeb9b42c617ac?s=96&d=mm&r=g\",\"caption\":\"Pe. Andr\u00e9\"},\"sameAs\":[\"https:\\\/\\\/www.ecclesia.org.br\"]}]}<\/script>\n<!-- \/ Yoast SEO plugin. -->","yoast_head_json":{"title":"Israel: Te\u00f3filo II protesta contra decis\u00e3o de tribunal sobre propriedades greco-ortodoxas | ECCLESIA NEWS","robots":{"index":"index","follow":"follow","max-snippet":"max-snippet:-1","max-image-preview":"max-image-preview:large","max-video-preview":"max-video-preview:-1"},"canonical":"https:\/\/news.ecclesia.org.br\/?p=23744","og_locale":"pt_BR","og_type":"article","og_title":"Israel: Te\u00f3filo II protesta contra decis\u00e3o de tribunal sobre propriedades greco-ortodoxas | ECCLESIA NEWS","og_description":"Am\u00e3 (RV) &#8211;\u00a0 \u201c\u00c9 nosso dever e nosso compromisso, confiado a n\u00f3s por Deus, romper o nosso sil\u00eancio e dizer: quando \u00e9 demais, \u00e9 demais\u201d. Com estas palavras o Patriarca Greco-ortodoxo de Jerusal\u00e9m Te\u00f3filo III, condenou a decis\u00e3o da Corte&#8230;","og_url":"https:\/\/news.ecclesia.org.br\/?p=23744","og_site_name":"ECCLESIA NEWS","article_publisher":"https:\/\/www.facebook.com\/Ecclesia2025","article_published_time":"2017-08-15T21:32:52+00:00","article_modified_time":"2017-09-03T21:34:21+00:00","og_image":[{"width":640,"height":453,"url":"https:\/\/news.ecclesia.org.br\/wp-content\/uploads\/2017\/08\/AFP6930236_Articolo.jpg","type":"image\/jpeg"}],"author":"Pe. Andr\u00e9","twitter_card":"summary_large_image","twitter_creator":"@EcclesiaNews","twitter_site":"@EcclesiaNews","twitter_misc":{"Escrito por":"Pe. Andr\u00e9","Est. tempo de leitura":"2 minutos"},"schema":{"@context":"https:\/\/schema.org","@graph":[{"@type":"Article","@id":"https:\/\/news.ecclesia.org.br\/?p=23744#article","isPartOf":{"@id":"https:\/\/news.ecclesia.org.br\/?p=23744"},"author":{"name":"Pe. Andr\u00e9","@id":"https:\/\/news.ecclesia.org.br\/#\/schema\/person\/6f09597f025829745ba414a569f63758"},"headline":"Israel: Te\u00f3filo II protesta contra decis\u00e3o de tribunal sobre propriedades greco-ortodoxas","datePublished":"2017-08-15T21:32:52+00:00","dateModified":"2017-09-03T21:34:21+00:00","mainEntityOfPage":{"@id":"https:\/\/news.ecclesia.org.br\/?p=23744"},"wordCount":500,"commentCount":0,"publisher":{"@id":"https:\/\/news.ecclesia.org.br\/#organization"},"image":{"@id":"https:\/\/news.ecclesia.org.br\/?p=23744#primaryimage"},"thumbnailUrl":"https:\/\/news.ecclesia.org.br\/wp-content\/uploads\/2017\/08\/AFP6930236_Articolo.jpg","articleSection":["NEWS"],"inLanguage":"pt-BR","potentialAction":[{"@type":"CommentAction","name":"Comment","target":["https:\/\/news.ecclesia.org.br\/?p=23744#respond"]}]},{"@type":"WebPage","@id":"https:\/\/news.ecclesia.org.br\/?p=23744","url":"https:\/\/news.ecclesia.org.br\/?p=23744","name":"Israel: Te\u00f3filo II protesta contra decis\u00e3o de tribunal sobre propriedades greco-ortodoxas | ECCLESIA NEWS","isPartOf":{"@id":"https:\/\/news.ecclesia.org.br\/#website"},"primaryImageOfPage":{"@id":"https:\/\/news.ecclesia.org.br\/?p=23744#primaryimage"},"image":{"@id":"https:\/\/news.ecclesia.org.br\/?p=23744#primaryimage"},"thumbnailUrl":"https:\/\/news.ecclesia.org.br\/wp-content\/uploads\/2017\/08\/AFP6930236_Articolo.jpg","datePublished":"2017-08-15T21:32:52+00:00","dateModified":"2017-09-03T21:34:21+00:00","breadcrumb":{"@id":"https:\/\/news.ecclesia.org.br\/?p=23744#breadcrumb"},"inLanguage":"pt-BR","potentialAction":[{"@type":"ReadAction","target":["https:\/\/news.ecclesia.org.br\/?p=23744"]}]},{"@type":"ImageObject","inLanguage":"pt-BR","@id":"https:\/\/news.ecclesia.org.br\/?p=23744#primaryimage","url":"https:\/\/news.ecclesia.org.br\/wp-content\/uploads\/2017\/08\/AFP6930236_Articolo.jpg","contentUrl":"https:\/\/news.ecclesia.org.br\/wp-content\/uploads\/2017\/08\/AFP6930236_Articolo.jpg","width":640,"height":453,"caption":"Patriarca Te\u00f3filo III durante coletiva de imprensa em Am\u00e3 - AFP"},{"@type":"BreadcrumbList","@id":"https:\/\/news.ecclesia.org.br\/?p=23744#breadcrumb","itemListElement":[{"@type":"ListItem","position":1,"name":"In\u00edcio","item":"https:\/\/news.ecclesia.org.br\/"},{"@type":"ListItem","position":2,"name":"Israel: Te\u00f3filo II protesta contra decis\u00e3o de tribunal sobre propriedades greco-ortodoxas"}]},{"@type":"WebSite","@id":"https:\/\/news.ecclesia.org.br\/#website","url":"https:\/\/news.ecclesia.org.br\/","name":"Ecclesia Brasil","description":"Desde 2003 onectando o Brasil ao mundo ortodoxo!","publisher":{"@id":"https:\/\/news.ecclesia.org.br\/#organization"},"alternateName":"Ecclesia","potentialAction":[{"@type":"SearchAction","target":{"@type":"EntryPoint","urlTemplate":"https:\/\/news.ecclesia.org.br\/?s={search_term_string}"},"query-input":{"@type":"PropertyValueSpecification","valueRequired":true,"valueName":"search_term_string"}}],"inLanguage":"pt-BR"},{"@type":"Organization","@id":"https:\/\/news.ecclesia.org.br\/#organization","name":"Sacra Arquidiocese de Buenos Aires e Am\u00e9rica do Sul | Patriarcado Ecum\u00eanico","alternateName":"News Ecclesia Brasil","url":"https:\/\/news.ecclesia.org.br\/","logo":{"@type":"ImageObject","inLanguage":"pt-BR","@id":"https:\/\/news.ecclesia.org.br\/#\/schema\/logo\/image\/","url":"https:\/\/news.ecclesia.org.br\/wp-content\/uploads\/2025\/05\/ecclesia2.png","contentUrl":"https:\/\/news.ecclesia.org.br\/wp-content\/uploads\/2025\/05\/ecclesia2.png","width":480,"height":120,"caption":"Sacra Arquidiocese de Buenos Aires e Am\u00e9rica do Sul | Patriarcado Ecum\u00eanico"},"image":{"@id":"https:\/\/news.ecclesia.org.br\/#\/schema\/logo\/image\/"},"sameAs":["https:\/\/www.facebook.com\/Ecclesia2025","https:\/\/x.com\/EcclesiaNews","https:\/\/br.pinterest.com\/ekklisia\/","https:\/\/www.youtube.com\/@EcclesiaBrasil"]},{"@type":"Person","@id":"https:\/\/news.ecclesia.org.br\/#\/schema\/person\/6f09597f025829745ba414a569f63758","name":"Pe. Andr\u00e9","image":{"@type":"ImageObject","inLanguage":"pt-BR","@id":"https:\/\/secure.gravatar.com\/avatar\/b4327cfa27e9799da239a26adcd534fc29cdc0c4a4a148eecbcfeb9b42c617ac?s=96&d=mm&r=g","url":"https:\/\/secure.gravatar.com\/avatar\/b4327cfa27e9799da239a26adcd534fc29cdc0c4a4a148eecbcfeb9b42c617ac?s=96&d=mm&r=g","contentUrl":"https:\/\/secure.gravatar.com\/avatar\/b4327cfa27e9799da239a26adcd534fc29cdc0c4a4a148eecbcfeb9b42c617ac?s=96&d=mm&r=g","caption":"Pe. Andr\u00e9"},"sameAs":["https:\/\/www.ecclesia.org.br"]}]}},"_links":{"self":[{"href":"https:\/\/news.ecclesia.org.br\/index.php?rest_route=\/wp\/v2\/posts\/23744","targetHints":{"allow":["GET"]}}],"collection":[{"href":"https:\/\/news.ecclesia.org.br\/index.php?rest_route=\/wp\/v2\/posts"}],"about":[{"href":"https:\/\/news.ecclesia.org.br\/index.php?rest_route=\/wp\/v2\/types\/post"}],"author":[{"embeddable":true,"href":"https:\/\/news.ecclesia.org.br\/index.php?rest_route=\/wp\/v2\/users\/1"}],"replies":[{"embeddable":true,"href":"https:\/\/news.ecclesia.org.br\/index.php?rest_route=%2Fwp%2Fv2%2Fcomments&post=23744"}],"version-history":[{"count":0,"href":"https:\/\/news.ecclesia.org.br\/index.php?rest_route=\/wp\/v2\/posts\/23744\/revisions"}],"wp:featuredmedia":[{"embeddable":true,"href":"https:\/\/news.ecclesia.org.br\/index.php?rest_route=\/wp\/v2\/media\/23693"}],"wp:attachment":[{"href":"https:\/\/news.ecclesia.org.br\/index.php?rest_route=%2Fwp%2Fv2%2Fmedia&parent=23744"}],"wp:term":[{"taxonomy":"category","embeddable":true,"href":"https:\/\/news.ecclesia.org.br\/index.php?rest_route=%2Fwp%2Fv2%2Fcategories&post=23744"},{"taxonomy":"post_tag","embeddable":true,"href":"https:\/\/news.ecclesia.org.br\/index.php?rest_route=%2Fwp%2Fv2%2Ftags&post=23744"}],"curies":[{"name":"wp","href":"https:\/\/api.w.org\/{rel}","templated":true}]}}