{"id":23730,"date":"2017-09-02T17:56:38","date_gmt":"2017-09-02T17:56:38","guid":{"rendered":"https:\/\/news.ecclesia.org.br\/2013\/?p=23730"},"modified":"2017-09-02T17:57:53","modified_gmt":"2017-09-02T17:57:53","slug":"patriarca-cirilo-recorda-em-mensagem-os-100-anos-do-concilio-de-moscou","status":"publish","type":"post","link":"https:\/\/news.ecclesia.org.br\/?p=23730","title":{"rendered":"Patriarca Cirilo recorda em mensagem os 100 anos do Conc\u00edlio de Moscou"},"content":{"rendered":"<figure id=\"attachment_23731\" aria-describedby=\"caption-attachment-23731\" style=\"width: 300px\" class=\"wp-caption alignleft\"><a href=\"https:\/\/news.ecclesia.org.br\/2013\/wp-content\/uploads\/2017\/09\/AP3806012_Articolo.jpg\" target=\"_blank\" rel=\"noopener\"><img fetchpriority=\"high\" decoding=\"async\" class=\"wp-image-23731 size-medium\" src=\"https:\/\/news.ecclesia.org.br\/2013\/wp-content\/uploads\/2017\/09\/AP3806012_Articolo-300x212.jpg\" alt=\"\" width=\"300\" height=\"212\" srcset=\"https:\/\/news.ecclesia.org.br\/wp-content\/uploads\/2017\/09\/AP3806012_Articolo-300x212.jpg 300w, https:\/\/news.ecclesia.org.br\/wp-content\/uploads\/2017\/09\/AP3806012_Articolo-600x425.jpg 600w, https:\/\/news.ecclesia.org.br\/wp-content\/uploads\/2017\/09\/AP3806012_Articolo-78x55.jpg 78w, https:\/\/news.ecclesia.org.br\/wp-content\/uploads\/2017\/09\/AP3806012_Articolo.jpg 640w\" sizes=\"(max-width: 300px) 100vw, 300px\" \/><\/a><figcaption id=\"caption-attachment-23731\" class=\"wp-caption-text\">\u201cEstou profundamente convencido de que o patrim\u00f4nio necessita de um estudo s\u00e9rio e que um grande n\u00famero de ideias expressas na \u00e9poca s\u00e3o \u00fateis hoje&#8221; &#8211; AP<\/figcaption><\/figure>\n<p style=\"text-align: justify;\">Moscou (RV) \u2013 Uma \u201cetapa extremamente importante na hist\u00f3ria da ortodoxia russa\u201d, cujo significado, todavia, \u201cn\u00e3o foi ainda acolhido plenamente e apreciado pela popula\u00e7\u00e3o eclesial\u201d. \u00c9 o que escreve o Patriarca da Igreja Ortodoxa Russa, Cirilo, na mensagem enviada ao clero e aos fi\u00e9is por ocasi\u00e3o do 100\u00ba anivers\u00e1rio &#8211; celebrado em 28 de agosto &#8211; do in\u00edcio dos trabalhos do Conc\u00edlio local, que teve lugar entre 1917 e 1918. \u201cEstou profundamente convencido de que o patrim\u00f4nio necessita de um estudo s\u00e9rio e que um grande n\u00famero de ideias expressas na \u00e9poca s\u00e3o \u00fateis hoje\u201d, afirma o Primaz da Igreja Ortodoxa russa, recordando que, atualmente, est\u00e3o sendo realizados enormes esfor\u00e7os no sentido de difundir os princ\u00edpios do Conc\u00edlio, em particular a primeira edi\u00e7\u00e3o fundamental e cient\u00edfica dos documentos, indispens\u00e1vel para preservar a mem\u00f3ria daquele acontecimento. O Conc\u00edlio de Moscou teve um longo per\u00edodo de prepara\u00e7\u00e3o durante o qual foram recolhidas uma s\u00e9rie de informa\u00e7\u00f5es, ao mesmo tempo em que foram consultados arquipastores, te\u00f3logos, canonistas e historiadores a respeito das quest\u00f5es fundamentais da vida eclesial. Alguns anos antes do Conc\u00edlio foi criado um organismo especial, chamado Comiss\u00e3o pr\u00e9-conciliar, cujo objetivo era reunir os dados necess\u00e1rios para a correta organiza\u00e7\u00e3o das discuss\u00f5es sobre temas de atualidade. O legado espiritual daquele organismo \u00e9 a Comiss\u00e3o Inter-conciliar, que funciona at\u00e9 hoje e conta com a participa\u00e7\u00e3o tamb\u00e9m de sacerdotes e leigos. Os documentos por ela preparados s\u00e3o enviados, para um ulterior exame, ao S\u00ednodo da Assembleia dos Bispos, \u201ctriunfo ineg\u00e1vel \u2013 escreve Cirilo na mensagem \u2013 do esp\u00edrito de conciliaridade na vida da ortodoxia russa contempor\u00e2nea\u201d. Diversas causas impediram a recep\u00e7\u00e3o dos documentos do Conc\u00edlio de 1917-1918. \u201cO obst\u00e1culo mais evidente \u2013 escreve Cirilo &#8211; foi o desencadear da guerra civil que se seguiu aos acontecimentos revolucion\u00e1rios e as persegui\u00e7\u00f5es sem precedentes contra a Igreja e os fi\u00e9is. Hoje exercemos o nosso minist\u00e9rio em condi\u00e7\u00f5es hist\u00f3ricas totalmente diferentes. Hoje podemos refletir, na ora\u00e7\u00e3o, sobre o balan\u00e7o dos atos conciliares, responder \u00e0 pergunta sobre o porqu\u00ea de certas decis\u00f5es &#8211; apesar dos m\u00faltiplos obst\u00e1culos &#8211; foram aplicadas e encontraram lugar na vida da Igreja, enquanto outras \u2013observou o Patriarca \u2013 n\u00e3o foram adotadas pela consci\u00eancia eclesial\u201d. \u00c0quele Conc\u00edlio, celebrado em Moscou com a participa\u00e7\u00e3o de todos os componentes eclesiais, a Comunidade ecum\u00eanica de Bose dedicou o XI Simp\u00f3sio Ecum\u00eanico Internacional de espiritualidade ortodoxa (se\u00e7\u00e3o russa), realizado de 18 a 20 de setembro de 2003. Foi \u201cum dos mais importante eventos da Igreja Russa no s\u00e9culo XX\u201d, afirmou na \u00e9poca o Patriarca de Moscou Alexis II, na mensagem enviada aos participantes. Verdadeiro \u201cdivisor de \u00e1guas\u201d entre a queda do czarismo e a \u00e9poca das persegui\u00e7\u00f5es \u2013 l\u00ea-se nas atas do encontro \u2013 o Conc\u00edlio de Moscou representa um momento de s\u00edntese da tradi\u00e7\u00e3o, uma fonte de inspira\u00e7\u00e3o para as Igrejas na busca de novos caminhos de di\u00e1logo e de respostas comuns aos desafios do mundo contempor\u00e2neo\u201d. Um rico debate, ainda incompleto segundo o Patriarca Cirilo, \u00fatil para uma reflex\u00e3o teol\u00f3gica a mais vozes sobre a conciliaridade que pode ser vivida hoje nas Igrejas. (JE \u2013 L\u2019Osservatore Romano).<\/p>\n<hr \/>\n<p style=\"text-align: right;\">Fonte: <a href=\"http:\/\/br.radiovaticana.va\/news\/2017\/09\/01\/100_anos_do_conc%C3%ADlio_de_moscou_recordados_por_kirill\/1334039\" target=\"_blank\" rel=\"noopener\">R\u00e1dio Vaticana<\/a><\/p>\n","protected":false},"excerpt":{"rendered":"<p>Moscou (RV) \u2013 Uma \u201cetapa extremamente importante na hist\u00f3ria da ortodoxia russa\u201d, cujo significado, todavia, \u201cn\u00e3o foi ainda acolhido plenamente e apreciado pela popula\u00e7\u00e3o eclesial\u201d. \u00c9 o que escreve o Patriarca da Igreja Ortodoxa Russa, Cirilo, na mensagem enviada ao&#8230;<\/p>\n","protected":false},"author":1,"featured_media":23731,"comment_status":"open","ping_status":"open","sticky":false,"template":"","format":"standard","meta":{"_acf_changed":false,"footnotes":""},"categories":[3],"tags":[],"class_list":["post-23730","post","type-post","status-publish","format-standard","has-post-thumbnail","hentry","category-mundo","entry","rows-excerpt"],"acf":[],"yoast_head":"<!-- This site is optimized with the Yoast SEO plugin v27.5 - https:\/\/yoast.com\/product\/yoast-seo-wordpress\/ -->\n<title>Patriarca Cirilo recorda em mensagem os 100 anos do Conc\u00edlio de Moscou | ECCLESIA NEWS<\/title>\n<meta name=\"robots\" content=\"index, follow, max-snippet:-1, max-image-preview:large, max-video-preview:-1\" \/>\n<link rel=\"canonical\" href=\"https:\/\/news.ecclesia.org.br\/?p=23730\" \/>\n<meta property=\"og:locale\" content=\"pt_BR\" \/>\n<meta property=\"og:type\" content=\"article\" \/>\n<meta property=\"og:title\" content=\"Patriarca Cirilo recorda em mensagem os 100 anos do Conc\u00edlio de Moscou | ECCLESIA NEWS\" \/>\n<meta property=\"og:description\" content=\"Moscou (RV) \u2013 Uma \u201cetapa extremamente importante na hist\u00f3ria da ortodoxia russa\u201d, cujo significado, todavia, \u201cn\u00e3o foi ainda acolhido plenamente e apreciado pela popula\u00e7\u00e3o eclesial\u201d. \u00c9 o que escreve o Patriarca da Igreja Ortodoxa Russa, Cirilo, na mensagem enviada ao&#8230;\" \/>\n<meta property=\"og:url\" content=\"https:\/\/news.ecclesia.org.br\/?p=23730\" \/>\n<meta property=\"og:site_name\" content=\"ECCLESIA NEWS\" \/>\n<meta property=\"article:publisher\" content=\"https:\/\/www.facebook.com\/Ecclesia2025\" \/>\n<meta property=\"article:published_time\" content=\"2017-09-02T17:56:38+00:00\" \/>\n<meta property=\"article:modified_time\" content=\"2017-09-02T17:57:53+00:00\" \/>\n<meta property=\"og:image\" content=\"https:\/\/news.ecclesia.org.br\/wp-content\/uploads\/2017\/09\/AP3806012_Articolo.jpg\" \/>\n\t<meta property=\"og:image:width\" content=\"640\" \/>\n\t<meta property=\"og:image:height\" content=\"453\" \/>\n\t<meta property=\"og:image:type\" content=\"image\/jpeg\" \/>\n<meta name=\"author\" content=\"Pe. Andr\u00e9\" \/>\n<meta name=\"twitter:card\" content=\"summary_large_image\" \/>\n<meta name=\"twitter:creator\" content=\"@EcclesiaNews\" \/>\n<meta name=\"twitter:site\" content=\"@EcclesiaNews\" \/>\n<meta name=\"twitter:label1\" content=\"Escrito por\" \/>\n\t<meta name=\"twitter:data1\" content=\"Pe. Andr\u00e9\" \/>\n\t<meta name=\"twitter:label2\" content=\"Est. tempo de leitura\" \/>\n\t<meta name=\"twitter:data2\" content=\"3 minutos\" \/>\n<script type=\"application\/ld+json\" class=\"yoast-schema-graph\">{\"@context\":\"https:\\\/\\\/schema.org\",\"@graph\":[{\"@type\":\"Article\",\"@id\":\"https:\\\/\\\/news.ecclesia.org.br\\\/?p=23730#article\",\"isPartOf\":{\"@id\":\"https:\\\/\\\/news.ecclesia.org.br\\\/?p=23730\"},\"author\":{\"name\":\"Pe. Andr\u00e9\",\"@id\":\"https:\\\/\\\/news.ecclesia.org.br\\\/#\\\/schema\\\/person\\\/6f09597f025829745ba414a569f63758\"},\"headline\":\"Patriarca Cirilo recorda em mensagem os 100 anos do Conc\u00edlio de Moscou\",\"datePublished\":\"2017-09-02T17:56:38+00:00\",\"dateModified\":\"2017-09-02T17:57:53+00:00\",\"mainEntityOfPage\":{\"@id\":\"https:\\\/\\\/news.ecclesia.org.br\\\/?p=23730\"},\"wordCount\":622,\"commentCount\":0,\"publisher\":{\"@id\":\"https:\\\/\\\/news.ecclesia.org.br\\\/#organization\"},\"image\":{\"@id\":\"https:\\\/\\\/news.ecclesia.org.br\\\/?p=23730#primaryimage\"},\"thumbnailUrl\":\"https:\\\/\\\/news.ecclesia.org.br\\\/wp-content\\\/uploads\\\/2017\\\/09\\\/AP3806012_Articolo.jpg\",\"articleSection\":[\"Mundo Ortodoxo\"],\"inLanguage\":\"pt-BR\",\"potentialAction\":[{\"@type\":\"CommentAction\",\"name\":\"Comment\",\"target\":[\"https:\\\/\\\/news.ecclesia.org.br\\\/?p=23730#respond\"]}]},{\"@type\":\"WebPage\",\"@id\":\"https:\\\/\\\/news.ecclesia.org.br\\\/?p=23730\",\"url\":\"https:\\\/\\\/news.ecclesia.org.br\\\/?p=23730\",\"name\":\"Patriarca Cirilo recorda em mensagem os 100 anos do Conc\u00edlio de Moscou | ECCLESIA NEWS\",\"isPartOf\":{\"@id\":\"https:\\\/\\\/news.ecclesia.org.br\\\/#website\"},\"primaryImageOfPage\":{\"@id\":\"https:\\\/\\\/news.ecclesia.org.br\\\/?p=23730#primaryimage\"},\"image\":{\"@id\":\"https:\\\/\\\/news.ecclesia.org.br\\\/?p=23730#primaryimage\"},\"thumbnailUrl\":\"https:\\\/\\\/news.ecclesia.org.br\\\/wp-content\\\/uploads\\\/2017\\\/09\\\/AP3806012_Articolo.jpg\",\"datePublished\":\"2017-09-02T17:56:38+00:00\",\"dateModified\":\"2017-09-02T17:57:53+00:00\",\"breadcrumb\":{\"@id\":\"https:\\\/\\\/news.ecclesia.org.br\\\/?p=23730#breadcrumb\"},\"inLanguage\":\"pt-BR\",\"potentialAction\":[{\"@type\":\"ReadAction\",\"target\":[\"https:\\\/\\\/news.ecclesia.org.br\\\/?p=23730\"]}]},{\"@type\":\"ImageObject\",\"inLanguage\":\"pt-BR\",\"@id\":\"https:\\\/\\\/news.ecclesia.org.br\\\/?p=23730#primaryimage\",\"url\":\"https:\\\/\\\/news.ecclesia.org.br\\\/wp-content\\\/uploads\\\/2017\\\/09\\\/AP3806012_Articolo.jpg\",\"contentUrl\":\"https:\\\/\\\/news.ecclesia.org.br\\\/wp-content\\\/uploads\\\/2017\\\/09\\\/AP3806012_Articolo.jpg\",\"width\":640,\"height\":453,\"caption\":\"\u201cEstou profundamente convencido de que o patrim\u00f4nio necessita de um estudo s\u00e9rio e que um grande n\u00famero de ideias expressas na \u00e9poca s\u00e3o \u00fateis hoje\\\" - AP\"},{\"@type\":\"BreadcrumbList\",\"@id\":\"https:\\\/\\\/news.ecclesia.org.br\\\/?p=23730#breadcrumb\",\"itemListElement\":[{\"@type\":\"ListItem\",\"position\":1,\"name\":\"In\u00edcio\",\"item\":\"https:\\\/\\\/news.ecclesia.org.br\\\/\"},{\"@type\":\"ListItem\",\"position\":2,\"name\":\"Patriarca Cirilo recorda em mensagem os 100 anos do Conc\u00edlio de Moscou\"}]},{\"@type\":\"WebSite\",\"@id\":\"https:\\\/\\\/news.ecclesia.org.br\\\/#website\",\"url\":\"https:\\\/\\\/news.ecclesia.org.br\\\/\",\"name\":\"Ecclesia Brasil\",\"description\":\"Desde 2003 onectando o Brasil ao mundo ortodoxo!\",\"publisher\":{\"@id\":\"https:\\\/\\\/news.ecclesia.org.br\\\/#organization\"},\"alternateName\":\"Ecclesia\",\"potentialAction\":[{\"@type\":\"SearchAction\",\"target\":{\"@type\":\"EntryPoint\",\"urlTemplate\":\"https:\\\/\\\/news.ecclesia.org.br\\\/?s={search_term_string}\"},\"query-input\":{\"@type\":\"PropertyValueSpecification\",\"valueRequired\":true,\"valueName\":\"search_term_string\"}}],\"inLanguage\":\"pt-BR\"},{\"@type\":\"Organization\",\"@id\":\"https:\\\/\\\/news.ecclesia.org.br\\\/#organization\",\"name\":\"Sacra Arquidiocese de Buenos Aires e Am\u00e9rica do Sul | Patriarcado Ecum\u00eanico\",\"alternateName\":\"News Ecclesia Brasil\",\"url\":\"https:\\\/\\\/news.ecclesia.org.br\\\/\",\"logo\":{\"@type\":\"ImageObject\",\"inLanguage\":\"pt-BR\",\"@id\":\"https:\\\/\\\/news.ecclesia.org.br\\\/#\\\/schema\\\/logo\\\/image\\\/\",\"url\":\"https:\\\/\\\/news.ecclesia.org.br\\\/wp-content\\\/uploads\\\/2025\\\/05\\\/ecclesia2.png\",\"contentUrl\":\"https:\\\/\\\/news.ecclesia.org.br\\\/wp-content\\\/uploads\\\/2025\\\/05\\\/ecclesia2.png\",\"width\":480,\"height\":120,\"caption\":\"Sacra Arquidiocese de Buenos Aires e Am\u00e9rica do Sul | Patriarcado Ecum\u00eanico\"},\"image\":{\"@id\":\"https:\\\/\\\/news.ecclesia.org.br\\\/#\\\/schema\\\/logo\\\/image\\\/\"},\"sameAs\":[\"https:\\\/\\\/www.facebook.com\\\/Ecclesia2025\",\"https:\\\/\\\/x.com\\\/EcclesiaNews\",\"https:\\\/\\\/br.pinterest.com\\\/ekklisia\\\/\",\"https:\\\/\\\/www.youtube.com\\\/@EcclesiaBrasil\"]},{\"@type\":\"Person\",\"@id\":\"https:\\\/\\\/news.ecclesia.org.br\\\/#\\\/schema\\\/person\\\/6f09597f025829745ba414a569f63758\",\"name\":\"Pe. Andr\u00e9\",\"image\":{\"@type\":\"ImageObject\",\"inLanguage\":\"pt-BR\",\"@id\":\"https:\\\/\\\/secure.gravatar.com\\\/avatar\\\/b4327cfa27e9799da239a26adcd534fc29cdc0c4a4a148eecbcfeb9b42c617ac?s=96&d=mm&r=g\",\"url\":\"https:\\\/\\\/secure.gravatar.com\\\/avatar\\\/b4327cfa27e9799da239a26adcd534fc29cdc0c4a4a148eecbcfeb9b42c617ac?s=96&d=mm&r=g\",\"contentUrl\":\"https:\\\/\\\/secure.gravatar.com\\\/avatar\\\/b4327cfa27e9799da239a26adcd534fc29cdc0c4a4a148eecbcfeb9b42c617ac?s=96&d=mm&r=g\",\"caption\":\"Pe. Andr\u00e9\"},\"sameAs\":[\"https:\\\/\\\/www.ecclesia.org.br\"]}]}<\/script>\n<!-- \/ Yoast SEO plugin. -->","yoast_head_json":{"title":"Patriarca Cirilo recorda em mensagem os 100 anos do Conc\u00edlio de Moscou | ECCLESIA NEWS","robots":{"index":"index","follow":"follow","max-snippet":"max-snippet:-1","max-image-preview":"max-image-preview:large","max-video-preview":"max-video-preview:-1"},"canonical":"https:\/\/news.ecclesia.org.br\/?p=23730","og_locale":"pt_BR","og_type":"article","og_title":"Patriarca Cirilo recorda em mensagem os 100 anos do Conc\u00edlio de Moscou | ECCLESIA NEWS","og_description":"Moscou (RV) \u2013 Uma \u201cetapa extremamente importante na hist\u00f3ria da ortodoxia russa\u201d, cujo significado, todavia, \u201cn\u00e3o foi ainda acolhido plenamente e apreciado pela popula\u00e7\u00e3o eclesial\u201d. \u00c9 o que escreve o Patriarca da Igreja Ortodoxa Russa, Cirilo, na mensagem enviada ao&#8230;","og_url":"https:\/\/news.ecclesia.org.br\/?p=23730","og_site_name":"ECCLESIA NEWS","article_publisher":"https:\/\/www.facebook.com\/Ecclesia2025","article_published_time":"2017-09-02T17:56:38+00:00","article_modified_time":"2017-09-02T17:57:53+00:00","og_image":[{"width":640,"height":453,"url":"https:\/\/news.ecclesia.org.br\/wp-content\/uploads\/2017\/09\/AP3806012_Articolo.jpg","type":"image\/jpeg"}],"author":"Pe. Andr\u00e9","twitter_card":"summary_large_image","twitter_creator":"@EcclesiaNews","twitter_site":"@EcclesiaNews","twitter_misc":{"Escrito por":"Pe. Andr\u00e9","Est. tempo de leitura":"3 minutos"},"schema":{"@context":"https:\/\/schema.org","@graph":[{"@type":"Article","@id":"https:\/\/news.ecclesia.org.br\/?p=23730#article","isPartOf":{"@id":"https:\/\/news.ecclesia.org.br\/?p=23730"},"author":{"name":"Pe. Andr\u00e9","@id":"https:\/\/news.ecclesia.org.br\/#\/schema\/person\/6f09597f025829745ba414a569f63758"},"headline":"Patriarca Cirilo recorda em mensagem os 100 anos do Conc\u00edlio de Moscou","datePublished":"2017-09-02T17:56:38+00:00","dateModified":"2017-09-02T17:57:53+00:00","mainEntityOfPage":{"@id":"https:\/\/news.ecclesia.org.br\/?p=23730"},"wordCount":622,"commentCount":0,"publisher":{"@id":"https:\/\/news.ecclesia.org.br\/#organization"},"image":{"@id":"https:\/\/news.ecclesia.org.br\/?p=23730#primaryimage"},"thumbnailUrl":"https:\/\/news.ecclesia.org.br\/wp-content\/uploads\/2017\/09\/AP3806012_Articolo.jpg","articleSection":["Mundo Ortodoxo"],"inLanguage":"pt-BR","potentialAction":[{"@type":"CommentAction","name":"Comment","target":["https:\/\/news.ecclesia.org.br\/?p=23730#respond"]}]},{"@type":"WebPage","@id":"https:\/\/news.ecclesia.org.br\/?p=23730","url":"https:\/\/news.ecclesia.org.br\/?p=23730","name":"Patriarca Cirilo recorda em mensagem os 100 anos do Conc\u00edlio de Moscou | ECCLESIA NEWS","isPartOf":{"@id":"https:\/\/news.ecclesia.org.br\/#website"},"primaryImageOfPage":{"@id":"https:\/\/news.ecclesia.org.br\/?p=23730#primaryimage"},"image":{"@id":"https:\/\/news.ecclesia.org.br\/?p=23730#primaryimage"},"thumbnailUrl":"https:\/\/news.ecclesia.org.br\/wp-content\/uploads\/2017\/09\/AP3806012_Articolo.jpg","datePublished":"2017-09-02T17:56:38+00:00","dateModified":"2017-09-02T17:57:53+00:00","breadcrumb":{"@id":"https:\/\/news.ecclesia.org.br\/?p=23730#breadcrumb"},"inLanguage":"pt-BR","potentialAction":[{"@type":"ReadAction","target":["https:\/\/news.ecclesia.org.br\/?p=23730"]}]},{"@type":"ImageObject","inLanguage":"pt-BR","@id":"https:\/\/news.ecclesia.org.br\/?p=23730#primaryimage","url":"https:\/\/news.ecclesia.org.br\/wp-content\/uploads\/2017\/09\/AP3806012_Articolo.jpg","contentUrl":"https:\/\/news.ecclesia.org.br\/wp-content\/uploads\/2017\/09\/AP3806012_Articolo.jpg","width":640,"height":453,"caption":"\u201cEstou profundamente convencido de que o patrim\u00f4nio necessita de um estudo s\u00e9rio e que um grande n\u00famero de ideias expressas na \u00e9poca s\u00e3o \u00fateis hoje\" - AP"},{"@type":"BreadcrumbList","@id":"https:\/\/news.ecclesia.org.br\/?p=23730#breadcrumb","itemListElement":[{"@type":"ListItem","position":1,"name":"In\u00edcio","item":"https:\/\/news.ecclesia.org.br\/"},{"@type":"ListItem","position":2,"name":"Patriarca Cirilo recorda em mensagem os 100 anos do Conc\u00edlio de Moscou"}]},{"@type":"WebSite","@id":"https:\/\/news.ecclesia.org.br\/#website","url":"https:\/\/news.ecclesia.org.br\/","name":"Ecclesia Brasil","description":"Desde 2003 onectando o Brasil ao mundo ortodoxo!","publisher":{"@id":"https:\/\/news.ecclesia.org.br\/#organization"},"alternateName":"Ecclesia","potentialAction":[{"@type":"SearchAction","target":{"@type":"EntryPoint","urlTemplate":"https:\/\/news.ecclesia.org.br\/?s={search_term_string}"},"query-input":{"@type":"PropertyValueSpecification","valueRequired":true,"valueName":"search_term_string"}}],"inLanguage":"pt-BR"},{"@type":"Organization","@id":"https:\/\/news.ecclesia.org.br\/#organization","name":"Sacra Arquidiocese de Buenos Aires e Am\u00e9rica do Sul | Patriarcado Ecum\u00eanico","alternateName":"News Ecclesia Brasil","url":"https:\/\/news.ecclesia.org.br\/","logo":{"@type":"ImageObject","inLanguage":"pt-BR","@id":"https:\/\/news.ecclesia.org.br\/#\/schema\/logo\/image\/","url":"https:\/\/news.ecclesia.org.br\/wp-content\/uploads\/2025\/05\/ecclesia2.png","contentUrl":"https:\/\/news.ecclesia.org.br\/wp-content\/uploads\/2025\/05\/ecclesia2.png","width":480,"height":120,"caption":"Sacra Arquidiocese de Buenos Aires e Am\u00e9rica do Sul | Patriarcado Ecum\u00eanico"},"image":{"@id":"https:\/\/news.ecclesia.org.br\/#\/schema\/logo\/image\/"},"sameAs":["https:\/\/www.facebook.com\/Ecclesia2025","https:\/\/x.com\/EcclesiaNews","https:\/\/br.pinterest.com\/ekklisia\/","https:\/\/www.youtube.com\/@EcclesiaBrasil"]},{"@type":"Person","@id":"https:\/\/news.ecclesia.org.br\/#\/schema\/person\/6f09597f025829745ba414a569f63758","name":"Pe. Andr\u00e9","image":{"@type":"ImageObject","inLanguage":"pt-BR","@id":"https:\/\/secure.gravatar.com\/avatar\/b4327cfa27e9799da239a26adcd534fc29cdc0c4a4a148eecbcfeb9b42c617ac?s=96&d=mm&r=g","url":"https:\/\/secure.gravatar.com\/avatar\/b4327cfa27e9799da239a26adcd534fc29cdc0c4a4a148eecbcfeb9b42c617ac?s=96&d=mm&r=g","contentUrl":"https:\/\/secure.gravatar.com\/avatar\/b4327cfa27e9799da239a26adcd534fc29cdc0c4a4a148eecbcfeb9b42c617ac?s=96&d=mm&r=g","caption":"Pe. Andr\u00e9"},"sameAs":["https:\/\/www.ecclesia.org.br"]}]}},"_links":{"self":[{"href":"https:\/\/news.ecclesia.org.br\/index.php?rest_route=\/wp\/v2\/posts\/23730","targetHints":{"allow":["GET"]}}],"collection":[{"href":"https:\/\/news.ecclesia.org.br\/index.php?rest_route=\/wp\/v2\/posts"}],"about":[{"href":"https:\/\/news.ecclesia.org.br\/index.php?rest_route=\/wp\/v2\/types\/post"}],"author":[{"embeddable":true,"href":"https:\/\/news.ecclesia.org.br\/index.php?rest_route=\/wp\/v2\/users\/1"}],"replies":[{"embeddable":true,"href":"https:\/\/news.ecclesia.org.br\/index.php?rest_route=%2Fwp%2Fv2%2Fcomments&post=23730"}],"version-history":[{"count":0,"href":"https:\/\/news.ecclesia.org.br\/index.php?rest_route=\/wp\/v2\/posts\/23730\/revisions"}],"wp:featuredmedia":[{"embeddable":true,"href":"https:\/\/news.ecclesia.org.br\/index.php?rest_route=\/wp\/v2\/media\/23731"}],"wp:attachment":[{"href":"https:\/\/news.ecclesia.org.br\/index.php?rest_route=%2Fwp%2Fv2%2Fmedia&parent=23730"}],"wp:term":[{"taxonomy":"category","embeddable":true,"href":"https:\/\/news.ecclesia.org.br\/index.php?rest_route=%2Fwp%2Fv2%2Fcategories&post=23730"},{"taxonomy":"post_tag","embeddable":true,"href":"https:\/\/news.ecclesia.org.br\/index.php?rest_route=%2Fwp%2Fv2%2Ftags&post=23730"}],"curies":[{"name":"wp","href":"https:\/\/api.w.org\/{rel}","templated":true}]}}