{"id":23722,"date":"2017-09-01T15:51:59","date_gmt":"2017-09-01T15:51:59","guid":{"rendered":"https:\/\/news.ecclesia.org.br\/2013\/?p=23722"},"modified":"2017-09-01T15:57:16","modified_gmt":"2017-09-01T15:57:16","slug":"mensagem-conjunta-do-patriarca-bartolomeu-e-do-papa-francisco-pela-celebracao-de-1o-de-setembro-dia-do-cuidado-da-criacao","status":"publish","type":"post","link":"https:\/\/news.ecclesia.org.br\/?p=23722","title":{"rendered":"Mensagem conjunta do Patriarca Bartolomeu e do Papa Francisco pela celebra\u00e7\u00e3o de 1\u00ba de Setembro:"},"content":{"rendered":"<p><a href=\"https:\/\/news.ecclesia.org.br\/2013\/wp-content\/uploads\/2015\/11\/criacao-transfigurada-1.jpg\" target=\"_blank\" rel=\"noopener\"><img fetchpriority=\"high\" decoding=\"async\" class=\"alignleft wp-image-8525 size-medium\" src=\"https:\/\/news.ecclesia.org.br\/2013\/wp-content\/uploads\/2015\/11\/criacao-transfigurada-1-233x300.jpg\" alt=\"\" width=\"233\" height=\"300\" \/><\/a><\/p>\n<blockquote>\n<h2 style=\"text-align: left;\">Dia do cuidado da Cria\u00e7\u00e3o<\/h2>\n<p style=\"text-align: justify;\">A narra\u00e7\u00e3o da cria\u00e7\u00e3o oferece-nos uma vis\u00e3o panor\u00e2mica do mundo. A Sagrada Escritura revela que, \u00abno princ\u00edpio\u00bb, Deus designou a humanidade como cooperadora na guarda e prote\u00e7\u00e3o do ambiente natural. Ao in\u00edcio, como lemos no G\u00eanesis (2, 5), \u00abainda n\u00e3o havia arbusto algum pelos campos, nem sequer uma planta germinara ainda, porque o Senhor Deus ainda n\u00e3o tinha feito chover sobre a terra, e n\u00e3o havia homem para a cultivar\u00bb. A terra foi-nos confiada como dom sublime e como heran\u00e7a, cuja responsabilidade todos compartilhamos at\u00e9 que, \u00abno fim\u00bb, todas as coisas no c\u00e9u e na terra sejam restauradas em Cristo (cf. Ef 1, 10). A dignidade e a prosperidade humanas est\u00e3o profundamente interligadas com a solicitude por toda a cria\u00e7\u00e3o.<\/p>\n<p style=\"text-align: justify;\">\u00abNo per\u00edodo interm\u00e9dio\u00bb, por\u00e9m, a hist\u00f3ria do mundo apresenta uma situa\u00e7\u00e3o muito diferente. Revela-nos um cen\u00e1rio moralmente decadente, onde as nossas atitudes e comportamentos para com a cria\u00e7\u00e3o ofuscam a voca\u00e7\u00e3o de ser cooperadores de Deus. A nossa tend\u00eancia a romper os delicados e equilibrados ecossistemas do mundo, o desejo insaci\u00e1vel de manipular e controlar os limitados recursos do planeta, a avidez de retirar do mercado lucros ilimitados: tudo isto nos alienou do des\u00edgnio original da cria\u00e7\u00e3o. Deixamos de respeitar a natureza como um dom compartilhado, considerando-a, ao inv\u00e9s, como posse privada. O nosso relacionamento com a natureza j\u00e1 n\u00e3o \u00e9 para a sustentar, mas para a subjugar a fim de alimentar as nossas estruturas.<\/p>\n<p style=\"text-align: justify;\">As consequ\u00eancias desta vis\u00e3o alternativa do mundo s\u00e3o tr\u00e1gicas e duradouras. O ambiente humano e o ambiente natural est\u00e3o a deteriorar-se conjuntamente, e esta deteriora\u00e7\u00e3o do planeta pesa sobre as pessoas mais vulner\u00e1veis. O impacto das mudan\u00e7as clim\u00e1ticas repercute-se, antes de mais nada, sobre aqueles que vivem pobremente em cada \u00e2ngulo do globo. O dever que temos de usar responsavelmente dos bens da terra implica o reconhecimento e o respeito por cada pessoa e por todas as criaturas vivas. O apelo e o desafio urgentes a cuidar da cria\u00e7\u00e3o constituem um convite a toda a humanidade para trabalhar por um desenvolvimento sustent\u00e1vel e integral.<\/p>\n<p style=\"text-align: justify;\">Por isso, unidos pela mesma preocupa\u00e7\u00e3o com a cria\u00e7\u00e3o de Deus e reconhecendo que a terra \u00e9 um bem dado em comum, convidamos ardorosamente todas as pessoas de boa vontade a dedicar, no dia 1 de setembro, um tempo de ora\u00e7\u00e3o pelo ambiente. Nesta ocasi\u00e3o, desejamos elevar uma a\u00e7\u00e3o de gra\u00e7as ao ben\u00e9volo Criador pelo magn\u00edfico dom da cria\u00e7\u00e3o e comprometer-nos a cuidar dele e preserv\u00e1-lo para o bem das gera\u00e7\u00f5es futuras. Sabemos que, no fim de contas, \u00e9 em v\u00e3o que nos afadigamos, se o Senhor n\u00e3o estiver ao nosso lado (cf. Sal 126\/127), se a ora\u00e7\u00e3o n\u00e3o estiver no centro das nossas reflex\u00f5es e celebra\u00e7\u00f5es. Na verdade, um dos objetivos da nossa ora\u00e7\u00e3o \u00e9 mudar o modo como percebemos o mundo, para mudar a forma como nos relacionamos com o mundo. O fim que nos propomos \u00e9 ser audazes em abra\u00e7ar, nos nossos estilos de vida, uma maior simplicidade e solidariedade.<\/p>\n<p style=\"text-align: justify;\">A quantos ocupam uma posi\u00e7\u00e3o de relevo em \u00e2mbito social, econ\u00f4mico, pol\u00edtico e cultural, dirigimos um apelo urgente a prestar responsavelmente ouvidos ao grito da terra e a cuidar das necessidades de quem est\u00e1 marginalizado, mas sobretudo a responder \u00e0 s\u00faplica de tanta gente e apoiar o consenso global para que seja sanada a cria\u00e7\u00e3o ferida. Estamos convencidos de que n\u00e3o poder\u00e1 haver uma solu\u00e7\u00e3o genu\u00edna e duradoura para o desafio da crise ecol\u00f3gica e das mudan\u00e7as clim\u00e1ticas, sem uma resposta concertada e coletiva, sem uma responsabilidade compartilhada e capaz de prestar contas do seu agir, sem dar prioridade \u00e0 solidariedade e ao servi\u00e7o.<\/p>\n<\/blockquote>\n<p style=\"text-align: right;\">Do Fanar e do Vaticano, 1\u00ba de setembro de 2017.<\/p>\n<p style=\"text-align: center;\">Patriarca Bartolomeu e Papa Francisco<\/p>\n","protected":false},"excerpt":{"rendered":"<p>Dia do cuidado da Cria\u00e7\u00e3o A narra\u00e7\u00e3o da cria\u00e7\u00e3o oferece-nos uma vis\u00e3o panor\u00e2mica do mundo. A Sagrada Escritura revela que, \u00abno princ\u00edpio\u00bb, Deus designou a humanidade como cooperadora na guarda e prote\u00e7\u00e3o do ambiente natural. Ao in\u00edcio, como lemos no&#8230;<\/p>\n","protected":false},"author":1,"featured_media":10958,"comment_status":"open","ping_status":"open","sticky":false,"template":"","format":"standard","meta":{"_acf_changed":false,"footnotes":""},"categories":[1,72],"tags":[],"class_list":["post-23722","post","type-post","status-publish","format-standard","has-post-thumbnail","hentry","category-news","category-patriarcado-ecumenico","entry","rows-excerpt"],"acf":[],"yoast_head":"<!-- This site is optimized with the Yoast SEO plugin v27.4 - https:\/\/yoast.com\/product\/yoast-seo-wordpress\/ -->\n<title>Mensagem conjunta do Patriarca Bartolomeu e do Papa Francisco pela celebra\u00e7\u00e3o de 1\u00ba de Setembro: | ECCLESIA NEWS<\/title>\n<meta name=\"robots\" content=\"index, follow, max-snippet:-1, max-image-preview:large, max-video-preview:-1\" \/>\n<link rel=\"canonical\" href=\"https:\/\/news.ecclesia.org.br\/?p=23722\" \/>\n<meta property=\"og:locale\" content=\"pt_BR\" \/>\n<meta property=\"og:type\" content=\"article\" \/>\n<meta property=\"og:title\" content=\"Mensagem conjunta do Patriarca Bartolomeu e do Papa Francisco pela celebra\u00e7\u00e3o de 1\u00ba de Setembro: | ECCLESIA NEWS\" \/>\n<meta property=\"og:description\" content=\"Dia do cuidado da Cria\u00e7\u00e3o A narra\u00e7\u00e3o da cria\u00e7\u00e3o oferece-nos uma vis\u00e3o panor\u00e2mica do mundo. A Sagrada Escritura revela que, \u00abno princ\u00edpio\u00bb, Deus designou a humanidade como cooperadora na guarda e prote\u00e7\u00e3o do ambiente natural. Ao in\u00edcio, como lemos no&#8230;\" \/>\n<meta property=\"og:url\" content=\"https:\/\/news.ecclesia.org.br\/?p=23722\" \/>\n<meta property=\"og:site_name\" content=\"ECCLESIA NEWS\" \/>\n<meta property=\"article:publisher\" content=\"https:\/\/www.facebook.com\/Ecclesia2025\" \/>\n<meta property=\"article:published_time\" content=\"2017-09-01T15:51:59+00:00\" \/>\n<meta property=\"article:modified_time\" content=\"2017-09-01T15:57:16+00:00\" \/>\n<meta property=\"og:image\" content=\"https:\/\/news.ecclesia.org.br\/wp-content\/uploads\/2015\/08\/DiaOracaoCuidadoCriacao-2.jpg\" \/>\n\t<meta property=\"og:image:width\" content=\"620\" \/>\n\t<meta property=\"og:image:height\" content=\"319\" \/>\n\t<meta property=\"og:image:type\" content=\"image\/jpeg\" \/>\n<meta name=\"author\" content=\"Pe. Andr\u00e9\" \/>\n<meta name=\"twitter:card\" content=\"summary_large_image\" \/>\n<meta name=\"twitter:creator\" content=\"@EcclesiaNews\" \/>\n<meta name=\"twitter:site\" content=\"@EcclesiaNews\" \/>\n<meta name=\"twitter:label1\" content=\"Escrito por\" \/>\n\t<meta name=\"twitter:data1\" content=\"Pe. Andr\u00e9\" \/>\n\t<meta name=\"twitter:label2\" content=\"Est. tempo de leitura\" \/>\n\t<meta name=\"twitter:data2\" content=\"3 minutos\" \/>\n<script type=\"application\/ld+json\" class=\"yoast-schema-graph\">{\"@context\":\"https:\\\/\\\/schema.org\",\"@graph\":[{\"@type\":\"Article\",\"@id\":\"https:\\\/\\\/news.ecclesia.org.br\\\/?p=23722#article\",\"isPartOf\":{\"@id\":\"https:\\\/\\\/news.ecclesia.org.br\\\/?p=23722\"},\"author\":{\"name\":\"Pe. Andr\u00e9\",\"@id\":\"https:\\\/\\\/news.ecclesia.org.br\\\/#\\\/schema\\\/person\\\/6f09597f025829745ba414a569f63758\"},\"headline\":\"Mensagem conjunta do Patriarca Bartolomeu e do Papa Francisco pela celebra\u00e7\u00e3o de 1\u00ba de Setembro:\",\"datePublished\":\"2017-09-01T15:51:59+00:00\",\"dateModified\":\"2017-09-01T15:57:16+00:00\",\"mainEntityOfPage\":{\"@id\":\"https:\\\/\\\/news.ecclesia.org.br\\\/?p=23722\"},\"wordCount\":688,\"commentCount\":0,\"publisher\":{\"@id\":\"https:\\\/\\\/news.ecclesia.org.br\\\/#organization\"},\"image\":{\"@id\":\"https:\\\/\\\/news.ecclesia.org.br\\\/?p=23722#primaryimage\"},\"thumbnailUrl\":\"https:\\\/\\\/news.ecclesia.org.br\\\/wp-content\\\/uploads\\\/2015\\\/08\\\/DiaOracaoCuidadoCriacao-2.jpg\",\"articleSection\":[\"NEWS\",\"Patriarcado Ecum\u00eanico\"],\"inLanguage\":\"pt-BR\",\"potentialAction\":[{\"@type\":\"CommentAction\",\"name\":\"Comment\",\"target\":[\"https:\\\/\\\/news.ecclesia.org.br\\\/?p=23722#respond\"]}]},{\"@type\":\"WebPage\",\"@id\":\"https:\\\/\\\/news.ecclesia.org.br\\\/?p=23722\",\"url\":\"https:\\\/\\\/news.ecclesia.org.br\\\/?p=23722\",\"name\":\"Mensagem conjunta do Patriarca Bartolomeu e do Papa Francisco pela celebra\u00e7\u00e3o de 1\u00ba de Setembro: | ECCLESIA NEWS\",\"isPartOf\":{\"@id\":\"https:\\\/\\\/news.ecclesia.org.br\\\/#website\"},\"primaryImageOfPage\":{\"@id\":\"https:\\\/\\\/news.ecclesia.org.br\\\/?p=23722#primaryimage\"},\"image\":{\"@id\":\"https:\\\/\\\/news.ecclesia.org.br\\\/?p=23722#primaryimage\"},\"thumbnailUrl\":\"https:\\\/\\\/news.ecclesia.org.br\\\/wp-content\\\/uploads\\\/2015\\\/08\\\/DiaOracaoCuidadoCriacao-2.jpg\",\"datePublished\":\"2017-09-01T15:51:59+00:00\",\"dateModified\":\"2017-09-01T15:57:16+00:00\",\"breadcrumb\":{\"@id\":\"https:\\\/\\\/news.ecclesia.org.br\\\/?p=23722#breadcrumb\"},\"inLanguage\":\"pt-BR\",\"potentialAction\":[{\"@type\":\"ReadAction\",\"target\":[\"https:\\\/\\\/news.ecclesia.org.br\\\/?p=23722\"]}]},{\"@type\":\"ImageObject\",\"inLanguage\":\"pt-BR\",\"@id\":\"https:\\\/\\\/news.ecclesia.org.br\\\/?p=23722#primaryimage\",\"url\":\"https:\\\/\\\/news.ecclesia.org.br\\\/wp-content\\\/uploads\\\/2015\\\/08\\\/DiaOracaoCuidadoCriacao-2.jpg\",\"contentUrl\":\"https:\\\/\\\/news.ecclesia.org.br\\\/wp-content\\\/uploads\\\/2015\\\/08\\\/DiaOracaoCuidadoCriacao-2.jpg\",\"width\":620,\"height\":319},{\"@type\":\"BreadcrumbList\",\"@id\":\"https:\\\/\\\/news.ecclesia.org.br\\\/?p=23722#breadcrumb\",\"itemListElement\":[{\"@type\":\"ListItem\",\"position\":1,\"name\":\"In\u00edcio\",\"item\":\"https:\\\/\\\/news.ecclesia.org.br\\\/\"},{\"@type\":\"ListItem\",\"position\":2,\"name\":\"Mensagem conjunta do Patriarca Bartolomeu e do Papa Francisco pela celebra\u00e7\u00e3o de 1\u00ba de Setembro:\"}]},{\"@type\":\"WebSite\",\"@id\":\"https:\\\/\\\/news.ecclesia.org.br\\\/#website\",\"url\":\"https:\\\/\\\/news.ecclesia.org.br\\\/\",\"name\":\"Ecclesia Brasil\",\"description\":\"Desde 2003 onectando o Brasil ao mundo ortodoxo!\",\"publisher\":{\"@id\":\"https:\\\/\\\/news.ecclesia.org.br\\\/#organization\"},\"alternateName\":\"Ecclesia\",\"potentialAction\":[{\"@type\":\"SearchAction\",\"target\":{\"@type\":\"EntryPoint\",\"urlTemplate\":\"https:\\\/\\\/news.ecclesia.org.br\\\/?s={search_term_string}\"},\"query-input\":{\"@type\":\"PropertyValueSpecification\",\"valueRequired\":true,\"valueName\":\"search_term_string\"}}],\"inLanguage\":\"pt-BR\"},{\"@type\":\"Organization\",\"@id\":\"https:\\\/\\\/news.ecclesia.org.br\\\/#organization\",\"name\":\"Sacra Arquidiocese de Buenos Aires e Am\u00e9rica do Sul | Patriarcado Ecum\u00eanico\",\"alternateName\":\"News Ecclesia Brasil\",\"url\":\"https:\\\/\\\/news.ecclesia.org.br\\\/\",\"logo\":{\"@type\":\"ImageObject\",\"inLanguage\":\"pt-BR\",\"@id\":\"https:\\\/\\\/news.ecclesia.org.br\\\/#\\\/schema\\\/logo\\\/image\\\/\",\"url\":\"https:\\\/\\\/news.ecclesia.org.br\\\/wp-content\\\/uploads\\\/2025\\\/05\\\/ecclesia2.png\",\"contentUrl\":\"https:\\\/\\\/news.ecclesia.org.br\\\/wp-content\\\/uploads\\\/2025\\\/05\\\/ecclesia2.png\",\"width\":480,\"height\":120,\"caption\":\"Sacra Arquidiocese de Buenos Aires e Am\u00e9rica do Sul | Patriarcado Ecum\u00eanico\"},\"image\":{\"@id\":\"https:\\\/\\\/news.ecclesia.org.br\\\/#\\\/schema\\\/logo\\\/image\\\/\"},\"sameAs\":[\"https:\\\/\\\/www.facebook.com\\\/Ecclesia2025\",\"https:\\\/\\\/x.com\\\/EcclesiaNews\",\"https:\\\/\\\/br.pinterest.com\\\/ekklisia\\\/\",\"https:\\\/\\\/www.youtube.com\\\/@EcclesiaBrasil\"]},{\"@type\":\"Person\",\"@id\":\"https:\\\/\\\/news.ecclesia.org.br\\\/#\\\/schema\\\/person\\\/6f09597f025829745ba414a569f63758\",\"name\":\"Pe. Andr\u00e9\",\"image\":{\"@type\":\"ImageObject\",\"inLanguage\":\"pt-BR\",\"@id\":\"https:\\\/\\\/secure.gravatar.com\\\/avatar\\\/b4327cfa27e9799da239a26adcd534fc29cdc0c4a4a148eecbcfeb9b42c617ac?s=96&d=mm&r=g\",\"url\":\"https:\\\/\\\/secure.gravatar.com\\\/avatar\\\/b4327cfa27e9799da239a26adcd534fc29cdc0c4a4a148eecbcfeb9b42c617ac?s=96&d=mm&r=g\",\"contentUrl\":\"https:\\\/\\\/secure.gravatar.com\\\/avatar\\\/b4327cfa27e9799da239a26adcd534fc29cdc0c4a4a148eecbcfeb9b42c617ac?s=96&d=mm&r=g\",\"caption\":\"Pe. Andr\u00e9\"},\"sameAs\":[\"https:\\\/\\\/www.ecclesia.org.br\"]}]}<\/script>\n<!-- \/ Yoast SEO plugin. -->","yoast_head_json":{"title":"Mensagem conjunta do Patriarca Bartolomeu e do Papa Francisco pela celebra\u00e7\u00e3o de 1\u00ba de Setembro: | ECCLESIA NEWS","robots":{"index":"index","follow":"follow","max-snippet":"max-snippet:-1","max-image-preview":"max-image-preview:large","max-video-preview":"max-video-preview:-1"},"canonical":"https:\/\/news.ecclesia.org.br\/?p=23722","og_locale":"pt_BR","og_type":"article","og_title":"Mensagem conjunta do Patriarca Bartolomeu e do Papa Francisco pela celebra\u00e7\u00e3o de 1\u00ba de Setembro: | ECCLESIA NEWS","og_description":"Dia do cuidado da Cria\u00e7\u00e3o A narra\u00e7\u00e3o da cria\u00e7\u00e3o oferece-nos uma vis\u00e3o panor\u00e2mica do mundo. A Sagrada Escritura revela que, \u00abno princ\u00edpio\u00bb, Deus designou a humanidade como cooperadora na guarda e prote\u00e7\u00e3o do ambiente natural. Ao in\u00edcio, como lemos no&#8230;","og_url":"https:\/\/news.ecclesia.org.br\/?p=23722","og_site_name":"ECCLESIA NEWS","article_publisher":"https:\/\/www.facebook.com\/Ecclesia2025","article_published_time":"2017-09-01T15:51:59+00:00","article_modified_time":"2017-09-01T15:57:16+00:00","og_image":[{"width":620,"height":319,"url":"https:\/\/news.ecclesia.org.br\/wp-content\/uploads\/2015\/08\/DiaOracaoCuidadoCriacao-2.jpg","type":"image\/jpeg"}],"author":"Pe. Andr\u00e9","twitter_card":"summary_large_image","twitter_creator":"@EcclesiaNews","twitter_site":"@EcclesiaNews","twitter_misc":{"Escrito por":"Pe. Andr\u00e9","Est. tempo de leitura":"3 minutos"},"schema":{"@context":"https:\/\/schema.org","@graph":[{"@type":"Article","@id":"https:\/\/news.ecclesia.org.br\/?p=23722#article","isPartOf":{"@id":"https:\/\/news.ecclesia.org.br\/?p=23722"},"author":{"name":"Pe. Andr\u00e9","@id":"https:\/\/news.ecclesia.org.br\/#\/schema\/person\/6f09597f025829745ba414a569f63758"},"headline":"Mensagem conjunta do Patriarca Bartolomeu e do Papa Francisco pela celebra\u00e7\u00e3o de 1\u00ba de Setembro:","datePublished":"2017-09-01T15:51:59+00:00","dateModified":"2017-09-01T15:57:16+00:00","mainEntityOfPage":{"@id":"https:\/\/news.ecclesia.org.br\/?p=23722"},"wordCount":688,"commentCount":0,"publisher":{"@id":"https:\/\/news.ecclesia.org.br\/#organization"},"image":{"@id":"https:\/\/news.ecclesia.org.br\/?p=23722#primaryimage"},"thumbnailUrl":"https:\/\/news.ecclesia.org.br\/wp-content\/uploads\/2015\/08\/DiaOracaoCuidadoCriacao-2.jpg","articleSection":["NEWS","Patriarcado Ecum\u00eanico"],"inLanguage":"pt-BR","potentialAction":[{"@type":"CommentAction","name":"Comment","target":["https:\/\/news.ecclesia.org.br\/?p=23722#respond"]}]},{"@type":"WebPage","@id":"https:\/\/news.ecclesia.org.br\/?p=23722","url":"https:\/\/news.ecclesia.org.br\/?p=23722","name":"Mensagem conjunta do Patriarca Bartolomeu e do Papa Francisco pela celebra\u00e7\u00e3o de 1\u00ba de Setembro: | ECCLESIA NEWS","isPartOf":{"@id":"https:\/\/news.ecclesia.org.br\/#website"},"primaryImageOfPage":{"@id":"https:\/\/news.ecclesia.org.br\/?p=23722#primaryimage"},"image":{"@id":"https:\/\/news.ecclesia.org.br\/?p=23722#primaryimage"},"thumbnailUrl":"https:\/\/news.ecclesia.org.br\/wp-content\/uploads\/2015\/08\/DiaOracaoCuidadoCriacao-2.jpg","datePublished":"2017-09-01T15:51:59+00:00","dateModified":"2017-09-01T15:57:16+00:00","breadcrumb":{"@id":"https:\/\/news.ecclesia.org.br\/?p=23722#breadcrumb"},"inLanguage":"pt-BR","potentialAction":[{"@type":"ReadAction","target":["https:\/\/news.ecclesia.org.br\/?p=23722"]}]},{"@type":"ImageObject","inLanguage":"pt-BR","@id":"https:\/\/news.ecclesia.org.br\/?p=23722#primaryimage","url":"https:\/\/news.ecclesia.org.br\/wp-content\/uploads\/2015\/08\/DiaOracaoCuidadoCriacao-2.jpg","contentUrl":"https:\/\/news.ecclesia.org.br\/wp-content\/uploads\/2015\/08\/DiaOracaoCuidadoCriacao-2.jpg","width":620,"height":319},{"@type":"BreadcrumbList","@id":"https:\/\/news.ecclesia.org.br\/?p=23722#breadcrumb","itemListElement":[{"@type":"ListItem","position":1,"name":"In\u00edcio","item":"https:\/\/news.ecclesia.org.br\/"},{"@type":"ListItem","position":2,"name":"Mensagem conjunta do Patriarca Bartolomeu e do Papa Francisco pela celebra\u00e7\u00e3o de 1\u00ba de Setembro:"}]},{"@type":"WebSite","@id":"https:\/\/news.ecclesia.org.br\/#website","url":"https:\/\/news.ecclesia.org.br\/","name":"Ecclesia Brasil","description":"Desde 2003 onectando o Brasil ao mundo ortodoxo!","publisher":{"@id":"https:\/\/news.ecclesia.org.br\/#organization"},"alternateName":"Ecclesia","potentialAction":[{"@type":"SearchAction","target":{"@type":"EntryPoint","urlTemplate":"https:\/\/news.ecclesia.org.br\/?s={search_term_string}"},"query-input":{"@type":"PropertyValueSpecification","valueRequired":true,"valueName":"search_term_string"}}],"inLanguage":"pt-BR"},{"@type":"Organization","@id":"https:\/\/news.ecclesia.org.br\/#organization","name":"Sacra Arquidiocese de Buenos Aires e Am\u00e9rica do Sul | Patriarcado Ecum\u00eanico","alternateName":"News Ecclesia Brasil","url":"https:\/\/news.ecclesia.org.br\/","logo":{"@type":"ImageObject","inLanguage":"pt-BR","@id":"https:\/\/news.ecclesia.org.br\/#\/schema\/logo\/image\/","url":"https:\/\/news.ecclesia.org.br\/wp-content\/uploads\/2025\/05\/ecclesia2.png","contentUrl":"https:\/\/news.ecclesia.org.br\/wp-content\/uploads\/2025\/05\/ecclesia2.png","width":480,"height":120,"caption":"Sacra Arquidiocese de Buenos Aires e Am\u00e9rica do Sul | Patriarcado Ecum\u00eanico"},"image":{"@id":"https:\/\/news.ecclesia.org.br\/#\/schema\/logo\/image\/"},"sameAs":["https:\/\/www.facebook.com\/Ecclesia2025","https:\/\/x.com\/EcclesiaNews","https:\/\/br.pinterest.com\/ekklisia\/","https:\/\/www.youtube.com\/@EcclesiaBrasil"]},{"@type":"Person","@id":"https:\/\/news.ecclesia.org.br\/#\/schema\/person\/6f09597f025829745ba414a569f63758","name":"Pe. Andr\u00e9","image":{"@type":"ImageObject","inLanguage":"pt-BR","@id":"https:\/\/secure.gravatar.com\/avatar\/b4327cfa27e9799da239a26adcd534fc29cdc0c4a4a148eecbcfeb9b42c617ac?s=96&d=mm&r=g","url":"https:\/\/secure.gravatar.com\/avatar\/b4327cfa27e9799da239a26adcd534fc29cdc0c4a4a148eecbcfeb9b42c617ac?s=96&d=mm&r=g","contentUrl":"https:\/\/secure.gravatar.com\/avatar\/b4327cfa27e9799da239a26adcd534fc29cdc0c4a4a148eecbcfeb9b42c617ac?s=96&d=mm&r=g","caption":"Pe. Andr\u00e9"},"sameAs":["https:\/\/www.ecclesia.org.br"]}]}},"_links":{"self":[{"href":"https:\/\/news.ecclesia.org.br\/index.php?rest_route=\/wp\/v2\/posts\/23722","targetHints":{"allow":["GET"]}}],"collection":[{"href":"https:\/\/news.ecclesia.org.br\/index.php?rest_route=\/wp\/v2\/posts"}],"about":[{"href":"https:\/\/news.ecclesia.org.br\/index.php?rest_route=\/wp\/v2\/types\/post"}],"author":[{"embeddable":true,"href":"https:\/\/news.ecclesia.org.br\/index.php?rest_route=\/wp\/v2\/users\/1"}],"replies":[{"embeddable":true,"href":"https:\/\/news.ecclesia.org.br\/index.php?rest_route=%2Fwp%2Fv2%2Fcomments&post=23722"}],"version-history":[{"count":0,"href":"https:\/\/news.ecclesia.org.br\/index.php?rest_route=\/wp\/v2\/posts\/23722\/revisions"}],"wp:featuredmedia":[{"embeddable":true,"href":"https:\/\/news.ecclesia.org.br\/index.php?rest_route=\/wp\/v2\/media\/10958"}],"wp:attachment":[{"href":"https:\/\/news.ecclesia.org.br\/index.php?rest_route=%2Fwp%2Fv2%2Fmedia&parent=23722"}],"wp:term":[{"taxonomy":"category","embeddable":true,"href":"https:\/\/news.ecclesia.org.br\/index.php?rest_route=%2Fwp%2Fv2%2Fcategories&post=23722"},{"taxonomy":"post_tag","embeddable":true,"href":"https:\/\/news.ecclesia.org.br\/index.php?rest_route=%2Fwp%2Fv2%2Ftags&post=23722"}],"curies":[{"name":"wp","href":"https:\/\/api.w.org\/{rel}","templated":true}]}}