{"id":23703,"date":"2017-08-28T15:44:44","date_gmt":"2017-08-28T15:44:44","guid":{"rendered":"https:\/\/news.ecclesia.org.br\/2013\/?p=23703"},"modified":"2017-08-28T15:46:23","modified_gmt":"2017-08-28T15:46:23","slug":"metropolita-hilarion-de-volokolamsk-a-questao-do-encontro-com-o-papa-de-roma-nao-foi-levantada-em-discussoes-com-o-secretario-de-estado-do-vaticano","status":"publish","type":"post","link":"https:\/\/news.ecclesia.org.br\/?p=23703","title":{"rendered":"Metropolita Hilarion de Volokolamsk: \u00abA quest\u00e3o do encontro com o Papa de Roma n\u00e3o foi tratada com o Secret\u00e1rio de Estado do Vaticano\u00bb"},"content":{"rendered":"<figure id=\"attachment_23704\" aria-describedby=\"caption-attachment-23704\" style=\"width: 300px\" class=\"wp-caption alignleft\"><a href=\"https:\/\/news.ecclesia.org.br\/2013\/wp-content\/uploads\/2017\/08\/parolin-hilarion.jpg\"><img decoding=\"async\" class=\"size-medium wp-image-23704\" src=\"https:\/\/news.ecclesia.org.br\/2013\/wp-content\/uploads\/2017\/08\/parolin-hilarion-300x150.jpg\" alt=\"\" width=\"300\" height=\"150\" srcset=\"https:\/\/news.ecclesia.org.br\/wp-content\/uploads\/2017\/08\/parolin-hilarion-300x150.jpg 300w, https:\/\/news.ecclesia.org.br\/wp-content\/uploads\/2017\/08\/parolin-hilarion-600x300.jpg 600w, https:\/\/news.ecclesia.org.br\/wp-content\/uploads\/2017\/08\/parolin-hilarion-110x55.jpg 110w, https:\/\/news.ecclesia.org.br\/wp-content\/uploads\/2017\/08\/parolin-hilarion.jpg 660w\" sizes=\"(max-width: 300px) 100vw, 300px\" \/><\/a><figcaption id=\"caption-attachment-23704\" class=\"wp-caption-text\">Metropolita Hilarion de Volokolamsk: &#8220;A quest\u00e3o do encontro com o Papa n\u00e3o foi tratada em discuss\u00f5es com o Secret\u00e1rio de Estado do Vaticano&#8221;<\/figcaption><\/figure>\n<p style=\"text-align: justify;\">O Metropolita Hilarion de Volokolamsk, disse que o Patriarca de Moscou e Toda a R\u00fassia n\u00e3o tratou com o cardeal Pietro Parolin sobre a possibilidade de um encontro com o Papa de Roma.\u00a0\u00abNo momento, essas ideias surgem em um ou outro grupo\u00bb, disse aos jornalistas, respondendo \u00e0 pergunta sobre a possibilidade de um encontro na It\u00e1lia entre Papa e o Patriarca.\u00a0\u00abAtualmente, outros temas tratados na reuni\u00e3o em Havana est\u00e3o na agenda comum\u00bb, comentou.\u00a0\u00abUma nova etapa no desenvolvimento de nossas rela\u00e7\u00f5es teve in\u00edcio em Havana.\u00a0E isso foi poss\u00edvel porque, naquela oportunidade, expressamos nossas posi\u00e7\u00f5es sobre diversos e importantes temas da atualidade&#8221;, disse o Patriarca Cirilo em Moscou, na ter\u00e7a-feira.\u00a0\u00abAs posi\u00e7\u00f5es comuns nos dar\u00e3o a oportunidade de estabelecermos os planos de a\u00e7\u00e3o correspondentes e de dar-lhes conte\u00fado real\u00bb, acrescentou o Patriarca.\u00a0Ressaltou ainda que o evento mais importante, ap\u00f3s aquele encontro em Havana, foi a visita das rel\u00edquias de S\u00e3o Nicolau \u00e0 R\u00fassia.\u00a0O Cardeal Pietro Parolin confirmou o que disse o Patriarca, ressaltando que o encontro de Havana, na verdade, deu novo impulso \u00e0s rela\u00e7\u00f5es das duas Igrejas.\u00a0O cardeal expressou a esperan\u00e7a de que a sua visita \u00e0 R\u00fassia ser\u00e1 um \u00abpequeno tijolo\u00bb na constru\u00e7\u00e3o de novas rela\u00e7\u00f5es.\u00a0Quanto ao Patriarca Cirilo, ele acredita que as Igrejas Cat\u00f3lica e Ortodoxa (Russa) devem oferecer toda a ajuda humanit\u00e1ria aos pa\u00edses do Oriente M\u00e9dio.\u00a0\u00abNossa Igreja est\u00e1 ativamente envolvida em a\u00e7\u00f5es de ajuda humanit\u00e1ria \u00e0s v\u00edtimas do conflito na S\u00edria e outros pa\u00edses do Oriente M\u00e9dio.\u00a0E, neste trabalho, \u00e9 muito importante contar com todo o apoio da comunidade crist\u00e3\u00bb, disse o Patriarca na reuni\u00e3o com o Secret\u00e1rio de Estado do Vaticano.\u00a0\u00abAcredito que as rela\u00e7\u00f5es m\u00fatuas entre a Igreja Ortodoxa (Russa) e a Igreja Cat\u00f3lica (Romana), em termos de promo\u00e7\u00e3o de ajuda humanit\u00e1ria \u00e0queles que sofrem no conflito no Oriente M\u00e9dio, seria um fator importante na constru\u00e7\u00e3o de unidade\u00bb, disse o Primaz.\u00a0E acrescentou que, \u00abno desenvolvimento da coopera\u00e7\u00e3o no campo humanit\u00e1rio, podemos desenvolver projetos comuns de apoio \u00e0queles que est\u00e3o envolvidos em conflitos armados no Oriente M\u00e9dio\u00bb.\u00a0Por sua parte, Pe. Igor Kovalevsky, secret\u00e1rio-geral da Confer\u00eancia das Bispos Cat\u00f3licos da Federa\u00e7\u00e3o Russa, disse em 17 de agosto, que, em sua opini\u00e3o, a R\u00fassia n\u00e3o est\u00e1 pronto para o pont\u00edfice: &#8220;Eu, pessoalmente, n\u00e3o apoiaria esta visita, porque a nossa sociedade ainda pronta para receber o Papa de Roma.\u00a0N\u00e3o devemos precipitar os acontecimentos. O encontro entre o Papa (de Roma) e o Patriarca (de Moscou), segundo lhe parece, j\u00e1 foi \u00abum passo muito grande\u00bb.<\/p>\n<hr \/>\n<p style=\"text-align: right;\">Fonte: <a href=\"http:\/\/orthodoxie.com\/le-metropolite-de-volokolamsk-hilarion-la-question-de-la-rencontre-avec-le-pape-na-pas-ete-soulevee-lors-des-discussions-avec-le-secretaire-detat-du-vatican\/\" target=\"_blank\" rel=\"noopener\">Orthodoxie.com<\/a><\/p>\n","protected":false},"excerpt":{"rendered":"<p>O Metropolita Hilarion de Volokolamsk, disse que o Patriarca de Moscou e Toda a R\u00fassia n\u00e3o tratou com o cardeal Pietro Parolin sobre a possibilidade de um encontro com o Papa de Roma.\u00a0\u00abNo momento, essas ideias surgem em um ou&#8230;<\/p>\n","protected":false},"author":1,"featured_media":23704,"comment_status":"open","ping_status":"open","sticky":false,"template":"","format":"standard","meta":{"_acf_changed":false,"footnotes":""},"categories":[1],"tags":[],"class_list":["post-23703","post","type-post","status-publish","format-standard","has-post-thumbnail","hentry","category-news","entry","rows-excerpt"],"acf":[],"yoast_head":"<!-- This site is optimized with the Yoast SEO plugin v27.5 - https:\/\/yoast.com\/product\/yoast-seo-wordpress\/ -->\n<title>Metropolita Hilarion de Volokolamsk: \u00abA quest\u00e3o do encontro com o Papa de Roma n\u00e3o foi tratada com o Secret\u00e1rio de Estado do Vaticano\u00bb | ECCLESIA NEWS<\/title>\n<meta name=\"robots\" content=\"index, follow, max-snippet:-1, max-image-preview:large, max-video-preview:-1\" \/>\n<link rel=\"canonical\" href=\"https:\/\/news.ecclesia.org.br\/?p=23703\" \/>\n<meta property=\"og:locale\" content=\"pt_BR\" \/>\n<meta property=\"og:type\" content=\"article\" \/>\n<meta property=\"og:title\" content=\"Metropolita Hilarion de Volokolamsk: \u00abA quest\u00e3o do encontro com o Papa de Roma n\u00e3o foi tratada com o Secret\u00e1rio de Estado do Vaticano\u00bb | ECCLESIA NEWS\" \/>\n<meta property=\"og:description\" content=\"O Metropolita Hilarion de Volokolamsk, disse que o Patriarca de Moscou e Toda a R\u00fassia n\u00e3o tratou com o cardeal Pietro Parolin sobre a possibilidade de um encontro com o Papa de Roma.\u00a0\u00abNo momento, essas ideias surgem em um ou&#8230;\" \/>\n<meta property=\"og:url\" content=\"https:\/\/news.ecclesia.org.br\/?p=23703\" \/>\n<meta property=\"og:site_name\" content=\"ECCLESIA NEWS\" \/>\n<meta property=\"article:publisher\" content=\"https:\/\/www.facebook.com\/Ecclesia2025\" \/>\n<meta property=\"article:published_time\" content=\"2017-08-28T15:44:44+00:00\" \/>\n<meta property=\"article:modified_time\" content=\"2017-08-28T15:46:23+00:00\" \/>\n<meta property=\"og:image\" content=\"https:\/\/news.ecclesia.org.br\/wp-content\/uploads\/2017\/08\/parolin-hilarion.jpg\" \/>\n\t<meta property=\"og:image:width\" content=\"660\" \/>\n\t<meta property=\"og:image:height\" content=\"330\" \/>\n\t<meta property=\"og:image:type\" content=\"image\/jpeg\" \/>\n<meta name=\"author\" content=\"Pe. Andr\u00e9\" \/>\n<meta name=\"twitter:card\" content=\"summary_large_image\" \/>\n<meta name=\"twitter:creator\" content=\"@EcclesiaNews\" \/>\n<meta name=\"twitter:site\" content=\"@EcclesiaNews\" \/>\n<meta name=\"twitter:label1\" content=\"Escrito por\" \/>\n\t<meta name=\"twitter:data1\" content=\"Pe. Andr\u00e9\" \/>\n\t<meta name=\"twitter:label2\" content=\"Est. tempo de leitura\" \/>\n\t<meta name=\"twitter:data2\" content=\"3 minutos\" \/>\n<script type=\"application\/ld+json\" class=\"yoast-schema-graph\">{\"@context\":\"https:\\\/\\\/schema.org\",\"@graph\":[{\"@type\":\"Article\",\"@id\":\"https:\\\/\\\/news.ecclesia.org.br\\\/?p=23703#article\",\"isPartOf\":{\"@id\":\"https:\\\/\\\/news.ecclesia.org.br\\\/?p=23703\"},\"author\":{\"name\":\"Pe. Andr\u00e9\",\"@id\":\"https:\\\/\\\/news.ecclesia.org.br\\\/#\\\/schema\\\/person\\\/6f09597f025829745ba414a569f63758\"},\"headline\":\"Metropolita Hilarion de Volokolamsk: \u00abA quest\u00e3o do encontro com o Papa de Roma n\u00e3o foi tratada com o Secret\u00e1rio de Estado do Vaticano\u00bb\",\"datePublished\":\"2017-08-28T15:44:44+00:00\",\"dateModified\":\"2017-08-28T15:46:23+00:00\",\"mainEntityOfPage\":{\"@id\":\"https:\\\/\\\/news.ecclesia.org.br\\\/?p=23703\"},\"wordCount\":532,\"commentCount\":0,\"publisher\":{\"@id\":\"https:\\\/\\\/news.ecclesia.org.br\\\/#organization\"},\"image\":{\"@id\":\"https:\\\/\\\/news.ecclesia.org.br\\\/?p=23703#primaryimage\"},\"thumbnailUrl\":\"https:\\\/\\\/news.ecclesia.org.br\\\/wp-content\\\/uploads\\\/2017\\\/08\\\/parolin-hilarion.jpg\",\"articleSection\":[\"NEWS\"],\"inLanguage\":\"pt-BR\",\"potentialAction\":[{\"@type\":\"CommentAction\",\"name\":\"Comment\",\"target\":[\"https:\\\/\\\/news.ecclesia.org.br\\\/?p=23703#respond\"]}]},{\"@type\":\"WebPage\",\"@id\":\"https:\\\/\\\/news.ecclesia.org.br\\\/?p=23703\",\"url\":\"https:\\\/\\\/news.ecclesia.org.br\\\/?p=23703\",\"name\":\"Metropolita Hilarion de Volokolamsk: \u00abA quest\u00e3o do encontro com o Papa de Roma n\u00e3o foi tratada com o Secret\u00e1rio de Estado do Vaticano\u00bb | ECCLESIA NEWS\",\"isPartOf\":{\"@id\":\"https:\\\/\\\/news.ecclesia.org.br\\\/#website\"},\"primaryImageOfPage\":{\"@id\":\"https:\\\/\\\/news.ecclesia.org.br\\\/?p=23703#primaryimage\"},\"image\":{\"@id\":\"https:\\\/\\\/news.ecclesia.org.br\\\/?p=23703#primaryimage\"},\"thumbnailUrl\":\"https:\\\/\\\/news.ecclesia.org.br\\\/wp-content\\\/uploads\\\/2017\\\/08\\\/parolin-hilarion.jpg\",\"datePublished\":\"2017-08-28T15:44:44+00:00\",\"dateModified\":\"2017-08-28T15:46:23+00:00\",\"breadcrumb\":{\"@id\":\"https:\\\/\\\/news.ecclesia.org.br\\\/?p=23703#breadcrumb\"},\"inLanguage\":\"pt-BR\",\"potentialAction\":[{\"@type\":\"ReadAction\",\"target\":[\"https:\\\/\\\/news.ecclesia.org.br\\\/?p=23703\"]}]},{\"@type\":\"ImageObject\",\"inLanguage\":\"pt-BR\",\"@id\":\"https:\\\/\\\/news.ecclesia.org.br\\\/?p=23703#primaryimage\",\"url\":\"https:\\\/\\\/news.ecclesia.org.br\\\/wp-content\\\/uploads\\\/2017\\\/08\\\/parolin-hilarion.jpg\",\"contentUrl\":\"https:\\\/\\\/news.ecclesia.org.br\\\/wp-content\\\/uploads\\\/2017\\\/08\\\/parolin-hilarion.jpg\",\"width\":660,\"height\":330,\"caption\":\"Metropolita Hilarion de Volokolamsk: \\\"A quest\u00e3o do encontro com o Papa n\u00e3o foi levantada em discuss\u00f5es com o Secret\u00e1rio de Estado do Vaticano\\\"\"},{\"@type\":\"BreadcrumbList\",\"@id\":\"https:\\\/\\\/news.ecclesia.org.br\\\/?p=23703#breadcrumb\",\"itemListElement\":[{\"@type\":\"ListItem\",\"position\":1,\"name\":\"In\u00edcio\",\"item\":\"https:\\\/\\\/news.ecclesia.org.br\\\/\"},{\"@type\":\"ListItem\",\"position\":2,\"name\":\"Metropolita Hilarion de Volokolamsk: \u00abA quest\u00e3o do encontro com o Papa de Roma n\u00e3o foi tratada com o Secret\u00e1rio de Estado do Vaticano\u00bb\"}]},{\"@type\":\"WebSite\",\"@id\":\"https:\\\/\\\/news.ecclesia.org.br\\\/#website\",\"url\":\"https:\\\/\\\/news.ecclesia.org.br\\\/\",\"name\":\"Ecclesia Brasil\",\"description\":\"Desde 2003 onectando o Brasil ao mundo ortodoxo!\",\"publisher\":{\"@id\":\"https:\\\/\\\/news.ecclesia.org.br\\\/#organization\"},\"alternateName\":\"Ecclesia\",\"potentialAction\":[{\"@type\":\"SearchAction\",\"target\":{\"@type\":\"EntryPoint\",\"urlTemplate\":\"https:\\\/\\\/news.ecclesia.org.br\\\/?s={search_term_string}\"},\"query-input\":{\"@type\":\"PropertyValueSpecification\",\"valueRequired\":true,\"valueName\":\"search_term_string\"}}],\"inLanguage\":\"pt-BR\"},{\"@type\":\"Organization\",\"@id\":\"https:\\\/\\\/news.ecclesia.org.br\\\/#organization\",\"name\":\"Sacra Arquidiocese de Buenos Aires e Am\u00e9rica do Sul | Patriarcado Ecum\u00eanico\",\"alternateName\":\"News Ecclesia Brasil\",\"url\":\"https:\\\/\\\/news.ecclesia.org.br\\\/\",\"logo\":{\"@type\":\"ImageObject\",\"inLanguage\":\"pt-BR\",\"@id\":\"https:\\\/\\\/news.ecclesia.org.br\\\/#\\\/schema\\\/logo\\\/image\\\/\",\"url\":\"https:\\\/\\\/news.ecclesia.org.br\\\/wp-content\\\/uploads\\\/2025\\\/05\\\/ecclesia2.png\",\"contentUrl\":\"https:\\\/\\\/news.ecclesia.org.br\\\/wp-content\\\/uploads\\\/2025\\\/05\\\/ecclesia2.png\",\"width\":480,\"height\":120,\"caption\":\"Sacra Arquidiocese de Buenos Aires e Am\u00e9rica do Sul | Patriarcado Ecum\u00eanico\"},\"image\":{\"@id\":\"https:\\\/\\\/news.ecclesia.org.br\\\/#\\\/schema\\\/logo\\\/image\\\/\"},\"sameAs\":[\"https:\\\/\\\/www.facebook.com\\\/Ecclesia2025\",\"https:\\\/\\\/x.com\\\/EcclesiaNews\",\"https:\\\/\\\/br.pinterest.com\\\/ekklisia\\\/\",\"https:\\\/\\\/www.youtube.com\\\/@EcclesiaBrasil\"]},{\"@type\":\"Person\",\"@id\":\"https:\\\/\\\/news.ecclesia.org.br\\\/#\\\/schema\\\/person\\\/6f09597f025829745ba414a569f63758\",\"name\":\"Pe. Andr\u00e9\",\"image\":{\"@type\":\"ImageObject\",\"inLanguage\":\"pt-BR\",\"@id\":\"https:\\\/\\\/secure.gravatar.com\\\/avatar\\\/b4327cfa27e9799da239a26adcd534fc29cdc0c4a4a148eecbcfeb9b42c617ac?s=96&d=mm&r=g\",\"url\":\"https:\\\/\\\/secure.gravatar.com\\\/avatar\\\/b4327cfa27e9799da239a26adcd534fc29cdc0c4a4a148eecbcfeb9b42c617ac?s=96&d=mm&r=g\",\"contentUrl\":\"https:\\\/\\\/secure.gravatar.com\\\/avatar\\\/b4327cfa27e9799da239a26adcd534fc29cdc0c4a4a148eecbcfeb9b42c617ac?s=96&d=mm&r=g\",\"caption\":\"Pe. Andr\u00e9\"},\"sameAs\":[\"https:\\\/\\\/www.ecclesia.org.br\"]}]}<\/script>\n<!-- \/ Yoast SEO plugin. -->","yoast_head_json":{"title":"Metropolita Hilarion de Volokolamsk: \u00abA quest\u00e3o do encontro com o Papa de Roma n\u00e3o foi tratada com o Secret\u00e1rio de Estado do Vaticano\u00bb | ECCLESIA NEWS","robots":{"index":"index","follow":"follow","max-snippet":"max-snippet:-1","max-image-preview":"max-image-preview:large","max-video-preview":"max-video-preview:-1"},"canonical":"https:\/\/news.ecclesia.org.br\/?p=23703","og_locale":"pt_BR","og_type":"article","og_title":"Metropolita Hilarion de Volokolamsk: \u00abA quest\u00e3o do encontro com o Papa de Roma n\u00e3o foi tratada com o Secret\u00e1rio de Estado do Vaticano\u00bb | ECCLESIA NEWS","og_description":"O Metropolita Hilarion de Volokolamsk, disse que o Patriarca de Moscou e Toda a R\u00fassia n\u00e3o tratou com o cardeal Pietro Parolin sobre a possibilidade de um encontro com o Papa de Roma.\u00a0\u00abNo momento, essas ideias surgem em um ou&#8230;","og_url":"https:\/\/news.ecclesia.org.br\/?p=23703","og_site_name":"ECCLESIA NEWS","article_publisher":"https:\/\/www.facebook.com\/Ecclesia2025","article_published_time":"2017-08-28T15:44:44+00:00","article_modified_time":"2017-08-28T15:46:23+00:00","og_image":[{"width":660,"height":330,"url":"https:\/\/news.ecclesia.org.br\/wp-content\/uploads\/2017\/08\/parolin-hilarion.jpg","type":"image\/jpeg"}],"author":"Pe. Andr\u00e9","twitter_card":"summary_large_image","twitter_creator":"@EcclesiaNews","twitter_site":"@EcclesiaNews","twitter_misc":{"Escrito por":"Pe. Andr\u00e9","Est. tempo de leitura":"3 minutos"},"schema":{"@context":"https:\/\/schema.org","@graph":[{"@type":"Article","@id":"https:\/\/news.ecclesia.org.br\/?p=23703#article","isPartOf":{"@id":"https:\/\/news.ecclesia.org.br\/?p=23703"},"author":{"name":"Pe. Andr\u00e9","@id":"https:\/\/news.ecclesia.org.br\/#\/schema\/person\/6f09597f025829745ba414a569f63758"},"headline":"Metropolita Hilarion de Volokolamsk: \u00abA quest\u00e3o do encontro com o Papa de Roma n\u00e3o foi tratada com o Secret\u00e1rio de Estado do Vaticano\u00bb","datePublished":"2017-08-28T15:44:44+00:00","dateModified":"2017-08-28T15:46:23+00:00","mainEntityOfPage":{"@id":"https:\/\/news.ecclesia.org.br\/?p=23703"},"wordCount":532,"commentCount":0,"publisher":{"@id":"https:\/\/news.ecclesia.org.br\/#organization"},"image":{"@id":"https:\/\/news.ecclesia.org.br\/?p=23703#primaryimage"},"thumbnailUrl":"https:\/\/news.ecclesia.org.br\/wp-content\/uploads\/2017\/08\/parolin-hilarion.jpg","articleSection":["NEWS"],"inLanguage":"pt-BR","potentialAction":[{"@type":"CommentAction","name":"Comment","target":["https:\/\/news.ecclesia.org.br\/?p=23703#respond"]}]},{"@type":"WebPage","@id":"https:\/\/news.ecclesia.org.br\/?p=23703","url":"https:\/\/news.ecclesia.org.br\/?p=23703","name":"Metropolita Hilarion de Volokolamsk: \u00abA quest\u00e3o do encontro com o Papa de Roma n\u00e3o foi tratada com o Secret\u00e1rio de Estado do Vaticano\u00bb | ECCLESIA NEWS","isPartOf":{"@id":"https:\/\/news.ecclesia.org.br\/#website"},"primaryImageOfPage":{"@id":"https:\/\/news.ecclesia.org.br\/?p=23703#primaryimage"},"image":{"@id":"https:\/\/news.ecclesia.org.br\/?p=23703#primaryimage"},"thumbnailUrl":"https:\/\/news.ecclesia.org.br\/wp-content\/uploads\/2017\/08\/parolin-hilarion.jpg","datePublished":"2017-08-28T15:44:44+00:00","dateModified":"2017-08-28T15:46:23+00:00","breadcrumb":{"@id":"https:\/\/news.ecclesia.org.br\/?p=23703#breadcrumb"},"inLanguage":"pt-BR","potentialAction":[{"@type":"ReadAction","target":["https:\/\/news.ecclesia.org.br\/?p=23703"]}]},{"@type":"ImageObject","inLanguage":"pt-BR","@id":"https:\/\/news.ecclesia.org.br\/?p=23703#primaryimage","url":"https:\/\/news.ecclesia.org.br\/wp-content\/uploads\/2017\/08\/parolin-hilarion.jpg","contentUrl":"https:\/\/news.ecclesia.org.br\/wp-content\/uploads\/2017\/08\/parolin-hilarion.jpg","width":660,"height":330,"caption":"Metropolita Hilarion de Volokolamsk: \"A quest\u00e3o do encontro com o Papa n\u00e3o foi levantada em discuss\u00f5es com o Secret\u00e1rio de Estado do Vaticano\""},{"@type":"BreadcrumbList","@id":"https:\/\/news.ecclesia.org.br\/?p=23703#breadcrumb","itemListElement":[{"@type":"ListItem","position":1,"name":"In\u00edcio","item":"https:\/\/news.ecclesia.org.br\/"},{"@type":"ListItem","position":2,"name":"Metropolita Hilarion de Volokolamsk: \u00abA quest\u00e3o do encontro com o Papa de Roma n\u00e3o foi tratada com o Secret\u00e1rio de Estado do Vaticano\u00bb"}]},{"@type":"WebSite","@id":"https:\/\/news.ecclesia.org.br\/#website","url":"https:\/\/news.ecclesia.org.br\/","name":"Ecclesia Brasil","description":"Desde 2003 onectando o Brasil ao mundo ortodoxo!","publisher":{"@id":"https:\/\/news.ecclesia.org.br\/#organization"},"alternateName":"Ecclesia","potentialAction":[{"@type":"SearchAction","target":{"@type":"EntryPoint","urlTemplate":"https:\/\/news.ecclesia.org.br\/?s={search_term_string}"},"query-input":{"@type":"PropertyValueSpecification","valueRequired":true,"valueName":"search_term_string"}}],"inLanguage":"pt-BR"},{"@type":"Organization","@id":"https:\/\/news.ecclesia.org.br\/#organization","name":"Sacra Arquidiocese de Buenos Aires e Am\u00e9rica do Sul | Patriarcado Ecum\u00eanico","alternateName":"News Ecclesia Brasil","url":"https:\/\/news.ecclesia.org.br\/","logo":{"@type":"ImageObject","inLanguage":"pt-BR","@id":"https:\/\/news.ecclesia.org.br\/#\/schema\/logo\/image\/","url":"https:\/\/news.ecclesia.org.br\/wp-content\/uploads\/2025\/05\/ecclesia2.png","contentUrl":"https:\/\/news.ecclesia.org.br\/wp-content\/uploads\/2025\/05\/ecclesia2.png","width":480,"height":120,"caption":"Sacra Arquidiocese de Buenos Aires e Am\u00e9rica do Sul | Patriarcado Ecum\u00eanico"},"image":{"@id":"https:\/\/news.ecclesia.org.br\/#\/schema\/logo\/image\/"},"sameAs":["https:\/\/www.facebook.com\/Ecclesia2025","https:\/\/x.com\/EcclesiaNews","https:\/\/br.pinterest.com\/ekklisia\/","https:\/\/www.youtube.com\/@EcclesiaBrasil"]},{"@type":"Person","@id":"https:\/\/news.ecclesia.org.br\/#\/schema\/person\/6f09597f025829745ba414a569f63758","name":"Pe. Andr\u00e9","image":{"@type":"ImageObject","inLanguage":"pt-BR","@id":"https:\/\/secure.gravatar.com\/avatar\/b4327cfa27e9799da239a26adcd534fc29cdc0c4a4a148eecbcfeb9b42c617ac?s=96&d=mm&r=g","url":"https:\/\/secure.gravatar.com\/avatar\/b4327cfa27e9799da239a26adcd534fc29cdc0c4a4a148eecbcfeb9b42c617ac?s=96&d=mm&r=g","contentUrl":"https:\/\/secure.gravatar.com\/avatar\/b4327cfa27e9799da239a26adcd534fc29cdc0c4a4a148eecbcfeb9b42c617ac?s=96&d=mm&r=g","caption":"Pe. Andr\u00e9"},"sameAs":["https:\/\/www.ecclesia.org.br"]}]}},"_links":{"self":[{"href":"https:\/\/news.ecclesia.org.br\/index.php?rest_route=\/wp\/v2\/posts\/23703","targetHints":{"allow":["GET"]}}],"collection":[{"href":"https:\/\/news.ecclesia.org.br\/index.php?rest_route=\/wp\/v2\/posts"}],"about":[{"href":"https:\/\/news.ecclesia.org.br\/index.php?rest_route=\/wp\/v2\/types\/post"}],"author":[{"embeddable":true,"href":"https:\/\/news.ecclesia.org.br\/index.php?rest_route=\/wp\/v2\/users\/1"}],"replies":[{"embeddable":true,"href":"https:\/\/news.ecclesia.org.br\/index.php?rest_route=%2Fwp%2Fv2%2Fcomments&post=23703"}],"version-history":[{"count":0,"href":"https:\/\/news.ecclesia.org.br\/index.php?rest_route=\/wp\/v2\/posts\/23703\/revisions"}],"wp:featuredmedia":[{"embeddable":true,"href":"https:\/\/news.ecclesia.org.br\/index.php?rest_route=\/wp\/v2\/media\/23704"}],"wp:attachment":[{"href":"https:\/\/news.ecclesia.org.br\/index.php?rest_route=%2Fwp%2Fv2%2Fmedia&parent=23703"}],"wp:term":[{"taxonomy":"category","embeddable":true,"href":"https:\/\/news.ecclesia.org.br\/index.php?rest_route=%2Fwp%2Fv2%2Fcategories&post=23703"},{"taxonomy":"post_tag","embeddable":true,"href":"https:\/\/news.ecclesia.org.br\/index.php?rest_route=%2Fwp%2Fv2%2Ftags&post=23703"}],"curies":[{"name":"wp","href":"https:\/\/api.w.org\/{rel}","templated":true}]}}