{"id":23701,"date":"2017-08-24T22:00:34","date_gmt":"2017-08-24T22:00:34","guid":{"rendered":"https:\/\/news.ecclesia.org.br\/2013\/?p=23701"},"modified":"2017-08-24T22:00:34","modified_gmt":"2017-08-24T22:00:34","slug":"patriarca-bartolomeu-esta-em-visita-oficial-a-hungria","status":"publish","type":"post","link":"https:\/\/news.ecclesia.org.br\/?p=23701","title":{"rendered":"Patriarca Bartolomeu est\u00e1 em visita oficial \u00e0 Hungria"},"content":{"rendered":"<p style=\"text-align: justify;\"><a href=\"https:\/\/news.ecclesia.org.br\/2013\/wp-content\/uploads\/2017\/03\/patriarca-bartolomeu.jpg\"><img decoding=\"async\" class=\"alignleft size-medium wp-image-23315\" src=\"https:\/\/news.ecclesia.org.br\/2013\/wp-content\/uploads\/2017\/03\/patriarca-bartolomeu-300x150.jpg\" alt=\"\" width=\"300\" height=\"150\" srcset=\"https:\/\/news.ecclesia.org.br\/wp-content\/uploads\/2017\/03\/patriarca-bartolomeu-300x150.jpg 300w, https:\/\/news.ecclesia.org.br\/wp-content\/uploads\/2017\/03\/patriarca-bartolomeu-600x300.jpg 600w, https:\/\/news.ecclesia.org.br\/wp-content\/uploads\/2017\/03\/patriarca-bartolomeu-110x55.jpg 110w, https:\/\/news.ecclesia.org.br\/wp-content\/uploads\/2017\/03\/patriarca-bartolomeu.jpg 660w\" sizes=\"(max-width: 300px) 100vw, 300px\" \/><\/a>19 de agosto de 2017 &#8212;\u00a0O Patriarca Ecum\u00eanico Bartolomeu I encontra-se na Hungria, desde a \u00faltima sexta-feira, 18 de agosto, em visita oficial a convite das autoridades do governo h\u00fangaro. Durante a visita, o governo h\u00fangaro far\u00e1 a entrega oficial ao Patriarca Ecum\u00eanico de um edif\u00edcio localizado no centro de Budapeste, cedido ao Exarcado do Patriarcado Ecum\u00eanico na Hungria. Vale lembrar que, h\u00e1 tr\u00eas anos, um acordo de coopera\u00e7\u00e3o foi assinado entre o Patriarcado e o governo h\u00fangaro que regula as rela\u00e7\u00f5es entre o Exarcado h\u00fangaro do Patriarcado Ecum\u00eanico de Constantinopla e o Estado H\u00fangaro. O acordo de coopera\u00e7\u00e3o menciona o papel significativo desempenhado pela Igreja Ortodoxa na hist\u00f3ria da Hungria: &#8220;Cirilo e Met\u00f3dio trouxeram para a Hungria o cristianismo oriental, que segue at\u00e9 nos dias presentes como uma comunidade eclesial viva. Mesmo antes do estabelecimento do Estado h\u00fangaro, a antiga Constantinopla e o Patriarcado Ecum\u00eanico mantiveram boas rela\u00e7\u00f5es com o povo h\u00fangaro, tendo enviado para a Hungria o bispo Hierotheo para aqui difundir o cristianismo\u201d, diz o pre\u00e2mbulo do acordo assinado pelo Governo H\u00fangaro e o Patriarcado Ecum\u00eanico. Assinado em dezembro passado entre a Metr\u00f3pole da \u00c1ustria e o Exarcado da Hungria do Patriarcado Ecum\u00eanico, e o Governo h\u00fangaro, o acordo inclui um memorando que previa a concess\u00e3o do edif\u00edcio em quest\u00e3o, que ir\u00e1 abrigar as instala\u00e7\u00f5es do Exarcado Patriarcal, uma academia, uma escola grega e um museu de arte eclesi\u00e1stica. Haver\u00e1 ainda op\u00e7\u00f5es de acomoda\u00e7\u00e3o para h\u00f3spedes. O desejo do Patriarcado Ecum\u00eanico e da Metr\u00f3pole \u00e9 que a sede do Exarcado seja um espa\u00e7o para o desenvolvimento do di\u00e1logo e um centro cultural e de encontro de todas as pessoas.<\/p>\n<hr \/>\n<p style=\"text-align: right;\">Fonte: <a href=\"http:\/\/orthodoxie.com\/le-patriarche-bartholomee-est-en-visite-officielle-en-hongrie\/\" target=\"_blank\" rel=\"noopener\">Orthdoxie <\/a>| <a href=\"http:\/\/www.romfea.gr\/oikoumeniko-patriarxeio\/16478-episimi-episkepsi-tou-oikoumenikou-patriarxi-stin-ouggaria\" target=\"_blank\" rel=\"noopener\">Romphea<\/a><\/p>\n","protected":false},"excerpt":{"rendered":"<p>19 de agosto de 2017 &#8212;\u00a0O Patriarca Ecum\u00eanico Bartolomeu I encontra-se na Hungria, desde a \u00faltima sexta-feira, 18 de agosto, em visita oficial a convite das autoridades do governo h\u00fangaro. Durante a visita, o governo h\u00fangaro far\u00e1 a entrega oficial&#8230;<\/p>\n","protected":false},"author":1,"featured_media":23315,"comment_status":"open","ping_status":"open","sticky":false,"template":"","format":"standard","meta":{"_acf_changed":false,"footnotes":""},"categories":[1,72],"tags":[],"class_list":["post-23701","post","type-post","status-publish","format-standard","has-post-thumbnail","hentry","category-news","category-patriarcado-ecumenico","entry","rows-excerpt"],"acf":[],"yoast_head":"<!-- This site is optimized with the Yoast SEO plugin v27.4 - https:\/\/yoast.com\/product\/yoast-seo-wordpress\/ -->\n<title>Patriarca Bartolomeu est\u00e1 em visita oficial \u00e0 Hungria | ECCLESIA NEWS<\/title>\n<meta name=\"robots\" content=\"index, follow, max-snippet:-1, max-image-preview:large, max-video-preview:-1\" \/>\n<link rel=\"canonical\" href=\"https:\/\/news.ecclesia.org.br\/?p=23701\" \/>\n<meta property=\"og:locale\" content=\"pt_BR\" \/>\n<meta property=\"og:type\" content=\"article\" \/>\n<meta property=\"og:title\" content=\"Patriarca Bartolomeu est\u00e1 em visita oficial \u00e0 Hungria | ECCLESIA NEWS\" \/>\n<meta property=\"og:description\" content=\"19 de agosto de 2017 &#8212;\u00a0O Patriarca Ecum\u00eanico Bartolomeu I encontra-se na Hungria, desde a \u00faltima sexta-feira, 18 de agosto, em visita oficial a convite das autoridades do governo h\u00fangaro. Durante a visita, o governo h\u00fangaro far\u00e1 a entrega oficial&#8230;\" \/>\n<meta property=\"og:url\" content=\"https:\/\/news.ecclesia.org.br\/?p=23701\" \/>\n<meta property=\"og:site_name\" content=\"ECCLESIA NEWS\" \/>\n<meta property=\"article:publisher\" content=\"https:\/\/www.facebook.com\/Ecclesia2025\" \/>\n<meta property=\"article:published_time\" content=\"2017-08-24T22:00:34+00:00\" \/>\n<meta property=\"og:image\" content=\"https:\/\/news.ecclesia.org.br\/wp-content\/uploads\/2017\/03\/patriarca-bartolomeu.jpg\" \/>\n\t<meta property=\"og:image:width\" content=\"660\" \/>\n\t<meta property=\"og:image:height\" content=\"330\" \/>\n\t<meta property=\"og:image:type\" content=\"image\/jpeg\" \/>\n<meta name=\"author\" content=\"Pe. Andr\u00e9\" \/>\n<meta name=\"twitter:card\" content=\"summary_large_image\" \/>\n<meta name=\"twitter:creator\" content=\"@EcclesiaNews\" \/>\n<meta name=\"twitter:site\" content=\"@EcclesiaNews\" \/>\n<meta name=\"twitter:label1\" content=\"Escrito por\" \/>\n\t<meta name=\"twitter:data1\" content=\"Pe. Andr\u00e9\" \/>\n\t<meta name=\"twitter:label2\" content=\"Est. tempo de leitura\" \/>\n\t<meta name=\"twitter:data2\" content=\"2 minutos\" \/>\n<script type=\"application\/ld+json\" class=\"yoast-schema-graph\">{\"@context\":\"https:\\\/\\\/schema.org\",\"@graph\":[{\"@type\":\"Article\",\"@id\":\"https:\\\/\\\/news.ecclesia.org.br\\\/?p=23701#article\",\"isPartOf\":{\"@id\":\"https:\\\/\\\/news.ecclesia.org.br\\\/?p=23701\"},\"author\":{\"name\":\"Pe. Andr\u00e9\",\"@id\":\"https:\\\/\\\/news.ecclesia.org.br\\\/#\\\/schema\\\/person\\\/6f09597f025829745ba414a569f63758\"},\"headline\":\"Patriarca Bartolomeu est\u00e1 em visita oficial \u00e0 Hungria\",\"datePublished\":\"2017-08-24T22:00:34+00:00\",\"mainEntityOfPage\":{\"@id\":\"https:\\\/\\\/news.ecclesia.org.br\\\/?p=23701\"},\"wordCount\":317,\"commentCount\":0,\"publisher\":{\"@id\":\"https:\\\/\\\/news.ecclesia.org.br\\\/#organization\"},\"image\":{\"@id\":\"https:\\\/\\\/news.ecclesia.org.br\\\/?p=23701#primaryimage\"},\"thumbnailUrl\":\"https:\\\/\\\/news.ecclesia.org.br\\\/wp-content\\\/uploads\\\/2017\\\/03\\\/patriarca-bartolomeu.jpg\",\"articleSection\":[\"NEWS\",\"Patriarcado Ecum\u00eanico\"],\"inLanguage\":\"pt-BR\",\"potentialAction\":[{\"@type\":\"CommentAction\",\"name\":\"Comment\",\"target\":[\"https:\\\/\\\/news.ecclesia.org.br\\\/?p=23701#respond\"]}]},{\"@type\":\"WebPage\",\"@id\":\"https:\\\/\\\/news.ecclesia.org.br\\\/?p=23701\",\"url\":\"https:\\\/\\\/news.ecclesia.org.br\\\/?p=23701\",\"name\":\"Patriarca Bartolomeu est\u00e1 em visita oficial \u00e0 Hungria | ECCLESIA NEWS\",\"isPartOf\":{\"@id\":\"https:\\\/\\\/news.ecclesia.org.br\\\/#website\"},\"primaryImageOfPage\":{\"@id\":\"https:\\\/\\\/news.ecclesia.org.br\\\/?p=23701#primaryimage\"},\"image\":{\"@id\":\"https:\\\/\\\/news.ecclesia.org.br\\\/?p=23701#primaryimage\"},\"thumbnailUrl\":\"https:\\\/\\\/news.ecclesia.org.br\\\/wp-content\\\/uploads\\\/2017\\\/03\\\/patriarca-bartolomeu.jpg\",\"datePublished\":\"2017-08-24T22:00:34+00:00\",\"breadcrumb\":{\"@id\":\"https:\\\/\\\/news.ecclesia.org.br\\\/?p=23701#breadcrumb\"},\"inLanguage\":\"pt-BR\",\"potentialAction\":[{\"@type\":\"ReadAction\",\"target\":[\"https:\\\/\\\/news.ecclesia.org.br\\\/?p=23701\"]}]},{\"@type\":\"ImageObject\",\"inLanguage\":\"pt-BR\",\"@id\":\"https:\\\/\\\/news.ecclesia.org.br\\\/?p=23701#primaryimage\",\"url\":\"https:\\\/\\\/news.ecclesia.org.br\\\/wp-content\\\/uploads\\\/2017\\\/03\\\/patriarca-bartolomeu.jpg\",\"contentUrl\":\"https:\\\/\\\/news.ecclesia.org.br\\\/wp-content\\\/uploads\\\/2017\\\/03\\\/patriarca-bartolomeu.jpg\",\"width\":660,\"height\":330},{\"@type\":\"BreadcrumbList\",\"@id\":\"https:\\\/\\\/news.ecclesia.org.br\\\/?p=23701#breadcrumb\",\"itemListElement\":[{\"@type\":\"ListItem\",\"position\":1,\"name\":\"In\u00edcio\",\"item\":\"https:\\\/\\\/news.ecclesia.org.br\\\/\"},{\"@type\":\"ListItem\",\"position\":2,\"name\":\"Patriarca Bartolomeu est\u00e1 em visita oficial \u00e0 Hungria\"}]},{\"@type\":\"WebSite\",\"@id\":\"https:\\\/\\\/news.ecclesia.org.br\\\/#website\",\"url\":\"https:\\\/\\\/news.ecclesia.org.br\\\/\",\"name\":\"Ecclesia Brasil\",\"description\":\"Desde 2003 onectando o Brasil ao mundo ortodoxo!\",\"publisher\":{\"@id\":\"https:\\\/\\\/news.ecclesia.org.br\\\/#organization\"},\"alternateName\":\"Ecclesia\",\"potentialAction\":[{\"@type\":\"SearchAction\",\"target\":{\"@type\":\"EntryPoint\",\"urlTemplate\":\"https:\\\/\\\/news.ecclesia.org.br\\\/?s={search_term_string}\"},\"query-input\":{\"@type\":\"PropertyValueSpecification\",\"valueRequired\":true,\"valueName\":\"search_term_string\"}}],\"inLanguage\":\"pt-BR\"},{\"@type\":\"Organization\",\"@id\":\"https:\\\/\\\/news.ecclesia.org.br\\\/#organization\",\"name\":\"Sacra Arquidiocese de Buenos Aires e Am\u00e9rica do Sul | Patriarcado Ecum\u00eanico\",\"alternateName\":\"News Ecclesia Brasil\",\"url\":\"https:\\\/\\\/news.ecclesia.org.br\\\/\",\"logo\":{\"@type\":\"ImageObject\",\"inLanguage\":\"pt-BR\",\"@id\":\"https:\\\/\\\/news.ecclesia.org.br\\\/#\\\/schema\\\/logo\\\/image\\\/\",\"url\":\"https:\\\/\\\/news.ecclesia.org.br\\\/wp-content\\\/uploads\\\/2025\\\/05\\\/ecclesia2.png\",\"contentUrl\":\"https:\\\/\\\/news.ecclesia.org.br\\\/wp-content\\\/uploads\\\/2025\\\/05\\\/ecclesia2.png\",\"width\":480,\"height\":120,\"caption\":\"Sacra Arquidiocese de Buenos Aires e Am\u00e9rica do Sul | Patriarcado Ecum\u00eanico\"},\"image\":{\"@id\":\"https:\\\/\\\/news.ecclesia.org.br\\\/#\\\/schema\\\/logo\\\/image\\\/\"},\"sameAs\":[\"https:\\\/\\\/www.facebook.com\\\/Ecclesia2025\",\"https:\\\/\\\/x.com\\\/EcclesiaNews\",\"https:\\\/\\\/br.pinterest.com\\\/ekklisia\\\/\",\"https:\\\/\\\/www.youtube.com\\\/@EcclesiaBrasil\"]},{\"@type\":\"Person\",\"@id\":\"https:\\\/\\\/news.ecclesia.org.br\\\/#\\\/schema\\\/person\\\/6f09597f025829745ba414a569f63758\",\"name\":\"Pe. Andr\u00e9\",\"image\":{\"@type\":\"ImageObject\",\"inLanguage\":\"pt-BR\",\"@id\":\"https:\\\/\\\/secure.gravatar.com\\\/avatar\\\/b4327cfa27e9799da239a26adcd534fc29cdc0c4a4a148eecbcfeb9b42c617ac?s=96&d=mm&r=g\",\"url\":\"https:\\\/\\\/secure.gravatar.com\\\/avatar\\\/b4327cfa27e9799da239a26adcd534fc29cdc0c4a4a148eecbcfeb9b42c617ac?s=96&d=mm&r=g\",\"contentUrl\":\"https:\\\/\\\/secure.gravatar.com\\\/avatar\\\/b4327cfa27e9799da239a26adcd534fc29cdc0c4a4a148eecbcfeb9b42c617ac?s=96&d=mm&r=g\",\"caption\":\"Pe. Andr\u00e9\"},\"sameAs\":[\"https:\\\/\\\/www.ecclesia.org.br\"]}]}<\/script>\n<!-- \/ Yoast SEO plugin. -->","yoast_head_json":{"title":"Patriarca Bartolomeu est\u00e1 em visita oficial \u00e0 Hungria | ECCLESIA NEWS","robots":{"index":"index","follow":"follow","max-snippet":"max-snippet:-1","max-image-preview":"max-image-preview:large","max-video-preview":"max-video-preview:-1"},"canonical":"https:\/\/news.ecclesia.org.br\/?p=23701","og_locale":"pt_BR","og_type":"article","og_title":"Patriarca Bartolomeu est\u00e1 em visita oficial \u00e0 Hungria | ECCLESIA NEWS","og_description":"19 de agosto de 2017 &#8212;\u00a0O Patriarca Ecum\u00eanico Bartolomeu I encontra-se na Hungria, desde a \u00faltima sexta-feira, 18 de agosto, em visita oficial a convite das autoridades do governo h\u00fangaro. Durante a visita, o governo h\u00fangaro far\u00e1 a entrega oficial&#8230;","og_url":"https:\/\/news.ecclesia.org.br\/?p=23701","og_site_name":"ECCLESIA NEWS","article_publisher":"https:\/\/www.facebook.com\/Ecclesia2025","article_published_time":"2017-08-24T22:00:34+00:00","og_image":[{"width":660,"height":330,"url":"https:\/\/news.ecclesia.org.br\/wp-content\/uploads\/2017\/03\/patriarca-bartolomeu.jpg","type":"image\/jpeg"}],"author":"Pe. Andr\u00e9","twitter_card":"summary_large_image","twitter_creator":"@EcclesiaNews","twitter_site":"@EcclesiaNews","twitter_misc":{"Escrito por":"Pe. Andr\u00e9","Est. tempo de leitura":"2 minutos"},"schema":{"@context":"https:\/\/schema.org","@graph":[{"@type":"Article","@id":"https:\/\/news.ecclesia.org.br\/?p=23701#article","isPartOf":{"@id":"https:\/\/news.ecclesia.org.br\/?p=23701"},"author":{"name":"Pe. Andr\u00e9","@id":"https:\/\/news.ecclesia.org.br\/#\/schema\/person\/6f09597f025829745ba414a569f63758"},"headline":"Patriarca Bartolomeu est\u00e1 em visita oficial \u00e0 Hungria","datePublished":"2017-08-24T22:00:34+00:00","mainEntityOfPage":{"@id":"https:\/\/news.ecclesia.org.br\/?p=23701"},"wordCount":317,"commentCount":0,"publisher":{"@id":"https:\/\/news.ecclesia.org.br\/#organization"},"image":{"@id":"https:\/\/news.ecclesia.org.br\/?p=23701#primaryimage"},"thumbnailUrl":"https:\/\/news.ecclesia.org.br\/wp-content\/uploads\/2017\/03\/patriarca-bartolomeu.jpg","articleSection":["NEWS","Patriarcado Ecum\u00eanico"],"inLanguage":"pt-BR","potentialAction":[{"@type":"CommentAction","name":"Comment","target":["https:\/\/news.ecclesia.org.br\/?p=23701#respond"]}]},{"@type":"WebPage","@id":"https:\/\/news.ecclesia.org.br\/?p=23701","url":"https:\/\/news.ecclesia.org.br\/?p=23701","name":"Patriarca Bartolomeu est\u00e1 em visita oficial \u00e0 Hungria | ECCLESIA NEWS","isPartOf":{"@id":"https:\/\/news.ecclesia.org.br\/#website"},"primaryImageOfPage":{"@id":"https:\/\/news.ecclesia.org.br\/?p=23701#primaryimage"},"image":{"@id":"https:\/\/news.ecclesia.org.br\/?p=23701#primaryimage"},"thumbnailUrl":"https:\/\/news.ecclesia.org.br\/wp-content\/uploads\/2017\/03\/patriarca-bartolomeu.jpg","datePublished":"2017-08-24T22:00:34+00:00","breadcrumb":{"@id":"https:\/\/news.ecclesia.org.br\/?p=23701#breadcrumb"},"inLanguage":"pt-BR","potentialAction":[{"@type":"ReadAction","target":["https:\/\/news.ecclesia.org.br\/?p=23701"]}]},{"@type":"ImageObject","inLanguage":"pt-BR","@id":"https:\/\/news.ecclesia.org.br\/?p=23701#primaryimage","url":"https:\/\/news.ecclesia.org.br\/wp-content\/uploads\/2017\/03\/patriarca-bartolomeu.jpg","contentUrl":"https:\/\/news.ecclesia.org.br\/wp-content\/uploads\/2017\/03\/patriarca-bartolomeu.jpg","width":660,"height":330},{"@type":"BreadcrumbList","@id":"https:\/\/news.ecclesia.org.br\/?p=23701#breadcrumb","itemListElement":[{"@type":"ListItem","position":1,"name":"In\u00edcio","item":"https:\/\/news.ecclesia.org.br\/"},{"@type":"ListItem","position":2,"name":"Patriarca Bartolomeu est\u00e1 em visita oficial \u00e0 Hungria"}]},{"@type":"WebSite","@id":"https:\/\/news.ecclesia.org.br\/#website","url":"https:\/\/news.ecclesia.org.br\/","name":"Ecclesia Brasil","description":"Desde 2003 onectando o Brasil ao mundo ortodoxo!","publisher":{"@id":"https:\/\/news.ecclesia.org.br\/#organization"},"alternateName":"Ecclesia","potentialAction":[{"@type":"SearchAction","target":{"@type":"EntryPoint","urlTemplate":"https:\/\/news.ecclesia.org.br\/?s={search_term_string}"},"query-input":{"@type":"PropertyValueSpecification","valueRequired":true,"valueName":"search_term_string"}}],"inLanguage":"pt-BR"},{"@type":"Organization","@id":"https:\/\/news.ecclesia.org.br\/#organization","name":"Sacra Arquidiocese de Buenos Aires e Am\u00e9rica do Sul | Patriarcado Ecum\u00eanico","alternateName":"News Ecclesia Brasil","url":"https:\/\/news.ecclesia.org.br\/","logo":{"@type":"ImageObject","inLanguage":"pt-BR","@id":"https:\/\/news.ecclesia.org.br\/#\/schema\/logo\/image\/","url":"https:\/\/news.ecclesia.org.br\/wp-content\/uploads\/2025\/05\/ecclesia2.png","contentUrl":"https:\/\/news.ecclesia.org.br\/wp-content\/uploads\/2025\/05\/ecclesia2.png","width":480,"height":120,"caption":"Sacra Arquidiocese de Buenos Aires e Am\u00e9rica do Sul | Patriarcado Ecum\u00eanico"},"image":{"@id":"https:\/\/news.ecclesia.org.br\/#\/schema\/logo\/image\/"},"sameAs":["https:\/\/www.facebook.com\/Ecclesia2025","https:\/\/x.com\/EcclesiaNews","https:\/\/br.pinterest.com\/ekklisia\/","https:\/\/www.youtube.com\/@EcclesiaBrasil"]},{"@type":"Person","@id":"https:\/\/news.ecclesia.org.br\/#\/schema\/person\/6f09597f025829745ba414a569f63758","name":"Pe. Andr\u00e9","image":{"@type":"ImageObject","inLanguage":"pt-BR","@id":"https:\/\/secure.gravatar.com\/avatar\/b4327cfa27e9799da239a26adcd534fc29cdc0c4a4a148eecbcfeb9b42c617ac?s=96&d=mm&r=g","url":"https:\/\/secure.gravatar.com\/avatar\/b4327cfa27e9799da239a26adcd534fc29cdc0c4a4a148eecbcfeb9b42c617ac?s=96&d=mm&r=g","contentUrl":"https:\/\/secure.gravatar.com\/avatar\/b4327cfa27e9799da239a26adcd534fc29cdc0c4a4a148eecbcfeb9b42c617ac?s=96&d=mm&r=g","caption":"Pe. Andr\u00e9"},"sameAs":["https:\/\/www.ecclesia.org.br"]}]}},"_links":{"self":[{"href":"https:\/\/news.ecclesia.org.br\/index.php?rest_route=\/wp\/v2\/posts\/23701","targetHints":{"allow":["GET"]}}],"collection":[{"href":"https:\/\/news.ecclesia.org.br\/index.php?rest_route=\/wp\/v2\/posts"}],"about":[{"href":"https:\/\/news.ecclesia.org.br\/index.php?rest_route=\/wp\/v2\/types\/post"}],"author":[{"embeddable":true,"href":"https:\/\/news.ecclesia.org.br\/index.php?rest_route=\/wp\/v2\/users\/1"}],"replies":[{"embeddable":true,"href":"https:\/\/news.ecclesia.org.br\/index.php?rest_route=%2Fwp%2Fv2%2Fcomments&post=23701"}],"version-history":[{"count":0,"href":"https:\/\/news.ecclesia.org.br\/index.php?rest_route=\/wp\/v2\/posts\/23701\/revisions"}],"wp:featuredmedia":[{"embeddable":true,"href":"https:\/\/news.ecclesia.org.br\/index.php?rest_route=\/wp\/v2\/media\/23315"}],"wp:attachment":[{"href":"https:\/\/news.ecclesia.org.br\/index.php?rest_route=%2Fwp%2Fv2%2Fmedia&parent=23701"}],"wp:term":[{"taxonomy":"category","embeddable":true,"href":"https:\/\/news.ecclesia.org.br\/index.php?rest_route=%2Fwp%2Fv2%2Fcategories&post=23701"},{"taxonomy":"post_tag","embeddable":true,"href":"https:\/\/news.ecclesia.org.br\/index.php?rest_route=%2Fwp%2Fv2%2Ftags&post=23701"}],"curies":[{"name":"wp","href":"https:\/\/api.w.org\/{rel}","templated":true}]}}