{"id":23687,"date":"2017-08-15T20:25:32","date_gmt":"2017-08-15T23:25:32","guid":{"rendered":"https:\/\/news.ecclesia.org.br\/2013\/?p=23687"},"modified":"2023-09-16T07:03:41","modified_gmt":"2023-09-16T10:03:41","slug":"incendios-florestais-ameacam-dois-monasterios-ortodoxos-nos-arredores-de-atenas-grecia","status":"publish","type":"post","link":"https:\/\/news.ecclesia.org.br\/?p=23687","title":{"rendered":"Inc\u00eandios florestais amea\u00e7am dois monast\u00e9rios ortodoxos nos arredores de Atenas, Gr\u00e9cia"},"content":{"rendered":"<p style=\"text-align: justify;\"><a href=\"https:\/\/news.ecclesia.org.br\/2013\/wp-content\/uploads\/2017\/08\/kalamos-fotia.jpg\"><img fetchpriority=\"high\" decoding=\"async\" class=\"alignleft size-medium wp-image-23688\" src=\"https:\/\/news.ecclesia.org.br\/2013\/wp-content\/uploads\/2017\/08\/kalamos-fotia-300x200.jpg\" alt=\"\" width=\"300\" height=\"200\" srcset=\"https:\/\/news.ecclesia.org.br\/wp-content\/uploads\/2017\/08\/kalamos-fotia-300x200.jpg 300w, https:\/\/news.ecclesia.org.br\/wp-content\/uploads\/2017\/08\/kalamos-fotia-768x511.jpg 768w, https:\/\/news.ecclesia.org.br\/wp-content\/uploads\/2017\/08\/kalamos-fotia-600x399.jpg 600w, https:\/\/news.ecclesia.org.br\/wp-content\/uploads\/2017\/08\/kalamos-fotia-83x55.jpg 83w, https:\/\/news.ecclesia.org.br\/wp-content\/uploads\/2017\/08\/kalamos-fotia-60x40.jpg 60w, https:\/\/news.ecclesia.org.br\/wp-content\/uploads\/2017\/08\/kalamos-fotia-120x80.jpg 120w, https:\/\/news.ecclesia.org.br\/wp-content\/uploads\/2017\/08\/kalamos-fotia.jpg 800w\" sizes=\"(max-width: 300px) 100vw, 300px\" \/><\/a>Atenas (Gr\u00e9cia), 15 agosto de 2017, <a href=\"http:\/\/www.romfea.gr\/epikairotita-xronika\/16363-apokleistiko-kinduneuoun-duo-monastiria-tis-attikis\">Romfea.gr<\/a>\u00a0&#8212; Os inc\u00eandios florestais que irromperam na tarde do \u00faltimo domingo, est\u00e3o colocando em situa\u00e7\u00e3o de perigo dois monast\u00e9rios em Kalamo, Attica, o monast\u00e9rio feminino da Transfigura\u00e7\u00e3o, Metochion Pendeli, e o monast\u00e9rio masculino de S\u00e3o Sime\u00e3o, o Novo Te\u00f3logo, De acordo com informa\u00e7\u00f5es da ag\u00eancia <a href=\"http:\/\/www.romfea.gr\/epikairotita-xronika\/16363-apokleistiko-kinduneuoun-duo-monastiria-tis-attikis\">Romfea.gr<\/a>,\u00a0Inicialmente, o monast\u00e9rio da Transfigura\u00e7\u00e3o havia sido evacuado.\u00a0Segundo as \u00faltimas informa\u00e7\u00f5es, apesar de que toda a floresta no entorno j\u00e1 foi queimada, as edifica\u00e7\u00f5es mon\u00e1sticas escaparam milagrosamente do inc\u00eandio.\u00a0As sete monjas j\u00e1 teriam regressado ao seu monast\u00e9rio, que j\u00e1 estaria fora de perigo.\u00a0J\u00e1 o monast\u00e9rio de S\u00e3o Sime\u00e3o, o Novo Te\u00f3logo, ainda se encontra em perigo, estando situado em \u00e1rea de risco onde os inc\u00eandios foram retomados. Ainda que os monges n\u00e3o tenham sido afetados, a oficina de iconografia foi totalmente envolvida em chamas.\u00a0O monast\u00e9rio feminino dedicado ao \u00edcone da M\u00e3e de Deus \u201cAxion Est\u00edn\u201d, localizado na aldeia de Varnavas, n\u00e3o se encontra em perigo, mas as monjas est\u00e3o bastante preocupadas.<\/p>\n<hr \/>\n<p style=\"text-align: right;\">Fonte: <a href=\"http:\/\/www.romfea.gr\/epikairotita-xronika\/16363-apokleistiko-kinduneuoun-duo-monastiria-tis-attikis\">Romfea.gr<\/a>,<\/p>\n","protected":false},"excerpt":{"rendered":"<p>Atenas (Gr\u00e9cia), 15 agosto de 2017, Romfea.gr\u00a0&#8212; Os inc\u00eandios florestais que irromperam na tarde do \u00faltimo domingo, est\u00e3o colocando em situa\u00e7\u00e3o de perigo dois monast\u00e9rios em Kalamo, Attica, o monast\u00e9rio feminino da Transfigura\u00e7\u00e3o, Metochion Pendeli, e o monast\u00e9rio masculino de&#8230;<\/p>\n","protected":false},"author":1,"featured_media":23688,"comment_status":"open","ping_status":"open","sticky":false,"template":"","format":"standard","meta":{"_acf_changed":false,"footnotes":""},"categories":[2743,1],"tags":[],"class_list":["post-23687","post","type-post","status-publish","format-standard","has-post-thumbnail","hentry","category-grecia","category-news","entry","rows-excerpt"],"acf":[],"yoast_head":"<!-- This site is optimized with the Yoast SEO plugin v27.5 - https:\/\/yoast.com\/product\/yoast-seo-wordpress\/ -->\n<title>Inc\u00eandios florestais amea\u00e7am dois monast\u00e9rios ortodoxos nos arredores de Atenas, Gr\u00e9cia | ECCLESIA NEWS<\/title>\n<meta name=\"robots\" content=\"index, follow, max-snippet:-1, max-image-preview:large, max-video-preview:-1\" \/>\n<link rel=\"canonical\" href=\"https:\/\/news.ecclesia.org.br\/?p=23687\" \/>\n<meta property=\"og:locale\" content=\"pt_BR\" \/>\n<meta property=\"og:type\" content=\"article\" \/>\n<meta property=\"og:title\" content=\"Inc\u00eandios florestais amea\u00e7am dois monast\u00e9rios ortodoxos nos arredores de Atenas, Gr\u00e9cia | ECCLESIA NEWS\" \/>\n<meta property=\"og:description\" content=\"Atenas (Gr\u00e9cia), 15 agosto de 2017, Romfea.gr\u00a0&#8212; Os inc\u00eandios florestais que irromperam na tarde do \u00faltimo domingo, est\u00e3o colocando em situa\u00e7\u00e3o de perigo dois monast\u00e9rios em Kalamo, Attica, o monast\u00e9rio feminino da Transfigura\u00e7\u00e3o, Metochion Pendeli, e o monast\u00e9rio masculino de&#8230;\" \/>\n<meta property=\"og:url\" content=\"https:\/\/news.ecclesia.org.br\/?p=23687\" \/>\n<meta property=\"og:site_name\" content=\"ECCLESIA NEWS\" \/>\n<meta property=\"article:publisher\" content=\"https:\/\/www.facebook.com\/Ecclesia2025\" \/>\n<meta property=\"article:published_time\" content=\"2017-08-15T23:25:32+00:00\" \/>\n<meta property=\"article:modified_time\" content=\"2023-09-16T10:03:41+00:00\" \/>\n<meta property=\"og:image\" content=\"https:\/\/news.ecclesia.org.br\/wp-content\/uploads\/2017\/08\/kalamos-fotia.jpg\" \/>\n\t<meta property=\"og:image:width\" content=\"800\" \/>\n\t<meta property=\"og:image:height\" content=\"532\" \/>\n\t<meta property=\"og:image:type\" content=\"image\/jpeg\" \/>\n<meta name=\"author\" content=\"Pe. Andr\u00e9\" \/>\n<meta name=\"twitter:card\" content=\"summary_large_image\" \/>\n<meta name=\"twitter:creator\" content=\"@EcclesiaNews\" \/>\n<meta name=\"twitter:site\" content=\"@EcclesiaNews\" \/>\n<meta name=\"twitter:label1\" content=\"Escrito por\" \/>\n\t<meta name=\"twitter:data1\" content=\"Pe. Andr\u00e9\" \/>\n\t<meta name=\"twitter:label2\" content=\"Est. tempo de leitura\" \/>\n\t<meta name=\"twitter:data2\" content=\"1 minuto\" \/>\n<script type=\"application\/ld+json\" class=\"yoast-schema-graph\">{\"@context\":\"https:\\\/\\\/schema.org\",\"@graph\":[{\"@type\":\"Article\",\"@id\":\"https:\\\/\\\/news.ecclesia.org.br\\\/?p=23687#article\",\"isPartOf\":{\"@id\":\"https:\\\/\\\/news.ecclesia.org.br\\\/?p=23687\"},\"author\":{\"name\":\"Pe. Andr\u00e9\",\"@id\":\"https:\\\/\\\/news.ecclesia.org.br\\\/#\\\/schema\\\/person\\\/6f09597f025829745ba414a569f63758\"},\"headline\":\"Inc\u00eandios florestais amea\u00e7am dois monast\u00e9rios ortodoxos nos arredores de Atenas, Gr\u00e9cia\",\"datePublished\":\"2017-08-15T23:25:32+00:00\",\"dateModified\":\"2023-09-16T10:03:41+00:00\",\"mainEntityOfPage\":{\"@id\":\"https:\\\/\\\/news.ecclesia.org.br\\\/?p=23687\"},\"wordCount\":217,\"commentCount\":0,\"publisher\":{\"@id\":\"https:\\\/\\\/news.ecclesia.org.br\\\/#organization\"},\"image\":{\"@id\":\"https:\\\/\\\/news.ecclesia.org.br\\\/?p=23687#primaryimage\"},\"thumbnailUrl\":\"https:\\\/\\\/news.ecclesia.org.br\\\/wp-content\\\/uploads\\\/2017\\\/08\\\/kalamos-fotia.jpg\",\"articleSection\":[\"Igreja da Gr\u00e9cia\",\"NEWS\"],\"inLanguage\":\"pt-BR\",\"potentialAction\":[{\"@type\":\"CommentAction\",\"name\":\"Comment\",\"target\":[\"https:\\\/\\\/news.ecclesia.org.br\\\/?p=23687#respond\"]}]},{\"@type\":\"WebPage\",\"@id\":\"https:\\\/\\\/news.ecclesia.org.br\\\/?p=23687\",\"url\":\"https:\\\/\\\/news.ecclesia.org.br\\\/?p=23687\",\"name\":\"Inc\u00eandios florestais amea\u00e7am dois monast\u00e9rios ortodoxos nos arredores de Atenas, Gr\u00e9cia | ECCLESIA NEWS\",\"isPartOf\":{\"@id\":\"https:\\\/\\\/news.ecclesia.org.br\\\/#website\"},\"primaryImageOfPage\":{\"@id\":\"https:\\\/\\\/news.ecclesia.org.br\\\/?p=23687#primaryimage\"},\"image\":{\"@id\":\"https:\\\/\\\/news.ecclesia.org.br\\\/?p=23687#primaryimage\"},\"thumbnailUrl\":\"https:\\\/\\\/news.ecclesia.org.br\\\/wp-content\\\/uploads\\\/2017\\\/08\\\/kalamos-fotia.jpg\",\"datePublished\":\"2017-08-15T23:25:32+00:00\",\"dateModified\":\"2023-09-16T10:03:41+00:00\",\"breadcrumb\":{\"@id\":\"https:\\\/\\\/news.ecclesia.org.br\\\/?p=23687#breadcrumb\"},\"inLanguage\":\"pt-BR\",\"potentialAction\":[{\"@type\":\"ReadAction\",\"target\":[\"https:\\\/\\\/news.ecclesia.org.br\\\/?p=23687\"]}]},{\"@type\":\"ImageObject\",\"inLanguage\":\"pt-BR\",\"@id\":\"https:\\\/\\\/news.ecclesia.org.br\\\/?p=23687#primaryimage\",\"url\":\"https:\\\/\\\/news.ecclesia.org.br\\\/wp-content\\\/uploads\\\/2017\\\/08\\\/kalamos-fotia.jpg\",\"contentUrl\":\"https:\\\/\\\/news.ecclesia.org.br\\\/wp-content\\\/uploads\\\/2017\\\/08\\\/kalamos-fotia.jpg\",\"width\":800,\"height\":532},{\"@type\":\"BreadcrumbList\",\"@id\":\"https:\\\/\\\/news.ecclesia.org.br\\\/?p=23687#breadcrumb\",\"itemListElement\":[{\"@type\":\"ListItem\",\"position\":1,\"name\":\"In\u00edcio\",\"item\":\"https:\\\/\\\/news.ecclesia.org.br\\\/\"},{\"@type\":\"ListItem\",\"position\":2,\"name\":\"Inc\u00eandios florestais amea\u00e7am dois monast\u00e9rios ortodoxos nos arredores de Atenas, Gr\u00e9cia\"}]},{\"@type\":\"WebSite\",\"@id\":\"https:\\\/\\\/news.ecclesia.org.br\\\/#website\",\"url\":\"https:\\\/\\\/news.ecclesia.org.br\\\/\",\"name\":\"Ecclesia Brasil\",\"description\":\"Desde 2003 onectando o Brasil ao mundo ortodoxo!\",\"publisher\":{\"@id\":\"https:\\\/\\\/news.ecclesia.org.br\\\/#organization\"},\"alternateName\":\"Ecclesia\",\"potentialAction\":[{\"@type\":\"SearchAction\",\"target\":{\"@type\":\"EntryPoint\",\"urlTemplate\":\"https:\\\/\\\/news.ecclesia.org.br\\\/?s={search_term_string}\"},\"query-input\":{\"@type\":\"PropertyValueSpecification\",\"valueRequired\":true,\"valueName\":\"search_term_string\"}}],\"inLanguage\":\"pt-BR\"},{\"@type\":\"Organization\",\"@id\":\"https:\\\/\\\/news.ecclesia.org.br\\\/#organization\",\"name\":\"Sacra Arquidiocese de Buenos Aires e Am\u00e9rica do Sul | Patriarcado Ecum\u00eanico\",\"alternateName\":\"News Ecclesia Brasil\",\"url\":\"https:\\\/\\\/news.ecclesia.org.br\\\/\",\"logo\":{\"@type\":\"ImageObject\",\"inLanguage\":\"pt-BR\",\"@id\":\"https:\\\/\\\/news.ecclesia.org.br\\\/#\\\/schema\\\/logo\\\/image\\\/\",\"url\":\"https:\\\/\\\/news.ecclesia.org.br\\\/wp-content\\\/uploads\\\/2025\\\/05\\\/ecclesia2.png\",\"contentUrl\":\"https:\\\/\\\/news.ecclesia.org.br\\\/wp-content\\\/uploads\\\/2025\\\/05\\\/ecclesia2.png\",\"width\":480,\"height\":120,\"caption\":\"Sacra Arquidiocese de Buenos Aires e Am\u00e9rica do Sul | Patriarcado Ecum\u00eanico\"},\"image\":{\"@id\":\"https:\\\/\\\/news.ecclesia.org.br\\\/#\\\/schema\\\/logo\\\/image\\\/\"},\"sameAs\":[\"https:\\\/\\\/www.facebook.com\\\/Ecclesia2025\",\"https:\\\/\\\/x.com\\\/EcclesiaNews\",\"https:\\\/\\\/br.pinterest.com\\\/ekklisia\\\/\",\"https:\\\/\\\/www.youtube.com\\\/@EcclesiaBrasil\"]},{\"@type\":\"Person\",\"@id\":\"https:\\\/\\\/news.ecclesia.org.br\\\/#\\\/schema\\\/person\\\/6f09597f025829745ba414a569f63758\",\"name\":\"Pe. Andr\u00e9\",\"image\":{\"@type\":\"ImageObject\",\"inLanguage\":\"pt-BR\",\"@id\":\"https:\\\/\\\/secure.gravatar.com\\\/avatar\\\/b4327cfa27e9799da239a26adcd534fc29cdc0c4a4a148eecbcfeb9b42c617ac?s=96&d=mm&r=g\",\"url\":\"https:\\\/\\\/secure.gravatar.com\\\/avatar\\\/b4327cfa27e9799da239a26adcd534fc29cdc0c4a4a148eecbcfeb9b42c617ac?s=96&d=mm&r=g\",\"contentUrl\":\"https:\\\/\\\/secure.gravatar.com\\\/avatar\\\/b4327cfa27e9799da239a26adcd534fc29cdc0c4a4a148eecbcfeb9b42c617ac?s=96&d=mm&r=g\",\"caption\":\"Pe. Andr\u00e9\"},\"sameAs\":[\"https:\\\/\\\/www.ecclesia.org.br\"]}]}<\/script>\n<!-- \/ Yoast SEO plugin. -->","yoast_head_json":{"title":"Inc\u00eandios florestais amea\u00e7am dois monast\u00e9rios ortodoxos nos arredores de Atenas, Gr\u00e9cia | ECCLESIA NEWS","robots":{"index":"index","follow":"follow","max-snippet":"max-snippet:-1","max-image-preview":"max-image-preview:large","max-video-preview":"max-video-preview:-1"},"canonical":"https:\/\/news.ecclesia.org.br\/?p=23687","og_locale":"pt_BR","og_type":"article","og_title":"Inc\u00eandios florestais amea\u00e7am dois monast\u00e9rios ortodoxos nos arredores de Atenas, Gr\u00e9cia | ECCLESIA NEWS","og_description":"Atenas (Gr\u00e9cia), 15 agosto de 2017, Romfea.gr\u00a0&#8212; Os inc\u00eandios florestais que irromperam na tarde do \u00faltimo domingo, est\u00e3o colocando em situa\u00e7\u00e3o de perigo dois monast\u00e9rios em Kalamo, Attica, o monast\u00e9rio feminino da Transfigura\u00e7\u00e3o, Metochion Pendeli, e o monast\u00e9rio masculino de&#8230;","og_url":"https:\/\/news.ecclesia.org.br\/?p=23687","og_site_name":"ECCLESIA NEWS","article_publisher":"https:\/\/www.facebook.com\/Ecclesia2025","article_published_time":"2017-08-15T23:25:32+00:00","article_modified_time":"2023-09-16T10:03:41+00:00","og_image":[{"width":800,"height":532,"url":"https:\/\/news.ecclesia.org.br\/wp-content\/uploads\/2017\/08\/kalamos-fotia.jpg","type":"image\/jpeg"}],"author":"Pe. Andr\u00e9","twitter_card":"summary_large_image","twitter_creator":"@EcclesiaNews","twitter_site":"@EcclesiaNews","twitter_misc":{"Escrito por":"Pe. Andr\u00e9","Est. tempo de leitura":"1 minuto"},"schema":{"@context":"https:\/\/schema.org","@graph":[{"@type":"Article","@id":"https:\/\/news.ecclesia.org.br\/?p=23687#article","isPartOf":{"@id":"https:\/\/news.ecclesia.org.br\/?p=23687"},"author":{"name":"Pe. Andr\u00e9","@id":"https:\/\/news.ecclesia.org.br\/#\/schema\/person\/6f09597f025829745ba414a569f63758"},"headline":"Inc\u00eandios florestais amea\u00e7am dois monast\u00e9rios ortodoxos nos arredores de Atenas, Gr\u00e9cia","datePublished":"2017-08-15T23:25:32+00:00","dateModified":"2023-09-16T10:03:41+00:00","mainEntityOfPage":{"@id":"https:\/\/news.ecclesia.org.br\/?p=23687"},"wordCount":217,"commentCount":0,"publisher":{"@id":"https:\/\/news.ecclesia.org.br\/#organization"},"image":{"@id":"https:\/\/news.ecclesia.org.br\/?p=23687#primaryimage"},"thumbnailUrl":"https:\/\/news.ecclesia.org.br\/wp-content\/uploads\/2017\/08\/kalamos-fotia.jpg","articleSection":["Igreja da Gr\u00e9cia","NEWS"],"inLanguage":"pt-BR","potentialAction":[{"@type":"CommentAction","name":"Comment","target":["https:\/\/news.ecclesia.org.br\/?p=23687#respond"]}]},{"@type":"WebPage","@id":"https:\/\/news.ecclesia.org.br\/?p=23687","url":"https:\/\/news.ecclesia.org.br\/?p=23687","name":"Inc\u00eandios florestais amea\u00e7am dois monast\u00e9rios ortodoxos nos arredores de Atenas, Gr\u00e9cia | ECCLESIA NEWS","isPartOf":{"@id":"https:\/\/news.ecclesia.org.br\/#website"},"primaryImageOfPage":{"@id":"https:\/\/news.ecclesia.org.br\/?p=23687#primaryimage"},"image":{"@id":"https:\/\/news.ecclesia.org.br\/?p=23687#primaryimage"},"thumbnailUrl":"https:\/\/news.ecclesia.org.br\/wp-content\/uploads\/2017\/08\/kalamos-fotia.jpg","datePublished":"2017-08-15T23:25:32+00:00","dateModified":"2023-09-16T10:03:41+00:00","breadcrumb":{"@id":"https:\/\/news.ecclesia.org.br\/?p=23687#breadcrumb"},"inLanguage":"pt-BR","potentialAction":[{"@type":"ReadAction","target":["https:\/\/news.ecclesia.org.br\/?p=23687"]}]},{"@type":"ImageObject","inLanguage":"pt-BR","@id":"https:\/\/news.ecclesia.org.br\/?p=23687#primaryimage","url":"https:\/\/news.ecclesia.org.br\/wp-content\/uploads\/2017\/08\/kalamos-fotia.jpg","contentUrl":"https:\/\/news.ecclesia.org.br\/wp-content\/uploads\/2017\/08\/kalamos-fotia.jpg","width":800,"height":532},{"@type":"BreadcrumbList","@id":"https:\/\/news.ecclesia.org.br\/?p=23687#breadcrumb","itemListElement":[{"@type":"ListItem","position":1,"name":"In\u00edcio","item":"https:\/\/news.ecclesia.org.br\/"},{"@type":"ListItem","position":2,"name":"Inc\u00eandios florestais amea\u00e7am dois monast\u00e9rios ortodoxos nos arredores de Atenas, Gr\u00e9cia"}]},{"@type":"WebSite","@id":"https:\/\/news.ecclesia.org.br\/#website","url":"https:\/\/news.ecclesia.org.br\/","name":"Ecclesia Brasil","description":"Desde 2003 onectando o Brasil ao mundo ortodoxo!","publisher":{"@id":"https:\/\/news.ecclesia.org.br\/#organization"},"alternateName":"Ecclesia","potentialAction":[{"@type":"SearchAction","target":{"@type":"EntryPoint","urlTemplate":"https:\/\/news.ecclesia.org.br\/?s={search_term_string}"},"query-input":{"@type":"PropertyValueSpecification","valueRequired":true,"valueName":"search_term_string"}}],"inLanguage":"pt-BR"},{"@type":"Organization","@id":"https:\/\/news.ecclesia.org.br\/#organization","name":"Sacra Arquidiocese de Buenos Aires e Am\u00e9rica do Sul | Patriarcado Ecum\u00eanico","alternateName":"News Ecclesia Brasil","url":"https:\/\/news.ecclesia.org.br\/","logo":{"@type":"ImageObject","inLanguage":"pt-BR","@id":"https:\/\/news.ecclesia.org.br\/#\/schema\/logo\/image\/","url":"https:\/\/news.ecclesia.org.br\/wp-content\/uploads\/2025\/05\/ecclesia2.png","contentUrl":"https:\/\/news.ecclesia.org.br\/wp-content\/uploads\/2025\/05\/ecclesia2.png","width":480,"height":120,"caption":"Sacra Arquidiocese de Buenos Aires e Am\u00e9rica do Sul | Patriarcado Ecum\u00eanico"},"image":{"@id":"https:\/\/news.ecclesia.org.br\/#\/schema\/logo\/image\/"},"sameAs":["https:\/\/www.facebook.com\/Ecclesia2025","https:\/\/x.com\/EcclesiaNews","https:\/\/br.pinterest.com\/ekklisia\/","https:\/\/www.youtube.com\/@EcclesiaBrasil"]},{"@type":"Person","@id":"https:\/\/news.ecclesia.org.br\/#\/schema\/person\/6f09597f025829745ba414a569f63758","name":"Pe. Andr\u00e9","image":{"@type":"ImageObject","inLanguage":"pt-BR","@id":"https:\/\/secure.gravatar.com\/avatar\/b4327cfa27e9799da239a26adcd534fc29cdc0c4a4a148eecbcfeb9b42c617ac?s=96&d=mm&r=g","url":"https:\/\/secure.gravatar.com\/avatar\/b4327cfa27e9799da239a26adcd534fc29cdc0c4a4a148eecbcfeb9b42c617ac?s=96&d=mm&r=g","contentUrl":"https:\/\/secure.gravatar.com\/avatar\/b4327cfa27e9799da239a26adcd534fc29cdc0c4a4a148eecbcfeb9b42c617ac?s=96&d=mm&r=g","caption":"Pe. Andr\u00e9"},"sameAs":["https:\/\/www.ecclesia.org.br"]}]}},"_links":{"self":[{"href":"https:\/\/news.ecclesia.org.br\/index.php?rest_route=\/wp\/v2\/posts\/23687","targetHints":{"allow":["GET"]}}],"collection":[{"href":"https:\/\/news.ecclesia.org.br\/index.php?rest_route=\/wp\/v2\/posts"}],"about":[{"href":"https:\/\/news.ecclesia.org.br\/index.php?rest_route=\/wp\/v2\/types\/post"}],"author":[{"embeddable":true,"href":"https:\/\/news.ecclesia.org.br\/index.php?rest_route=\/wp\/v2\/users\/1"}],"replies":[{"embeddable":true,"href":"https:\/\/news.ecclesia.org.br\/index.php?rest_route=%2Fwp%2Fv2%2Fcomments&post=23687"}],"version-history":[{"count":1,"href":"https:\/\/news.ecclesia.org.br\/index.php?rest_route=\/wp\/v2\/posts\/23687\/revisions"}],"predecessor-version":[{"id":46045,"href":"https:\/\/news.ecclesia.org.br\/index.php?rest_route=\/wp\/v2\/posts\/23687\/revisions\/46045"}],"wp:featuredmedia":[{"embeddable":true,"href":"https:\/\/news.ecclesia.org.br\/index.php?rest_route=\/wp\/v2\/media\/23688"}],"wp:attachment":[{"href":"https:\/\/news.ecclesia.org.br\/index.php?rest_route=%2Fwp%2Fv2%2Fmedia&parent=23687"}],"wp:term":[{"taxonomy":"category","embeddable":true,"href":"https:\/\/news.ecclesia.org.br\/index.php?rest_route=%2Fwp%2Fv2%2Fcategories&post=23687"},{"taxonomy":"post_tag","embeddable":true,"href":"https:\/\/news.ecclesia.org.br\/index.php?rest_route=%2Fwp%2Fv2%2Ftags&post=23687"}],"curies":[{"name":"wp","href":"https:\/\/api.w.org\/{rel}","templated":true}]}}