{"id":23671,"date":"2017-07-28T19:26:35","date_gmt":"2017-07-28T19:26:35","guid":{"rendered":"https:\/\/news.ecclesia.org.br\/2013\/?p=23671"},"modified":"2017-07-29T21:45:11","modified_gmt":"2017-07-29T21:45:11","slug":"ha-50-anos-paulo-vi-encontrava-atenagoras-i-em-constantinopla","status":"publish","type":"post","link":"https:\/\/news.ecclesia.org.br\/?p=23671","title":{"rendered":"H\u00e1 50 anos, Paulo VI encontrava Aten\u00e1goras I em Constantinopla"},"content":{"rendered":"<figure id=\"attachment_18471\" aria-describedby=\"caption-attachment-18471\" style=\"width: 300px\" class=\"wp-caption alignleft\"><a href=\"https:\/\/news.ecclesia.org.br\/2013\/wp-content\/uploads\/2015\/12\/65-010-athenagoras-com-paulo-vi.jpg\"><img fetchpriority=\"high\" decoding=\"async\" class=\"size-medium wp-image-18471\" src=\"https:\/\/news.ecclesia.org.br\/2013\/wp-content\/uploads\/2015\/12\/65-010-athenagoras-com-paulo-vi-300x232.jpg\" alt=\"\" width=\"300\" height=\"232\" srcset=\"https:\/\/news.ecclesia.org.br\/wp-content\/uploads\/2015\/12\/65-010-athenagoras-com-paulo-vi.jpg 300w, https:\/\/news.ecclesia.org.br\/wp-content\/uploads\/2015\/12\/65-010-athenagoras-com-paulo-vi-71x55.jpg 71w\" sizes=\"(max-width: 300px) 100vw, 300px\" \/><\/a><figcaption id=\"caption-attachment-18471\" class=\"wp-caption-text\">Abra\u00e7o entre Paulo VI e o Patriarca Aten\u00e1goras I em Constantinopla &#8211; RV<\/figcaption><\/figure>\n<p style=\"text-align: justify;\">(<a href=\"http:\/\/br.radiovaticana.va\/news\/2017\/07\/28\/50_anos_do_abra%C3%A7o_fraterno_entre_paulo_vi_e_aten%C3%A1goras_i\/1327520\">RV<\/a>)\u00a0\u2013 H\u00e1 50 anos, o Papa Paulo VI encontrava e abra\u00e7ava o Patriarca Aten\u00e1goras I, no Fanar do Patriarcado Ecum\u00eanico de Constantinopla, em 25 de julho de 1967.<\/p>\n<p style=\"text-align: justify;\">Durante a sua Viagem Apost\u00f3lica a Istambul, \u00c9feso e Esmirna, de 25 a 26 de julho de 1967, Paulo VI escreveu uma Carta ao Patriarca Athenagoras I para a promo\u00e7\u00e3o e o restabelecimento da unidade da Igreja do Ocidente com a Igreja do Oriente.<\/p>\n<p style=\"text-align: justify;\">Dois anos antes da sua Viagem \u00e0 Turquia, em 7 de dezembro de 1965, o Papa Paulo VI e o Patriarca Aten\u00e1goras de Constantinopla assinaram uma \u201cDeclara\u00e7\u00e3o Conjunta\u201d lida, em franc\u00eas, na Sess\u00e3o p\u00fablica Conciliar e, ao mesmo tempo, no Fanar do Patriarcado Ecum\u00eanico de Constantinopla.<\/p>\n<p style=\"text-align: justify;\">O Papa Paulo VI e o Patriarca Aten\u00e1goras I, com seu S\u00ednodo estavam cientes de que este gesto de justi\u00e7a e perd\u00e3o rec\u00edproco n\u00e3o seria suficiente para p\u00f4r fim \u00e0s diferen\u00e7as antigas ou mais recentes entre a Igreja Cat\u00f3lica Romana e a Igreja Ortodoxa de Constantinopla.<\/p>\n<p style=\"text-align: justify;\">No entanto, com este gesto, expressavam sincero desejo comum de reconcilia\u00e7\u00e3o e um convite a prosseguir, com esp\u00edrito de confian\u00e7a, estima e caridade m\u00fatuas, o di\u00e1logo que, com a ajuda de Deus, servia para o maior bem das almas, na plena comunh\u00e3o de f\u00e9, conc\u00f3rdia fraterna e vida sacramental. (MT)<\/p>\n","protected":false},"excerpt":{"rendered":"<p>(RV)\u00a0\u2013 H\u00e1 50 anos, o Papa Paulo VI encontrava e abra\u00e7ava o Patriarca Aten\u00e1goras I, no Fanar do Patriarcado Ecum\u00eanico de Constantinopla, em 25 de julho de 1967. Durante a sua Viagem Apost\u00f3lica a Istambul, \u00c9feso e Esmirna, de 25&#8230;<\/p>\n","protected":false},"author":1,"featured_media":18471,"comment_status":"open","ping_status":"open","sticky":false,"template":"","format":"standard","meta":{"_acf_changed":false,"footnotes":""},"categories":[1],"tags":[],"class_list":["post-23671","post","type-post","status-publish","format-standard","has-post-thumbnail","hentry","category-news","entry","rows-excerpt"],"acf":[],"yoast_head":"<!-- This site is optimized with the Yoast SEO plugin v27.5 - https:\/\/yoast.com\/product\/yoast-seo-wordpress\/ -->\n<title>H\u00e1 50 anos, Paulo VI encontrava Aten\u00e1goras I em Constantinopla | ECCLESIA NEWS<\/title>\n<meta name=\"robots\" content=\"index, follow, max-snippet:-1, max-image-preview:large, max-video-preview:-1\" \/>\n<link rel=\"canonical\" href=\"https:\/\/news.ecclesia.org.br\/?p=23671\" \/>\n<meta property=\"og:locale\" content=\"pt_BR\" \/>\n<meta property=\"og:type\" content=\"article\" \/>\n<meta property=\"og:title\" content=\"H\u00e1 50 anos, Paulo VI encontrava Aten\u00e1goras I em Constantinopla | ECCLESIA NEWS\" \/>\n<meta property=\"og:description\" content=\"(RV)\u00a0\u2013 H\u00e1 50 anos, o Papa Paulo VI encontrava e abra\u00e7ava o Patriarca Aten\u00e1goras I, no Fanar do Patriarcado Ecum\u00eanico de Constantinopla, em 25 de julho de 1967. Durante a sua Viagem Apost\u00f3lica a Istambul, \u00c9feso e Esmirna, de 25&#8230;\" \/>\n<meta property=\"og:url\" content=\"https:\/\/news.ecclesia.org.br\/?p=23671\" \/>\n<meta property=\"og:site_name\" content=\"ECCLESIA NEWS\" \/>\n<meta property=\"article:publisher\" content=\"https:\/\/www.facebook.com\/Ecclesia2025\" \/>\n<meta property=\"article:published_time\" content=\"2017-07-28T19:26:35+00:00\" \/>\n<meta property=\"article:modified_time\" content=\"2017-07-29T21:45:11+00:00\" \/>\n<meta property=\"og:image\" content=\"https:\/\/news.ecclesia.org.br\/wp-content\/uploads\/2015\/12\/65-010-athenagoras-com-paulo-vi.jpg\" \/>\n\t<meta property=\"og:image:width\" content=\"300\" \/>\n\t<meta property=\"og:image:height\" content=\"232\" \/>\n\t<meta property=\"og:image:type\" content=\"image\/jpeg\" \/>\n<meta name=\"author\" content=\"Pe. Andr\u00e9\" \/>\n<meta name=\"twitter:card\" content=\"summary_large_image\" \/>\n<meta name=\"twitter:creator\" content=\"@EcclesiaNews\" \/>\n<meta name=\"twitter:site\" content=\"@EcclesiaNews\" \/>\n<meta name=\"twitter:label1\" content=\"Escrito por\" \/>\n\t<meta name=\"twitter:data1\" content=\"Pe. Andr\u00e9\" \/>\n\t<meta name=\"twitter:label2\" content=\"Est. tempo de leitura\" \/>\n\t<meta name=\"twitter:data2\" content=\"1 minuto\" \/>\n<script type=\"application\/ld+json\" class=\"yoast-schema-graph\">{\"@context\":\"https:\\\/\\\/schema.org\",\"@graph\":[{\"@type\":\"Article\",\"@id\":\"https:\\\/\\\/news.ecclesia.org.br\\\/?p=23671#article\",\"isPartOf\":{\"@id\":\"https:\\\/\\\/news.ecclesia.org.br\\\/?p=23671\"},\"author\":{\"name\":\"Pe. Andr\u00e9\",\"@id\":\"https:\\\/\\\/news.ecclesia.org.br\\\/#\\\/schema\\\/person\\\/6f09597f025829745ba414a569f63758\"},\"headline\":\"H\u00e1 50 anos, Paulo VI encontrava Aten\u00e1goras I em Constantinopla\",\"datePublished\":\"2017-07-28T19:26:35+00:00\",\"dateModified\":\"2017-07-29T21:45:11+00:00\",\"mainEntityOfPage\":{\"@id\":\"https:\\\/\\\/news.ecclesia.org.br\\\/?p=23671\"},\"wordCount\":264,\"commentCount\":0,\"publisher\":{\"@id\":\"https:\\\/\\\/news.ecclesia.org.br\\\/#organization\"},\"image\":{\"@id\":\"https:\\\/\\\/news.ecclesia.org.br\\\/?p=23671#primaryimage\"},\"thumbnailUrl\":\"https:\\\/\\\/news.ecclesia.org.br\\\/wp-content\\\/uploads\\\/2015\\\/12\\\/65-010-athenagoras-com-paulo-vi.jpg\",\"articleSection\":[\"NEWS\"],\"inLanguage\":\"pt-BR\",\"potentialAction\":[{\"@type\":\"CommentAction\",\"name\":\"Comment\",\"target\":[\"https:\\\/\\\/news.ecclesia.org.br\\\/?p=23671#respond\"]}]},{\"@type\":\"WebPage\",\"@id\":\"https:\\\/\\\/news.ecclesia.org.br\\\/?p=23671\",\"url\":\"https:\\\/\\\/news.ecclesia.org.br\\\/?p=23671\",\"name\":\"H\u00e1 50 anos, Paulo VI encontrava Aten\u00e1goras I em Constantinopla | ECCLESIA NEWS\",\"isPartOf\":{\"@id\":\"https:\\\/\\\/news.ecclesia.org.br\\\/#website\"},\"primaryImageOfPage\":{\"@id\":\"https:\\\/\\\/news.ecclesia.org.br\\\/?p=23671#primaryimage\"},\"image\":{\"@id\":\"https:\\\/\\\/news.ecclesia.org.br\\\/?p=23671#primaryimage\"},\"thumbnailUrl\":\"https:\\\/\\\/news.ecclesia.org.br\\\/wp-content\\\/uploads\\\/2015\\\/12\\\/65-010-athenagoras-com-paulo-vi.jpg\",\"datePublished\":\"2017-07-28T19:26:35+00:00\",\"dateModified\":\"2017-07-29T21:45:11+00:00\",\"breadcrumb\":{\"@id\":\"https:\\\/\\\/news.ecclesia.org.br\\\/?p=23671#breadcrumb\"},\"inLanguage\":\"pt-BR\",\"potentialAction\":[{\"@type\":\"ReadAction\",\"target\":[\"https:\\\/\\\/news.ecclesia.org.br\\\/?p=23671\"]}]},{\"@type\":\"ImageObject\",\"inLanguage\":\"pt-BR\",\"@id\":\"https:\\\/\\\/news.ecclesia.org.br\\\/?p=23671#primaryimage\",\"url\":\"https:\\\/\\\/news.ecclesia.org.br\\\/wp-content\\\/uploads\\\/2015\\\/12\\\/65-010-athenagoras-com-paulo-vi.jpg\",\"contentUrl\":\"https:\\\/\\\/news.ecclesia.org.br\\\/wp-content\\\/uploads\\\/2015\\\/12\\\/65-010-athenagoras-com-paulo-vi.jpg\",\"width\":300,\"height\":232,\"caption\":\"Abra\u00e7o entre Paulo VI e o Patriarca Aten\u00e1goras I em Constantinopla - RV\"},{\"@type\":\"BreadcrumbList\",\"@id\":\"https:\\\/\\\/news.ecclesia.org.br\\\/?p=23671#breadcrumb\",\"itemListElement\":[{\"@type\":\"ListItem\",\"position\":1,\"name\":\"In\u00edcio\",\"item\":\"https:\\\/\\\/news.ecclesia.org.br\\\/\"},{\"@type\":\"ListItem\",\"position\":2,\"name\":\"H\u00e1 50 anos, Paulo VI encontrava Aten\u00e1goras I em Constantinopla\"}]},{\"@type\":\"WebSite\",\"@id\":\"https:\\\/\\\/news.ecclesia.org.br\\\/#website\",\"url\":\"https:\\\/\\\/news.ecclesia.org.br\\\/\",\"name\":\"Ecclesia Brasil\",\"description\":\"Desde 2003 onectando o Brasil ao mundo ortodoxo!\",\"publisher\":{\"@id\":\"https:\\\/\\\/news.ecclesia.org.br\\\/#organization\"},\"alternateName\":\"Ecclesia\",\"potentialAction\":[{\"@type\":\"SearchAction\",\"target\":{\"@type\":\"EntryPoint\",\"urlTemplate\":\"https:\\\/\\\/news.ecclesia.org.br\\\/?s={search_term_string}\"},\"query-input\":{\"@type\":\"PropertyValueSpecification\",\"valueRequired\":true,\"valueName\":\"search_term_string\"}}],\"inLanguage\":\"pt-BR\"},{\"@type\":\"Organization\",\"@id\":\"https:\\\/\\\/news.ecclesia.org.br\\\/#organization\",\"name\":\"Sacra Arquidiocese de Buenos Aires e Am\u00e9rica do Sul | Patriarcado Ecum\u00eanico\",\"alternateName\":\"News Ecclesia Brasil\",\"url\":\"https:\\\/\\\/news.ecclesia.org.br\\\/\",\"logo\":{\"@type\":\"ImageObject\",\"inLanguage\":\"pt-BR\",\"@id\":\"https:\\\/\\\/news.ecclesia.org.br\\\/#\\\/schema\\\/logo\\\/image\\\/\",\"url\":\"https:\\\/\\\/news.ecclesia.org.br\\\/wp-content\\\/uploads\\\/2025\\\/05\\\/ecclesia2.png\",\"contentUrl\":\"https:\\\/\\\/news.ecclesia.org.br\\\/wp-content\\\/uploads\\\/2025\\\/05\\\/ecclesia2.png\",\"width\":480,\"height\":120,\"caption\":\"Sacra Arquidiocese de Buenos Aires e Am\u00e9rica do Sul | Patriarcado Ecum\u00eanico\"},\"image\":{\"@id\":\"https:\\\/\\\/news.ecclesia.org.br\\\/#\\\/schema\\\/logo\\\/image\\\/\"},\"sameAs\":[\"https:\\\/\\\/www.facebook.com\\\/Ecclesia2025\",\"https:\\\/\\\/x.com\\\/EcclesiaNews\",\"https:\\\/\\\/br.pinterest.com\\\/ekklisia\\\/\",\"https:\\\/\\\/www.youtube.com\\\/@EcclesiaBrasil\"]},{\"@type\":\"Person\",\"@id\":\"https:\\\/\\\/news.ecclesia.org.br\\\/#\\\/schema\\\/person\\\/6f09597f025829745ba414a569f63758\",\"name\":\"Pe. Andr\u00e9\",\"image\":{\"@type\":\"ImageObject\",\"inLanguage\":\"pt-BR\",\"@id\":\"https:\\\/\\\/secure.gravatar.com\\\/avatar\\\/b4327cfa27e9799da239a26adcd534fc29cdc0c4a4a148eecbcfeb9b42c617ac?s=96&d=mm&r=g\",\"url\":\"https:\\\/\\\/secure.gravatar.com\\\/avatar\\\/b4327cfa27e9799da239a26adcd534fc29cdc0c4a4a148eecbcfeb9b42c617ac?s=96&d=mm&r=g\",\"contentUrl\":\"https:\\\/\\\/secure.gravatar.com\\\/avatar\\\/b4327cfa27e9799da239a26adcd534fc29cdc0c4a4a148eecbcfeb9b42c617ac?s=96&d=mm&r=g\",\"caption\":\"Pe. Andr\u00e9\"},\"sameAs\":[\"https:\\\/\\\/www.ecclesia.org.br\"]}]}<\/script>\n<!-- \/ Yoast SEO plugin. -->","yoast_head_json":{"title":"H\u00e1 50 anos, Paulo VI encontrava Aten\u00e1goras I em Constantinopla | ECCLESIA NEWS","robots":{"index":"index","follow":"follow","max-snippet":"max-snippet:-1","max-image-preview":"max-image-preview:large","max-video-preview":"max-video-preview:-1"},"canonical":"https:\/\/news.ecclesia.org.br\/?p=23671","og_locale":"pt_BR","og_type":"article","og_title":"H\u00e1 50 anos, Paulo VI encontrava Aten\u00e1goras I em Constantinopla | ECCLESIA NEWS","og_description":"(RV)\u00a0\u2013 H\u00e1 50 anos, o Papa Paulo VI encontrava e abra\u00e7ava o Patriarca Aten\u00e1goras I, no Fanar do Patriarcado Ecum\u00eanico de Constantinopla, em 25 de julho de 1967. Durante a sua Viagem Apost\u00f3lica a Istambul, \u00c9feso e Esmirna, de 25&#8230;","og_url":"https:\/\/news.ecclesia.org.br\/?p=23671","og_site_name":"ECCLESIA NEWS","article_publisher":"https:\/\/www.facebook.com\/Ecclesia2025","article_published_time":"2017-07-28T19:26:35+00:00","article_modified_time":"2017-07-29T21:45:11+00:00","og_image":[{"width":300,"height":232,"url":"https:\/\/news.ecclesia.org.br\/wp-content\/uploads\/2015\/12\/65-010-athenagoras-com-paulo-vi.jpg","type":"image\/jpeg"}],"author":"Pe. Andr\u00e9","twitter_card":"summary_large_image","twitter_creator":"@EcclesiaNews","twitter_site":"@EcclesiaNews","twitter_misc":{"Escrito por":"Pe. Andr\u00e9","Est. tempo de leitura":"1 minuto"},"schema":{"@context":"https:\/\/schema.org","@graph":[{"@type":"Article","@id":"https:\/\/news.ecclesia.org.br\/?p=23671#article","isPartOf":{"@id":"https:\/\/news.ecclesia.org.br\/?p=23671"},"author":{"name":"Pe. Andr\u00e9","@id":"https:\/\/news.ecclesia.org.br\/#\/schema\/person\/6f09597f025829745ba414a569f63758"},"headline":"H\u00e1 50 anos, Paulo VI encontrava Aten\u00e1goras I em Constantinopla","datePublished":"2017-07-28T19:26:35+00:00","dateModified":"2017-07-29T21:45:11+00:00","mainEntityOfPage":{"@id":"https:\/\/news.ecclesia.org.br\/?p=23671"},"wordCount":264,"commentCount":0,"publisher":{"@id":"https:\/\/news.ecclesia.org.br\/#organization"},"image":{"@id":"https:\/\/news.ecclesia.org.br\/?p=23671#primaryimage"},"thumbnailUrl":"https:\/\/news.ecclesia.org.br\/wp-content\/uploads\/2015\/12\/65-010-athenagoras-com-paulo-vi.jpg","articleSection":["NEWS"],"inLanguage":"pt-BR","potentialAction":[{"@type":"CommentAction","name":"Comment","target":["https:\/\/news.ecclesia.org.br\/?p=23671#respond"]}]},{"@type":"WebPage","@id":"https:\/\/news.ecclesia.org.br\/?p=23671","url":"https:\/\/news.ecclesia.org.br\/?p=23671","name":"H\u00e1 50 anos, Paulo VI encontrava Aten\u00e1goras I em Constantinopla | ECCLESIA NEWS","isPartOf":{"@id":"https:\/\/news.ecclesia.org.br\/#website"},"primaryImageOfPage":{"@id":"https:\/\/news.ecclesia.org.br\/?p=23671#primaryimage"},"image":{"@id":"https:\/\/news.ecclesia.org.br\/?p=23671#primaryimage"},"thumbnailUrl":"https:\/\/news.ecclesia.org.br\/wp-content\/uploads\/2015\/12\/65-010-athenagoras-com-paulo-vi.jpg","datePublished":"2017-07-28T19:26:35+00:00","dateModified":"2017-07-29T21:45:11+00:00","breadcrumb":{"@id":"https:\/\/news.ecclesia.org.br\/?p=23671#breadcrumb"},"inLanguage":"pt-BR","potentialAction":[{"@type":"ReadAction","target":["https:\/\/news.ecclesia.org.br\/?p=23671"]}]},{"@type":"ImageObject","inLanguage":"pt-BR","@id":"https:\/\/news.ecclesia.org.br\/?p=23671#primaryimage","url":"https:\/\/news.ecclesia.org.br\/wp-content\/uploads\/2015\/12\/65-010-athenagoras-com-paulo-vi.jpg","contentUrl":"https:\/\/news.ecclesia.org.br\/wp-content\/uploads\/2015\/12\/65-010-athenagoras-com-paulo-vi.jpg","width":300,"height":232,"caption":"Abra\u00e7o entre Paulo VI e o Patriarca Aten\u00e1goras I em Constantinopla - RV"},{"@type":"BreadcrumbList","@id":"https:\/\/news.ecclesia.org.br\/?p=23671#breadcrumb","itemListElement":[{"@type":"ListItem","position":1,"name":"In\u00edcio","item":"https:\/\/news.ecclesia.org.br\/"},{"@type":"ListItem","position":2,"name":"H\u00e1 50 anos, Paulo VI encontrava Aten\u00e1goras I em Constantinopla"}]},{"@type":"WebSite","@id":"https:\/\/news.ecclesia.org.br\/#website","url":"https:\/\/news.ecclesia.org.br\/","name":"Ecclesia Brasil","description":"Desde 2003 onectando o Brasil ao mundo ortodoxo!","publisher":{"@id":"https:\/\/news.ecclesia.org.br\/#organization"},"alternateName":"Ecclesia","potentialAction":[{"@type":"SearchAction","target":{"@type":"EntryPoint","urlTemplate":"https:\/\/news.ecclesia.org.br\/?s={search_term_string}"},"query-input":{"@type":"PropertyValueSpecification","valueRequired":true,"valueName":"search_term_string"}}],"inLanguage":"pt-BR"},{"@type":"Organization","@id":"https:\/\/news.ecclesia.org.br\/#organization","name":"Sacra Arquidiocese de Buenos Aires e Am\u00e9rica do Sul | Patriarcado Ecum\u00eanico","alternateName":"News Ecclesia Brasil","url":"https:\/\/news.ecclesia.org.br\/","logo":{"@type":"ImageObject","inLanguage":"pt-BR","@id":"https:\/\/news.ecclesia.org.br\/#\/schema\/logo\/image\/","url":"https:\/\/news.ecclesia.org.br\/wp-content\/uploads\/2025\/05\/ecclesia2.png","contentUrl":"https:\/\/news.ecclesia.org.br\/wp-content\/uploads\/2025\/05\/ecclesia2.png","width":480,"height":120,"caption":"Sacra Arquidiocese de Buenos Aires e Am\u00e9rica do Sul | Patriarcado Ecum\u00eanico"},"image":{"@id":"https:\/\/news.ecclesia.org.br\/#\/schema\/logo\/image\/"},"sameAs":["https:\/\/www.facebook.com\/Ecclesia2025","https:\/\/x.com\/EcclesiaNews","https:\/\/br.pinterest.com\/ekklisia\/","https:\/\/www.youtube.com\/@EcclesiaBrasil"]},{"@type":"Person","@id":"https:\/\/news.ecclesia.org.br\/#\/schema\/person\/6f09597f025829745ba414a569f63758","name":"Pe. Andr\u00e9","image":{"@type":"ImageObject","inLanguage":"pt-BR","@id":"https:\/\/secure.gravatar.com\/avatar\/b4327cfa27e9799da239a26adcd534fc29cdc0c4a4a148eecbcfeb9b42c617ac?s=96&d=mm&r=g","url":"https:\/\/secure.gravatar.com\/avatar\/b4327cfa27e9799da239a26adcd534fc29cdc0c4a4a148eecbcfeb9b42c617ac?s=96&d=mm&r=g","contentUrl":"https:\/\/secure.gravatar.com\/avatar\/b4327cfa27e9799da239a26adcd534fc29cdc0c4a4a148eecbcfeb9b42c617ac?s=96&d=mm&r=g","caption":"Pe. Andr\u00e9"},"sameAs":["https:\/\/www.ecclesia.org.br"]}]}},"_links":{"self":[{"href":"https:\/\/news.ecclesia.org.br\/index.php?rest_route=\/wp\/v2\/posts\/23671","targetHints":{"allow":["GET"]}}],"collection":[{"href":"https:\/\/news.ecclesia.org.br\/index.php?rest_route=\/wp\/v2\/posts"}],"about":[{"href":"https:\/\/news.ecclesia.org.br\/index.php?rest_route=\/wp\/v2\/types\/post"}],"author":[{"embeddable":true,"href":"https:\/\/news.ecclesia.org.br\/index.php?rest_route=\/wp\/v2\/users\/1"}],"replies":[{"embeddable":true,"href":"https:\/\/news.ecclesia.org.br\/index.php?rest_route=%2Fwp%2Fv2%2Fcomments&post=23671"}],"version-history":[{"count":0,"href":"https:\/\/news.ecclesia.org.br\/index.php?rest_route=\/wp\/v2\/posts\/23671\/revisions"}],"wp:featuredmedia":[{"embeddable":true,"href":"https:\/\/news.ecclesia.org.br\/index.php?rest_route=\/wp\/v2\/media\/18471"}],"wp:attachment":[{"href":"https:\/\/news.ecclesia.org.br\/index.php?rest_route=%2Fwp%2Fv2%2Fmedia&parent=23671"}],"wp:term":[{"taxonomy":"category","embeddable":true,"href":"https:\/\/news.ecclesia.org.br\/index.php?rest_route=%2Fwp%2Fv2%2Fcategories&post=23671"},{"taxonomy":"post_tag","embeddable":true,"href":"https:\/\/news.ecclesia.org.br\/index.php?rest_route=%2Fwp%2Fv2%2Ftags&post=23671"}],"curies":[{"name":"wp","href":"https:\/\/api.w.org\/{rel}","templated":true}]}}