{"id":23657,"date":"2017-07-22T18:08:29","date_gmt":"2017-07-22T18:08:29","guid":{"rendered":"https:\/\/news.ecclesia.org.br\/2013\/?p=23657"},"modified":"2017-07-22T18:08:29","modified_gmt":"2017-07-22T18:08:29","slug":"apos-ser-venerada-na-russia-reliquia-de-sao-nicolau-retorna-a-bari-em-28-de-julho","status":"publish","type":"post","link":"https:\/\/news.ecclesia.org.br\/?p=23657","title":{"rendered":"Ap\u00f3s ser venerada na R\u00fassia, rel\u00edquia de S\u00e3o Nicolau retorna a Bari em 28 de julho"},"content":{"rendered":"<figure id=\"attachment_23658\" aria-describedby=\"caption-attachment-23658\" style=\"width: 300px\" class=\"wp-caption alignleft\"><a href=\"https:\/\/news.ecclesia.org.br\/2013\/wp-content\/uploads\/2017\/07\/EPA2463578_Articolo.jpg\"><img fetchpriority=\"high\" decoding=\"async\" class=\"size-medium wp-image-23658\" src=\"https:\/\/news.ecclesia.org.br\/2013\/wp-content\/uploads\/2017\/07\/EPA2463578_Articolo-300x212.jpg\" alt=\"\" width=\"300\" height=\"212\" srcset=\"https:\/\/news.ecclesia.org.br\/wp-content\/uploads\/2017\/07\/EPA2463578_Articolo-300x212.jpg 300w, https:\/\/news.ecclesia.org.br\/wp-content\/uploads\/2017\/07\/EPA2463578_Articolo-600x425.jpg 600w, https:\/\/news.ecclesia.org.br\/wp-content\/uploads\/2017\/07\/EPA2463578_Articolo-78x55.jpg 78w, https:\/\/news.ecclesia.org.br\/wp-content\/uploads\/2017\/07\/EPA2463578_Articolo.jpg 640w\" sizes=\"(max-width: 300px) 100vw, 300px\" \/><\/a><figcaption id=\"caption-attachment-23658\" class=\"wp-caption-text\">Milhares de fi\u00e9is ortodoxos veneraram em Moscou a rel\u00edquia de S\u00e3o Nicolau &#8211; EPA<\/figcaption><\/figure>\n<p style=\"text-align: justify;\">Bari (RV) \u2013 Retornar\u00e1 a Bari na sexta-feira, 28 de julho, o fragmento de 13 cm da costela esquerda de S\u00e3o Nicolau, que em 22 de maio passado &#8211; pela primeira vez em 930 anos (ap\u00f3s o traslado da Turquia em 1087) \u2013 deixou a capital da Puglia da qual o Bispo de Myra \u00e9 Padroeiro.<\/p>\n<p style=\"text-align: justify;\">Exposta inicialmente em Moscou &#8211; onde foi venerada por dezenas de milhares de fi\u00e9is ortodoxos &#8211; e atualmente em S\u00e3o Petersburgo \u2013 a rel\u00edquia de S\u00e3o Nicolau retornar\u00e1 \u00e0 Bas\u00edlica Pontif\u00edcia em Bari ap\u00f3s dois meses e sete dias.<\/p>\n<p style=\"text-align: justify;\">A rel\u00edquia ser\u00e1 entregue na manh\u00e3 de sexta-feira, 28, pelas autoridades religiosas ortodoxas de Moscou. A chegada a Bari est\u00e1 prevista para a parte da tarde.<\/p>\n<p style=\"text-align: justify;\">A transfer\u00eancia ser\u00e1 a bordo de um voo direto privado, no qual ser\u00e1 embarcado o relic\u00e1rio realizado pela Federa\u00e7\u00e3o russa, decorado com preciosos relevos laterais que narram a vida e os milagres do Santo. As partes superior e anterior foram realizadas em vidro, para permitir que se possa ver o fragmento da costela do Santo.<\/p>\n<blockquote>\n<p style=\"text-align: justify;\">\u201cConcluiu-se assim \u2013 l\u00ea-se uma nota da Arquidiocese de Bari-Bitonto e da Bas\u00edlica pontif\u00edcia de S\u00e3o Nicolau \u2013 um ulterior e importante evento religioso e ecum\u00eanico na terra de Bari, que envolveu os fi\u00e9is ortodoxos e cat\u00f3licos, unidos na comum devo\u00e7\u00e3o e intercess\u00e3o pelo Santo Taumaturgo Nicolau; evento fruto de um acordo sem precedentes, alcan\u00e7ado ap\u00f3s o hist\u00f3rico encontro entre o Patriarca Kirillo de Moscou e de todas as R\u00fassias e o Papa Francisco de Roma, realizado em 12 de fevereiro de 2016\u201d.<\/p>\n<\/blockquote>\n<p style=\"text-align: justify;\">O programa detalhado sobre as modalidades \u201cde acolhida da rel\u00edquia por parte das autoridades civis e religiosas barenses ser\u00e1 informado em uma coletiva de imprensa programada para a ter\u00e7a-feira 25 de julho, \u00e0s 11 horas, no Sal\u00e3o da Bas\u00edlica de S\u00e3o Nicolau, em Bari.<\/p>\n<p style=\"text-align: justify;\">Entre os participantes, estar\u00e1 o Arcebispo da Arquidiocese de Bari e Delegado Pontif\u00edcio para a Bas\u00edlica dedicada ao Bispo de Myra, Dom Francesco Cacucci; o Prior da Bas\u00edlica de S\u00e3o Nicolau, Padre Ciro Capotosto e o Coordenador do Comit\u00ea S\u00e3o Nicolau, Matteo Siciliano. (JE)<\/p>\n<hr \/>\n<p style=\"text-align: right;\">Fonte: <a href=\"http:\/\/br.radiovaticana.va\/news\/2017\/07\/21\/rel%C3%ADquias_de_s%C3%A3o_nicolau_retornam_a_bari_em_28_de_julho\/1326273\" target=\"_blank\" rel=\"noopener\">RV<\/a><\/p>\n","protected":false},"excerpt":{"rendered":"<p>Bari (RV) \u2013 Retornar\u00e1 a Bari na sexta-feira, 28 de julho, o fragmento de 13 cm da costela esquerda de S\u00e3o Nicolau, que em 22 de maio passado &#8211; pela primeira vez em 930 anos (ap\u00f3s o traslado da Turquia&#8230;<\/p>\n","protected":false},"author":1,"featured_media":23658,"comment_status":"open","ping_status":"open","sticky":false,"template":"","format":"standard","meta":{"_acf_changed":false,"footnotes":""},"categories":[1],"tags":[],"class_list":["post-23657","post","type-post","status-publish","format-standard","has-post-thumbnail","hentry","category-news","entry","rows-excerpt"],"acf":[],"yoast_head":"<!-- This site is optimized with the Yoast SEO plugin v27.5 - https:\/\/yoast.com\/product\/yoast-seo-wordpress\/ -->\n<title>Ap\u00f3s ser venerada na R\u00fassia, rel\u00edquia de S\u00e3o Nicolau retorna a Bari em 28 de julho | ECCLESIA NEWS<\/title>\n<meta name=\"robots\" content=\"index, follow, max-snippet:-1, max-image-preview:large, max-video-preview:-1\" \/>\n<link rel=\"canonical\" href=\"https:\/\/news.ecclesia.org.br\/?p=23657\" \/>\n<meta property=\"og:locale\" content=\"pt_BR\" \/>\n<meta property=\"og:type\" content=\"article\" \/>\n<meta property=\"og:title\" content=\"Ap\u00f3s ser venerada na R\u00fassia, rel\u00edquia de S\u00e3o Nicolau retorna a Bari em 28 de julho | ECCLESIA NEWS\" \/>\n<meta property=\"og:description\" content=\"Bari (RV) \u2013 Retornar\u00e1 a Bari na sexta-feira, 28 de julho, o fragmento de 13 cm da costela esquerda de S\u00e3o Nicolau, que em 22 de maio passado &#8211; pela primeira vez em 930 anos (ap\u00f3s o traslado da Turquia&#8230;\" \/>\n<meta property=\"og:url\" content=\"https:\/\/news.ecclesia.org.br\/?p=23657\" \/>\n<meta property=\"og:site_name\" content=\"ECCLESIA NEWS\" \/>\n<meta property=\"article:publisher\" content=\"https:\/\/www.facebook.com\/Ecclesia2025\" \/>\n<meta property=\"article:published_time\" content=\"2017-07-22T18:08:29+00:00\" \/>\n<meta property=\"og:image\" content=\"https:\/\/news.ecclesia.org.br\/wp-content\/uploads\/2017\/07\/EPA2463578_Articolo.jpg\" \/>\n\t<meta property=\"og:image:width\" content=\"640\" \/>\n\t<meta property=\"og:image:height\" content=\"453\" \/>\n\t<meta property=\"og:image:type\" content=\"image\/jpeg\" \/>\n<meta name=\"author\" content=\"Pe. Andr\u00e9\" \/>\n<meta name=\"twitter:card\" content=\"summary_large_image\" \/>\n<meta name=\"twitter:creator\" content=\"@EcclesiaNews\" \/>\n<meta name=\"twitter:site\" content=\"@EcclesiaNews\" \/>\n<meta name=\"twitter:label1\" content=\"Escrito por\" \/>\n\t<meta name=\"twitter:data1\" content=\"Pe. Andr\u00e9\" \/>\n\t<meta name=\"twitter:label2\" content=\"Est. tempo de leitura\" \/>\n\t<meta name=\"twitter:data2\" content=\"2 minutos\" \/>\n<script type=\"application\/ld+json\" class=\"yoast-schema-graph\">{\"@context\":\"https:\\\/\\\/schema.org\",\"@graph\":[{\"@type\":\"Article\",\"@id\":\"https:\\\/\\\/news.ecclesia.org.br\\\/?p=23657#article\",\"isPartOf\":{\"@id\":\"https:\\\/\\\/news.ecclesia.org.br\\\/?p=23657\"},\"author\":{\"name\":\"Pe. Andr\u00e9\",\"@id\":\"https:\\\/\\\/news.ecclesia.org.br\\\/#\\\/schema\\\/person\\\/6f09597f025829745ba414a569f63758\"},\"headline\":\"Ap\u00f3s ser venerada na R\u00fassia, rel\u00edquia de S\u00e3o Nicolau retorna a Bari em 28 de julho\",\"datePublished\":\"2017-07-22T18:08:29+00:00\",\"mainEntityOfPage\":{\"@id\":\"https:\\\/\\\/news.ecclesia.org.br\\\/?p=23657\"},\"wordCount\":411,\"commentCount\":0,\"publisher\":{\"@id\":\"https:\\\/\\\/news.ecclesia.org.br\\\/#organization\"},\"image\":{\"@id\":\"https:\\\/\\\/news.ecclesia.org.br\\\/?p=23657#primaryimage\"},\"thumbnailUrl\":\"https:\\\/\\\/news.ecclesia.org.br\\\/wp-content\\\/uploads\\\/2017\\\/07\\\/EPA2463578_Articolo.jpg\",\"articleSection\":[\"NEWS\"],\"inLanguage\":\"pt-BR\",\"potentialAction\":[{\"@type\":\"CommentAction\",\"name\":\"Comment\",\"target\":[\"https:\\\/\\\/news.ecclesia.org.br\\\/?p=23657#respond\"]}]},{\"@type\":\"WebPage\",\"@id\":\"https:\\\/\\\/news.ecclesia.org.br\\\/?p=23657\",\"url\":\"https:\\\/\\\/news.ecclesia.org.br\\\/?p=23657\",\"name\":\"Ap\u00f3s ser venerada na R\u00fassia, rel\u00edquia de S\u00e3o Nicolau retorna a Bari em 28 de julho | ECCLESIA NEWS\",\"isPartOf\":{\"@id\":\"https:\\\/\\\/news.ecclesia.org.br\\\/#website\"},\"primaryImageOfPage\":{\"@id\":\"https:\\\/\\\/news.ecclesia.org.br\\\/?p=23657#primaryimage\"},\"image\":{\"@id\":\"https:\\\/\\\/news.ecclesia.org.br\\\/?p=23657#primaryimage\"},\"thumbnailUrl\":\"https:\\\/\\\/news.ecclesia.org.br\\\/wp-content\\\/uploads\\\/2017\\\/07\\\/EPA2463578_Articolo.jpg\",\"datePublished\":\"2017-07-22T18:08:29+00:00\",\"breadcrumb\":{\"@id\":\"https:\\\/\\\/news.ecclesia.org.br\\\/?p=23657#breadcrumb\"},\"inLanguage\":\"pt-BR\",\"potentialAction\":[{\"@type\":\"ReadAction\",\"target\":[\"https:\\\/\\\/news.ecclesia.org.br\\\/?p=23657\"]}]},{\"@type\":\"ImageObject\",\"inLanguage\":\"pt-BR\",\"@id\":\"https:\\\/\\\/news.ecclesia.org.br\\\/?p=23657#primaryimage\",\"url\":\"https:\\\/\\\/news.ecclesia.org.br\\\/wp-content\\\/uploads\\\/2017\\\/07\\\/EPA2463578_Articolo.jpg\",\"contentUrl\":\"https:\\\/\\\/news.ecclesia.org.br\\\/wp-content\\\/uploads\\\/2017\\\/07\\\/EPA2463578_Articolo.jpg\",\"width\":640,\"height\":453,\"caption\":\"Milhares de fi\u00e9is ortodoxos veneraram em Moscou a rel\u00edquia de S\u00e3o Nicolau - EPA\"},{\"@type\":\"BreadcrumbList\",\"@id\":\"https:\\\/\\\/news.ecclesia.org.br\\\/?p=23657#breadcrumb\",\"itemListElement\":[{\"@type\":\"ListItem\",\"position\":1,\"name\":\"In\u00edcio\",\"item\":\"https:\\\/\\\/news.ecclesia.org.br\\\/\"},{\"@type\":\"ListItem\",\"position\":2,\"name\":\"Ap\u00f3s ser venerada na R\u00fassia, rel\u00edquia de S\u00e3o Nicolau retorna a Bari em 28 de julho\"}]},{\"@type\":\"WebSite\",\"@id\":\"https:\\\/\\\/news.ecclesia.org.br\\\/#website\",\"url\":\"https:\\\/\\\/news.ecclesia.org.br\\\/\",\"name\":\"Ecclesia Brasil\",\"description\":\"Desde 2003 onectando o Brasil ao mundo ortodoxo!\",\"publisher\":{\"@id\":\"https:\\\/\\\/news.ecclesia.org.br\\\/#organization\"},\"alternateName\":\"Ecclesia\",\"potentialAction\":[{\"@type\":\"SearchAction\",\"target\":{\"@type\":\"EntryPoint\",\"urlTemplate\":\"https:\\\/\\\/news.ecclesia.org.br\\\/?s={search_term_string}\"},\"query-input\":{\"@type\":\"PropertyValueSpecification\",\"valueRequired\":true,\"valueName\":\"search_term_string\"}}],\"inLanguage\":\"pt-BR\"},{\"@type\":\"Organization\",\"@id\":\"https:\\\/\\\/news.ecclesia.org.br\\\/#organization\",\"name\":\"Sacra Arquidiocese de Buenos Aires e Am\u00e9rica do Sul | Patriarcado Ecum\u00eanico\",\"alternateName\":\"News Ecclesia Brasil\",\"url\":\"https:\\\/\\\/news.ecclesia.org.br\\\/\",\"logo\":{\"@type\":\"ImageObject\",\"inLanguage\":\"pt-BR\",\"@id\":\"https:\\\/\\\/news.ecclesia.org.br\\\/#\\\/schema\\\/logo\\\/image\\\/\",\"url\":\"https:\\\/\\\/news.ecclesia.org.br\\\/wp-content\\\/uploads\\\/2025\\\/05\\\/ecclesia2.png\",\"contentUrl\":\"https:\\\/\\\/news.ecclesia.org.br\\\/wp-content\\\/uploads\\\/2025\\\/05\\\/ecclesia2.png\",\"width\":480,\"height\":120,\"caption\":\"Sacra Arquidiocese de Buenos Aires e Am\u00e9rica do Sul | Patriarcado Ecum\u00eanico\"},\"image\":{\"@id\":\"https:\\\/\\\/news.ecclesia.org.br\\\/#\\\/schema\\\/logo\\\/image\\\/\"},\"sameAs\":[\"https:\\\/\\\/www.facebook.com\\\/Ecclesia2025\",\"https:\\\/\\\/x.com\\\/EcclesiaNews\",\"https:\\\/\\\/br.pinterest.com\\\/ekklisia\\\/\",\"https:\\\/\\\/www.youtube.com\\\/@EcclesiaBrasil\"]},{\"@type\":\"Person\",\"@id\":\"https:\\\/\\\/news.ecclesia.org.br\\\/#\\\/schema\\\/person\\\/6f09597f025829745ba414a569f63758\",\"name\":\"Pe. Andr\u00e9\",\"image\":{\"@type\":\"ImageObject\",\"inLanguage\":\"pt-BR\",\"@id\":\"https:\\\/\\\/secure.gravatar.com\\\/avatar\\\/b4327cfa27e9799da239a26adcd534fc29cdc0c4a4a148eecbcfeb9b42c617ac?s=96&d=mm&r=g\",\"url\":\"https:\\\/\\\/secure.gravatar.com\\\/avatar\\\/b4327cfa27e9799da239a26adcd534fc29cdc0c4a4a148eecbcfeb9b42c617ac?s=96&d=mm&r=g\",\"contentUrl\":\"https:\\\/\\\/secure.gravatar.com\\\/avatar\\\/b4327cfa27e9799da239a26adcd534fc29cdc0c4a4a148eecbcfeb9b42c617ac?s=96&d=mm&r=g\",\"caption\":\"Pe. Andr\u00e9\"},\"sameAs\":[\"https:\\\/\\\/www.ecclesia.org.br\"]}]}<\/script>\n<!-- \/ Yoast SEO plugin. -->","yoast_head_json":{"title":"Ap\u00f3s ser venerada na R\u00fassia, rel\u00edquia de S\u00e3o Nicolau retorna a Bari em 28 de julho | ECCLESIA NEWS","robots":{"index":"index","follow":"follow","max-snippet":"max-snippet:-1","max-image-preview":"max-image-preview:large","max-video-preview":"max-video-preview:-1"},"canonical":"https:\/\/news.ecclesia.org.br\/?p=23657","og_locale":"pt_BR","og_type":"article","og_title":"Ap\u00f3s ser venerada na R\u00fassia, rel\u00edquia de S\u00e3o Nicolau retorna a Bari em 28 de julho | ECCLESIA NEWS","og_description":"Bari (RV) \u2013 Retornar\u00e1 a Bari na sexta-feira, 28 de julho, o fragmento de 13 cm da costela esquerda de S\u00e3o Nicolau, que em 22 de maio passado &#8211; pela primeira vez em 930 anos (ap\u00f3s o traslado da Turquia&#8230;","og_url":"https:\/\/news.ecclesia.org.br\/?p=23657","og_site_name":"ECCLESIA NEWS","article_publisher":"https:\/\/www.facebook.com\/Ecclesia2025","article_published_time":"2017-07-22T18:08:29+00:00","og_image":[{"width":640,"height":453,"url":"https:\/\/news.ecclesia.org.br\/wp-content\/uploads\/2017\/07\/EPA2463578_Articolo.jpg","type":"image\/jpeg"}],"author":"Pe. Andr\u00e9","twitter_card":"summary_large_image","twitter_creator":"@EcclesiaNews","twitter_site":"@EcclesiaNews","twitter_misc":{"Escrito por":"Pe. Andr\u00e9","Est. tempo de leitura":"2 minutos"},"schema":{"@context":"https:\/\/schema.org","@graph":[{"@type":"Article","@id":"https:\/\/news.ecclesia.org.br\/?p=23657#article","isPartOf":{"@id":"https:\/\/news.ecclesia.org.br\/?p=23657"},"author":{"name":"Pe. Andr\u00e9","@id":"https:\/\/news.ecclesia.org.br\/#\/schema\/person\/6f09597f025829745ba414a569f63758"},"headline":"Ap\u00f3s ser venerada na R\u00fassia, rel\u00edquia de S\u00e3o Nicolau retorna a Bari em 28 de julho","datePublished":"2017-07-22T18:08:29+00:00","mainEntityOfPage":{"@id":"https:\/\/news.ecclesia.org.br\/?p=23657"},"wordCount":411,"commentCount":0,"publisher":{"@id":"https:\/\/news.ecclesia.org.br\/#organization"},"image":{"@id":"https:\/\/news.ecclesia.org.br\/?p=23657#primaryimage"},"thumbnailUrl":"https:\/\/news.ecclesia.org.br\/wp-content\/uploads\/2017\/07\/EPA2463578_Articolo.jpg","articleSection":["NEWS"],"inLanguage":"pt-BR","potentialAction":[{"@type":"CommentAction","name":"Comment","target":["https:\/\/news.ecclesia.org.br\/?p=23657#respond"]}]},{"@type":"WebPage","@id":"https:\/\/news.ecclesia.org.br\/?p=23657","url":"https:\/\/news.ecclesia.org.br\/?p=23657","name":"Ap\u00f3s ser venerada na R\u00fassia, rel\u00edquia de S\u00e3o Nicolau retorna a Bari em 28 de julho | ECCLESIA NEWS","isPartOf":{"@id":"https:\/\/news.ecclesia.org.br\/#website"},"primaryImageOfPage":{"@id":"https:\/\/news.ecclesia.org.br\/?p=23657#primaryimage"},"image":{"@id":"https:\/\/news.ecclesia.org.br\/?p=23657#primaryimage"},"thumbnailUrl":"https:\/\/news.ecclesia.org.br\/wp-content\/uploads\/2017\/07\/EPA2463578_Articolo.jpg","datePublished":"2017-07-22T18:08:29+00:00","breadcrumb":{"@id":"https:\/\/news.ecclesia.org.br\/?p=23657#breadcrumb"},"inLanguage":"pt-BR","potentialAction":[{"@type":"ReadAction","target":["https:\/\/news.ecclesia.org.br\/?p=23657"]}]},{"@type":"ImageObject","inLanguage":"pt-BR","@id":"https:\/\/news.ecclesia.org.br\/?p=23657#primaryimage","url":"https:\/\/news.ecclesia.org.br\/wp-content\/uploads\/2017\/07\/EPA2463578_Articolo.jpg","contentUrl":"https:\/\/news.ecclesia.org.br\/wp-content\/uploads\/2017\/07\/EPA2463578_Articolo.jpg","width":640,"height":453,"caption":"Milhares de fi\u00e9is ortodoxos veneraram em Moscou a rel\u00edquia de S\u00e3o Nicolau - EPA"},{"@type":"BreadcrumbList","@id":"https:\/\/news.ecclesia.org.br\/?p=23657#breadcrumb","itemListElement":[{"@type":"ListItem","position":1,"name":"In\u00edcio","item":"https:\/\/news.ecclesia.org.br\/"},{"@type":"ListItem","position":2,"name":"Ap\u00f3s ser venerada na R\u00fassia, rel\u00edquia de S\u00e3o Nicolau retorna a Bari em 28 de julho"}]},{"@type":"WebSite","@id":"https:\/\/news.ecclesia.org.br\/#website","url":"https:\/\/news.ecclesia.org.br\/","name":"Ecclesia Brasil","description":"Desde 2003 onectando o Brasil ao mundo ortodoxo!","publisher":{"@id":"https:\/\/news.ecclesia.org.br\/#organization"},"alternateName":"Ecclesia","potentialAction":[{"@type":"SearchAction","target":{"@type":"EntryPoint","urlTemplate":"https:\/\/news.ecclesia.org.br\/?s={search_term_string}"},"query-input":{"@type":"PropertyValueSpecification","valueRequired":true,"valueName":"search_term_string"}}],"inLanguage":"pt-BR"},{"@type":"Organization","@id":"https:\/\/news.ecclesia.org.br\/#organization","name":"Sacra Arquidiocese de Buenos Aires e Am\u00e9rica do Sul | Patriarcado Ecum\u00eanico","alternateName":"News Ecclesia Brasil","url":"https:\/\/news.ecclesia.org.br\/","logo":{"@type":"ImageObject","inLanguage":"pt-BR","@id":"https:\/\/news.ecclesia.org.br\/#\/schema\/logo\/image\/","url":"https:\/\/news.ecclesia.org.br\/wp-content\/uploads\/2025\/05\/ecclesia2.png","contentUrl":"https:\/\/news.ecclesia.org.br\/wp-content\/uploads\/2025\/05\/ecclesia2.png","width":480,"height":120,"caption":"Sacra Arquidiocese de Buenos Aires e Am\u00e9rica do Sul | Patriarcado Ecum\u00eanico"},"image":{"@id":"https:\/\/news.ecclesia.org.br\/#\/schema\/logo\/image\/"},"sameAs":["https:\/\/www.facebook.com\/Ecclesia2025","https:\/\/x.com\/EcclesiaNews","https:\/\/br.pinterest.com\/ekklisia\/","https:\/\/www.youtube.com\/@EcclesiaBrasil"]},{"@type":"Person","@id":"https:\/\/news.ecclesia.org.br\/#\/schema\/person\/6f09597f025829745ba414a569f63758","name":"Pe. Andr\u00e9","image":{"@type":"ImageObject","inLanguage":"pt-BR","@id":"https:\/\/secure.gravatar.com\/avatar\/b4327cfa27e9799da239a26adcd534fc29cdc0c4a4a148eecbcfeb9b42c617ac?s=96&d=mm&r=g","url":"https:\/\/secure.gravatar.com\/avatar\/b4327cfa27e9799da239a26adcd534fc29cdc0c4a4a148eecbcfeb9b42c617ac?s=96&d=mm&r=g","contentUrl":"https:\/\/secure.gravatar.com\/avatar\/b4327cfa27e9799da239a26adcd534fc29cdc0c4a4a148eecbcfeb9b42c617ac?s=96&d=mm&r=g","caption":"Pe. Andr\u00e9"},"sameAs":["https:\/\/www.ecclesia.org.br"]}]}},"_links":{"self":[{"href":"https:\/\/news.ecclesia.org.br\/index.php?rest_route=\/wp\/v2\/posts\/23657","targetHints":{"allow":["GET"]}}],"collection":[{"href":"https:\/\/news.ecclesia.org.br\/index.php?rest_route=\/wp\/v2\/posts"}],"about":[{"href":"https:\/\/news.ecclesia.org.br\/index.php?rest_route=\/wp\/v2\/types\/post"}],"author":[{"embeddable":true,"href":"https:\/\/news.ecclesia.org.br\/index.php?rest_route=\/wp\/v2\/users\/1"}],"replies":[{"embeddable":true,"href":"https:\/\/news.ecclesia.org.br\/index.php?rest_route=%2Fwp%2Fv2%2Fcomments&post=23657"}],"version-history":[{"count":0,"href":"https:\/\/news.ecclesia.org.br\/index.php?rest_route=\/wp\/v2\/posts\/23657\/revisions"}],"wp:featuredmedia":[{"embeddable":true,"href":"https:\/\/news.ecclesia.org.br\/index.php?rest_route=\/wp\/v2\/media\/23658"}],"wp:attachment":[{"href":"https:\/\/news.ecclesia.org.br\/index.php?rest_route=%2Fwp%2Fv2%2Fmedia&parent=23657"}],"wp:term":[{"taxonomy":"category","embeddable":true,"href":"https:\/\/news.ecclesia.org.br\/index.php?rest_route=%2Fwp%2Fv2%2Fcategories&post=23657"},{"taxonomy":"post_tag","embeddable":true,"href":"https:\/\/news.ecclesia.org.br\/index.php?rest_route=%2Fwp%2Fv2%2Ftags&post=23657"}],"curies":[{"name":"wp","href":"https:\/\/api.w.org\/{rel}","templated":true}]}}