{"id":23614,"date":"2017-07-06T22:04:05","date_gmt":"2017-07-06T22:04:05","guid":{"rendered":"https:\/\/news.ecclesia.org.br\/2013\/?p=23614"},"modified":"2017-07-06T22:09:37","modified_gmt":"2017-07-06T22:09:37","slug":"cristianismo-ortodoxo-passa-por-revival-na-russia-e-atrai-cada-vez-mais-jovens","status":"publish","type":"post","link":"https:\/\/news.ecclesia.org.br\/?p=23614","title":{"rendered":"Cristianismo ortodoxo passa por revival na R\u00fassia e atrai cada vez mais jovens"},"content":{"rendered":"<h3>Seminarista hipster: um dia na vida de um futuro padre<\/h3>\n<p style=\"text-align: right;\">De D\u00e1ria Am\u00ednova, especial para Gazeta Russa<\/p>\n<figure id=\"attachment_23615\" aria-describedby=\"caption-attachment-23615\" style=\"width: 640px\" class=\"wp-caption aligncenter\"><a href=\"https:\/\/news.ecclesia.org.br\/2013\/wp-content\/uploads\/2017\/07\/seminaristas001.jpg\"><img fetchpriority=\"high\" decoding=\"async\" class=\"wp-image-23615\" src=\"https:\/\/news.ecclesia.org.br\/2013\/wp-content\/uploads\/2017\/07\/seminaristas001.jpg\" alt=\"\" width=\"640\" height=\"426\" srcset=\"https:\/\/news.ecclesia.org.br\/wp-content\/uploads\/2017\/07\/seminaristas001.jpg 980w, https:\/\/news.ecclesia.org.br\/wp-content\/uploads\/2017\/07\/seminaristas001-300x200.jpg 300w, https:\/\/news.ecclesia.org.br\/wp-content\/uploads\/2017\/07\/seminaristas001-768x512.jpg 768w, https:\/\/news.ecclesia.org.br\/wp-content\/uploads\/2017\/07\/seminaristas001-600x400.jpg 600w, https:\/\/news.ecclesia.org.br\/wp-content\/uploads\/2017\/07\/seminaristas001-83x55.jpg 83w, https:\/\/news.ecclesia.org.br\/wp-content\/uploads\/2017\/07\/seminaristas001-60x40.jpg 60w, https:\/\/news.ecclesia.org.br\/wp-content\/uploads\/2017\/07\/seminaristas001-120x80.jpg 120w\" sizes=\"(max-width: 640px) 100vw, 640px\" \/><\/a><figcaption id=\"caption-attachment-23615\" class=\"wp-caption-text\">Lendo na biblioteca da academia. Foto: Ruslan Shamukov<\/figcaption><\/figure>\n<p style=\"text-align: justify;\">Quando pensamos em um seminarista, imaginamos um jovem modesto vestido com uma t\u00fanica, estudando fervorosamente textos religiosos. Mas no s\u00e9culo 21 os seminaristas n\u00e3o s\u00f3 estudam as Escrituras como andam de skate, fazem <em>selfies<\/em> no topo de edif\u00edcios e viram a madrugada aproveitando as Noites Brancas de S\u00e3o Petersburgo.<\/p>\n<p style=\"text-align: justify;\">\u201cS\u00e9culos se passaram, mas os estere\u00f3tipos permanecem\u201d, dizem alguns seminaristas. Vlad Grigor\u00f4vitch, por exemplo, \u00e9 estudante da Academia de Teologia Ortodoxa de S\u00e3o Petersburgo e acredita que cada seminarista tem uma hist\u00f3ria particular. Ele conversou com a Gazeta Russa sobre seus h\u00e1bitos e sua vis\u00e3o de mundo.<\/p>\n<figure id=\"attachment_23616\" aria-describedby=\"caption-attachment-23616\" style=\"width: 640px\" class=\"wp-caption aligncenter\"><a href=\"https:\/\/news.ecclesia.org.br\/2013\/wp-content\/uploads\/2017\/07\/seminaristas002.jpg\"><img decoding=\"async\" class=\"wp-image-23616\" src=\"https:\/\/news.ecclesia.org.br\/2013\/wp-content\/uploads\/2017\/07\/seminaristas002.jpg\" alt=\"\" width=\"640\" height=\"426\" srcset=\"https:\/\/news.ecclesia.org.br\/wp-content\/uploads\/2017\/07\/seminaristas002.jpg 980w, https:\/\/news.ecclesia.org.br\/wp-content\/uploads\/2017\/07\/seminaristas002-300x200.jpg 300w, https:\/\/news.ecclesia.org.br\/wp-content\/uploads\/2017\/07\/seminaristas002-768x512.jpg 768w, https:\/\/news.ecclesia.org.br\/wp-content\/uploads\/2017\/07\/seminaristas002-600x400.jpg 600w, https:\/\/news.ecclesia.org.br\/wp-content\/uploads\/2017\/07\/seminaristas002-83x55.jpg 83w, https:\/\/news.ecclesia.org.br\/wp-content\/uploads\/2017\/07\/seminaristas002-60x40.jpg 60w, https:\/\/news.ecclesia.org.br\/wp-content\/uploads\/2017\/07\/seminaristas002-120x80.jpg 120w\" sizes=\"(max-width: 640px) 100vw, 640px\" \/><\/a><figcaption id=\"caption-attachment-23616\" class=\"wp-caption-text\">Vlad Grigor\u00f4vitch Foto: Ruslan Shamukov<\/figcaption><\/figure>\n<h3 style=\"text-align: justify;\">\u201cDeus me trouxe aqui\u201d<\/h3>\n<p style=\"text-align: justify;\">Vlad nunca imaginou que estudaria teologia. Quando era crian\u00e7a, seu sonho era tornar-se bombeiro e realizar resgates. \u201cMeu pai costumava me levar para a igreja na pequena cidade da Sib\u00e9ria onde viv\u00edamos, e eu gostava de l\u00e1, por ser um lugar calmo e bonito. Mas perdi meu pai aos 13 anos e tudo na minha fam\u00edlia come\u00e7ou a desmoronar. Uma noite, n\u00e3o consegui dormir porque estava pensando em todas as pessoas que passam por algum sofrimento. Ent\u00e3o decidi rezar e me senti melhor\u201d, conta ele.<\/p>\n<p style=\"text-align: justify;\">Aquela noite foi decisiva para a vida de Vlad. Ele come\u00e7ou a frequentar a igreja e ajudar os padres como sacrist\u00e3o. \u201cUma vez me disseram que eu daria um bom padre, mas na \u00e9poca encarei o coment\u00e1rio como uma piada. Mais tarde, no entanto, percebi que aquela era minha voca\u00e7\u00e3o. N\u00e3o acho que fui eu quem chegou \u00e0 Igreja, mas sim que foi Deus quem me trouxe aqui\u201d, completa.<\/p>\n<figure id=\"attachment_23617\" aria-describedby=\"caption-attachment-23617\" style=\"width: 640px\" class=\"wp-caption aligncenter\"><a href=\"https:\/\/news.ecclesia.org.br\/2013\/wp-content\/uploads\/2017\/07\/seminaristas003.jpg\"><img decoding=\"async\" class=\"wp-image-23617\" src=\"https:\/\/news.ecclesia.org.br\/2013\/wp-content\/uploads\/2017\/07\/seminaristas003.jpg\" alt=\"\" width=\"640\" height=\"426\" srcset=\"https:\/\/news.ecclesia.org.br\/wp-content\/uploads\/2017\/07\/seminaristas003.jpg 980w, https:\/\/news.ecclesia.org.br\/wp-content\/uploads\/2017\/07\/seminaristas003-300x200.jpg 300w, https:\/\/news.ecclesia.org.br\/wp-content\/uploads\/2017\/07\/seminaristas003-768x512.jpg 768w, https:\/\/news.ecclesia.org.br\/wp-content\/uploads\/2017\/07\/seminaristas003-600x400.jpg 600w, https:\/\/news.ecclesia.org.br\/wp-content\/uploads\/2017\/07\/seminaristas003-83x55.jpg 83w, https:\/\/news.ecclesia.org.br\/wp-content\/uploads\/2017\/07\/seminaristas003-60x40.jpg 60w, https:\/\/news.ecclesia.org.br\/wp-content\/uploads\/2017\/07\/seminaristas003-120x80.jpg 120w\" sizes=\"(max-width: 640px) 100vw, 640px\" \/><\/a><figcaption id=\"caption-attachment-23617\" class=\"wp-caption-text\">\u201cDesde crian\u00e7a tor\u00e7o para o Zenit, time de S\u00e3o Petersburgo, e meu pai sonhava em me levar para estudar na academia do time. Muitos anos depois eu viria para a cidade para prestar exames, mas em uma academia diferente \u2013 a de teologia.\u201d Foto: Ruslan Shamukov<\/figcaption><\/figure>\n<p style=\"text-align: justify;\">O jovem est\u00e1 no segundo ano de estudos na academia e segue a mesma rotina que os outros estudantes. Durante a semana, todos iniciam o dia com uma prece seguida do caf\u00e9 da manh\u00e3. Ent\u00e3o h\u00e1 um intervalo de 30 minutos at\u00e9 o in\u00edcio das aulas, e ap\u00f3s tr\u00eas aulas e o almo\u00e7o os estudantes t\u00eam o tempo livre at\u00e9 as 22h, quando come\u00e7am as preces noturnas. Aos s\u00e1bados e domingos, os jovens ajudam nas tarefas da igreja.<\/p>\n<figure id=\"attachment_23618\" aria-describedby=\"caption-attachment-23618\" style=\"width: 640px\" class=\"wp-caption aligncenter\"><a href=\"https:\/\/news.ecclesia.org.br\/2013\/wp-content\/uploads\/2017\/07\/seminaristas004.jpg\"><img loading=\"lazy\" decoding=\"async\" class=\"wp-image-23618\" src=\"https:\/\/news.ecclesia.org.br\/2013\/wp-content\/uploads\/2017\/07\/seminaristas004.jpg\" alt=\"\" width=\"640\" height=\"426\" srcset=\"https:\/\/news.ecclesia.org.br\/wp-content\/uploads\/2017\/07\/seminaristas004.jpg 980w, https:\/\/news.ecclesia.org.br\/wp-content\/uploads\/2017\/07\/seminaristas004-300x200.jpg 300w, https:\/\/news.ecclesia.org.br\/wp-content\/uploads\/2017\/07\/seminaristas004-768x512.jpg 768w, https:\/\/news.ecclesia.org.br\/wp-content\/uploads\/2017\/07\/seminaristas004-600x400.jpg 600w, https:\/\/news.ecclesia.org.br\/wp-content\/uploads\/2017\/07\/seminaristas004-83x55.jpg 83w, https:\/\/news.ecclesia.org.br\/wp-content\/uploads\/2017\/07\/seminaristas004-60x40.jpg 60w, https:\/\/news.ecclesia.org.br\/wp-content\/uploads\/2017\/07\/seminaristas004-120x80.jpg 120w\" sizes=\"(max-width: 640px) 100vw, 640px\" \/><\/a><figcaption id=\"caption-attachment-23618\" class=\"wp-caption-text\">Vlad aproveita o intervalo para arrumar seus pertences. Foto: Ruslan Shamukov<\/figcaption><\/figure>\n<h3 style=\"text-align: justify;\">\u201cTive que me segurar para n\u00e3o sair dan\u00e7ando\u201d<\/h3>\n<p style=\"text-align: justify;\">Uma das grandes paix\u00f5es de Vlad \u00e9 andar de skate. \u201cGosto de andar r\u00e1pido e fazer manobras. \u00c9 um dos melhores antidepressivos que existem nestes tempos malucos\u201d, diz.<\/p>\n<figure id=\"attachment_23619\" aria-describedby=\"caption-attachment-23619\" style=\"width: 640px\" class=\"wp-caption aligncenter\"><a href=\"https:\/\/news.ecclesia.org.br\/2013\/wp-content\/uploads\/2017\/07\/seminaristas005.jpg\"><img loading=\"lazy\" decoding=\"async\" class=\"wp-image-23619\" src=\"https:\/\/news.ecclesia.org.br\/2013\/wp-content\/uploads\/2017\/07\/seminaristas005.jpg\" alt=\"\" width=\"640\" height=\"480\" srcset=\"https:\/\/news.ecclesia.org.br\/wp-content\/uploads\/2017\/07\/seminaristas005.jpg 980w, https:\/\/news.ecclesia.org.br\/wp-content\/uploads\/2017\/07\/seminaristas005-300x225.jpg 300w, https:\/\/news.ecclesia.org.br\/wp-content\/uploads\/2017\/07\/seminaristas005-768x576.jpg 768w, https:\/\/news.ecclesia.org.br\/wp-content\/uploads\/2017\/07\/seminaristas005-600x450.jpg 600w, https:\/\/news.ecclesia.org.br\/wp-content\/uploads\/2017\/07\/seminaristas005-73x55.jpg 73w\" sizes=\"(max-width: 640px) 100vw, 640px\" \/><\/a><figcaption id=\"caption-attachment-23619\" class=\"wp-caption-text\">Andando de skate na Pra\u00e7a do Pal\u00e1cio, em S\u00e3o Petersburgo. Foto: Ruslan Shamukov<\/figcaption><\/figure>\n<figure id=\"attachment_23620\" aria-describedby=\"caption-attachment-23620\" style=\"width: 640px\" class=\"wp-caption aligncenter\"><a href=\"https:\/\/news.ecclesia.org.br\/2013\/wp-content\/uploads\/2017\/07\/seminaristas006.jpg\"><img loading=\"lazy\" decoding=\"async\" class=\"wp-image-23620\" src=\"https:\/\/news.ecclesia.org.br\/2013\/wp-content\/uploads\/2017\/07\/seminaristas006.jpg\" alt=\"\" width=\"640\" height=\"480\" srcset=\"https:\/\/news.ecclesia.org.br\/wp-content\/uploads\/2017\/07\/seminaristas006.jpg 980w, https:\/\/news.ecclesia.org.br\/wp-content\/uploads\/2017\/07\/seminaristas006-300x225.jpg 300w, https:\/\/news.ecclesia.org.br\/wp-content\/uploads\/2017\/07\/seminaristas006-768x576.jpg 768w, https:\/\/news.ecclesia.org.br\/wp-content\/uploads\/2017\/07\/seminaristas006-600x450.jpg 600w, https:\/\/news.ecclesia.org.br\/wp-content\/uploads\/2017\/07\/seminaristas006-73x55.jpg 73w\" sizes=\"(max-width: 640px) 100vw, 640px\" \/><\/a><figcaption id=\"caption-attachment-23620\" class=\"wp-caption-text\">Foto: Ruslan Shamukov<\/figcaption><\/figure>\n<p style=\"text-align: justify;\">Quase todos os amigos de Vlad s\u00e3o tamb\u00e9m seminaristas. Eles costumam conversar sobre os estudos, travar debates filos\u00f3ficos e passear pelo centro de S\u00e3o Petersburgo, frequentando caf\u00e9s e livrarias independentes. Um dos escritores favoritos do jovem \u00e9 o franc\u00eas Victor Hugo: \u201cEle era um verdadeiro crist\u00e3o e sentia a dor de cada personagem\u201d.<\/p>\n<figure id=\"attachment_23621\" aria-describedby=\"caption-attachment-23621\" style=\"width: 640px\" class=\"wp-caption aligncenter\"><a href=\"https:\/\/news.ecclesia.org.br\/2013\/wp-content\/uploads\/2017\/07\/seminaristas007.jpg\"><img loading=\"lazy\" decoding=\"async\" class=\"wp-image-23621\" src=\"https:\/\/news.ecclesia.org.br\/2013\/wp-content\/uploads\/2017\/07\/seminaristas007.jpg\" alt=\"\" width=\"640\" height=\"480\" srcset=\"https:\/\/news.ecclesia.org.br\/wp-content\/uploads\/2017\/07\/seminaristas007.jpg 980w, https:\/\/news.ecclesia.org.br\/wp-content\/uploads\/2017\/07\/seminaristas007-300x225.jpg 300w, https:\/\/news.ecclesia.org.br\/wp-content\/uploads\/2017\/07\/seminaristas007-768x576.jpg 768w, https:\/\/news.ecclesia.org.br\/wp-content\/uploads\/2017\/07\/seminaristas007-600x450.jpg 600w, https:\/\/news.ecclesia.org.br\/wp-content\/uploads\/2017\/07\/seminaristas007-73x55.jpg 73w\" sizes=\"(max-width: 640px) 100vw, 640px\" \/><\/a><figcaption id=\"caption-attachment-23621\" class=\"wp-caption-text\">Na livraria. Foto: Ruslan Shamukov<\/figcaption><\/figure>\n<p style=\"text-align: justify;\">O jovem gosta de m\u00fasica cl\u00e1ssica, mas tamb\u00e9m ouve m\u00fasica contempor\u00e2nea e trilhas sonoras. A academia de teologia costuma dar ingressos para a Filarm\u00f4nica da cidade, recitais e concertos no teatro Mari\u00ednski. \u201cUma vez assisti a uma apresenta\u00e7\u00e3o de jazz e tive que me segurar para n\u00e3o sair dan\u00e7ando\u201d, diverte-se ele.<\/p>\n<figure id=\"attachment_23622\" aria-describedby=\"caption-attachment-23622\" style=\"width: 640px\" class=\"wp-caption aligncenter\"><a href=\"https:\/\/news.ecclesia.org.br\/2013\/wp-content\/uploads\/2017\/07\/seminaristas008.jpg\"><img loading=\"lazy\" decoding=\"async\" class=\"wp-image-23622\" src=\"https:\/\/news.ecclesia.org.br\/2013\/wp-content\/uploads\/2017\/07\/seminaristas008.jpg\" alt=\"\" width=\"640\" height=\"480\" srcset=\"https:\/\/news.ecclesia.org.br\/wp-content\/uploads\/2017\/07\/seminaristas008.jpg 980w, https:\/\/news.ecclesia.org.br\/wp-content\/uploads\/2017\/07\/seminaristas008-300x225.jpg 300w, https:\/\/news.ecclesia.org.br\/wp-content\/uploads\/2017\/07\/seminaristas008-768x576.jpg 768w, https:\/\/news.ecclesia.org.br\/wp-content\/uploads\/2017\/07\/seminaristas008-600x450.jpg 600w, https:\/\/news.ecclesia.org.br\/wp-content\/uploads\/2017\/07\/seminaristas008-73x55.jpg 73w\" sizes=\"(max-width: 640px) 100vw, 640px\" \/><\/a><figcaption id=\"caption-attachment-23622\" class=\"wp-caption-text\">Vlad com os amigos. Foto: Ruslan Shamukov<\/figcaption><\/figure>\n<p style=\"text-align: justify;\">Jogador de futebol desde crian\u00e7a, hoje Vlad faz parte do time da academia, que costuma disputar amistosos com crian\u00e7as de orfanatos e detentos de pris\u00f5es da regi\u00e3o. O seminarista v\u00ea essas ocasi\u00f5es como uma oportunidade para conversar com as crian\u00e7as e responder suas d\u00favidas sobre Deus.<\/p>\n<h3 style=\"text-align: justify;\">\u201cMais que uma universidade\u201d<\/h3>\n<p style=\"text-align: justify;\">Para entrar na Academia de Teologia Ortodoxa de S\u00e3o Petersburgo, cada estudante passa por uma entrevista individual com o reitor. Os estudantes tamb\u00e9m fazem uma entrevista se decidem se casar. Um dos amigos de Vlad, Sergei, recentemente recebeu a b\u00ean\u00e7\u00e3o do reitor para se casar. \u201c\u00c9 uma tradi\u00e7\u00e3o muito antiga, e j\u00e1 houve casos em que o reitor pediu ao casal que esperasse seis meses antes de se casar e ap\u00f3s esse per\u00edodo eles se separaram\u201d, disse Vlad.<\/p>\n<figure id=\"attachment_23623\" aria-describedby=\"caption-attachment-23623\" style=\"width: 640px\" class=\"wp-caption aligncenter\"><a href=\"https:\/\/news.ecclesia.org.br\/2013\/wp-content\/uploads\/2017\/07\/seminaristas009.jpg\"><img loading=\"lazy\" decoding=\"async\" class=\"wp-image-23623\" src=\"https:\/\/news.ecclesia.org.br\/2013\/wp-content\/uploads\/2017\/07\/seminaristas009.jpg\" alt=\"\" width=\"640\" height=\"426\" srcset=\"https:\/\/news.ecclesia.org.br\/wp-content\/uploads\/2017\/07\/seminaristas009.jpg 980w, https:\/\/news.ecclesia.org.br\/wp-content\/uploads\/2017\/07\/seminaristas009-300x200.jpg 300w, https:\/\/news.ecclesia.org.br\/wp-content\/uploads\/2017\/07\/seminaristas009-768x512.jpg 768w, https:\/\/news.ecclesia.org.br\/wp-content\/uploads\/2017\/07\/seminaristas009-600x400.jpg 600w, https:\/\/news.ecclesia.org.br\/wp-content\/uploads\/2017\/07\/seminaristas009-83x55.jpg 83w, https:\/\/news.ecclesia.org.br\/wp-content\/uploads\/2017\/07\/seminaristas009-60x40.jpg 60w, https:\/\/news.ecclesia.org.br\/wp-content\/uploads\/2017\/07\/seminaristas009-120x80.jpg 120w\" sizes=\"(max-width: 640px) 100vw, 640px\" \/><\/a><figcaption id=\"caption-attachment-23623\" class=\"wp-caption-text\">Estudantes da academia ajudam em servi\u00e7os na igreja. Foto: Ruslan Shamukov<\/figcaption><\/figure>\n<p style=\"text-align: justify;\">Todos os seminaristas prestam servi\u00e7os para a academia. Alguns s\u00e3o respons\u00e1veis pelas p\u00e1ginas da academia nas redes sociais, outros, como Vlad, guiam passeios pela institui\u00e7\u00e3o. Seu lugar favorito \u00e9 a biblioteca, que possui mais de 300 mil livros. Al\u00e9m de literatura cl\u00e1ssica e crist\u00e3, h\u00e1 volumes raros com mais de 300 anos.<\/p>\n<figure id=\"attachment_23624\" aria-describedby=\"caption-attachment-23624\" style=\"width: 640px\" class=\"wp-caption aligncenter\"><a href=\"https:\/\/news.ecclesia.org.br\/2013\/wp-content\/uploads\/2017\/07\/seminaristas010.jpg\"><img loading=\"lazy\" decoding=\"async\" class=\"wp-image-23624\" src=\"https:\/\/news.ecclesia.org.br\/2013\/wp-content\/uploads\/2017\/07\/seminaristas010.jpg\" alt=\"\" width=\"640\" height=\"480\" srcset=\"https:\/\/news.ecclesia.org.br\/wp-content\/uploads\/2017\/07\/seminaristas010.jpg 980w, https:\/\/news.ecclesia.org.br\/wp-content\/uploads\/2017\/07\/seminaristas010-300x225.jpg 300w, https:\/\/news.ecclesia.org.br\/wp-content\/uploads\/2017\/07\/seminaristas010-768x576.jpg 768w, https:\/\/news.ecclesia.org.br\/wp-content\/uploads\/2017\/07\/seminaristas010-600x450.jpg 600w, https:\/\/news.ecclesia.org.br\/wp-content\/uploads\/2017\/07\/seminaristas010-73x55.jpg 73w\" sizes=\"(max-width: 640px) 100vw, 640px\" \/><\/a><figcaption id=\"caption-attachment-23624\" class=\"wp-caption-text\">Vlad na biblioteca da academia. Foto: Ruslan Shamukov<\/figcaption><\/figure>\n<blockquote>\n<p style=\"text-align: justify;\">\u201cPara mim, a academia \u00e9 mais que uma universidade. Nem todos os estudantes se tornar\u00e3o cl\u00e9rigos, o principal objetivo da academia \u00e9 nos ensinar a nos tornar verdadeiros crist\u00e3os\u201d, explica ele.<\/p>\n<\/blockquote>\n<p style=\"text-align: justify;\">Nos dias livres, Vlad gosta de visitar o Monast\u00e9rio Costeiro de S\u00e3o Sergius, que fica em Strelna, pr\u00f3ximo a S\u00e3o Petersburgo. Ali vive o mentor espiritual do jovem, o padre Andrei. \u201cPosso perguntar qualquer coisa a ele, tanto sobre minha vida na Igreja quando sobre assuntos mundanos, e terei uma resposta cheia de sabedoria.\u201d<\/p>\n<figure id=\"attachment_23625\" aria-describedby=\"caption-attachment-23625\" style=\"width: 640px\" class=\"wp-caption aligncenter\"><a href=\"https:\/\/news.ecclesia.org.br\/2013\/wp-content\/uploads\/2017\/07\/seminaristas011.jpg\"><img loading=\"lazy\" decoding=\"async\" class=\"wp-image-23625\" src=\"https:\/\/news.ecclesia.org.br\/2013\/wp-content\/uploads\/2017\/07\/seminaristas011.jpg\" alt=\"\" width=\"640\" height=\"480\" srcset=\"https:\/\/news.ecclesia.org.br\/wp-content\/uploads\/2017\/07\/seminaristas011.jpg 980w, https:\/\/news.ecclesia.org.br\/wp-content\/uploads\/2017\/07\/seminaristas011-300x225.jpg 300w, https:\/\/news.ecclesia.org.br\/wp-content\/uploads\/2017\/07\/seminaristas011-768x576.jpg 768w, https:\/\/news.ecclesia.org.br\/wp-content\/uploads\/2017\/07\/seminaristas011-600x450.jpg 600w, https:\/\/news.ecclesia.org.br\/wp-content\/uploads\/2017\/07\/seminaristas011-73x55.jpg 73w\" sizes=\"(max-width: 640px) 100vw, 640px\" \/><\/a><figcaption id=\"caption-attachment-23625\" class=\"wp-caption-text\">No Monast\u00e9rio Costeiro de S\u00e3o Sergius. Foto: Ruslan Shamukov<\/figcaption><\/figure>\n<h3>\u201cFelicidade verdadeira e genu\u00edna\u201d<\/h3>\n<p style=\"text-align: justify;\">Todos os domingos, Vlad vai ao Centro de Reabilita\u00e7\u00e3o da Vida, onde conduz conversas sobre temas \u00e9ticos e espirituais para pessoas em situa\u00e7\u00e3o vulner\u00e1vel: viciados em drogas, sem-teto e desempregados. \u201cAcho que muitas pessoas hoje precisam de f\u00e9 e esperan\u00e7a, mas eles n\u00e3o procuram a religi\u00e3o por causa dos estere\u00f3tipos do per\u00edodo sovi\u00e9tico, que permanecem vivos at\u00e9 hoje. Perceber que posso mudar essa situa\u00e7\u00e3o por meio do contato com as pessoas me traz uma felicidade verdadeira e genu\u00edna\u201d, conclui Vlad.<\/p>\n<figure id=\"attachment_23626\" aria-describedby=\"caption-attachment-23626\" style=\"width: 640px\" class=\"wp-caption aligncenter\"><a href=\"https:\/\/news.ecclesia.org.br\/2013\/wp-content\/uploads\/2017\/07\/seminaristas012.jpg\"><img loading=\"lazy\" decoding=\"async\" class=\"wp-image-23626\" src=\"https:\/\/news.ecclesia.org.br\/2013\/wp-content\/uploads\/2017\/07\/seminaristas012.jpg\" alt=\"\" width=\"640\" height=\"426\" srcset=\"https:\/\/news.ecclesia.org.br\/wp-content\/uploads\/2017\/07\/seminaristas012.jpg 980w, https:\/\/news.ecclesia.org.br\/wp-content\/uploads\/2017\/07\/seminaristas012-300x200.jpg 300w, https:\/\/news.ecclesia.org.br\/wp-content\/uploads\/2017\/07\/seminaristas012-768x512.jpg 768w, https:\/\/news.ecclesia.org.br\/wp-content\/uploads\/2017\/07\/seminaristas012-600x400.jpg 600w, https:\/\/news.ecclesia.org.br\/wp-content\/uploads\/2017\/07\/seminaristas012-83x55.jpg 83w, https:\/\/news.ecclesia.org.br\/wp-content\/uploads\/2017\/07\/seminaristas012-60x40.jpg 60w, https:\/\/news.ecclesia.org.br\/wp-content\/uploads\/2017\/07\/seminaristas012-120x80.jpg 120w\" sizes=\"(max-width: 640px) 100vw, 640px\" \/><\/a><figcaption id=\"caption-attachment-23626\" class=\"wp-caption-text\">No futuro, Vlad quer desenvolver la\u00e7os internacionais com a Igreja Ortodoxa Russa. Foto: Ruslan Shamukov<\/figcaption><\/figure>\n<hr \/>\n<p style=\"text-align: right;\">Fonte: <a href=\"https:\/\/gazetarussa.com.br\/sociedade\/2017\/07\/06\/seminarista-hipster-um-dia-na-vida-de-um-futuro-padre_797300\" target=\"_blank\" rel=\"noopener\">Gazeta Russa<\/a><\/p>\n","protected":false},"excerpt":{"rendered":"<p>Seminarista hipster: um dia na vida de um futuro padre De D\u00e1ria Am\u00ednova, especial para Gazeta Russa Quando pensamos em um seminarista, imaginamos um jovem modesto vestido com uma t\u00fanica, estudando fervorosamente textos religiosos. Mas no s\u00e9culo 21 os seminaristas&#8230;<\/p>\n","protected":false},"author":1,"featured_media":23626,"comment_status":"open","ping_status":"open","sticky":false,"template":"","format":"standard","meta":{"_acf_changed":false,"footnotes":""},"categories":[1],"tags":[],"class_list":["post-23614","post","type-post","status-publish","format-standard","has-post-thumbnail","hentry","category-news","entry","rows-excerpt"],"acf":[],"yoast_head":"<!-- This site is optimized with the Yoast SEO plugin v27.5 - https:\/\/yoast.com\/product\/yoast-seo-wordpress\/ -->\n<title>Cristianismo ortodoxo passa por revival na R\u00fassia e atrai cada vez mais jovens | ECCLESIA NEWS<\/title>\n<meta name=\"robots\" content=\"index, follow, max-snippet:-1, max-image-preview:large, max-video-preview:-1\" \/>\n<link rel=\"canonical\" href=\"https:\/\/news.ecclesia.org.br\/?p=23614\" \/>\n<meta property=\"og:locale\" content=\"pt_BR\" \/>\n<meta property=\"og:type\" content=\"article\" \/>\n<meta property=\"og:title\" content=\"Cristianismo ortodoxo passa por revival na R\u00fassia e atrai cada vez mais jovens | ECCLESIA NEWS\" \/>\n<meta property=\"og:description\" content=\"Seminarista hipster: um dia na vida de um futuro padre De D\u00e1ria Am\u00ednova, especial para Gazeta Russa Quando pensamos em um seminarista, imaginamos um jovem modesto vestido com uma t\u00fanica, estudando fervorosamente textos religiosos. Mas no s\u00e9culo 21 os seminaristas&#8230;\" \/>\n<meta property=\"og:url\" content=\"https:\/\/news.ecclesia.org.br\/?p=23614\" \/>\n<meta property=\"og:site_name\" content=\"ECCLESIA NEWS\" \/>\n<meta property=\"article:publisher\" content=\"https:\/\/www.facebook.com\/Ecclesia2025\" \/>\n<meta property=\"article:published_time\" content=\"2017-07-06T22:04:05+00:00\" \/>\n<meta property=\"article:modified_time\" content=\"2017-07-06T22:09:37+00:00\" \/>\n<meta property=\"og:image\" content=\"https:\/\/news.ecclesia.org.br\/wp-content\/uploads\/2017\/07\/seminaristas012.jpg\" \/>\n\t<meta property=\"og:image:width\" content=\"980\" \/>\n\t<meta property=\"og:image:height\" content=\"653\" \/>\n\t<meta property=\"og:image:type\" content=\"image\/jpeg\" \/>\n<meta name=\"author\" content=\"Pe. Andr\u00e9\" \/>\n<meta name=\"twitter:card\" content=\"summary_large_image\" \/>\n<meta name=\"twitter:creator\" content=\"@EcclesiaNews\" \/>\n<meta name=\"twitter:site\" content=\"@EcclesiaNews\" \/>\n<meta name=\"twitter:label1\" content=\"Escrito por\" \/>\n\t<meta name=\"twitter:data1\" content=\"Pe. Andr\u00e9\" \/>\n\t<meta name=\"twitter:label2\" content=\"Est. tempo de leitura\" \/>\n\t<meta name=\"twitter:data2\" content=\"6 minutos\" \/>\n<script type=\"application\/ld+json\" class=\"yoast-schema-graph\">{\"@context\":\"https:\\\/\\\/schema.org\",\"@graph\":[{\"@type\":\"Article\",\"@id\":\"https:\\\/\\\/news.ecclesia.org.br\\\/?p=23614#article\",\"isPartOf\":{\"@id\":\"https:\\\/\\\/news.ecclesia.org.br\\\/?p=23614\"},\"author\":{\"name\":\"Pe. Andr\u00e9\",\"@id\":\"https:\\\/\\\/news.ecclesia.org.br\\\/#\\\/schema\\\/person\\\/6f09597f025829745ba414a569f63758\"},\"headline\":\"Cristianismo ortodoxo passa por revival na R\u00fassia e atrai cada vez mais jovens\",\"datePublished\":\"2017-07-06T22:04:05+00:00\",\"dateModified\":\"2017-07-06T22:09:37+00:00\",\"mainEntityOfPage\":{\"@id\":\"https:\\\/\\\/news.ecclesia.org.br\\\/?p=23614\"},\"wordCount\":1171,\"commentCount\":0,\"publisher\":{\"@id\":\"https:\\\/\\\/news.ecclesia.org.br\\\/#organization\"},\"image\":{\"@id\":\"https:\\\/\\\/news.ecclesia.org.br\\\/?p=23614#primaryimage\"},\"thumbnailUrl\":\"https:\\\/\\\/news.ecclesia.org.br\\\/wp-content\\\/uploads\\\/2017\\\/07\\\/seminaristas012.jpg\",\"articleSection\":[\"NEWS\"],\"inLanguage\":\"pt-BR\",\"potentialAction\":[{\"@type\":\"CommentAction\",\"name\":\"Comment\",\"target\":[\"https:\\\/\\\/news.ecclesia.org.br\\\/?p=23614#respond\"]}]},{\"@type\":\"WebPage\",\"@id\":\"https:\\\/\\\/news.ecclesia.org.br\\\/?p=23614\",\"url\":\"https:\\\/\\\/news.ecclesia.org.br\\\/?p=23614\",\"name\":\"Cristianismo ortodoxo passa por revival na R\u00fassia e atrai cada vez mais jovens | ECCLESIA NEWS\",\"isPartOf\":{\"@id\":\"https:\\\/\\\/news.ecclesia.org.br\\\/#website\"},\"primaryImageOfPage\":{\"@id\":\"https:\\\/\\\/news.ecclesia.org.br\\\/?p=23614#primaryimage\"},\"image\":{\"@id\":\"https:\\\/\\\/news.ecclesia.org.br\\\/?p=23614#primaryimage\"},\"thumbnailUrl\":\"https:\\\/\\\/news.ecclesia.org.br\\\/wp-content\\\/uploads\\\/2017\\\/07\\\/seminaristas012.jpg\",\"datePublished\":\"2017-07-06T22:04:05+00:00\",\"dateModified\":\"2017-07-06T22:09:37+00:00\",\"breadcrumb\":{\"@id\":\"https:\\\/\\\/news.ecclesia.org.br\\\/?p=23614#breadcrumb\"},\"inLanguage\":\"pt-BR\",\"potentialAction\":[{\"@type\":\"ReadAction\",\"target\":[\"https:\\\/\\\/news.ecclesia.org.br\\\/?p=23614\"]}]},{\"@type\":\"ImageObject\",\"inLanguage\":\"pt-BR\",\"@id\":\"https:\\\/\\\/news.ecclesia.org.br\\\/?p=23614#primaryimage\",\"url\":\"https:\\\/\\\/news.ecclesia.org.br\\\/wp-content\\\/uploads\\\/2017\\\/07\\\/seminaristas012.jpg\",\"contentUrl\":\"https:\\\/\\\/news.ecclesia.org.br\\\/wp-content\\\/uploads\\\/2017\\\/07\\\/seminaristas012.jpg\",\"width\":980,\"height\":653,\"caption\":\"No futuro, Vlad quer desenvolver la\u00e7os internacionais com a Igreja Ortodoxa Russa. Foto: Ruslan Shamukov\"},{\"@type\":\"BreadcrumbList\",\"@id\":\"https:\\\/\\\/news.ecclesia.org.br\\\/?p=23614#breadcrumb\",\"itemListElement\":[{\"@type\":\"ListItem\",\"position\":1,\"name\":\"In\u00edcio\",\"item\":\"https:\\\/\\\/news.ecclesia.org.br\\\/\"},{\"@type\":\"ListItem\",\"position\":2,\"name\":\"Cristianismo ortodoxo passa por revival na R\u00fassia e atrai cada vez mais jovens\"}]},{\"@type\":\"WebSite\",\"@id\":\"https:\\\/\\\/news.ecclesia.org.br\\\/#website\",\"url\":\"https:\\\/\\\/news.ecclesia.org.br\\\/\",\"name\":\"Ecclesia Brasil\",\"description\":\"Desde 2003 onectando o Brasil ao mundo ortodoxo!\",\"publisher\":{\"@id\":\"https:\\\/\\\/news.ecclesia.org.br\\\/#organization\"},\"alternateName\":\"Ecclesia\",\"potentialAction\":[{\"@type\":\"SearchAction\",\"target\":{\"@type\":\"EntryPoint\",\"urlTemplate\":\"https:\\\/\\\/news.ecclesia.org.br\\\/?s={search_term_string}\"},\"query-input\":{\"@type\":\"PropertyValueSpecification\",\"valueRequired\":true,\"valueName\":\"search_term_string\"}}],\"inLanguage\":\"pt-BR\"},{\"@type\":\"Organization\",\"@id\":\"https:\\\/\\\/news.ecclesia.org.br\\\/#organization\",\"name\":\"Sacra Arquidiocese de Buenos Aires e Am\u00e9rica do Sul | Patriarcado Ecum\u00eanico\",\"alternateName\":\"News Ecclesia Brasil\",\"url\":\"https:\\\/\\\/news.ecclesia.org.br\\\/\",\"logo\":{\"@type\":\"ImageObject\",\"inLanguage\":\"pt-BR\",\"@id\":\"https:\\\/\\\/news.ecclesia.org.br\\\/#\\\/schema\\\/logo\\\/image\\\/\",\"url\":\"https:\\\/\\\/news.ecclesia.org.br\\\/wp-content\\\/uploads\\\/2025\\\/05\\\/ecclesia2.png\",\"contentUrl\":\"https:\\\/\\\/news.ecclesia.org.br\\\/wp-content\\\/uploads\\\/2025\\\/05\\\/ecclesia2.png\",\"width\":480,\"height\":120,\"caption\":\"Sacra Arquidiocese de Buenos Aires e Am\u00e9rica do Sul | Patriarcado Ecum\u00eanico\"},\"image\":{\"@id\":\"https:\\\/\\\/news.ecclesia.org.br\\\/#\\\/schema\\\/logo\\\/image\\\/\"},\"sameAs\":[\"https:\\\/\\\/www.facebook.com\\\/Ecclesia2025\",\"https:\\\/\\\/x.com\\\/EcclesiaNews\",\"https:\\\/\\\/br.pinterest.com\\\/ekklisia\\\/\",\"https:\\\/\\\/www.youtube.com\\\/@EcclesiaBrasil\"]},{\"@type\":\"Person\",\"@id\":\"https:\\\/\\\/news.ecclesia.org.br\\\/#\\\/schema\\\/person\\\/6f09597f025829745ba414a569f63758\",\"name\":\"Pe. Andr\u00e9\",\"image\":{\"@type\":\"ImageObject\",\"inLanguage\":\"pt-BR\",\"@id\":\"https:\\\/\\\/secure.gravatar.com\\\/avatar\\\/b4327cfa27e9799da239a26adcd534fc29cdc0c4a4a148eecbcfeb9b42c617ac?s=96&d=mm&r=g\",\"url\":\"https:\\\/\\\/secure.gravatar.com\\\/avatar\\\/b4327cfa27e9799da239a26adcd534fc29cdc0c4a4a148eecbcfeb9b42c617ac?s=96&d=mm&r=g\",\"contentUrl\":\"https:\\\/\\\/secure.gravatar.com\\\/avatar\\\/b4327cfa27e9799da239a26adcd534fc29cdc0c4a4a148eecbcfeb9b42c617ac?s=96&d=mm&r=g\",\"caption\":\"Pe. Andr\u00e9\"},\"sameAs\":[\"https:\\\/\\\/www.ecclesia.org.br\"]}]}<\/script>\n<!-- \/ Yoast SEO plugin. -->","yoast_head_json":{"title":"Cristianismo ortodoxo passa por revival na R\u00fassia e atrai cada vez mais jovens | ECCLESIA NEWS","robots":{"index":"index","follow":"follow","max-snippet":"max-snippet:-1","max-image-preview":"max-image-preview:large","max-video-preview":"max-video-preview:-1"},"canonical":"https:\/\/news.ecclesia.org.br\/?p=23614","og_locale":"pt_BR","og_type":"article","og_title":"Cristianismo ortodoxo passa por revival na R\u00fassia e atrai cada vez mais jovens | ECCLESIA NEWS","og_description":"Seminarista hipster: um dia na vida de um futuro padre De D\u00e1ria Am\u00ednova, especial para Gazeta Russa Quando pensamos em um seminarista, imaginamos um jovem modesto vestido com uma t\u00fanica, estudando fervorosamente textos religiosos. Mas no s\u00e9culo 21 os seminaristas&#8230;","og_url":"https:\/\/news.ecclesia.org.br\/?p=23614","og_site_name":"ECCLESIA NEWS","article_publisher":"https:\/\/www.facebook.com\/Ecclesia2025","article_published_time":"2017-07-06T22:04:05+00:00","article_modified_time":"2017-07-06T22:09:37+00:00","og_image":[{"width":980,"height":653,"url":"https:\/\/news.ecclesia.org.br\/wp-content\/uploads\/2017\/07\/seminaristas012.jpg","type":"image\/jpeg"}],"author":"Pe. Andr\u00e9","twitter_card":"summary_large_image","twitter_creator":"@EcclesiaNews","twitter_site":"@EcclesiaNews","twitter_misc":{"Escrito por":"Pe. Andr\u00e9","Est. tempo de leitura":"6 minutos"},"schema":{"@context":"https:\/\/schema.org","@graph":[{"@type":"Article","@id":"https:\/\/news.ecclesia.org.br\/?p=23614#article","isPartOf":{"@id":"https:\/\/news.ecclesia.org.br\/?p=23614"},"author":{"name":"Pe. Andr\u00e9","@id":"https:\/\/news.ecclesia.org.br\/#\/schema\/person\/6f09597f025829745ba414a569f63758"},"headline":"Cristianismo ortodoxo passa por revival na R\u00fassia e atrai cada vez mais jovens","datePublished":"2017-07-06T22:04:05+00:00","dateModified":"2017-07-06T22:09:37+00:00","mainEntityOfPage":{"@id":"https:\/\/news.ecclesia.org.br\/?p=23614"},"wordCount":1171,"commentCount":0,"publisher":{"@id":"https:\/\/news.ecclesia.org.br\/#organization"},"image":{"@id":"https:\/\/news.ecclesia.org.br\/?p=23614#primaryimage"},"thumbnailUrl":"https:\/\/news.ecclesia.org.br\/wp-content\/uploads\/2017\/07\/seminaristas012.jpg","articleSection":["NEWS"],"inLanguage":"pt-BR","potentialAction":[{"@type":"CommentAction","name":"Comment","target":["https:\/\/news.ecclesia.org.br\/?p=23614#respond"]}]},{"@type":"WebPage","@id":"https:\/\/news.ecclesia.org.br\/?p=23614","url":"https:\/\/news.ecclesia.org.br\/?p=23614","name":"Cristianismo ortodoxo passa por revival na R\u00fassia e atrai cada vez mais jovens | ECCLESIA NEWS","isPartOf":{"@id":"https:\/\/news.ecclesia.org.br\/#website"},"primaryImageOfPage":{"@id":"https:\/\/news.ecclesia.org.br\/?p=23614#primaryimage"},"image":{"@id":"https:\/\/news.ecclesia.org.br\/?p=23614#primaryimage"},"thumbnailUrl":"https:\/\/news.ecclesia.org.br\/wp-content\/uploads\/2017\/07\/seminaristas012.jpg","datePublished":"2017-07-06T22:04:05+00:00","dateModified":"2017-07-06T22:09:37+00:00","breadcrumb":{"@id":"https:\/\/news.ecclesia.org.br\/?p=23614#breadcrumb"},"inLanguage":"pt-BR","potentialAction":[{"@type":"ReadAction","target":["https:\/\/news.ecclesia.org.br\/?p=23614"]}]},{"@type":"ImageObject","inLanguage":"pt-BR","@id":"https:\/\/news.ecclesia.org.br\/?p=23614#primaryimage","url":"https:\/\/news.ecclesia.org.br\/wp-content\/uploads\/2017\/07\/seminaristas012.jpg","contentUrl":"https:\/\/news.ecclesia.org.br\/wp-content\/uploads\/2017\/07\/seminaristas012.jpg","width":980,"height":653,"caption":"No futuro, Vlad quer desenvolver la\u00e7os internacionais com a Igreja Ortodoxa Russa. Foto: Ruslan Shamukov"},{"@type":"BreadcrumbList","@id":"https:\/\/news.ecclesia.org.br\/?p=23614#breadcrumb","itemListElement":[{"@type":"ListItem","position":1,"name":"In\u00edcio","item":"https:\/\/news.ecclesia.org.br\/"},{"@type":"ListItem","position":2,"name":"Cristianismo ortodoxo passa por revival na R\u00fassia e atrai cada vez mais jovens"}]},{"@type":"WebSite","@id":"https:\/\/news.ecclesia.org.br\/#website","url":"https:\/\/news.ecclesia.org.br\/","name":"Ecclesia Brasil","description":"Desde 2003 onectando o Brasil ao mundo ortodoxo!","publisher":{"@id":"https:\/\/news.ecclesia.org.br\/#organization"},"alternateName":"Ecclesia","potentialAction":[{"@type":"SearchAction","target":{"@type":"EntryPoint","urlTemplate":"https:\/\/news.ecclesia.org.br\/?s={search_term_string}"},"query-input":{"@type":"PropertyValueSpecification","valueRequired":true,"valueName":"search_term_string"}}],"inLanguage":"pt-BR"},{"@type":"Organization","@id":"https:\/\/news.ecclesia.org.br\/#organization","name":"Sacra Arquidiocese de Buenos Aires e Am\u00e9rica do Sul | Patriarcado Ecum\u00eanico","alternateName":"News Ecclesia Brasil","url":"https:\/\/news.ecclesia.org.br\/","logo":{"@type":"ImageObject","inLanguage":"pt-BR","@id":"https:\/\/news.ecclesia.org.br\/#\/schema\/logo\/image\/","url":"https:\/\/news.ecclesia.org.br\/wp-content\/uploads\/2025\/05\/ecclesia2.png","contentUrl":"https:\/\/news.ecclesia.org.br\/wp-content\/uploads\/2025\/05\/ecclesia2.png","width":480,"height":120,"caption":"Sacra Arquidiocese de Buenos Aires e Am\u00e9rica do Sul | Patriarcado Ecum\u00eanico"},"image":{"@id":"https:\/\/news.ecclesia.org.br\/#\/schema\/logo\/image\/"},"sameAs":["https:\/\/www.facebook.com\/Ecclesia2025","https:\/\/x.com\/EcclesiaNews","https:\/\/br.pinterest.com\/ekklisia\/","https:\/\/www.youtube.com\/@EcclesiaBrasil"]},{"@type":"Person","@id":"https:\/\/news.ecclesia.org.br\/#\/schema\/person\/6f09597f025829745ba414a569f63758","name":"Pe. Andr\u00e9","image":{"@type":"ImageObject","inLanguage":"pt-BR","@id":"https:\/\/secure.gravatar.com\/avatar\/b4327cfa27e9799da239a26adcd534fc29cdc0c4a4a148eecbcfeb9b42c617ac?s=96&d=mm&r=g","url":"https:\/\/secure.gravatar.com\/avatar\/b4327cfa27e9799da239a26adcd534fc29cdc0c4a4a148eecbcfeb9b42c617ac?s=96&d=mm&r=g","contentUrl":"https:\/\/secure.gravatar.com\/avatar\/b4327cfa27e9799da239a26adcd534fc29cdc0c4a4a148eecbcfeb9b42c617ac?s=96&d=mm&r=g","caption":"Pe. Andr\u00e9"},"sameAs":["https:\/\/www.ecclesia.org.br"]}]}},"_links":{"self":[{"href":"https:\/\/news.ecclesia.org.br\/index.php?rest_route=\/wp\/v2\/posts\/23614","targetHints":{"allow":["GET"]}}],"collection":[{"href":"https:\/\/news.ecclesia.org.br\/index.php?rest_route=\/wp\/v2\/posts"}],"about":[{"href":"https:\/\/news.ecclesia.org.br\/index.php?rest_route=\/wp\/v2\/types\/post"}],"author":[{"embeddable":true,"href":"https:\/\/news.ecclesia.org.br\/index.php?rest_route=\/wp\/v2\/users\/1"}],"replies":[{"embeddable":true,"href":"https:\/\/news.ecclesia.org.br\/index.php?rest_route=%2Fwp%2Fv2%2Fcomments&post=23614"}],"version-history":[{"count":0,"href":"https:\/\/news.ecclesia.org.br\/index.php?rest_route=\/wp\/v2\/posts\/23614\/revisions"}],"wp:featuredmedia":[{"embeddable":true,"href":"https:\/\/news.ecclesia.org.br\/index.php?rest_route=\/wp\/v2\/media\/23626"}],"wp:attachment":[{"href":"https:\/\/news.ecclesia.org.br\/index.php?rest_route=%2Fwp%2Fv2%2Fmedia&parent=23614"}],"wp:term":[{"taxonomy":"category","embeddable":true,"href":"https:\/\/news.ecclesia.org.br\/index.php?rest_route=%2Fwp%2Fv2%2Fcategories&post=23614"},{"taxonomy":"post_tag","embeddable":true,"href":"https:\/\/news.ecclesia.org.br\/index.php?rest_route=%2Fwp%2Fv2%2Ftags&post=23614"}],"curies":[{"name":"wp","href":"https:\/\/api.w.org\/{rel}","templated":true}]}}