{"id":23601,"date":"2017-07-03T20:12:03","date_gmt":"2017-07-03T20:12:03","guid":{"rendered":"https:\/\/news.ecclesia.org.br\/2013\/?p=23601"},"modified":"2017-07-03T20:18:29","modified_gmt":"2017-07-03T20:18:29","slug":"patriarca-bartolomeu-jornalistas-cristaos-devem-sempre-dizer-a-verdade","status":"publish","type":"post","link":"https:\/\/news.ecclesia.org.br\/?p=23601","title":{"rendered":"Patriarca Bartolomeu: jornalistas crist\u00e3os devem sempre dizer a verdade"},"content":{"rendered":"<div id=\"galleria-23601\"><a href=\"https:\/\/news.ecclesia.org.br\/wp-content\/uploads\/2017\/07\/ucranianos.jpg\"><img decoding=\"async\" title=\"Visita Jornalistas Ucranianos\" alt=\"\" src=\"https:\/\/news.ecclesia.org.br\/wp-content\/uploads\/2017\/07\/ucranianos-41x55.jpg\" data-big=\"https:\/\/news.ecclesia.org.br\/wp-content\/uploads\/2017\/07\/ucranianos.jpg\"><\/a><a href=\"https:\/\/news.ecclesia.org.br\/wp-content\/uploads\/2017\/07\/ucranianos1.jpg\"><img decoding=\"async\" title=\"Visita Jornalistas Ucranianos\" alt=\"\" src=\"https:\/\/news.ecclesia.org.br\/wp-content\/uploads\/2017\/07\/ucranianos1-41x55.jpg\" data-big=\"https:\/\/news.ecclesia.org.br\/wp-content\/uploads\/2017\/07\/ucranianos1.jpg\"><\/a><a href=\"https:\/\/news.ecclesia.org.br\/wp-content\/uploads\/2017\/07\/ucranianos2.jpg\"><img decoding=\"async\" title=\"Visita Jornalistas Ucranianos\" alt=\"\" src=\"https:\/\/news.ecclesia.org.br\/wp-content\/uploads\/2017\/07\/ucranianos2-41x55.jpg\" data-big=\"https:\/\/news.ecclesia.org.br\/wp-content\/uploads\/2017\/07\/ucranianos2.jpg\"><\/a><a href=\"https:\/\/news.ecclesia.org.br\/wp-content\/uploads\/2017\/07\/jornalismo.jpg\"><img decoding=\"async\" title=\"jornalismo\" alt=\"\" src=\"https:\/\/news.ecclesia.org.br\/wp-content\/uploads\/2017\/07\/jornalismo-78x55.jpg\" data-big=\"https:\/\/news.ecclesia.org.br\/wp-content\/uploads\/2017\/07\/jornalismo.jpg\"><\/a><\/div>\n<p style=\"text-align: justify;\">Istambul (RV) &#8211; Os jornalistas, em particular os jornalistas crist\u00e3os, \u201cdevem dizer sempre a verdade para servir fielmente nosso Senhor Jesus\u201d e t\u00eam uma grande responsabilidade no objetivo comum<\/p>\n<p style=\"text-align: justify;\">do alcance de uma paz est\u00e1vel e duradoura. Foi o que disse neste domingo (02\/07) o Patriarca Ecum\u00eanico Bartolomeu I ao receber na Igreja de \u201cS\u00e3o Jorge al Fanar\u201d \u2013 sede do Patriarcado Ecum\u00eanico, em Istambul (Constantinopla), na Turquia \u2013 uma delega\u00e7\u00e3o de jornalistas ucranianos, reporta o jornal vaticano \u201cL\u2019Osservatore Romano\u201d.<\/p>\n<h3 style=\"text-align: justify;\">Cesse a guerra fratricida na Ucr\u00e2nia<\/h3>\n<p style=\"text-align: justify;\">\u201cO povo e a Igreja na Ucr\u00e2nia anseiam fortemente a unidade e a paz. Esse esp\u00edrito de unidade \u00e9, ao mesmo tempo, um tesouro fr\u00e1gil e um dom do alto que Deus nos confiou a fim de que n\u00f3s o custodi\u00e1ssemos\u201d, observou o patriarca ecum\u00eanico fazendo votos de que, mediante a ora\u00e7\u00e3o, \u201ca guerra fratricida acabe\u201d.<\/p>\n<p style=\"text-align: justify;\">Ap\u00f3s ter ressaltado a \u201csignificativa fun\u00e7\u00e3o da profiss\u00e3o jornal\u00edstica num mundo de comunica\u00e7\u00e3o instant\u00e2nea\u201d, Bartolomeu citou o pr\u00edncipe Jaroslav I de Kiev como grande figura de crist\u00e3o, a liga\u00e7\u00e3o entre o Patriarcado e a Ucr\u00e2nia, a sua visita em 2008 e a preocupa\u00e7\u00e3o dos \u00faltimos anos.<\/p>\n<h3 style=\"text-align: justify;\">A Igreja jamais pode esquecer seus filhos<\/h3>\n<p style=\"text-align: justify;\">\u201cA Igreja m\u00e3e jamais pode esquecer seus filhos espirituais, sobretudo nos momentos de prova\u00e7\u00e3o e de dificuldade\u201d, ressaltou o Patriarca Ecum\u00eanico de Constantinopla. (RL\/L\u2019Osservatore Romano)<\/p>\n<hr \/>\n<p style=\"text-align: right;\">Fonte: <a href=\"http:\/\/br.radiovaticana.va\/news\/2017\/07\/03\/bartolomeu_jornalistas_crist%C3%A3os_devem_sermpre_dizer_verdade\/1322927\" target=\"_blank\" rel=\"noopener\">R\u00e1dio Vaticano\u00a0<\/a><\/p>\n","protected":false},"excerpt":{"rendered":"<p>Istambul (RV) &#8211; Os jornalistas, em particular os jornalistas crist\u00e3os, \u201cdevem dizer sempre a verdade para servir fielmente nosso Senhor Jesus\u201d e t\u00eam uma grande responsabilidade no objetivo comum do alcance de uma paz est\u00e1vel e duradoura. Foi o que&#8230;<\/p>\n","protected":false},"author":1,"featured_media":23612,"comment_status":"open","ping_status":"open","sticky":false,"template":"","format":"standard","meta":{"_acf_changed":false,"footnotes":""},"categories":[1,72],"tags":[],"class_list":["post-23601","post","type-post","status-publish","format-standard","has-post-thumbnail","hentry","category-news","category-patriarcado-ecumenico","entry","rows-excerpt"],"acf":[],"yoast_head":"<!-- This site is optimized with the Yoast SEO plugin v27.4 - https:\/\/yoast.com\/product\/yoast-seo-wordpress\/ -->\n<title>Patriarca Bartolomeu: jornalistas crist\u00e3os devem sempre dizer a verdade | ECCLESIA NEWS<\/title>\n<meta name=\"robots\" content=\"index, follow, max-snippet:-1, max-image-preview:large, max-video-preview:-1\" \/>\n<link rel=\"canonical\" href=\"https:\/\/news.ecclesia.org.br\/?p=23601\" \/>\n<meta property=\"og:locale\" content=\"pt_BR\" \/>\n<meta property=\"og:type\" content=\"article\" \/>\n<meta property=\"og:title\" content=\"Patriarca Bartolomeu: jornalistas crist\u00e3os devem sempre dizer a verdade | ECCLESIA NEWS\" \/>\n<meta property=\"og:description\" content=\"Istambul (RV) &#8211; Os jornalistas, em particular os jornalistas crist\u00e3os, \u201cdevem dizer sempre a verdade para servir fielmente nosso Senhor Jesus\u201d e t\u00eam uma grande responsabilidade no objetivo comum do alcance de uma paz est\u00e1vel e duradoura. Foi o que&#8230;\" \/>\n<meta property=\"og:url\" content=\"https:\/\/news.ecclesia.org.br\/?p=23601\" \/>\n<meta property=\"og:site_name\" content=\"ECCLESIA NEWS\" \/>\n<meta property=\"article:publisher\" content=\"https:\/\/www.facebook.com\/Ecclesia2025\" \/>\n<meta property=\"article:published_time\" content=\"2017-07-03T20:12:03+00:00\" \/>\n<meta property=\"article:modified_time\" content=\"2017-07-03T20:18:29+00:00\" \/>\n<meta property=\"og:image\" content=\"https:\/\/news.ecclesia.org.br\/wp-content\/uploads\/2017\/07\/jornalismo.jpg\" \/>\n\t<meta property=\"og:image:width\" content=\"640\" \/>\n\t<meta property=\"og:image:height\" content=\"453\" \/>\n\t<meta property=\"og:image:type\" content=\"image\/jpeg\" \/>\n<meta name=\"author\" content=\"Pe. Andr\u00e9\" \/>\n<meta name=\"twitter:card\" content=\"summary_large_image\" \/>\n<meta name=\"twitter:creator\" content=\"@EcclesiaNews\" \/>\n<meta name=\"twitter:site\" content=\"@EcclesiaNews\" \/>\n<meta name=\"twitter:label1\" content=\"Escrito por\" \/>\n\t<meta name=\"twitter:data1\" content=\"Pe. Andr\u00e9\" \/>\n\t<meta name=\"twitter:label2\" content=\"Est. tempo de leitura\" \/>\n\t<meta name=\"twitter:data2\" content=\"1 minuto\" \/>\n<script type=\"application\/ld+json\" class=\"yoast-schema-graph\">{\"@context\":\"https:\\\/\\\/schema.org\",\"@graph\":[{\"@type\":\"Article\",\"@id\":\"https:\\\/\\\/news.ecclesia.org.br\\\/?p=23601#article\",\"isPartOf\":{\"@id\":\"https:\\\/\\\/news.ecclesia.org.br\\\/?p=23601\"},\"author\":{\"name\":\"Pe. Andr\u00e9\",\"@id\":\"https:\\\/\\\/news.ecclesia.org.br\\\/#\\\/schema\\\/person\\\/6f09597f025829745ba414a569f63758\"},\"headline\":\"Patriarca Bartolomeu: jornalistas crist\u00e3os devem sempre dizer a verdade\",\"datePublished\":\"2017-07-03T20:12:03+00:00\",\"dateModified\":\"2017-07-03T20:18:29+00:00\",\"mainEntityOfPage\":{\"@id\":\"https:\\\/\\\/news.ecclesia.org.br\\\/?p=23601\"},\"wordCount\":266,\"commentCount\":0,\"publisher\":{\"@id\":\"https:\\\/\\\/news.ecclesia.org.br\\\/#organization\"},\"image\":{\"@id\":\"https:\\\/\\\/news.ecclesia.org.br\\\/?p=23601#primaryimage\"},\"thumbnailUrl\":\"https:\\\/\\\/news.ecclesia.org.br\\\/wp-content\\\/uploads\\\/2017\\\/07\\\/jornalismo.jpg\",\"articleSection\":[\"NEWS\",\"Patriarcado Ecum\u00eanico\"],\"inLanguage\":\"pt-BR\",\"potentialAction\":[{\"@type\":\"CommentAction\",\"name\":\"Comment\",\"target\":[\"https:\\\/\\\/news.ecclesia.org.br\\\/?p=23601#respond\"]}]},{\"@type\":\"WebPage\",\"@id\":\"https:\\\/\\\/news.ecclesia.org.br\\\/?p=23601\",\"url\":\"https:\\\/\\\/news.ecclesia.org.br\\\/?p=23601\",\"name\":\"Patriarca Bartolomeu: jornalistas crist\u00e3os devem sempre dizer a verdade | ECCLESIA NEWS\",\"isPartOf\":{\"@id\":\"https:\\\/\\\/news.ecclesia.org.br\\\/#website\"},\"primaryImageOfPage\":{\"@id\":\"https:\\\/\\\/news.ecclesia.org.br\\\/?p=23601#primaryimage\"},\"image\":{\"@id\":\"https:\\\/\\\/news.ecclesia.org.br\\\/?p=23601#primaryimage\"},\"thumbnailUrl\":\"https:\\\/\\\/news.ecclesia.org.br\\\/wp-content\\\/uploads\\\/2017\\\/07\\\/jornalismo.jpg\",\"datePublished\":\"2017-07-03T20:12:03+00:00\",\"dateModified\":\"2017-07-03T20:18:29+00:00\",\"breadcrumb\":{\"@id\":\"https:\\\/\\\/news.ecclesia.org.br\\\/?p=23601#breadcrumb\"},\"inLanguage\":\"pt-BR\",\"potentialAction\":[{\"@type\":\"ReadAction\",\"target\":[\"https:\\\/\\\/news.ecclesia.org.br\\\/?p=23601\"]}]},{\"@type\":\"ImageObject\",\"inLanguage\":\"pt-BR\",\"@id\":\"https:\\\/\\\/news.ecclesia.org.br\\\/?p=23601#primaryimage\",\"url\":\"https:\\\/\\\/news.ecclesia.org.br\\\/wp-content\\\/uploads\\\/2017\\\/07\\\/jornalismo.jpg\",\"contentUrl\":\"https:\\\/\\\/news.ecclesia.org.br\\\/wp-content\\\/uploads\\\/2017\\\/07\\\/jornalismo.jpg\",\"width\":640,\"height\":453},{\"@type\":\"BreadcrumbList\",\"@id\":\"https:\\\/\\\/news.ecclesia.org.br\\\/?p=23601#breadcrumb\",\"itemListElement\":[{\"@type\":\"ListItem\",\"position\":1,\"name\":\"In\u00edcio\",\"item\":\"https:\\\/\\\/news.ecclesia.org.br\\\/\"},{\"@type\":\"ListItem\",\"position\":2,\"name\":\"Patriarca Bartolomeu: jornalistas crist\u00e3os devem sempre dizer a verdade\"}]},{\"@type\":\"WebSite\",\"@id\":\"https:\\\/\\\/news.ecclesia.org.br\\\/#website\",\"url\":\"https:\\\/\\\/news.ecclesia.org.br\\\/\",\"name\":\"Ecclesia Brasil\",\"description\":\"Desde 2003 onectando o Brasil ao mundo ortodoxo!\",\"publisher\":{\"@id\":\"https:\\\/\\\/news.ecclesia.org.br\\\/#organization\"},\"alternateName\":\"Ecclesia\",\"potentialAction\":[{\"@type\":\"SearchAction\",\"target\":{\"@type\":\"EntryPoint\",\"urlTemplate\":\"https:\\\/\\\/news.ecclesia.org.br\\\/?s={search_term_string}\"},\"query-input\":{\"@type\":\"PropertyValueSpecification\",\"valueRequired\":true,\"valueName\":\"search_term_string\"}}],\"inLanguage\":\"pt-BR\"},{\"@type\":\"Organization\",\"@id\":\"https:\\\/\\\/news.ecclesia.org.br\\\/#organization\",\"name\":\"Sacra Arquidiocese de Buenos Aires e Am\u00e9rica do Sul | Patriarcado Ecum\u00eanico\",\"alternateName\":\"News Ecclesia Brasil\",\"url\":\"https:\\\/\\\/news.ecclesia.org.br\\\/\",\"logo\":{\"@type\":\"ImageObject\",\"inLanguage\":\"pt-BR\",\"@id\":\"https:\\\/\\\/news.ecclesia.org.br\\\/#\\\/schema\\\/logo\\\/image\\\/\",\"url\":\"https:\\\/\\\/news.ecclesia.org.br\\\/wp-content\\\/uploads\\\/2025\\\/05\\\/ecclesia2.png\",\"contentUrl\":\"https:\\\/\\\/news.ecclesia.org.br\\\/wp-content\\\/uploads\\\/2025\\\/05\\\/ecclesia2.png\",\"width\":480,\"height\":120,\"caption\":\"Sacra Arquidiocese de Buenos Aires e Am\u00e9rica do Sul | Patriarcado Ecum\u00eanico\"},\"image\":{\"@id\":\"https:\\\/\\\/news.ecclesia.org.br\\\/#\\\/schema\\\/logo\\\/image\\\/\"},\"sameAs\":[\"https:\\\/\\\/www.facebook.com\\\/Ecclesia2025\",\"https:\\\/\\\/x.com\\\/EcclesiaNews\",\"https:\\\/\\\/br.pinterest.com\\\/ekklisia\\\/\",\"https:\\\/\\\/www.youtube.com\\\/@EcclesiaBrasil\"]},{\"@type\":\"Person\",\"@id\":\"https:\\\/\\\/news.ecclesia.org.br\\\/#\\\/schema\\\/person\\\/6f09597f025829745ba414a569f63758\",\"name\":\"Pe. Andr\u00e9\",\"image\":{\"@type\":\"ImageObject\",\"inLanguage\":\"pt-BR\",\"@id\":\"https:\\\/\\\/secure.gravatar.com\\\/avatar\\\/b4327cfa27e9799da239a26adcd534fc29cdc0c4a4a148eecbcfeb9b42c617ac?s=96&d=mm&r=g\",\"url\":\"https:\\\/\\\/secure.gravatar.com\\\/avatar\\\/b4327cfa27e9799da239a26adcd534fc29cdc0c4a4a148eecbcfeb9b42c617ac?s=96&d=mm&r=g\",\"contentUrl\":\"https:\\\/\\\/secure.gravatar.com\\\/avatar\\\/b4327cfa27e9799da239a26adcd534fc29cdc0c4a4a148eecbcfeb9b42c617ac?s=96&d=mm&r=g\",\"caption\":\"Pe. Andr\u00e9\"},\"sameAs\":[\"https:\\\/\\\/www.ecclesia.org.br\"]}]}<\/script>\n<!-- \/ Yoast SEO plugin. -->","yoast_head_json":{"title":"Patriarca Bartolomeu: jornalistas crist\u00e3os devem sempre dizer a verdade | ECCLESIA NEWS","robots":{"index":"index","follow":"follow","max-snippet":"max-snippet:-1","max-image-preview":"max-image-preview:large","max-video-preview":"max-video-preview:-1"},"canonical":"https:\/\/news.ecclesia.org.br\/?p=23601","og_locale":"pt_BR","og_type":"article","og_title":"Patriarca Bartolomeu: jornalistas crist\u00e3os devem sempre dizer a verdade | ECCLESIA NEWS","og_description":"Istambul (RV) &#8211; Os jornalistas, em particular os jornalistas crist\u00e3os, \u201cdevem dizer sempre a verdade para servir fielmente nosso Senhor Jesus\u201d e t\u00eam uma grande responsabilidade no objetivo comum do alcance de uma paz est\u00e1vel e duradoura. Foi o que&#8230;","og_url":"https:\/\/news.ecclesia.org.br\/?p=23601","og_site_name":"ECCLESIA NEWS","article_publisher":"https:\/\/www.facebook.com\/Ecclesia2025","article_published_time":"2017-07-03T20:12:03+00:00","article_modified_time":"2017-07-03T20:18:29+00:00","og_image":[{"width":640,"height":453,"url":"https:\/\/news.ecclesia.org.br\/wp-content\/uploads\/2017\/07\/jornalismo.jpg","type":"image\/jpeg"}],"author":"Pe. Andr\u00e9","twitter_card":"summary_large_image","twitter_creator":"@EcclesiaNews","twitter_site":"@EcclesiaNews","twitter_misc":{"Escrito por":"Pe. Andr\u00e9","Est. tempo de leitura":"1 minuto"},"schema":{"@context":"https:\/\/schema.org","@graph":[{"@type":"Article","@id":"https:\/\/news.ecclesia.org.br\/?p=23601#article","isPartOf":{"@id":"https:\/\/news.ecclesia.org.br\/?p=23601"},"author":{"name":"Pe. Andr\u00e9","@id":"https:\/\/news.ecclesia.org.br\/#\/schema\/person\/6f09597f025829745ba414a569f63758"},"headline":"Patriarca Bartolomeu: jornalistas crist\u00e3os devem sempre dizer a verdade","datePublished":"2017-07-03T20:12:03+00:00","dateModified":"2017-07-03T20:18:29+00:00","mainEntityOfPage":{"@id":"https:\/\/news.ecclesia.org.br\/?p=23601"},"wordCount":266,"commentCount":0,"publisher":{"@id":"https:\/\/news.ecclesia.org.br\/#organization"},"image":{"@id":"https:\/\/news.ecclesia.org.br\/?p=23601#primaryimage"},"thumbnailUrl":"https:\/\/news.ecclesia.org.br\/wp-content\/uploads\/2017\/07\/jornalismo.jpg","articleSection":["NEWS","Patriarcado Ecum\u00eanico"],"inLanguage":"pt-BR","potentialAction":[{"@type":"CommentAction","name":"Comment","target":["https:\/\/news.ecclesia.org.br\/?p=23601#respond"]}]},{"@type":"WebPage","@id":"https:\/\/news.ecclesia.org.br\/?p=23601","url":"https:\/\/news.ecclesia.org.br\/?p=23601","name":"Patriarca Bartolomeu: jornalistas crist\u00e3os devem sempre dizer a verdade | ECCLESIA NEWS","isPartOf":{"@id":"https:\/\/news.ecclesia.org.br\/#website"},"primaryImageOfPage":{"@id":"https:\/\/news.ecclesia.org.br\/?p=23601#primaryimage"},"image":{"@id":"https:\/\/news.ecclesia.org.br\/?p=23601#primaryimage"},"thumbnailUrl":"https:\/\/news.ecclesia.org.br\/wp-content\/uploads\/2017\/07\/jornalismo.jpg","datePublished":"2017-07-03T20:12:03+00:00","dateModified":"2017-07-03T20:18:29+00:00","breadcrumb":{"@id":"https:\/\/news.ecclesia.org.br\/?p=23601#breadcrumb"},"inLanguage":"pt-BR","potentialAction":[{"@type":"ReadAction","target":["https:\/\/news.ecclesia.org.br\/?p=23601"]}]},{"@type":"ImageObject","inLanguage":"pt-BR","@id":"https:\/\/news.ecclesia.org.br\/?p=23601#primaryimage","url":"https:\/\/news.ecclesia.org.br\/wp-content\/uploads\/2017\/07\/jornalismo.jpg","contentUrl":"https:\/\/news.ecclesia.org.br\/wp-content\/uploads\/2017\/07\/jornalismo.jpg","width":640,"height":453},{"@type":"BreadcrumbList","@id":"https:\/\/news.ecclesia.org.br\/?p=23601#breadcrumb","itemListElement":[{"@type":"ListItem","position":1,"name":"In\u00edcio","item":"https:\/\/news.ecclesia.org.br\/"},{"@type":"ListItem","position":2,"name":"Patriarca Bartolomeu: jornalistas crist\u00e3os devem sempre dizer a verdade"}]},{"@type":"WebSite","@id":"https:\/\/news.ecclesia.org.br\/#website","url":"https:\/\/news.ecclesia.org.br\/","name":"Ecclesia Brasil","description":"Desde 2003 onectando o Brasil ao mundo ortodoxo!","publisher":{"@id":"https:\/\/news.ecclesia.org.br\/#organization"},"alternateName":"Ecclesia","potentialAction":[{"@type":"SearchAction","target":{"@type":"EntryPoint","urlTemplate":"https:\/\/news.ecclesia.org.br\/?s={search_term_string}"},"query-input":{"@type":"PropertyValueSpecification","valueRequired":true,"valueName":"search_term_string"}}],"inLanguage":"pt-BR"},{"@type":"Organization","@id":"https:\/\/news.ecclesia.org.br\/#organization","name":"Sacra Arquidiocese de Buenos Aires e Am\u00e9rica do Sul | Patriarcado Ecum\u00eanico","alternateName":"News Ecclesia Brasil","url":"https:\/\/news.ecclesia.org.br\/","logo":{"@type":"ImageObject","inLanguage":"pt-BR","@id":"https:\/\/news.ecclesia.org.br\/#\/schema\/logo\/image\/","url":"https:\/\/news.ecclesia.org.br\/wp-content\/uploads\/2025\/05\/ecclesia2.png","contentUrl":"https:\/\/news.ecclesia.org.br\/wp-content\/uploads\/2025\/05\/ecclesia2.png","width":480,"height":120,"caption":"Sacra Arquidiocese de Buenos Aires e Am\u00e9rica do Sul | Patriarcado Ecum\u00eanico"},"image":{"@id":"https:\/\/news.ecclesia.org.br\/#\/schema\/logo\/image\/"},"sameAs":["https:\/\/www.facebook.com\/Ecclesia2025","https:\/\/x.com\/EcclesiaNews","https:\/\/br.pinterest.com\/ekklisia\/","https:\/\/www.youtube.com\/@EcclesiaBrasil"]},{"@type":"Person","@id":"https:\/\/news.ecclesia.org.br\/#\/schema\/person\/6f09597f025829745ba414a569f63758","name":"Pe. Andr\u00e9","image":{"@type":"ImageObject","inLanguage":"pt-BR","@id":"https:\/\/secure.gravatar.com\/avatar\/b4327cfa27e9799da239a26adcd534fc29cdc0c4a4a148eecbcfeb9b42c617ac?s=96&d=mm&r=g","url":"https:\/\/secure.gravatar.com\/avatar\/b4327cfa27e9799da239a26adcd534fc29cdc0c4a4a148eecbcfeb9b42c617ac?s=96&d=mm&r=g","contentUrl":"https:\/\/secure.gravatar.com\/avatar\/b4327cfa27e9799da239a26adcd534fc29cdc0c4a4a148eecbcfeb9b42c617ac?s=96&d=mm&r=g","caption":"Pe. Andr\u00e9"},"sameAs":["https:\/\/www.ecclesia.org.br"]}]}},"_links":{"self":[{"href":"https:\/\/news.ecclesia.org.br\/index.php?rest_route=\/wp\/v2\/posts\/23601","targetHints":{"allow":["GET"]}}],"collection":[{"href":"https:\/\/news.ecclesia.org.br\/index.php?rest_route=\/wp\/v2\/posts"}],"about":[{"href":"https:\/\/news.ecclesia.org.br\/index.php?rest_route=\/wp\/v2\/types\/post"}],"author":[{"embeddable":true,"href":"https:\/\/news.ecclesia.org.br\/index.php?rest_route=\/wp\/v2\/users\/1"}],"replies":[{"embeddable":true,"href":"https:\/\/news.ecclesia.org.br\/index.php?rest_route=%2Fwp%2Fv2%2Fcomments&post=23601"}],"version-history":[{"count":0,"href":"https:\/\/news.ecclesia.org.br\/index.php?rest_route=\/wp\/v2\/posts\/23601\/revisions"}],"wp:featuredmedia":[{"embeddable":true,"href":"https:\/\/news.ecclesia.org.br\/index.php?rest_route=\/wp\/v2\/media\/23612"}],"wp:attachment":[{"href":"https:\/\/news.ecclesia.org.br\/index.php?rest_route=%2Fwp%2Fv2%2Fmedia&parent=23601"}],"wp:term":[{"taxonomy":"category","embeddable":true,"href":"https:\/\/news.ecclesia.org.br\/index.php?rest_route=%2Fwp%2Fv2%2Fcategories&post=23601"},{"taxonomy":"post_tag","embeddable":true,"href":"https:\/\/news.ecclesia.org.br\/index.php?rest_route=%2Fwp%2Fv2%2Ftags&post=23601"}],"curies":[{"name":"wp","href":"https:\/\/api.w.org\/{rel}","templated":true}]}}