{"id":23598,"date":"2017-07-02T17:24:26","date_gmt":"2017-07-02T17:24:26","guid":{"rendered":"https:\/\/news.ecclesia.org.br\/2013\/?p=23598"},"modified":"2017-07-02T17:24:32","modified_gmt":"2017-07-02T17:24:32","slug":"governo-turco-expropria-mosteiros-igrejas-e-cemiterios-sirio-ortodoxos","status":"publish","type":"post","link":"https:\/\/news.ecclesia.org.br\/?p=23598","title":{"rendered":"Governo turco expropria mosteiros, igrejas e cemit\u00e9rios s\u00edrio-ortodoxos"},"content":{"rendered":"<p style=\"text-align: justify;\"><a href=\"https:\/\/news.ecclesia.org.br\/2013\/wp-content\/uploads\/2017\/07\/mosteiros-turquia.jpg\"><img decoding=\"async\" class=\"alignleft size-medium wp-image-23599\" src=\"https:\/\/news.ecclesia.org.br\/2013\/wp-content\/uploads\/2017\/07\/mosteiros-turquia-300x159.jpg\" alt=\"\" width=\"300\" height=\"159\" srcset=\"https:\/\/news.ecclesia.org.br\/wp-content\/uploads\/2017\/07\/mosteiros-turquia-300x159.jpg 300w, https:\/\/news.ecclesia.org.br\/wp-content\/uploads\/2017\/07\/mosteiros-turquia-768x407.jpg 768w, https:\/\/news.ecclesia.org.br\/wp-content\/uploads\/2017\/07\/mosteiros-turquia-600x318.jpg 600w, https:\/\/news.ecclesia.org.br\/wp-content\/uploads\/2017\/07\/mosteiros-turquia-104x55.jpg 104w, https:\/\/news.ecclesia.org.br\/wp-content\/uploads\/2017\/07\/mosteiros-turquia.jpg 1018w\" sizes=\"(max-width: 300px) 100vw, 300px\" \/><\/a>Istambul (RV) \u2013 Cinquenta igrejas, mosteiros e cemit\u00e9rios s\u00edrio-ortodoxos nas cercanias de Mardin \u2013 regi\u00e3o turca \u00e0 sudeste de Tur Abdin \u2013 foram desapropriados nos \u00faltimos tempos pelo governo turco, passando ao controle direto do Subsecret\u00e1rio do Tesouro, que os confiou \u00e0 Presid\u00eancia dos Assuntos Religiosos.<\/p>\n<p style=\"text-align: justify;\">Segundo informaram fontes locais, a opera\u00e7\u00e3o foi realizada ap\u00f3s a conclus\u00e3o do processo em que Mardin foi transformada em uma comunidade metropolitana. A consequente reorganiza\u00e7\u00e3o administrativa do territ\u00f3rio transformou os vilarejos circundantes em bairros da \u00e1rea metropolitana.<\/p>\n<p style=\"text-align: justify;\">Em 2016, um Comit\u00ea da Prefeitura de Mardin \u2013 encarregado de inventariar e redistribuir bens imobili\u00e1rios pertencentes \u00e0s institui\u00e7\u00f5es n\u00e3o privadas \u2013 deu in\u00edcio \u00e0 transfer\u00eancia de igrejas, mosteiros e cemit\u00e9rios s\u00edrio-ortodoxos presentes no territ\u00f3rio, ao Subsecret\u00e1rio do Tesouro.<\/p>\n<h3>Funda\u00e7\u00e3o Mor Gabriel apresenta recurso<\/h3>\n<p style=\"text-align: justify;\">O recurso apresentado contra tal decis\u00e3o pela Funda\u00e7\u00e3o Mor Gabriel \u2013 que em 2013, ap\u00f3s um longo contencioso jur\u00eddico, havia obtido a restitui\u00e7\u00e3o do hist\u00f3rico Mosteiro s\u00edrio-ortodoxo de Mor Gabriel, que remonta ao s\u00e9culo IV \u2013 foi rejeitado em maio passado pelos \u00f3rg\u00e3os administrativos turcos.<\/p>\n<p style=\"text-align: justify;\">Agora a Funda\u00e7\u00e3o Mor Gabriel \u2013 informa a Ag\u00eancia Fides \u2013 encaminhou uma peti\u00e7\u00e3o \u00e0 Corte Civil de Mardin. Com este instrumento, solicita para que seja interrompido o processo de desapropria\u00e7\u00e3o de igrejas, mosteiros e cemit\u00e9rios s\u00edrio-ortodoxos e a sua transfer\u00eancia sob o controle direto dos organismos governamentais turcos.<\/p>\n<p style=\"text-align: justify;\">Organiza\u00e7\u00f5es de crist\u00e3os s\u00edrio-ortodoxos na Europa \u2013 como a <em>European Syriac Union<\/em> \u2013 come\u00e7aram finalmente a se mobilizar contra o que definem como \u201cum sequestro ilegal\u201d.<\/p>\n<hr \/>\n<p style=\"text-align: right;\">(JE\/Fides)<br \/>\nFonte: <a href=\"http:\/\/vozdaturquia.com\/mundo\/turquia\/2017\/07\/01\/turco-mosteiros-igrejas-sirio-ortodoxos\/\">A Voz da T<\/a><a href=\"http:\/\/vozdaturquia.com\/mundo\/turquia\/2017\/07\/01\/turco-mosteiros-igrejas-sirio-ortodoxos\/\">urquia<\/a><\/p>\n","protected":false},"excerpt":{"rendered":"<p>Istambul (RV) \u2013 Cinquenta igrejas, mosteiros e cemit\u00e9rios s\u00edrio-ortodoxos nas cercanias de Mardin \u2013 regi\u00e3o turca \u00e0 sudeste de Tur Abdin \u2013 foram desapropriados nos \u00faltimos tempos pelo governo turco, passando ao controle direto do Subsecret\u00e1rio do Tesouro, que os&#8230;<\/p>\n","protected":false},"author":1,"featured_media":23599,"comment_status":"open","ping_status":"open","sticky":false,"template":"","format":"standard","meta":{"_acf_changed":false,"footnotes":""},"categories":[1],"tags":[],"class_list":["post-23598","post","type-post","status-publish","format-standard","has-post-thumbnail","hentry","category-news","entry","rows-excerpt"],"acf":[],"yoast_head":"<!-- This site is optimized with the Yoast SEO plugin v27.5 - https:\/\/yoast.com\/product\/yoast-seo-wordpress\/ -->\n<title>Governo turco expropria mosteiros, igrejas e cemit\u00e9rios s\u00edrio-ortodoxos | ECCLESIA NEWS<\/title>\n<meta name=\"robots\" content=\"index, follow, max-snippet:-1, max-image-preview:large, max-video-preview:-1\" \/>\n<link rel=\"canonical\" href=\"https:\/\/news.ecclesia.org.br\/?p=23598\" \/>\n<meta property=\"og:locale\" content=\"pt_BR\" \/>\n<meta property=\"og:type\" content=\"article\" \/>\n<meta property=\"og:title\" content=\"Governo turco expropria mosteiros, igrejas e cemit\u00e9rios s\u00edrio-ortodoxos | ECCLESIA NEWS\" \/>\n<meta property=\"og:description\" content=\"Istambul (RV) \u2013 Cinquenta igrejas, mosteiros e cemit\u00e9rios s\u00edrio-ortodoxos nas cercanias de Mardin \u2013 regi\u00e3o turca \u00e0 sudeste de Tur Abdin \u2013 foram desapropriados nos \u00faltimos tempos pelo governo turco, passando ao controle direto do Subsecret\u00e1rio do Tesouro, que os&#8230;\" \/>\n<meta property=\"og:url\" content=\"https:\/\/news.ecclesia.org.br\/?p=23598\" \/>\n<meta property=\"og:site_name\" content=\"ECCLESIA NEWS\" \/>\n<meta property=\"article:publisher\" content=\"https:\/\/www.facebook.com\/Ecclesia2025\" \/>\n<meta property=\"article:published_time\" content=\"2017-07-02T17:24:26+00:00\" \/>\n<meta property=\"article:modified_time\" content=\"2017-07-02T17:24:32+00:00\" \/>\n<meta property=\"og:image\" content=\"https:\/\/news.ecclesia.org.br\/wp-content\/uploads\/2017\/07\/mosteiros-turquia.jpg\" \/>\n\t<meta property=\"og:image:width\" content=\"1018\" \/>\n\t<meta property=\"og:image:height\" content=\"540\" \/>\n\t<meta property=\"og:image:type\" content=\"image\/jpeg\" \/>\n<meta name=\"author\" content=\"Pe. Andr\u00e9\" \/>\n<meta name=\"twitter:card\" content=\"summary_large_image\" \/>\n<meta name=\"twitter:creator\" content=\"@EcclesiaNews\" \/>\n<meta name=\"twitter:site\" content=\"@EcclesiaNews\" \/>\n<meta name=\"twitter:label1\" content=\"Escrito por\" \/>\n\t<meta name=\"twitter:data1\" content=\"Pe. Andr\u00e9\" \/>\n\t<meta name=\"twitter:label2\" content=\"Est. tempo de leitura\" \/>\n\t<meta name=\"twitter:data2\" content=\"1 minuto\" \/>\n<script type=\"application\/ld+json\" class=\"yoast-schema-graph\">{\"@context\":\"https:\\\/\\\/schema.org\",\"@graph\":[{\"@type\":\"Article\",\"@id\":\"https:\\\/\\\/news.ecclesia.org.br\\\/?p=23598#article\",\"isPartOf\":{\"@id\":\"https:\\\/\\\/news.ecclesia.org.br\\\/?p=23598\"},\"author\":{\"name\":\"Pe. Andr\u00e9\",\"@id\":\"https:\\\/\\\/news.ecclesia.org.br\\\/#\\\/schema\\\/person\\\/6f09597f025829745ba414a569f63758\"},\"headline\":\"Governo turco expropria mosteiros, igrejas e cemit\u00e9rios s\u00edrio-ortodoxos\",\"datePublished\":\"2017-07-02T17:24:26+00:00\",\"dateModified\":\"2017-07-02T17:24:32+00:00\",\"mainEntityOfPage\":{\"@id\":\"https:\\\/\\\/news.ecclesia.org.br\\\/?p=23598\"},\"wordCount\":288,\"commentCount\":0,\"publisher\":{\"@id\":\"https:\\\/\\\/news.ecclesia.org.br\\\/#organization\"},\"image\":{\"@id\":\"https:\\\/\\\/news.ecclesia.org.br\\\/?p=23598#primaryimage\"},\"thumbnailUrl\":\"https:\\\/\\\/news.ecclesia.org.br\\\/wp-content\\\/uploads\\\/2017\\\/07\\\/mosteiros-turquia.jpg\",\"articleSection\":[\"NEWS\"],\"inLanguage\":\"pt-BR\",\"potentialAction\":[{\"@type\":\"CommentAction\",\"name\":\"Comment\",\"target\":[\"https:\\\/\\\/news.ecclesia.org.br\\\/?p=23598#respond\"]}]},{\"@type\":\"WebPage\",\"@id\":\"https:\\\/\\\/news.ecclesia.org.br\\\/?p=23598\",\"url\":\"https:\\\/\\\/news.ecclesia.org.br\\\/?p=23598\",\"name\":\"Governo turco expropria mosteiros, igrejas e cemit\u00e9rios s\u00edrio-ortodoxos | ECCLESIA NEWS\",\"isPartOf\":{\"@id\":\"https:\\\/\\\/news.ecclesia.org.br\\\/#website\"},\"primaryImageOfPage\":{\"@id\":\"https:\\\/\\\/news.ecclesia.org.br\\\/?p=23598#primaryimage\"},\"image\":{\"@id\":\"https:\\\/\\\/news.ecclesia.org.br\\\/?p=23598#primaryimage\"},\"thumbnailUrl\":\"https:\\\/\\\/news.ecclesia.org.br\\\/wp-content\\\/uploads\\\/2017\\\/07\\\/mosteiros-turquia.jpg\",\"datePublished\":\"2017-07-02T17:24:26+00:00\",\"dateModified\":\"2017-07-02T17:24:32+00:00\",\"breadcrumb\":{\"@id\":\"https:\\\/\\\/news.ecclesia.org.br\\\/?p=23598#breadcrumb\"},\"inLanguage\":\"pt-BR\",\"potentialAction\":[{\"@type\":\"ReadAction\",\"target\":[\"https:\\\/\\\/news.ecclesia.org.br\\\/?p=23598\"]}]},{\"@type\":\"ImageObject\",\"inLanguage\":\"pt-BR\",\"@id\":\"https:\\\/\\\/news.ecclesia.org.br\\\/?p=23598#primaryimage\",\"url\":\"https:\\\/\\\/news.ecclesia.org.br\\\/wp-content\\\/uploads\\\/2017\\\/07\\\/mosteiros-turquia.jpg\",\"contentUrl\":\"https:\\\/\\\/news.ecclesia.org.br\\\/wp-content\\\/uploads\\\/2017\\\/07\\\/mosteiros-turquia.jpg\",\"width\":1018,\"height\":540},{\"@type\":\"BreadcrumbList\",\"@id\":\"https:\\\/\\\/news.ecclesia.org.br\\\/?p=23598#breadcrumb\",\"itemListElement\":[{\"@type\":\"ListItem\",\"position\":1,\"name\":\"In\u00edcio\",\"item\":\"https:\\\/\\\/news.ecclesia.org.br\\\/\"},{\"@type\":\"ListItem\",\"position\":2,\"name\":\"Governo turco expropria mosteiros, igrejas e cemit\u00e9rios s\u00edrio-ortodoxos\"}]},{\"@type\":\"WebSite\",\"@id\":\"https:\\\/\\\/news.ecclesia.org.br\\\/#website\",\"url\":\"https:\\\/\\\/news.ecclesia.org.br\\\/\",\"name\":\"Ecclesia Brasil\",\"description\":\"Desde 2003 onectando o Brasil ao mundo ortodoxo!\",\"publisher\":{\"@id\":\"https:\\\/\\\/news.ecclesia.org.br\\\/#organization\"},\"alternateName\":\"Ecclesia\",\"potentialAction\":[{\"@type\":\"SearchAction\",\"target\":{\"@type\":\"EntryPoint\",\"urlTemplate\":\"https:\\\/\\\/news.ecclesia.org.br\\\/?s={search_term_string}\"},\"query-input\":{\"@type\":\"PropertyValueSpecification\",\"valueRequired\":true,\"valueName\":\"search_term_string\"}}],\"inLanguage\":\"pt-BR\"},{\"@type\":\"Organization\",\"@id\":\"https:\\\/\\\/news.ecclesia.org.br\\\/#organization\",\"name\":\"Sacra Arquidiocese de Buenos Aires e Am\u00e9rica do Sul | Patriarcado Ecum\u00eanico\",\"alternateName\":\"News Ecclesia Brasil\",\"url\":\"https:\\\/\\\/news.ecclesia.org.br\\\/\",\"logo\":{\"@type\":\"ImageObject\",\"inLanguage\":\"pt-BR\",\"@id\":\"https:\\\/\\\/news.ecclesia.org.br\\\/#\\\/schema\\\/logo\\\/image\\\/\",\"url\":\"https:\\\/\\\/news.ecclesia.org.br\\\/wp-content\\\/uploads\\\/2025\\\/05\\\/ecclesia2.png\",\"contentUrl\":\"https:\\\/\\\/news.ecclesia.org.br\\\/wp-content\\\/uploads\\\/2025\\\/05\\\/ecclesia2.png\",\"width\":480,\"height\":120,\"caption\":\"Sacra Arquidiocese de Buenos Aires e Am\u00e9rica do Sul | Patriarcado Ecum\u00eanico\"},\"image\":{\"@id\":\"https:\\\/\\\/news.ecclesia.org.br\\\/#\\\/schema\\\/logo\\\/image\\\/\"},\"sameAs\":[\"https:\\\/\\\/www.facebook.com\\\/Ecclesia2025\",\"https:\\\/\\\/x.com\\\/EcclesiaNews\",\"https:\\\/\\\/br.pinterest.com\\\/ekklisia\\\/\",\"https:\\\/\\\/www.youtube.com\\\/@EcclesiaBrasil\"]},{\"@type\":\"Person\",\"@id\":\"https:\\\/\\\/news.ecclesia.org.br\\\/#\\\/schema\\\/person\\\/6f09597f025829745ba414a569f63758\",\"name\":\"Pe. Andr\u00e9\",\"image\":{\"@type\":\"ImageObject\",\"inLanguage\":\"pt-BR\",\"@id\":\"https:\\\/\\\/secure.gravatar.com\\\/avatar\\\/b4327cfa27e9799da239a26adcd534fc29cdc0c4a4a148eecbcfeb9b42c617ac?s=96&d=mm&r=g\",\"url\":\"https:\\\/\\\/secure.gravatar.com\\\/avatar\\\/b4327cfa27e9799da239a26adcd534fc29cdc0c4a4a148eecbcfeb9b42c617ac?s=96&d=mm&r=g\",\"contentUrl\":\"https:\\\/\\\/secure.gravatar.com\\\/avatar\\\/b4327cfa27e9799da239a26adcd534fc29cdc0c4a4a148eecbcfeb9b42c617ac?s=96&d=mm&r=g\",\"caption\":\"Pe. Andr\u00e9\"},\"sameAs\":[\"https:\\\/\\\/www.ecclesia.org.br\"]}]}<\/script>\n<!-- \/ Yoast SEO plugin. -->","yoast_head_json":{"title":"Governo turco expropria mosteiros, igrejas e cemit\u00e9rios s\u00edrio-ortodoxos | ECCLESIA NEWS","robots":{"index":"index","follow":"follow","max-snippet":"max-snippet:-1","max-image-preview":"max-image-preview:large","max-video-preview":"max-video-preview:-1"},"canonical":"https:\/\/news.ecclesia.org.br\/?p=23598","og_locale":"pt_BR","og_type":"article","og_title":"Governo turco expropria mosteiros, igrejas e cemit\u00e9rios s\u00edrio-ortodoxos | ECCLESIA NEWS","og_description":"Istambul (RV) \u2013 Cinquenta igrejas, mosteiros e cemit\u00e9rios s\u00edrio-ortodoxos nas cercanias de Mardin \u2013 regi\u00e3o turca \u00e0 sudeste de Tur Abdin \u2013 foram desapropriados nos \u00faltimos tempos pelo governo turco, passando ao controle direto do Subsecret\u00e1rio do Tesouro, que os&#8230;","og_url":"https:\/\/news.ecclesia.org.br\/?p=23598","og_site_name":"ECCLESIA NEWS","article_publisher":"https:\/\/www.facebook.com\/Ecclesia2025","article_published_time":"2017-07-02T17:24:26+00:00","article_modified_time":"2017-07-02T17:24:32+00:00","og_image":[{"width":1018,"height":540,"url":"https:\/\/news.ecclesia.org.br\/wp-content\/uploads\/2017\/07\/mosteiros-turquia.jpg","type":"image\/jpeg"}],"author":"Pe. Andr\u00e9","twitter_card":"summary_large_image","twitter_creator":"@EcclesiaNews","twitter_site":"@EcclesiaNews","twitter_misc":{"Escrito por":"Pe. Andr\u00e9","Est. tempo de leitura":"1 minuto"},"schema":{"@context":"https:\/\/schema.org","@graph":[{"@type":"Article","@id":"https:\/\/news.ecclesia.org.br\/?p=23598#article","isPartOf":{"@id":"https:\/\/news.ecclesia.org.br\/?p=23598"},"author":{"name":"Pe. Andr\u00e9","@id":"https:\/\/news.ecclesia.org.br\/#\/schema\/person\/6f09597f025829745ba414a569f63758"},"headline":"Governo turco expropria mosteiros, igrejas e cemit\u00e9rios s\u00edrio-ortodoxos","datePublished":"2017-07-02T17:24:26+00:00","dateModified":"2017-07-02T17:24:32+00:00","mainEntityOfPage":{"@id":"https:\/\/news.ecclesia.org.br\/?p=23598"},"wordCount":288,"commentCount":0,"publisher":{"@id":"https:\/\/news.ecclesia.org.br\/#organization"},"image":{"@id":"https:\/\/news.ecclesia.org.br\/?p=23598#primaryimage"},"thumbnailUrl":"https:\/\/news.ecclesia.org.br\/wp-content\/uploads\/2017\/07\/mosteiros-turquia.jpg","articleSection":["NEWS"],"inLanguage":"pt-BR","potentialAction":[{"@type":"CommentAction","name":"Comment","target":["https:\/\/news.ecclesia.org.br\/?p=23598#respond"]}]},{"@type":"WebPage","@id":"https:\/\/news.ecclesia.org.br\/?p=23598","url":"https:\/\/news.ecclesia.org.br\/?p=23598","name":"Governo turco expropria mosteiros, igrejas e cemit\u00e9rios s\u00edrio-ortodoxos | ECCLESIA NEWS","isPartOf":{"@id":"https:\/\/news.ecclesia.org.br\/#website"},"primaryImageOfPage":{"@id":"https:\/\/news.ecclesia.org.br\/?p=23598#primaryimage"},"image":{"@id":"https:\/\/news.ecclesia.org.br\/?p=23598#primaryimage"},"thumbnailUrl":"https:\/\/news.ecclesia.org.br\/wp-content\/uploads\/2017\/07\/mosteiros-turquia.jpg","datePublished":"2017-07-02T17:24:26+00:00","dateModified":"2017-07-02T17:24:32+00:00","breadcrumb":{"@id":"https:\/\/news.ecclesia.org.br\/?p=23598#breadcrumb"},"inLanguage":"pt-BR","potentialAction":[{"@type":"ReadAction","target":["https:\/\/news.ecclesia.org.br\/?p=23598"]}]},{"@type":"ImageObject","inLanguage":"pt-BR","@id":"https:\/\/news.ecclesia.org.br\/?p=23598#primaryimage","url":"https:\/\/news.ecclesia.org.br\/wp-content\/uploads\/2017\/07\/mosteiros-turquia.jpg","contentUrl":"https:\/\/news.ecclesia.org.br\/wp-content\/uploads\/2017\/07\/mosteiros-turquia.jpg","width":1018,"height":540},{"@type":"BreadcrumbList","@id":"https:\/\/news.ecclesia.org.br\/?p=23598#breadcrumb","itemListElement":[{"@type":"ListItem","position":1,"name":"In\u00edcio","item":"https:\/\/news.ecclesia.org.br\/"},{"@type":"ListItem","position":2,"name":"Governo turco expropria mosteiros, igrejas e cemit\u00e9rios s\u00edrio-ortodoxos"}]},{"@type":"WebSite","@id":"https:\/\/news.ecclesia.org.br\/#website","url":"https:\/\/news.ecclesia.org.br\/","name":"Ecclesia Brasil","description":"Desde 2003 onectando o Brasil ao mundo ortodoxo!","publisher":{"@id":"https:\/\/news.ecclesia.org.br\/#organization"},"alternateName":"Ecclesia","potentialAction":[{"@type":"SearchAction","target":{"@type":"EntryPoint","urlTemplate":"https:\/\/news.ecclesia.org.br\/?s={search_term_string}"},"query-input":{"@type":"PropertyValueSpecification","valueRequired":true,"valueName":"search_term_string"}}],"inLanguage":"pt-BR"},{"@type":"Organization","@id":"https:\/\/news.ecclesia.org.br\/#organization","name":"Sacra Arquidiocese de Buenos Aires e Am\u00e9rica do Sul | Patriarcado Ecum\u00eanico","alternateName":"News Ecclesia Brasil","url":"https:\/\/news.ecclesia.org.br\/","logo":{"@type":"ImageObject","inLanguage":"pt-BR","@id":"https:\/\/news.ecclesia.org.br\/#\/schema\/logo\/image\/","url":"https:\/\/news.ecclesia.org.br\/wp-content\/uploads\/2025\/05\/ecclesia2.png","contentUrl":"https:\/\/news.ecclesia.org.br\/wp-content\/uploads\/2025\/05\/ecclesia2.png","width":480,"height":120,"caption":"Sacra Arquidiocese de Buenos Aires e Am\u00e9rica do Sul | Patriarcado Ecum\u00eanico"},"image":{"@id":"https:\/\/news.ecclesia.org.br\/#\/schema\/logo\/image\/"},"sameAs":["https:\/\/www.facebook.com\/Ecclesia2025","https:\/\/x.com\/EcclesiaNews","https:\/\/br.pinterest.com\/ekklisia\/","https:\/\/www.youtube.com\/@EcclesiaBrasil"]},{"@type":"Person","@id":"https:\/\/news.ecclesia.org.br\/#\/schema\/person\/6f09597f025829745ba414a569f63758","name":"Pe. Andr\u00e9","image":{"@type":"ImageObject","inLanguage":"pt-BR","@id":"https:\/\/secure.gravatar.com\/avatar\/b4327cfa27e9799da239a26adcd534fc29cdc0c4a4a148eecbcfeb9b42c617ac?s=96&d=mm&r=g","url":"https:\/\/secure.gravatar.com\/avatar\/b4327cfa27e9799da239a26adcd534fc29cdc0c4a4a148eecbcfeb9b42c617ac?s=96&d=mm&r=g","contentUrl":"https:\/\/secure.gravatar.com\/avatar\/b4327cfa27e9799da239a26adcd534fc29cdc0c4a4a148eecbcfeb9b42c617ac?s=96&d=mm&r=g","caption":"Pe. Andr\u00e9"},"sameAs":["https:\/\/www.ecclesia.org.br"]}]}},"_links":{"self":[{"href":"https:\/\/news.ecclesia.org.br\/index.php?rest_route=\/wp\/v2\/posts\/23598","targetHints":{"allow":["GET"]}}],"collection":[{"href":"https:\/\/news.ecclesia.org.br\/index.php?rest_route=\/wp\/v2\/posts"}],"about":[{"href":"https:\/\/news.ecclesia.org.br\/index.php?rest_route=\/wp\/v2\/types\/post"}],"author":[{"embeddable":true,"href":"https:\/\/news.ecclesia.org.br\/index.php?rest_route=\/wp\/v2\/users\/1"}],"replies":[{"embeddable":true,"href":"https:\/\/news.ecclesia.org.br\/index.php?rest_route=%2Fwp%2Fv2%2Fcomments&post=23598"}],"version-history":[{"count":0,"href":"https:\/\/news.ecclesia.org.br\/index.php?rest_route=\/wp\/v2\/posts\/23598\/revisions"}],"wp:featuredmedia":[{"embeddable":true,"href":"https:\/\/news.ecclesia.org.br\/index.php?rest_route=\/wp\/v2\/media\/23599"}],"wp:attachment":[{"href":"https:\/\/news.ecclesia.org.br\/index.php?rest_route=%2Fwp%2Fv2%2Fmedia&parent=23598"}],"wp:term":[{"taxonomy":"category","embeddable":true,"href":"https:\/\/news.ecclesia.org.br\/index.php?rest_route=%2Fwp%2Fv2%2Fcategories&post=23598"},{"taxonomy":"post_tag","embeddable":true,"href":"https:\/\/news.ecclesia.org.br\/index.php?rest_route=%2Fwp%2Fv2%2Ftags&post=23598"}],"curies":[{"name":"wp","href":"https:\/\/api.w.org\/{rel}","templated":true}]}}