{"id":23578,"date":"2017-06-30T13:28:11","date_gmt":"2017-06-30T13:28:11","guid":{"rendered":"https:\/\/news.ecclesia.org.br\/2013\/?p=23578"},"modified":"2017-06-30T15:30:11","modified_gmt":"2017-06-30T15:30:11","slug":"arqueologos-da-turquia-acreditam-que-a-igreja-tenha-sido-construida-depois-do-primeiro-concilio-de-niceia","status":"publish","type":"post","link":"https:\/\/news.ecclesia.org.br\/?p=23578","title":{"rendered":"Ru\u00ednas de bas\u00edlica de 1.600 anos s\u00e3o encontradas debaixo d\u00b4\u00e1gua"},"content":{"rendered":"<figure id=\"attachment_23579\" aria-describedby=\"caption-attachment-23579\" style=\"width: 300px\" class=\"wp-caption alignleft\"><a href=\"https:\/\/news.ecclesia.org.br\/2013\/wp-content\/uploads\/2017\/06\/basilica-bizantina-niceia.jpg\" target=\"_blank\" rel=\"noopener\"><img decoding=\"async\" class=\"wp-image-23579 size-medium\" src=\"https:\/\/news.ecclesia.org.br\/2013\/wp-content\/uploads\/2017\/06\/basilica-bizantina-niceia-300x150.jpg\" alt=\"\" width=\"300\" height=\"150\" srcset=\"https:\/\/news.ecclesia.org.br\/wp-content\/uploads\/2017\/06\/basilica-bizantina-niceia-300x150.jpg 300w, https:\/\/news.ecclesia.org.br\/wp-content\/uploads\/2017\/06\/basilica-bizantina-niceia-600x300.jpg 600w, https:\/\/news.ecclesia.org.br\/wp-content\/uploads\/2017\/06\/basilica-bizantina-niceia-110x55.jpg 110w, https:\/\/news.ecclesia.org.br\/wp-content\/uploads\/2017\/06\/basilica-bizantina-niceia.jpg 620w\" sizes=\"(max-width: 300px) 100vw, 300px\" \/><\/a><figcaption id=\"caption-attachment-23579\" class=\"wp-caption-text\"><a href=\"http:\/\/www.trthaber.com\/haber\/turkiye\/tarihi-bazilika-ilk-kez-goruntulendi-116493.html\" target=\"_blank\" rel=\"noopener\">TRTHABER.COM<\/a><\/figcaption><\/figure>\n<p style=\"text-align: justify;\"><strong>Arque\u00f3logos da Turquia acreditam que a igreja tenha sido constru\u00edda depois do Primeiro Conc\u00edlio de Niceia<\/strong><\/p>\n<p style=\"text-align: right;\">Por Zelda Caldwell<\/p>\n<p style=\"text-align: justify;\">As ru\u00ednas de uma bas\u00edlica bizantina de 1.600 anos foram descobertos no fundo de um lago no noroeste da Turquia.<\/p>\n<p style=\"text-align: justify;\">\u201cN\u00f3s encontramos as ru\u00ednas da igreja. \u00c9 a planta de uma bas\u00edlica com tr\u00eas naves\u201d, disse Mustafa \u015eahin, professor de arqueologia da Universidade Bursa Uluda\u011f, ao Hurriyet News.<\/p>\n<p style=\"text-align: justify;\">A ideia, agora, \u00e9 abrir um museu subaqu\u00e1tico para permitir que os turistas vejam os alicerces da igreja, encontrados a 5-7 p\u00e9s de \u00e1gua no lago Iznik, em Bursa, na Turquia.<\/p>\n<p style=\"text-align: justify;\">A antiga bas\u00edlica foi descoberta atrav\u00e9s de fotografias a\u00e9reas tiradas em 2014 durante um invent\u00e1rio de artefatos hist\u00f3ricos e culturais. \u00c9 o que diz um artigo publicado pelo site Hurriyet News.<\/p>\n<h3 style=\"text-align: justify;\">Hist\u00f3ria da bas\u00edlica submersa<\/h3>\n<p style=\"text-align: justify;\">De acordo com Sahin, a igreja provavelmente foi constru\u00edda no s\u00e9culo IV, em homenagem a St. Neophytos, que foi martirizado durante a \u00e9poca do imperador romano Diocleciano, em 303.<\/p>\n<p style=\"text-align: justify;\">Neophytos viajou para Niceia (atual noroeste da Turquia) para denunciar a f\u00e9 pag\u00e3 durante a persegui\u00e7\u00e3o de Diocleciano. A bas\u00edlica foi constru\u00edda no local onde ele foi morto pelos soldados romanos da maneira mais brutal.<\/p>\n<p style=\"text-align: justify;\">Os perseguidores enfurecidos suspenderam o santo em uma \u00e1rvore, chicotearam-no com tiras de boi e rasparam seu corpo com garras de ferro. Depois, jogaram-no em um forno quente, mas o santo m\u00e1rtir permaneceu ileso, passando tr\u00eas dias e tr\u00eas noites dentro dele. Os torturadores, sem saber o que fazer com ele, decidiram mat\u00e1-lo. Um dos pag\u00e3os atravessou uma espada no corpo dele (alguns dizem que era uma lan\u00e7a), e o santo partiu para o Senhor aos dezesseis anos.<\/p>\n<p style=\"text-align: justify;\">\u00c9 poss\u00edvel, de acordo com Sahin, que a bas\u00edlica tenha sido constru\u00edda como resultado do Primeiro Conc\u00edlio de Niceia, convocado pelo imperador Constantino, o Grande, no ano 325.<\/p>\n<p style=\"text-align: justify;\">\u201cProvavelmente, ela foi constru\u00edda em 325 ap\u00f3s a primeira reuni\u00e3o do conc\u00edlio em \u0130znik. De qualquer maneira, pensamos que a igreja foi constru\u00edda no s\u00e9culo 4 ou uma data posterior. \u00c9 interessante, pois temos gravuras da Idade M\u00e9dia que retratam esse assassinato. N\u00f3s vemos Neophytos sendo morto na costa do lago \u201c, disse Sahin ao Hurriyet News.<\/p>\n<p style=\"text-align: justify;\">Os arque\u00f3logos entenderam que a bas\u00edlica foi derrubada durante um terremoto em 740 e nunca foi reconstru\u00edda. As ru\u00ednas foram submersas ao longo do tempo por mudan\u00e7as no n\u00edvel da \u00e1gua do lago. A descoberta da bas\u00edlica foi nomeada uma das 10 melhores descobertas de 2014 pelo Instituto Arqueol\u00f3gico da Am\u00e9rica.<\/p>\n<hr \/>\n<p style=\"text-align: right;\">Fonte: <a href=\"https:\/\/pt.aleteia.org\/2017\/06\/28\/ruinas-de-basilica-de-1-600-anos-sao-encontradas-debaixo-dagua\/\" target=\"_blank\" rel=\"noopener\">Aleteia<\/a><\/p>\n","protected":false},"excerpt":{"rendered":"<p>Arque\u00f3logos da Turquia acreditam que a igreja tenha sido constru\u00edda depois do Primeiro Conc\u00edlio de Niceia Por Zelda Caldwell As ru\u00ednas de uma bas\u00edlica bizantina de 1.600 anos foram descobertos no fundo de um lago no noroeste da Turquia. \u201cN\u00f3s&#8230;<\/p>\n","protected":false},"author":1,"featured_media":23579,"comment_status":"open","ping_status":"open","sticky":false,"template":"","format":"standard","meta":{"_acf_changed":false,"footnotes":""},"categories":[3],"tags":[],"class_list":["post-23578","post","type-post","status-publish","format-standard","has-post-thumbnail","hentry","category-mundo","entry","rows-excerpt"],"acf":[],"yoast_head":"<!-- This site is optimized with the Yoast SEO plugin v27.5 - https:\/\/yoast.com\/product\/yoast-seo-wordpress\/ -->\n<title>Ru\u00ednas de bas\u00edlica de 1.600 anos s\u00e3o encontradas debaixo d\u00b4\u00e1gua | ECCLESIA NEWS<\/title>\n<meta name=\"robots\" content=\"index, follow, max-snippet:-1, max-image-preview:large, max-video-preview:-1\" \/>\n<link rel=\"canonical\" href=\"https:\/\/news.ecclesia.org.br\/?p=23578\" \/>\n<meta property=\"og:locale\" content=\"pt_BR\" \/>\n<meta property=\"og:type\" content=\"article\" \/>\n<meta property=\"og:title\" content=\"Ru\u00ednas de bas\u00edlica de 1.600 anos s\u00e3o encontradas debaixo d\u00b4\u00e1gua | ECCLESIA NEWS\" \/>\n<meta property=\"og:description\" content=\"Arque\u00f3logos da Turquia acreditam que a igreja tenha sido constru\u00edda depois do Primeiro Conc\u00edlio de Niceia Por Zelda Caldwell As ru\u00ednas de uma bas\u00edlica bizantina de 1.600 anos foram descobertos no fundo de um lago no noroeste da Turquia. \u201cN\u00f3s&#8230;\" \/>\n<meta property=\"og:url\" content=\"https:\/\/news.ecclesia.org.br\/?p=23578\" \/>\n<meta property=\"og:site_name\" content=\"ECCLESIA NEWS\" \/>\n<meta property=\"article:publisher\" content=\"https:\/\/www.facebook.com\/Ecclesia2025\" \/>\n<meta property=\"article:published_time\" content=\"2017-06-30T13:28:11+00:00\" \/>\n<meta property=\"article:modified_time\" content=\"2017-06-30T15:30:11+00:00\" \/>\n<meta property=\"og:image\" content=\"https:\/\/news.ecclesia.org.br\/wp-content\/uploads\/2017\/06\/basilica-bizantina-niceia.jpg\" \/>\n\t<meta property=\"og:image:width\" content=\"620\" \/>\n\t<meta property=\"og:image:height\" content=\"310\" \/>\n\t<meta property=\"og:image:type\" content=\"image\/jpeg\" \/>\n<meta name=\"author\" content=\"Pe. Andr\u00e9\" \/>\n<meta name=\"twitter:card\" content=\"summary_large_image\" \/>\n<meta name=\"twitter:creator\" content=\"@EcclesiaNews\" \/>\n<meta name=\"twitter:site\" content=\"@EcclesiaNews\" \/>\n<meta name=\"twitter:label1\" content=\"Escrito por\" \/>\n\t<meta name=\"twitter:data1\" content=\"Pe. Andr\u00e9\" \/>\n\t<meta name=\"twitter:label2\" content=\"Est. tempo de leitura\" \/>\n\t<meta name=\"twitter:data2\" content=\"2 minutos\" \/>\n<script type=\"application\/ld+json\" class=\"yoast-schema-graph\">{\"@context\":\"https:\\\/\\\/schema.org\",\"@graph\":[{\"@type\":\"Article\",\"@id\":\"https:\\\/\\\/news.ecclesia.org.br\\\/?p=23578#article\",\"isPartOf\":{\"@id\":\"https:\\\/\\\/news.ecclesia.org.br\\\/?p=23578\"},\"author\":{\"name\":\"Pe. Andr\u00e9\",\"@id\":\"https:\\\/\\\/news.ecclesia.org.br\\\/#\\\/schema\\\/person\\\/6f09597f025829745ba414a569f63758\"},\"headline\":\"Ru\u00ednas de bas\u00edlica de 1.600 anos s\u00e3o encontradas debaixo d\u00b4\u00e1gua\",\"datePublished\":\"2017-06-30T13:28:11+00:00\",\"dateModified\":\"2017-06-30T15:30:11+00:00\",\"mainEntityOfPage\":{\"@id\":\"https:\\\/\\\/news.ecclesia.org.br\\\/?p=23578\"},\"wordCount\":470,\"commentCount\":0,\"publisher\":{\"@id\":\"https:\\\/\\\/news.ecclesia.org.br\\\/#organization\"},\"image\":{\"@id\":\"https:\\\/\\\/news.ecclesia.org.br\\\/?p=23578#primaryimage\"},\"thumbnailUrl\":\"https:\\\/\\\/news.ecclesia.org.br\\\/wp-content\\\/uploads\\\/2017\\\/06\\\/basilica-bizantina-niceia.jpg\",\"articleSection\":[\"Mundo Ortodoxo\"],\"inLanguage\":\"pt-BR\",\"potentialAction\":[{\"@type\":\"CommentAction\",\"name\":\"Comment\",\"target\":[\"https:\\\/\\\/news.ecclesia.org.br\\\/?p=23578#respond\"]}]},{\"@type\":\"WebPage\",\"@id\":\"https:\\\/\\\/news.ecclesia.org.br\\\/?p=23578\",\"url\":\"https:\\\/\\\/news.ecclesia.org.br\\\/?p=23578\",\"name\":\"Ru\u00ednas de bas\u00edlica de 1.600 anos s\u00e3o encontradas debaixo d\u00b4\u00e1gua | ECCLESIA NEWS\",\"isPartOf\":{\"@id\":\"https:\\\/\\\/news.ecclesia.org.br\\\/#website\"},\"primaryImageOfPage\":{\"@id\":\"https:\\\/\\\/news.ecclesia.org.br\\\/?p=23578#primaryimage\"},\"image\":{\"@id\":\"https:\\\/\\\/news.ecclesia.org.br\\\/?p=23578#primaryimage\"},\"thumbnailUrl\":\"https:\\\/\\\/news.ecclesia.org.br\\\/wp-content\\\/uploads\\\/2017\\\/06\\\/basilica-bizantina-niceia.jpg\",\"datePublished\":\"2017-06-30T13:28:11+00:00\",\"dateModified\":\"2017-06-30T15:30:11+00:00\",\"breadcrumb\":{\"@id\":\"https:\\\/\\\/news.ecclesia.org.br\\\/?p=23578#breadcrumb\"},\"inLanguage\":\"pt-BR\",\"potentialAction\":[{\"@type\":\"ReadAction\",\"target\":[\"https:\\\/\\\/news.ecclesia.org.br\\\/?p=23578\"]}]},{\"@type\":\"ImageObject\",\"inLanguage\":\"pt-BR\",\"@id\":\"https:\\\/\\\/news.ecclesia.org.br\\\/?p=23578#primaryimage\",\"url\":\"https:\\\/\\\/news.ecclesia.org.br\\\/wp-content\\\/uploads\\\/2017\\\/06\\\/basilica-bizantina-niceia.jpg\",\"contentUrl\":\"https:\\\/\\\/news.ecclesia.org.br\\\/wp-content\\\/uploads\\\/2017\\\/06\\\/basilica-bizantina-niceia.jpg\",\"width\":620,\"height\":310,\"caption\":\"Bas\u00edlica Bizantina de Niceia\"},{\"@type\":\"BreadcrumbList\",\"@id\":\"https:\\\/\\\/news.ecclesia.org.br\\\/?p=23578#breadcrumb\",\"itemListElement\":[{\"@type\":\"ListItem\",\"position\":1,\"name\":\"In\u00edcio\",\"item\":\"https:\\\/\\\/news.ecclesia.org.br\\\/\"},{\"@type\":\"ListItem\",\"position\":2,\"name\":\"Ru\u00ednas de bas\u00edlica de 1.600 anos s\u00e3o encontradas debaixo d\u00b4\u00e1gua\"}]},{\"@type\":\"WebSite\",\"@id\":\"https:\\\/\\\/news.ecclesia.org.br\\\/#website\",\"url\":\"https:\\\/\\\/news.ecclesia.org.br\\\/\",\"name\":\"Ecclesia Brasil\",\"description\":\"Desde 2003 onectando o Brasil ao mundo ortodoxo!\",\"publisher\":{\"@id\":\"https:\\\/\\\/news.ecclesia.org.br\\\/#organization\"},\"alternateName\":\"Ecclesia\",\"potentialAction\":[{\"@type\":\"SearchAction\",\"target\":{\"@type\":\"EntryPoint\",\"urlTemplate\":\"https:\\\/\\\/news.ecclesia.org.br\\\/?s={search_term_string}\"},\"query-input\":{\"@type\":\"PropertyValueSpecification\",\"valueRequired\":true,\"valueName\":\"search_term_string\"}}],\"inLanguage\":\"pt-BR\"},{\"@type\":\"Organization\",\"@id\":\"https:\\\/\\\/news.ecclesia.org.br\\\/#organization\",\"name\":\"Sacra Arquidiocese de Buenos Aires e Am\u00e9rica do Sul | Patriarcado Ecum\u00eanico\",\"alternateName\":\"News Ecclesia Brasil\",\"url\":\"https:\\\/\\\/news.ecclesia.org.br\\\/\",\"logo\":{\"@type\":\"ImageObject\",\"inLanguage\":\"pt-BR\",\"@id\":\"https:\\\/\\\/news.ecclesia.org.br\\\/#\\\/schema\\\/logo\\\/image\\\/\",\"url\":\"https:\\\/\\\/news.ecclesia.org.br\\\/wp-content\\\/uploads\\\/2025\\\/05\\\/ecclesia2.png\",\"contentUrl\":\"https:\\\/\\\/news.ecclesia.org.br\\\/wp-content\\\/uploads\\\/2025\\\/05\\\/ecclesia2.png\",\"width\":480,\"height\":120,\"caption\":\"Sacra Arquidiocese de Buenos Aires e Am\u00e9rica do Sul | Patriarcado Ecum\u00eanico\"},\"image\":{\"@id\":\"https:\\\/\\\/news.ecclesia.org.br\\\/#\\\/schema\\\/logo\\\/image\\\/\"},\"sameAs\":[\"https:\\\/\\\/www.facebook.com\\\/Ecclesia2025\",\"https:\\\/\\\/x.com\\\/EcclesiaNews\",\"https:\\\/\\\/br.pinterest.com\\\/ekklisia\\\/\",\"https:\\\/\\\/www.youtube.com\\\/@EcclesiaBrasil\"]},{\"@type\":\"Person\",\"@id\":\"https:\\\/\\\/news.ecclesia.org.br\\\/#\\\/schema\\\/person\\\/6f09597f025829745ba414a569f63758\",\"name\":\"Pe. Andr\u00e9\",\"image\":{\"@type\":\"ImageObject\",\"inLanguage\":\"pt-BR\",\"@id\":\"https:\\\/\\\/secure.gravatar.com\\\/avatar\\\/b4327cfa27e9799da239a26adcd534fc29cdc0c4a4a148eecbcfeb9b42c617ac?s=96&d=mm&r=g\",\"url\":\"https:\\\/\\\/secure.gravatar.com\\\/avatar\\\/b4327cfa27e9799da239a26adcd534fc29cdc0c4a4a148eecbcfeb9b42c617ac?s=96&d=mm&r=g\",\"contentUrl\":\"https:\\\/\\\/secure.gravatar.com\\\/avatar\\\/b4327cfa27e9799da239a26adcd534fc29cdc0c4a4a148eecbcfeb9b42c617ac?s=96&d=mm&r=g\",\"caption\":\"Pe. Andr\u00e9\"},\"sameAs\":[\"https:\\\/\\\/www.ecclesia.org.br\"]}]}<\/script>\n<!-- \/ Yoast SEO plugin. -->","yoast_head_json":{"title":"Ru\u00ednas de bas\u00edlica de 1.600 anos s\u00e3o encontradas debaixo d\u00b4\u00e1gua | ECCLESIA NEWS","robots":{"index":"index","follow":"follow","max-snippet":"max-snippet:-1","max-image-preview":"max-image-preview:large","max-video-preview":"max-video-preview:-1"},"canonical":"https:\/\/news.ecclesia.org.br\/?p=23578","og_locale":"pt_BR","og_type":"article","og_title":"Ru\u00ednas de bas\u00edlica de 1.600 anos s\u00e3o encontradas debaixo d\u00b4\u00e1gua | ECCLESIA NEWS","og_description":"Arque\u00f3logos da Turquia acreditam que a igreja tenha sido constru\u00edda depois do Primeiro Conc\u00edlio de Niceia Por Zelda Caldwell As ru\u00ednas de uma bas\u00edlica bizantina de 1.600 anos foram descobertos no fundo de um lago no noroeste da Turquia. \u201cN\u00f3s&#8230;","og_url":"https:\/\/news.ecclesia.org.br\/?p=23578","og_site_name":"ECCLESIA NEWS","article_publisher":"https:\/\/www.facebook.com\/Ecclesia2025","article_published_time":"2017-06-30T13:28:11+00:00","article_modified_time":"2017-06-30T15:30:11+00:00","og_image":[{"width":620,"height":310,"url":"https:\/\/news.ecclesia.org.br\/wp-content\/uploads\/2017\/06\/basilica-bizantina-niceia.jpg","type":"image\/jpeg"}],"author":"Pe. Andr\u00e9","twitter_card":"summary_large_image","twitter_creator":"@EcclesiaNews","twitter_site":"@EcclesiaNews","twitter_misc":{"Escrito por":"Pe. Andr\u00e9","Est. tempo de leitura":"2 minutos"},"schema":{"@context":"https:\/\/schema.org","@graph":[{"@type":"Article","@id":"https:\/\/news.ecclesia.org.br\/?p=23578#article","isPartOf":{"@id":"https:\/\/news.ecclesia.org.br\/?p=23578"},"author":{"name":"Pe. Andr\u00e9","@id":"https:\/\/news.ecclesia.org.br\/#\/schema\/person\/6f09597f025829745ba414a569f63758"},"headline":"Ru\u00ednas de bas\u00edlica de 1.600 anos s\u00e3o encontradas debaixo d\u00b4\u00e1gua","datePublished":"2017-06-30T13:28:11+00:00","dateModified":"2017-06-30T15:30:11+00:00","mainEntityOfPage":{"@id":"https:\/\/news.ecclesia.org.br\/?p=23578"},"wordCount":470,"commentCount":0,"publisher":{"@id":"https:\/\/news.ecclesia.org.br\/#organization"},"image":{"@id":"https:\/\/news.ecclesia.org.br\/?p=23578#primaryimage"},"thumbnailUrl":"https:\/\/news.ecclesia.org.br\/wp-content\/uploads\/2017\/06\/basilica-bizantina-niceia.jpg","articleSection":["Mundo Ortodoxo"],"inLanguage":"pt-BR","potentialAction":[{"@type":"CommentAction","name":"Comment","target":["https:\/\/news.ecclesia.org.br\/?p=23578#respond"]}]},{"@type":"WebPage","@id":"https:\/\/news.ecclesia.org.br\/?p=23578","url":"https:\/\/news.ecclesia.org.br\/?p=23578","name":"Ru\u00ednas de bas\u00edlica de 1.600 anos s\u00e3o encontradas debaixo d\u00b4\u00e1gua | ECCLESIA NEWS","isPartOf":{"@id":"https:\/\/news.ecclesia.org.br\/#website"},"primaryImageOfPage":{"@id":"https:\/\/news.ecclesia.org.br\/?p=23578#primaryimage"},"image":{"@id":"https:\/\/news.ecclesia.org.br\/?p=23578#primaryimage"},"thumbnailUrl":"https:\/\/news.ecclesia.org.br\/wp-content\/uploads\/2017\/06\/basilica-bizantina-niceia.jpg","datePublished":"2017-06-30T13:28:11+00:00","dateModified":"2017-06-30T15:30:11+00:00","breadcrumb":{"@id":"https:\/\/news.ecclesia.org.br\/?p=23578#breadcrumb"},"inLanguage":"pt-BR","potentialAction":[{"@type":"ReadAction","target":["https:\/\/news.ecclesia.org.br\/?p=23578"]}]},{"@type":"ImageObject","inLanguage":"pt-BR","@id":"https:\/\/news.ecclesia.org.br\/?p=23578#primaryimage","url":"https:\/\/news.ecclesia.org.br\/wp-content\/uploads\/2017\/06\/basilica-bizantina-niceia.jpg","contentUrl":"https:\/\/news.ecclesia.org.br\/wp-content\/uploads\/2017\/06\/basilica-bizantina-niceia.jpg","width":620,"height":310,"caption":"Bas\u00edlica Bizantina de Niceia"},{"@type":"BreadcrumbList","@id":"https:\/\/news.ecclesia.org.br\/?p=23578#breadcrumb","itemListElement":[{"@type":"ListItem","position":1,"name":"In\u00edcio","item":"https:\/\/news.ecclesia.org.br\/"},{"@type":"ListItem","position":2,"name":"Ru\u00ednas de bas\u00edlica de 1.600 anos s\u00e3o encontradas debaixo d\u00b4\u00e1gua"}]},{"@type":"WebSite","@id":"https:\/\/news.ecclesia.org.br\/#website","url":"https:\/\/news.ecclesia.org.br\/","name":"Ecclesia Brasil","description":"Desde 2003 onectando o Brasil ao mundo ortodoxo!","publisher":{"@id":"https:\/\/news.ecclesia.org.br\/#organization"},"alternateName":"Ecclesia","potentialAction":[{"@type":"SearchAction","target":{"@type":"EntryPoint","urlTemplate":"https:\/\/news.ecclesia.org.br\/?s={search_term_string}"},"query-input":{"@type":"PropertyValueSpecification","valueRequired":true,"valueName":"search_term_string"}}],"inLanguage":"pt-BR"},{"@type":"Organization","@id":"https:\/\/news.ecclesia.org.br\/#organization","name":"Sacra Arquidiocese de Buenos Aires e Am\u00e9rica do Sul | Patriarcado Ecum\u00eanico","alternateName":"News Ecclesia Brasil","url":"https:\/\/news.ecclesia.org.br\/","logo":{"@type":"ImageObject","inLanguage":"pt-BR","@id":"https:\/\/news.ecclesia.org.br\/#\/schema\/logo\/image\/","url":"https:\/\/news.ecclesia.org.br\/wp-content\/uploads\/2025\/05\/ecclesia2.png","contentUrl":"https:\/\/news.ecclesia.org.br\/wp-content\/uploads\/2025\/05\/ecclesia2.png","width":480,"height":120,"caption":"Sacra Arquidiocese de Buenos Aires e Am\u00e9rica do Sul | Patriarcado Ecum\u00eanico"},"image":{"@id":"https:\/\/news.ecclesia.org.br\/#\/schema\/logo\/image\/"},"sameAs":["https:\/\/www.facebook.com\/Ecclesia2025","https:\/\/x.com\/EcclesiaNews","https:\/\/br.pinterest.com\/ekklisia\/","https:\/\/www.youtube.com\/@EcclesiaBrasil"]},{"@type":"Person","@id":"https:\/\/news.ecclesia.org.br\/#\/schema\/person\/6f09597f025829745ba414a569f63758","name":"Pe. Andr\u00e9","image":{"@type":"ImageObject","inLanguage":"pt-BR","@id":"https:\/\/secure.gravatar.com\/avatar\/b4327cfa27e9799da239a26adcd534fc29cdc0c4a4a148eecbcfeb9b42c617ac?s=96&d=mm&r=g","url":"https:\/\/secure.gravatar.com\/avatar\/b4327cfa27e9799da239a26adcd534fc29cdc0c4a4a148eecbcfeb9b42c617ac?s=96&d=mm&r=g","contentUrl":"https:\/\/secure.gravatar.com\/avatar\/b4327cfa27e9799da239a26adcd534fc29cdc0c4a4a148eecbcfeb9b42c617ac?s=96&d=mm&r=g","caption":"Pe. Andr\u00e9"},"sameAs":["https:\/\/www.ecclesia.org.br"]}]}},"_links":{"self":[{"href":"https:\/\/news.ecclesia.org.br\/index.php?rest_route=\/wp\/v2\/posts\/23578","targetHints":{"allow":["GET"]}}],"collection":[{"href":"https:\/\/news.ecclesia.org.br\/index.php?rest_route=\/wp\/v2\/posts"}],"about":[{"href":"https:\/\/news.ecclesia.org.br\/index.php?rest_route=\/wp\/v2\/types\/post"}],"author":[{"embeddable":true,"href":"https:\/\/news.ecclesia.org.br\/index.php?rest_route=\/wp\/v2\/users\/1"}],"replies":[{"embeddable":true,"href":"https:\/\/news.ecclesia.org.br\/index.php?rest_route=%2Fwp%2Fv2%2Fcomments&post=23578"}],"version-history":[{"count":0,"href":"https:\/\/news.ecclesia.org.br\/index.php?rest_route=\/wp\/v2\/posts\/23578\/revisions"}],"wp:featuredmedia":[{"embeddable":true,"href":"https:\/\/news.ecclesia.org.br\/index.php?rest_route=\/wp\/v2\/media\/23579"}],"wp:attachment":[{"href":"https:\/\/news.ecclesia.org.br\/index.php?rest_route=%2Fwp%2Fv2%2Fmedia&parent=23578"}],"wp:term":[{"taxonomy":"category","embeddable":true,"href":"https:\/\/news.ecclesia.org.br\/index.php?rest_route=%2Fwp%2Fv2%2Fcategories&post=23578"},{"taxonomy":"post_tag","embeddable":true,"href":"https:\/\/news.ecclesia.org.br\/index.php?rest_route=%2Fwp%2Fv2%2Ftags&post=23578"}],"curies":[{"name":"wp","href":"https:\/\/api.w.org\/{rel}","templated":true}]}}