{"id":23556,"date":"2017-06-27T15:03:57","date_gmt":"2017-06-27T15:03:57","guid":{"rendered":"https:\/\/news.ecclesia.org.br\/2013\/?p=23556"},"modified":"2017-06-27T15:09:36","modified_gmt":"2017-06-27T15:09:36","slug":"papa-francisco-de-roma-recebe-nesta-terca-feira-delegacao-do-patriarcado-ecumenico","status":"publish","type":"post","link":"https:\/\/news.ecclesia.org.br\/?p=23556","title":{"rendered":"Papa Francisco de Roma recebe nesta ter\u00e7a-feira Delega\u00e7\u00e3o do Patriarcado ecum\u00eanico"},"content":{"rendered":"<figure id=\"attachment_23553\" aria-describedby=\"caption-attachment-23553\" style=\"width: 300px\" class=\"wp-caption alignleft\"><a href=\"https:\/\/news.ecclesia.org.br\/2013\/wp-content\/uploads\/2017\/06\/delegacao-2017.jpg\"><img fetchpriority=\"high\" decoding=\"async\" class=\"size-medium wp-image-23553\" src=\"https:\/\/news.ecclesia.org.br\/2013\/wp-content\/uploads\/2017\/06\/delegacao-2017-300x212.jpg\" alt=\"\" width=\"300\" height=\"212\" srcset=\"https:\/\/news.ecclesia.org.br\/wp-content\/uploads\/2017\/06\/delegacao-2017-300x212.jpg 300w, https:\/\/news.ecclesia.org.br\/wp-content\/uploads\/2017\/06\/delegacao-2017-600x425.jpg 600w, https:\/\/news.ecclesia.org.br\/wp-content\/uploads\/2017\/06\/delegacao-2017-78x55.jpg 78w, https:\/\/news.ecclesia.org.br\/wp-content\/uploads\/2017\/06\/delegacao-2017.jpg 640w\" sizes=\"(max-width: 300px) 100vw, 300px\" \/><\/a><figcaption id=\"caption-attachment-23553\" class=\"wp-caption-text\">Papa Francisco com delega\u00e7\u00e3o do Patriarcado ecum\u00eanico, no ano passado 28-06-2016 &#8211; OSS_ROM<\/figcaption><\/figure>\n<p style=\"text-align: justify;\">Cidade do Vaticano (RV) &#8211; O Papa Francisco vai receber na manh\u00e3 desta ter\u00e7a-feira (27\/06) no Vaticano uma Delega\u00e7\u00e3o do Patriarcado ecum\u00eanico de Constantinopla. A delega\u00e7\u00e3o \u00e9 conduzida pelo arcebispo de Telmessos, Metropolita Job, nomeado ano passado copresidente da Comiss\u00e3o mista internacional para o di\u00e1logo entre as Igrejas ortodoxas e a Igreja cat\u00f3lica.<\/p>\n<p style=\"text-align: justify;\">A delega\u00e7\u00e3o chegou na tarde desta segunda-feira a Roma para o tradicional interc\u00e2mbio de delega\u00e7\u00f5es que a Santa S\u00e9 e o Patriarcado Ecum\u00eanico fazem todos os anos por ocasi\u00e3o das respectivas festas dos santos padroeiros: 29 de junho em Roma para a celebra\u00e7\u00e3o dos Santos Ap\u00f3stolos Pedro e Paulo, e 30 de novembro em Istambul para a celebra\u00e7\u00e3o de Santo Andr\u00e9 Ap\u00f3stolo.<\/p>\n<h3 style=\"text-align: justify;\">Delega\u00e7\u00e3o almo\u00e7ar\u00e1 com o Papa esta ter\u00e7a-feira<\/h3>\n<p style=\"text-align: justify;\">Os membros da Delega\u00e7\u00e3o, da qual fazem parte tamb\u00e9m o Rev. Ambrosios Chorozidis e Pe. Agathanghelos Sikos, almo\u00e7ar\u00e3o com o Papa nesta ter\u00e7a-feira e, na parte da tarde, \u00e0s 16:00h locais, ser\u00e3o recebidos pelo Pontif\u00edcio Conselho para a Promo\u00e7\u00e3o da Unidade dos Crist\u00e3os.<\/p>\n<p style=\"text-align: justify;\">Na quarta-feira, 28 de junho, os membros da Delega\u00e7\u00e3o participar\u00e3o do Consist\u00f3rio ordin\u00e1rio p\u00fablico presidido pelo Papa Francisco para a cria\u00e7\u00e3o de cinco novos cardeais e no dia seguinte, seguindo a tradi\u00e7\u00e3o, participar\u00e3o da celebra\u00e7\u00e3o solene dos Santos Ap\u00f3stolos Pedro e Paulo. (RL\/Sir)<\/p>\n<hr \/>\n<p style=\"text-align: right;\">Fonte: <a href=\"http:\/\/br.radiovaticana.va\/\" target=\"_blank\" rel=\"noopener\">R\u00e1dio Vaticana<\/a><\/p>\n","protected":false},"excerpt":{"rendered":"<p>Cidade do Vaticano (RV) &#8211; O Papa Francisco vai receber na manh\u00e3 desta ter\u00e7a-feira (27\/06) no Vaticano uma Delega\u00e7\u00e3o do Patriarcado ecum\u00eanico de Constantinopla. A delega\u00e7\u00e3o \u00e9 conduzida pelo arcebispo de Telmessos, Metropolita Job, nomeado ano passado copresidente da Comiss\u00e3o&#8230;<\/p>\n","protected":false},"author":1,"featured_media":23553,"comment_status":"open","ping_status":"open","sticky":false,"template":"","format":"standard","meta":{"_acf_changed":false,"footnotes":""},"categories":[1,72],"tags":[],"class_list":["post-23556","post","type-post","status-publish","format-standard","has-post-thumbnail","hentry","category-news","category-patriarcado-ecumenico","entry","rows-excerpt"],"acf":[],"yoast_head":"<!-- This site is optimized with the Yoast SEO plugin v27.4 - https:\/\/yoast.com\/product\/yoast-seo-wordpress\/ -->\n<title>Papa Francisco de Roma recebe nesta ter\u00e7a-feira Delega\u00e7\u00e3o do Patriarcado ecum\u00eanico | ECCLESIA NEWS<\/title>\n<meta name=\"robots\" content=\"index, follow, max-snippet:-1, max-image-preview:large, max-video-preview:-1\" \/>\n<link rel=\"canonical\" href=\"https:\/\/news.ecclesia.org.br\/?p=23556\" \/>\n<meta property=\"og:locale\" content=\"pt_BR\" \/>\n<meta property=\"og:type\" content=\"article\" \/>\n<meta property=\"og:title\" content=\"Papa Francisco de Roma recebe nesta ter\u00e7a-feira Delega\u00e7\u00e3o do Patriarcado ecum\u00eanico | ECCLESIA NEWS\" \/>\n<meta property=\"og:description\" content=\"Cidade do Vaticano (RV) &#8211; O Papa Francisco vai receber na manh\u00e3 desta ter\u00e7a-feira (27\/06) no Vaticano uma Delega\u00e7\u00e3o do Patriarcado ecum\u00eanico de Constantinopla. A delega\u00e7\u00e3o \u00e9 conduzida pelo arcebispo de Telmessos, Metropolita Job, nomeado ano passado copresidente da Comiss\u00e3o&#8230;\" \/>\n<meta property=\"og:url\" content=\"https:\/\/news.ecclesia.org.br\/?p=23556\" \/>\n<meta property=\"og:site_name\" content=\"ECCLESIA NEWS\" \/>\n<meta property=\"article:publisher\" content=\"https:\/\/www.facebook.com\/Ecclesia2025\" \/>\n<meta property=\"article:published_time\" content=\"2017-06-27T15:03:57+00:00\" \/>\n<meta property=\"article:modified_time\" content=\"2017-06-27T15:09:36+00:00\" \/>\n<meta property=\"og:image\" content=\"https:\/\/news.ecclesia.org.br\/wp-content\/uploads\/2017\/06\/delegacao-2017.jpg\" \/>\n\t<meta property=\"og:image:width\" content=\"640\" \/>\n\t<meta property=\"og:image:height\" content=\"453\" \/>\n\t<meta property=\"og:image:type\" content=\"image\/jpeg\" \/>\n<meta name=\"author\" content=\"Pe. Andr\u00e9\" \/>\n<meta name=\"twitter:card\" content=\"summary_large_image\" \/>\n<meta name=\"twitter:creator\" content=\"@EcclesiaNews\" \/>\n<meta name=\"twitter:site\" content=\"@EcclesiaNews\" \/>\n<meta name=\"twitter:label1\" content=\"Escrito por\" \/>\n\t<meta name=\"twitter:data1\" content=\"Pe. Andr\u00e9\" \/>\n\t<meta name=\"twitter:label2\" content=\"Est. tempo de leitura\" \/>\n\t<meta name=\"twitter:data2\" content=\"1 minuto\" \/>\n<script type=\"application\/ld+json\" class=\"yoast-schema-graph\">{\"@context\":\"https:\\\/\\\/schema.org\",\"@graph\":[{\"@type\":\"Article\",\"@id\":\"https:\\\/\\\/news.ecclesia.org.br\\\/?p=23556#article\",\"isPartOf\":{\"@id\":\"https:\\\/\\\/news.ecclesia.org.br\\\/?p=23556\"},\"author\":{\"name\":\"Pe. Andr\u00e9\",\"@id\":\"https:\\\/\\\/news.ecclesia.org.br\\\/#\\\/schema\\\/person\\\/6f09597f025829745ba414a569f63758\"},\"headline\":\"Papa Francisco de Roma recebe nesta ter\u00e7a-feira Delega\u00e7\u00e3o do Patriarcado ecum\u00eanico\",\"datePublished\":\"2017-06-27T15:03:57+00:00\",\"dateModified\":\"2017-06-27T15:09:36+00:00\",\"mainEntityOfPage\":{\"@id\":\"https:\\\/\\\/news.ecclesia.org.br\\\/?p=23556\"},\"wordCount\":284,\"commentCount\":0,\"publisher\":{\"@id\":\"https:\\\/\\\/news.ecclesia.org.br\\\/#organization\"},\"image\":{\"@id\":\"https:\\\/\\\/news.ecclesia.org.br\\\/?p=23556#primaryimage\"},\"thumbnailUrl\":\"https:\\\/\\\/news.ecclesia.org.br\\\/wp-content\\\/uploads\\\/2017\\\/06\\\/delegacao-2017.jpg\",\"articleSection\":[\"NEWS\",\"Patriarcado Ecum\u00eanico\"],\"inLanguage\":\"pt-BR\",\"potentialAction\":[{\"@type\":\"CommentAction\",\"name\":\"Comment\",\"target\":[\"https:\\\/\\\/news.ecclesia.org.br\\\/?p=23556#respond\"]}]},{\"@type\":\"WebPage\",\"@id\":\"https:\\\/\\\/news.ecclesia.org.br\\\/?p=23556\",\"url\":\"https:\\\/\\\/news.ecclesia.org.br\\\/?p=23556\",\"name\":\"Papa Francisco de Roma recebe nesta ter\u00e7a-feira Delega\u00e7\u00e3o do Patriarcado ecum\u00eanico | ECCLESIA NEWS\",\"isPartOf\":{\"@id\":\"https:\\\/\\\/news.ecclesia.org.br\\\/#website\"},\"primaryImageOfPage\":{\"@id\":\"https:\\\/\\\/news.ecclesia.org.br\\\/?p=23556#primaryimage\"},\"image\":{\"@id\":\"https:\\\/\\\/news.ecclesia.org.br\\\/?p=23556#primaryimage\"},\"thumbnailUrl\":\"https:\\\/\\\/news.ecclesia.org.br\\\/wp-content\\\/uploads\\\/2017\\\/06\\\/delegacao-2017.jpg\",\"datePublished\":\"2017-06-27T15:03:57+00:00\",\"dateModified\":\"2017-06-27T15:09:36+00:00\",\"breadcrumb\":{\"@id\":\"https:\\\/\\\/news.ecclesia.org.br\\\/?p=23556#breadcrumb\"},\"inLanguage\":\"pt-BR\",\"potentialAction\":[{\"@type\":\"ReadAction\",\"target\":[\"https:\\\/\\\/news.ecclesia.org.br\\\/?p=23556\"]}]},{\"@type\":\"ImageObject\",\"inLanguage\":\"pt-BR\",\"@id\":\"https:\\\/\\\/news.ecclesia.org.br\\\/?p=23556#primaryimage\",\"url\":\"https:\\\/\\\/news.ecclesia.org.br\\\/wp-content\\\/uploads\\\/2017\\\/06\\\/delegacao-2017.jpg\",\"contentUrl\":\"https:\\\/\\\/news.ecclesia.org.br\\\/wp-content\\\/uploads\\\/2017\\\/06\\\/delegacao-2017.jpg\",\"width\":640,\"height\":453,\"caption\":\"Papa Francisco com delega\u00e7\u00e3o do Patriarcado ecum\u00eanico, no ano passado 28-06-2016 - OSS_ROM\"},{\"@type\":\"BreadcrumbList\",\"@id\":\"https:\\\/\\\/news.ecclesia.org.br\\\/?p=23556#breadcrumb\",\"itemListElement\":[{\"@type\":\"ListItem\",\"position\":1,\"name\":\"In\u00edcio\",\"item\":\"https:\\\/\\\/news.ecclesia.org.br\\\/\"},{\"@type\":\"ListItem\",\"position\":2,\"name\":\"Papa Francisco de Roma recebe nesta ter\u00e7a-feira Delega\u00e7\u00e3o do Patriarcado ecum\u00eanico\"}]},{\"@type\":\"WebSite\",\"@id\":\"https:\\\/\\\/news.ecclesia.org.br\\\/#website\",\"url\":\"https:\\\/\\\/news.ecclesia.org.br\\\/\",\"name\":\"Ecclesia Brasil\",\"description\":\"Desde 2003 onectando o Brasil ao mundo ortodoxo!\",\"publisher\":{\"@id\":\"https:\\\/\\\/news.ecclesia.org.br\\\/#organization\"},\"alternateName\":\"Ecclesia\",\"potentialAction\":[{\"@type\":\"SearchAction\",\"target\":{\"@type\":\"EntryPoint\",\"urlTemplate\":\"https:\\\/\\\/news.ecclesia.org.br\\\/?s={search_term_string}\"},\"query-input\":{\"@type\":\"PropertyValueSpecification\",\"valueRequired\":true,\"valueName\":\"search_term_string\"}}],\"inLanguage\":\"pt-BR\"},{\"@type\":\"Organization\",\"@id\":\"https:\\\/\\\/news.ecclesia.org.br\\\/#organization\",\"name\":\"Sacra Arquidiocese de Buenos Aires e Am\u00e9rica do Sul | Patriarcado Ecum\u00eanico\",\"alternateName\":\"News Ecclesia Brasil\",\"url\":\"https:\\\/\\\/news.ecclesia.org.br\\\/\",\"logo\":{\"@type\":\"ImageObject\",\"inLanguage\":\"pt-BR\",\"@id\":\"https:\\\/\\\/news.ecclesia.org.br\\\/#\\\/schema\\\/logo\\\/image\\\/\",\"url\":\"https:\\\/\\\/news.ecclesia.org.br\\\/wp-content\\\/uploads\\\/2025\\\/05\\\/ecclesia2.png\",\"contentUrl\":\"https:\\\/\\\/news.ecclesia.org.br\\\/wp-content\\\/uploads\\\/2025\\\/05\\\/ecclesia2.png\",\"width\":480,\"height\":120,\"caption\":\"Sacra Arquidiocese de Buenos Aires e Am\u00e9rica do Sul | Patriarcado Ecum\u00eanico\"},\"image\":{\"@id\":\"https:\\\/\\\/news.ecclesia.org.br\\\/#\\\/schema\\\/logo\\\/image\\\/\"},\"sameAs\":[\"https:\\\/\\\/www.facebook.com\\\/Ecclesia2025\",\"https:\\\/\\\/x.com\\\/EcclesiaNews\",\"https:\\\/\\\/br.pinterest.com\\\/ekklisia\\\/\",\"https:\\\/\\\/www.youtube.com\\\/@EcclesiaBrasil\"]},{\"@type\":\"Person\",\"@id\":\"https:\\\/\\\/news.ecclesia.org.br\\\/#\\\/schema\\\/person\\\/6f09597f025829745ba414a569f63758\",\"name\":\"Pe. Andr\u00e9\",\"image\":{\"@type\":\"ImageObject\",\"inLanguage\":\"pt-BR\",\"@id\":\"https:\\\/\\\/secure.gravatar.com\\\/avatar\\\/b4327cfa27e9799da239a26adcd534fc29cdc0c4a4a148eecbcfeb9b42c617ac?s=96&d=mm&r=g\",\"url\":\"https:\\\/\\\/secure.gravatar.com\\\/avatar\\\/b4327cfa27e9799da239a26adcd534fc29cdc0c4a4a148eecbcfeb9b42c617ac?s=96&d=mm&r=g\",\"contentUrl\":\"https:\\\/\\\/secure.gravatar.com\\\/avatar\\\/b4327cfa27e9799da239a26adcd534fc29cdc0c4a4a148eecbcfeb9b42c617ac?s=96&d=mm&r=g\",\"caption\":\"Pe. Andr\u00e9\"},\"sameAs\":[\"https:\\\/\\\/www.ecclesia.org.br\"]}]}<\/script>\n<!-- \/ Yoast SEO plugin. -->","yoast_head_json":{"title":"Papa Francisco de Roma recebe nesta ter\u00e7a-feira Delega\u00e7\u00e3o do Patriarcado ecum\u00eanico | ECCLESIA NEWS","robots":{"index":"index","follow":"follow","max-snippet":"max-snippet:-1","max-image-preview":"max-image-preview:large","max-video-preview":"max-video-preview:-1"},"canonical":"https:\/\/news.ecclesia.org.br\/?p=23556","og_locale":"pt_BR","og_type":"article","og_title":"Papa Francisco de Roma recebe nesta ter\u00e7a-feira Delega\u00e7\u00e3o do Patriarcado ecum\u00eanico | ECCLESIA NEWS","og_description":"Cidade do Vaticano (RV) &#8211; O Papa Francisco vai receber na manh\u00e3 desta ter\u00e7a-feira (27\/06) no Vaticano uma Delega\u00e7\u00e3o do Patriarcado ecum\u00eanico de Constantinopla. A delega\u00e7\u00e3o \u00e9 conduzida pelo arcebispo de Telmessos, Metropolita Job, nomeado ano passado copresidente da Comiss\u00e3o&#8230;","og_url":"https:\/\/news.ecclesia.org.br\/?p=23556","og_site_name":"ECCLESIA NEWS","article_publisher":"https:\/\/www.facebook.com\/Ecclesia2025","article_published_time":"2017-06-27T15:03:57+00:00","article_modified_time":"2017-06-27T15:09:36+00:00","og_image":[{"width":640,"height":453,"url":"https:\/\/news.ecclesia.org.br\/wp-content\/uploads\/2017\/06\/delegacao-2017.jpg","type":"image\/jpeg"}],"author":"Pe. Andr\u00e9","twitter_card":"summary_large_image","twitter_creator":"@EcclesiaNews","twitter_site":"@EcclesiaNews","twitter_misc":{"Escrito por":"Pe. Andr\u00e9","Est. tempo de leitura":"1 minuto"},"schema":{"@context":"https:\/\/schema.org","@graph":[{"@type":"Article","@id":"https:\/\/news.ecclesia.org.br\/?p=23556#article","isPartOf":{"@id":"https:\/\/news.ecclesia.org.br\/?p=23556"},"author":{"name":"Pe. Andr\u00e9","@id":"https:\/\/news.ecclesia.org.br\/#\/schema\/person\/6f09597f025829745ba414a569f63758"},"headline":"Papa Francisco de Roma recebe nesta ter\u00e7a-feira Delega\u00e7\u00e3o do Patriarcado ecum\u00eanico","datePublished":"2017-06-27T15:03:57+00:00","dateModified":"2017-06-27T15:09:36+00:00","mainEntityOfPage":{"@id":"https:\/\/news.ecclesia.org.br\/?p=23556"},"wordCount":284,"commentCount":0,"publisher":{"@id":"https:\/\/news.ecclesia.org.br\/#organization"},"image":{"@id":"https:\/\/news.ecclesia.org.br\/?p=23556#primaryimage"},"thumbnailUrl":"https:\/\/news.ecclesia.org.br\/wp-content\/uploads\/2017\/06\/delegacao-2017.jpg","articleSection":["NEWS","Patriarcado Ecum\u00eanico"],"inLanguage":"pt-BR","potentialAction":[{"@type":"CommentAction","name":"Comment","target":["https:\/\/news.ecclesia.org.br\/?p=23556#respond"]}]},{"@type":"WebPage","@id":"https:\/\/news.ecclesia.org.br\/?p=23556","url":"https:\/\/news.ecclesia.org.br\/?p=23556","name":"Papa Francisco de Roma recebe nesta ter\u00e7a-feira Delega\u00e7\u00e3o do Patriarcado ecum\u00eanico | ECCLESIA NEWS","isPartOf":{"@id":"https:\/\/news.ecclesia.org.br\/#website"},"primaryImageOfPage":{"@id":"https:\/\/news.ecclesia.org.br\/?p=23556#primaryimage"},"image":{"@id":"https:\/\/news.ecclesia.org.br\/?p=23556#primaryimage"},"thumbnailUrl":"https:\/\/news.ecclesia.org.br\/wp-content\/uploads\/2017\/06\/delegacao-2017.jpg","datePublished":"2017-06-27T15:03:57+00:00","dateModified":"2017-06-27T15:09:36+00:00","breadcrumb":{"@id":"https:\/\/news.ecclesia.org.br\/?p=23556#breadcrumb"},"inLanguage":"pt-BR","potentialAction":[{"@type":"ReadAction","target":["https:\/\/news.ecclesia.org.br\/?p=23556"]}]},{"@type":"ImageObject","inLanguage":"pt-BR","@id":"https:\/\/news.ecclesia.org.br\/?p=23556#primaryimage","url":"https:\/\/news.ecclesia.org.br\/wp-content\/uploads\/2017\/06\/delegacao-2017.jpg","contentUrl":"https:\/\/news.ecclesia.org.br\/wp-content\/uploads\/2017\/06\/delegacao-2017.jpg","width":640,"height":453,"caption":"Papa Francisco com delega\u00e7\u00e3o do Patriarcado ecum\u00eanico, no ano passado 28-06-2016 - OSS_ROM"},{"@type":"BreadcrumbList","@id":"https:\/\/news.ecclesia.org.br\/?p=23556#breadcrumb","itemListElement":[{"@type":"ListItem","position":1,"name":"In\u00edcio","item":"https:\/\/news.ecclesia.org.br\/"},{"@type":"ListItem","position":2,"name":"Papa Francisco de Roma recebe nesta ter\u00e7a-feira Delega\u00e7\u00e3o do Patriarcado ecum\u00eanico"}]},{"@type":"WebSite","@id":"https:\/\/news.ecclesia.org.br\/#website","url":"https:\/\/news.ecclesia.org.br\/","name":"Ecclesia Brasil","description":"Desde 2003 onectando o Brasil ao mundo ortodoxo!","publisher":{"@id":"https:\/\/news.ecclesia.org.br\/#organization"},"alternateName":"Ecclesia","potentialAction":[{"@type":"SearchAction","target":{"@type":"EntryPoint","urlTemplate":"https:\/\/news.ecclesia.org.br\/?s={search_term_string}"},"query-input":{"@type":"PropertyValueSpecification","valueRequired":true,"valueName":"search_term_string"}}],"inLanguage":"pt-BR"},{"@type":"Organization","@id":"https:\/\/news.ecclesia.org.br\/#organization","name":"Sacra Arquidiocese de Buenos Aires e Am\u00e9rica do Sul | Patriarcado Ecum\u00eanico","alternateName":"News Ecclesia Brasil","url":"https:\/\/news.ecclesia.org.br\/","logo":{"@type":"ImageObject","inLanguage":"pt-BR","@id":"https:\/\/news.ecclesia.org.br\/#\/schema\/logo\/image\/","url":"https:\/\/news.ecclesia.org.br\/wp-content\/uploads\/2025\/05\/ecclesia2.png","contentUrl":"https:\/\/news.ecclesia.org.br\/wp-content\/uploads\/2025\/05\/ecclesia2.png","width":480,"height":120,"caption":"Sacra Arquidiocese de Buenos Aires e Am\u00e9rica do Sul | Patriarcado Ecum\u00eanico"},"image":{"@id":"https:\/\/news.ecclesia.org.br\/#\/schema\/logo\/image\/"},"sameAs":["https:\/\/www.facebook.com\/Ecclesia2025","https:\/\/x.com\/EcclesiaNews","https:\/\/br.pinterest.com\/ekklisia\/","https:\/\/www.youtube.com\/@EcclesiaBrasil"]},{"@type":"Person","@id":"https:\/\/news.ecclesia.org.br\/#\/schema\/person\/6f09597f025829745ba414a569f63758","name":"Pe. Andr\u00e9","image":{"@type":"ImageObject","inLanguage":"pt-BR","@id":"https:\/\/secure.gravatar.com\/avatar\/b4327cfa27e9799da239a26adcd534fc29cdc0c4a4a148eecbcfeb9b42c617ac?s=96&d=mm&r=g","url":"https:\/\/secure.gravatar.com\/avatar\/b4327cfa27e9799da239a26adcd534fc29cdc0c4a4a148eecbcfeb9b42c617ac?s=96&d=mm&r=g","contentUrl":"https:\/\/secure.gravatar.com\/avatar\/b4327cfa27e9799da239a26adcd534fc29cdc0c4a4a148eecbcfeb9b42c617ac?s=96&d=mm&r=g","caption":"Pe. Andr\u00e9"},"sameAs":["https:\/\/www.ecclesia.org.br"]}]}},"_links":{"self":[{"href":"https:\/\/news.ecclesia.org.br\/index.php?rest_route=\/wp\/v2\/posts\/23556","targetHints":{"allow":["GET"]}}],"collection":[{"href":"https:\/\/news.ecclesia.org.br\/index.php?rest_route=\/wp\/v2\/posts"}],"about":[{"href":"https:\/\/news.ecclesia.org.br\/index.php?rest_route=\/wp\/v2\/types\/post"}],"author":[{"embeddable":true,"href":"https:\/\/news.ecclesia.org.br\/index.php?rest_route=\/wp\/v2\/users\/1"}],"replies":[{"embeddable":true,"href":"https:\/\/news.ecclesia.org.br\/index.php?rest_route=%2Fwp%2Fv2%2Fcomments&post=23556"}],"version-history":[{"count":0,"href":"https:\/\/news.ecclesia.org.br\/index.php?rest_route=\/wp\/v2\/posts\/23556\/revisions"}],"wp:featuredmedia":[{"embeddable":true,"href":"https:\/\/news.ecclesia.org.br\/index.php?rest_route=\/wp\/v2\/media\/23553"}],"wp:attachment":[{"href":"https:\/\/news.ecclesia.org.br\/index.php?rest_route=%2Fwp%2Fv2%2Fmedia&parent=23556"}],"wp:term":[{"taxonomy":"category","embeddable":true,"href":"https:\/\/news.ecclesia.org.br\/index.php?rest_route=%2Fwp%2Fv2%2Fcategories&post=23556"},{"taxonomy":"post_tag","embeddable":true,"href":"https:\/\/news.ecclesia.org.br\/index.php?rest_route=%2Fwp%2Fv2%2Ftags&post=23556"}],"curies":[{"name":"wp","href":"https:\/\/api.w.org\/{rel}","templated":true}]}}