{"id":23552,"date":"2017-06-27T14:58:44","date_gmt":"2017-06-27T14:58:44","guid":{"rendered":"https:\/\/news.ecclesia.org.br\/2013\/?p=23552"},"modified":"2017-06-27T15:08:22","modified_gmt":"2017-06-27T15:08:22","slug":"veneracao-comum-das-santas-reliquias-instrumento-de-unidade-entre-catolicos-e-ortodoxos","status":"publish","type":"post","link":"https:\/\/news.ecclesia.org.br\/?p=23552","title":{"rendered":"Venera\u00e7\u00e3o comum das santas rel\u00edquias: instrumento de unidade entre cat\u00f3licos e ortodoxos"},"content":{"rendered":"<p style=\"text-align: justify;\"><strong><a href=\"https:\/\/news.ecclesia.org.br\/2013\/wp-content\/uploads\/2017\/06\/reliquias.jpg\"><img decoding=\"async\" class=\"alignleft size-medium wp-image-23554\" src=\"https:\/\/news.ecclesia.org.br\/2013\/wp-content\/uploads\/2017\/06\/reliquias-300x146.jpg\" alt=\"\" width=\"300\" height=\"146\" srcset=\"https:\/\/news.ecclesia.org.br\/wp-content\/uploads\/2017\/06\/reliquias-300x146.jpg 300w, https:\/\/news.ecclesia.org.br\/wp-content\/uploads\/2017\/06\/reliquias-600x291.jpg 600w, https:\/\/news.ecclesia.org.br\/wp-content\/uploads\/2017\/06\/reliquias-113x55.jpg 113w, https:\/\/news.ecclesia.org.br\/wp-content\/uploads\/2017\/06\/reliquias.jpg 680w\" sizes=\"(max-width: 300px) 100vw, 300px\" \/><\/a>A comum venera\u00e7\u00e3o das rel\u00edquias \u00e9 uma das ferramentas que est\u00e3o sendo usadas \u200b\u200bpara fomentar as rela\u00e7\u00f5es ecum\u00eanicas entre a Igreja Cat\u00f3lica Romana e as Igrejas Ortodoxas Orientais.<\/strong><\/p>\n<p style=\"text-align: justify;\">26\/06\/17 03:18 &#8212; (Catholic World Report) Em maio passado, as rel\u00edquias de S\u00e3o Filipe e S\u00e3o Nicolau foram transportados para a Turquia e a R\u00fassia, respectivamente. Elas t\u00eam sido expostas para a venera\u00e7\u00e3o dos fi\u00e9is ortodoxos do Patriarcado Ecum\u00eanico de Constantinopla e do Patriarcado de Moscou.<\/p>\n<p style=\"text-align: justify;\">O traslado das rel\u00edquias de S\u00e3o Nicolau, da cidade italiana de Bari para Moscou, foi particularmente not\u00e1vel. Pela primeira vez, em 930 anos, uma parte do corpo de S\u00e3o Nicolau deixou Bari para venera\u00e7\u00e3o no exterior.<\/p>\n<p style=\"text-align: justify;\">A iniciativa se deu ap\u00f3s um pedido espec\u00edfico do Patriarca ortodoxo russo Kirillos de Moscou ao papa Francisco, quando se encontraram em Havana, Cuba, em fevereiro de 2016. O Papa atendeu ao pedido do Patriarca e o enviou ao Arcebispo Francesco Cacucci, de Bari. O arcebispo se p\u00f4s ent\u00e3o em a\u00e7\u00e3o para realizar o tralado das rel\u00edquias. Ao final, foi poss\u00edvel separar uma pequena part\u00edcula da costela esquerda de S\u00e3o Nicolau, que o Arcebispo fez quest\u00e3o de notar que estava &#8220;pr\u00f3ximo do cora\u00e7\u00e3o do santo.&#8221;<\/p>\n<p style=\"text-align: justify;\">O Arcebispo Cacucci comentou sobre a carta que o Papa Francisco lhe tinha enviado sobre o pedido do Patriarca, explicando que, para o Papa, a venera\u00e7\u00e3o das rel\u00edquias \u00e9 &#8220;uma parte essencial do caminho para o restabelecimento da plena comunh\u00e3o entre todos os crist\u00e3os&#8221; [&#8230;] &#8220;A venera\u00e7\u00e3o comum dos santos nos ajuda a olhar o di\u00e1logo ecum\u00eanico com um vislumbre de esperan\u00e7a&#8221;, disse ele.<\/p>\n<p style=\"text-align: justify;\">S\u00e3o Nicolau foi um dos santos mais venerados no cristianismo, antes mesmo que suas rel\u00edquias fossem retiradas de Myra, Turquia, por 62 marinheiros de Bari em 1087. \u00a0Esses marinheiros realizaram uma expedi\u00e7\u00e3o \u00e0 Myra para salvar as rel\u00edquias de S\u00e3o Nicolau dos mu\u00e7ulmanos que haviam conquistado a cidade onde S\u00e3o Nicolau viveu e serviu como bispo no s\u00e9culo IV.<\/p>\n<p style=\"text-align: justify;\">As rel\u00edquias de S\u00e3o Nicolau chegaram a Moscou em 22 de maio passado. Foram depositadas em um recipiente especialmente concebido para a ocasi\u00e3o e levadas \u00e0 Catedral de Cristo Salvador (Moscou). O pr\u00f3prio Patriarca Kirillos celebrou uma Divina Liturgia para dar as boas vindas \u00e0s santas rel\u00edquias que\u00a0permanecer\u00e3o em Moscou at\u00e9 o dia 12 de julho. Depois, ser\u00e3o trasladadas para a cidade russa de S\u00e3o Petersburgo onde permanecer\u00e3o por v\u00e1rias semanas at\u00e9 seu retorno \u00e0 Bari, em 28 de julho.<\/p>\n<p>&nbsp;<\/p>\n<h3>S\u00e3o Felipe<\/h3>\n<p style=\"text-align: justify;\">Em 8 de maio, o Patriarcado Ecum\u00eanico de Constantinopla recebeu as rel\u00edquias de S\u00e3o Felipe na cidade turca de Izmir. S\u00e3o Felipe, evangelizou esta terra e ali foi martirizado. Suas rel\u00edquias haviam sido conservadas na igreja do Santo Ap\u00f3stolo, em Roma, desde o s\u00e9culo IV. No ano passado, as rel\u00edquias foram retiradas e submetidas a exames. Em seguida, foram expostas por um tempo para a venera\u00e7\u00e3o dos fi\u00e9is.<\/p>\n<p style=\"text-align: justify;\">O Patriarca Ecum\u00eanico Bartolomeu I defendeu fortemente o compartilhamento das rel\u00edquias para a venera\u00e7\u00e3o, j\u00e1 que se encontra particularmente vinculado ao Santo Ap\u00f3stolo Felipe. A comunidade cat\u00f3lica se uniu ao Patriarca nesta peti\u00e7\u00e3o, e assim, uma das rel\u00edquias de S\u00e3o Felipe pode retornar para casa. O Arcebispo latino de Izmir, Lorenzo Piretto, enviou pessoalmente o pedido para que as rel\u00edquias fossem levadas para a cidade turca.<\/p>\n<hr \/>\n<p style=\"text-align: right;\">Fonte: <a href=\"http:\/\/infocatolica.com\/\" target=\"_blank\" rel=\"noopener\">Info-Cat\u00f3lica<\/a><\/p>\n<p>&nbsp;<\/p>\n<p>&nbsp;<\/p>\n<p>&nbsp;<\/p>\n<p>&nbsp;<\/p>\n<p>&nbsp;<\/p>\n","protected":false},"excerpt":{"rendered":"<p>A comum venera\u00e7\u00e3o das rel\u00edquias \u00e9 uma das ferramentas que est\u00e3o sendo usadas \u200b\u200bpara fomentar as rela\u00e7\u00f5es ecum\u00eanicas entre a Igreja Cat\u00f3lica Romana e as Igrejas Ortodoxas Orientais. 26\/06\/17 03:18 &#8212; (Catholic World Report) Em maio passado, as rel\u00edquias de&#8230;<\/p>\n","protected":false},"author":1,"featured_media":23554,"comment_status":"open","ping_status":"open","sticky":false,"template":"","format":"standard","meta":{"_acf_changed":false,"footnotes":""},"categories":[72],"tags":[],"class_list":["post-23552","post","type-post","status-publish","format-standard","has-post-thumbnail","hentry","category-patriarcado-ecumenico","entry","rows-excerpt"],"acf":[],"yoast_head":"<!-- This site is optimized with the Yoast SEO plugin v27.4 - https:\/\/yoast.com\/product\/yoast-seo-wordpress\/ -->\n<title>Venera\u00e7\u00e3o comum das santas rel\u00edquias: instrumento de unidade entre cat\u00f3licos e ortodoxos | ECCLESIA NEWS<\/title>\n<meta name=\"robots\" content=\"index, follow, max-snippet:-1, max-image-preview:large, max-video-preview:-1\" \/>\n<link rel=\"canonical\" href=\"https:\/\/news.ecclesia.org.br\/?p=23552\" \/>\n<meta property=\"og:locale\" content=\"pt_BR\" \/>\n<meta property=\"og:type\" content=\"article\" \/>\n<meta property=\"og:title\" content=\"Venera\u00e7\u00e3o comum das santas rel\u00edquias: instrumento de unidade entre cat\u00f3licos e ortodoxos | ECCLESIA NEWS\" \/>\n<meta property=\"og:description\" content=\"A comum venera\u00e7\u00e3o das rel\u00edquias \u00e9 uma das ferramentas que est\u00e3o sendo usadas \u200b\u200bpara fomentar as rela\u00e7\u00f5es ecum\u00eanicas entre a Igreja Cat\u00f3lica Romana e as Igrejas Ortodoxas Orientais. 26\/06\/17 03:18 &#8212; (Catholic World Report) Em maio passado, as rel\u00edquias de&#8230;\" \/>\n<meta property=\"og:url\" content=\"https:\/\/news.ecclesia.org.br\/?p=23552\" \/>\n<meta property=\"og:site_name\" content=\"ECCLESIA NEWS\" \/>\n<meta property=\"article:publisher\" content=\"https:\/\/www.facebook.com\/Ecclesia2025\" \/>\n<meta property=\"article:published_time\" content=\"2017-06-27T14:58:44+00:00\" \/>\n<meta property=\"article:modified_time\" content=\"2017-06-27T15:08:22+00:00\" \/>\n<meta property=\"og:image\" content=\"https:\/\/news.ecclesia.org.br\/wp-content\/uploads\/2017\/06\/reliquias.jpg\" \/>\n\t<meta property=\"og:image:width\" content=\"680\" \/>\n\t<meta property=\"og:image:height\" content=\"330\" \/>\n\t<meta property=\"og:image:type\" content=\"image\/jpeg\" \/>\n<meta name=\"author\" content=\"Pe. Andr\u00e9\" \/>\n<meta name=\"twitter:card\" content=\"summary_large_image\" \/>\n<meta name=\"twitter:creator\" content=\"@EcclesiaNews\" \/>\n<meta name=\"twitter:site\" content=\"@EcclesiaNews\" \/>\n<meta name=\"twitter:label1\" content=\"Escrito por\" \/>\n\t<meta name=\"twitter:data1\" content=\"Pe. Andr\u00e9\" \/>\n\t<meta name=\"twitter:label2\" content=\"Est. tempo de leitura\" \/>\n\t<meta name=\"twitter:data2\" content=\"3 minutos\" \/>\n<script type=\"application\/ld+json\" class=\"yoast-schema-graph\">{\"@context\":\"https:\\\/\\\/schema.org\",\"@graph\":[{\"@type\":\"Article\",\"@id\":\"https:\\\/\\\/news.ecclesia.org.br\\\/?p=23552#article\",\"isPartOf\":{\"@id\":\"https:\\\/\\\/news.ecclesia.org.br\\\/?p=23552\"},\"author\":{\"name\":\"Pe. Andr\u00e9\",\"@id\":\"https:\\\/\\\/news.ecclesia.org.br\\\/#\\\/schema\\\/person\\\/6f09597f025829745ba414a569f63758\"},\"headline\":\"Venera\u00e7\u00e3o comum das santas rel\u00edquias: instrumento de unidade entre cat\u00f3licos e ortodoxos\",\"datePublished\":\"2017-06-27T14:58:44+00:00\",\"dateModified\":\"2017-06-27T15:08:22+00:00\",\"mainEntityOfPage\":{\"@id\":\"https:\\\/\\\/news.ecclesia.org.br\\\/?p=23552\"},\"wordCount\":620,\"commentCount\":0,\"publisher\":{\"@id\":\"https:\\\/\\\/news.ecclesia.org.br\\\/#organization\"},\"image\":{\"@id\":\"https:\\\/\\\/news.ecclesia.org.br\\\/?p=23552#primaryimage\"},\"thumbnailUrl\":\"https:\\\/\\\/news.ecclesia.org.br\\\/wp-content\\\/uploads\\\/2017\\\/06\\\/reliquias.jpg\",\"articleSection\":[\"Patriarcado Ecum\u00eanico\"],\"inLanguage\":\"pt-BR\",\"potentialAction\":[{\"@type\":\"CommentAction\",\"name\":\"Comment\",\"target\":[\"https:\\\/\\\/news.ecclesia.org.br\\\/?p=23552#respond\"]}]},{\"@type\":\"WebPage\",\"@id\":\"https:\\\/\\\/news.ecclesia.org.br\\\/?p=23552\",\"url\":\"https:\\\/\\\/news.ecclesia.org.br\\\/?p=23552\",\"name\":\"Venera\u00e7\u00e3o comum das santas rel\u00edquias: instrumento de unidade entre cat\u00f3licos e ortodoxos | ECCLESIA NEWS\",\"isPartOf\":{\"@id\":\"https:\\\/\\\/news.ecclesia.org.br\\\/#website\"},\"primaryImageOfPage\":{\"@id\":\"https:\\\/\\\/news.ecclesia.org.br\\\/?p=23552#primaryimage\"},\"image\":{\"@id\":\"https:\\\/\\\/news.ecclesia.org.br\\\/?p=23552#primaryimage\"},\"thumbnailUrl\":\"https:\\\/\\\/news.ecclesia.org.br\\\/wp-content\\\/uploads\\\/2017\\\/06\\\/reliquias.jpg\",\"datePublished\":\"2017-06-27T14:58:44+00:00\",\"dateModified\":\"2017-06-27T15:08:22+00:00\",\"breadcrumb\":{\"@id\":\"https:\\\/\\\/news.ecclesia.org.br\\\/?p=23552#breadcrumb\"},\"inLanguage\":\"pt-BR\",\"potentialAction\":[{\"@type\":\"ReadAction\",\"target\":[\"https:\\\/\\\/news.ecclesia.org.br\\\/?p=23552\"]}]},{\"@type\":\"ImageObject\",\"inLanguage\":\"pt-BR\",\"@id\":\"https:\\\/\\\/news.ecclesia.org.br\\\/?p=23552#primaryimage\",\"url\":\"https:\\\/\\\/news.ecclesia.org.br\\\/wp-content\\\/uploads\\\/2017\\\/06\\\/reliquias.jpg\",\"contentUrl\":\"https:\\\/\\\/news.ecclesia.org.br\\\/wp-content\\\/uploads\\\/2017\\\/06\\\/reliquias.jpg\",\"width\":680,\"height\":330},{\"@type\":\"BreadcrumbList\",\"@id\":\"https:\\\/\\\/news.ecclesia.org.br\\\/?p=23552#breadcrumb\",\"itemListElement\":[{\"@type\":\"ListItem\",\"position\":1,\"name\":\"In\u00edcio\",\"item\":\"https:\\\/\\\/news.ecclesia.org.br\\\/\"},{\"@type\":\"ListItem\",\"position\":2,\"name\":\"Venera\u00e7\u00e3o comum das santas rel\u00edquias: instrumento de unidade entre cat\u00f3licos e ortodoxos\"}]},{\"@type\":\"WebSite\",\"@id\":\"https:\\\/\\\/news.ecclesia.org.br\\\/#website\",\"url\":\"https:\\\/\\\/news.ecclesia.org.br\\\/\",\"name\":\"Ecclesia Brasil\",\"description\":\"Desde 2003 onectando o Brasil ao mundo ortodoxo!\",\"publisher\":{\"@id\":\"https:\\\/\\\/news.ecclesia.org.br\\\/#organization\"},\"alternateName\":\"Ecclesia\",\"potentialAction\":[{\"@type\":\"SearchAction\",\"target\":{\"@type\":\"EntryPoint\",\"urlTemplate\":\"https:\\\/\\\/news.ecclesia.org.br\\\/?s={search_term_string}\"},\"query-input\":{\"@type\":\"PropertyValueSpecification\",\"valueRequired\":true,\"valueName\":\"search_term_string\"}}],\"inLanguage\":\"pt-BR\"},{\"@type\":\"Organization\",\"@id\":\"https:\\\/\\\/news.ecclesia.org.br\\\/#organization\",\"name\":\"Sacra Arquidiocese de Buenos Aires e Am\u00e9rica do Sul | Patriarcado Ecum\u00eanico\",\"alternateName\":\"News Ecclesia Brasil\",\"url\":\"https:\\\/\\\/news.ecclesia.org.br\\\/\",\"logo\":{\"@type\":\"ImageObject\",\"inLanguage\":\"pt-BR\",\"@id\":\"https:\\\/\\\/news.ecclesia.org.br\\\/#\\\/schema\\\/logo\\\/image\\\/\",\"url\":\"https:\\\/\\\/news.ecclesia.org.br\\\/wp-content\\\/uploads\\\/2025\\\/05\\\/ecclesia2.png\",\"contentUrl\":\"https:\\\/\\\/news.ecclesia.org.br\\\/wp-content\\\/uploads\\\/2025\\\/05\\\/ecclesia2.png\",\"width\":480,\"height\":120,\"caption\":\"Sacra Arquidiocese de Buenos Aires e Am\u00e9rica do Sul | Patriarcado Ecum\u00eanico\"},\"image\":{\"@id\":\"https:\\\/\\\/news.ecclesia.org.br\\\/#\\\/schema\\\/logo\\\/image\\\/\"},\"sameAs\":[\"https:\\\/\\\/www.facebook.com\\\/Ecclesia2025\",\"https:\\\/\\\/x.com\\\/EcclesiaNews\",\"https:\\\/\\\/br.pinterest.com\\\/ekklisia\\\/\",\"https:\\\/\\\/www.youtube.com\\\/@EcclesiaBrasil\"]},{\"@type\":\"Person\",\"@id\":\"https:\\\/\\\/news.ecclesia.org.br\\\/#\\\/schema\\\/person\\\/6f09597f025829745ba414a569f63758\",\"name\":\"Pe. Andr\u00e9\",\"image\":{\"@type\":\"ImageObject\",\"inLanguage\":\"pt-BR\",\"@id\":\"https:\\\/\\\/secure.gravatar.com\\\/avatar\\\/b4327cfa27e9799da239a26adcd534fc29cdc0c4a4a148eecbcfeb9b42c617ac?s=96&d=mm&r=g\",\"url\":\"https:\\\/\\\/secure.gravatar.com\\\/avatar\\\/b4327cfa27e9799da239a26adcd534fc29cdc0c4a4a148eecbcfeb9b42c617ac?s=96&d=mm&r=g\",\"contentUrl\":\"https:\\\/\\\/secure.gravatar.com\\\/avatar\\\/b4327cfa27e9799da239a26adcd534fc29cdc0c4a4a148eecbcfeb9b42c617ac?s=96&d=mm&r=g\",\"caption\":\"Pe. Andr\u00e9\"},\"sameAs\":[\"https:\\\/\\\/www.ecclesia.org.br\"]}]}<\/script>\n<!-- \/ Yoast SEO plugin. -->","yoast_head_json":{"title":"Venera\u00e7\u00e3o comum das santas rel\u00edquias: instrumento de unidade entre cat\u00f3licos e ortodoxos | ECCLESIA NEWS","robots":{"index":"index","follow":"follow","max-snippet":"max-snippet:-1","max-image-preview":"max-image-preview:large","max-video-preview":"max-video-preview:-1"},"canonical":"https:\/\/news.ecclesia.org.br\/?p=23552","og_locale":"pt_BR","og_type":"article","og_title":"Venera\u00e7\u00e3o comum das santas rel\u00edquias: instrumento de unidade entre cat\u00f3licos e ortodoxos | ECCLESIA NEWS","og_description":"A comum venera\u00e7\u00e3o das rel\u00edquias \u00e9 uma das ferramentas que est\u00e3o sendo usadas \u200b\u200bpara fomentar as rela\u00e7\u00f5es ecum\u00eanicas entre a Igreja Cat\u00f3lica Romana e as Igrejas Ortodoxas Orientais. 26\/06\/17 03:18 &#8212; (Catholic World Report) Em maio passado, as rel\u00edquias de&#8230;","og_url":"https:\/\/news.ecclesia.org.br\/?p=23552","og_site_name":"ECCLESIA NEWS","article_publisher":"https:\/\/www.facebook.com\/Ecclesia2025","article_published_time":"2017-06-27T14:58:44+00:00","article_modified_time":"2017-06-27T15:08:22+00:00","og_image":[{"width":680,"height":330,"url":"https:\/\/news.ecclesia.org.br\/wp-content\/uploads\/2017\/06\/reliquias.jpg","type":"image\/jpeg"}],"author":"Pe. Andr\u00e9","twitter_card":"summary_large_image","twitter_creator":"@EcclesiaNews","twitter_site":"@EcclesiaNews","twitter_misc":{"Escrito por":"Pe. Andr\u00e9","Est. tempo de leitura":"3 minutos"},"schema":{"@context":"https:\/\/schema.org","@graph":[{"@type":"Article","@id":"https:\/\/news.ecclesia.org.br\/?p=23552#article","isPartOf":{"@id":"https:\/\/news.ecclesia.org.br\/?p=23552"},"author":{"name":"Pe. Andr\u00e9","@id":"https:\/\/news.ecclesia.org.br\/#\/schema\/person\/6f09597f025829745ba414a569f63758"},"headline":"Venera\u00e7\u00e3o comum das santas rel\u00edquias: instrumento de unidade entre cat\u00f3licos e ortodoxos","datePublished":"2017-06-27T14:58:44+00:00","dateModified":"2017-06-27T15:08:22+00:00","mainEntityOfPage":{"@id":"https:\/\/news.ecclesia.org.br\/?p=23552"},"wordCount":620,"commentCount":0,"publisher":{"@id":"https:\/\/news.ecclesia.org.br\/#organization"},"image":{"@id":"https:\/\/news.ecclesia.org.br\/?p=23552#primaryimage"},"thumbnailUrl":"https:\/\/news.ecclesia.org.br\/wp-content\/uploads\/2017\/06\/reliquias.jpg","articleSection":["Patriarcado Ecum\u00eanico"],"inLanguage":"pt-BR","potentialAction":[{"@type":"CommentAction","name":"Comment","target":["https:\/\/news.ecclesia.org.br\/?p=23552#respond"]}]},{"@type":"WebPage","@id":"https:\/\/news.ecclesia.org.br\/?p=23552","url":"https:\/\/news.ecclesia.org.br\/?p=23552","name":"Venera\u00e7\u00e3o comum das santas rel\u00edquias: instrumento de unidade entre cat\u00f3licos e ortodoxos | ECCLESIA NEWS","isPartOf":{"@id":"https:\/\/news.ecclesia.org.br\/#website"},"primaryImageOfPage":{"@id":"https:\/\/news.ecclesia.org.br\/?p=23552#primaryimage"},"image":{"@id":"https:\/\/news.ecclesia.org.br\/?p=23552#primaryimage"},"thumbnailUrl":"https:\/\/news.ecclesia.org.br\/wp-content\/uploads\/2017\/06\/reliquias.jpg","datePublished":"2017-06-27T14:58:44+00:00","dateModified":"2017-06-27T15:08:22+00:00","breadcrumb":{"@id":"https:\/\/news.ecclesia.org.br\/?p=23552#breadcrumb"},"inLanguage":"pt-BR","potentialAction":[{"@type":"ReadAction","target":["https:\/\/news.ecclesia.org.br\/?p=23552"]}]},{"@type":"ImageObject","inLanguage":"pt-BR","@id":"https:\/\/news.ecclesia.org.br\/?p=23552#primaryimage","url":"https:\/\/news.ecclesia.org.br\/wp-content\/uploads\/2017\/06\/reliquias.jpg","contentUrl":"https:\/\/news.ecclesia.org.br\/wp-content\/uploads\/2017\/06\/reliquias.jpg","width":680,"height":330},{"@type":"BreadcrumbList","@id":"https:\/\/news.ecclesia.org.br\/?p=23552#breadcrumb","itemListElement":[{"@type":"ListItem","position":1,"name":"In\u00edcio","item":"https:\/\/news.ecclesia.org.br\/"},{"@type":"ListItem","position":2,"name":"Venera\u00e7\u00e3o comum das santas rel\u00edquias: instrumento de unidade entre cat\u00f3licos e ortodoxos"}]},{"@type":"WebSite","@id":"https:\/\/news.ecclesia.org.br\/#website","url":"https:\/\/news.ecclesia.org.br\/","name":"Ecclesia Brasil","description":"Desde 2003 onectando o Brasil ao mundo ortodoxo!","publisher":{"@id":"https:\/\/news.ecclesia.org.br\/#organization"},"alternateName":"Ecclesia","potentialAction":[{"@type":"SearchAction","target":{"@type":"EntryPoint","urlTemplate":"https:\/\/news.ecclesia.org.br\/?s={search_term_string}"},"query-input":{"@type":"PropertyValueSpecification","valueRequired":true,"valueName":"search_term_string"}}],"inLanguage":"pt-BR"},{"@type":"Organization","@id":"https:\/\/news.ecclesia.org.br\/#organization","name":"Sacra Arquidiocese de Buenos Aires e Am\u00e9rica do Sul | Patriarcado Ecum\u00eanico","alternateName":"News Ecclesia Brasil","url":"https:\/\/news.ecclesia.org.br\/","logo":{"@type":"ImageObject","inLanguage":"pt-BR","@id":"https:\/\/news.ecclesia.org.br\/#\/schema\/logo\/image\/","url":"https:\/\/news.ecclesia.org.br\/wp-content\/uploads\/2025\/05\/ecclesia2.png","contentUrl":"https:\/\/news.ecclesia.org.br\/wp-content\/uploads\/2025\/05\/ecclesia2.png","width":480,"height":120,"caption":"Sacra Arquidiocese de Buenos Aires e Am\u00e9rica do Sul | Patriarcado Ecum\u00eanico"},"image":{"@id":"https:\/\/news.ecclesia.org.br\/#\/schema\/logo\/image\/"},"sameAs":["https:\/\/www.facebook.com\/Ecclesia2025","https:\/\/x.com\/EcclesiaNews","https:\/\/br.pinterest.com\/ekklisia\/","https:\/\/www.youtube.com\/@EcclesiaBrasil"]},{"@type":"Person","@id":"https:\/\/news.ecclesia.org.br\/#\/schema\/person\/6f09597f025829745ba414a569f63758","name":"Pe. Andr\u00e9","image":{"@type":"ImageObject","inLanguage":"pt-BR","@id":"https:\/\/secure.gravatar.com\/avatar\/b4327cfa27e9799da239a26adcd534fc29cdc0c4a4a148eecbcfeb9b42c617ac?s=96&d=mm&r=g","url":"https:\/\/secure.gravatar.com\/avatar\/b4327cfa27e9799da239a26adcd534fc29cdc0c4a4a148eecbcfeb9b42c617ac?s=96&d=mm&r=g","contentUrl":"https:\/\/secure.gravatar.com\/avatar\/b4327cfa27e9799da239a26adcd534fc29cdc0c4a4a148eecbcfeb9b42c617ac?s=96&d=mm&r=g","caption":"Pe. Andr\u00e9"},"sameAs":["https:\/\/www.ecclesia.org.br"]}]}},"_links":{"self":[{"href":"https:\/\/news.ecclesia.org.br\/index.php?rest_route=\/wp\/v2\/posts\/23552","targetHints":{"allow":["GET"]}}],"collection":[{"href":"https:\/\/news.ecclesia.org.br\/index.php?rest_route=\/wp\/v2\/posts"}],"about":[{"href":"https:\/\/news.ecclesia.org.br\/index.php?rest_route=\/wp\/v2\/types\/post"}],"author":[{"embeddable":true,"href":"https:\/\/news.ecclesia.org.br\/index.php?rest_route=\/wp\/v2\/users\/1"}],"replies":[{"embeddable":true,"href":"https:\/\/news.ecclesia.org.br\/index.php?rest_route=%2Fwp%2Fv2%2Fcomments&post=23552"}],"version-history":[{"count":0,"href":"https:\/\/news.ecclesia.org.br\/index.php?rest_route=\/wp\/v2\/posts\/23552\/revisions"}],"wp:featuredmedia":[{"embeddable":true,"href":"https:\/\/news.ecclesia.org.br\/index.php?rest_route=\/wp\/v2\/media\/23554"}],"wp:attachment":[{"href":"https:\/\/news.ecclesia.org.br\/index.php?rest_route=%2Fwp%2Fv2%2Fmedia&parent=23552"}],"wp:term":[{"taxonomy":"category","embeddable":true,"href":"https:\/\/news.ecclesia.org.br\/index.php?rest_route=%2Fwp%2Fv2%2Fcategories&post=23552"},{"taxonomy":"post_tag","embeddable":true,"href":"https:\/\/news.ecclesia.org.br\/index.php?rest_route=%2Fwp%2Fv2%2Ftags&post=23552"}],"curies":[{"name":"wp","href":"https:\/\/api.w.org\/{rel}","templated":true}]}}