{"id":23510,"date":"2017-06-18T22:28:28","date_gmt":"2017-06-18T22:28:28","guid":{"rendered":"https:\/\/news.ecclesia.org.br\/2013\/?p=23510"},"modified":"2017-06-20T00:53:42","modified_gmt":"2017-06-20T00:53:42","slug":"patriarca-teofilo-de-jerusalem-em-constantinopla-para-participar-de-peregrinacao-a-capadocia-com-patriarca-ecumenico-bartolomeu","status":"publish","type":"post","link":"https:\/\/news.ecclesia.org.br\/?p=23510","title":{"rendered":"Patriarca Te\u00f3filo de Jerusal\u00e9m participa da peregrina\u00e7\u00e3o \u00e0 Capad\u00f3cia com Patriarca Ecum\u00eanico Bartolomeu I"},"content":{"rendered":"<p style=\"text-align: justify;\"><div id=\"galleria-23510\"><a href=\"https:\/\/news.ecclesia.org.br\/wp-content\/uploads\/2017\/06\/article_29149_164355.jpg\"><img decoding=\"async\" title=\"article_29149_164355\" alt=\"\" src=\"https:\/\/news.ecclesia.org.br\/wp-content\/uploads\/2017\/06\/article_29149_164355-83x55.jpg\" data-big=\"https:\/\/news.ecclesia.org.br\/wp-content\/uploads\/2017\/06\/article_29149_164355.jpg\"><\/a><a href=\"https:\/\/news.ecclesia.org.br\/wp-content\/uploads\/2017\/06\/article_29149_164356.jpg\"><img decoding=\"async\" title=\"article_29149_164356\" alt=\"\" src=\"https:\/\/news.ecclesia.org.br\/wp-content\/uploads\/2017\/06\/article_29149_164356-83x55.jpg\" data-big=\"https:\/\/news.ecclesia.org.br\/wp-content\/uploads\/2017\/06\/article_29149_164356.jpg\"><\/a><a href=\"https:\/\/news.ecclesia.org.br\/wp-content\/uploads\/2017\/06\/article_29149_164358.jpg\"><img decoding=\"async\" title=\"article_29149_164358\" alt=\"\" src=\"https:\/\/news.ecclesia.org.br\/wp-content\/uploads\/2017\/06\/article_29149_164358-83x55.jpg\" data-big=\"https:\/\/news.ecclesia.org.br\/wp-content\/uploads\/2017\/06\/article_29149_164358.jpg\"><\/a><a href=\"https:\/\/news.ecclesia.org.br\/wp-content\/uploads\/2017\/06\/article_29149_164361.jpg\"><img decoding=\"async\" title=\"article_29149_164361\" alt=\"\" src=\"https:\/\/news.ecclesia.org.br\/wp-content\/uploads\/2017\/06\/article_29149_164361-83x55.jpg\" data-big=\"https:\/\/news.ecclesia.org.br\/wp-content\/uploads\/2017\/06\/article_29149_164361.jpg\"><\/a><a href=\"https:\/\/news.ecclesia.org.br\/wp-content\/uploads\/2017\/06\/article_29149_164361b.jpg\"><img decoding=\"async\" title=\"article_29149_164361b\" alt=\"\" src=\"https:\/\/news.ecclesia.org.br\/wp-content\/uploads\/2017\/06\/article_29149_164361b-69x55.jpg\" data-big=\"https:\/\/news.ecclesia.org.br\/wp-content\/uploads\/2017\/06\/article_29149_164361b.jpg\"><\/a><a href=\"https:\/\/news.ecclesia.org.br\/wp-content\/uploads\/2017\/06\/article_29149_164362.jpg\"><img decoding=\"async\" title=\"article_29149_164362\" alt=\"\" src=\"https:\/\/news.ecclesia.org.br\/wp-content\/uploads\/2017\/06\/article_29149_164362-83x55.jpg\" data-big=\"https:\/\/news.ecclesia.org.br\/wp-content\/uploads\/2017\/06\/article_29149_164362.jpg\"><\/a><a href=\"https:\/\/news.ecclesia.org.br\/wp-content\/uploads\/2017\/06\/article_29149_164363.jpg\"><img decoding=\"async\" title=\"article_29149_164363\" alt=\"\" src=\"https:\/\/news.ecclesia.org.br\/wp-content\/uploads\/2017\/06\/article_29149_164363-83x55.jpg\" data-big=\"https:\/\/news.ecclesia.org.br\/wp-content\/uploads\/2017\/06\/article_29149_164363.jpg\"><\/a><\/div><\/p>\n<p style=\"text-align: justify;\">18 de junho, 2017 &#8212; O Patriarca Ecum\u00eanico Bartolomeu I recebeu na manh\u00e3 desta sexta-feira, 16 de junho, a visita do Patriarca Te\u00f3filo de Jerusal\u00e9m, que estava acompanhado pelo Arcebispo Aristarco de Konstantina e do Arquidi\u00e1cono Marcos. S. B. Te\u00f3filo foi convidado pelo Patriarca Ecum\u00eanico Bartolomeu I a participar da peregrina\u00e7\u00e3o anual \u00e0 Capad\u00f3cia. \u00a0O Patriarca de Jerusal\u00e9m foi recebido no aeroporto pelo Metropolita Th\u00e9ol\u00e8pte de Iconium e pelo Arcebispo Nect\u00e1rio de Anthidonos, representante do Santo Sepulcro, em Constantinopla. Na entrada do Fanar, o Patriarca foi recebido pelo Metropolita Stefanio de Kallioupolis e Madyta e por cl\u00e9rigos membros do Tribunal Patriarcal. Na entrada da Igreja Patriarcal de S\u00e3o Jorge, leigos que servem a casa patriarcal do Fanar saudavam o ilustre visitante e recebiam sua b\u00ean\u00e7\u00e3o. J\u00e1 no interior da Igreja Patriarcal seguiu-se a venera\u00e7\u00e3o aos santos \u00edcones e, em seguida, o Patriarca Te\u00f3filo se dirigiu a sala do trono onde foi recebido pelo Patriarca Bartolomeu. O arcebispo cat\u00f3lico de Lecce e Bari e a RP Andrea Palmieri, subsecret\u00e1ria do Conselho Pontif\u00edcio para a Unidade dos Crist\u00e3os, tamb\u00e9m participaram da recep\u00e7\u00e3o, bem como, far\u00e3o parte da comitiva que acompanhar\u00e1 o Patriarca Ecum\u00eanico Bartolomeu I na visita-peregrina\u00e7\u00e3o que realiza anualmente \u00e0 Capad\u00f3cia.<\/p>\n<hr \/>\n<p style=\"text-align: right;\">Fonte: Com informa\u00e7\u00f5es de <a href=\"http:\/\/orthodoxie.com\/le-patriarche-de-jerusalem-sest-rendu-a-constantinople-pour-participer-avec-le-patriarche-oecumenique-bartholomee-a-un-pelerinage-en-cappadoce\/\" target=\"_blank\" rel=\"noopener\">Orthodoxie.com<\/a> e fotos de <a href=\"http:\/\/www.amen.gr\/article\/o-patriarxis-ierosolymon-sto-oikoumeniko-patriarxeio-foto\" target=\"_blank\" rel=\"noopener\">Amen.gr<\/a><\/p>\n","protected":false},"excerpt":{"rendered":"<p>18 de junho, 2017 &#8212; O Patriarca Ecum\u00eanico Bartolomeu I recebeu na manh\u00e3 desta sexta-feira, 16 de junho, a visita do Patriarca Te\u00f3filo de Jerusal\u00e9m, que estava acompanhado pelo Arcebispo Aristarco de Konstantina e do Arquidi\u00e1cono Marcos. S. B. Te\u00f3filo&#8230;<\/p>\n","protected":false},"author":1,"featured_media":23515,"comment_status":"open","ping_status":"open","sticky":false,"template":"","format":"standard","meta":{"_acf_changed":false,"footnotes":""},"categories":[1,72],"tags":[],"class_list":["post-23510","post","type-post","status-publish","format-standard","has-post-thumbnail","hentry","category-news","category-patriarcado-ecumenico","entry","rows-excerpt"],"acf":[],"yoast_head":"<!-- This site is optimized with the Yoast SEO plugin v27.4 - https:\/\/yoast.com\/product\/yoast-seo-wordpress\/ -->\n<title>Patriarca Te\u00f3filo de Jerusal\u00e9m participa da peregrina\u00e7\u00e3o \u00e0 Capad\u00f3cia com Patriarca Ecum\u00eanico Bartolomeu I | ECCLESIA NEWS<\/title>\n<meta name=\"robots\" content=\"index, follow, max-snippet:-1, max-image-preview:large, max-video-preview:-1\" \/>\n<link rel=\"canonical\" href=\"https:\/\/news.ecclesia.org.br\/?p=23510\" \/>\n<meta property=\"og:locale\" content=\"pt_BR\" \/>\n<meta property=\"og:type\" content=\"article\" \/>\n<meta property=\"og:title\" content=\"Patriarca Te\u00f3filo de Jerusal\u00e9m participa da peregrina\u00e7\u00e3o \u00e0 Capad\u00f3cia com Patriarca Ecum\u00eanico Bartolomeu I | ECCLESIA NEWS\" \/>\n<meta property=\"og:description\" content=\"18 de junho, 2017 &#8212; O Patriarca Ecum\u00eanico Bartolomeu I recebeu na manh\u00e3 desta sexta-feira, 16 de junho, a visita do Patriarca Te\u00f3filo de Jerusal\u00e9m, que estava acompanhado pelo Arcebispo Aristarco de Konstantina e do Arquidi\u00e1cono Marcos. S. B. Te\u00f3filo&#8230;\" \/>\n<meta property=\"og:url\" content=\"https:\/\/news.ecclesia.org.br\/?p=23510\" \/>\n<meta property=\"og:site_name\" content=\"ECCLESIA NEWS\" \/>\n<meta property=\"article:publisher\" content=\"https:\/\/www.facebook.com\/Ecclesia2025\" \/>\n<meta property=\"article:published_time\" content=\"2017-06-18T22:28:28+00:00\" \/>\n<meta property=\"article:modified_time\" content=\"2017-06-20T00:53:42+00:00\" \/>\n<meta property=\"og:image\" content=\"https:\/\/news.ecclesia.org.br\/wp-content\/uploads\/2017\/06\/article_29149_164361b.jpg\" \/>\n\t<meta property=\"og:image:width\" content=\"548\" \/>\n\t<meta property=\"og:image:height\" content=\"435\" \/>\n\t<meta property=\"og:image:type\" content=\"image\/jpeg\" \/>\n<meta name=\"author\" content=\"Pe. Andr\u00e9\" \/>\n<meta name=\"twitter:card\" content=\"summary_large_image\" \/>\n<meta name=\"twitter:creator\" content=\"@EcclesiaNews\" \/>\n<meta name=\"twitter:site\" content=\"@EcclesiaNews\" \/>\n<meta name=\"twitter:label1\" content=\"Escrito por\" \/>\n\t<meta name=\"twitter:data1\" content=\"Pe. Andr\u00e9\" \/>\n\t<meta name=\"twitter:label2\" content=\"Est. tempo de leitura\" \/>\n\t<meta name=\"twitter:data2\" content=\"1 minuto\" \/>\n<script type=\"application\/ld+json\" class=\"yoast-schema-graph\">{\"@context\":\"https:\\\/\\\/schema.org\",\"@graph\":[{\"@type\":\"Article\",\"@id\":\"https:\\\/\\\/news.ecclesia.org.br\\\/?p=23510#article\",\"isPartOf\":{\"@id\":\"https:\\\/\\\/news.ecclesia.org.br\\\/?p=23510\"},\"author\":{\"name\":\"Pe. Andr\u00e9\",\"@id\":\"https:\\\/\\\/news.ecclesia.org.br\\\/#\\\/schema\\\/person\\\/6f09597f025829745ba414a569f63758\"},\"headline\":\"Patriarca Te\u00f3filo de Jerusal\u00e9m participa da peregrina\u00e7\u00e3o \u00e0 Capad\u00f3cia com Patriarca Ecum\u00eanico Bartolomeu I\",\"datePublished\":\"2017-06-18T22:28:28+00:00\",\"dateModified\":\"2017-06-20T00:53:42+00:00\",\"mainEntityOfPage\":{\"@id\":\"https:\\\/\\\/news.ecclesia.org.br\\\/?p=23510\"},\"wordCount\":258,\"commentCount\":0,\"publisher\":{\"@id\":\"https:\\\/\\\/news.ecclesia.org.br\\\/#organization\"},\"image\":{\"@id\":\"https:\\\/\\\/news.ecclesia.org.br\\\/?p=23510#primaryimage\"},\"thumbnailUrl\":\"https:\\\/\\\/news.ecclesia.org.br\\\/wp-content\\\/uploads\\\/2017\\\/06\\\/article_29149_164361b.jpg\",\"articleSection\":[\"NEWS\",\"Patriarcado Ecum\u00eanico\"],\"inLanguage\":\"pt-BR\",\"potentialAction\":[{\"@type\":\"CommentAction\",\"name\":\"Comment\",\"target\":[\"https:\\\/\\\/news.ecclesia.org.br\\\/?p=23510#respond\"]}]},{\"@type\":\"WebPage\",\"@id\":\"https:\\\/\\\/news.ecclesia.org.br\\\/?p=23510\",\"url\":\"https:\\\/\\\/news.ecclesia.org.br\\\/?p=23510\",\"name\":\"Patriarca Te\u00f3filo de Jerusal\u00e9m participa da peregrina\u00e7\u00e3o \u00e0 Capad\u00f3cia com Patriarca Ecum\u00eanico Bartolomeu I | ECCLESIA NEWS\",\"isPartOf\":{\"@id\":\"https:\\\/\\\/news.ecclesia.org.br\\\/#website\"},\"primaryImageOfPage\":{\"@id\":\"https:\\\/\\\/news.ecclesia.org.br\\\/?p=23510#primaryimage\"},\"image\":{\"@id\":\"https:\\\/\\\/news.ecclesia.org.br\\\/?p=23510#primaryimage\"},\"thumbnailUrl\":\"https:\\\/\\\/news.ecclesia.org.br\\\/wp-content\\\/uploads\\\/2017\\\/06\\\/article_29149_164361b.jpg\",\"datePublished\":\"2017-06-18T22:28:28+00:00\",\"dateModified\":\"2017-06-20T00:53:42+00:00\",\"breadcrumb\":{\"@id\":\"https:\\\/\\\/news.ecclesia.org.br\\\/?p=23510#breadcrumb\"},\"inLanguage\":\"pt-BR\",\"potentialAction\":[{\"@type\":\"ReadAction\",\"target\":[\"https:\\\/\\\/news.ecclesia.org.br\\\/?p=23510\"]}]},{\"@type\":\"ImageObject\",\"inLanguage\":\"pt-BR\",\"@id\":\"https:\\\/\\\/news.ecclesia.org.br\\\/?p=23510#primaryimage\",\"url\":\"https:\\\/\\\/news.ecclesia.org.br\\\/wp-content\\\/uploads\\\/2017\\\/06\\\/article_29149_164361b.jpg\",\"contentUrl\":\"https:\\\/\\\/news.ecclesia.org.br\\\/wp-content\\\/uploads\\\/2017\\\/06\\\/article_29149_164361b.jpg\",\"width\":548,\"height\":435},{\"@type\":\"BreadcrumbList\",\"@id\":\"https:\\\/\\\/news.ecclesia.org.br\\\/?p=23510#breadcrumb\",\"itemListElement\":[{\"@type\":\"ListItem\",\"position\":1,\"name\":\"In\u00edcio\",\"item\":\"https:\\\/\\\/news.ecclesia.org.br\\\/\"},{\"@type\":\"ListItem\",\"position\":2,\"name\":\"Patriarca Te\u00f3filo de Jerusal\u00e9m participa da peregrina\u00e7\u00e3o \u00e0 Capad\u00f3cia com Patriarca Ecum\u00eanico Bartolomeu I\"}]},{\"@type\":\"WebSite\",\"@id\":\"https:\\\/\\\/news.ecclesia.org.br\\\/#website\",\"url\":\"https:\\\/\\\/news.ecclesia.org.br\\\/\",\"name\":\"Ecclesia Brasil\",\"description\":\"Desde 2003 onectando o Brasil ao mundo ortodoxo!\",\"publisher\":{\"@id\":\"https:\\\/\\\/news.ecclesia.org.br\\\/#organization\"},\"alternateName\":\"Ecclesia\",\"potentialAction\":[{\"@type\":\"SearchAction\",\"target\":{\"@type\":\"EntryPoint\",\"urlTemplate\":\"https:\\\/\\\/news.ecclesia.org.br\\\/?s={search_term_string}\"},\"query-input\":{\"@type\":\"PropertyValueSpecification\",\"valueRequired\":true,\"valueName\":\"search_term_string\"}}],\"inLanguage\":\"pt-BR\"},{\"@type\":\"Organization\",\"@id\":\"https:\\\/\\\/news.ecclesia.org.br\\\/#organization\",\"name\":\"Sacra Arquidiocese de Buenos Aires e Am\u00e9rica do Sul | Patriarcado Ecum\u00eanico\",\"alternateName\":\"News Ecclesia Brasil\",\"url\":\"https:\\\/\\\/news.ecclesia.org.br\\\/\",\"logo\":{\"@type\":\"ImageObject\",\"inLanguage\":\"pt-BR\",\"@id\":\"https:\\\/\\\/news.ecclesia.org.br\\\/#\\\/schema\\\/logo\\\/image\\\/\",\"url\":\"https:\\\/\\\/news.ecclesia.org.br\\\/wp-content\\\/uploads\\\/2025\\\/05\\\/ecclesia2.png\",\"contentUrl\":\"https:\\\/\\\/news.ecclesia.org.br\\\/wp-content\\\/uploads\\\/2025\\\/05\\\/ecclesia2.png\",\"width\":480,\"height\":120,\"caption\":\"Sacra Arquidiocese de Buenos Aires e Am\u00e9rica do Sul | Patriarcado Ecum\u00eanico\"},\"image\":{\"@id\":\"https:\\\/\\\/news.ecclesia.org.br\\\/#\\\/schema\\\/logo\\\/image\\\/\"},\"sameAs\":[\"https:\\\/\\\/www.facebook.com\\\/Ecclesia2025\",\"https:\\\/\\\/x.com\\\/EcclesiaNews\",\"https:\\\/\\\/br.pinterest.com\\\/ekklisia\\\/\",\"https:\\\/\\\/www.youtube.com\\\/@EcclesiaBrasil\"]},{\"@type\":\"Person\",\"@id\":\"https:\\\/\\\/news.ecclesia.org.br\\\/#\\\/schema\\\/person\\\/6f09597f025829745ba414a569f63758\",\"name\":\"Pe. Andr\u00e9\",\"image\":{\"@type\":\"ImageObject\",\"inLanguage\":\"pt-BR\",\"@id\":\"https:\\\/\\\/secure.gravatar.com\\\/avatar\\\/b4327cfa27e9799da239a26adcd534fc29cdc0c4a4a148eecbcfeb9b42c617ac?s=96&d=mm&r=g\",\"url\":\"https:\\\/\\\/secure.gravatar.com\\\/avatar\\\/b4327cfa27e9799da239a26adcd534fc29cdc0c4a4a148eecbcfeb9b42c617ac?s=96&d=mm&r=g\",\"contentUrl\":\"https:\\\/\\\/secure.gravatar.com\\\/avatar\\\/b4327cfa27e9799da239a26adcd534fc29cdc0c4a4a148eecbcfeb9b42c617ac?s=96&d=mm&r=g\",\"caption\":\"Pe. Andr\u00e9\"},\"sameAs\":[\"https:\\\/\\\/www.ecclesia.org.br\"]}]}<\/script>\n<!-- \/ Yoast SEO plugin. -->","yoast_head_json":{"title":"Patriarca Te\u00f3filo de Jerusal\u00e9m participa da peregrina\u00e7\u00e3o \u00e0 Capad\u00f3cia com Patriarca Ecum\u00eanico Bartolomeu I | ECCLESIA NEWS","robots":{"index":"index","follow":"follow","max-snippet":"max-snippet:-1","max-image-preview":"max-image-preview:large","max-video-preview":"max-video-preview:-1"},"canonical":"https:\/\/news.ecclesia.org.br\/?p=23510","og_locale":"pt_BR","og_type":"article","og_title":"Patriarca Te\u00f3filo de Jerusal\u00e9m participa da peregrina\u00e7\u00e3o \u00e0 Capad\u00f3cia com Patriarca Ecum\u00eanico Bartolomeu I | ECCLESIA NEWS","og_description":"18 de junho, 2017 &#8212; O Patriarca Ecum\u00eanico Bartolomeu I recebeu na manh\u00e3 desta sexta-feira, 16 de junho, a visita do Patriarca Te\u00f3filo de Jerusal\u00e9m, que estava acompanhado pelo Arcebispo Aristarco de Konstantina e do Arquidi\u00e1cono Marcos. S. B. Te\u00f3filo&#8230;","og_url":"https:\/\/news.ecclesia.org.br\/?p=23510","og_site_name":"ECCLESIA NEWS","article_publisher":"https:\/\/www.facebook.com\/Ecclesia2025","article_published_time":"2017-06-18T22:28:28+00:00","article_modified_time":"2017-06-20T00:53:42+00:00","og_image":[{"width":548,"height":435,"url":"https:\/\/news.ecclesia.org.br\/wp-content\/uploads\/2017\/06\/article_29149_164361b.jpg","type":"image\/jpeg"}],"author":"Pe. Andr\u00e9","twitter_card":"summary_large_image","twitter_creator":"@EcclesiaNews","twitter_site":"@EcclesiaNews","twitter_misc":{"Escrito por":"Pe. Andr\u00e9","Est. tempo de leitura":"1 minuto"},"schema":{"@context":"https:\/\/schema.org","@graph":[{"@type":"Article","@id":"https:\/\/news.ecclesia.org.br\/?p=23510#article","isPartOf":{"@id":"https:\/\/news.ecclesia.org.br\/?p=23510"},"author":{"name":"Pe. Andr\u00e9","@id":"https:\/\/news.ecclesia.org.br\/#\/schema\/person\/6f09597f025829745ba414a569f63758"},"headline":"Patriarca Te\u00f3filo de Jerusal\u00e9m participa da peregrina\u00e7\u00e3o \u00e0 Capad\u00f3cia com Patriarca Ecum\u00eanico Bartolomeu I","datePublished":"2017-06-18T22:28:28+00:00","dateModified":"2017-06-20T00:53:42+00:00","mainEntityOfPage":{"@id":"https:\/\/news.ecclesia.org.br\/?p=23510"},"wordCount":258,"commentCount":0,"publisher":{"@id":"https:\/\/news.ecclesia.org.br\/#organization"},"image":{"@id":"https:\/\/news.ecclesia.org.br\/?p=23510#primaryimage"},"thumbnailUrl":"https:\/\/news.ecclesia.org.br\/wp-content\/uploads\/2017\/06\/article_29149_164361b.jpg","articleSection":["NEWS","Patriarcado Ecum\u00eanico"],"inLanguage":"pt-BR","potentialAction":[{"@type":"CommentAction","name":"Comment","target":["https:\/\/news.ecclesia.org.br\/?p=23510#respond"]}]},{"@type":"WebPage","@id":"https:\/\/news.ecclesia.org.br\/?p=23510","url":"https:\/\/news.ecclesia.org.br\/?p=23510","name":"Patriarca Te\u00f3filo de Jerusal\u00e9m participa da peregrina\u00e7\u00e3o \u00e0 Capad\u00f3cia com Patriarca Ecum\u00eanico Bartolomeu I | ECCLESIA NEWS","isPartOf":{"@id":"https:\/\/news.ecclesia.org.br\/#website"},"primaryImageOfPage":{"@id":"https:\/\/news.ecclesia.org.br\/?p=23510#primaryimage"},"image":{"@id":"https:\/\/news.ecclesia.org.br\/?p=23510#primaryimage"},"thumbnailUrl":"https:\/\/news.ecclesia.org.br\/wp-content\/uploads\/2017\/06\/article_29149_164361b.jpg","datePublished":"2017-06-18T22:28:28+00:00","dateModified":"2017-06-20T00:53:42+00:00","breadcrumb":{"@id":"https:\/\/news.ecclesia.org.br\/?p=23510#breadcrumb"},"inLanguage":"pt-BR","potentialAction":[{"@type":"ReadAction","target":["https:\/\/news.ecclesia.org.br\/?p=23510"]}]},{"@type":"ImageObject","inLanguage":"pt-BR","@id":"https:\/\/news.ecclesia.org.br\/?p=23510#primaryimage","url":"https:\/\/news.ecclesia.org.br\/wp-content\/uploads\/2017\/06\/article_29149_164361b.jpg","contentUrl":"https:\/\/news.ecclesia.org.br\/wp-content\/uploads\/2017\/06\/article_29149_164361b.jpg","width":548,"height":435},{"@type":"BreadcrumbList","@id":"https:\/\/news.ecclesia.org.br\/?p=23510#breadcrumb","itemListElement":[{"@type":"ListItem","position":1,"name":"In\u00edcio","item":"https:\/\/news.ecclesia.org.br\/"},{"@type":"ListItem","position":2,"name":"Patriarca Te\u00f3filo de Jerusal\u00e9m participa da peregrina\u00e7\u00e3o \u00e0 Capad\u00f3cia com Patriarca Ecum\u00eanico Bartolomeu I"}]},{"@type":"WebSite","@id":"https:\/\/news.ecclesia.org.br\/#website","url":"https:\/\/news.ecclesia.org.br\/","name":"Ecclesia Brasil","description":"Desde 2003 onectando o Brasil ao mundo ortodoxo!","publisher":{"@id":"https:\/\/news.ecclesia.org.br\/#organization"},"alternateName":"Ecclesia","potentialAction":[{"@type":"SearchAction","target":{"@type":"EntryPoint","urlTemplate":"https:\/\/news.ecclesia.org.br\/?s={search_term_string}"},"query-input":{"@type":"PropertyValueSpecification","valueRequired":true,"valueName":"search_term_string"}}],"inLanguage":"pt-BR"},{"@type":"Organization","@id":"https:\/\/news.ecclesia.org.br\/#organization","name":"Sacra Arquidiocese de Buenos Aires e Am\u00e9rica do Sul | Patriarcado Ecum\u00eanico","alternateName":"News Ecclesia Brasil","url":"https:\/\/news.ecclesia.org.br\/","logo":{"@type":"ImageObject","inLanguage":"pt-BR","@id":"https:\/\/news.ecclesia.org.br\/#\/schema\/logo\/image\/","url":"https:\/\/news.ecclesia.org.br\/wp-content\/uploads\/2025\/05\/ecclesia2.png","contentUrl":"https:\/\/news.ecclesia.org.br\/wp-content\/uploads\/2025\/05\/ecclesia2.png","width":480,"height":120,"caption":"Sacra Arquidiocese de Buenos Aires e Am\u00e9rica do Sul | Patriarcado Ecum\u00eanico"},"image":{"@id":"https:\/\/news.ecclesia.org.br\/#\/schema\/logo\/image\/"},"sameAs":["https:\/\/www.facebook.com\/Ecclesia2025","https:\/\/x.com\/EcclesiaNews","https:\/\/br.pinterest.com\/ekklisia\/","https:\/\/www.youtube.com\/@EcclesiaBrasil"]},{"@type":"Person","@id":"https:\/\/news.ecclesia.org.br\/#\/schema\/person\/6f09597f025829745ba414a569f63758","name":"Pe. Andr\u00e9","image":{"@type":"ImageObject","inLanguage":"pt-BR","@id":"https:\/\/secure.gravatar.com\/avatar\/b4327cfa27e9799da239a26adcd534fc29cdc0c4a4a148eecbcfeb9b42c617ac?s=96&d=mm&r=g","url":"https:\/\/secure.gravatar.com\/avatar\/b4327cfa27e9799da239a26adcd534fc29cdc0c4a4a148eecbcfeb9b42c617ac?s=96&d=mm&r=g","contentUrl":"https:\/\/secure.gravatar.com\/avatar\/b4327cfa27e9799da239a26adcd534fc29cdc0c4a4a148eecbcfeb9b42c617ac?s=96&d=mm&r=g","caption":"Pe. Andr\u00e9"},"sameAs":["https:\/\/www.ecclesia.org.br"]}]}},"_links":{"self":[{"href":"https:\/\/news.ecclesia.org.br\/index.php?rest_route=\/wp\/v2\/posts\/23510","targetHints":{"allow":["GET"]}}],"collection":[{"href":"https:\/\/news.ecclesia.org.br\/index.php?rest_route=\/wp\/v2\/posts"}],"about":[{"href":"https:\/\/news.ecclesia.org.br\/index.php?rest_route=\/wp\/v2\/types\/post"}],"author":[{"embeddable":true,"href":"https:\/\/news.ecclesia.org.br\/index.php?rest_route=\/wp\/v2\/users\/1"}],"replies":[{"embeddable":true,"href":"https:\/\/news.ecclesia.org.br\/index.php?rest_route=%2Fwp%2Fv2%2Fcomments&post=23510"}],"version-history":[{"count":0,"href":"https:\/\/news.ecclesia.org.br\/index.php?rest_route=\/wp\/v2\/posts\/23510\/revisions"}],"wp:featuredmedia":[{"embeddable":true,"href":"https:\/\/news.ecclesia.org.br\/index.php?rest_route=\/wp\/v2\/media\/23515"}],"wp:attachment":[{"href":"https:\/\/news.ecclesia.org.br\/index.php?rest_route=%2Fwp%2Fv2%2Fmedia&parent=23510"}],"wp:term":[{"taxonomy":"category","embeddable":true,"href":"https:\/\/news.ecclesia.org.br\/index.php?rest_route=%2Fwp%2Fv2%2Fcategories&post=23510"},{"taxonomy":"post_tag","embeddable":true,"href":"https:\/\/news.ecclesia.org.br\/index.php?rest_route=%2Fwp%2Fv2%2Ftags&post=23510"}],"curies":[{"name":"wp","href":"https:\/\/api.w.org\/{rel}","templated":true}]}}