{"id":23505,"date":"2017-06-14T16:34:34","date_gmt":"2017-06-14T16:34:34","guid":{"rendered":"https:\/\/news.ecclesia.org.br\/2013\/?p=23505"},"modified":"2020-05-31T18:04:01","modified_gmt":"2020-05-31T18:04:01","slug":"morre-arcebispo-antonio-chedraoui-da-arquidiocese-ortodoxa-do-mexico-venezuela-america-central-e-caribe","status":"publish","type":"post","link":"https:\/\/news.ecclesia.org.br\/?p=23505","title":{"rendered":"Morre Arcebispo Antonio \u00a0Chedraoui da Arquidiocese Ortodoxa do M\u00e9xico, Venezuela, Am\u00e9rica Central e Caribe"},"content":{"rendered":"<p style=\"text-align: justify;\">Sua Beatitude o Patriarca Jo\u00e3o X \u00a0de Antioquia anunciou com grande pesar a partida para a casa do Senhor de S.E.R. o Metropolita Antonio Chedraoui, da Arquidiocese do M\u00e9xico, Venezuela, Am\u00e9rica Central e Caribe.<\/p>\n<p style=\"text-align: justify;\"><a href=\"https:\/\/news.ecclesia.org.br\/2013\/wp-content\/uploads\/2017\/06\/arzobispo-antonio-chedraoui.jpg\"><img fetchpriority=\"high\" decoding=\"async\" class=\"alignleft size-medium wp-image-23507\" src=\"https:\/\/news.ecclesia.org.br\/2013\/wp-content\/uploads\/2017\/06\/arzobispo-antonio-chedraoui-300x176.jpg\" alt=\"\" width=\"300\" height=\"176\" srcset=\"https:\/\/news.ecclesia.org.br\/wp-content\/uploads\/2017\/06\/arzobispo-antonio-chedraoui-300x176.jpg 300w, https:\/\/news.ecclesia.org.br\/wp-content\/uploads\/2017\/06\/arzobispo-antonio-chedraoui-768x452.jpg 768w, https:\/\/news.ecclesia.org.br\/wp-content\/uploads\/2017\/06\/arzobispo-antonio-chedraoui.jpg 1024w, https:\/\/news.ecclesia.org.br\/wp-content\/uploads\/2017\/06\/arzobispo-antonio-chedraoui-600x353.jpg 600w, https:\/\/news.ecclesia.org.br\/wp-content\/uploads\/2017\/06\/arzobispo-antonio-chedraoui-94x55.jpg 94w\" sizes=\"(max-width: 300px) 100vw, 300px\" \/><\/a>Dom Antonio nasceu na cidade de Tr\u00edpoli, L\u00edbano, em 17 de janeiro de 1932. Seus primeiros estudos aconteceram no L\u00edbano e, mais tarde, na Universidade de Atenas, Gr\u00e9cia, onde se licenciou em teologia e filosofia. Em 20 de julho de 1952, foi ordenado di\u00e1cono; em 29 de agosto de 1958, recebeu a ordena\u00e7\u00e3o sacerdotal e a nomea\u00e7\u00e3o de Arquimandrita. Em 5 de junho de 1966, foi consagrado bispo, recebendo a nomea\u00e7\u00e3o de vig\u00e1rio patriarcal para o M\u00e9xico, Venezuela, Am\u00e9rica Central e Caribe. Entre os v\u00e1rios cargos que ocupou, se destacam: secret\u00e1rio particular do Arcebispo de Tr\u00edpoli e Presidente do Tribunal Eclesi\u00e1stico de 1957 a 1959. Superior de um monast\u00e9rio e secret\u00e1rio particular do patriarca de 1959 a 1962. Publicou uma revista religiosa entre 1962-1966 e, ao mesmo tempo, exercia simultaneamente o vicariato geral na Arquidiocese de Monte L\u00edbano e a Presid\u00eancia do Tribunal Eclesi\u00e1stico. \u00c9 reconhecido como um dos l\u00edderes mais proeminentes no M\u00e9xico das Col\u00f4nias libanesas e outras col\u00f4nias \u00e1rabes. A ele foi concedida a cidadania mexicana em 04 de outubro de 1994. Em 12 de Junho de 1996, o Santo S\u00ednodo do Patriarcado de Antioquia elevou o bispado do M\u00e9xico, Venezuela, Am\u00e9rica Central e Caribe ao status de arcebispado, e Dom Ant\u00f4nio como seu Arcebispo Metropolitano, posi\u00e7\u00e3o que ocupava at\u00e9 os dias atuais.<\/p>\n<p style=\"text-align: justify;\">Que a sua mem\u00f3ria seja eterna!<\/p>\n","protected":false},"excerpt":{"rendered":"<p>Sua Beatitude o Patriarca Jo\u00e3o X \u00a0de Antioquia anunciou com grande pesar a partida para a casa do Senhor de S.E.R. o Metropolita Antonio Chedraoui, da Arquidiocese do M\u00e9xico, Venezuela, Am\u00e9rica Central e Caribe. Dom Antonio nasceu na cidade de&#8230;<\/p>\n","protected":false},"author":1,"featured_media":23507,"comment_status":"open","ping_status":"open","sticky":false,"template":"","format":"standard","meta":{"_acf_changed":false,"footnotes":""},"categories":[40,1],"tags":[],"class_list":["post-23505","post","type-post","status-publish","format-standard","has-post-thumbnail","hentry","category-arquidiocese-de-buenos-aires-e-america-do-sul","category-news","entry","rows-excerpt"],"acf":[],"yoast_head":"<!-- This site is optimized with the Yoast SEO plugin v27.5 - https:\/\/yoast.com\/product\/yoast-seo-wordpress\/ -->\n<title>Morre Arcebispo Antonio \u00a0Chedraoui da Arquidiocese Ortodoxa do M\u00e9xico, Venezuela, Am\u00e9rica Central e Caribe | ECCLESIA NEWS<\/title>\n<meta name=\"robots\" content=\"index, follow, max-snippet:-1, max-image-preview:large, max-video-preview:-1\" \/>\n<link rel=\"canonical\" href=\"https:\/\/news.ecclesia.org.br\/?p=23505\" \/>\n<meta property=\"og:locale\" content=\"pt_BR\" \/>\n<meta property=\"og:type\" content=\"article\" \/>\n<meta property=\"og:title\" content=\"Morre Arcebispo Antonio \u00a0Chedraoui da Arquidiocese Ortodoxa do M\u00e9xico, Venezuela, Am\u00e9rica Central e Caribe | ECCLESIA NEWS\" \/>\n<meta property=\"og:description\" content=\"Sua Beatitude o Patriarca Jo\u00e3o X \u00a0de Antioquia anunciou com grande pesar a partida para a casa do Senhor de S.E.R. o Metropolita Antonio Chedraoui, da Arquidiocese do M\u00e9xico, Venezuela, Am\u00e9rica Central e Caribe. Dom Antonio nasceu na cidade de&#8230;\" \/>\n<meta property=\"og:url\" content=\"https:\/\/news.ecclesia.org.br\/?p=23505\" \/>\n<meta property=\"og:site_name\" content=\"ECCLESIA NEWS\" \/>\n<meta property=\"article:publisher\" content=\"https:\/\/www.facebook.com\/Ecclesia2025\" \/>\n<meta property=\"article:published_time\" content=\"2017-06-14T16:34:34+00:00\" \/>\n<meta property=\"article:modified_time\" content=\"2020-05-31T18:04:01+00:00\" \/>\n<meta property=\"og:image\" content=\"https:\/\/news.ecclesia.org.br\/wp-content\/uploads\/2017\/06\/arzobispo-antonio-chedraoui.jpg\" \/>\n\t<meta property=\"og:image:width\" content=\"1024\" \/>\n\t<meta property=\"og:image:height\" content=\"602\" \/>\n\t<meta property=\"og:image:type\" content=\"image\/jpeg\" \/>\n<meta name=\"author\" content=\"Pe. Andr\u00e9\" \/>\n<meta name=\"twitter:card\" content=\"summary_large_image\" \/>\n<meta name=\"twitter:creator\" content=\"@EcclesiaNews\" \/>\n<meta name=\"twitter:site\" content=\"@EcclesiaNews\" \/>\n<meta name=\"twitter:label1\" content=\"Escrito por\" \/>\n\t<meta name=\"twitter:data1\" content=\"Pe. Andr\u00e9\" \/>\n\t<meta name=\"twitter:label2\" content=\"Est. tempo de leitura\" \/>\n\t<meta name=\"twitter:data2\" content=\"1 minuto\" \/>\n<script type=\"application\/ld+json\" class=\"yoast-schema-graph\">{\"@context\":\"https:\\\/\\\/schema.org\",\"@graph\":[{\"@type\":\"Article\",\"@id\":\"https:\\\/\\\/news.ecclesia.org.br\\\/?p=23505#article\",\"isPartOf\":{\"@id\":\"https:\\\/\\\/news.ecclesia.org.br\\\/?p=23505\"},\"author\":{\"name\":\"Pe. Andr\u00e9\",\"@id\":\"https:\\\/\\\/news.ecclesia.org.br\\\/#\\\/schema\\\/person\\\/6f09597f025829745ba414a569f63758\"},\"headline\":\"Morre Arcebispo Antonio \u00a0Chedraoui da Arquidiocese Ortodoxa do M\u00e9xico, Venezuela, Am\u00e9rica Central e Caribe\",\"datePublished\":\"2017-06-14T16:34:34+00:00\",\"dateModified\":\"2020-05-31T18:04:01+00:00\",\"mainEntityOfPage\":{\"@id\":\"https:\\\/\\\/news.ecclesia.org.br\\\/?p=23505\"},\"wordCount\":289,\"commentCount\":0,\"publisher\":{\"@id\":\"https:\\\/\\\/news.ecclesia.org.br\\\/#organization\"},\"image\":{\"@id\":\"https:\\\/\\\/news.ecclesia.org.br\\\/?p=23505#primaryimage\"},\"thumbnailUrl\":\"https:\\\/\\\/news.ecclesia.org.br\\\/wp-content\\\/uploads\\\/2017\\\/06\\\/arzobispo-antonio-chedraoui.jpg\",\"articleSection\":[\"Arquidiocese de Buenos Aires e Am\u00e9rica do Sul\",\"NEWS\"],\"inLanguage\":\"pt-BR\",\"potentialAction\":[{\"@type\":\"CommentAction\",\"name\":\"Comment\",\"target\":[\"https:\\\/\\\/news.ecclesia.org.br\\\/?p=23505#respond\"]}]},{\"@type\":\"WebPage\",\"@id\":\"https:\\\/\\\/news.ecclesia.org.br\\\/?p=23505\",\"url\":\"https:\\\/\\\/news.ecclesia.org.br\\\/?p=23505\",\"name\":\"Morre Arcebispo Antonio \u00a0Chedraoui da Arquidiocese Ortodoxa do M\u00e9xico, Venezuela, Am\u00e9rica Central e Caribe | ECCLESIA NEWS\",\"isPartOf\":{\"@id\":\"https:\\\/\\\/news.ecclesia.org.br\\\/#website\"},\"primaryImageOfPage\":{\"@id\":\"https:\\\/\\\/news.ecclesia.org.br\\\/?p=23505#primaryimage\"},\"image\":{\"@id\":\"https:\\\/\\\/news.ecclesia.org.br\\\/?p=23505#primaryimage\"},\"thumbnailUrl\":\"https:\\\/\\\/news.ecclesia.org.br\\\/wp-content\\\/uploads\\\/2017\\\/06\\\/arzobispo-antonio-chedraoui.jpg\",\"datePublished\":\"2017-06-14T16:34:34+00:00\",\"dateModified\":\"2020-05-31T18:04:01+00:00\",\"breadcrumb\":{\"@id\":\"https:\\\/\\\/news.ecclesia.org.br\\\/?p=23505#breadcrumb\"},\"inLanguage\":\"pt-BR\",\"potentialAction\":[{\"@type\":\"ReadAction\",\"target\":[\"https:\\\/\\\/news.ecclesia.org.br\\\/?p=23505\"]}]},{\"@type\":\"ImageObject\",\"inLanguage\":\"pt-BR\",\"@id\":\"https:\\\/\\\/news.ecclesia.org.br\\\/?p=23505#primaryimage\",\"url\":\"https:\\\/\\\/news.ecclesia.org.br\\\/wp-content\\\/uploads\\\/2017\\\/06\\\/arzobispo-antonio-chedraoui.jpg\",\"contentUrl\":\"https:\\\/\\\/news.ecclesia.org.br\\\/wp-content\\\/uploads\\\/2017\\\/06\\\/arzobispo-antonio-chedraoui.jpg\",\"width\":1024,\"height\":602},{\"@type\":\"BreadcrumbList\",\"@id\":\"https:\\\/\\\/news.ecclesia.org.br\\\/?p=23505#breadcrumb\",\"itemListElement\":[{\"@type\":\"ListItem\",\"position\":1,\"name\":\"In\u00edcio\",\"item\":\"https:\\\/\\\/news.ecclesia.org.br\\\/\"},{\"@type\":\"ListItem\",\"position\":2,\"name\":\"Morre Arcebispo Antonio \u00a0Chedraoui da Arquidiocese Ortodoxa do M\u00e9xico, Venezuela, Am\u00e9rica Central e Caribe\"}]},{\"@type\":\"WebSite\",\"@id\":\"https:\\\/\\\/news.ecclesia.org.br\\\/#website\",\"url\":\"https:\\\/\\\/news.ecclesia.org.br\\\/\",\"name\":\"Ecclesia Brasil\",\"description\":\"Desde 2003 onectando o Brasil ao mundo ortodoxo!\",\"publisher\":{\"@id\":\"https:\\\/\\\/news.ecclesia.org.br\\\/#organization\"},\"alternateName\":\"Ecclesia\",\"potentialAction\":[{\"@type\":\"SearchAction\",\"target\":{\"@type\":\"EntryPoint\",\"urlTemplate\":\"https:\\\/\\\/news.ecclesia.org.br\\\/?s={search_term_string}\"},\"query-input\":{\"@type\":\"PropertyValueSpecification\",\"valueRequired\":true,\"valueName\":\"search_term_string\"}}],\"inLanguage\":\"pt-BR\"},{\"@type\":\"Organization\",\"@id\":\"https:\\\/\\\/news.ecclesia.org.br\\\/#organization\",\"name\":\"Sacra Arquidiocese de Buenos Aires e Am\u00e9rica do Sul | Patriarcado Ecum\u00eanico\",\"alternateName\":\"News Ecclesia Brasil\",\"url\":\"https:\\\/\\\/news.ecclesia.org.br\\\/\",\"logo\":{\"@type\":\"ImageObject\",\"inLanguage\":\"pt-BR\",\"@id\":\"https:\\\/\\\/news.ecclesia.org.br\\\/#\\\/schema\\\/logo\\\/image\\\/\",\"url\":\"https:\\\/\\\/news.ecclesia.org.br\\\/wp-content\\\/uploads\\\/2025\\\/05\\\/ecclesia2.png\",\"contentUrl\":\"https:\\\/\\\/news.ecclesia.org.br\\\/wp-content\\\/uploads\\\/2025\\\/05\\\/ecclesia2.png\",\"width\":480,\"height\":120,\"caption\":\"Sacra Arquidiocese de Buenos Aires e Am\u00e9rica do Sul | Patriarcado Ecum\u00eanico\"},\"image\":{\"@id\":\"https:\\\/\\\/news.ecclesia.org.br\\\/#\\\/schema\\\/logo\\\/image\\\/\"},\"sameAs\":[\"https:\\\/\\\/www.facebook.com\\\/Ecclesia2025\",\"https:\\\/\\\/x.com\\\/EcclesiaNews\",\"https:\\\/\\\/br.pinterest.com\\\/ekklisia\\\/\",\"https:\\\/\\\/www.youtube.com\\\/@EcclesiaBrasil\"]},{\"@type\":\"Person\",\"@id\":\"https:\\\/\\\/news.ecclesia.org.br\\\/#\\\/schema\\\/person\\\/6f09597f025829745ba414a569f63758\",\"name\":\"Pe. Andr\u00e9\",\"image\":{\"@type\":\"ImageObject\",\"inLanguage\":\"pt-BR\",\"@id\":\"https:\\\/\\\/secure.gravatar.com\\\/avatar\\\/b4327cfa27e9799da239a26adcd534fc29cdc0c4a4a148eecbcfeb9b42c617ac?s=96&d=mm&r=g\",\"url\":\"https:\\\/\\\/secure.gravatar.com\\\/avatar\\\/b4327cfa27e9799da239a26adcd534fc29cdc0c4a4a148eecbcfeb9b42c617ac?s=96&d=mm&r=g\",\"contentUrl\":\"https:\\\/\\\/secure.gravatar.com\\\/avatar\\\/b4327cfa27e9799da239a26adcd534fc29cdc0c4a4a148eecbcfeb9b42c617ac?s=96&d=mm&r=g\",\"caption\":\"Pe. Andr\u00e9\"},\"sameAs\":[\"https:\\\/\\\/www.ecclesia.org.br\"]}]}<\/script>\n<!-- \/ Yoast SEO plugin. -->","yoast_head_json":{"title":"Morre Arcebispo Antonio \u00a0Chedraoui da Arquidiocese Ortodoxa do M\u00e9xico, Venezuela, Am\u00e9rica Central e Caribe | ECCLESIA NEWS","robots":{"index":"index","follow":"follow","max-snippet":"max-snippet:-1","max-image-preview":"max-image-preview:large","max-video-preview":"max-video-preview:-1"},"canonical":"https:\/\/news.ecclesia.org.br\/?p=23505","og_locale":"pt_BR","og_type":"article","og_title":"Morre Arcebispo Antonio \u00a0Chedraoui da Arquidiocese Ortodoxa do M\u00e9xico, Venezuela, Am\u00e9rica Central e Caribe | ECCLESIA NEWS","og_description":"Sua Beatitude o Patriarca Jo\u00e3o X \u00a0de Antioquia anunciou com grande pesar a partida para a casa do Senhor de S.E.R. o Metropolita Antonio Chedraoui, da Arquidiocese do M\u00e9xico, Venezuela, Am\u00e9rica Central e Caribe. Dom Antonio nasceu na cidade de&#8230;","og_url":"https:\/\/news.ecclesia.org.br\/?p=23505","og_site_name":"ECCLESIA NEWS","article_publisher":"https:\/\/www.facebook.com\/Ecclesia2025","article_published_time":"2017-06-14T16:34:34+00:00","article_modified_time":"2020-05-31T18:04:01+00:00","og_image":[{"width":1024,"height":602,"url":"https:\/\/news.ecclesia.org.br\/wp-content\/uploads\/2017\/06\/arzobispo-antonio-chedraoui.jpg","type":"image\/jpeg"}],"author":"Pe. Andr\u00e9","twitter_card":"summary_large_image","twitter_creator":"@EcclesiaNews","twitter_site":"@EcclesiaNews","twitter_misc":{"Escrito por":"Pe. Andr\u00e9","Est. tempo de leitura":"1 minuto"},"schema":{"@context":"https:\/\/schema.org","@graph":[{"@type":"Article","@id":"https:\/\/news.ecclesia.org.br\/?p=23505#article","isPartOf":{"@id":"https:\/\/news.ecclesia.org.br\/?p=23505"},"author":{"name":"Pe. Andr\u00e9","@id":"https:\/\/news.ecclesia.org.br\/#\/schema\/person\/6f09597f025829745ba414a569f63758"},"headline":"Morre Arcebispo Antonio \u00a0Chedraoui da Arquidiocese Ortodoxa do M\u00e9xico, Venezuela, Am\u00e9rica Central e Caribe","datePublished":"2017-06-14T16:34:34+00:00","dateModified":"2020-05-31T18:04:01+00:00","mainEntityOfPage":{"@id":"https:\/\/news.ecclesia.org.br\/?p=23505"},"wordCount":289,"commentCount":0,"publisher":{"@id":"https:\/\/news.ecclesia.org.br\/#organization"},"image":{"@id":"https:\/\/news.ecclesia.org.br\/?p=23505#primaryimage"},"thumbnailUrl":"https:\/\/news.ecclesia.org.br\/wp-content\/uploads\/2017\/06\/arzobispo-antonio-chedraoui.jpg","articleSection":["Arquidiocese de Buenos Aires e Am\u00e9rica do Sul","NEWS"],"inLanguage":"pt-BR","potentialAction":[{"@type":"CommentAction","name":"Comment","target":["https:\/\/news.ecclesia.org.br\/?p=23505#respond"]}]},{"@type":"WebPage","@id":"https:\/\/news.ecclesia.org.br\/?p=23505","url":"https:\/\/news.ecclesia.org.br\/?p=23505","name":"Morre Arcebispo Antonio \u00a0Chedraoui da Arquidiocese Ortodoxa do M\u00e9xico, Venezuela, Am\u00e9rica Central e Caribe | ECCLESIA NEWS","isPartOf":{"@id":"https:\/\/news.ecclesia.org.br\/#website"},"primaryImageOfPage":{"@id":"https:\/\/news.ecclesia.org.br\/?p=23505#primaryimage"},"image":{"@id":"https:\/\/news.ecclesia.org.br\/?p=23505#primaryimage"},"thumbnailUrl":"https:\/\/news.ecclesia.org.br\/wp-content\/uploads\/2017\/06\/arzobispo-antonio-chedraoui.jpg","datePublished":"2017-06-14T16:34:34+00:00","dateModified":"2020-05-31T18:04:01+00:00","breadcrumb":{"@id":"https:\/\/news.ecclesia.org.br\/?p=23505#breadcrumb"},"inLanguage":"pt-BR","potentialAction":[{"@type":"ReadAction","target":["https:\/\/news.ecclesia.org.br\/?p=23505"]}]},{"@type":"ImageObject","inLanguage":"pt-BR","@id":"https:\/\/news.ecclesia.org.br\/?p=23505#primaryimage","url":"https:\/\/news.ecclesia.org.br\/wp-content\/uploads\/2017\/06\/arzobispo-antonio-chedraoui.jpg","contentUrl":"https:\/\/news.ecclesia.org.br\/wp-content\/uploads\/2017\/06\/arzobispo-antonio-chedraoui.jpg","width":1024,"height":602},{"@type":"BreadcrumbList","@id":"https:\/\/news.ecclesia.org.br\/?p=23505#breadcrumb","itemListElement":[{"@type":"ListItem","position":1,"name":"In\u00edcio","item":"https:\/\/news.ecclesia.org.br\/"},{"@type":"ListItem","position":2,"name":"Morre Arcebispo Antonio \u00a0Chedraoui da Arquidiocese Ortodoxa do M\u00e9xico, Venezuela, Am\u00e9rica Central e Caribe"}]},{"@type":"WebSite","@id":"https:\/\/news.ecclesia.org.br\/#website","url":"https:\/\/news.ecclesia.org.br\/","name":"Ecclesia Brasil","description":"Desde 2003 onectando o Brasil ao mundo ortodoxo!","publisher":{"@id":"https:\/\/news.ecclesia.org.br\/#organization"},"alternateName":"Ecclesia","potentialAction":[{"@type":"SearchAction","target":{"@type":"EntryPoint","urlTemplate":"https:\/\/news.ecclesia.org.br\/?s={search_term_string}"},"query-input":{"@type":"PropertyValueSpecification","valueRequired":true,"valueName":"search_term_string"}}],"inLanguage":"pt-BR"},{"@type":"Organization","@id":"https:\/\/news.ecclesia.org.br\/#organization","name":"Sacra Arquidiocese de Buenos Aires e Am\u00e9rica do Sul | Patriarcado Ecum\u00eanico","alternateName":"News Ecclesia Brasil","url":"https:\/\/news.ecclesia.org.br\/","logo":{"@type":"ImageObject","inLanguage":"pt-BR","@id":"https:\/\/news.ecclesia.org.br\/#\/schema\/logo\/image\/","url":"https:\/\/news.ecclesia.org.br\/wp-content\/uploads\/2025\/05\/ecclesia2.png","contentUrl":"https:\/\/news.ecclesia.org.br\/wp-content\/uploads\/2025\/05\/ecclesia2.png","width":480,"height":120,"caption":"Sacra Arquidiocese de Buenos Aires e Am\u00e9rica do Sul | Patriarcado Ecum\u00eanico"},"image":{"@id":"https:\/\/news.ecclesia.org.br\/#\/schema\/logo\/image\/"},"sameAs":["https:\/\/www.facebook.com\/Ecclesia2025","https:\/\/x.com\/EcclesiaNews","https:\/\/br.pinterest.com\/ekklisia\/","https:\/\/www.youtube.com\/@EcclesiaBrasil"]},{"@type":"Person","@id":"https:\/\/news.ecclesia.org.br\/#\/schema\/person\/6f09597f025829745ba414a569f63758","name":"Pe. Andr\u00e9","image":{"@type":"ImageObject","inLanguage":"pt-BR","@id":"https:\/\/secure.gravatar.com\/avatar\/b4327cfa27e9799da239a26adcd534fc29cdc0c4a4a148eecbcfeb9b42c617ac?s=96&d=mm&r=g","url":"https:\/\/secure.gravatar.com\/avatar\/b4327cfa27e9799da239a26adcd534fc29cdc0c4a4a148eecbcfeb9b42c617ac?s=96&d=mm&r=g","contentUrl":"https:\/\/secure.gravatar.com\/avatar\/b4327cfa27e9799da239a26adcd534fc29cdc0c4a4a148eecbcfeb9b42c617ac?s=96&d=mm&r=g","caption":"Pe. Andr\u00e9"},"sameAs":["https:\/\/www.ecclesia.org.br"]}]}},"_links":{"self":[{"href":"https:\/\/news.ecclesia.org.br\/index.php?rest_route=\/wp\/v2\/posts\/23505","targetHints":{"allow":["GET"]}}],"collection":[{"href":"https:\/\/news.ecclesia.org.br\/index.php?rest_route=\/wp\/v2\/posts"}],"about":[{"href":"https:\/\/news.ecclesia.org.br\/index.php?rest_route=\/wp\/v2\/types\/post"}],"author":[{"embeddable":true,"href":"https:\/\/news.ecclesia.org.br\/index.php?rest_route=\/wp\/v2\/users\/1"}],"replies":[{"embeddable":true,"href":"https:\/\/news.ecclesia.org.br\/index.php?rest_route=%2Fwp%2Fv2%2Fcomments&post=23505"}],"version-history":[{"count":0,"href":"https:\/\/news.ecclesia.org.br\/index.php?rest_route=\/wp\/v2\/posts\/23505\/revisions"}],"wp:featuredmedia":[{"embeddable":true,"href":"https:\/\/news.ecclesia.org.br\/index.php?rest_route=\/wp\/v2\/media\/23507"}],"wp:attachment":[{"href":"https:\/\/news.ecclesia.org.br\/index.php?rest_route=%2Fwp%2Fv2%2Fmedia&parent=23505"}],"wp:term":[{"taxonomy":"category","embeddable":true,"href":"https:\/\/news.ecclesia.org.br\/index.php?rest_route=%2Fwp%2Fv2%2Fcategories&post=23505"},{"taxonomy":"post_tag","embeddable":true,"href":"https:\/\/news.ecclesia.org.br\/index.php?rest_route=%2Fwp%2Fv2%2Ftags&post=23505"}],"curies":[{"name":"wp","href":"https:\/\/api.w.org\/{rel}","templated":true}]}}