{"id":23491,"date":"2017-06-11T17:01:15","date_gmt":"2017-06-11T17:01:15","guid":{"rendered":"https:\/\/news.ecclesia.org.br\/2013\/?p=23491"},"modified":"2017-06-11T17:07:10","modified_gmt":"2017-06-11T17:07:10","slug":"onomastico-do-patriarca-ecumenico-na-festa-dos-santos-apostolos-bartolomeu-e-barnabe-em-constantinopla","status":"publish","type":"post","link":"https:\/\/news.ecclesia.org.br\/?p=23491","title":{"rendered":"Onom\u00e1stico do Patriarca Ecum\u00eanico na Festa dos Santos Ap\u00f3stolos Bartolomeu e Barnab\u00e9 em Constantinopla"},"content":{"rendered":"<figure id=\"attachment_15954\" aria-describedby=\"caption-attachment-15954\" style=\"width: 320px\" class=\"wp-caption alignleft\"><img fetchpriority=\"high\" decoding=\"async\" class=\"wp-image-15954 size-full\" src=\"https:\/\/news.ecclesia.org.br\/2013\/wp-content\/uploads\/2010\/06\/bartolomeu-onomastico.jpg\" alt=\"Ap\u00f3stolo S. Bartolomeu e Patriarca Ecum\u00eanico Bartolomeu I\" width=\"320\" height=\"414\" srcset=\"https:\/\/news.ecclesia.org.br\/wp-content\/uploads\/2010\/06\/bartolomeu-onomastico.jpg 320w, https:\/\/news.ecclesia.org.br\/wp-content\/uploads\/2010\/06\/bartolomeu-onomastico-232x300.jpg 232w, https:\/\/news.ecclesia.org.br\/wp-content\/uploads\/2010\/06\/bartolomeu-onomastico-43x55.jpg 43w\" sizes=\"(max-width: 320px) 100vw, 320px\" \/><figcaption id=\"caption-attachment-15954\" class=\"wp-caption-text\">Ap\u00f3stolo S. Bartolomeu e Patriarca Ecum\u00eanico Bartolomeu I<\/figcaption><\/figure>\n<p style=\"text-align: justify;\">Neste domingo, 11 de junho, data em que a Igreja Ortodoxa celebra a Festa dos Santos Ap\u00f3stolos Bartolomeu e Barnab\u00e9, S. Santidade Bartolomeu I, Patriarca Ecum\u00eanico de Constantinopla, festeja a data de seu onom\u00e1stico, ou seja, o dia do santo de seu nome. Na Divina Liturgia presidida nesta manh\u00e3 por Sua Santidade, registrou-se a presen\u00e7a de hierarcas do Trono de Constantinopla e de outras na\u00e7\u00f5es, autoridades civis e numerosos fi\u00e9is que lotaram a Igreja Patriarcal de S\u00e3o Jorge, no Fanar.<\/p>\n<p style=\"text-align: justify;\">N\u00f3s tamb\u00e9m, fixando com humildade a mente e o cora\u00e7\u00e3o no Senhor e Doador da Vida, suplicamos-lhe que conceda ao nosso santo Pai e Patriarca Ecum\u00eanico Bartolomeu I, MUITOS ANOS!<\/p>\n<div id=\"galleria-23491\"><a href=\"https:\/\/news.ecclesia.org.br\/wp-content\/uploads\/2017\/06\/onomastico-2017-001.jpg\"><img decoding=\"async\" title=\"onomastico-2017-001\" alt=\"\" src=\"https:\/\/news.ecclesia.org.br\/wp-content\/uploads\/2017\/06\/onomastico-2017-001-73x55.jpg\" data-big=\"https:\/\/news.ecclesia.org.br\/wp-content\/uploads\/2017\/06\/onomastico-2017-001.jpg\"><\/a><a href=\"https:\/\/news.ecclesia.org.br\/wp-content\/uploads\/2017\/06\/onomastico-2017-002.jpg\"><img decoding=\"async\" title=\"onomastico-2017-002\" alt=\"\" src=\"https:\/\/news.ecclesia.org.br\/wp-content\/uploads\/2017\/06\/onomastico-2017-002-41x55.jpg\" data-big=\"https:\/\/news.ecclesia.org.br\/wp-content\/uploads\/2017\/06\/onomastico-2017-002.jpg\"><\/a><a href=\"https:\/\/news.ecclesia.org.br\/wp-content\/uploads\/2017\/06\/onomastico-2017-003.jpg\"><img decoding=\"async\" title=\"onomastico-2017-003\" alt=\"\" src=\"https:\/\/news.ecclesia.org.br\/wp-content\/uploads\/2017\/06\/onomastico-2017-003-41x55.jpg\" data-big=\"https:\/\/news.ecclesia.org.br\/wp-content\/uploads\/2017\/06\/onomastico-2017-003.jpg\"><\/a><a href=\"https:\/\/news.ecclesia.org.br\/wp-content\/uploads\/2017\/06\/onomastico-2017-004.jpg\"><img decoding=\"async\" title=\"onomastico-2017-004\" alt=\"\" src=\"https:\/\/news.ecclesia.org.br\/wp-content\/uploads\/2017\/06\/onomastico-2017-004-73x55.jpg\" data-big=\"https:\/\/news.ecclesia.org.br\/wp-content\/uploads\/2017\/06\/onomastico-2017-004.jpg\"><\/a><a href=\"https:\/\/news.ecclesia.org.br\/wp-content\/uploads\/2017\/06\/onomastico-2017-005.jpg\"><img decoding=\"async\" title=\"onomastico-2017-005\" alt=\"\" src=\"https:\/\/news.ecclesia.org.br\/wp-content\/uploads\/2017\/06\/onomastico-2017-005-73x55.jpg\" data-big=\"https:\/\/news.ecclesia.org.br\/wp-content\/uploads\/2017\/06\/onomastico-2017-005.jpg\"><\/a><a href=\"https:\/\/news.ecclesia.org.br\/wp-content\/uploads\/2017\/06\/onomastico-2017-006.jpg\"><img decoding=\"async\" title=\"onomastico-2017-006\" alt=\"\" src=\"https:\/\/news.ecclesia.org.br\/wp-content\/uploads\/2017\/06\/onomastico-2017-006-73x55.jpg\" data-big=\"https:\/\/news.ecclesia.org.br\/wp-content\/uploads\/2017\/06\/onomastico-2017-006.jpg\"><\/a><a href=\"https:\/\/news.ecclesia.org.br\/wp-content\/uploads\/2017\/06\/onomastico-2017-007.jpg\"><img decoding=\"async\" title=\"onomastico-2017-007\" alt=\"\" src=\"https:\/\/news.ecclesia.org.br\/wp-content\/uploads\/2017\/06\/onomastico-2017-007-41x55.jpg\" data-big=\"https:\/\/news.ecclesia.org.br\/wp-content\/uploads\/2017\/06\/onomastico-2017-007.jpg\"><\/a><\/div>\n<p style=\"text-align: right;\">[Fotos: Fos Fanarion]<\/p>\n<p style=\"text-align: center;\">\n","protected":false},"excerpt":{"rendered":"<p>Neste domingo, 11 de junho, data em que a Igreja Ortodoxa celebra a Festa dos Santos Ap\u00f3stolos Bartolomeu e Barnab\u00e9, S. Santidade Bartolomeu I, Patriarca Ecum\u00eanico de Constantinopla, festeja a data de seu onom\u00e1stico, ou seja, o dia do santo&#8230;<\/p>\n","protected":false},"author":1,"featured_media":23498,"comment_status":"open","ping_status":"open","sticky":false,"template":"","format":"standard","meta":{"_acf_changed":false,"footnotes":""},"categories":[1,72],"tags":[],"class_list":["post-23491","post","type-post","status-publish","format-standard","has-post-thumbnail","hentry","category-news","category-patriarcado-ecumenico","entry","rows-excerpt"],"acf":[],"yoast_head":"<!-- This site is optimized with the Yoast SEO plugin v27.4 - https:\/\/yoast.com\/product\/yoast-seo-wordpress\/ -->\n<title>Onom\u00e1stico do Patriarca Ecum\u00eanico na Festa dos Santos Ap\u00f3stolos Bartolomeu e Barnab\u00e9 em Constantinopla | ECCLESIA NEWS<\/title>\n<meta name=\"robots\" content=\"index, follow, max-snippet:-1, max-image-preview:large, max-video-preview:-1\" \/>\n<link rel=\"canonical\" href=\"https:\/\/news.ecclesia.org.br\/?p=23491\" \/>\n<meta property=\"og:locale\" content=\"pt_BR\" \/>\n<meta property=\"og:type\" content=\"article\" \/>\n<meta property=\"og:title\" content=\"Onom\u00e1stico do Patriarca Ecum\u00eanico na Festa dos Santos Ap\u00f3stolos Bartolomeu e Barnab\u00e9 em Constantinopla | ECCLESIA NEWS\" \/>\n<meta property=\"og:description\" content=\"Neste domingo, 11 de junho, data em que a Igreja Ortodoxa celebra a Festa dos Santos Ap\u00f3stolos Bartolomeu e Barnab\u00e9, S. Santidade Bartolomeu I, Patriarca Ecum\u00eanico de Constantinopla, festeja a data de seu onom\u00e1stico, ou seja, o dia do santo&#8230;\" \/>\n<meta property=\"og:url\" content=\"https:\/\/news.ecclesia.org.br\/?p=23491\" \/>\n<meta property=\"og:site_name\" content=\"ECCLESIA NEWS\" \/>\n<meta property=\"article:publisher\" content=\"https:\/\/www.facebook.com\/Ecclesia2025\" \/>\n<meta property=\"article:published_time\" content=\"2017-06-11T17:01:15+00:00\" \/>\n<meta property=\"article:modified_time\" content=\"2017-06-11T17:07:10+00:00\" \/>\n<meta property=\"og:image\" content=\"https:\/\/news.ecclesia.org.br\/wp-content\/uploads\/2017\/06\/onomastico-2017-007.jpg\" \/>\n\t<meta property=\"og:image:width\" content=\"720\" \/>\n\t<meta property=\"og:image:height\" content=\"960\" \/>\n\t<meta property=\"og:image:type\" content=\"image\/jpeg\" \/>\n<meta name=\"author\" content=\"Pe. Andr\u00e9\" \/>\n<meta name=\"twitter:card\" content=\"summary_large_image\" \/>\n<meta name=\"twitter:creator\" content=\"@EcclesiaNews\" \/>\n<meta name=\"twitter:site\" content=\"@EcclesiaNews\" \/>\n<meta name=\"twitter:label1\" content=\"Escrito por\" \/>\n\t<meta name=\"twitter:data1\" content=\"Pe. Andr\u00e9\" \/>\n\t<meta name=\"twitter:label2\" content=\"Est. tempo de leitura\" \/>\n\t<meta name=\"twitter:data2\" content=\"1 minuto\" \/>\n<script type=\"application\/ld+json\" class=\"yoast-schema-graph\">{\"@context\":\"https:\\\/\\\/schema.org\",\"@graph\":[{\"@type\":\"Article\",\"@id\":\"https:\\\/\\\/news.ecclesia.org.br\\\/?p=23491#article\",\"isPartOf\":{\"@id\":\"https:\\\/\\\/news.ecclesia.org.br\\\/?p=23491\"},\"author\":{\"name\":\"Pe. Andr\u00e9\",\"@id\":\"https:\\\/\\\/news.ecclesia.org.br\\\/#\\\/schema\\\/person\\\/6f09597f025829745ba414a569f63758\"},\"headline\":\"Onom\u00e1stico do Patriarca Ecum\u00eanico na Festa dos Santos Ap\u00f3stolos Bartolomeu e Barnab\u00e9 em Constantinopla\",\"datePublished\":\"2017-06-11T17:01:15+00:00\",\"dateModified\":\"2017-06-11T17:07:10+00:00\",\"mainEntityOfPage\":{\"@id\":\"https:\\\/\\\/news.ecclesia.org.br\\\/?p=23491\"},\"wordCount\":161,\"commentCount\":0,\"publisher\":{\"@id\":\"https:\\\/\\\/news.ecclesia.org.br\\\/#organization\"},\"image\":{\"@id\":\"https:\\\/\\\/news.ecclesia.org.br\\\/?p=23491#primaryimage\"},\"thumbnailUrl\":\"https:\\\/\\\/news.ecclesia.org.br\\\/wp-content\\\/uploads\\\/2017\\\/06\\\/onomastico-2017-007.jpg\",\"articleSection\":[\"NEWS\",\"Patriarcado Ecum\u00eanico\"],\"inLanguage\":\"pt-BR\",\"potentialAction\":[{\"@type\":\"CommentAction\",\"name\":\"Comment\",\"target\":[\"https:\\\/\\\/news.ecclesia.org.br\\\/?p=23491#respond\"]}]},{\"@type\":\"WebPage\",\"@id\":\"https:\\\/\\\/news.ecclesia.org.br\\\/?p=23491\",\"url\":\"https:\\\/\\\/news.ecclesia.org.br\\\/?p=23491\",\"name\":\"Onom\u00e1stico do Patriarca Ecum\u00eanico na Festa dos Santos Ap\u00f3stolos Bartolomeu e Barnab\u00e9 em Constantinopla | ECCLESIA NEWS\",\"isPartOf\":{\"@id\":\"https:\\\/\\\/news.ecclesia.org.br\\\/#website\"},\"primaryImageOfPage\":{\"@id\":\"https:\\\/\\\/news.ecclesia.org.br\\\/?p=23491#primaryimage\"},\"image\":{\"@id\":\"https:\\\/\\\/news.ecclesia.org.br\\\/?p=23491#primaryimage\"},\"thumbnailUrl\":\"https:\\\/\\\/news.ecclesia.org.br\\\/wp-content\\\/uploads\\\/2017\\\/06\\\/onomastico-2017-007.jpg\",\"datePublished\":\"2017-06-11T17:01:15+00:00\",\"dateModified\":\"2017-06-11T17:07:10+00:00\",\"breadcrumb\":{\"@id\":\"https:\\\/\\\/news.ecclesia.org.br\\\/?p=23491#breadcrumb\"},\"inLanguage\":\"pt-BR\",\"potentialAction\":[{\"@type\":\"ReadAction\",\"target\":[\"https:\\\/\\\/news.ecclesia.org.br\\\/?p=23491\"]}]},{\"@type\":\"ImageObject\",\"inLanguage\":\"pt-BR\",\"@id\":\"https:\\\/\\\/news.ecclesia.org.br\\\/?p=23491#primaryimage\",\"url\":\"https:\\\/\\\/news.ecclesia.org.br\\\/wp-content\\\/uploads\\\/2017\\\/06\\\/onomastico-2017-007.jpg\",\"contentUrl\":\"https:\\\/\\\/news.ecclesia.org.br\\\/wp-content\\\/uploads\\\/2017\\\/06\\\/onomastico-2017-007.jpg\",\"width\":720,\"height\":960},{\"@type\":\"BreadcrumbList\",\"@id\":\"https:\\\/\\\/news.ecclesia.org.br\\\/?p=23491#breadcrumb\",\"itemListElement\":[{\"@type\":\"ListItem\",\"position\":1,\"name\":\"In\u00edcio\",\"item\":\"https:\\\/\\\/news.ecclesia.org.br\\\/\"},{\"@type\":\"ListItem\",\"position\":2,\"name\":\"Onom\u00e1stico do Patriarca Ecum\u00eanico na Festa dos Santos Ap\u00f3stolos Bartolomeu e Barnab\u00e9 em Constantinopla\"}]},{\"@type\":\"WebSite\",\"@id\":\"https:\\\/\\\/news.ecclesia.org.br\\\/#website\",\"url\":\"https:\\\/\\\/news.ecclesia.org.br\\\/\",\"name\":\"Ecclesia Brasil\",\"description\":\"Desde 2003 onectando o Brasil ao mundo ortodoxo!\",\"publisher\":{\"@id\":\"https:\\\/\\\/news.ecclesia.org.br\\\/#organization\"},\"alternateName\":\"Ecclesia\",\"potentialAction\":[{\"@type\":\"SearchAction\",\"target\":{\"@type\":\"EntryPoint\",\"urlTemplate\":\"https:\\\/\\\/news.ecclesia.org.br\\\/?s={search_term_string}\"},\"query-input\":{\"@type\":\"PropertyValueSpecification\",\"valueRequired\":true,\"valueName\":\"search_term_string\"}}],\"inLanguage\":\"pt-BR\"},{\"@type\":\"Organization\",\"@id\":\"https:\\\/\\\/news.ecclesia.org.br\\\/#organization\",\"name\":\"Sacra Arquidiocese de Buenos Aires e Am\u00e9rica do Sul | Patriarcado Ecum\u00eanico\",\"alternateName\":\"News Ecclesia Brasil\",\"url\":\"https:\\\/\\\/news.ecclesia.org.br\\\/\",\"logo\":{\"@type\":\"ImageObject\",\"inLanguage\":\"pt-BR\",\"@id\":\"https:\\\/\\\/news.ecclesia.org.br\\\/#\\\/schema\\\/logo\\\/image\\\/\",\"url\":\"https:\\\/\\\/news.ecclesia.org.br\\\/wp-content\\\/uploads\\\/2025\\\/05\\\/ecclesia2.png\",\"contentUrl\":\"https:\\\/\\\/news.ecclesia.org.br\\\/wp-content\\\/uploads\\\/2025\\\/05\\\/ecclesia2.png\",\"width\":480,\"height\":120,\"caption\":\"Sacra Arquidiocese de Buenos Aires e Am\u00e9rica do Sul | Patriarcado Ecum\u00eanico\"},\"image\":{\"@id\":\"https:\\\/\\\/news.ecclesia.org.br\\\/#\\\/schema\\\/logo\\\/image\\\/\"},\"sameAs\":[\"https:\\\/\\\/www.facebook.com\\\/Ecclesia2025\",\"https:\\\/\\\/x.com\\\/EcclesiaNews\",\"https:\\\/\\\/br.pinterest.com\\\/ekklisia\\\/\",\"https:\\\/\\\/www.youtube.com\\\/@EcclesiaBrasil\"]},{\"@type\":\"Person\",\"@id\":\"https:\\\/\\\/news.ecclesia.org.br\\\/#\\\/schema\\\/person\\\/6f09597f025829745ba414a569f63758\",\"name\":\"Pe. Andr\u00e9\",\"image\":{\"@type\":\"ImageObject\",\"inLanguage\":\"pt-BR\",\"@id\":\"https:\\\/\\\/secure.gravatar.com\\\/avatar\\\/b4327cfa27e9799da239a26adcd534fc29cdc0c4a4a148eecbcfeb9b42c617ac?s=96&d=mm&r=g\",\"url\":\"https:\\\/\\\/secure.gravatar.com\\\/avatar\\\/b4327cfa27e9799da239a26adcd534fc29cdc0c4a4a148eecbcfeb9b42c617ac?s=96&d=mm&r=g\",\"contentUrl\":\"https:\\\/\\\/secure.gravatar.com\\\/avatar\\\/b4327cfa27e9799da239a26adcd534fc29cdc0c4a4a148eecbcfeb9b42c617ac?s=96&d=mm&r=g\",\"caption\":\"Pe. Andr\u00e9\"},\"sameAs\":[\"https:\\\/\\\/www.ecclesia.org.br\"]}]}<\/script>\n<!-- \/ Yoast SEO plugin. -->","yoast_head_json":{"title":"Onom\u00e1stico do Patriarca Ecum\u00eanico na Festa dos Santos Ap\u00f3stolos Bartolomeu e Barnab\u00e9 em Constantinopla | ECCLESIA NEWS","robots":{"index":"index","follow":"follow","max-snippet":"max-snippet:-1","max-image-preview":"max-image-preview:large","max-video-preview":"max-video-preview:-1"},"canonical":"https:\/\/news.ecclesia.org.br\/?p=23491","og_locale":"pt_BR","og_type":"article","og_title":"Onom\u00e1stico do Patriarca Ecum\u00eanico na Festa dos Santos Ap\u00f3stolos Bartolomeu e Barnab\u00e9 em Constantinopla | ECCLESIA NEWS","og_description":"Neste domingo, 11 de junho, data em que a Igreja Ortodoxa celebra a Festa dos Santos Ap\u00f3stolos Bartolomeu e Barnab\u00e9, S. Santidade Bartolomeu I, Patriarca Ecum\u00eanico de Constantinopla, festeja a data de seu onom\u00e1stico, ou seja, o dia do santo&#8230;","og_url":"https:\/\/news.ecclesia.org.br\/?p=23491","og_site_name":"ECCLESIA NEWS","article_publisher":"https:\/\/www.facebook.com\/Ecclesia2025","article_published_time":"2017-06-11T17:01:15+00:00","article_modified_time":"2017-06-11T17:07:10+00:00","og_image":[{"width":720,"height":960,"url":"https:\/\/news.ecclesia.org.br\/wp-content\/uploads\/2017\/06\/onomastico-2017-007.jpg","type":"image\/jpeg"}],"author":"Pe. Andr\u00e9","twitter_card":"summary_large_image","twitter_creator":"@EcclesiaNews","twitter_site":"@EcclesiaNews","twitter_misc":{"Escrito por":"Pe. Andr\u00e9","Est. tempo de leitura":"1 minuto"},"schema":{"@context":"https:\/\/schema.org","@graph":[{"@type":"Article","@id":"https:\/\/news.ecclesia.org.br\/?p=23491#article","isPartOf":{"@id":"https:\/\/news.ecclesia.org.br\/?p=23491"},"author":{"name":"Pe. Andr\u00e9","@id":"https:\/\/news.ecclesia.org.br\/#\/schema\/person\/6f09597f025829745ba414a569f63758"},"headline":"Onom\u00e1stico do Patriarca Ecum\u00eanico na Festa dos Santos Ap\u00f3stolos Bartolomeu e Barnab\u00e9 em Constantinopla","datePublished":"2017-06-11T17:01:15+00:00","dateModified":"2017-06-11T17:07:10+00:00","mainEntityOfPage":{"@id":"https:\/\/news.ecclesia.org.br\/?p=23491"},"wordCount":161,"commentCount":0,"publisher":{"@id":"https:\/\/news.ecclesia.org.br\/#organization"},"image":{"@id":"https:\/\/news.ecclesia.org.br\/?p=23491#primaryimage"},"thumbnailUrl":"https:\/\/news.ecclesia.org.br\/wp-content\/uploads\/2017\/06\/onomastico-2017-007.jpg","articleSection":["NEWS","Patriarcado Ecum\u00eanico"],"inLanguage":"pt-BR","potentialAction":[{"@type":"CommentAction","name":"Comment","target":["https:\/\/news.ecclesia.org.br\/?p=23491#respond"]}]},{"@type":"WebPage","@id":"https:\/\/news.ecclesia.org.br\/?p=23491","url":"https:\/\/news.ecclesia.org.br\/?p=23491","name":"Onom\u00e1stico do Patriarca Ecum\u00eanico na Festa dos Santos Ap\u00f3stolos Bartolomeu e Barnab\u00e9 em Constantinopla | ECCLESIA NEWS","isPartOf":{"@id":"https:\/\/news.ecclesia.org.br\/#website"},"primaryImageOfPage":{"@id":"https:\/\/news.ecclesia.org.br\/?p=23491#primaryimage"},"image":{"@id":"https:\/\/news.ecclesia.org.br\/?p=23491#primaryimage"},"thumbnailUrl":"https:\/\/news.ecclesia.org.br\/wp-content\/uploads\/2017\/06\/onomastico-2017-007.jpg","datePublished":"2017-06-11T17:01:15+00:00","dateModified":"2017-06-11T17:07:10+00:00","breadcrumb":{"@id":"https:\/\/news.ecclesia.org.br\/?p=23491#breadcrumb"},"inLanguage":"pt-BR","potentialAction":[{"@type":"ReadAction","target":["https:\/\/news.ecclesia.org.br\/?p=23491"]}]},{"@type":"ImageObject","inLanguage":"pt-BR","@id":"https:\/\/news.ecclesia.org.br\/?p=23491#primaryimage","url":"https:\/\/news.ecclesia.org.br\/wp-content\/uploads\/2017\/06\/onomastico-2017-007.jpg","contentUrl":"https:\/\/news.ecclesia.org.br\/wp-content\/uploads\/2017\/06\/onomastico-2017-007.jpg","width":720,"height":960},{"@type":"BreadcrumbList","@id":"https:\/\/news.ecclesia.org.br\/?p=23491#breadcrumb","itemListElement":[{"@type":"ListItem","position":1,"name":"In\u00edcio","item":"https:\/\/news.ecclesia.org.br\/"},{"@type":"ListItem","position":2,"name":"Onom\u00e1stico do Patriarca Ecum\u00eanico na Festa dos Santos Ap\u00f3stolos Bartolomeu e Barnab\u00e9 em Constantinopla"}]},{"@type":"WebSite","@id":"https:\/\/news.ecclesia.org.br\/#website","url":"https:\/\/news.ecclesia.org.br\/","name":"Ecclesia Brasil","description":"Desde 2003 onectando o Brasil ao mundo ortodoxo!","publisher":{"@id":"https:\/\/news.ecclesia.org.br\/#organization"},"alternateName":"Ecclesia","potentialAction":[{"@type":"SearchAction","target":{"@type":"EntryPoint","urlTemplate":"https:\/\/news.ecclesia.org.br\/?s={search_term_string}"},"query-input":{"@type":"PropertyValueSpecification","valueRequired":true,"valueName":"search_term_string"}}],"inLanguage":"pt-BR"},{"@type":"Organization","@id":"https:\/\/news.ecclesia.org.br\/#organization","name":"Sacra Arquidiocese de Buenos Aires e Am\u00e9rica do Sul | Patriarcado Ecum\u00eanico","alternateName":"News Ecclesia Brasil","url":"https:\/\/news.ecclesia.org.br\/","logo":{"@type":"ImageObject","inLanguage":"pt-BR","@id":"https:\/\/news.ecclesia.org.br\/#\/schema\/logo\/image\/","url":"https:\/\/news.ecclesia.org.br\/wp-content\/uploads\/2025\/05\/ecclesia2.png","contentUrl":"https:\/\/news.ecclesia.org.br\/wp-content\/uploads\/2025\/05\/ecclesia2.png","width":480,"height":120,"caption":"Sacra Arquidiocese de Buenos Aires e Am\u00e9rica do Sul | Patriarcado Ecum\u00eanico"},"image":{"@id":"https:\/\/news.ecclesia.org.br\/#\/schema\/logo\/image\/"},"sameAs":["https:\/\/www.facebook.com\/Ecclesia2025","https:\/\/x.com\/EcclesiaNews","https:\/\/br.pinterest.com\/ekklisia\/","https:\/\/www.youtube.com\/@EcclesiaBrasil"]},{"@type":"Person","@id":"https:\/\/news.ecclesia.org.br\/#\/schema\/person\/6f09597f025829745ba414a569f63758","name":"Pe. Andr\u00e9","image":{"@type":"ImageObject","inLanguage":"pt-BR","@id":"https:\/\/secure.gravatar.com\/avatar\/b4327cfa27e9799da239a26adcd534fc29cdc0c4a4a148eecbcfeb9b42c617ac?s=96&d=mm&r=g","url":"https:\/\/secure.gravatar.com\/avatar\/b4327cfa27e9799da239a26adcd534fc29cdc0c4a4a148eecbcfeb9b42c617ac?s=96&d=mm&r=g","contentUrl":"https:\/\/secure.gravatar.com\/avatar\/b4327cfa27e9799da239a26adcd534fc29cdc0c4a4a148eecbcfeb9b42c617ac?s=96&d=mm&r=g","caption":"Pe. Andr\u00e9"},"sameAs":["https:\/\/www.ecclesia.org.br"]}]}},"_links":{"self":[{"href":"https:\/\/news.ecclesia.org.br\/index.php?rest_route=\/wp\/v2\/posts\/23491","targetHints":{"allow":["GET"]}}],"collection":[{"href":"https:\/\/news.ecclesia.org.br\/index.php?rest_route=\/wp\/v2\/posts"}],"about":[{"href":"https:\/\/news.ecclesia.org.br\/index.php?rest_route=\/wp\/v2\/types\/post"}],"author":[{"embeddable":true,"href":"https:\/\/news.ecclesia.org.br\/index.php?rest_route=\/wp\/v2\/users\/1"}],"replies":[{"embeddable":true,"href":"https:\/\/news.ecclesia.org.br\/index.php?rest_route=%2Fwp%2Fv2%2Fcomments&post=23491"}],"version-history":[{"count":0,"href":"https:\/\/news.ecclesia.org.br\/index.php?rest_route=\/wp\/v2\/posts\/23491\/revisions"}],"wp:featuredmedia":[{"embeddable":true,"href":"https:\/\/news.ecclesia.org.br\/index.php?rest_route=\/wp\/v2\/media\/23498"}],"wp:attachment":[{"href":"https:\/\/news.ecclesia.org.br\/index.php?rest_route=%2Fwp%2Fv2%2Fmedia&parent=23491"}],"wp:term":[{"taxonomy":"category","embeddable":true,"href":"https:\/\/news.ecclesia.org.br\/index.php?rest_route=%2Fwp%2Fv2%2Fcategories&post=23491"},{"taxonomy":"post_tag","embeddable":true,"href":"https:\/\/news.ecclesia.org.br\/index.php?rest_route=%2Fwp%2Fv2%2Ftags&post=23491"}],"curies":[{"name":"wp","href":"https:\/\/api.w.org\/{rel}","templated":true}]}}