{"id":23470,"date":"2017-06-11T00:51:12","date_gmt":"2017-06-11T00:51:12","guid":{"rendered":"https:\/\/news.ecclesia.org.br\/2013\/?p=23470"},"modified":"2017-06-11T00:56:36","modified_gmt":"2017-06-11T00:56:36","slug":"patriarca-bartolomeu-i-pede-a-europa-que-faca-mais-pelos-refugiados","status":"publish","type":"post","link":"https:\/\/news.ecclesia.org.br\/?p=23470","title":{"rendered":"Patriarca Bartolomeu I pede \u00e0 Europa que fa\u00e7a mais pelos refugiados"},"content":{"rendered":"<blockquote>\n<p style=\"text-align: justify;\">Esta crise \u00e9 uma oportunidade para construir pontes, para praticar a solidariedade, instaurar confian\u00e7a, encorajar a coopera\u00e7\u00e3o. Precisamos de uma vis\u00e3o e mobiliza\u00e7\u00e3o comum, de iniciativas e a\u00e7\u00f5es comuns. Precisamos de homens e mulheres de paz.<\/p>\n<\/blockquote>\n<p style=\"text-align: justify;\">Foi o que disse o Patriarca ecum\u00eanico de Constantinopla, Bartolomeu I, incentivando as institui\u00e7\u00f5es a fazerem mais, sobretudo em rela\u00e7\u00e3o aos refugiados. Participando esta quinta-feira (08\/06) em Atenas, na Gr\u00e9cia, do encontro de c\u00fapula europeu dedicado ao tema \u201cA migra\u00e7\u00e3o desafia a identidade europeia\u201d, o Patriarca recordou a import\u00e2ncia do papel das Igrejas, oferecendo renovada colabora\u00e7\u00e3o. \u201cJovens, ONG&#8217;s, religi\u00f5es, movimentos humanit\u00e1rios, todos devem trabalhar juntos, cada um com sua espec\u00edfica responsabilidade, pela prote\u00e7\u00e3o das pessoas vulner\u00e1veis, para promover a esperan\u00e7a\u201d, exortou.<\/p>\n<h3 style=\"text-align: left;\">A crise migrat\u00f3ria \u00e9 um problema da humanidade<\/h3>\n<p style=\"text-align: justify;\">A crise migrat\u00f3ria n\u00e3o \u00e9 um problema somente da Europa, mas de toda a humanidade:<\/p>\n<blockquote>\n<p style=\"text-align: justify;\">As quest\u00f5es sociais atingem os corpos e as almas dos seres humanos, sua liberdade e dignidade, a sacralidade da pessoa. Nesse sentido, o combate \u00e0 viol\u00eancia \u00e9 insepar\u00e1vel de nossos esfor\u00e7os pela tutela dos refugiados e de nosso compromisso contra o racismo, a opress\u00e3o, a explora\u00e7\u00e3o e a exclus\u00e3o\u201d.<\/p>\n<\/blockquote>\n<p style=\"text-align: justify;\">O Arcebispo de Constantinopla exortou a transformar a \u201camea\u00e7a do outro\u201d na oportunidade de promover uma cultura da solidariedade e da inclus\u00e3o:<\/p>\n<blockquote>\n<p style=\"text-align: justify;\">Os estados e os governos deveriam ver as religi\u00f5es como um aliado, porque desenvolvem um papel fundamental na vida do indiv\u00edduo e representam uma grande for\u00e7a social.<\/p>\n<p style=\"text-align: justify;\">Elas podem contribuir fortemente para a solu\u00e7\u00e3o da crise relacionada \u00e0s migra\u00e7\u00f5es, promovendo a conviv\u00eancia pac\u00edfica, refor\u00e7ando o esp\u00edrito de solidariedade contra a divis\u00e3o e a polariza\u00e7\u00e3o, apoiando todas as iniciativas no campo pol\u00edtico a servi\u00e7o da dignidade humana, da liberdade e da justi\u00e7a.<\/p>\n<\/blockquote>\n<p style=\"text-align: justify;\">Mas tamb\u00e9m as religi\u00f5es devem fazer mais: temos o \u201cdever de promover o di\u00e1logo inter-religioso. A comunica\u00e7\u00e3o e a abertura libertam as religi\u00f5es da introvers\u00e3o, e a confian\u00e7a rec\u00edproca \u00e9 uma for\u00e7a que favorece \u00e0 paz universal\u201d. Deve-se, portanto, deixar de lado os antagonismos que enfraquecem a capacidade das religi\u00f5es de contribuir para a cultura da solidariedade, \u201ccondi\u00e7\u00e3o sem a qual n\u00e3o se pode resolver o problema da migra\u00e7\u00e3o. Somente se as religi\u00f5es exercerem for\u00e7as de justi\u00e7a poder\u00e3o ser um precioso aliado para institui\u00e7\u00f5es seculares e movimentos humanit\u00e1rios na sagrada tarefa de proteger a dignidade humana\u201d, ressaltou Bartolomeu I.<\/p>\n<h3 style=\"text-align: left;\">Emerg\u00eancia migrat\u00f3ria interpela a identidade europeia<\/h3>\n<p style=\"text-align: justify;\">A emerg\u00eancia causada pela onda migrat\u00f3ria desafia profundamente a identidade europeia. Mas, observa o patriarca, \u201c\u00e9 inaceit\u00e1vel que alguns, ao mesmo tempo em que louvam os direitos humanos e querem mostrar-se defensores de uma Europa crist\u00e3, usem palavras duras contra os migrantes e refugiados e pe\u00e7am o fechamento das fronteiras\u201d. \u00a0Ponderou o patriarca ecum\u00eanico de Constantinopla:<\/p>\n<blockquote>\n<p style=\"text-align: justify;\">\u00c9 igualmente dif\u00edcil pensar enfrentar esta crise baseado numa Europa tecnol\u00f3gica, burocr\u00e1tica e econ\u00f4mica. As pessoas n\u00e3o s\u00e3o simples objetos e n\u00fameros. \u00c9 uma ilus\u00e3o supor que nossas sociedades modernas possam permanecer abertas, democr\u00e1ticas, pac\u00edficas e humanas mediante apenas o progresso econ\u00f4mico e as medidas de seguran\u00e7a sem utilizar tamb\u00e9m os instrumentos do acolhimento, da inclus\u00e3o e da justi\u00e7a social\u201d<\/p>\n<\/blockquote>\n<p style=\"text-align: justify;\">Em suma:<\/p>\n<blockquote>\n<p style=\"text-align: justify;\">N\u00e3o podemos separar nossa preocupa\u00e7\u00e3o com a dignidade e os direitos humanos do cuidado com a paz e a sustentabilidade. Eles est\u00e3o estreitamente ligados. Se avaliamos todo indiv\u00edduo feito \u00e0 imagem de Deus e toda part\u00edcula da cria\u00e7\u00e3o de Deus, ent\u00e3o devemos tamb\u00e9m preocupar-nos com o outro, com o nosso mundo, problema ecol\u00f3gico incluso porque sempre ligado \u00e0 quest\u00e3o social da pobreza.<\/p>\n<\/blockquote>\n<h3 style=\"text-align: left;\">A hospitalidade ao estrangeiro \u00e9 o cora\u00e7\u00e3o da miss\u00e3o<\/h3>\n<p style=\"text-align: justify;\">A hospitalidade ao estrangeiro est\u00e1 no centro da vida e da miss\u00e3o pastoral da Igreja. disse Bartolomeu:<\/p>\n<blockquote>\n<p style=\"text-align: justify;\"><a href=\"https:\/\/news.ecclesia.org.br\/2013\/wp-content\/uploads\/2017\/06\/bom-samaritano.jpg\" target=\"_blank\" rel=\"noopener\"><img fetchpriority=\"high\" decoding=\"async\" class=\"alignleft wp-image-23474 size-medium\" src=\"https:\/\/news.ecclesia.org.br\/2013\/wp-content\/uploads\/2017\/06\/bom-samaritano-241x300.jpg\" alt=\"\" width=\"241\" height=\"300\" \/><\/a>Na par\u00e1bola do bom samaritano testemunhamos o amor e a compaix\u00e3o incondicionados . Vemos como devemos tornar-nos um \u2018pr\u00f3ximo\u2019 para todos aqueles que precisam de nosso apoio, independentemente de sua filia\u00e7\u00e3o social, religiosa, cultural ou pol\u00edtica. Portanto, deveria ser imposs\u00edvel tapar nossos ouvidos ao grito dos refugiados, das pessoas vulner\u00e1veis, exploradas\u201d,<\/p>\n<\/blockquote>\n<p style=\"text-align: justify;\">Assim concluiu o patriarca ecum\u00eanico recordando o encontro na ilha grega de Lesbos, em 16 de abril de 2016, com o Papa Francisco e o Arcebispo Ieronymos (da Gr\u00e9cia), e a assinatura da Declara\u00e7\u00e3o Conjunta no campo de refugiados de Moria.<\/p>\n<hr \/>\n<p style=\"text-align: right;\">(L\u2019Osservatore Romano)<br \/>\nFonte: <a href=\"http:\/\/br.radiovaticana.va\/news\/2017\/06\/09\/bartolomeu_i_pede_%C3%A0_europa_que_fa%C3%A7a_mais_pelos_refugiados\/1318053\" target=\"_blank\" rel=\"noopener\">RV<\/a><\/p>\n<p>&nbsp;<\/p>\n","protected":false},"excerpt":{"rendered":"<p>Esta crise \u00e9 uma oportunidade para construir pontes, para praticar a solidariedade, instaurar confian\u00e7a, encorajar a coopera\u00e7\u00e3o. Precisamos de uma vis\u00e3o e mobiliza\u00e7\u00e3o comum, de iniciativas e a\u00e7\u00f5es comuns. Precisamos de homens e mulheres de paz. Foi o que disse&#8230;<\/p>\n","protected":false},"author":1,"featured_media":0,"comment_status":"open","ping_status":"open","sticky":false,"template":"","format":"standard","meta":{"_acf_changed":false,"footnotes":""},"categories":[1,72],"tags":[],"class_list":["post-23470","post","type-post","status-publish","format-standard","hentry","category-news","category-patriarcado-ecumenico","entry","rows-excerpt"],"acf":[],"yoast_head":"<!-- This site is optimized with the Yoast SEO plugin v27.4 - https:\/\/yoast.com\/product\/yoast-seo-wordpress\/ -->\n<title>Patriarca Bartolomeu I pede \u00e0 Europa que fa\u00e7a mais pelos refugiados | ECCLESIA NEWS<\/title>\n<meta name=\"robots\" content=\"index, follow, max-snippet:-1, max-image-preview:large, max-video-preview:-1\" \/>\n<link rel=\"canonical\" href=\"https:\/\/news.ecclesia.org.br\/?p=23470\" \/>\n<meta property=\"og:locale\" content=\"pt_BR\" \/>\n<meta property=\"og:type\" content=\"article\" \/>\n<meta property=\"og:title\" content=\"Patriarca Bartolomeu I pede \u00e0 Europa que fa\u00e7a mais pelos refugiados | ECCLESIA NEWS\" \/>\n<meta property=\"og:description\" content=\"Esta crise \u00e9 uma oportunidade para construir pontes, para praticar a solidariedade, instaurar confian\u00e7a, encorajar a coopera\u00e7\u00e3o. Precisamos de uma vis\u00e3o e mobiliza\u00e7\u00e3o comum, de iniciativas e a\u00e7\u00f5es comuns. Precisamos de homens e mulheres de paz. Foi o que disse&#8230;\" \/>\n<meta property=\"og:url\" content=\"https:\/\/news.ecclesia.org.br\/?p=23470\" \/>\n<meta property=\"og:site_name\" content=\"ECCLESIA NEWS\" \/>\n<meta property=\"article:publisher\" content=\"https:\/\/www.facebook.com\/Ecclesia2025\" \/>\n<meta property=\"article:published_time\" content=\"2017-06-11T00:51:12+00:00\" \/>\n<meta property=\"article:modified_time\" content=\"2017-06-11T00:56:36+00:00\" \/>\n<meta property=\"og:image\" content=\"https:\/\/news.ecclesia.org.br\/2013\/wp-content\/uploads\/2017\/06\/bom-samaritano-241x300.jpg\" \/>\n<meta name=\"author\" content=\"Pe. Andr\u00e9\" \/>\n<meta name=\"twitter:card\" content=\"summary_large_image\" \/>\n<meta name=\"twitter:creator\" content=\"@EcclesiaNews\" \/>\n<meta name=\"twitter:site\" content=\"@EcclesiaNews\" \/>\n<meta name=\"twitter:label1\" content=\"Escrito por\" \/>\n\t<meta name=\"twitter:data1\" content=\"Pe. Andr\u00e9\" \/>\n\t<meta name=\"twitter:label2\" content=\"Est. tempo de leitura\" \/>\n\t<meta name=\"twitter:data2\" content=\"4 minutos\" \/>\n<script type=\"application\/ld+json\" class=\"yoast-schema-graph\">{\"@context\":\"https:\\\/\\\/schema.org\",\"@graph\":[{\"@type\":\"Article\",\"@id\":\"https:\\\/\\\/news.ecclesia.org.br\\\/?p=23470#article\",\"isPartOf\":{\"@id\":\"https:\\\/\\\/news.ecclesia.org.br\\\/?p=23470\"},\"author\":{\"name\":\"Pe. Andr\u00e9\",\"@id\":\"https:\\\/\\\/news.ecclesia.org.br\\\/#\\\/schema\\\/person\\\/6f09597f025829745ba414a569f63758\"},\"headline\":\"Patriarca Bartolomeu I pede \u00e0 Europa que fa\u00e7a mais pelos refugiados\",\"datePublished\":\"2017-06-11T00:51:12+00:00\",\"dateModified\":\"2017-06-11T00:56:36+00:00\",\"mainEntityOfPage\":{\"@id\":\"https:\\\/\\\/news.ecclesia.org.br\\\/?p=23470\"},\"wordCount\":795,\"commentCount\":0,\"publisher\":{\"@id\":\"https:\\\/\\\/news.ecclesia.org.br\\\/#organization\"},\"image\":{\"@id\":\"https:\\\/\\\/news.ecclesia.org.br\\\/?p=23470#primaryimage\"},\"thumbnailUrl\":\"https:\\\/\\\/news.ecclesia.org.br\\\/2013\\\/wp-content\\\/uploads\\\/2017\\\/06\\\/bom-samaritano-241x300.jpg\",\"articleSection\":[\"NEWS\",\"Patriarcado Ecum\u00eanico\"],\"inLanguage\":\"pt-BR\",\"potentialAction\":[{\"@type\":\"CommentAction\",\"name\":\"Comment\",\"target\":[\"https:\\\/\\\/news.ecclesia.org.br\\\/?p=23470#respond\"]}]},{\"@type\":\"WebPage\",\"@id\":\"https:\\\/\\\/news.ecclesia.org.br\\\/?p=23470\",\"url\":\"https:\\\/\\\/news.ecclesia.org.br\\\/?p=23470\",\"name\":\"Patriarca Bartolomeu I pede \u00e0 Europa que fa\u00e7a mais pelos refugiados | ECCLESIA NEWS\",\"isPartOf\":{\"@id\":\"https:\\\/\\\/news.ecclesia.org.br\\\/#website\"},\"primaryImageOfPage\":{\"@id\":\"https:\\\/\\\/news.ecclesia.org.br\\\/?p=23470#primaryimage\"},\"image\":{\"@id\":\"https:\\\/\\\/news.ecclesia.org.br\\\/?p=23470#primaryimage\"},\"thumbnailUrl\":\"https:\\\/\\\/news.ecclesia.org.br\\\/2013\\\/wp-content\\\/uploads\\\/2017\\\/06\\\/bom-samaritano-241x300.jpg\",\"datePublished\":\"2017-06-11T00:51:12+00:00\",\"dateModified\":\"2017-06-11T00:56:36+00:00\",\"breadcrumb\":{\"@id\":\"https:\\\/\\\/news.ecclesia.org.br\\\/?p=23470#breadcrumb\"},\"inLanguage\":\"pt-BR\",\"potentialAction\":[{\"@type\":\"ReadAction\",\"target\":[\"https:\\\/\\\/news.ecclesia.org.br\\\/?p=23470\"]}]},{\"@type\":\"ImageObject\",\"inLanguage\":\"pt-BR\",\"@id\":\"https:\\\/\\\/news.ecclesia.org.br\\\/?p=23470#primaryimage\",\"url\":\"\",\"contentUrl\":\"\"},{\"@type\":\"BreadcrumbList\",\"@id\":\"https:\\\/\\\/news.ecclesia.org.br\\\/?p=23470#breadcrumb\",\"itemListElement\":[{\"@type\":\"ListItem\",\"position\":1,\"name\":\"In\u00edcio\",\"item\":\"https:\\\/\\\/news.ecclesia.org.br\\\/\"},{\"@type\":\"ListItem\",\"position\":2,\"name\":\"Patriarca Bartolomeu I pede \u00e0 Europa que fa\u00e7a mais pelos refugiados\"}]},{\"@type\":\"WebSite\",\"@id\":\"https:\\\/\\\/news.ecclesia.org.br\\\/#website\",\"url\":\"https:\\\/\\\/news.ecclesia.org.br\\\/\",\"name\":\"Ecclesia Brasil\",\"description\":\"Desde 2003 onectando o Brasil ao mundo ortodoxo!\",\"publisher\":{\"@id\":\"https:\\\/\\\/news.ecclesia.org.br\\\/#organization\"},\"alternateName\":\"Ecclesia\",\"potentialAction\":[{\"@type\":\"SearchAction\",\"target\":{\"@type\":\"EntryPoint\",\"urlTemplate\":\"https:\\\/\\\/news.ecclesia.org.br\\\/?s={search_term_string}\"},\"query-input\":{\"@type\":\"PropertyValueSpecification\",\"valueRequired\":true,\"valueName\":\"search_term_string\"}}],\"inLanguage\":\"pt-BR\"},{\"@type\":\"Organization\",\"@id\":\"https:\\\/\\\/news.ecclesia.org.br\\\/#organization\",\"name\":\"Sacra Arquidiocese de Buenos Aires e Am\u00e9rica do Sul | Patriarcado Ecum\u00eanico\",\"alternateName\":\"News Ecclesia Brasil\",\"url\":\"https:\\\/\\\/news.ecclesia.org.br\\\/\",\"logo\":{\"@type\":\"ImageObject\",\"inLanguage\":\"pt-BR\",\"@id\":\"https:\\\/\\\/news.ecclesia.org.br\\\/#\\\/schema\\\/logo\\\/image\\\/\",\"url\":\"https:\\\/\\\/news.ecclesia.org.br\\\/wp-content\\\/uploads\\\/2025\\\/05\\\/ecclesia2.png\",\"contentUrl\":\"https:\\\/\\\/news.ecclesia.org.br\\\/wp-content\\\/uploads\\\/2025\\\/05\\\/ecclesia2.png\",\"width\":480,\"height\":120,\"caption\":\"Sacra Arquidiocese de Buenos Aires e Am\u00e9rica do Sul | Patriarcado Ecum\u00eanico\"},\"image\":{\"@id\":\"https:\\\/\\\/news.ecclesia.org.br\\\/#\\\/schema\\\/logo\\\/image\\\/\"},\"sameAs\":[\"https:\\\/\\\/www.facebook.com\\\/Ecclesia2025\",\"https:\\\/\\\/x.com\\\/EcclesiaNews\",\"https:\\\/\\\/br.pinterest.com\\\/ekklisia\\\/\",\"https:\\\/\\\/www.youtube.com\\\/@EcclesiaBrasil\"]},{\"@type\":\"Person\",\"@id\":\"https:\\\/\\\/news.ecclesia.org.br\\\/#\\\/schema\\\/person\\\/6f09597f025829745ba414a569f63758\",\"name\":\"Pe. Andr\u00e9\",\"image\":{\"@type\":\"ImageObject\",\"inLanguage\":\"pt-BR\",\"@id\":\"https:\\\/\\\/secure.gravatar.com\\\/avatar\\\/b4327cfa27e9799da239a26adcd534fc29cdc0c4a4a148eecbcfeb9b42c617ac?s=96&d=mm&r=g\",\"url\":\"https:\\\/\\\/secure.gravatar.com\\\/avatar\\\/b4327cfa27e9799da239a26adcd534fc29cdc0c4a4a148eecbcfeb9b42c617ac?s=96&d=mm&r=g\",\"contentUrl\":\"https:\\\/\\\/secure.gravatar.com\\\/avatar\\\/b4327cfa27e9799da239a26adcd534fc29cdc0c4a4a148eecbcfeb9b42c617ac?s=96&d=mm&r=g\",\"caption\":\"Pe. Andr\u00e9\"},\"sameAs\":[\"https:\\\/\\\/www.ecclesia.org.br\"]}]}<\/script>\n<!-- \/ Yoast SEO plugin. -->","yoast_head_json":{"title":"Patriarca Bartolomeu I pede \u00e0 Europa que fa\u00e7a mais pelos refugiados | ECCLESIA NEWS","robots":{"index":"index","follow":"follow","max-snippet":"max-snippet:-1","max-image-preview":"max-image-preview:large","max-video-preview":"max-video-preview:-1"},"canonical":"https:\/\/news.ecclesia.org.br\/?p=23470","og_locale":"pt_BR","og_type":"article","og_title":"Patriarca Bartolomeu I pede \u00e0 Europa que fa\u00e7a mais pelos refugiados | ECCLESIA NEWS","og_description":"Esta crise \u00e9 uma oportunidade para construir pontes, para praticar a solidariedade, instaurar confian\u00e7a, encorajar a coopera\u00e7\u00e3o. Precisamos de uma vis\u00e3o e mobiliza\u00e7\u00e3o comum, de iniciativas e a\u00e7\u00f5es comuns. Precisamos de homens e mulheres de paz. Foi o que disse&#8230;","og_url":"https:\/\/news.ecclesia.org.br\/?p=23470","og_site_name":"ECCLESIA NEWS","article_publisher":"https:\/\/www.facebook.com\/Ecclesia2025","article_published_time":"2017-06-11T00:51:12+00:00","article_modified_time":"2017-06-11T00:56:36+00:00","og_image":[{"url":"https:\/\/news.ecclesia.org.br\/2013\/wp-content\/uploads\/2017\/06\/bom-samaritano-241x300.jpg","type":"","width":"","height":""}],"author":"Pe. Andr\u00e9","twitter_card":"summary_large_image","twitter_creator":"@EcclesiaNews","twitter_site":"@EcclesiaNews","twitter_misc":{"Escrito por":"Pe. Andr\u00e9","Est. tempo de leitura":"4 minutos"},"schema":{"@context":"https:\/\/schema.org","@graph":[{"@type":"Article","@id":"https:\/\/news.ecclesia.org.br\/?p=23470#article","isPartOf":{"@id":"https:\/\/news.ecclesia.org.br\/?p=23470"},"author":{"name":"Pe. Andr\u00e9","@id":"https:\/\/news.ecclesia.org.br\/#\/schema\/person\/6f09597f025829745ba414a569f63758"},"headline":"Patriarca Bartolomeu I pede \u00e0 Europa que fa\u00e7a mais pelos refugiados","datePublished":"2017-06-11T00:51:12+00:00","dateModified":"2017-06-11T00:56:36+00:00","mainEntityOfPage":{"@id":"https:\/\/news.ecclesia.org.br\/?p=23470"},"wordCount":795,"commentCount":0,"publisher":{"@id":"https:\/\/news.ecclesia.org.br\/#organization"},"image":{"@id":"https:\/\/news.ecclesia.org.br\/?p=23470#primaryimage"},"thumbnailUrl":"https:\/\/news.ecclesia.org.br\/2013\/wp-content\/uploads\/2017\/06\/bom-samaritano-241x300.jpg","articleSection":["NEWS","Patriarcado Ecum\u00eanico"],"inLanguage":"pt-BR","potentialAction":[{"@type":"CommentAction","name":"Comment","target":["https:\/\/news.ecclesia.org.br\/?p=23470#respond"]}]},{"@type":"WebPage","@id":"https:\/\/news.ecclesia.org.br\/?p=23470","url":"https:\/\/news.ecclesia.org.br\/?p=23470","name":"Patriarca Bartolomeu I pede \u00e0 Europa que fa\u00e7a mais pelos refugiados | ECCLESIA NEWS","isPartOf":{"@id":"https:\/\/news.ecclesia.org.br\/#website"},"primaryImageOfPage":{"@id":"https:\/\/news.ecclesia.org.br\/?p=23470#primaryimage"},"image":{"@id":"https:\/\/news.ecclesia.org.br\/?p=23470#primaryimage"},"thumbnailUrl":"https:\/\/news.ecclesia.org.br\/2013\/wp-content\/uploads\/2017\/06\/bom-samaritano-241x300.jpg","datePublished":"2017-06-11T00:51:12+00:00","dateModified":"2017-06-11T00:56:36+00:00","breadcrumb":{"@id":"https:\/\/news.ecclesia.org.br\/?p=23470#breadcrumb"},"inLanguage":"pt-BR","potentialAction":[{"@type":"ReadAction","target":["https:\/\/news.ecclesia.org.br\/?p=23470"]}]},{"@type":"ImageObject","inLanguage":"pt-BR","@id":"https:\/\/news.ecclesia.org.br\/?p=23470#primaryimage","url":"","contentUrl":""},{"@type":"BreadcrumbList","@id":"https:\/\/news.ecclesia.org.br\/?p=23470#breadcrumb","itemListElement":[{"@type":"ListItem","position":1,"name":"In\u00edcio","item":"https:\/\/news.ecclesia.org.br\/"},{"@type":"ListItem","position":2,"name":"Patriarca Bartolomeu I pede \u00e0 Europa que fa\u00e7a mais pelos refugiados"}]},{"@type":"WebSite","@id":"https:\/\/news.ecclesia.org.br\/#website","url":"https:\/\/news.ecclesia.org.br\/","name":"Ecclesia Brasil","description":"Desde 2003 onectando o Brasil ao mundo ortodoxo!","publisher":{"@id":"https:\/\/news.ecclesia.org.br\/#organization"},"alternateName":"Ecclesia","potentialAction":[{"@type":"SearchAction","target":{"@type":"EntryPoint","urlTemplate":"https:\/\/news.ecclesia.org.br\/?s={search_term_string}"},"query-input":{"@type":"PropertyValueSpecification","valueRequired":true,"valueName":"search_term_string"}}],"inLanguage":"pt-BR"},{"@type":"Organization","@id":"https:\/\/news.ecclesia.org.br\/#organization","name":"Sacra Arquidiocese de Buenos Aires e Am\u00e9rica do Sul | Patriarcado Ecum\u00eanico","alternateName":"News Ecclesia Brasil","url":"https:\/\/news.ecclesia.org.br\/","logo":{"@type":"ImageObject","inLanguage":"pt-BR","@id":"https:\/\/news.ecclesia.org.br\/#\/schema\/logo\/image\/","url":"https:\/\/news.ecclesia.org.br\/wp-content\/uploads\/2025\/05\/ecclesia2.png","contentUrl":"https:\/\/news.ecclesia.org.br\/wp-content\/uploads\/2025\/05\/ecclesia2.png","width":480,"height":120,"caption":"Sacra Arquidiocese de Buenos Aires e Am\u00e9rica do Sul | Patriarcado Ecum\u00eanico"},"image":{"@id":"https:\/\/news.ecclesia.org.br\/#\/schema\/logo\/image\/"},"sameAs":["https:\/\/www.facebook.com\/Ecclesia2025","https:\/\/x.com\/EcclesiaNews","https:\/\/br.pinterest.com\/ekklisia\/","https:\/\/www.youtube.com\/@EcclesiaBrasil"]},{"@type":"Person","@id":"https:\/\/news.ecclesia.org.br\/#\/schema\/person\/6f09597f025829745ba414a569f63758","name":"Pe. Andr\u00e9","image":{"@type":"ImageObject","inLanguage":"pt-BR","@id":"https:\/\/secure.gravatar.com\/avatar\/b4327cfa27e9799da239a26adcd534fc29cdc0c4a4a148eecbcfeb9b42c617ac?s=96&d=mm&r=g","url":"https:\/\/secure.gravatar.com\/avatar\/b4327cfa27e9799da239a26adcd534fc29cdc0c4a4a148eecbcfeb9b42c617ac?s=96&d=mm&r=g","contentUrl":"https:\/\/secure.gravatar.com\/avatar\/b4327cfa27e9799da239a26adcd534fc29cdc0c4a4a148eecbcfeb9b42c617ac?s=96&d=mm&r=g","caption":"Pe. Andr\u00e9"},"sameAs":["https:\/\/www.ecclesia.org.br"]}]}},"_links":{"self":[{"href":"https:\/\/news.ecclesia.org.br\/index.php?rest_route=\/wp\/v2\/posts\/23470","targetHints":{"allow":["GET"]}}],"collection":[{"href":"https:\/\/news.ecclesia.org.br\/index.php?rest_route=\/wp\/v2\/posts"}],"about":[{"href":"https:\/\/news.ecclesia.org.br\/index.php?rest_route=\/wp\/v2\/types\/post"}],"author":[{"embeddable":true,"href":"https:\/\/news.ecclesia.org.br\/index.php?rest_route=\/wp\/v2\/users\/1"}],"replies":[{"embeddable":true,"href":"https:\/\/news.ecclesia.org.br\/index.php?rest_route=%2Fwp%2Fv2%2Fcomments&post=23470"}],"version-history":[{"count":0,"href":"https:\/\/news.ecclesia.org.br\/index.php?rest_route=\/wp\/v2\/posts\/23470\/revisions"}],"wp:attachment":[{"href":"https:\/\/news.ecclesia.org.br\/index.php?rest_route=%2Fwp%2Fv2%2Fmedia&parent=23470"}],"wp:term":[{"taxonomy":"category","embeddable":true,"href":"https:\/\/news.ecclesia.org.br\/index.php?rest_route=%2Fwp%2Fv2%2Fcategories&post=23470"},{"taxonomy":"post_tag","embeddable":true,"href":"https:\/\/news.ecclesia.org.br\/index.php?rest_route=%2Fwp%2Fv2%2Ftags&post=23470"}],"curies":[{"name":"wp","href":"https:\/\/api.w.org\/{rel}","templated":true}]}}