{"id":23454,"date":"2017-06-09T20:37:29","date_gmt":"2017-06-09T20:37:29","guid":{"rendered":"https:\/\/news.ecclesia.org.br\/2013\/?p=23454"},"modified":"2017-06-09T20:37:29","modified_gmt":"2017-06-09T20:37:29","slug":"adormecimento-no-senhor-do-metropolita-iakovos-de-chicago","status":"publish","type":"post","link":"https:\/\/news.ecclesia.org.br\/?p=23454","title":{"rendered":"Adormecimento no Senhor do Metropolita Iakovos de Chicago"},"content":{"rendered":"<p style=\"text-align: justify;\"><div id=\"galleria-23454\"><a href=\"https:\/\/news.ecclesia.org.br\/wp-content\/uploads\/2017\/06\/iakovos-adormcimento-001.jpg\"><img decoding=\"async\" title=\"iakovos-adormcimento-001\" alt=\"\" src=\"https:\/\/news.ecclesia.org.br\/wp-content\/uploads\/2017\/06\/iakovos-adormcimento-001-83x55.jpg\" data-big=\"https:\/\/news.ecclesia.org.br\/wp-content\/uploads\/2017\/06\/iakovos-adormcimento-001.jpg\"><\/a><a href=\"https:\/\/news.ecclesia.org.br\/wp-content\/uploads\/2017\/06\/iakovos-adormcimento-002.jpg\"><img decoding=\"async\" title=\"iakovos-adormcimento-002\" alt=\"\" src=\"https:\/\/news.ecclesia.org.br\/wp-content\/uploads\/2017\/06\/iakovos-adormcimento-002-91x55.jpg\" data-big=\"https:\/\/news.ecclesia.org.br\/wp-content\/uploads\/2017\/06\/iakovos-adormcimento-002.jpg\"><\/a><a href=\"https:\/\/news.ecclesia.org.br\/wp-content\/uploads\/2017\/06\/iakovos-adormcimento-003.jpg\"><img decoding=\"async\" title=\"iakovos-adormcimento-003\" alt=\"\" src=\"https:\/\/news.ecclesia.org.br\/wp-content\/uploads\/2017\/06\/iakovos-adormcimento-003-83x55.jpg\" data-big=\"https:\/\/news.ecclesia.org.br\/wp-content\/uploads\/2017\/06\/iakovos-adormcimento-003.jpg\"><\/a><a href=\"https:\/\/news.ecclesia.org.br\/wp-content\/uploads\/2017\/06\/iakovos-adormcimento-004.jpg\"><img decoding=\"async\" title=\"iakovos-adormcimento-004\" alt=\"\" src=\"https:\/\/news.ecclesia.org.br\/wp-content\/uploads\/2017\/06\/iakovos-adormcimento-004-83x55.jpg\" data-big=\"https:\/\/news.ecclesia.org.br\/wp-content\/uploads\/2017\/06\/iakovos-adormcimento-004.jpg\"><\/a><a href=\"https:\/\/news.ecclesia.org.br\/wp-content\/uploads\/2017\/06\/iakovos-adormcimento-005.jpg\"><img decoding=\"async\" title=\"iakovos-adormcimento-005\" alt=\"\" src=\"https:\/\/news.ecclesia.org.br\/wp-content\/uploads\/2017\/06\/iakovos-adormcimento-005-83x55.jpg\" data-big=\"https:\/\/news.ecclesia.org.br\/wp-content\/uploads\/2017\/06\/iakovos-adormcimento-005.jpg\"><\/a><a href=\"https:\/\/news.ecclesia.org.br\/wp-content\/uploads\/2017\/06\/iakovos-adormcimento-006.jpg\"><img decoding=\"async\" title=\"iakovos-adormcimento-006\" alt=\"\" src=\"https:\/\/news.ecclesia.org.br\/wp-content\/uploads\/2017\/06\/iakovos-adormcimento-006-83x55.jpg\" data-big=\"https:\/\/news.ecclesia.org.br\/wp-content\/uploads\/2017\/06\/iakovos-adormcimento-006.jpg\"><\/a><a href=\"https:\/\/news.ecclesia.org.br\/wp-content\/uploads\/2017\/06\/iakovos-adormcimento-007.jpg\"><img decoding=\"async\" title=\"iakovos-adormcimento-007\" alt=\"\" src=\"https:\/\/news.ecclesia.org.br\/wp-content\/uploads\/2017\/06\/iakovos-adormcimento-007-83x55.jpg\" data-big=\"https:\/\/news.ecclesia.org.br\/wp-content\/uploads\/2017\/06\/iakovos-adormcimento-007.jpg\"><\/a><a href=\"https:\/\/news.ecclesia.org.br\/wp-content\/uploads\/2017\/06\/iakovos-adormcimento-008-1024x835.jpg\"><img decoding=\"async\" title=\"METROPOLITAN IAKOVOS\" alt=\"\" src=\"https:\/\/news.ecclesia.org.br\/wp-content\/uploads\/2017\/06\/iakovos-adormcimento-008-67x55.jpg\" data-big=\"https:\/\/news.ecclesia.org.br\/wp-content\/uploads\/2017\/06\/iakovos-adormcimento-008-1024x835.jpg\"><\/a><\/div>A Arquidiocese Ortodoxa Grega da Am\u00e9rica est\u00e1 de luto pela morte do Arcebispo Iakovos, Metropolita de Chicago. Seu adormecimento no Senhor ocorreu no \u00faltimo dia 2 de junho de 2017.<\/p>\n<p style=\"text-align: justify;\">S. E. o\u00a0Arcebispo Demetrios da Am\u00e9rica, com profundo pesar, fez seu primeiro an\u00fancio na noite anterior em nome do Santo S\u00ednodo Eparquial. O Arcebispo Demetrios da Am\u00e9rica (Patriarcado Ecum\u00eanico) ap\u00f3s consulta ao Santo S\u00ednodo Eparquial, nomeou S. E. Nicholas, Metropolita de Detroit, como <em>locum tenens<\/em>, at\u00e9 que um sucessor seja eleito. Imediatamente ap\u00f3s o an\u00fancio do adormecimento do Arcebispo Iakovos, o Arcebispo Demetrios da Am\u00e9rica, afirmou:<\/p>\n<blockquote><p>Com o recente adormecimento no Senhor do Arcebispo Iakovos, Metropolita de Chicago, a Igreja Ortodoxa Grega na Am\u00e9rica perdeu um Hierarca proeminente, conhecido por seu grande e duradouro servi\u00e7o ao povo de Deus.<\/p><\/blockquote>\n<p style=\"text-align: justify;\">O Arcebispo Iakovos nasceu em Atenas em 1928, onde recebeu sua educa\u00e7\u00e3o b\u00e1sica e secund\u00e1ria. Graduou-se na Escola Teol\u00f3gica da Universidade de Atenas e foi ordenado ao diaconado e ao santo sacerd\u00f3cio. Serviu a Igreja em Atenas at\u00e9 1954, cursando depois estudos de p\u00f3s-gradua\u00e7\u00e3o em Boston, enquanto servia a Igreja Local como sacerdote. Foi nomeado Vig\u00e1rio Arquidiocesano do 7\u00ba Distrito Arquiepiscopal de Detroit pelo Arcebispo Iakovos em fevereiro de 1968. Um ano depois, em 1969, foi eleito para o episcopado pelo Santo S\u00ednododo Patriarcado Ecum\u00eanico. Foi consagrado bispo titular de Apameia (funcionando como auxiliar do arcebispo Iakovos) no dia de natal de 1969 e nomeado para o 7\u00ba distrito arquiepiscopal de Detroit como bispo desse distrito. Em 1971, foi nomeado presidente da Faculdade de Teologia da Holy Cross, Massachusetts, permanecendo como supervisor administrativo da Diocese de Detroit. Serviu simultaneamente como Bispo em Nova Inglaterra, Boston durante seu mandato de cinco anos como Presidente do Col\u00e9gio Hel\u00eanico e da Escola de Teologia Holy Cross. Ap\u00f3s a reorganiza\u00e7\u00e3o dos distritos arquidiocesanos, o bispo Iakovos foi entronizado por seu Emin\u00eancia, Arcebispo Iakovos, da Arquidiocese Ortodoxa Grega da Am\u00e9rica do Norte e do Sul, em 1\u00ba de maio de 1979, como bispo de Chicago na Catedral da Anuncia\u00e7\u00e3o. Em novembro de 1997, o Santo S\u00ednodo do Patriarcado Ecum\u00eanico elegeu S. E. Iakovos de Chicago como Metropolita de Krinis e Exarca de Ionias. Ainda assim. S. E. permaneceu servindo a Diocese Ortodoxa Grega de Chicago como seu Hierarca Presidente. Em dezembro de 2002, o Santo S\u00ednodo do Patriarcado Ecum\u00eanico elevou as dioceses da Arquidiocese Ortodoxa Grega ao status de Metr\u00f3poles da Arquidiocese e elegeu todos os Hierarcas das Dioceses como Metropolitas de suas respectivas Metr\u00f3poles. Deste modo, D. Iakovos foi eleito Metropolita de Chicago. A Santa Metr\u00f3pole de Chicago, da Arquidiocese Ortodoxa Grega de Am\u00e9rica, \u00e9 constitu\u00edda de 59 par\u00f3quias no total, trinta e quatro par\u00f3quias em Illinois, com outras vinte e cinco par\u00f3quias em Wisconsin, Minnesota, Iowa, Indiana do norte e leste do Missouri; al\u00e9m de duas comunidades mon\u00e1sticas. Sob a lideran\u00e7a do Metropolita Iakovos, a Metr\u00f3pole ampliou seus esfor\u00e7os para levar apoio e ajuda aos desabrigados e necessitados, como foi testemunhado nos trabalhos do Comit\u00ea Metropolitano de Filantropia. Fundou novos programas para jovens, estabeleceu v\u00e1rias comiss\u00f5es de di\u00e1logo locais com outras comunidades de f\u00e9 e trabalhou com outros l\u00edderes religiosos da \u00e1rea na promo\u00e7\u00e3o da justi\u00e7a e da verdade em nossa sociedade. V\u00e1rios outros programas da metr\u00f3pole institu\u00eddo pelo metropolita falecido incluem o Programa de Assist\u00eancia \u00e0 Bolsa de Estudantes; For\u00e7a Tarefa sobre AIDS; Olimp\u00edadas Metropolitana; Festival dos livros ortodoxos; al\u00e9m de tantos outros numerosos programas religiosos e educacionais.<\/p>\n<p style=\"text-align: justify;\">Sua Emin\u00eancia, o Arcebispo Demetrios da Am\u00e9rica, presidiu nesta sexta-feira, 9 de junho de 2017, \u00e0s 10h30, na Catedral Ortodoxa Grega da Anuncia\u00e7\u00e3o da Virgem Maria em Chicago, o of\u00edcio de ex\u00e9quias solenes ao metropolita Iakovos de Chicago, de Santa mem\u00f3ria, juntamente com hierarcas do Santo S\u00ednodo Eparquial e de outras dioceses ortodoxas, al\u00e9m de dezenas de cl\u00e9rigos. A Divina Liturgia preceder\u00e1 o funeral. Na noite de ontem, 8 de junho, o Arcebispo presidiu um servi\u00e7o Trisagion na Catedral \u00e0s 7:00 da tarde.<\/p>\n<hr \/>\n<p style=\"text-align: right;\">Fonte: <a href=\"https:\/\/www.goarch.org\" target=\"_blank\" rel=\"noopener noreferrer\">Servi\u00e7o de Imprensa da Arquidiocese Ortodoxa Grega<\/a><\/p>\n<p>&nbsp;<\/p>\n","protected":false},"excerpt":{"rendered":"<p>A Arquidiocese Ortodoxa Grega da Am\u00e9rica est\u00e1 de luto pela morte do Arcebispo Iakovos, Metropolita de Chicago. Seu adormecimento no Senhor ocorreu no \u00faltimo dia 2 de junho de 2017. S. E. o\u00a0Arcebispo Demetrios da Am\u00e9rica, com profundo pesar, fez&#8230;<\/p>\n","protected":false},"author":1,"featured_media":23462,"comment_status":"open","ping_status":"open","sticky":false,"template":"","format":"standard","meta":{"_acf_changed":false,"footnotes":""},"categories":[1],"tags":[],"class_list":["post-23454","post","type-post","status-publish","format-standard","has-post-thumbnail","hentry","category-news","entry","rows-excerpt"],"acf":[],"yoast_head":"<!-- This site is optimized with the Yoast SEO plugin v27.5 - https:\/\/yoast.com\/product\/yoast-seo-wordpress\/ -->\n<title>Adormecimento no Senhor do Metropolita Iakovos de Chicago | ECCLESIA NEWS<\/title>\n<meta name=\"robots\" content=\"index, follow, max-snippet:-1, max-image-preview:large, max-video-preview:-1\" \/>\n<link rel=\"canonical\" href=\"https:\/\/news.ecclesia.org.br\/?p=23454\" \/>\n<meta property=\"og:locale\" content=\"pt_BR\" \/>\n<meta property=\"og:type\" content=\"article\" \/>\n<meta property=\"og:title\" content=\"Adormecimento no Senhor do Metropolita Iakovos de Chicago | ECCLESIA NEWS\" \/>\n<meta property=\"og:description\" content=\"A Arquidiocese Ortodoxa Grega da Am\u00e9rica est\u00e1 de luto pela morte do Arcebispo Iakovos, Metropolita de Chicago. Seu adormecimento no Senhor ocorreu no \u00faltimo dia 2 de junho de 2017. S. E. o\u00a0Arcebispo Demetrios da Am\u00e9rica, com profundo pesar, fez&#8230;\" \/>\n<meta property=\"og:url\" content=\"https:\/\/news.ecclesia.org.br\/?p=23454\" \/>\n<meta property=\"og:site_name\" content=\"ECCLESIA NEWS\" \/>\n<meta property=\"article:publisher\" content=\"https:\/\/www.facebook.com\/Ecclesia2025\" \/>\n<meta property=\"article:published_time\" content=\"2017-06-09T20:37:29+00:00\" \/>\n<meta property=\"og:image\" content=\"https:\/\/news.ecclesia.org.br\/wp-content\/uploads\/2017\/06\/iakovos-adormcimento-008.jpg\" \/>\n\t<meta property=\"og:image:width\" content=\"1066\" \/>\n\t<meta property=\"og:image:height\" content=\"869\" \/>\n\t<meta property=\"og:image:type\" content=\"image\/jpeg\" \/>\n<meta name=\"author\" content=\"Pe. Andr\u00e9\" \/>\n<meta name=\"twitter:card\" content=\"summary_large_image\" \/>\n<meta name=\"twitter:creator\" content=\"@EcclesiaNews\" \/>\n<meta name=\"twitter:site\" content=\"@EcclesiaNews\" \/>\n<meta name=\"twitter:label1\" content=\"Escrito por\" \/>\n\t<meta name=\"twitter:data1\" content=\"Pe. Andr\u00e9\" \/>\n\t<meta name=\"twitter:label2\" content=\"Est. tempo de leitura\" \/>\n\t<meta name=\"twitter:data2\" content=\"4 minutos\" \/>\n<script type=\"application\/ld+json\" class=\"yoast-schema-graph\">{\"@context\":\"https:\\\/\\\/schema.org\",\"@graph\":[{\"@type\":\"Article\",\"@id\":\"https:\\\/\\\/news.ecclesia.org.br\\\/?p=23454#article\",\"isPartOf\":{\"@id\":\"https:\\\/\\\/news.ecclesia.org.br\\\/?p=23454\"},\"author\":{\"name\":\"Pe. Andr\u00e9\",\"@id\":\"https:\\\/\\\/news.ecclesia.org.br\\\/#\\\/schema\\\/person\\\/6f09597f025829745ba414a569f63758\"},\"headline\":\"Adormecimento no Senhor do Metropolita Iakovos de Chicago\",\"datePublished\":\"2017-06-09T20:37:29+00:00\",\"mainEntityOfPage\":{\"@id\":\"https:\\\/\\\/news.ecclesia.org.br\\\/?p=23454\"},\"wordCount\":717,\"commentCount\":0,\"publisher\":{\"@id\":\"https:\\\/\\\/news.ecclesia.org.br\\\/#organization\"},\"image\":{\"@id\":\"https:\\\/\\\/news.ecclesia.org.br\\\/?p=23454#primaryimage\"},\"thumbnailUrl\":\"https:\\\/\\\/news.ecclesia.org.br\\\/wp-content\\\/uploads\\\/2017\\\/06\\\/iakovos-adormcimento-008.jpg\",\"articleSection\":[\"NEWS\"],\"inLanguage\":\"pt-BR\",\"potentialAction\":[{\"@type\":\"CommentAction\",\"name\":\"Comment\",\"target\":[\"https:\\\/\\\/news.ecclesia.org.br\\\/?p=23454#respond\"]}]},{\"@type\":\"WebPage\",\"@id\":\"https:\\\/\\\/news.ecclesia.org.br\\\/?p=23454\",\"url\":\"https:\\\/\\\/news.ecclesia.org.br\\\/?p=23454\",\"name\":\"Adormecimento no Senhor do Metropolita Iakovos de Chicago | ECCLESIA NEWS\",\"isPartOf\":{\"@id\":\"https:\\\/\\\/news.ecclesia.org.br\\\/#website\"},\"primaryImageOfPage\":{\"@id\":\"https:\\\/\\\/news.ecclesia.org.br\\\/?p=23454#primaryimage\"},\"image\":{\"@id\":\"https:\\\/\\\/news.ecclesia.org.br\\\/?p=23454#primaryimage\"},\"thumbnailUrl\":\"https:\\\/\\\/news.ecclesia.org.br\\\/wp-content\\\/uploads\\\/2017\\\/06\\\/iakovos-adormcimento-008.jpg\",\"datePublished\":\"2017-06-09T20:37:29+00:00\",\"breadcrumb\":{\"@id\":\"https:\\\/\\\/news.ecclesia.org.br\\\/?p=23454#breadcrumb\"},\"inLanguage\":\"pt-BR\",\"potentialAction\":[{\"@type\":\"ReadAction\",\"target\":[\"https:\\\/\\\/news.ecclesia.org.br\\\/?p=23454\"]}]},{\"@type\":\"ImageObject\",\"inLanguage\":\"pt-BR\",\"@id\":\"https:\\\/\\\/news.ecclesia.org.br\\\/?p=23454#primaryimage\",\"url\":\"https:\\\/\\\/news.ecclesia.org.br\\\/wp-content\\\/uploads\\\/2017\\\/06\\\/iakovos-adormcimento-008.jpg\",\"contentUrl\":\"https:\\\/\\\/news.ecclesia.org.br\\\/wp-content\\\/uploads\\\/2017\\\/06\\\/iakovos-adormcimento-008.jpg\",\"width\":1066,\"height\":869,\"caption\":\"METROPOLITAN IAKOVOS \u00a9 GANP\\\/\u0394\u0397\u039c\u0397\u03a4\u03a1\u0397\u03a3 \u03a0\u0391\u039d\u0391\u0393\u039f\u03a3 PHOTOS: \u00a9 GANP\\\/DIMITRIOS PANAGOS\"},{\"@type\":\"BreadcrumbList\",\"@id\":\"https:\\\/\\\/news.ecclesia.org.br\\\/?p=23454#breadcrumb\",\"itemListElement\":[{\"@type\":\"ListItem\",\"position\":1,\"name\":\"In\u00edcio\",\"item\":\"https:\\\/\\\/news.ecclesia.org.br\\\/\"},{\"@type\":\"ListItem\",\"position\":2,\"name\":\"Adormecimento no Senhor do Metropolita Iakovos de Chicago\"}]},{\"@type\":\"WebSite\",\"@id\":\"https:\\\/\\\/news.ecclesia.org.br\\\/#website\",\"url\":\"https:\\\/\\\/news.ecclesia.org.br\\\/\",\"name\":\"Ecclesia Brasil\",\"description\":\"Desde 2003 onectando o Brasil ao mundo ortodoxo!\",\"publisher\":{\"@id\":\"https:\\\/\\\/news.ecclesia.org.br\\\/#organization\"},\"alternateName\":\"Ecclesia\",\"potentialAction\":[{\"@type\":\"SearchAction\",\"target\":{\"@type\":\"EntryPoint\",\"urlTemplate\":\"https:\\\/\\\/news.ecclesia.org.br\\\/?s={search_term_string}\"},\"query-input\":{\"@type\":\"PropertyValueSpecification\",\"valueRequired\":true,\"valueName\":\"search_term_string\"}}],\"inLanguage\":\"pt-BR\"},{\"@type\":\"Organization\",\"@id\":\"https:\\\/\\\/news.ecclesia.org.br\\\/#organization\",\"name\":\"Sacra Arquidiocese de Buenos Aires e Am\u00e9rica do Sul | Patriarcado Ecum\u00eanico\",\"alternateName\":\"News Ecclesia Brasil\",\"url\":\"https:\\\/\\\/news.ecclesia.org.br\\\/\",\"logo\":{\"@type\":\"ImageObject\",\"inLanguage\":\"pt-BR\",\"@id\":\"https:\\\/\\\/news.ecclesia.org.br\\\/#\\\/schema\\\/logo\\\/image\\\/\",\"url\":\"https:\\\/\\\/news.ecclesia.org.br\\\/wp-content\\\/uploads\\\/2025\\\/05\\\/ecclesia2.png\",\"contentUrl\":\"https:\\\/\\\/news.ecclesia.org.br\\\/wp-content\\\/uploads\\\/2025\\\/05\\\/ecclesia2.png\",\"width\":480,\"height\":120,\"caption\":\"Sacra Arquidiocese de Buenos Aires e Am\u00e9rica do Sul | Patriarcado Ecum\u00eanico\"},\"image\":{\"@id\":\"https:\\\/\\\/news.ecclesia.org.br\\\/#\\\/schema\\\/logo\\\/image\\\/\"},\"sameAs\":[\"https:\\\/\\\/www.facebook.com\\\/Ecclesia2025\",\"https:\\\/\\\/x.com\\\/EcclesiaNews\",\"https:\\\/\\\/br.pinterest.com\\\/ekklisia\\\/\",\"https:\\\/\\\/www.youtube.com\\\/@EcclesiaBrasil\"]},{\"@type\":\"Person\",\"@id\":\"https:\\\/\\\/news.ecclesia.org.br\\\/#\\\/schema\\\/person\\\/6f09597f025829745ba414a569f63758\",\"name\":\"Pe. Andr\u00e9\",\"image\":{\"@type\":\"ImageObject\",\"inLanguage\":\"pt-BR\",\"@id\":\"https:\\\/\\\/secure.gravatar.com\\\/avatar\\\/b4327cfa27e9799da239a26adcd534fc29cdc0c4a4a148eecbcfeb9b42c617ac?s=96&d=mm&r=g\",\"url\":\"https:\\\/\\\/secure.gravatar.com\\\/avatar\\\/b4327cfa27e9799da239a26adcd534fc29cdc0c4a4a148eecbcfeb9b42c617ac?s=96&d=mm&r=g\",\"contentUrl\":\"https:\\\/\\\/secure.gravatar.com\\\/avatar\\\/b4327cfa27e9799da239a26adcd534fc29cdc0c4a4a148eecbcfeb9b42c617ac?s=96&d=mm&r=g\",\"caption\":\"Pe. Andr\u00e9\"},\"sameAs\":[\"https:\\\/\\\/www.ecclesia.org.br\"]}]}<\/script>\n<!-- \/ Yoast SEO plugin. -->","yoast_head_json":{"title":"Adormecimento no Senhor do Metropolita Iakovos de Chicago | ECCLESIA NEWS","robots":{"index":"index","follow":"follow","max-snippet":"max-snippet:-1","max-image-preview":"max-image-preview:large","max-video-preview":"max-video-preview:-1"},"canonical":"https:\/\/news.ecclesia.org.br\/?p=23454","og_locale":"pt_BR","og_type":"article","og_title":"Adormecimento no Senhor do Metropolita Iakovos de Chicago | ECCLESIA NEWS","og_description":"A Arquidiocese Ortodoxa Grega da Am\u00e9rica est\u00e1 de luto pela morte do Arcebispo Iakovos, Metropolita de Chicago. Seu adormecimento no Senhor ocorreu no \u00faltimo dia 2 de junho de 2017. S. E. o\u00a0Arcebispo Demetrios da Am\u00e9rica, com profundo pesar, fez&#8230;","og_url":"https:\/\/news.ecclesia.org.br\/?p=23454","og_site_name":"ECCLESIA NEWS","article_publisher":"https:\/\/www.facebook.com\/Ecclesia2025","article_published_time":"2017-06-09T20:37:29+00:00","og_image":[{"width":1066,"height":869,"url":"https:\/\/news.ecclesia.org.br\/wp-content\/uploads\/2017\/06\/iakovos-adormcimento-008.jpg","type":"image\/jpeg"}],"author":"Pe. Andr\u00e9","twitter_card":"summary_large_image","twitter_creator":"@EcclesiaNews","twitter_site":"@EcclesiaNews","twitter_misc":{"Escrito por":"Pe. Andr\u00e9","Est. tempo de leitura":"4 minutos"},"schema":{"@context":"https:\/\/schema.org","@graph":[{"@type":"Article","@id":"https:\/\/news.ecclesia.org.br\/?p=23454#article","isPartOf":{"@id":"https:\/\/news.ecclesia.org.br\/?p=23454"},"author":{"name":"Pe. Andr\u00e9","@id":"https:\/\/news.ecclesia.org.br\/#\/schema\/person\/6f09597f025829745ba414a569f63758"},"headline":"Adormecimento no Senhor do Metropolita Iakovos de Chicago","datePublished":"2017-06-09T20:37:29+00:00","mainEntityOfPage":{"@id":"https:\/\/news.ecclesia.org.br\/?p=23454"},"wordCount":717,"commentCount":0,"publisher":{"@id":"https:\/\/news.ecclesia.org.br\/#organization"},"image":{"@id":"https:\/\/news.ecclesia.org.br\/?p=23454#primaryimage"},"thumbnailUrl":"https:\/\/news.ecclesia.org.br\/wp-content\/uploads\/2017\/06\/iakovos-adormcimento-008.jpg","articleSection":["NEWS"],"inLanguage":"pt-BR","potentialAction":[{"@type":"CommentAction","name":"Comment","target":["https:\/\/news.ecclesia.org.br\/?p=23454#respond"]}]},{"@type":"WebPage","@id":"https:\/\/news.ecclesia.org.br\/?p=23454","url":"https:\/\/news.ecclesia.org.br\/?p=23454","name":"Adormecimento no Senhor do Metropolita Iakovos de Chicago | ECCLESIA NEWS","isPartOf":{"@id":"https:\/\/news.ecclesia.org.br\/#website"},"primaryImageOfPage":{"@id":"https:\/\/news.ecclesia.org.br\/?p=23454#primaryimage"},"image":{"@id":"https:\/\/news.ecclesia.org.br\/?p=23454#primaryimage"},"thumbnailUrl":"https:\/\/news.ecclesia.org.br\/wp-content\/uploads\/2017\/06\/iakovos-adormcimento-008.jpg","datePublished":"2017-06-09T20:37:29+00:00","breadcrumb":{"@id":"https:\/\/news.ecclesia.org.br\/?p=23454#breadcrumb"},"inLanguage":"pt-BR","potentialAction":[{"@type":"ReadAction","target":["https:\/\/news.ecclesia.org.br\/?p=23454"]}]},{"@type":"ImageObject","inLanguage":"pt-BR","@id":"https:\/\/news.ecclesia.org.br\/?p=23454#primaryimage","url":"https:\/\/news.ecclesia.org.br\/wp-content\/uploads\/2017\/06\/iakovos-adormcimento-008.jpg","contentUrl":"https:\/\/news.ecclesia.org.br\/wp-content\/uploads\/2017\/06\/iakovos-adormcimento-008.jpg","width":1066,"height":869,"caption":"METROPOLITAN IAKOVOS \u00a9 GANP\/\u0394\u0397\u039c\u0397\u03a4\u03a1\u0397\u03a3 \u03a0\u0391\u039d\u0391\u0393\u039f\u03a3 PHOTOS: \u00a9 GANP\/DIMITRIOS PANAGOS"},{"@type":"BreadcrumbList","@id":"https:\/\/news.ecclesia.org.br\/?p=23454#breadcrumb","itemListElement":[{"@type":"ListItem","position":1,"name":"In\u00edcio","item":"https:\/\/news.ecclesia.org.br\/"},{"@type":"ListItem","position":2,"name":"Adormecimento no Senhor do Metropolita Iakovos de Chicago"}]},{"@type":"WebSite","@id":"https:\/\/news.ecclesia.org.br\/#website","url":"https:\/\/news.ecclesia.org.br\/","name":"Ecclesia Brasil","description":"Desde 2003 onectando o Brasil ao mundo ortodoxo!","publisher":{"@id":"https:\/\/news.ecclesia.org.br\/#organization"},"alternateName":"Ecclesia","potentialAction":[{"@type":"SearchAction","target":{"@type":"EntryPoint","urlTemplate":"https:\/\/news.ecclesia.org.br\/?s={search_term_string}"},"query-input":{"@type":"PropertyValueSpecification","valueRequired":true,"valueName":"search_term_string"}}],"inLanguage":"pt-BR"},{"@type":"Organization","@id":"https:\/\/news.ecclesia.org.br\/#organization","name":"Sacra Arquidiocese de Buenos Aires e Am\u00e9rica do Sul | Patriarcado Ecum\u00eanico","alternateName":"News Ecclesia Brasil","url":"https:\/\/news.ecclesia.org.br\/","logo":{"@type":"ImageObject","inLanguage":"pt-BR","@id":"https:\/\/news.ecclesia.org.br\/#\/schema\/logo\/image\/","url":"https:\/\/news.ecclesia.org.br\/wp-content\/uploads\/2025\/05\/ecclesia2.png","contentUrl":"https:\/\/news.ecclesia.org.br\/wp-content\/uploads\/2025\/05\/ecclesia2.png","width":480,"height":120,"caption":"Sacra Arquidiocese de Buenos Aires e Am\u00e9rica do Sul | Patriarcado Ecum\u00eanico"},"image":{"@id":"https:\/\/news.ecclesia.org.br\/#\/schema\/logo\/image\/"},"sameAs":["https:\/\/www.facebook.com\/Ecclesia2025","https:\/\/x.com\/EcclesiaNews","https:\/\/br.pinterest.com\/ekklisia\/","https:\/\/www.youtube.com\/@EcclesiaBrasil"]},{"@type":"Person","@id":"https:\/\/news.ecclesia.org.br\/#\/schema\/person\/6f09597f025829745ba414a569f63758","name":"Pe. Andr\u00e9","image":{"@type":"ImageObject","inLanguage":"pt-BR","@id":"https:\/\/secure.gravatar.com\/avatar\/b4327cfa27e9799da239a26adcd534fc29cdc0c4a4a148eecbcfeb9b42c617ac?s=96&d=mm&r=g","url":"https:\/\/secure.gravatar.com\/avatar\/b4327cfa27e9799da239a26adcd534fc29cdc0c4a4a148eecbcfeb9b42c617ac?s=96&d=mm&r=g","contentUrl":"https:\/\/secure.gravatar.com\/avatar\/b4327cfa27e9799da239a26adcd534fc29cdc0c4a4a148eecbcfeb9b42c617ac?s=96&d=mm&r=g","caption":"Pe. Andr\u00e9"},"sameAs":["https:\/\/www.ecclesia.org.br"]}]}},"_links":{"self":[{"href":"https:\/\/news.ecclesia.org.br\/index.php?rest_route=\/wp\/v2\/posts\/23454","targetHints":{"allow":["GET"]}}],"collection":[{"href":"https:\/\/news.ecclesia.org.br\/index.php?rest_route=\/wp\/v2\/posts"}],"about":[{"href":"https:\/\/news.ecclesia.org.br\/index.php?rest_route=\/wp\/v2\/types\/post"}],"author":[{"embeddable":true,"href":"https:\/\/news.ecclesia.org.br\/index.php?rest_route=\/wp\/v2\/users\/1"}],"replies":[{"embeddable":true,"href":"https:\/\/news.ecclesia.org.br\/index.php?rest_route=%2Fwp%2Fv2%2Fcomments&post=23454"}],"version-history":[{"count":0,"href":"https:\/\/news.ecclesia.org.br\/index.php?rest_route=\/wp\/v2\/posts\/23454\/revisions"}],"wp:featuredmedia":[{"embeddable":true,"href":"https:\/\/news.ecclesia.org.br\/index.php?rest_route=\/wp\/v2\/media\/23462"}],"wp:attachment":[{"href":"https:\/\/news.ecclesia.org.br\/index.php?rest_route=%2Fwp%2Fv2%2Fmedia&parent=23454"}],"wp:term":[{"taxonomy":"category","embeddable":true,"href":"https:\/\/news.ecclesia.org.br\/index.php?rest_route=%2Fwp%2Fv2%2Fcategories&post=23454"},{"taxonomy":"post_tag","embeddable":true,"href":"https:\/\/news.ecclesia.org.br\/index.php?rest_route=%2Fwp%2Fv2%2Ftags&post=23454"}],"curies":[{"name":"wp","href":"https:\/\/api.w.org\/{rel}","templated":true}]}}