{"id":23449,"date":"2017-06-03T16:23:03","date_gmt":"2017-06-03T16:23:03","guid":{"rendered":"https:\/\/news.ecclesia.org.br\/2013\/?p=23449"},"modified":"2017-06-03T16:27:12","modified_gmt":"2017-06-03T16:27:12","slug":"cristianismo-bizantino-instituicoes-imagens-e-migracoes","status":"publish","type":"post","link":"https:\/\/news.ecclesia.org.br\/?p=23449","title":{"rendered":"Cristianismo Bizantino: institui\u00e7\u00f5es, imagens e migra\u00e7\u00f5es"},"content":{"rendered":"<p style=\"text-align: justify;\">A Universidade de Bras\u00edlia (UnB), no contexto da Programa\u00e7\u00e3o do XXIX Simp\u00f3sio Nacional de Hist\u00f3ria, oferece o Minicurso: Cristianismo Bizantino: institui\u00e7\u00f5es, imagens e migra\u00e7\u00f5es. As <a href=\"http:\/\/www.snh2017.anpuh.org\/inscricoes\/capa\" target=\"_blank\" rel=\"noopener noreferrer\">inscri\u00e7\u00f5es est\u00e3o abertas<\/a> at\u00e9 o dia 14 de julho de 2017.<\/p>\n<h4 style=\"text-align: justify;\">Resumo:<\/h4>\n<figure id=\"attachment_23450\" aria-describedby=\"caption-attachment-23450\" style=\"width: 260px\" class=\"wp-caption alignleft\"><a href=\"https:\/\/news.ecclesia.org.br\/2013\/wp-content\/uploads\/2017\/06\/007.jpg\"><img fetchpriority=\"high\" decoding=\"async\" class=\"wp-image-23450 size-medium\" src=\"https:\/\/news.ecclesia.org.br\/2013\/wp-content\/uploads\/2017\/06\/007-260x300.jpg\" alt=\"\" width=\"260\" height=\"300\" \/><\/a><figcaption id=\"caption-attachment-23450\" class=\"wp-caption-text\">\u00cdcone da Theotokos (M\u00e3e de Deus)<\/figcaption><\/figure>\n<p style=\"text-align: justify;\">O cristianismo bizantino cada vez mais no Brasil ganha visibilidade, devido \u00e0s comunidades de imigrantes que aportaram, sobretudo ap\u00f3s a Segunda Guerra. A Igreja crist\u00e3 nasceu no Oriente e, posteriormente se alastrou para o Ocidente, formando a <em>Ecclesia<\/em>. Como a Igreja n\u00e3o permaneceu canonicamente unida, cada parte passou a ser observada como est\u00e2ncia sect\u00e1ria, o que facilitou construir imagens acerca das institui\u00e7\u00f5es resultantes da \u00f3tica da diferencia\u00e7\u00e3o. Em consequ\u00eancia, cada por\u00e7\u00e3o do cristianismo latino ou bizantino reclamava para si os atributos de exclusividades e a nega\u00e7\u00e3o do outro. Como em toda institui\u00e7\u00e3o, o nascimento e organiza\u00e7\u00e3o das Institui\u00e7\u00f5es eclesi\u00e1sticas deixam seus rastros, este Minicurso objetiva tratar da Hist\u00f3ria crist\u00e3 Bizantina, focando a forma\u00e7\u00e3o das institui\u00e7\u00f5es eclesiais com o Imp\u00e9rio e a corte bizantinas, os desdobramentos da Ortodoxia e Catolicismo Oriental, as imagens iconogr\u00e1ficas como linguagem textual e a imigra\u00e7\u00e3o das comunidades bizantinas eslavas e gregas para o Brasil.<\/p>\n<p style=\"text-align: justify;\">O presente Minicurso tem como objetivos:<\/p>\n<p style=\"padding-left: 30px;\">a. Apresentar historicamente a forma\u00e7\u00e3o institucional do cristianismo bizantino;<\/p>\n<p style=\"padding-left: 30px;\"><span style=\"text-align: justify;\">b. Elencar as institui\u00e7\u00f5es bizantinas quais corpos s\u00f3cio jur\u00eddicos de feitura e manuten\u00e7\u00e3o de poder;<\/span><\/p>\n<p style=\"padding-left: 30px;\">c. Demonstrar a cultura material e imaterial do cristianismo bizantino: imagens e \u00edcones;<\/p>\n<p style=\"padding-left: 30px;\">d. Abordar a imigra\u00e7\u00e3o bizantina para o Brasil, com o patrim\u00f4nio cultural herdado e suas adapta\u00e7\u00f5es em ambientes latinos<\/p>\n<h4>Programa:<\/h4>\n<p>(Das 08h00 \u00e0s 10h00 da manh\u00e3)<\/p>\n<p style=\"padding-left: 30px;\">25\/07 &#8211; Cristianismo Bizantino: Corpos institucionais, lugares e poderes<\/p>\n<p style=\"padding-left: 30px;\">26\/07 &#8211; Cultura Material e Imaterial como fontes para a Historiografia bizantina<\/p>\n<p style=\"padding-left: 30px;\">27\/07 &#8211; Imigra\u00e7\u00e3o Bizantina para o Brasil: comunidades \u00e9tnicas, mem\u00f3rias e renegocia\u00e7\u00f5es.<\/p>\n<p>Obs.: Ao final do curso ser\u00e3o entregues os certificados de participa\u00e7\u00e3o.<\/p>\n","protected":false},"excerpt":{"rendered":"<p>A Universidade de Bras\u00edlia (UnB), no contexto da Programa\u00e7\u00e3o do XXIX Simp\u00f3sio Nacional de Hist\u00f3ria, oferece o Minicurso: Cristianismo Bizantino: institui\u00e7\u00f5es, imagens e migra\u00e7\u00f5es. As inscri\u00e7\u00f5es est\u00e3o abertas at\u00e9 o dia 14 de julho de 2017. Resumo: O cristianismo bizantino&#8230;<\/p>\n","protected":false},"author":1,"featured_media":0,"comment_status":"open","ping_status":"open","sticky":false,"template":"","format":"standard","meta":{"_acf_changed":false,"footnotes":""},"categories":[1],"tags":[],"class_list":["post-23449","post","type-post","status-publish","format-standard","hentry","category-news","entry","rows-excerpt"],"acf":[],"yoast_head":"<!-- This site is optimized with the Yoast SEO plugin v27.5 - https:\/\/yoast.com\/product\/yoast-seo-wordpress\/ -->\n<title>Cristianismo Bizantino: institui\u00e7\u00f5es, imagens e migra\u00e7\u00f5es | ECCLESIA NEWS<\/title>\n<meta name=\"robots\" content=\"index, follow, max-snippet:-1, max-image-preview:large, max-video-preview:-1\" \/>\n<link rel=\"canonical\" href=\"https:\/\/news.ecclesia.org.br\/?p=23449\" \/>\n<meta property=\"og:locale\" content=\"pt_BR\" \/>\n<meta property=\"og:type\" content=\"article\" \/>\n<meta property=\"og:title\" content=\"Cristianismo Bizantino: institui\u00e7\u00f5es, imagens e migra\u00e7\u00f5es | ECCLESIA NEWS\" \/>\n<meta property=\"og:description\" content=\"A Universidade de Bras\u00edlia (UnB), no contexto da Programa\u00e7\u00e3o do XXIX Simp\u00f3sio Nacional de Hist\u00f3ria, oferece o Minicurso: Cristianismo Bizantino: institui\u00e7\u00f5es, imagens e migra\u00e7\u00f5es. As inscri\u00e7\u00f5es est\u00e3o abertas at\u00e9 o dia 14 de julho de 2017. Resumo: O cristianismo bizantino&#8230;\" \/>\n<meta property=\"og:url\" content=\"https:\/\/news.ecclesia.org.br\/?p=23449\" \/>\n<meta property=\"og:site_name\" content=\"ECCLESIA NEWS\" \/>\n<meta property=\"article:publisher\" content=\"https:\/\/www.facebook.com\/Ecclesia2025\" \/>\n<meta property=\"article:published_time\" content=\"2017-06-03T16:23:03+00:00\" \/>\n<meta property=\"article:modified_time\" content=\"2017-06-03T16:27:12+00:00\" \/>\n<meta property=\"og:image\" content=\"https:\/\/news.ecclesia.org.br\/2013\/wp-content\/uploads\/2017\/06\/007-260x300.jpg\" \/>\n<meta name=\"author\" content=\"Pe. Andr\u00e9\" \/>\n<meta name=\"twitter:card\" content=\"summary_large_image\" \/>\n<meta name=\"twitter:creator\" content=\"@EcclesiaNews\" \/>\n<meta name=\"twitter:site\" content=\"@EcclesiaNews\" \/>\n<meta name=\"twitter:label1\" content=\"Escrito por\" \/>\n\t<meta name=\"twitter:data1\" content=\"Pe. Andr\u00e9\" \/>\n\t<meta name=\"twitter:label2\" content=\"Est. tempo de leitura\" \/>\n\t<meta name=\"twitter:data2\" content=\"2 minutos\" \/>\n<script type=\"application\/ld+json\" class=\"yoast-schema-graph\">{\"@context\":\"https:\\\/\\\/schema.org\",\"@graph\":[{\"@type\":\"Article\",\"@id\":\"https:\\\/\\\/news.ecclesia.org.br\\\/?p=23449#article\",\"isPartOf\":{\"@id\":\"https:\\\/\\\/news.ecclesia.org.br\\\/?p=23449\"},\"author\":{\"name\":\"Pe. Andr\u00e9\",\"@id\":\"https:\\\/\\\/news.ecclesia.org.br\\\/#\\\/schema\\\/person\\\/6f09597f025829745ba414a569f63758\"},\"headline\":\"Cristianismo Bizantino: institui\u00e7\u00f5es, imagens e migra\u00e7\u00f5es\",\"datePublished\":\"2017-06-03T16:23:03+00:00\",\"dateModified\":\"2017-06-03T16:27:12+00:00\",\"mainEntityOfPage\":{\"@id\":\"https:\\\/\\\/news.ecclesia.org.br\\\/?p=23449\"},\"wordCount\":355,\"commentCount\":0,\"publisher\":{\"@id\":\"https:\\\/\\\/news.ecclesia.org.br\\\/#organization\"},\"image\":{\"@id\":\"https:\\\/\\\/news.ecclesia.org.br\\\/?p=23449#primaryimage\"},\"thumbnailUrl\":\"https:\\\/\\\/news.ecclesia.org.br\\\/2013\\\/wp-content\\\/uploads\\\/2017\\\/06\\\/007-260x300.jpg\",\"articleSection\":[\"NEWS\"],\"inLanguage\":\"pt-BR\",\"potentialAction\":[{\"@type\":\"CommentAction\",\"name\":\"Comment\",\"target\":[\"https:\\\/\\\/news.ecclesia.org.br\\\/?p=23449#respond\"]}]},{\"@type\":\"WebPage\",\"@id\":\"https:\\\/\\\/news.ecclesia.org.br\\\/?p=23449\",\"url\":\"https:\\\/\\\/news.ecclesia.org.br\\\/?p=23449\",\"name\":\"Cristianismo Bizantino: institui\u00e7\u00f5es, imagens e migra\u00e7\u00f5es | ECCLESIA NEWS\",\"isPartOf\":{\"@id\":\"https:\\\/\\\/news.ecclesia.org.br\\\/#website\"},\"primaryImageOfPage\":{\"@id\":\"https:\\\/\\\/news.ecclesia.org.br\\\/?p=23449#primaryimage\"},\"image\":{\"@id\":\"https:\\\/\\\/news.ecclesia.org.br\\\/?p=23449#primaryimage\"},\"thumbnailUrl\":\"https:\\\/\\\/news.ecclesia.org.br\\\/2013\\\/wp-content\\\/uploads\\\/2017\\\/06\\\/007-260x300.jpg\",\"datePublished\":\"2017-06-03T16:23:03+00:00\",\"dateModified\":\"2017-06-03T16:27:12+00:00\",\"breadcrumb\":{\"@id\":\"https:\\\/\\\/news.ecclesia.org.br\\\/?p=23449#breadcrumb\"},\"inLanguage\":\"pt-BR\",\"potentialAction\":[{\"@type\":\"ReadAction\",\"target\":[\"https:\\\/\\\/news.ecclesia.org.br\\\/?p=23449\"]}]},{\"@type\":\"ImageObject\",\"inLanguage\":\"pt-BR\",\"@id\":\"https:\\\/\\\/news.ecclesia.org.br\\\/?p=23449#primaryimage\",\"url\":\"\",\"contentUrl\":\"\"},{\"@type\":\"BreadcrumbList\",\"@id\":\"https:\\\/\\\/news.ecclesia.org.br\\\/?p=23449#breadcrumb\",\"itemListElement\":[{\"@type\":\"ListItem\",\"position\":1,\"name\":\"In\u00edcio\",\"item\":\"https:\\\/\\\/news.ecclesia.org.br\\\/\"},{\"@type\":\"ListItem\",\"position\":2,\"name\":\"Cristianismo Bizantino: institui\u00e7\u00f5es, imagens e migra\u00e7\u00f5es\"}]},{\"@type\":\"WebSite\",\"@id\":\"https:\\\/\\\/news.ecclesia.org.br\\\/#website\",\"url\":\"https:\\\/\\\/news.ecclesia.org.br\\\/\",\"name\":\"Ecclesia Brasil\",\"description\":\"Desde 2003 onectando o Brasil ao mundo ortodoxo!\",\"publisher\":{\"@id\":\"https:\\\/\\\/news.ecclesia.org.br\\\/#organization\"},\"alternateName\":\"Ecclesia\",\"potentialAction\":[{\"@type\":\"SearchAction\",\"target\":{\"@type\":\"EntryPoint\",\"urlTemplate\":\"https:\\\/\\\/news.ecclesia.org.br\\\/?s={search_term_string}\"},\"query-input\":{\"@type\":\"PropertyValueSpecification\",\"valueRequired\":true,\"valueName\":\"search_term_string\"}}],\"inLanguage\":\"pt-BR\"},{\"@type\":\"Organization\",\"@id\":\"https:\\\/\\\/news.ecclesia.org.br\\\/#organization\",\"name\":\"Sacra Arquidiocese de Buenos Aires e Am\u00e9rica do Sul | Patriarcado Ecum\u00eanico\",\"alternateName\":\"News Ecclesia Brasil\",\"url\":\"https:\\\/\\\/news.ecclesia.org.br\\\/\",\"logo\":{\"@type\":\"ImageObject\",\"inLanguage\":\"pt-BR\",\"@id\":\"https:\\\/\\\/news.ecclesia.org.br\\\/#\\\/schema\\\/logo\\\/image\\\/\",\"url\":\"https:\\\/\\\/news.ecclesia.org.br\\\/wp-content\\\/uploads\\\/2025\\\/05\\\/ecclesia2.png\",\"contentUrl\":\"https:\\\/\\\/news.ecclesia.org.br\\\/wp-content\\\/uploads\\\/2025\\\/05\\\/ecclesia2.png\",\"width\":480,\"height\":120,\"caption\":\"Sacra Arquidiocese de Buenos Aires e Am\u00e9rica do Sul | Patriarcado Ecum\u00eanico\"},\"image\":{\"@id\":\"https:\\\/\\\/news.ecclesia.org.br\\\/#\\\/schema\\\/logo\\\/image\\\/\"},\"sameAs\":[\"https:\\\/\\\/www.facebook.com\\\/Ecclesia2025\",\"https:\\\/\\\/x.com\\\/EcclesiaNews\",\"https:\\\/\\\/br.pinterest.com\\\/ekklisia\\\/\",\"https:\\\/\\\/www.youtube.com\\\/@EcclesiaBrasil\"]},{\"@type\":\"Person\",\"@id\":\"https:\\\/\\\/news.ecclesia.org.br\\\/#\\\/schema\\\/person\\\/6f09597f025829745ba414a569f63758\",\"name\":\"Pe. Andr\u00e9\",\"image\":{\"@type\":\"ImageObject\",\"inLanguage\":\"pt-BR\",\"@id\":\"https:\\\/\\\/secure.gravatar.com\\\/avatar\\\/b4327cfa27e9799da239a26adcd534fc29cdc0c4a4a148eecbcfeb9b42c617ac?s=96&d=mm&r=g\",\"url\":\"https:\\\/\\\/secure.gravatar.com\\\/avatar\\\/b4327cfa27e9799da239a26adcd534fc29cdc0c4a4a148eecbcfeb9b42c617ac?s=96&d=mm&r=g\",\"contentUrl\":\"https:\\\/\\\/secure.gravatar.com\\\/avatar\\\/b4327cfa27e9799da239a26adcd534fc29cdc0c4a4a148eecbcfeb9b42c617ac?s=96&d=mm&r=g\",\"caption\":\"Pe. Andr\u00e9\"},\"sameAs\":[\"https:\\\/\\\/www.ecclesia.org.br\"]}]}<\/script>\n<!-- \/ Yoast SEO plugin. -->","yoast_head_json":{"title":"Cristianismo Bizantino: institui\u00e7\u00f5es, imagens e migra\u00e7\u00f5es | ECCLESIA NEWS","robots":{"index":"index","follow":"follow","max-snippet":"max-snippet:-1","max-image-preview":"max-image-preview:large","max-video-preview":"max-video-preview:-1"},"canonical":"https:\/\/news.ecclesia.org.br\/?p=23449","og_locale":"pt_BR","og_type":"article","og_title":"Cristianismo Bizantino: institui\u00e7\u00f5es, imagens e migra\u00e7\u00f5es | ECCLESIA NEWS","og_description":"A Universidade de Bras\u00edlia (UnB), no contexto da Programa\u00e7\u00e3o do XXIX Simp\u00f3sio Nacional de Hist\u00f3ria, oferece o Minicurso: Cristianismo Bizantino: institui\u00e7\u00f5es, imagens e migra\u00e7\u00f5es. As inscri\u00e7\u00f5es est\u00e3o abertas at\u00e9 o dia 14 de julho de 2017. Resumo: O cristianismo bizantino&#8230;","og_url":"https:\/\/news.ecclesia.org.br\/?p=23449","og_site_name":"ECCLESIA NEWS","article_publisher":"https:\/\/www.facebook.com\/Ecclesia2025","article_published_time":"2017-06-03T16:23:03+00:00","article_modified_time":"2017-06-03T16:27:12+00:00","og_image":[{"url":"https:\/\/news.ecclesia.org.br\/2013\/wp-content\/uploads\/2017\/06\/007-260x300.jpg","type":"","width":"","height":""}],"author":"Pe. Andr\u00e9","twitter_card":"summary_large_image","twitter_creator":"@EcclesiaNews","twitter_site":"@EcclesiaNews","twitter_misc":{"Escrito por":"Pe. Andr\u00e9","Est. tempo de leitura":"2 minutos"},"schema":{"@context":"https:\/\/schema.org","@graph":[{"@type":"Article","@id":"https:\/\/news.ecclesia.org.br\/?p=23449#article","isPartOf":{"@id":"https:\/\/news.ecclesia.org.br\/?p=23449"},"author":{"name":"Pe. Andr\u00e9","@id":"https:\/\/news.ecclesia.org.br\/#\/schema\/person\/6f09597f025829745ba414a569f63758"},"headline":"Cristianismo Bizantino: institui\u00e7\u00f5es, imagens e migra\u00e7\u00f5es","datePublished":"2017-06-03T16:23:03+00:00","dateModified":"2017-06-03T16:27:12+00:00","mainEntityOfPage":{"@id":"https:\/\/news.ecclesia.org.br\/?p=23449"},"wordCount":355,"commentCount":0,"publisher":{"@id":"https:\/\/news.ecclesia.org.br\/#organization"},"image":{"@id":"https:\/\/news.ecclesia.org.br\/?p=23449#primaryimage"},"thumbnailUrl":"https:\/\/news.ecclesia.org.br\/2013\/wp-content\/uploads\/2017\/06\/007-260x300.jpg","articleSection":["NEWS"],"inLanguage":"pt-BR","potentialAction":[{"@type":"CommentAction","name":"Comment","target":["https:\/\/news.ecclesia.org.br\/?p=23449#respond"]}]},{"@type":"WebPage","@id":"https:\/\/news.ecclesia.org.br\/?p=23449","url":"https:\/\/news.ecclesia.org.br\/?p=23449","name":"Cristianismo Bizantino: institui\u00e7\u00f5es, imagens e migra\u00e7\u00f5es | ECCLESIA NEWS","isPartOf":{"@id":"https:\/\/news.ecclesia.org.br\/#website"},"primaryImageOfPage":{"@id":"https:\/\/news.ecclesia.org.br\/?p=23449#primaryimage"},"image":{"@id":"https:\/\/news.ecclesia.org.br\/?p=23449#primaryimage"},"thumbnailUrl":"https:\/\/news.ecclesia.org.br\/2013\/wp-content\/uploads\/2017\/06\/007-260x300.jpg","datePublished":"2017-06-03T16:23:03+00:00","dateModified":"2017-06-03T16:27:12+00:00","breadcrumb":{"@id":"https:\/\/news.ecclesia.org.br\/?p=23449#breadcrumb"},"inLanguage":"pt-BR","potentialAction":[{"@type":"ReadAction","target":["https:\/\/news.ecclesia.org.br\/?p=23449"]}]},{"@type":"ImageObject","inLanguage":"pt-BR","@id":"https:\/\/news.ecclesia.org.br\/?p=23449#primaryimage","url":"","contentUrl":""},{"@type":"BreadcrumbList","@id":"https:\/\/news.ecclesia.org.br\/?p=23449#breadcrumb","itemListElement":[{"@type":"ListItem","position":1,"name":"In\u00edcio","item":"https:\/\/news.ecclesia.org.br\/"},{"@type":"ListItem","position":2,"name":"Cristianismo Bizantino: institui\u00e7\u00f5es, imagens e migra\u00e7\u00f5es"}]},{"@type":"WebSite","@id":"https:\/\/news.ecclesia.org.br\/#website","url":"https:\/\/news.ecclesia.org.br\/","name":"Ecclesia Brasil","description":"Desde 2003 onectando o Brasil ao mundo ortodoxo!","publisher":{"@id":"https:\/\/news.ecclesia.org.br\/#organization"},"alternateName":"Ecclesia","potentialAction":[{"@type":"SearchAction","target":{"@type":"EntryPoint","urlTemplate":"https:\/\/news.ecclesia.org.br\/?s={search_term_string}"},"query-input":{"@type":"PropertyValueSpecification","valueRequired":true,"valueName":"search_term_string"}}],"inLanguage":"pt-BR"},{"@type":"Organization","@id":"https:\/\/news.ecclesia.org.br\/#organization","name":"Sacra Arquidiocese de Buenos Aires e Am\u00e9rica do Sul | Patriarcado Ecum\u00eanico","alternateName":"News Ecclesia Brasil","url":"https:\/\/news.ecclesia.org.br\/","logo":{"@type":"ImageObject","inLanguage":"pt-BR","@id":"https:\/\/news.ecclesia.org.br\/#\/schema\/logo\/image\/","url":"https:\/\/news.ecclesia.org.br\/wp-content\/uploads\/2025\/05\/ecclesia2.png","contentUrl":"https:\/\/news.ecclesia.org.br\/wp-content\/uploads\/2025\/05\/ecclesia2.png","width":480,"height":120,"caption":"Sacra Arquidiocese de Buenos Aires e Am\u00e9rica do Sul | Patriarcado Ecum\u00eanico"},"image":{"@id":"https:\/\/news.ecclesia.org.br\/#\/schema\/logo\/image\/"},"sameAs":["https:\/\/www.facebook.com\/Ecclesia2025","https:\/\/x.com\/EcclesiaNews","https:\/\/br.pinterest.com\/ekklisia\/","https:\/\/www.youtube.com\/@EcclesiaBrasil"]},{"@type":"Person","@id":"https:\/\/news.ecclesia.org.br\/#\/schema\/person\/6f09597f025829745ba414a569f63758","name":"Pe. Andr\u00e9","image":{"@type":"ImageObject","inLanguage":"pt-BR","@id":"https:\/\/secure.gravatar.com\/avatar\/b4327cfa27e9799da239a26adcd534fc29cdc0c4a4a148eecbcfeb9b42c617ac?s=96&d=mm&r=g","url":"https:\/\/secure.gravatar.com\/avatar\/b4327cfa27e9799da239a26adcd534fc29cdc0c4a4a148eecbcfeb9b42c617ac?s=96&d=mm&r=g","contentUrl":"https:\/\/secure.gravatar.com\/avatar\/b4327cfa27e9799da239a26adcd534fc29cdc0c4a4a148eecbcfeb9b42c617ac?s=96&d=mm&r=g","caption":"Pe. Andr\u00e9"},"sameAs":["https:\/\/www.ecclesia.org.br"]}]}},"_links":{"self":[{"href":"https:\/\/news.ecclesia.org.br\/index.php?rest_route=\/wp\/v2\/posts\/23449","targetHints":{"allow":["GET"]}}],"collection":[{"href":"https:\/\/news.ecclesia.org.br\/index.php?rest_route=\/wp\/v2\/posts"}],"about":[{"href":"https:\/\/news.ecclesia.org.br\/index.php?rest_route=\/wp\/v2\/types\/post"}],"author":[{"embeddable":true,"href":"https:\/\/news.ecclesia.org.br\/index.php?rest_route=\/wp\/v2\/users\/1"}],"replies":[{"embeddable":true,"href":"https:\/\/news.ecclesia.org.br\/index.php?rest_route=%2Fwp%2Fv2%2Fcomments&post=23449"}],"version-history":[{"count":0,"href":"https:\/\/news.ecclesia.org.br\/index.php?rest_route=\/wp\/v2\/posts\/23449\/revisions"}],"wp:attachment":[{"href":"https:\/\/news.ecclesia.org.br\/index.php?rest_route=%2Fwp%2Fv2%2Fmedia&parent=23449"}],"wp:term":[{"taxonomy":"category","embeddable":true,"href":"https:\/\/news.ecclesia.org.br\/index.php?rest_route=%2Fwp%2Fv2%2Fcategories&post=23449"},{"taxonomy":"post_tag","embeddable":true,"href":"https:\/\/news.ecclesia.org.br\/index.php?rest_route=%2Fwp%2Fv2%2Ftags&post=23449"}],"curies":[{"name":"wp","href":"https:\/\/api.w.org\/{rel}","templated":true}]}}