{"id":23445,"date":"2017-05-28T14:01:42","date_gmt":"2017-05-28T14:01:42","guid":{"rendered":"https:\/\/news.ecclesia.org.br\/2013\/?p=23445"},"modified":"2017-05-28T14:01:42","modified_gmt":"2017-05-28T14:01:42","slug":"patriarca-ecumenico-bartolomeu-i-visita-a-alemanha-nas-comemoracoes-do-500o-aniversario-da-reforma","status":"publish","type":"post","link":"https:\/\/news.ecclesia.org.br\/?p=23445","title":{"rendered":"Patriarca Ecum\u00eanico Bartolomeu I visita a Alemanha nas comemora\u00e7\u00f5es do 500\u00ba Anivers\u00e1rio da Reforma"},"content":{"rendered":"<figure id=\"attachment_23446\" aria-describedby=\"caption-attachment-23446\" style=\"width: 300px\" class=\"wp-caption alignleft\"><a href=\"https:\/\/news.ecclesia.org.br\/2013\/wp-content\/uploads\/2017\/05\/patriarca-bartolomeu-1.jpg\"><img fetchpriority=\"high\" decoding=\"async\" class=\"size-medium wp-image-23446\" src=\"https:\/\/news.ecclesia.org.br\/2013\/wp-content\/uploads\/2017\/05\/patriarca-bartolomeu-1-300x226.jpg\" alt=\"\" width=\"300\" height=\"226\" srcset=\"https:\/\/news.ecclesia.org.br\/wp-content\/uploads\/2017\/05\/patriarca-bartolomeu-1-300x226.jpg 300w, https:\/\/news.ecclesia.org.br\/wp-content\/uploads\/2017\/05\/patriarca-bartolomeu-1-768x578.jpg 768w, https:\/\/news.ecclesia.org.br\/wp-content\/uploads\/2017\/05\/patriarca-bartolomeu-1-1024x771.jpg 1024w, https:\/\/news.ecclesia.org.br\/wp-content\/uploads\/2017\/05\/patriarca-bartolomeu-1-600x452.jpg 600w, https:\/\/news.ecclesia.org.br\/wp-content\/uploads\/2017\/05\/patriarca-bartolomeu-1-73x55.jpg 73w, https:\/\/news.ecclesia.org.br\/wp-content\/uploads\/2017\/05\/patriarca-bartolomeu-1.jpg 1060w\" sizes=\"(max-width: 300px) 100vw, 300px\" \/><\/a><figcaption id=\"caption-attachment-23446\" class=\"wp-caption-text\">S. Santidade o Patriarca Ecum\u00eanico Bartolomeu I<\/figcaption><\/figure>\n<p style=\"text-align: justify;\">26 de maio de 2017 &#8212; Durante sua visita a Constantinopla, em setembro de 2016, Heinrich Bedford-Strohm, presidente do Conselho da Igreja Evang\u00e9lica da Alemanha, disse que seria &#8220;uma honra especial para n\u00f3s a visita do Patriarca Ecum\u00eanico Bartolomeu I, em maio 2017, \u00e0 Wittenberg e T\u00fcbingen, nas celebra\u00e7\u00f5es do 500\u00ba Anivers\u00e1rio da Reforma&#8221;. Assim, a convite da Igreja Evang\u00e9lica da Alemanha (EKD), o Patriarca realiza nesta pr\u00f3xima semana um visita oficial \u00e0 Alemanha. Neste domingo, 28 de maio de 2017, \u00a0ser\u00e1 em Stuttgart, e na segunda-feira, 29 de maio, o Patriarca ser\u00e1 homenageado com o t\u00edtulo de <em>doutor honoris causa<\/em> pela hist\u00f3rica Faculdade Evang\u00e9lica de teologia de T\u00fcbingen. Nesta ocasi\u00e3o ser\u00e1 apresentado a ele a tradu\u00e7\u00e3o alem\u00e3 de seu livro <em>&#8220;Ao Encontro do Mist\u00e9rio&#8221;<\/em>. Em seguida, ter\u00e1 in\u00edcio um simp\u00f3sio de dois dias que reunir\u00e1 te\u00f3logos evang\u00e9licos e ortodoxos. O convite para Wittenberg e T\u00fcbingen lembra os primeiros contatos entre ortodoxos e reformados que teve in\u00edcio com os te\u00f3logos Martin Crusius e Jakob Andreae, em 1573, trocando correspond\u00eancia com o Patriarca Jeremias II, de Constantinopla. A Igreja Evang\u00e9lica na Alemanha, desde 1969, tem seguido com o di\u00e1logo teol\u00f3gico bilateral com o Patriarcado Ecum\u00eanico. O Patriarca visitar\u00e1 a Par\u00f3quia Ortodoxa de Reutlingen na pr\u00f3xima ter\u00e7a-feira, 30 maio, \u00e0s 4 horas da tarde.<\/p>\n<hr \/>\n<p style=\"text-align: right;\">Fonte: <a href=\"http:\/\/orthodoxie.com\/\" target=\"_blank\" rel=\"noopener noreferrer\">Orthodoxie.com<\/a> e <a href=\"http:\/\/fanarion.blogspot.com.br\/\" target=\"_blank\" rel=\"noopener noreferrer\">\u03a6\u03c9\u03c2 \u03a6\u03b1\u03bd\u03b1\u03c1\u03af\u03bf\u03c5<\/a><\/p>\n","protected":false},"excerpt":{"rendered":"<p>26 de maio de 2017 &#8212; Durante sua visita a Constantinopla, em setembro de 2016, Heinrich Bedford-Strohm, presidente do Conselho da Igreja Evang\u00e9lica da Alemanha, disse que seria &#8220;uma honra especial para n\u00f3s a visita do Patriarca Ecum\u00eanico Bartolomeu I,&#8230;<\/p>\n","protected":false},"author":1,"featured_media":23446,"comment_status":"open","ping_status":"open","sticky":false,"template":"","format":"standard","meta":{"_acf_changed":false,"footnotes":""},"categories":[72],"tags":[],"class_list":["post-23445","post","type-post","status-publish","format-standard","has-post-thumbnail","hentry","category-patriarcado-ecumenico","entry","rows-excerpt"],"acf":[],"yoast_head":"<!-- This site is optimized with the Yoast SEO plugin v27.4 - https:\/\/yoast.com\/product\/yoast-seo-wordpress\/ -->\n<title>Patriarca Ecum\u00eanico Bartolomeu I visita a Alemanha nas comemora\u00e7\u00f5es do 500\u00ba Anivers\u00e1rio da Reforma | ECCLESIA NEWS<\/title>\n<meta name=\"robots\" content=\"index, follow, max-snippet:-1, max-image-preview:large, max-video-preview:-1\" \/>\n<link rel=\"canonical\" href=\"https:\/\/news.ecclesia.org.br\/?p=23445\" \/>\n<meta property=\"og:locale\" content=\"pt_BR\" \/>\n<meta property=\"og:type\" content=\"article\" \/>\n<meta property=\"og:title\" content=\"Patriarca Ecum\u00eanico Bartolomeu I visita a Alemanha nas comemora\u00e7\u00f5es do 500\u00ba Anivers\u00e1rio da Reforma | ECCLESIA NEWS\" \/>\n<meta property=\"og:description\" content=\"26 de maio de 2017 &#8212; Durante sua visita a Constantinopla, em setembro de 2016, Heinrich Bedford-Strohm, presidente do Conselho da Igreja Evang\u00e9lica da Alemanha, disse que seria &#8220;uma honra especial para n\u00f3s a visita do Patriarca Ecum\u00eanico Bartolomeu I,&#8230;\" \/>\n<meta property=\"og:url\" content=\"https:\/\/news.ecclesia.org.br\/?p=23445\" \/>\n<meta property=\"og:site_name\" content=\"ECCLESIA NEWS\" \/>\n<meta property=\"article:publisher\" content=\"https:\/\/www.facebook.com\/Ecclesia2025\" \/>\n<meta property=\"article:published_time\" content=\"2017-05-28T14:01:42+00:00\" \/>\n<meta property=\"og:image\" content=\"https:\/\/news.ecclesia.org.br\/wp-content\/uploads\/2017\/05\/patriarca-bartolomeu-1.jpg\" \/>\n\t<meta property=\"og:image:width\" content=\"1060\" \/>\n\t<meta property=\"og:image:height\" content=\"798\" \/>\n\t<meta property=\"og:image:type\" content=\"image\/jpeg\" \/>\n<meta name=\"author\" content=\"Pe. Andr\u00e9\" \/>\n<meta name=\"twitter:card\" content=\"summary_large_image\" \/>\n<meta name=\"twitter:creator\" content=\"@EcclesiaNews\" \/>\n<meta name=\"twitter:site\" content=\"@EcclesiaNews\" \/>\n<meta name=\"twitter:label1\" content=\"Escrito por\" \/>\n\t<meta name=\"twitter:data1\" content=\"Pe. Andr\u00e9\" \/>\n\t<meta name=\"twitter:label2\" content=\"Est. tempo de leitura\" \/>\n\t<meta name=\"twitter:data2\" content=\"1 minuto\" \/>\n<script type=\"application\/ld+json\" class=\"yoast-schema-graph\">{\"@context\":\"https:\\\/\\\/schema.org\",\"@graph\":[{\"@type\":\"Article\",\"@id\":\"https:\\\/\\\/news.ecclesia.org.br\\\/?p=23445#article\",\"isPartOf\":{\"@id\":\"https:\\\/\\\/news.ecclesia.org.br\\\/?p=23445\"},\"author\":{\"name\":\"Pe. Andr\u00e9\",\"@id\":\"https:\\\/\\\/news.ecclesia.org.br\\\/#\\\/schema\\\/person\\\/6f09597f025829745ba414a569f63758\"},\"headline\":\"Patriarca Ecum\u00eanico Bartolomeu I visita a Alemanha nas comemora\u00e7\u00f5es do 500\u00ba Anivers\u00e1rio da Reforma\",\"datePublished\":\"2017-05-28T14:01:42+00:00\",\"mainEntityOfPage\":{\"@id\":\"https:\\\/\\\/news.ecclesia.org.br\\\/?p=23445\"},\"wordCount\":263,\"commentCount\":0,\"publisher\":{\"@id\":\"https:\\\/\\\/news.ecclesia.org.br\\\/#organization\"},\"image\":{\"@id\":\"https:\\\/\\\/news.ecclesia.org.br\\\/?p=23445#primaryimage\"},\"thumbnailUrl\":\"https:\\\/\\\/news.ecclesia.org.br\\\/wp-content\\\/uploads\\\/2017\\\/05\\\/patriarca-bartolomeu-1.jpg\",\"articleSection\":[\"Patriarcado Ecum\u00eanico\"],\"inLanguage\":\"pt-BR\",\"potentialAction\":[{\"@type\":\"CommentAction\",\"name\":\"Comment\",\"target\":[\"https:\\\/\\\/news.ecclesia.org.br\\\/?p=23445#respond\"]}]},{\"@type\":\"WebPage\",\"@id\":\"https:\\\/\\\/news.ecclesia.org.br\\\/?p=23445\",\"url\":\"https:\\\/\\\/news.ecclesia.org.br\\\/?p=23445\",\"name\":\"Patriarca Ecum\u00eanico Bartolomeu I visita a Alemanha nas comemora\u00e7\u00f5es do 500\u00ba Anivers\u00e1rio da Reforma | ECCLESIA NEWS\",\"isPartOf\":{\"@id\":\"https:\\\/\\\/news.ecclesia.org.br\\\/#website\"},\"primaryImageOfPage\":{\"@id\":\"https:\\\/\\\/news.ecclesia.org.br\\\/?p=23445#primaryimage\"},\"image\":{\"@id\":\"https:\\\/\\\/news.ecclesia.org.br\\\/?p=23445#primaryimage\"},\"thumbnailUrl\":\"https:\\\/\\\/news.ecclesia.org.br\\\/wp-content\\\/uploads\\\/2017\\\/05\\\/patriarca-bartolomeu-1.jpg\",\"datePublished\":\"2017-05-28T14:01:42+00:00\",\"breadcrumb\":{\"@id\":\"https:\\\/\\\/news.ecclesia.org.br\\\/?p=23445#breadcrumb\"},\"inLanguage\":\"pt-BR\",\"potentialAction\":[{\"@type\":\"ReadAction\",\"target\":[\"https:\\\/\\\/news.ecclesia.org.br\\\/?p=23445\"]}]},{\"@type\":\"ImageObject\",\"inLanguage\":\"pt-BR\",\"@id\":\"https:\\\/\\\/news.ecclesia.org.br\\\/?p=23445#primaryimage\",\"url\":\"https:\\\/\\\/news.ecclesia.org.br\\\/wp-content\\\/uploads\\\/2017\\\/05\\\/patriarca-bartolomeu-1.jpg\",\"contentUrl\":\"https:\\\/\\\/news.ecclesia.org.br\\\/wp-content\\\/uploads\\\/2017\\\/05\\\/patriarca-bartolomeu-1.jpg\",\"width\":1060,\"height\":798,\"caption\":\"S. Santidade o Patriarca Ecum\u00eanico Bartolomeu I\"},{\"@type\":\"BreadcrumbList\",\"@id\":\"https:\\\/\\\/news.ecclesia.org.br\\\/?p=23445#breadcrumb\",\"itemListElement\":[{\"@type\":\"ListItem\",\"position\":1,\"name\":\"In\u00edcio\",\"item\":\"https:\\\/\\\/news.ecclesia.org.br\\\/\"},{\"@type\":\"ListItem\",\"position\":2,\"name\":\"Patriarca Ecum\u00eanico Bartolomeu I visita a Alemanha nas comemora\u00e7\u00f5es do 500\u00ba Anivers\u00e1rio da Reforma\"}]},{\"@type\":\"WebSite\",\"@id\":\"https:\\\/\\\/news.ecclesia.org.br\\\/#website\",\"url\":\"https:\\\/\\\/news.ecclesia.org.br\\\/\",\"name\":\"Ecclesia Brasil\",\"description\":\"Desde 2003 onectando o Brasil ao mundo ortodoxo!\",\"publisher\":{\"@id\":\"https:\\\/\\\/news.ecclesia.org.br\\\/#organization\"},\"alternateName\":\"Ecclesia\",\"potentialAction\":[{\"@type\":\"SearchAction\",\"target\":{\"@type\":\"EntryPoint\",\"urlTemplate\":\"https:\\\/\\\/news.ecclesia.org.br\\\/?s={search_term_string}\"},\"query-input\":{\"@type\":\"PropertyValueSpecification\",\"valueRequired\":true,\"valueName\":\"search_term_string\"}}],\"inLanguage\":\"pt-BR\"},{\"@type\":\"Organization\",\"@id\":\"https:\\\/\\\/news.ecclesia.org.br\\\/#organization\",\"name\":\"Sacra Arquidiocese de Buenos Aires e Am\u00e9rica do Sul | Patriarcado Ecum\u00eanico\",\"alternateName\":\"News Ecclesia Brasil\",\"url\":\"https:\\\/\\\/news.ecclesia.org.br\\\/\",\"logo\":{\"@type\":\"ImageObject\",\"inLanguage\":\"pt-BR\",\"@id\":\"https:\\\/\\\/news.ecclesia.org.br\\\/#\\\/schema\\\/logo\\\/image\\\/\",\"url\":\"https:\\\/\\\/news.ecclesia.org.br\\\/wp-content\\\/uploads\\\/2025\\\/05\\\/ecclesia2.png\",\"contentUrl\":\"https:\\\/\\\/news.ecclesia.org.br\\\/wp-content\\\/uploads\\\/2025\\\/05\\\/ecclesia2.png\",\"width\":480,\"height\":120,\"caption\":\"Sacra Arquidiocese de Buenos Aires e Am\u00e9rica do Sul | Patriarcado Ecum\u00eanico\"},\"image\":{\"@id\":\"https:\\\/\\\/news.ecclesia.org.br\\\/#\\\/schema\\\/logo\\\/image\\\/\"},\"sameAs\":[\"https:\\\/\\\/www.facebook.com\\\/Ecclesia2025\",\"https:\\\/\\\/x.com\\\/EcclesiaNews\",\"https:\\\/\\\/br.pinterest.com\\\/ekklisia\\\/\",\"https:\\\/\\\/www.youtube.com\\\/@EcclesiaBrasil\"]},{\"@type\":\"Person\",\"@id\":\"https:\\\/\\\/news.ecclesia.org.br\\\/#\\\/schema\\\/person\\\/6f09597f025829745ba414a569f63758\",\"name\":\"Pe. Andr\u00e9\",\"image\":{\"@type\":\"ImageObject\",\"inLanguage\":\"pt-BR\",\"@id\":\"https:\\\/\\\/secure.gravatar.com\\\/avatar\\\/b4327cfa27e9799da239a26adcd534fc29cdc0c4a4a148eecbcfeb9b42c617ac?s=96&d=mm&r=g\",\"url\":\"https:\\\/\\\/secure.gravatar.com\\\/avatar\\\/b4327cfa27e9799da239a26adcd534fc29cdc0c4a4a148eecbcfeb9b42c617ac?s=96&d=mm&r=g\",\"contentUrl\":\"https:\\\/\\\/secure.gravatar.com\\\/avatar\\\/b4327cfa27e9799da239a26adcd534fc29cdc0c4a4a148eecbcfeb9b42c617ac?s=96&d=mm&r=g\",\"caption\":\"Pe. Andr\u00e9\"},\"sameAs\":[\"https:\\\/\\\/www.ecclesia.org.br\"]}]}<\/script>\n<!-- \/ Yoast SEO plugin. -->","yoast_head_json":{"title":"Patriarca Ecum\u00eanico Bartolomeu I visita a Alemanha nas comemora\u00e7\u00f5es do 500\u00ba Anivers\u00e1rio da Reforma | ECCLESIA NEWS","robots":{"index":"index","follow":"follow","max-snippet":"max-snippet:-1","max-image-preview":"max-image-preview:large","max-video-preview":"max-video-preview:-1"},"canonical":"https:\/\/news.ecclesia.org.br\/?p=23445","og_locale":"pt_BR","og_type":"article","og_title":"Patriarca Ecum\u00eanico Bartolomeu I visita a Alemanha nas comemora\u00e7\u00f5es do 500\u00ba Anivers\u00e1rio da Reforma | ECCLESIA NEWS","og_description":"26 de maio de 2017 &#8212; Durante sua visita a Constantinopla, em setembro de 2016, Heinrich Bedford-Strohm, presidente do Conselho da Igreja Evang\u00e9lica da Alemanha, disse que seria &#8220;uma honra especial para n\u00f3s a visita do Patriarca Ecum\u00eanico Bartolomeu I,&#8230;","og_url":"https:\/\/news.ecclesia.org.br\/?p=23445","og_site_name":"ECCLESIA NEWS","article_publisher":"https:\/\/www.facebook.com\/Ecclesia2025","article_published_time":"2017-05-28T14:01:42+00:00","og_image":[{"width":1060,"height":798,"url":"https:\/\/news.ecclesia.org.br\/wp-content\/uploads\/2017\/05\/patriarca-bartolomeu-1.jpg","type":"image\/jpeg"}],"author":"Pe. Andr\u00e9","twitter_card":"summary_large_image","twitter_creator":"@EcclesiaNews","twitter_site":"@EcclesiaNews","twitter_misc":{"Escrito por":"Pe. Andr\u00e9","Est. tempo de leitura":"1 minuto"},"schema":{"@context":"https:\/\/schema.org","@graph":[{"@type":"Article","@id":"https:\/\/news.ecclesia.org.br\/?p=23445#article","isPartOf":{"@id":"https:\/\/news.ecclesia.org.br\/?p=23445"},"author":{"name":"Pe. Andr\u00e9","@id":"https:\/\/news.ecclesia.org.br\/#\/schema\/person\/6f09597f025829745ba414a569f63758"},"headline":"Patriarca Ecum\u00eanico Bartolomeu I visita a Alemanha nas comemora\u00e7\u00f5es do 500\u00ba Anivers\u00e1rio da Reforma","datePublished":"2017-05-28T14:01:42+00:00","mainEntityOfPage":{"@id":"https:\/\/news.ecclesia.org.br\/?p=23445"},"wordCount":263,"commentCount":0,"publisher":{"@id":"https:\/\/news.ecclesia.org.br\/#organization"},"image":{"@id":"https:\/\/news.ecclesia.org.br\/?p=23445#primaryimage"},"thumbnailUrl":"https:\/\/news.ecclesia.org.br\/wp-content\/uploads\/2017\/05\/patriarca-bartolomeu-1.jpg","articleSection":["Patriarcado Ecum\u00eanico"],"inLanguage":"pt-BR","potentialAction":[{"@type":"CommentAction","name":"Comment","target":["https:\/\/news.ecclesia.org.br\/?p=23445#respond"]}]},{"@type":"WebPage","@id":"https:\/\/news.ecclesia.org.br\/?p=23445","url":"https:\/\/news.ecclesia.org.br\/?p=23445","name":"Patriarca Ecum\u00eanico Bartolomeu I visita a Alemanha nas comemora\u00e7\u00f5es do 500\u00ba Anivers\u00e1rio da Reforma | ECCLESIA NEWS","isPartOf":{"@id":"https:\/\/news.ecclesia.org.br\/#website"},"primaryImageOfPage":{"@id":"https:\/\/news.ecclesia.org.br\/?p=23445#primaryimage"},"image":{"@id":"https:\/\/news.ecclesia.org.br\/?p=23445#primaryimage"},"thumbnailUrl":"https:\/\/news.ecclesia.org.br\/wp-content\/uploads\/2017\/05\/patriarca-bartolomeu-1.jpg","datePublished":"2017-05-28T14:01:42+00:00","breadcrumb":{"@id":"https:\/\/news.ecclesia.org.br\/?p=23445#breadcrumb"},"inLanguage":"pt-BR","potentialAction":[{"@type":"ReadAction","target":["https:\/\/news.ecclesia.org.br\/?p=23445"]}]},{"@type":"ImageObject","inLanguage":"pt-BR","@id":"https:\/\/news.ecclesia.org.br\/?p=23445#primaryimage","url":"https:\/\/news.ecclesia.org.br\/wp-content\/uploads\/2017\/05\/patriarca-bartolomeu-1.jpg","contentUrl":"https:\/\/news.ecclesia.org.br\/wp-content\/uploads\/2017\/05\/patriarca-bartolomeu-1.jpg","width":1060,"height":798,"caption":"S. Santidade o Patriarca Ecum\u00eanico Bartolomeu I"},{"@type":"BreadcrumbList","@id":"https:\/\/news.ecclesia.org.br\/?p=23445#breadcrumb","itemListElement":[{"@type":"ListItem","position":1,"name":"In\u00edcio","item":"https:\/\/news.ecclesia.org.br\/"},{"@type":"ListItem","position":2,"name":"Patriarca Ecum\u00eanico Bartolomeu I visita a Alemanha nas comemora\u00e7\u00f5es do 500\u00ba Anivers\u00e1rio da Reforma"}]},{"@type":"WebSite","@id":"https:\/\/news.ecclesia.org.br\/#website","url":"https:\/\/news.ecclesia.org.br\/","name":"Ecclesia Brasil","description":"Desde 2003 onectando o Brasil ao mundo ortodoxo!","publisher":{"@id":"https:\/\/news.ecclesia.org.br\/#organization"},"alternateName":"Ecclesia","potentialAction":[{"@type":"SearchAction","target":{"@type":"EntryPoint","urlTemplate":"https:\/\/news.ecclesia.org.br\/?s={search_term_string}"},"query-input":{"@type":"PropertyValueSpecification","valueRequired":true,"valueName":"search_term_string"}}],"inLanguage":"pt-BR"},{"@type":"Organization","@id":"https:\/\/news.ecclesia.org.br\/#organization","name":"Sacra Arquidiocese de Buenos Aires e Am\u00e9rica do Sul | Patriarcado Ecum\u00eanico","alternateName":"News Ecclesia Brasil","url":"https:\/\/news.ecclesia.org.br\/","logo":{"@type":"ImageObject","inLanguage":"pt-BR","@id":"https:\/\/news.ecclesia.org.br\/#\/schema\/logo\/image\/","url":"https:\/\/news.ecclesia.org.br\/wp-content\/uploads\/2025\/05\/ecclesia2.png","contentUrl":"https:\/\/news.ecclesia.org.br\/wp-content\/uploads\/2025\/05\/ecclesia2.png","width":480,"height":120,"caption":"Sacra Arquidiocese de Buenos Aires e Am\u00e9rica do Sul | Patriarcado Ecum\u00eanico"},"image":{"@id":"https:\/\/news.ecclesia.org.br\/#\/schema\/logo\/image\/"},"sameAs":["https:\/\/www.facebook.com\/Ecclesia2025","https:\/\/x.com\/EcclesiaNews","https:\/\/br.pinterest.com\/ekklisia\/","https:\/\/www.youtube.com\/@EcclesiaBrasil"]},{"@type":"Person","@id":"https:\/\/news.ecclesia.org.br\/#\/schema\/person\/6f09597f025829745ba414a569f63758","name":"Pe. Andr\u00e9","image":{"@type":"ImageObject","inLanguage":"pt-BR","@id":"https:\/\/secure.gravatar.com\/avatar\/b4327cfa27e9799da239a26adcd534fc29cdc0c4a4a148eecbcfeb9b42c617ac?s=96&d=mm&r=g","url":"https:\/\/secure.gravatar.com\/avatar\/b4327cfa27e9799da239a26adcd534fc29cdc0c4a4a148eecbcfeb9b42c617ac?s=96&d=mm&r=g","contentUrl":"https:\/\/secure.gravatar.com\/avatar\/b4327cfa27e9799da239a26adcd534fc29cdc0c4a4a148eecbcfeb9b42c617ac?s=96&d=mm&r=g","caption":"Pe. Andr\u00e9"},"sameAs":["https:\/\/www.ecclesia.org.br"]}]}},"_links":{"self":[{"href":"https:\/\/news.ecclesia.org.br\/index.php?rest_route=\/wp\/v2\/posts\/23445","targetHints":{"allow":["GET"]}}],"collection":[{"href":"https:\/\/news.ecclesia.org.br\/index.php?rest_route=\/wp\/v2\/posts"}],"about":[{"href":"https:\/\/news.ecclesia.org.br\/index.php?rest_route=\/wp\/v2\/types\/post"}],"author":[{"embeddable":true,"href":"https:\/\/news.ecclesia.org.br\/index.php?rest_route=\/wp\/v2\/users\/1"}],"replies":[{"embeddable":true,"href":"https:\/\/news.ecclesia.org.br\/index.php?rest_route=%2Fwp%2Fv2%2Fcomments&post=23445"}],"version-history":[{"count":0,"href":"https:\/\/news.ecclesia.org.br\/index.php?rest_route=\/wp\/v2\/posts\/23445\/revisions"}],"wp:featuredmedia":[{"embeddable":true,"href":"https:\/\/news.ecclesia.org.br\/index.php?rest_route=\/wp\/v2\/media\/23446"}],"wp:attachment":[{"href":"https:\/\/news.ecclesia.org.br\/index.php?rest_route=%2Fwp%2Fv2%2Fmedia&parent=23445"}],"wp:term":[{"taxonomy":"category","embeddable":true,"href":"https:\/\/news.ecclesia.org.br\/index.php?rest_route=%2Fwp%2Fv2%2Fcategories&post=23445"},{"taxonomy":"post_tag","embeddable":true,"href":"https:\/\/news.ecclesia.org.br\/index.php?rest_route=%2Fwp%2Fv2%2Ftags&post=23445"}],"curies":[{"name":"wp","href":"https:\/\/api.w.org\/{rel}","templated":true}]}}