{"id":23431,"date":"2017-05-21T22:20:17","date_gmt":"2017-05-21T22:20:17","guid":{"rendered":"https:\/\/news.ecclesia.org.br\/2013\/?p=23431"},"modified":"2017-05-21T22:21:55","modified_gmt":"2017-05-21T22:21:55","slug":"patriarca-kirillos-recebe-em-moscou-as-reliquias-de-sao-nicolau","status":"publish","type":"post","link":"https:\/\/news.ecclesia.org.br\/?p=23431","title":{"rendered":"Patriarca Kirillos recebe em Moscou as rel\u00edquias de S\u00e3o Nicolau"},"content":{"rendered":"<p style=\"text-align: right;\"><strong>Fonte<\/strong>: Ag\u00eancia de Not\u00edcias Russa TASS<\/p>\n<p style=\"text-align: justify;\"><strong>A Catedral de Cristo Salvador, com capacidade para 10.000 fi\u00e9is, estava lotada. Muitos n\u00e3o encontraram lugar e se reuniram ao redor dela, em ruas adjacentes.<\/strong><\/p>\n<figure id=\"attachment_23432\" aria-describedby=\"caption-attachment-23432\" style=\"width: 600px\" class=\"wp-caption aligncenter\"><a href=\"https:\/\/news.ecclesia.org.br\/2013\/wp-content\/uploads\/2017\/05\/patriarca-kirillo.jpg\" target=\"_blank\" rel=\"noopener noreferrer\"><img fetchpriority=\"high\" decoding=\"async\" class=\"wp-image-23432 size-full\" src=\"https:\/\/news.ecclesia.org.br\/2013\/wp-content\/uploads\/2017\/05\/patriarca-kirillo.jpg\" alt=\"\" width=\"600\" height=\"385\" srcset=\"https:\/\/news.ecclesia.org.br\/wp-content\/uploads\/2017\/05\/patriarca-kirillo.jpg 600w, https:\/\/news.ecclesia.org.br\/wp-content\/uploads\/2017\/05\/patriarca-kirillo-300x193.jpg 300w, https:\/\/news.ecclesia.org.br\/wp-content\/uploads\/2017\/05\/patriarca-kirillo-86x55.jpg 86w, https:\/\/news.ecclesia.org.br\/wp-content\/uploads\/2017\/05\/patriarca-kirillo-60x40.jpg 60w\" sizes=\"(max-width: 600px) 100vw, 600px\" \/><\/a><figcaption id=\"caption-attachment-23432\" class=\"wp-caption-text\">Foto: Artem Geodakyan\/TASS<\/figcaption><\/figure>\n<p style=\"text-align: justify;\">MOSCOU, 21 de maio \/ TASS \/. O Patriarca Kirillos de Moscou e de toda a R\u00fassia recebeu neste domingo as rel\u00edquias de S\u00e3o Nicolau, o Milagroso, um dos santos mais reverenciadas na R\u00fassia, na Catedral de Cristo Salvador de Moscou. As rel\u00edquias foram entregues pela Italiancity de Bari. Centenas de cl\u00e9rigos flanqueavam o caminho, at\u00e9 o portal da catedral, na passagem do \u00f4nibus que trazia\u00a0a arca com as rel\u00edquias de S\u00e3o Nicolau do aeroporto de <em>Vnukovo<\/em>. \u00a0Na entrada, quatro bispos tomaram em seus ombros a arca com as rel\u00edquias, conduzindo-a, em seguida, ao interior da Catedral.<\/p>\n<p style=\"text-align: justify;\">A catedral, com capacidade para\u00a010.000 fi\u00e9is, estava lotada. Muitos n\u00e3o encontraram lugar l\u00e1 em seu interior e se reuniram em sua volta, nas\u00a0ruas adjacentes. A chegada da rel\u00edquia foi celebrada pelos sinos de todas as igrejas de Moscou.<\/p>\n<p style=\"text-align: justify;\">No in\u00edcio do dia, uma aeronave realizou um\u00a0voo especial da cidade italiana de Bari (It\u00e1lia) trazendo a Moscou um fragmento das rel\u00edquias de S\u00e3o Nicolau, o Milagroso, um dos santos mais reverenciadas na R\u00fassia.<\/p>\n<figure id=\"attachment_23433\" aria-describedby=\"caption-attachment-23433\" style=\"width: 600px\" class=\"wp-caption aligncenter\"><a href=\"https:\/\/news.ecclesia.org.br\/2013\/wp-content\/uploads\/2017\/05\/reliquias-s-nicolau-01.jpg\"><img decoding=\"async\" class=\"wp-image-23433 size-full\" src=\"https:\/\/news.ecclesia.org.br\/2013\/wp-content\/uploads\/2017\/05\/reliquias-s-nicolau-01.jpg\" alt=\"\" width=\"600\" height=\"400\" srcset=\"https:\/\/news.ecclesia.org.br\/wp-content\/uploads\/2017\/05\/reliquias-s-nicolau-01.jpg 600w, https:\/\/news.ecclesia.org.br\/wp-content\/uploads\/2017\/05\/reliquias-s-nicolau-01-300x200.jpg 300w, https:\/\/news.ecclesia.org.br\/wp-content\/uploads\/2017\/05\/reliquias-s-nicolau-01-83x55.jpg 83w, https:\/\/news.ecclesia.org.br\/wp-content\/uploads\/2017\/05\/reliquias-s-nicolau-01-60x40.jpg 60w, https:\/\/news.ecclesia.org.br\/wp-content\/uploads\/2017\/05\/reliquias-s-nicolau-01-120x80.jpg 120w\" sizes=\"(max-width: 600px) 100vw, 600px\" \/><\/a><figcaption id=\"caption-attachment-23433\" class=\"wp-caption-text\">Foto: <a href=\"http:\/\/www.pravmir.com\/patriarch-kirill-welcomes-saint-nicholas-relics-moscow\/\" target=\"_blank\" rel=\"noopener noreferrer\">Pravmir<\/a><\/figcaption><\/figure>\n<p style=\"text-align: justify;\">A arca com a rel\u00edquia de S\u00e3o Nicolau, o Milagroso, foi retirada da Bas\u00edlica de Bari e, temporariamente, entregue aos representantes da Igreja Ortodoxa Russa. O acordo sem precedentes resultou\u00a0do <a href=\"https:\/\/news.ecclesia.org.br\/2013\/wp-content\/uploads\/2017\/05\/kirillo-e-francisco.jpg\" target=\"_blank\" rel=\"noopener noreferrer\">encontro hist\u00f3rico em Cuba entre o Patriarca Kirillos da Igreja Ortodoxa Russa e o Papa Francisco de Roma<\/a>. 12 de fevereiro de 2016.<\/p>\n<figure id=\"attachment_23434\" aria-describedby=\"caption-attachment-23434\" style=\"width: 600px\" class=\"wp-caption aligncenter\"><a href=\"https:\/\/news.ecclesia.org.br\/2013\/wp-content\/uploads\/2017\/05\/reliquias-s-nicolau-02.jpg\"><img decoding=\"async\" class=\"size-full wp-image-23434\" src=\"https:\/\/news.ecclesia.org.br\/2013\/wp-content\/uploads\/2017\/05\/reliquias-s-nicolau-02.jpg\" alt=\"\" width=\"600\" height=\"400\" srcset=\"https:\/\/news.ecclesia.org.br\/wp-content\/uploads\/2017\/05\/reliquias-s-nicolau-02.jpg 600w, https:\/\/news.ecclesia.org.br\/wp-content\/uploads\/2017\/05\/reliquias-s-nicolau-02-300x200.jpg 300w, https:\/\/news.ecclesia.org.br\/wp-content\/uploads\/2017\/05\/reliquias-s-nicolau-02-83x55.jpg 83w, https:\/\/news.ecclesia.org.br\/wp-content\/uploads\/2017\/05\/reliquias-s-nicolau-02-60x40.jpg 60w, https:\/\/news.ecclesia.org.br\/wp-content\/uploads\/2017\/05\/reliquias-s-nicolau-02-120x80.jpg 120w\" sizes=\"(max-width: 600px) 100vw, 600px\" \/><\/a><figcaption id=\"caption-attachment-23434\" class=\"wp-caption-text\">Foto: <a href=\"http:\/\/www.pravmir.com\/patriarch-kirill-welcomes-saint-nicholas-relics-moscow\/\" target=\"_blank\" rel=\"noopener noreferrer\">Pravmir<\/a><\/figcaption><\/figure>\n<p style=\"text-align: justify;\">Pela primeira vez, em quase mil anos, os ortodoxos na R\u00fassia poder\u00e3o venerar um dos santos mais importantes sem deixar seu pa\u00eds. A arca com a rel\u00edquia de S\u00e3o Nicolau \u00e9 confeccionada de metais preciosos e coberta com um vidro de prote\u00e7\u00e3o que permite aos fi\u00e9is ver a rel\u00edquia.<\/p>\n<figure id=\"attachment_23435\" aria-describedby=\"caption-attachment-23435\" style=\"width: 600px\" class=\"wp-caption aligncenter\"><a href=\"https:\/\/news.ecclesia.org.br\/2013\/wp-content\/uploads\/2017\/05\/reliquias-s-nicolau-03.jpg\"><img loading=\"lazy\" decoding=\"async\" class=\"size-full wp-image-23435\" src=\"https:\/\/news.ecclesia.org.br\/2013\/wp-content\/uploads\/2017\/05\/reliquias-s-nicolau-03.jpg\" alt=\"\" width=\"600\" height=\"400\" srcset=\"https:\/\/news.ecclesia.org.br\/wp-content\/uploads\/2017\/05\/reliquias-s-nicolau-03.jpg 600w, https:\/\/news.ecclesia.org.br\/wp-content\/uploads\/2017\/05\/reliquias-s-nicolau-03-300x200.jpg 300w, https:\/\/news.ecclesia.org.br\/wp-content\/uploads\/2017\/05\/reliquias-s-nicolau-03-83x55.jpg 83w, https:\/\/news.ecclesia.org.br\/wp-content\/uploads\/2017\/05\/reliquias-s-nicolau-03-60x40.jpg 60w, https:\/\/news.ecclesia.org.br\/wp-content\/uploads\/2017\/05\/reliquias-s-nicolau-03-120x80.jpg 120w\" sizes=\"(max-width: 600px) 100vw, 600px\" \/><\/a><figcaption id=\"caption-attachment-23435\" class=\"wp-caption-text\">Foto: <a href=\"http:\/\/www.pravmir.com\/patriarch-kirill-welcomes-saint-nicholas-relics-moscow\/\" target=\"_blank\" rel=\"noopener noreferrer\">Pravmir<\/a><\/figcaption><\/figure>\n<p style=\"text-align: justify;\">A arca estar\u00e1 em exposi\u00e7\u00e3o na Catedral de Cristo Salvador de Moscou at\u00e9 12 de julho. Depois, seguir\u00e1 para S\u00e3o Petesburgo onde as rel\u00edquias estar\u00e3o expostas para a venera\u00e7\u00e3o dos fi\u00e9is ortodoxos entre\u00a013 e 28 de julho.<\/p>\n<hr \/>\n<p style=\"text-align: right;\">Fonte: <a href=\"http:\/\/www.pravmir.com\/patriarch-kirill-welcomes-saint-nicholas-relics-moscow\/\" target=\"_blank\" rel=\"noopener noreferrer\">Pravmir<\/a><\/p>\n","protected":false},"excerpt":{"rendered":"<p>Fonte: Ag\u00eancia de Not\u00edcias Russa TASS A Catedral de Cristo Salvador, com capacidade para 10.000 fi\u00e9is, estava lotada. Muitos n\u00e3o encontraram lugar e se reuniram ao redor dela, em ruas adjacentes. MOSCOU, 21 de maio \/ TASS \/. O Patriarca&#8230;<\/p>\n","protected":false},"author":1,"featured_media":23435,"comment_status":"open","ping_status":"open","sticky":false,"template":"","format":"standard","meta":{"_acf_changed":false,"footnotes":""},"categories":[1],"tags":[],"class_list":["post-23431","post","type-post","status-publish","format-standard","has-post-thumbnail","hentry","category-news","entry","rows-excerpt"],"acf":[],"yoast_head":"<!-- This site is optimized with the Yoast SEO plugin v27.5 - https:\/\/yoast.com\/product\/yoast-seo-wordpress\/ -->\n<title>Patriarca Kirillos recebe em Moscou as rel\u00edquias de S\u00e3o Nicolau | ECCLESIA NEWS<\/title>\n<meta name=\"robots\" content=\"index, follow, max-snippet:-1, max-image-preview:large, max-video-preview:-1\" \/>\n<link rel=\"canonical\" href=\"https:\/\/news.ecclesia.org.br\/?p=23431\" \/>\n<meta property=\"og:locale\" content=\"pt_BR\" \/>\n<meta property=\"og:type\" content=\"article\" \/>\n<meta property=\"og:title\" content=\"Patriarca Kirillos recebe em Moscou as rel\u00edquias de S\u00e3o Nicolau | ECCLESIA NEWS\" \/>\n<meta property=\"og:description\" content=\"Fonte: Ag\u00eancia de Not\u00edcias Russa TASS A Catedral de Cristo Salvador, com capacidade para 10.000 fi\u00e9is, estava lotada. Muitos n\u00e3o encontraram lugar e se reuniram ao redor dela, em ruas adjacentes. MOSCOU, 21 de maio \/ TASS \/. O Patriarca&#8230;\" \/>\n<meta property=\"og:url\" content=\"https:\/\/news.ecclesia.org.br\/?p=23431\" \/>\n<meta property=\"og:site_name\" content=\"ECCLESIA NEWS\" \/>\n<meta property=\"article:publisher\" content=\"https:\/\/www.facebook.com\/Ecclesia2025\" \/>\n<meta property=\"article:published_time\" content=\"2017-05-21T22:20:17+00:00\" \/>\n<meta property=\"article:modified_time\" content=\"2017-05-21T22:21:55+00:00\" \/>\n<meta property=\"og:image\" content=\"https:\/\/news.ecclesia.org.br\/wp-content\/uploads\/2017\/05\/reliquias-s-nicolau-03.jpg\" \/>\n\t<meta property=\"og:image:width\" content=\"600\" \/>\n\t<meta property=\"og:image:height\" content=\"400\" \/>\n\t<meta property=\"og:image:type\" content=\"image\/jpeg\" \/>\n<meta name=\"author\" content=\"Pe. Andr\u00e9\" \/>\n<meta name=\"twitter:card\" content=\"summary_large_image\" \/>\n<meta name=\"twitter:creator\" content=\"@EcclesiaNews\" \/>\n<meta name=\"twitter:site\" content=\"@EcclesiaNews\" \/>\n<meta name=\"twitter:label1\" content=\"Escrito por\" \/>\n\t<meta name=\"twitter:data1\" content=\"Pe. Andr\u00e9\" \/>\n\t<meta name=\"twitter:label2\" content=\"Est. tempo de leitura\" \/>\n\t<meta name=\"twitter:data2\" content=\"2 minutos\" \/>\n<script type=\"application\/ld+json\" class=\"yoast-schema-graph\">{\"@context\":\"https:\\\/\\\/schema.org\",\"@graph\":[{\"@type\":\"Article\",\"@id\":\"https:\\\/\\\/news.ecclesia.org.br\\\/?p=23431#article\",\"isPartOf\":{\"@id\":\"https:\\\/\\\/news.ecclesia.org.br\\\/?p=23431\"},\"author\":{\"name\":\"Pe. Andr\u00e9\",\"@id\":\"https:\\\/\\\/news.ecclesia.org.br\\\/#\\\/schema\\\/person\\\/6f09597f025829745ba414a569f63758\"},\"headline\":\"Patriarca Kirillos recebe em Moscou as rel\u00edquias de S\u00e3o Nicolau\",\"datePublished\":\"2017-05-21T22:20:17+00:00\",\"dateModified\":\"2017-05-21T22:21:55+00:00\",\"mainEntityOfPage\":{\"@id\":\"https:\\\/\\\/news.ecclesia.org.br\\\/?p=23431\"},\"wordCount\":425,\"commentCount\":0,\"publisher\":{\"@id\":\"https:\\\/\\\/news.ecclesia.org.br\\\/#organization\"},\"image\":{\"@id\":\"https:\\\/\\\/news.ecclesia.org.br\\\/?p=23431#primaryimage\"},\"thumbnailUrl\":\"https:\\\/\\\/news.ecclesia.org.br\\\/wp-content\\\/uploads\\\/2017\\\/05\\\/reliquias-s-nicolau-03.jpg\",\"articleSection\":[\"NEWS\"],\"inLanguage\":\"pt-BR\",\"potentialAction\":[{\"@type\":\"CommentAction\",\"name\":\"Comment\",\"target\":[\"https:\\\/\\\/news.ecclesia.org.br\\\/?p=23431#respond\"]}]},{\"@type\":\"WebPage\",\"@id\":\"https:\\\/\\\/news.ecclesia.org.br\\\/?p=23431\",\"url\":\"https:\\\/\\\/news.ecclesia.org.br\\\/?p=23431\",\"name\":\"Patriarca Kirillos recebe em Moscou as rel\u00edquias de S\u00e3o Nicolau | ECCLESIA NEWS\",\"isPartOf\":{\"@id\":\"https:\\\/\\\/news.ecclesia.org.br\\\/#website\"},\"primaryImageOfPage\":{\"@id\":\"https:\\\/\\\/news.ecclesia.org.br\\\/?p=23431#primaryimage\"},\"image\":{\"@id\":\"https:\\\/\\\/news.ecclesia.org.br\\\/?p=23431#primaryimage\"},\"thumbnailUrl\":\"https:\\\/\\\/news.ecclesia.org.br\\\/wp-content\\\/uploads\\\/2017\\\/05\\\/reliquias-s-nicolau-03.jpg\",\"datePublished\":\"2017-05-21T22:20:17+00:00\",\"dateModified\":\"2017-05-21T22:21:55+00:00\",\"breadcrumb\":{\"@id\":\"https:\\\/\\\/news.ecclesia.org.br\\\/?p=23431#breadcrumb\"},\"inLanguage\":\"pt-BR\",\"potentialAction\":[{\"@type\":\"ReadAction\",\"target\":[\"https:\\\/\\\/news.ecclesia.org.br\\\/?p=23431\"]}]},{\"@type\":\"ImageObject\",\"inLanguage\":\"pt-BR\",\"@id\":\"https:\\\/\\\/news.ecclesia.org.br\\\/?p=23431#primaryimage\",\"url\":\"https:\\\/\\\/news.ecclesia.org.br\\\/wp-content\\\/uploads\\\/2017\\\/05\\\/reliquias-s-nicolau-03.jpg\",\"contentUrl\":\"https:\\\/\\\/news.ecclesia.org.br\\\/wp-content\\\/uploads\\\/2017\\\/05\\\/reliquias-s-nicolau-03.jpg\",\"width\":600,\"height\":400,\"caption\":\"Foto: Pravmir\"},{\"@type\":\"BreadcrumbList\",\"@id\":\"https:\\\/\\\/news.ecclesia.org.br\\\/?p=23431#breadcrumb\",\"itemListElement\":[{\"@type\":\"ListItem\",\"position\":1,\"name\":\"In\u00edcio\",\"item\":\"https:\\\/\\\/news.ecclesia.org.br\\\/\"},{\"@type\":\"ListItem\",\"position\":2,\"name\":\"Patriarca Kirillos recebe em Moscou as rel\u00edquias de S\u00e3o Nicolau\"}]},{\"@type\":\"WebSite\",\"@id\":\"https:\\\/\\\/news.ecclesia.org.br\\\/#website\",\"url\":\"https:\\\/\\\/news.ecclesia.org.br\\\/\",\"name\":\"Ecclesia Brasil\",\"description\":\"Desde 2003 onectando o Brasil ao mundo ortodoxo!\",\"publisher\":{\"@id\":\"https:\\\/\\\/news.ecclesia.org.br\\\/#organization\"},\"alternateName\":\"Ecclesia\",\"potentialAction\":[{\"@type\":\"SearchAction\",\"target\":{\"@type\":\"EntryPoint\",\"urlTemplate\":\"https:\\\/\\\/news.ecclesia.org.br\\\/?s={search_term_string}\"},\"query-input\":{\"@type\":\"PropertyValueSpecification\",\"valueRequired\":true,\"valueName\":\"search_term_string\"}}],\"inLanguage\":\"pt-BR\"},{\"@type\":\"Organization\",\"@id\":\"https:\\\/\\\/news.ecclesia.org.br\\\/#organization\",\"name\":\"Sacra Arquidiocese de Buenos Aires e Am\u00e9rica do Sul | Patriarcado Ecum\u00eanico\",\"alternateName\":\"News Ecclesia Brasil\",\"url\":\"https:\\\/\\\/news.ecclesia.org.br\\\/\",\"logo\":{\"@type\":\"ImageObject\",\"inLanguage\":\"pt-BR\",\"@id\":\"https:\\\/\\\/news.ecclesia.org.br\\\/#\\\/schema\\\/logo\\\/image\\\/\",\"url\":\"https:\\\/\\\/news.ecclesia.org.br\\\/wp-content\\\/uploads\\\/2025\\\/05\\\/ecclesia2.png\",\"contentUrl\":\"https:\\\/\\\/news.ecclesia.org.br\\\/wp-content\\\/uploads\\\/2025\\\/05\\\/ecclesia2.png\",\"width\":480,\"height\":120,\"caption\":\"Sacra Arquidiocese de Buenos Aires e Am\u00e9rica do Sul | Patriarcado Ecum\u00eanico\"},\"image\":{\"@id\":\"https:\\\/\\\/news.ecclesia.org.br\\\/#\\\/schema\\\/logo\\\/image\\\/\"},\"sameAs\":[\"https:\\\/\\\/www.facebook.com\\\/Ecclesia2025\",\"https:\\\/\\\/x.com\\\/EcclesiaNews\",\"https:\\\/\\\/br.pinterest.com\\\/ekklisia\\\/\",\"https:\\\/\\\/www.youtube.com\\\/@EcclesiaBrasil\"]},{\"@type\":\"Person\",\"@id\":\"https:\\\/\\\/news.ecclesia.org.br\\\/#\\\/schema\\\/person\\\/6f09597f025829745ba414a569f63758\",\"name\":\"Pe. Andr\u00e9\",\"image\":{\"@type\":\"ImageObject\",\"inLanguage\":\"pt-BR\",\"@id\":\"https:\\\/\\\/secure.gravatar.com\\\/avatar\\\/b4327cfa27e9799da239a26adcd534fc29cdc0c4a4a148eecbcfeb9b42c617ac?s=96&d=mm&r=g\",\"url\":\"https:\\\/\\\/secure.gravatar.com\\\/avatar\\\/b4327cfa27e9799da239a26adcd534fc29cdc0c4a4a148eecbcfeb9b42c617ac?s=96&d=mm&r=g\",\"contentUrl\":\"https:\\\/\\\/secure.gravatar.com\\\/avatar\\\/b4327cfa27e9799da239a26adcd534fc29cdc0c4a4a148eecbcfeb9b42c617ac?s=96&d=mm&r=g\",\"caption\":\"Pe. Andr\u00e9\"},\"sameAs\":[\"https:\\\/\\\/www.ecclesia.org.br\"]}]}<\/script>\n<!-- \/ Yoast SEO plugin. -->","yoast_head_json":{"title":"Patriarca Kirillos recebe em Moscou as rel\u00edquias de S\u00e3o Nicolau | ECCLESIA NEWS","robots":{"index":"index","follow":"follow","max-snippet":"max-snippet:-1","max-image-preview":"max-image-preview:large","max-video-preview":"max-video-preview:-1"},"canonical":"https:\/\/news.ecclesia.org.br\/?p=23431","og_locale":"pt_BR","og_type":"article","og_title":"Patriarca Kirillos recebe em Moscou as rel\u00edquias de S\u00e3o Nicolau | ECCLESIA NEWS","og_description":"Fonte: Ag\u00eancia de Not\u00edcias Russa TASS A Catedral de Cristo Salvador, com capacidade para 10.000 fi\u00e9is, estava lotada. Muitos n\u00e3o encontraram lugar e se reuniram ao redor dela, em ruas adjacentes. MOSCOU, 21 de maio \/ TASS \/. O Patriarca&#8230;","og_url":"https:\/\/news.ecclesia.org.br\/?p=23431","og_site_name":"ECCLESIA NEWS","article_publisher":"https:\/\/www.facebook.com\/Ecclesia2025","article_published_time":"2017-05-21T22:20:17+00:00","article_modified_time":"2017-05-21T22:21:55+00:00","og_image":[{"width":600,"height":400,"url":"https:\/\/news.ecclesia.org.br\/wp-content\/uploads\/2017\/05\/reliquias-s-nicolau-03.jpg","type":"image\/jpeg"}],"author":"Pe. Andr\u00e9","twitter_card":"summary_large_image","twitter_creator":"@EcclesiaNews","twitter_site":"@EcclesiaNews","twitter_misc":{"Escrito por":"Pe. Andr\u00e9","Est. tempo de leitura":"2 minutos"},"schema":{"@context":"https:\/\/schema.org","@graph":[{"@type":"Article","@id":"https:\/\/news.ecclesia.org.br\/?p=23431#article","isPartOf":{"@id":"https:\/\/news.ecclesia.org.br\/?p=23431"},"author":{"name":"Pe. Andr\u00e9","@id":"https:\/\/news.ecclesia.org.br\/#\/schema\/person\/6f09597f025829745ba414a569f63758"},"headline":"Patriarca Kirillos recebe em Moscou as rel\u00edquias de S\u00e3o Nicolau","datePublished":"2017-05-21T22:20:17+00:00","dateModified":"2017-05-21T22:21:55+00:00","mainEntityOfPage":{"@id":"https:\/\/news.ecclesia.org.br\/?p=23431"},"wordCount":425,"commentCount":0,"publisher":{"@id":"https:\/\/news.ecclesia.org.br\/#organization"},"image":{"@id":"https:\/\/news.ecclesia.org.br\/?p=23431#primaryimage"},"thumbnailUrl":"https:\/\/news.ecclesia.org.br\/wp-content\/uploads\/2017\/05\/reliquias-s-nicolau-03.jpg","articleSection":["NEWS"],"inLanguage":"pt-BR","potentialAction":[{"@type":"CommentAction","name":"Comment","target":["https:\/\/news.ecclesia.org.br\/?p=23431#respond"]}]},{"@type":"WebPage","@id":"https:\/\/news.ecclesia.org.br\/?p=23431","url":"https:\/\/news.ecclesia.org.br\/?p=23431","name":"Patriarca Kirillos recebe em Moscou as rel\u00edquias de S\u00e3o Nicolau | ECCLESIA NEWS","isPartOf":{"@id":"https:\/\/news.ecclesia.org.br\/#website"},"primaryImageOfPage":{"@id":"https:\/\/news.ecclesia.org.br\/?p=23431#primaryimage"},"image":{"@id":"https:\/\/news.ecclesia.org.br\/?p=23431#primaryimage"},"thumbnailUrl":"https:\/\/news.ecclesia.org.br\/wp-content\/uploads\/2017\/05\/reliquias-s-nicolau-03.jpg","datePublished":"2017-05-21T22:20:17+00:00","dateModified":"2017-05-21T22:21:55+00:00","breadcrumb":{"@id":"https:\/\/news.ecclesia.org.br\/?p=23431#breadcrumb"},"inLanguage":"pt-BR","potentialAction":[{"@type":"ReadAction","target":["https:\/\/news.ecclesia.org.br\/?p=23431"]}]},{"@type":"ImageObject","inLanguage":"pt-BR","@id":"https:\/\/news.ecclesia.org.br\/?p=23431#primaryimage","url":"https:\/\/news.ecclesia.org.br\/wp-content\/uploads\/2017\/05\/reliquias-s-nicolau-03.jpg","contentUrl":"https:\/\/news.ecclesia.org.br\/wp-content\/uploads\/2017\/05\/reliquias-s-nicolau-03.jpg","width":600,"height":400,"caption":"Foto: Pravmir"},{"@type":"BreadcrumbList","@id":"https:\/\/news.ecclesia.org.br\/?p=23431#breadcrumb","itemListElement":[{"@type":"ListItem","position":1,"name":"In\u00edcio","item":"https:\/\/news.ecclesia.org.br\/"},{"@type":"ListItem","position":2,"name":"Patriarca Kirillos recebe em Moscou as rel\u00edquias de S\u00e3o Nicolau"}]},{"@type":"WebSite","@id":"https:\/\/news.ecclesia.org.br\/#website","url":"https:\/\/news.ecclesia.org.br\/","name":"Ecclesia Brasil","description":"Desde 2003 onectando o Brasil ao mundo ortodoxo!","publisher":{"@id":"https:\/\/news.ecclesia.org.br\/#organization"},"alternateName":"Ecclesia","potentialAction":[{"@type":"SearchAction","target":{"@type":"EntryPoint","urlTemplate":"https:\/\/news.ecclesia.org.br\/?s={search_term_string}"},"query-input":{"@type":"PropertyValueSpecification","valueRequired":true,"valueName":"search_term_string"}}],"inLanguage":"pt-BR"},{"@type":"Organization","@id":"https:\/\/news.ecclesia.org.br\/#organization","name":"Sacra Arquidiocese de Buenos Aires e Am\u00e9rica do Sul | Patriarcado Ecum\u00eanico","alternateName":"News Ecclesia Brasil","url":"https:\/\/news.ecclesia.org.br\/","logo":{"@type":"ImageObject","inLanguage":"pt-BR","@id":"https:\/\/news.ecclesia.org.br\/#\/schema\/logo\/image\/","url":"https:\/\/news.ecclesia.org.br\/wp-content\/uploads\/2025\/05\/ecclesia2.png","contentUrl":"https:\/\/news.ecclesia.org.br\/wp-content\/uploads\/2025\/05\/ecclesia2.png","width":480,"height":120,"caption":"Sacra Arquidiocese de Buenos Aires e Am\u00e9rica do Sul | Patriarcado Ecum\u00eanico"},"image":{"@id":"https:\/\/news.ecclesia.org.br\/#\/schema\/logo\/image\/"},"sameAs":["https:\/\/www.facebook.com\/Ecclesia2025","https:\/\/x.com\/EcclesiaNews","https:\/\/br.pinterest.com\/ekklisia\/","https:\/\/www.youtube.com\/@EcclesiaBrasil"]},{"@type":"Person","@id":"https:\/\/news.ecclesia.org.br\/#\/schema\/person\/6f09597f025829745ba414a569f63758","name":"Pe. Andr\u00e9","image":{"@type":"ImageObject","inLanguage":"pt-BR","@id":"https:\/\/secure.gravatar.com\/avatar\/b4327cfa27e9799da239a26adcd534fc29cdc0c4a4a148eecbcfeb9b42c617ac?s=96&d=mm&r=g","url":"https:\/\/secure.gravatar.com\/avatar\/b4327cfa27e9799da239a26adcd534fc29cdc0c4a4a148eecbcfeb9b42c617ac?s=96&d=mm&r=g","contentUrl":"https:\/\/secure.gravatar.com\/avatar\/b4327cfa27e9799da239a26adcd534fc29cdc0c4a4a148eecbcfeb9b42c617ac?s=96&d=mm&r=g","caption":"Pe. Andr\u00e9"},"sameAs":["https:\/\/www.ecclesia.org.br"]}]}},"_links":{"self":[{"href":"https:\/\/news.ecclesia.org.br\/index.php?rest_route=\/wp\/v2\/posts\/23431","targetHints":{"allow":["GET"]}}],"collection":[{"href":"https:\/\/news.ecclesia.org.br\/index.php?rest_route=\/wp\/v2\/posts"}],"about":[{"href":"https:\/\/news.ecclesia.org.br\/index.php?rest_route=\/wp\/v2\/types\/post"}],"author":[{"embeddable":true,"href":"https:\/\/news.ecclesia.org.br\/index.php?rest_route=\/wp\/v2\/users\/1"}],"replies":[{"embeddable":true,"href":"https:\/\/news.ecclesia.org.br\/index.php?rest_route=%2Fwp%2Fv2%2Fcomments&post=23431"}],"version-history":[{"count":0,"href":"https:\/\/news.ecclesia.org.br\/index.php?rest_route=\/wp\/v2\/posts\/23431\/revisions"}],"wp:featuredmedia":[{"embeddable":true,"href":"https:\/\/news.ecclesia.org.br\/index.php?rest_route=\/wp\/v2\/media\/23435"}],"wp:attachment":[{"href":"https:\/\/news.ecclesia.org.br\/index.php?rest_route=%2Fwp%2Fv2%2Fmedia&parent=23431"}],"wp:term":[{"taxonomy":"category","embeddable":true,"href":"https:\/\/news.ecclesia.org.br\/index.php?rest_route=%2Fwp%2Fv2%2Fcategories&post=23431"},{"taxonomy":"post_tag","embeddable":true,"href":"https:\/\/news.ecclesia.org.br\/index.php?rest_route=%2Fwp%2Fv2%2Ftags&post=23431"}],"curies":[{"name":"wp","href":"https:\/\/api.w.org\/{rel}","templated":true}]}}