{"id":23425,"date":"2017-05-21T18:33:19","date_gmt":"2017-05-21T18:33:19","guid":{"rendered":"https:\/\/news.ecclesia.org.br\/2013\/?p=23425"},"modified":"2017-05-21T18:34:16","modified_gmt":"2017-05-21T18:34:16","slug":"reliquias-de-sao-nicolau-sao-levadas-de-bari-italia-a-moscou","status":"publish","type":"post","link":"https:\/\/news.ecclesia.org.br\/?p=23425","title":{"rendered":"Rel\u00edquias de S\u00e3o Nicolau deixam a It\u00e1lia pela primeira vez em quase 1.000 anos"},"content":{"rendered":"<p style=\"text-align: justify;\"><strong>As rel\u00edquias de S\u00e3o Nicolau deixam a It\u00e1lia pela primeira vez em quase 1.000 anos. O acordo foi alcan\u00e7ado ap\u00f3s encontro hist\u00f3rico entre l\u00edderes das igrejas Ortodoxa Russa e Cat\u00f3lico-Romana.<\/strong><\/p>\n<figure id=\"attachment_23428\" aria-describedby=\"caption-attachment-23428\" style=\"width: 300px\" class=\"wp-caption alignleft\"><a href=\"https:\/\/news.ecclesia.org.br\/2013\/wp-content\/uploads\/2017\/05\/reliquias-s-nicolau.jpg\"><img fetchpriority=\"high\" decoding=\"async\" class=\"size-medium wp-image-23428\" src=\"https:\/\/news.ecclesia.org.br\/2013\/wp-content\/uploads\/2017\/05\/reliquias-s-nicolau-300x200.jpg\" alt=\"\" width=\"300\" height=\"200\" srcset=\"https:\/\/news.ecclesia.org.br\/wp-content\/uploads\/2017\/05\/reliquias-s-nicolau-300x200.jpg 300w, https:\/\/news.ecclesia.org.br\/wp-content\/uploads\/2017\/05\/reliquias-s-nicolau-83x55.jpg 83w, https:\/\/news.ecclesia.org.br\/wp-content\/uploads\/2017\/05\/reliquias-s-nicolau-60x40.jpg 60w, https:\/\/news.ecclesia.org.br\/wp-content\/uploads\/2017\/05\/reliquias-s-nicolau-120x80.jpg 120w, https:\/\/news.ecclesia.org.br\/wp-content\/uploads\/2017\/05\/reliquias-s-nicolau.jpg 468w\" sizes=\"(max-width: 300px) 100vw, 300px\" \/><\/a><figcaption id=\"caption-attachment-23428\" class=\"wp-caption-text\">Bispo ortodoxo Egorievsk Mark celebra missa dentro da cripta da igreja de S\u00e3o Nicolau, em Bari, em mar\u00e7o de 2009 | Foto: AFP<\/figcaption><\/figure>\n<p style=\"text-align: justify;\">As rel\u00edquias de um dos santos mais venerados do mundo, S\u00e3o Nicolau, deixar\u00e3o a It\u00e1lia para passar um temporada na R\u00fassia. A not\u00edcia foi divulgada pelo departamento de comunica\u00e7\u00f5es do Patriarcado de Moscou. \u201cDe 21 de maio a 28 de julho, parte das rel\u00edquias de S\u00e3o Nicolau, da Bas\u00edlica Papal em Bari, na It\u00e1lia, ficar\u00e3o\u00a0expostas na Igreja Ortodoxa Russa\u201d, diz o comunicado. Ainda, segundo o Patriarcado, as rel\u00edquias est\u00e3o em Bari h\u00e1 j\u00e1 930 anos, e esta ser\u00e1 a primeira vez que deixam a cidade. O acordo sem precedentes foi alcan\u00e7ado como resultado do <a href=\"https:\/\/news.ecclesia.org.br\/2013\/wp-content\/uploads\/2017\/05\/kirillo-e-francisco.jpg\" target=\"_blank\" rel=\"noopener noreferrer\">encontro hist\u00f3rico de 2016 em Cuba entre o Patriarca Cirillo da Igreja Ortodoxa Russa e o Papa Francisco de Roma<\/a>. As rel\u00edquias ser\u00e3o levadas \u00e0 R\u00fassia em um voo fretado e acompanhadas por uma delega\u00e7\u00e3o da Igreja Cat\u00f3lico-Romana. \u201cMas nem todas as rel\u00edquias de S\u00e3o Nicolau ser\u00e3o levadas \u00e0\u00a0R\u00fassia, apenas uma parte delas\u201d, disse o padre Aleks\u00eai Dikarev, do departamento de comunica\u00e7\u00f5es externas da Igreja Ortodoxa Russa, citado pelo jornal <em>Kommersant<\/em>.\u00a0A exposi\u00e7\u00e3o acontecer\u00e1\u00a0primeiramente na Catedral de Cristo Salvador, em Moscou, e depois em uma das catedrais de S\u00e3o Petersburgo.\u00a0\u201cPara os fi\u00e9is, a exposi\u00e7\u00e3o das rel\u00edquias de S\u00e3o Nicolau n\u00e3o \u00e9 apenas uma ocasi\u00e3o simb\u00f3lica, mas tamb\u00e9m uma confirma\u00e7\u00e3o do di\u00e1logo entre as duas igrejas\u201d, disse Roman Lunkin, diretor do Centro para Estudo de Problemas Religiosos e Sociais no Instituto RAS da Europa, tamb\u00e9m citado pelo \u201cKommersant\u201d. \u201cS\u00e3o Nicolau \u00e9 um santo comum aos\u00a0fi\u00e9is cat\u00f3licos e ortodoxos e, por isso, esse acontecimento manifesta o milagre da unidade\u201d, acrescentou Lunkin. \u201cA exposi\u00e7\u00e3o das rel\u00edquias \u00e9 tamb\u00e9m um gesto de boa vontade sem precedentes do Vaticano, porque uma batalha tem sido travada desde a Idade M\u00e9dia pelas rel\u00edquias desse santo e s\u00f3 agora elas est\u00e3o deixando Bari.\u201d<\/p>\n<hr \/>\n<p>V\u00eddeo da rel\u00edquia TV2000:<\/p>\n<p><iframe src=\"https:\/\/www.youtube.com\/embed\/rrVjwK0eVcA\" width=\"640\" height=\"360\" frameborder=\"0\" allowfullscreen=\"allowfullscreen\"><\/iframe><\/p>\n<hr \/>\n<p>Outro v\u00eddeo mostrando a remo\u00e7\u00e3o da rel\u00edquia<\/p>\n<p><iframe src=\"https:\/\/www.youtube.com\/embed\/6jXd0CA2_WU\" width=\"640\" height=\"360\" frameborder=\"0\" allowfullscreen=\"allowfullscreen\"><\/iframe><\/p>\n<p>&nbsp;<\/p>\n<hr \/>\n<p style=\"text-align: right;\">\u00a0Com informa\u00e7\u00f5es de Eleonora Goldman, <a href=\"https:\/\/gazetarussa.com.br\/opiniao\/2016\/02\/10\/troca-de-paradigma-no-aeroporto-de-havana_566493\" target=\"_blank\" rel=\"noopener noreferrer\">Gazeta Russa<\/a>.<\/p>\n<p>&nbsp;<\/p>\n","protected":false},"excerpt":{"rendered":"<p>As rel\u00edquias de S\u00e3o Nicolau deixam a It\u00e1lia pela primeira vez em quase 1.000 anos. O acordo foi alcan\u00e7ado ap\u00f3s encontro hist\u00f3rico entre l\u00edderes das igrejas Ortodoxa Russa e Cat\u00f3lico-Romana. As rel\u00edquias de um dos santos mais venerados do mundo,&#8230;<\/p>\n","protected":false},"author":1,"featured_media":23426,"comment_status":"open","ping_status":"open","sticky":false,"template":"","format":"standard","meta":{"_acf_changed":false,"footnotes":""},"categories":[1],"tags":[],"class_list":["post-23425","post","type-post","status-publish","format-standard","has-post-thumbnail","hentry","category-news","entry","rows-excerpt"],"acf":[],"yoast_head":"<!-- This site is optimized with the Yoast SEO plugin v27.5 - https:\/\/yoast.com\/product\/yoast-seo-wordpress\/ -->\n<title>Rel\u00edquias de S\u00e3o Nicolau deixam a It\u00e1lia pela primeira vez em quase 1.000 anos | ECCLESIA NEWS<\/title>\n<meta name=\"robots\" content=\"index, follow, max-snippet:-1, max-image-preview:large, max-video-preview:-1\" \/>\n<link rel=\"canonical\" href=\"https:\/\/news.ecclesia.org.br\/?p=23425\" \/>\n<meta property=\"og:locale\" content=\"pt_BR\" \/>\n<meta property=\"og:type\" content=\"article\" \/>\n<meta property=\"og:title\" content=\"Rel\u00edquias de S\u00e3o Nicolau deixam a It\u00e1lia pela primeira vez em quase 1.000 anos | ECCLESIA NEWS\" \/>\n<meta property=\"og:description\" content=\"As rel\u00edquias de S\u00e3o Nicolau deixam a It\u00e1lia pela primeira vez em quase 1.000 anos. O acordo foi alcan\u00e7ado ap\u00f3s encontro hist\u00f3rico entre l\u00edderes das igrejas Ortodoxa Russa e Cat\u00f3lico-Romana. As rel\u00edquias de um dos santos mais venerados do mundo,&#8230;\" \/>\n<meta property=\"og:url\" content=\"https:\/\/news.ecclesia.org.br\/?p=23425\" \/>\n<meta property=\"og:site_name\" content=\"ECCLESIA NEWS\" \/>\n<meta property=\"article:publisher\" content=\"https:\/\/www.facebook.com\/Ecclesia2025\" \/>\n<meta property=\"article:published_time\" content=\"2017-05-21T18:33:19+00:00\" \/>\n<meta property=\"article:modified_time\" content=\"2017-05-21T18:34:16+00:00\" \/>\n<meta property=\"og:image\" content=\"https:\/\/news.ecclesia.org.br\/wp-content\/uploads\/2017\/05\/basilica-s-nicolau-bari.jpg\" \/>\n\t<meta property=\"og:image:width\" content=\"1024\" \/>\n\t<meta property=\"og:image:height\" content=\"682\" \/>\n\t<meta property=\"og:image:type\" content=\"image\/jpeg\" \/>\n<meta name=\"author\" content=\"Pe. Andr\u00e9\" \/>\n<meta name=\"twitter:card\" content=\"summary_large_image\" \/>\n<meta name=\"twitter:creator\" content=\"@EcclesiaNews\" \/>\n<meta name=\"twitter:site\" content=\"@EcclesiaNews\" \/>\n<meta name=\"twitter:label1\" content=\"Escrito por\" \/>\n\t<meta name=\"twitter:data1\" content=\"Pe. Andr\u00e9\" \/>\n\t<meta name=\"twitter:label2\" content=\"Est. tempo de leitura\" \/>\n\t<meta name=\"twitter:data2\" content=\"2 minutos\" \/>\n<script type=\"application\/ld+json\" class=\"yoast-schema-graph\">{\"@context\":\"https:\\\/\\\/schema.org\",\"@graph\":[{\"@type\":\"Article\",\"@id\":\"https:\\\/\\\/news.ecclesia.org.br\\\/?p=23425#article\",\"isPartOf\":{\"@id\":\"https:\\\/\\\/news.ecclesia.org.br\\\/?p=23425\"},\"author\":{\"name\":\"Pe. Andr\u00e9\",\"@id\":\"https:\\\/\\\/news.ecclesia.org.br\\\/#\\\/schema\\\/person\\\/6f09597f025829745ba414a569f63758\"},\"headline\":\"Rel\u00edquias de S\u00e3o Nicolau deixam a It\u00e1lia pela primeira vez em quase 1.000 anos\",\"datePublished\":\"2017-05-21T18:33:19+00:00\",\"dateModified\":\"2017-05-21T18:34:16+00:00\",\"mainEntityOfPage\":{\"@id\":\"https:\\\/\\\/news.ecclesia.org.br\\\/?p=23425\"},\"wordCount\":443,\"commentCount\":0,\"publisher\":{\"@id\":\"https:\\\/\\\/news.ecclesia.org.br\\\/#organization\"},\"image\":{\"@id\":\"https:\\\/\\\/news.ecclesia.org.br\\\/?p=23425#primaryimage\"},\"thumbnailUrl\":\"https:\\\/\\\/news.ecclesia.org.br\\\/wp-content\\\/uploads\\\/2017\\\/05\\\/basilica-s-nicolau-bari.jpg\",\"articleSection\":[\"NEWS\"],\"inLanguage\":\"pt-BR\",\"potentialAction\":[{\"@type\":\"CommentAction\",\"name\":\"Comment\",\"target\":[\"https:\\\/\\\/news.ecclesia.org.br\\\/?p=23425#respond\"]}]},{\"@type\":\"WebPage\",\"@id\":\"https:\\\/\\\/news.ecclesia.org.br\\\/?p=23425\",\"url\":\"https:\\\/\\\/news.ecclesia.org.br\\\/?p=23425\",\"name\":\"Rel\u00edquias de S\u00e3o Nicolau deixam a It\u00e1lia pela primeira vez em quase 1.000 anos | ECCLESIA NEWS\",\"isPartOf\":{\"@id\":\"https:\\\/\\\/news.ecclesia.org.br\\\/#website\"},\"primaryImageOfPage\":{\"@id\":\"https:\\\/\\\/news.ecclesia.org.br\\\/?p=23425#primaryimage\"},\"image\":{\"@id\":\"https:\\\/\\\/news.ecclesia.org.br\\\/?p=23425#primaryimage\"},\"thumbnailUrl\":\"https:\\\/\\\/news.ecclesia.org.br\\\/wp-content\\\/uploads\\\/2017\\\/05\\\/basilica-s-nicolau-bari.jpg\",\"datePublished\":\"2017-05-21T18:33:19+00:00\",\"dateModified\":\"2017-05-21T18:34:16+00:00\",\"breadcrumb\":{\"@id\":\"https:\\\/\\\/news.ecclesia.org.br\\\/?p=23425#breadcrumb\"},\"inLanguage\":\"pt-BR\",\"potentialAction\":[{\"@type\":\"ReadAction\",\"target\":[\"https:\\\/\\\/news.ecclesia.org.br\\\/?p=23425\"]}]},{\"@type\":\"ImageObject\",\"inLanguage\":\"pt-BR\",\"@id\":\"https:\\\/\\\/news.ecclesia.org.br\\\/?p=23425#primaryimage\",\"url\":\"https:\\\/\\\/news.ecclesia.org.br\\\/wp-content\\\/uploads\\\/2017\\\/05\\\/basilica-s-nicolau-bari.jpg\",\"contentUrl\":\"https:\\\/\\\/news.ecclesia.org.br\\\/wp-content\\\/uploads\\\/2017\\\/05\\\/basilica-s-nicolau-bari.jpg\",\"width\":1024,\"height\":682},{\"@type\":\"BreadcrumbList\",\"@id\":\"https:\\\/\\\/news.ecclesia.org.br\\\/?p=23425#breadcrumb\",\"itemListElement\":[{\"@type\":\"ListItem\",\"position\":1,\"name\":\"In\u00edcio\",\"item\":\"https:\\\/\\\/news.ecclesia.org.br\\\/\"},{\"@type\":\"ListItem\",\"position\":2,\"name\":\"Rel\u00edquias de S\u00e3o Nicolau deixam a It\u00e1lia pela primeira vez em quase 1.000 anos\"}]},{\"@type\":\"WebSite\",\"@id\":\"https:\\\/\\\/news.ecclesia.org.br\\\/#website\",\"url\":\"https:\\\/\\\/news.ecclesia.org.br\\\/\",\"name\":\"Ecclesia Brasil\",\"description\":\"Desde 2003 onectando o Brasil ao mundo ortodoxo!\",\"publisher\":{\"@id\":\"https:\\\/\\\/news.ecclesia.org.br\\\/#organization\"},\"alternateName\":\"Ecclesia\",\"potentialAction\":[{\"@type\":\"SearchAction\",\"target\":{\"@type\":\"EntryPoint\",\"urlTemplate\":\"https:\\\/\\\/news.ecclesia.org.br\\\/?s={search_term_string}\"},\"query-input\":{\"@type\":\"PropertyValueSpecification\",\"valueRequired\":true,\"valueName\":\"search_term_string\"}}],\"inLanguage\":\"pt-BR\"},{\"@type\":\"Organization\",\"@id\":\"https:\\\/\\\/news.ecclesia.org.br\\\/#organization\",\"name\":\"Sacra Arquidiocese de Buenos Aires e Am\u00e9rica do Sul | Patriarcado Ecum\u00eanico\",\"alternateName\":\"News Ecclesia Brasil\",\"url\":\"https:\\\/\\\/news.ecclesia.org.br\\\/\",\"logo\":{\"@type\":\"ImageObject\",\"inLanguage\":\"pt-BR\",\"@id\":\"https:\\\/\\\/news.ecclesia.org.br\\\/#\\\/schema\\\/logo\\\/image\\\/\",\"url\":\"https:\\\/\\\/news.ecclesia.org.br\\\/wp-content\\\/uploads\\\/2025\\\/05\\\/ecclesia2.png\",\"contentUrl\":\"https:\\\/\\\/news.ecclesia.org.br\\\/wp-content\\\/uploads\\\/2025\\\/05\\\/ecclesia2.png\",\"width\":480,\"height\":120,\"caption\":\"Sacra Arquidiocese de Buenos Aires e Am\u00e9rica do Sul | Patriarcado Ecum\u00eanico\"},\"image\":{\"@id\":\"https:\\\/\\\/news.ecclesia.org.br\\\/#\\\/schema\\\/logo\\\/image\\\/\"},\"sameAs\":[\"https:\\\/\\\/www.facebook.com\\\/Ecclesia2025\",\"https:\\\/\\\/x.com\\\/EcclesiaNews\",\"https:\\\/\\\/br.pinterest.com\\\/ekklisia\\\/\",\"https:\\\/\\\/www.youtube.com\\\/@EcclesiaBrasil\"]},{\"@type\":\"Person\",\"@id\":\"https:\\\/\\\/news.ecclesia.org.br\\\/#\\\/schema\\\/person\\\/6f09597f025829745ba414a569f63758\",\"name\":\"Pe. Andr\u00e9\",\"image\":{\"@type\":\"ImageObject\",\"inLanguage\":\"pt-BR\",\"@id\":\"https:\\\/\\\/secure.gravatar.com\\\/avatar\\\/b4327cfa27e9799da239a26adcd534fc29cdc0c4a4a148eecbcfeb9b42c617ac?s=96&d=mm&r=g\",\"url\":\"https:\\\/\\\/secure.gravatar.com\\\/avatar\\\/b4327cfa27e9799da239a26adcd534fc29cdc0c4a4a148eecbcfeb9b42c617ac?s=96&d=mm&r=g\",\"contentUrl\":\"https:\\\/\\\/secure.gravatar.com\\\/avatar\\\/b4327cfa27e9799da239a26adcd534fc29cdc0c4a4a148eecbcfeb9b42c617ac?s=96&d=mm&r=g\",\"caption\":\"Pe. Andr\u00e9\"},\"sameAs\":[\"https:\\\/\\\/www.ecclesia.org.br\"]}]}<\/script>\n<!-- \/ Yoast SEO plugin. -->","yoast_head_json":{"title":"Rel\u00edquias de S\u00e3o Nicolau deixam a It\u00e1lia pela primeira vez em quase 1.000 anos | ECCLESIA NEWS","robots":{"index":"index","follow":"follow","max-snippet":"max-snippet:-1","max-image-preview":"max-image-preview:large","max-video-preview":"max-video-preview:-1"},"canonical":"https:\/\/news.ecclesia.org.br\/?p=23425","og_locale":"pt_BR","og_type":"article","og_title":"Rel\u00edquias de S\u00e3o Nicolau deixam a It\u00e1lia pela primeira vez em quase 1.000 anos | ECCLESIA NEWS","og_description":"As rel\u00edquias de S\u00e3o Nicolau deixam a It\u00e1lia pela primeira vez em quase 1.000 anos. O acordo foi alcan\u00e7ado ap\u00f3s encontro hist\u00f3rico entre l\u00edderes das igrejas Ortodoxa Russa e Cat\u00f3lico-Romana. As rel\u00edquias de um dos santos mais venerados do mundo,&#8230;","og_url":"https:\/\/news.ecclesia.org.br\/?p=23425","og_site_name":"ECCLESIA NEWS","article_publisher":"https:\/\/www.facebook.com\/Ecclesia2025","article_published_time":"2017-05-21T18:33:19+00:00","article_modified_time":"2017-05-21T18:34:16+00:00","og_image":[{"width":1024,"height":682,"url":"https:\/\/news.ecclesia.org.br\/wp-content\/uploads\/2017\/05\/basilica-s-nicolau-bari.jpg","type":"image\/jpeg"}],"author":"Pe. Andr\u00e9","twitter_card":"summary_large_image","twitter_creator":"@EcclesiaNews","twitter_site":"@EcclesiaNews","twitter_misc":{"Escrito por":"Pe. Andr\u00e9","Est. tempo de leitura":"2 minutos"},"schema":{"@context":"https:\/\/schema.org","@graph":[{"@type":"Article","@id":"https:\/\/news.ecclesia.org.br\/?p=23425#article","isPartOf":{"@id":"https:\/\/news.ecclesia.org.br\/?p=23425"},"author":{"name":"Pe. Andr\u00e9","@id":"https:\/\/news.ecclesia.org.br\/#\/schema\/person\/6f09597f025829745ba414a569f63758"},"headline":"Rel\u00edquias de S\u00e3o Nicolau deixam a It\u00e1lia pela primeira vez em quase 1.000 anos","datePublished":"2017-05-21T18:33:19+00:00","dateModified":"2017-05-21T18:34:16+00:00","mainEntityOfPage":{"@id":"https:\/\/news.ecclesia.org.br\/?p=23425"},"wordCount":443,"commentCount":0,"publisher":{"@id":"https:\/\/news.ecclesia.org.br\/#organization"},"image":{"@id":"https:\/\/news.ecclesia.org.br\/?p=23425#primaryimage"},"thumbnailUrl":"https:\/\/news.ecclesia.org.br\/wp-content\/uploads\/2017\/05\/basilica-s-nicolau-bari.jpg","articleSection":["NEWS"],"inLanguage":"pt-BR","potentialAction":[{"@type":"CommentAction","name":"Comment","target":["https:\/\/news.ecclesia.org.br\/?p=23425#respond"]}]},{"@type":"WebPage","@id":"https:\/\/news.ecclesia.org.br\/?p=23425","url":"https:\/\/news.ecclesia.org.br\/?p=23425","name":"Rel\u00edquias de S\u00e3o Nicolau deixam a It\u00e1lia pela primeira vez em quase 1.000 anos | ECCLESIA NEWS","isPartOf":{"@id":"https:\/\/news.ecclesia.org.br\/#website"},"primaryImageOfPage":{"@id":"https:\/\/news.ecclesia.org.br\/?p=23425#primaryimage"},"image":{"@id":"https:\/\/news.ecclesia.org.br\/?p=23425#primaryimage"},"thumbnailUrl":"https:\/\/news.ecclesia.org.br\/wp-content\/uploads\/2017\/05\/basilica-s-nicolau-bari.jpg","datePublished":"2017-05-21T18:33:19+00:00","dateModified":"2017-05-21T18:34:16+00:00","breadcrumb":{"@id":"https:\/\/news.ecclesia.org.br\/?p=23425#breadcrumb"},"inLanguage":"pt-BR","potentialAction":[{"@type":"ReadAction","target":["https:\/\/news.ecclesia.org.br\/?p=23425"]}]},{"@type":"ImageObject","inLanguage":"pt-BR","@id":"https:\/\/news.ecclesia.org.br\/?p=23425#primaryimage","url":"https:\/\/news.ecclesia.org.br\/wp-content\/uploads\/2017\/05\/basilica-s-nicolau-bari.jpg","contentUrl":"https:\/\/news.ecclesia.org.br\/wp-content\/uploads\/2017\/05\/basilica-s-nicolau-bari.jpg","width":1024,"height":682},{"@type":"BreadcrumbList","@id":"https:\/\/news.ecclesia.org.br\/?p=23425#breadcrumb","itemListElement":[{"@type":"ListItem","position":1,"name":"In\u00edcio","item":"https:\/\/news.ecclesia.org.br\/"},{"@type":"ListItem","position":2,"name":"Rel\u00edquias de S\u00e3o Nicolau deixam a It\u00e1lia pela primeira vez em quase 1.000 anos"}]},{"@type":"WebSite","@id":"https:\/\/news.ecclesia.org.br\/#website","url":"https:\/\/news.ecclesia.org.br\/","name":"Ecclesia Brasil","description":"Desde 2003 onectando o Brasil ao mundo ortodoxo!","publisher":{"@id":"https:\/\/news.ecclesia.org.br\/#organization"},"alternateName":"Ecclesia","potentialAction":[{"@type":"SearchAction","target":{"@type":"EntryPoint","urlTemplate":"https:\/\/news.ecclesia.org.br\/?s={search_term_string}"},"query-input":{"@type":"PropertyValueSpecification","valueRequired":true,"valueName":"search_term_string"}}],"inLanguage":"pt-BR"},{"@type":"Organization","@id":"https:\/\/news.ecclesia.org.br\/#organization","name":"Sacra Arquidiocese de Buenos Aires e Am\u00e9rica do Sul | Patriarcado Ecum\u00eanico","alternateName":"News Ecclesia Brasil","url":"https:\/\/news.ecclesia.org.br\/","logo":{"@type":"ImageObject","inLanguage":"pt-BR","@id":"https:\/\/news.ecclesia.org.br\/#\/schema\/logo\/image\/","url":"https:\/\/news.ecclesia.org.br\/wp-content\/uploads\/2025\/05\/ecclesia2.png","contentUrl":"https:\/\/news.ecclesia.org.br\/wp-content\/uploads\/2025\/05\/ecclesia2.png","width":480,"height":120,"caption":"Sacra Arquidiocese de Buenos Aires e Am\u00e9rica do Sul | Patriarcado Ecum\u00eanico"},"image":{"@id":"https:\/\/news.ecclesia.org.br\/#\/schema\/logo\/image\/"},"sameAs":["https:\/\/www.facebook.com\/Ecclesia2025","https:\/\/x.com\/EcclesiaNews","https:\/\/br.pinterest.com\/ekklisia\/","https:\/\/www.youtube.com\/@EcclesiaBrasil"]},{"@type":"Person","@id":"https:\/\/news.ecclesia.org.br\/#\/schema\/person\/6f09597f025829745ba414a569f63758","name":"Pe. Andr\u00e9","image":{"@type":"ImageObject","inLanguage":"pt-BR","@id":"https:\/\/secure.gravatar.com\/avatar\/b4327cfa27e9799da239a26adcd534fc29cdc0c4a4a148eecbcfeb9b42c617ac?s=96&d=mm&r=g","url":"https:\/\/secure.gravatar.com\/avatar\/b4327cfa27e9799da239a26adcd534fc29cdc0c4a4a148eecbcfeb9b42c617ac?s=96&d=mm&r=g","contentUrl":"https:\/\/secure.gravatar.com\/avatar\/b4327cfa27e9799da239a26adcd534fc29cdc0c4a4a148eecbcfeb9b42c617ac?s=96&d=mm&r=g","caption":"Pe. Andr\u00e9"},"sameAs":["https:\/\/www.ecclesia.org.br"]}]}},"_links":{"self":[{"href":"https:\/\/news.ecclesia.org.br\/index.php?rest_route=\/wp\/v2\/posts\/23425","targetHints":{"allow":["GET"]}}],"collection":[{"href":"https:\/\/news.ecclesia.org.br\/index.php?rest_route=\/wp\/v2\/posts"}],"about":[{"href":"https:\/\/news.ecclesia.org.br\/index.php?rest_route=\/wp\/v2\/types\/post"}],"author":[{"embeddable":true,"href":"https:\/\/news.ecclesia.org.br\/index.php?rest_route=\/wp\/v2\/users\/1"}],"replies":[{"embeddable":true,"href":"https:\/\/news.ecclesia.org.br\/index.php?rest_route=%2Fwp%2Fv2%2Fcomments&post=23425"}],"version-history":[{"count":0,"href":"https:\/\/news.ecclesia.org.br\/index.php?rest_route=\/wp\/v2\/posts\/23425\/revisions"}],"wp:featuredmedia":[{"embeddable":true,"href":"https:\/\/news.ecclesia.org.br\/index.php?rest_route=\/wp\/v2\/media\/23426"}],"wp:attachment":[{"href":"https:\/\/news.ecclesia.org.br\/index.php?rest_route=%2Fwp%2Fv2%2Fmedia&parent=23425"}],"wp:term":[{"taxonomy":"category","embeddable":true,"href":"https:\/\/news.ecclesia.org.br\/index.php?rest_route=%2Fwp%2Fv2%2Fcategories&post=23425"},{"taxonomy":"post_tag","embeddable":true,"href":"https:\/\/news.ecclesia.org.br\/index.php?rest_route=%2Fwp%2Fv2%2Ftags&post=23425"}],"curies":[{"name":"wp","href":"https:\/\/api.w.org\/{rel}","templated":true}]}}