{"id":23400,"date":"2017-05-02T00:59:59","date_gmt":"2017-05-02T00:59:59","guid":{"rendered":"https:\/\/news.ecclesia.org.br\/2013\/?p=23400"},"modified":"2017-05-02T01:09:29","modified_gmt":"2017-05-02T01:09:29","slug":"historica-oracao-ecumenica-pela-paz-e-a-unidade-e-realizada-no-egito","status":"publish","type":"post","link":"https:\/\/news.ecclesia.org.br\/?p=23400","title":{"rendered":"Hist\u00f3rica &#8220;Ora\u00e7\u00e3o Ecum\u00eanica pela Paz e a Unidade&#8221; re\u00fane principais lideran\u00e7as crist\u00e3s no Egito"},"content":{"rendered":"<figure id=\"attachment_23401\" aria-describedby=\"caption-attachment-23401\" style=\"width: 300px\" class=\"wp-caption alignleft\"><a href=\"https:\/\/news.ecclesia.org.br\/2013\/wp-content\/uploads\/2017\/05\/ecumenical-prayer.jpg\"><img fetchpriority=\"high\" decoding=\"async\" class=\"wp-image-23401 size-medium\" src=\"https:\/\/news.ecclesia.org.br\/2013\/wp-content\/uploads\/2017\/05\/ecumenical-prayer-300x225.jpg\" alt=\"\" width=\"300\" height=\"225\" srcset=\"https:\/\/news.ecclesia.org.br\/wp-content\/uploads\/2017\/05\/ecumenical-prayer-300x225.jpg 300w, https:\/\/news.ecclesia.org.br\/wp-content\/uploads\/2017\/05\/ecumenical-prayer-768x576.jpg 768w, https:\/\/news.ecclesia.org.br\/wp-content\/uploads\/2017\/05\/ecumenical-prayer-600x450.jpg 600w, https:\/\/news.ecclesia.org.br\/wp-content\/uploads\/2017\/05\/ecumenical-prayer-73x55.jpg 73w, https:\/\/news.ecclesia.org.br\/wp-content\/uploads\/2017\/05\/ecumenical-prayer.jpg 960w\" sizes=\"(max-width: 300px) 100vw, 300px\" \/><\/a><figcaption id=\"caption-attachment-23401\" class=\"wp-caption-text\">Photo: Marianne Ejdersten\/WCC<\/figcaption><\/figure>\n<p style=\"text-align: justify;\">Cairo, EGITO, 30 de abril de 2017 &#8212; Os l\u00edderes de Igrejas, com o Papa Tawadros II e o Papa Francisco, reuniram-se para rezar pelo povo do Egito, por unidade, paz e justi\u00e7a, na capela dos Santos Ap\u00f3stolos Pedro e Paulo no interior da Catedral Ortodoxa Copta de S\u00e3o Marcos, restaurada ap\u00f3s ser bombardeada em dezembro de 2016. O Papa Francisco e o Papa Tawadros entraram juntos na mesma igreja onde 29 pessoas morreram e outras 47 ficaram feridas em 11 de dezembro de 2016. No interior da pequena capela, cada um dos oito l\u00edderes crist\u00e3os estavam sentados diante da da assembleia: Papa Francisco, da Igreja de Roma; Papa Tawadros, da Igreja Copta Ortodoxa de Alexandria; Patriarca Ecum\u00eanico Bartolomeu I, Arcebispo de Constantinopla; Papa e Patriarca Teodoro II, de Alexandria e de toda a \u00c1frica; Patriarca Ibrahim, da Igreja Cat\u00f3lica Copta de Alexandria; Arcebispo anglicano Mouneer Anis, Primaz da Prov\u00edncia de Jerusal\u00e9m e do Oriente M\u00e9dio; Patriarca Greg\u00f3rio III Laham, de Antioquia e de todo o Oriente, Alexandria e Jerusal\u00e9m; e o Rev. Dr. Andrea Zaki, presidente da Comunidade Protestante do Egito e diretor da Organiza\u00e7\u00e3o Evang\u00e9lica Copta para os Servi\u00e7os Sociais. Cada um dos l\u00edderes leu um vers\u00edculo das bem-aventuran\u00e7as do Evangelho de S\u00e3o Mateus. O Papa Francisco e o Papa Tawadros II disseram ent\u00e3o algumas palavras em forma de prece, e todos compartilharam um gesto simb\u00f3lico de paz. Pouco antes da ora\u00e7\u00e3o ecum\u00eanica, em um movimento hist\u00f3rico e significativo para o fortalecimento da unidade dos crist\u00e3os, o Papa Tawadros II e o Papa Francisco de Roma assinaram uma declara\u00e7\u00e3o comum sobre o sacramento do batismo.<\/p>\n<p style=\"text-align: center;\"><iframe src=\"https:\/\/www.youtube.com\/embed\/PMC4cvecPtU\" width=\"640\" height=\"360\" frameborder=\"0\" allowfullscreen=\"allowfullscreen\"><\/iframe><\/p>\n<hr \/>\n<p style=\"text-align: right;\">Fonte: <a href=\"https:\/\/www.oikoumene.org\/en\/press-centre\/news\/historical-ecumenical-prayer-in-egypt-for-peace-and-unity\/\" target=\"_blank\" rel=\"noopener noreferrer\">WCC<\/a><\/p>\n","protected":false},"excerpt":{"rendered":"<p>Cairo, EGITO, 30 de abril de 2017 &#8212; Os l\u00edderes de Igrejas, com o Papa Tawadros II e o Papa Francisco, reuniram-se para rezar pelo povo do Egito, por unidade, paz e justi\u00e7a, na capela dos Santos Ap\u00f3stolos Pedro e&#8230;<\/p>\n","protected":false},"author":1,"featured_media":23401,"comment_status":"open","ping_status":"open","sticky":false,"template":"","format":"standard","meta":{"_acf_changed":false,"footnotes":""},"categories":[1],"tags":[],"class_list":["post-23400","post","type-post","status-publish","format-standard","has-post-thumbnail","hentry","category-news","entry","rows-excerpt"],"acf":[],"yoast_head":"<!-- This site is optimized with the Yoast SEO plugin v27.5 - https:\/\/yoast.com\/product\/yoast-seo-wordpress\/ -->\n<title>Hist\u00f3rica &quot;Ora\u00e7\u00e3o Ecum\u00eanica pela Paz e a Unidade&quot; re\u00fane principais lideran\u00e7as crist\u00e3s no Egito | ECCLESIA NEWS<\/title>\n<meta name=\"robots\" content=\"index, follow, max-snippet:-1, max-image-preview:large, max-video-preview:-1\" \/>\n<link rel=\"canonical\" href=\"https:\/\/news.ecclesia.org.br\/?p=23400\" \/>\n<meta property=\"og:locale\" content=\"pt_BR\" \/>\n<meta property=\"og:type\" content=\"article\" \/>\n<meta property=\"og:title\" content=\"Hist\u00f3rica &quot;Ora\u00e7\u00e3o Ecum\u00eanica pela Paz e a Unidade&quot; re\u00fane principais lideran\u00e7as crist\u00e3s no Egito | ECCLESIA NEWS\" \/>\n<meta property=\"og:description\" content=\"Cairo, EGITO, 30 de abril de 2017 &#8212; Os l\u00edderes de Igrejas, com o Papa Tawadros II e o Papa Francisco, reuniram-se para rezar pelo povo do Egito, por unidade, paz e justi\u00e7a, na capela dos Santos Ap\u00f3stolos Pedro e&#8230;\" \/>\n<meta property=\"og:url\" content=\"https:\/\/news.ecclesia.org.br\/?p=23400\" \/>\n<meta property=\"og:site_name\" content=\"ECCLESIA NEWS\" \/>\n<meta property=\"article:publisher\" content=\"https:\/\/www.facebook.com\/Ecclesia2025\" \/>\n<meta property=\"article:published_time\" content=\"2017-05-02T00:59:59+00:00\" \/>\n<meta property=\"article:modified_time\" content=\"2017-05-02T01:09:29+00:00\" \/>\n<meta property=\"og:image\" content=\"https:\/\/news.ecclesia.org.br\/wp-content\/uploads\/2017\/05\/ecumenical-prayer.jpg\" \/>\n\t<meta property=\"og:image:width\" content=\"960\" \/>\n\t<meta property=\"og:image:height\" content=\"720\" \/>\n\t<meta property=\"og:image:type\" content=\"image\/jpeg\" \/>\n<meta name=\"author\" content=\"Pe. Andr\u00e9\" \/>\n<meta name=\"twitter:card\" content=\"summary_large_image\" \/>\n<meta name=\"twitter:creator\" content=\"@EcclesiaNews\" \/>\n<meta name=\"twitter:site\" content=\"@EcclesiaNews\" \/>\n<meta name=\"twitter:label1\" content=\"Escrito por\" \/>\n\t<meta name=\"twitter:data1\" content=\"Pe. Andr\u00e9\" \/>\n\t<meta name=\"twitter:label2\" content=\"Est. tempo de leitura\" \/>\n\t<meta name=\"twitter:data2\" content=\"2 minutos\" \/>\n<script type=\"application\/ld+json\" class=\"yoast-schema-graph\">{\"@context\":\"https:\\\/\\\/schema.org\",\"@graph\":[{\"@type\":\"Article\",\"@id\":\"https:\\\/\\\/news.ecclesia.org.br\\\/?p=23400#article\",\"isPartOf\":{\"@id\":\"https:\\\/\\\/news.ecclesia.org.br\\\/?p=23400\"},\"author\":{\"name\":\"Pe. Andr\u00e9\",\"@id\":\"https:\\\/\\\/news.ecclesia.org.br\\\/#\\\/schema\\\/person\\\/6f09597f025829745ba414a569f63758\"},\"headline\":\"Hist\u00f3rica &#8220;Ora\u00e7\u00e3o Ecum\u00eanica pela Paz e a Unidade&#8221; re\u00fane principais lideran\u00e7as crist\u00e3s no Egito\",\"datePublished\":\"2017-05-02T00:59:59+00:00\",\"dateModified\":\"2017-05-02T01:09:29+00:00\",\"mainEntityOfPage\":{\"@id\":\"https:\\\/\\\/news.ecclesia.org.br\\\/?p=23400\"},\"wordCount\":321,\"commentCount\":0,\"publisher\":{\"@id\":\"https:\\\/\\\/news.ecclesia.org.br\\\/#organization\"},\"image\":{\"@id\":\"https:\\\/\\\/news.ecclesia.org.br\\\/?p=23400#primaryimage\"},\"thumbnailUrl\":\"https:\\\/\\\/news.ecclesia.org.br\\\/wp-content\\\/uploads\\\/2017\\\/05\\\/ecumenical-prayer.jpg\",\"articleSection\":[\"NEWS\"],\"inLanguage\":\"pt-BR\",\"potentialAction\":[{\"@type\":\"CommentAction\",\"name\":\"Comment\",\"target\":[\"https:\\\/\\\/news.ecclesia.org.br\\\/?p=23400#respond\"]}]},{\"@type\":\"WebPage\",\"@id\":\"https:\\\/\\\/news.ecclesia.org.br\\\/?p=23400\",\"url\":\"https:\\\/\\\/news.ecclesia.org.br\\\/?p=23400\",\"name\":\"Hist\u00f3rica \\\"Ora\u00e7\u00e3o Ecum\u00eanica pela Paz e a Unidade\\\" re\u00fane principais lideran\u00e7as crist\u00e3s no Egito | ECCLESIA NEWS\",\"isPartOf\":{\"@id\":\"https:\\\/\\\/news.ecclesia.org.br\\\/#website\"},\"primaryImageOfPage\":{\"@id\":\"https:\\\/\\\/news.ecclesia.org.br\\\/?p=23400#primaryimage\"},\"image\":{\"@id\":\"https:\\\/\\\/news.ecclesia.org.br\\\/?p=23400#primaryimage\"},\"thumbnailUrl\":\"https:\\\/\\\/news.ecclesia.org.br\\\/wp-content\\\/uploads\\\/2017\\\/05\\\/ecumenical-prayer.jpg\",\"datePublished\":\"2017-05-02T00:59:59+00:00\",\"dateModified\":\"2017-05-02T01:09:29+00:00\",\"breadcrumb\":{\"@id\":\"https:\\\/\\\/news.ecclesia.org.br\\\/?p=23400#breadcrumb\"},\"inLanguage\":\"pt-BR\",\"potentialAction\":[{\"@type\":\"ReadAction\",\"target\":[\"https:\\\/\\\/news.ecclesia.org.br\\\/?p=23400\"]}]},{\"@type\":\"ImageObject\",\"inLanguage\":\"pt-BR\",\"@id\":\"https:\\\/\\\/news.ecclesia.org.br\\\/?p=23400#primaryimage\",\"url\":\"https:\\\/\\\/news.ecclesia.org.br\\\/wp-content\\\/uploads\\\/2017\\\/05\\\/ecumenical-prayer.jpg\",\"contentUrl\":\"https:\\\/\\\/news.ecclesia.org.br\\\/wp-content\\\/uploads\\\/2017\\\/05\\\/ecumenical-prayer.jpg\",\"width\":960,\"height\":720},{\"@type\":\"BreadcrumbList\",\"@id\":\"https:\\\/\\\/news.ecclesia.org.br\\\/?p=23400#breadcrumb\",\"itemListElement\":[{\"@type\":\"ListItem\",\"position\":1,\"name\":\"In\u00edcio\",\"item\":\"https:\\\/\\\/news.ecclesia.org.br\\\/\"},{\"@type\":\"ListItem\",\"position\":2,\"name\":\"Hist\u00f3rica &#8220;Ora\u00e7\u00e3o Ecum\u00eanica pela Paz e a Unidade&#8221; re\u00fane principais lideran\u00e7as crist\u00e3s no Egito\"}]},{\"@type\":\"WebSite\",\"@id\":\"https:\\\/\\\/news.ecclesia.org.br\\\/#website\",\"url\":\"https:\\\/\\\/news.ecclesia.org.br\\\/\",\"name\":\"Ecclesia Brasil\",\"description\":\"Desde 2003 onectando o Brasil ao mundo ortodoxo!\",\"publisher\":{\"@id\":\"https:\\\/\\\/news.ecclesia.org.br\\\/#organization\"},\"alternateName\":\"Ecclesia\",\"potentialAction\":[{\"@type\":\"SearchAction\",\"target\":{\"@type\":\"EntryPoint\",\"urlTemplate\":\"https:\\\/\\\/news.ecclesia.org.br\\\/?s={search_term_string}\"},\"query-input\":{\"@type\":\"PropertyValueSpecification\",\"valueRequired\":true,\"valueName\":\"search_term_string\"}}],\"inLanguage\":\"pt-BR\"},{\"@type\":\"Organization\",\"@id\":\"https:\\\/\\\/news.ecclesia.org.br\\\/#organization\",\"name\":\"Sacra Arquidiocese de Buenos Aires e Am\u00e9rica do Sul | Patriarcado Ecum\u00eanico\",\"alternateName\":\"News Ecclesia Brasil\",\"url\":\"https:\\\/\\\/news.ecclesia.org.br\\\/\",\"logo\":{\"@type\":\"ImageObject\",\"inLanguage\":\"pt-BR\",\"@id\":\"https:\\\/\\\/news.ecclesia.org.br\\\/#\\\/schema\\\/logo\\\/image\\\/\",\"url\":\"https:\\\/\\\/news.ecclesia.org.br\\\/wp-content\\\/uploads\\\/2025\\\/05\\\/ecclesia2.png\",\"contentUrl\":\"https:\\\/\\\/news.ecclesia.org.br\\\/wp-content\\\/uploads\\\/2025\\\/05\\\/ecclesia2.png\",\"width\":480,\"height\":120,\"caption\":\"Sacra Arquidiocese de Buenos Aires e Am\u00e9rica do Sul | Patriarcado Ecum\u00eanico\"},\"image\":{\"@id\":\"https:\\\/\\\/news.ecclesia.org.br\\\/#\\\/schema\\\/logo\\\/image\\\/\"},\"sameAs\":[\"https:\\\/\\\/www.facebook.com\\\/Ecclesia2025\",\"https:\\\/\\\/x.com\\\/EcclesiaNews\",\"https:\\\/\\\/br.pinterest.com\\\/ekklisia\\\/\",\"https:\\\/\\\/www.youtube.com\\\/@EcclesiaBrasil\"]},{\"@type\":\"Person\",\"@id\":\"https:\\\/\\\/news.ecclesia.org.br\\\/#\\\/schema\\\/person\\\/6f09597f025829745ba414a569f63758\",\"name\":\"Pe. Andr\u00e9\",\"image\":{\"@type\":\"ImageObject\",\"inLanguage\":\"pt-BR\",\"@id\":\"https:\\\/\\\/secure.gravatar.com\\\/avatar\\\/b4327cfa27e9799da239a26adcd534fc29cdc0c4a4a148eecbcfeb9b42c617ac?s=96&d=mm&r=g\",\"url\":\"https:\\\/\\\/secure.gravatar.com\\\/avatar\\\/b4327cfa27e9799da239a26adcd534fc29cdc0c4a4a148eecbcfeb9b42c617ac?s=96&d=mm&r=g\",\"contentUrl\":\"https:\\\/\\\/secure.gravatar.com\\\/avatar\\\/b4327cfa27e9799da239a26adcd534fc29cdc0c4a4a148eecbcfeb9b42c617ac?s=96&d=mm&r=g\",\"caption\":\"Pe. Andr\u00e9\"},\"sameAs\":[\"https:\\\/\\\/www.ecclesia.org.br\"]}]}<\/script>\n<!-- \/ Yoast SEO plugin. -->","yoast_head_json":{"title":"Hist\u00f3rica \"Ora\u00e7\u00e3o Ecum\u00eanica pela Paz e a Unidade\" re\u00fane principais lideran\u00e7as crist\u00e3s no Egito | ECCLESIA NEWS","robots":{"index":"index","follow":"follow","max-snippet":"max-snippet:-1","max-image-preview":"max-image-preview:large","max-video-preview":"max-video-preview:-1"},"canonical":"https:\/\/news.ecclesia.org.br\/?p=23400","og_locale":"pt_BR","og_type":"article","og_title":"Hist\u00f3rica \"Ora\u00e7\u00e3o Ecum\u00eanica pela Paz e a Unidade\" re\u00fane principais lideran\u00e7as crist\u00e3s no Egito | ECCLESIA NEWS","og_description":"Cairo, EGITO, 30 de abril de 2017 &#8212; Os l\u00edderes de Igrejas, com o Papa Tawadros II e o Papa Francisco, reuniram-se para rezar pelo povo do Egito, por unidade, paz e justi\u00e7a, na capela dos Santos Ap\u00f3stolos Pedro e&#8230;","og_url":"https:\/\/news.ecclesia.org.br\/?p=23400","og_site_name":"ECCLESIA NEWS","article_publisher":"https:\/\/www.facebook.com\/Ecclesia2025","article_published_time":"2017-05-02T00:59:59+00:00","article_modified_time":"2017-05-02T01:09:29+00:00","og_image":[{"width":960,"height":720,"url":"https:\/\/news.ecclesia.org.br\/wp-content\/uploads\/2017\/05\/ecumenical-prayer.jpg","type":"image\/jpeg"}],"author":"Pe. Andr\u00e9","twitter_card":"summary_large_image","twitter_creator":"@EcclesiaNews","twitter_site":"@EcclesiaNews","twitter_misc":{"Escrito por":"Pe. Andr\u00e9","Est. tempo de leitura":"2 minutos"},"schema":{"@context":"https:\/\/schema.org","@graph":[{"@type":"Article","@id":"https:\/\/news.ecclesia.org.br\/?p=23400#article","isPartOf":{"@id":"https:\/\/news.ecclesia.org.br\/?p=23400"},"author":{"name":"Pe. Andr\u00e9","@id":"https:\/\/news.ecclesia.org.br\/#\/schema\/person\/6f09597f025829745ba414a569f63758"},"headline":"Hist\u00f3rica &#8220;Ora\u00e7\u00e3o Ecum\u00eanica pela Paz e a Unidade&#8221; re\u00fane principais lideran\u00e7as crist\u00e3s no Egito","datePublished":"2017-05-02T00:59:59+00:00","dateModified":"2017-05-02T01:09:29+00:00","mainEntityOfPage":{"@id":"https:\/\/news.ecclesia.org.br\/?p=23400"},"wordCount":321,"commentCount":0,"publisher":{"@id":"https:\/\/news.ecclesia.org.br\/#organization"},"image":{"@id":"https:\/\/news.ecclesia.org.br\/?p=23400#primaryimage"},"thumbnailUrl":"https:\/\/news.ecclesia.org.br\/wp-content\/uploads\/2017\/05\/ecumenical-prayer.jpg","articleSection":["NEWS"],"inLanguage":"pt-BR","potentialAction":[{"@type":"CommentAction","name":"Comment","target":["https:\/\/news.ecclesia.org.br\/?p=23400#respond"]}]},{"@type":"WebPage","@id":"https:\/\/news.ecclesia.org.br\/?p=23400","url":"https:\/\/news.ecclesia.org.br\/?p=23400","name":"Hist\u00f3rica \"Ora\u00e7\u00e3o Ecum\u00eanica pela Paz e a Unidade\" re\u00fane principais lideran\u00e7as crist\u00e3s no Egito | ECCLESIA NEWS","isPartOf":{"@id":"https:\/\/news.ecclesia.org.br\/#website"},"primaryImageOfPage":{"@id":"https:\/\/news.ecclesia.org.br\/?p=23400#primaryimage"},"image":{"@id":"https:\/\/news.ecclesia.org.br\/?p=23400#primaryimage"},"thumbnailUrl":"https:\/\/news.ecclesia.org.br\/wp-content\/uploads\/2017\/05\/ecumenical-prayer.jpg","datePublished":"2017-05-02T00:59:59+00:00","dateModified":"2017-05-02T01:09:29+00:00","breadcrumb":{"@id":"https:\/\/news.ecclesia.org.br\/?p=23400#breadcrumb"},"inLanguage":"pt-BR","potentialAction":[{"@type":"ReadAction","target":["https:\/\/news.ecclesia.org.br\/?p=23400"]}]},{"@type":"ImageObject","inLanguage":"pt-BR","@id":"https:\/\/news.ecclesia.org.br\/?p=23400#primaryimage","url":"https:\/\/news.ecclesia.org.br\/wp-content\/uploads\/2017\/05\/ecumenical-prayer.jpg","contentUrl":"https:\/\/news.ecclesia.org.br\/wp-content\/uploads\/2017\/05\/ecumenical-prayer.jpg","width":960,"height":720},{"@type":"BreadcrumbList","@id":"https:\/\/news.ecclesia.org.br\/?p=23400#breadcrumb","itemListElement":[{"@type":"ListItem","position":1,"name":"In\u00edcio","item":"https:\/\/news.ecclesia.org.br\/"},{"@type":"ListItem","position":2,"name":"Hist\u00f3rica &#8220;Ora\u00e7\u00e3o Ecum\u00eanica pela Paz e a Unidade&#8221; re\u00fane principais lideran\u00e7as crist\u00e3s no Egito"}]},{"@type":"WebSite","@id":"https:\/\/news.ecclesia.org.br\/#website","url":"https:\/\/news.ecclesia.org.br\/","name":"Ecclesia Brasil","description":"Desde 2003 onectando o Brasil ao mundo ortodoxo!","publisher":{"@id":"https:\/\/news.ecclesia.org.br\/#organization"},"alternateName":"Ecclesia","potentialAction":[{"@type":"SearchAction","target":{"@type":"EntryPoint","urlTemplate":"https:\/\/news.ecclesia.org.br\/?s={search_term_string}"},"query-input":{"@type":"PropertyValueSpecification","valueRequired":true,"valueName":"search_term_string"}}],"inLanguage":"pt-BR"},{"@type":"Organization","@id":"https:\/\/news.ecclesia.org.br\/#organization","name":"Sacra Arquidiocese de Buenos Aires e Am\u00e9rica do Sul | Patriarcado Ecum\u00eanico","alternateName":"News Ecclesia Brasil","url":"https:\/\/news.ecclesia.org.br\/","logo":{"@type":"ImageObject","inLanguage":"pt-BR","@id":"https:\/\/news.ecclesia.org.br\/#\/schema\/logo\/image\/","url":"https:\/\/news.ecclesia.org.br\/wp-content\/uploads\/2025\/05\/ecclesia2.png","contentUrl":"https:\/\/news.ecclesia.org.br\/wp-content\/uploads\/2025\/05\/ecclesia2.png","width":480,"height":120,"caption":"Sacra Arquidiocese de Buenos Aires e Am\u00e9rica do Sul | Patriarcado Ecum\u00eanico"},"image":{"@id":"https:\/\/news.ecclesia.org.br\/#\/schema\/logo\/image\/"},"sameAs":["https:\/\/www.facebook.com\/Ecclesia2025","https:\/\/x.com\/EcclesiaNews","https:\/\/br.pinterest.com\/ekklisia\/","https:\/\/www.youtube.com\/@EcclesiaBrasil"]},{"@type":"Person","@id":"https:\/\/news.ecclesia.org.br\/#\/schema\/person\/6f09597f025829745ba414a569f63758","name":"Pe. Andr\u00e9","image":{"@type":"ImageObject","inLanguage":"pt-BR","@id":"https:\/\/secure.gravatar.com\/avatar\/b4327cfa27e9799da239a26adcd534fc29cdc0c4a4a148eecbcfeb9b42c617ac?s=96&d=mm&r=g","url":"https:\/\/secure.gravatar.com\/avatar\/b4327cfa27e9799da239a26adcd534fc29cdc0c4a4a148eecbcfeb9b42c617ac?s=96&d=mm&r=g","contentUrl":"https:\/\/secure.gravatar.com\/avatar\/b4327cfa27e9799da239a26adcd534fc29cdc0c4a4a148eecbcfeb9b42c617ac?s=96&d=mm&r=g","caption":"Pe. Andr\u00e9"},"sameAs":["https:\/\/www.ecclesia.org.br"]}]}},"_links":{"self":[{"href":"https:\/\/news.ecclesia.org.br\/index.php?rest_route=\/wp\/v2\/posts\/23400","targetHints":{"allow":["GET"]}}],"collection":[{"href":"https:\/\/news.ecclesia.org.br\/index.php?rest_route=\/wp\/v2\/posts"}],"about":[{"href":"https:\/\/news.ecclesia.org.br\/index.php?rest_route=\/wp\/v2\/types\/post"}],"author":[{"embeddable":true,"href":"https:\/\/news.ecclesia.org.br\/index.php?rest_route=\/wp\/v2\/users\/1"}],"replies":[{"embeddable":true,"href":"https:\/\/news.ecclesia.org.br\/index.php?rest_route=%2Fwp%2Fv2%2Fcomments&post=23400"}],"version-history":[{"count":0,"href":"https:\/\/news.ecclesia.org.br\/index.php?rest_route=\/wp\/v2\/posts\/23400\/revisions"}],"wp:featuredmedia":[{"embeddable":true,"href":"https:\/\/news.ecclesia.org.br\/index.php?rest_route=\/wp\/v2\/media\/23401"}],"wp:attachment":[{"href":"https:\/\/news.ecclesia.org.br\/index.php?rest_route=%2Fwp%2Fv2%2Fmedia&parent=23400"}],"wp:term":[{"taxonomy":"category","embeddable":true,"href":"https:\/\/news.ecclesia.org.br\/index.php?rest_route=%2Fwp%2Fv2%2Fcategories&post=23400"},{"taxonomy":"post_tag","embeddable":true,"href":"https:\/\/news.ecclesia.org.br\/index.php?rest_route=%2Fwp%2Fv2%2Ftags&post=23400"}],"curies":[{"name":"wp","href":"https:\/\/api.w.org\/{rel}","templated":true}]}}