{"id":23384,"date":"2017-04-27T23:56:54","date_gmt":"2017-04-27T23:56:54","guid":{"rendered":"https:\/\/news.ecclesia.org.br\/2013\/?p=23384"},"modified":"2017-04-27T23:57:56","modified_gmt":"2017-04-27T23:57:56","slug":"patriarca-ecumenico-visita-o-conselho-mundial-de-igrejas-wcc","status":"publish","type":"post","link":"https:\/\/news.ecclesia.org.br\/?p=23384","title":{"rendered":"Patriarca Ecum\u00eanico visita o Conselho Mundial de Igrejas &#8211; WCC"},"content":{"rendered":"<figure id=\"attachment_23385\" aria-describedby=\"caption-attachment-23385\" style=\"width: 300px\" class=\"wp-caption alignleft\"><a href=\"https:\/\/news.ecclesia.org.br\/2013\/wp-content\/uploads\/2017\/04\/patriarca-bartolomeu.jpg\"><img fetchpriority=\"high\" decoding=\"async\" class=\"size-medium wp-image-23385\" src=\"https:\/\/news.ecclesia.org.br\/2013\/wp-content\/uploads\/2017\/04\/patriarca-bartolomeu-300x231.jpg\" alt=\"\" width=\"300\" height=\"231\" srcset=\"https:\/\/news.ecclesia.org.br\/wp-content\/uploads\/2017\/04\/patriarca-bartolomeu-300x231.jpg 300w, https:\/\/news.ecclesia.org.br\/wp-content\/uploads\/2017\/04\/patriarca-bartolomeu-768x592.jpg 768w, https:\/\/news.ecclesia.org.br\/wp-content\/uploads\/2017\/04\/patriarca-bartolomeu-600x463.jpg 600w, https:\/\/news.ecclesia.org.br\/wp-content\/uploads\/2017\/04\/patriarca-bartolomeu-71x55.jpg 71w, https:\/\/news.ecclesia.org.br\/wp-content\/uploads\/2017\/04\/patriarca-bartolomeu.jpg 960w\" sizes=\"(max-width: 300px) 100vw, 300px\" \/><\/a><figcaption id=\"caption-attachment-23385\" class=\"wp-caption-text\">Sua Santidade Bartolomeu I, Patriarca Ecum\u00eanico, com o Dr. Olav Fykse Tveit. \u00a9 Albin Hillert\/WCC<\/figcaption><\/figure>\n<p style=\"text-align: justify;\"><strong>24\/04\/2017 &#8212; S. Bartolomeu I, Patriarca Ecum\u00eanico, fez um pronunciamento no Centro Ecum\u00eanico, em Genebra, em 24 de abril de 2017, no contexto de sua visita oficial \u00e0 Su\u00ed\u00e7a por ocasi\u00e3o do 25\u00ba ou anivers\u00e1rio de sua entroniza\u00e7\u00e3o como Patriarca Ecum\u00eanico e o 50\u00ba anivers\u00e1rio do Centro Ortodoxo do Patriarcado Ecum\u00eanico em Chambesy.<\/strong><\/p>\n<p style=\"text-align: justify;\">Em seu longo discurso, o Patriarca falou aos presentes sobre as raz\u00f5es e realiza\u00e7\u00f5es do Santo e Grande Conc\u00edlio, reunido em Creta em junho de 2016, o papel da ci\u00eancia e da tecnologia na sociedade contempor\u00e2nea, o imperativo teol\u00f3gico de enfrentar o problema das mudan\u00e7as clim\u00e1ticas, a dif\u00edcil situa\u00e7\u00e3o e as perspectivas das crian\u00e7as de nosso tempo, a import\u00e2ncia do combate ao tr\u00e1fico de seres humanos e de formas modernas de escravid\u00e3o, e a necessidade de que todos os crist\u00e3os tratem estas quest\u00f5es de forma pr\u00e1tica.<\/p>\n<p style=\"text-align: justify;\">Enfrentando juntos todas estas quest\u00f5es, \u00abtemos de trabalhar unidos contra esse esp\u00edrito e na promo\u00e7\u00e3o de uma cultura da solidariedade, do respeito pelos outros e do di\u00e1logo. Al\u00e9m de sensibilizar as consci\u00eancias, devemos participar em iniciativas e a\u00e7\u00f5es concretas. Precisamos de uma maior mobiliza\u00e7\u00e3o em n\u00edvel pr\u00e1tico\u00bb, disse o Patriarca.<\/p>\n<p style=\"text-align: justify;\">Depois de lembrar que o Patriarcado Ecum\u00eanico foi decisivo, h\u00e1 cerca de cem anos, no in\u00edcio do movimento ecum\u00eanico e sua busca da unidade, Bartolomeu citou os feitos da Igreja e seu pr\u00f3prio compromisso com o CMI. Desde 1995, o Patriarca tem tido representa\u00e7\u00e3o permanente no CMI, em Genebra, atualmente exercida pelo arcebispo Job de Telmessos.<\/p>\n<p>Um elemento b\u00e1sico no espectro das preocupa\u00e7\u00f5es de Bartolomeu, disse o Patriarca, \u00e9 o firme e permanente compromisso das Igrejas Ortodoxas com o ecumenismo.<\/p>\n<blockquote>\n<p style=\"text-align: justify;\">\u00abN\u00f3s, ortodoxos, acreditamos firmemente que o objetivo e a raz\u00e3o de ser do movimento ecum\u00eanico e do Conselho Mundial de Igrejas \u00e9 tornar realidade a ora\u00e7\u00e3o do Senhor para \u2018que todos sejam um\u2019 (Jo 17, 21), bordada nesta bela tape\u00e7aria que decora a parede desta sala. Por este motivo, o Santo e Grande Conc\u00edlio refor\u00e7ou que \u2018a participa\u00e7\u00e3o ortodoxa no movimento para a restaura\u00e7\u00e3o da unidade com os outros crist\u00e3os na Igreja una, santa, cat\u00f3lica e apost\u00f3lica, n\u00e3o se op\u00f5e, em absoluto, \u00e0 natureza e hist\u00f3ria da Igreja Ortodoxa, mas que \u00e9 a express\u00e3o consequente da f\u00e9 e tradi\u00e7\u00e3o apost\u00f3lica sob novas circunst\u00e2ncias hist\u00f3ricas\u2019\u00bb.<\/p>\n<\/blockquote>\n<p style=\"text-align: justify;\">Bartolomeu, que comemora seus 25 anos como Patriarca Ecum\u00eanico e Arcebispo de Constantinopla, foi recebido no centro pelo Rev. Dr. Olav Fykse Tveit, secret\u00e1rio geral do CMI.<\/p>\n<p style=\"text-align: justify;\">Tveit se referiu a Bartolomeu como \u00abum dos l\u00edderes de Igreja mais respeitados na atualidade, em sua qualidade de l\u00edder das igrejas ortodoxas bizantinas no mundo\u00bb e enfatizou, de modo especial, a voz moral e o firme testemunho prof\u00e9tico do Patriarca no cen\u00e1rio internacional, bem como, para os simples crist\u00e3os, como ele, em todos os lugares.<\/p>\n<blockquote>\n<p style=\"text-align: justify;\">\u00abInspirou-me a clareza com que o Patriarca apresentou as dimens\u00f5es mais b\u00e1sicas e prof\u00e9ticas da nossa f\u00e9, mesmo diante das mais distintas audi\u00eancias, encorajando-as a adotar uma postura moral em nossos cuidados com a humanidade, os direitos humanos, a justi\u00e7a e a paz, assim como \u2013 e de modo particular &#8211; por toda a cria\u00e7\u00e3o de Deus neste planeta terra em que vivemos\u00bb, disse Tveit.<\/p>\n<\/blockquote>\n<p style=\"text-align: justify;\">Segundo Tveit, o discurso do Patriarca inspirou uma reflex\u00e3o renovada acerca da busca permanente e do car\u00e1ter inst\u00e1vel da unidade crist\u00e3 \u2013 em especial, em seu trabalho pelo mundo. \u2014 Por que, o que fazemos nesta casa e nessas organiza\u00e7\u00f5es, inspirados pelo chamamento \u00e0s igrejas a ser una, tem um valor a mais para a fam\u00edlia humana? Perguntou.<\/p>\n<p style=\"text-align: justify;\">Tveit sublinhou de modo muito enf\u00e1tico o pedido do Patriarca por solidariedade Ecum\u00eanica.<\/p>\n<blockquote>\n<p style=\"text-align: justify;\">\u00abEsta maneira de ser mutuamente respons\u00e1veis em nosso compromisso com o di\u00e1logo pode nos levar \u00e0 liberta\u00e7\u00e3o e nos ajudar a encontrar novas maneiras sustent\u00e1veis de avan\u00e7ar. O di\u00e1logo ecum\u00eanico pode servir ao mundo como caminho para ambos: a cruz e a ressurrei\u00e7\u00e3o. Nossa f\u00e9 comum em Jesus Cristo \u00e9, essencialmente, esperan\u00e7a\u00bb.<\/p>\n<\/blockquote>\n<p style=\"text-align: justify;\">Tendo em conta as observa\u00e7\u00f5es do Patriarca sobre \u00abo direito inviol\u00e1vel e inalien\u00e1vel\u00bb \u00e0 \u00e1gua e a sua not\u00e1vel lideran\u00e7a na \u00e1rea da justi\u00e7a clim\u00e1tica, Phiri destacou o trabalho do CMI nesta \u00e1rea e sua designa\u00e7\u00e3o em 2016 como membro da Comunidade Azul por seus esfor\u00e7os para garantir \u00e1gua pot\u00e1vel e saneamento como um direito humano. Em 2015, recordou, o CMI fez um apelo urgente \u00e0s pessoas e comunidades para que rejeitassem garrafas de \u00e1gua como um passo significativo para a justi\u00e7a da \u00e1gua, pedindo para que as igrejas liderassem esta luta contra as garrafas de \u00e1gua.<\/p>\n<p style=\"text-align: justify;\">Referindo-se \u00e0 peregrina\u00e7\u00e3o de Justi\u00e7a e Paz do CMI, Bartolomeu reiterou o seu convite a todas as igrejas-membros para \u00abcaminhar juntas em prol de uma busca comum, renovando a voca\u00e7\u00e3o da Igreja atrav\u00e9s da colabora\u00e7\u00e3o e participa\u00e7\u00e3o nas quest\u00f5es mais importantes em mat\u00e9ria de justi\u00e7a e paz, para a cura de um mundo cheio de conflitos, injusti\u00e7a e dor\u00bb.<\/p>\n<hr \/>\n<ul>\n<li style=\"text-align: justify;\"><a href=\"http:\/\/www.oikoumene.org\/es\/resources\/documents\/other-meetings\/address-of-his-all-holiness-ecumenical-patriarch-bartholomew?set_language=es\" target=\"_blank\" rel=\"noopener noreferrer\">Discurso de S. S. Bartolomeu I em espanhol<\/a><\/li>\n<li style=\"text-align: justify;\"><a href=\"http:\/\/www.oikoumene.org\/es\/press-centre\/news\/resources\/documents\/general-secretary\/speeches\/response-to-the-address-of-hah-the-ecumenical-patriarch-bartholomew-i\/\" target=\"_blank\" rel=\"noopener noreferrer\">Resposta ao discurso do Patriarca Ecum\u00eanico Bartolomeu I pelo Secret\u00e1rio Geral do CMI, Rev. Dr Olav Fykse Tveit<\/a><\/li>\n<\/ul>\n","protected":false},"excerpt":{"rendered":"<p>24\/04\/2017 &#8212; S. Bartolomeu I, Patriarca Ecum\u00eanico, fez um pronunciamento no Centro Ecum\u00eanico, em Genebra, em 24 de abril de 2017, no contexto de sua visita oficial \u00e0 Su\u00ed\u00e7a por ocasi\u00e3o do 25\u00ba ou anivers\u00e1rio de sua entroniza\u00e7\u00e3o como Patriarca&#8230;<\/p>\n","protected":false},"author":1,"featured_media":23385,"comment_status":"open","ping_status":"open","sticky":false,"template":"","format":"standard","meta":{"_acf_changed":false,"footnotes":""},"categories":[1,72],"tags":[],"class_list":["post-23384","post","type-post","status-publish","format-standard","has-post-thumbnail","hentry","category-news","category-patriarcado-ecumenico","entry","rows-excerpt"],"acf":[],"yoast_head":"<!-- This site is optimized with the Yoast SEO plugin v27.4 - https:\/\/yoast.com\/product\/yoast-seo-wordpress\/ -->\n<title>Patriarca Ecum\u00eanico visita o Conselho Mundial de Igrejas - WCC | ECCLESIA NEWS<\/title>\n<meta name=\"robots\" content=\"index, follow, max-snippet:-1, max-image-preview:large, max-video-preview:-1\" \/>\n<link rel=\"canonical\" href=\"https:\/\/news.ecclesia.org.br\/?p=23384\" \/>\n<meta property=\"og:locale\" content=\"pt_BR\" \/>\n<meta property=\"og:type\" content=\"article\" \/>\n<meta property=\"og:title\" content=\"Patriarca Ecum\u00eanico visita o Conselho Mundial de Igrejas - WCC | ECCLESIA NEWS\" \/>\n<meta property=\"og:description\" content=\"24\/04\/2017 &#8212; S. Bartolomeu I, Patriarca Ecum\u00eanico, fez um pronunciamento no Centro Ecum\u00eanico, em Genebra, em 24 de abril de 2017, no contexto de sua visita oficial \u00e0 Su\u00ed\u00e7a por ocasi\u00e3o do 25\u00ba ou anivers\u00e1rio de sua entroniza\u00e7\u00e3o como Patriarca&#8230;\" \/>\n<meta property=\"og:url\" content=\"https:\/\/news.ecclesia.org.br\/?p=23384\" \/>\n<meta property=\"og:site_name\" content=\"ECCLESIA NEWS\" \/>\n<meta property=\"article:publisher\" content=\"https:\/\/www.facebook.com\/Ecclesia2025\" \/>\n<meta property=\"article:published_time\" content=\"2017-04-27T23:56:54+00:00\" \/>\n<meta property=\"article:modified_time\" content=\"2017-04-27T23:57:56+00:00\" \/>\n<meta property=\"og:image\" content=\"https:\/\/news.ecclesia.org.br\/wp-content\/uploads\/2017\/04\/patriarca-bartolomeu.jpg\" \/>\n\t<meta property=\"og:image:width\" content=\"960\" \/>\n\t<meta property=\"og:image:height\" content=\"740\" \/>\n\t<meta property=\"og:image:type\" content=\"image\/jpeg\" \/>\n<meta name=\"author\" content=\"Pe. Andr\u00e9\" \/>\n<meta name=\"twitter:card\" content=\"summary_large_image\" \/>\n<meta name=\"twitter:creator\" content=\"@EcclesiaNews\" \/>\n<meta name=\"twitter:site\" content=\"@EcclesiaNews\" \/>\n<meta name=\"twitter:label1\" content=\"Escrito por\" \/>\n\t<meta name=\"twitter:data1\" content=\"Pe. Andr\u00e9\" \/>\n\t<meta name=\"twitter:label2\" content=\"Est. tempo de leitura\" \/>\n\t<meta name=\"twitter:data2\" content=\"5 minutos\" \/>\n<script type=\"application\/ld+json\" class=\"yoast-schema-graph\">{\"@context\":\"https:\\\/\\\/schema.org\",\"@graph\":[{\"@type\":\"Article\",\"@id\":\"https:\\\/\\\/news.ecclesia.org.br\\\/?p=23384#article\",\"isPartOf\":{\"@id\":\"https:\\\/\\\/news.ecclesia.org.br\\\/?p=23384\"},\"author\":{\"name\":\"Pe. Andr\u00e9\",\"@id\":\"https:\\\/\\\/news.ecclesia.org.br\\\/#\\\/schema\\\/person\\\/6f09597f025829745ba414a569f63758\"},\"headline\":\"Patriarca Ecum\u00eanico visita o Conselho Mundial de Igrejas &#8211; WCC\",\"datePublished\":\"2017-04-27T23:56:54+00:00\",\"dateModified\":\"2017-04-27T23:57:56+00:00\",\"mainEntityOfPage\":{\"@id\":\"https:\\\/\\\/news.ecclesia.org.br\\\/?p=23384\"},\"wordCount\":951,\"commentCount\":0,\"publisher\":{\"@id\":\"https:\\\/\\\/news.ecclesia.org.br\\\/#organization\"},\"image\":{\"@id\":\"https:\\\/\\\/news.ecclesia.org.br\\\/?p=23384#primaryimage\"},\"thumbnailUrl\":\"https:\\\/\\\/news.ecclesia.org.br\\\/wp-content\\\/uploads\\\/2017\\\/04\\\/patriarca-bartolomeu.jpg\",\"articleSection\":[\"NEWS\",\"Patriarcado Ecum\u00eanico\"],\"inLanguage\":\"pt-BR\",\"potentialAction\":[{\"@type\":\"CommentAction\",\"name\":\"Comment\",\"target\":[\"https:\\\/\\\/news.ecclesia.org.br\\\/?p=23384#respond\"]}]},{\"@type\":\"WebPage\",\"@id\":\"https:\\\/\\\/news.ecclesia.org.br\\\/?p=23384\",\"url\":\"https:\\\/\\\/news.ecclesia.org.br\\\/?p=23384\",\"name\":\"Patriarca Ecum\u00eanico visita o Conselho Mundial de Igrejas - WCC | ECCLESIA NEWS\",\"isPartOf\":{\"@id\":\"https:\\\/\\\/news.ecclesia.org.br\\\/#website\"},\"primaryImageOfPage\":{\"@id\":\"https:\\\/\\\/news.ecclesia.org.br\\\/?p=23384#primaryimage\"},\"image\":{\"@id\":\"https:\\\/\\\/news.ecclesia.org.br\\\/?p=23384#primaryimage\"},\"thumbnailUrl\":\"https:\\\/\\\/news.ecclesia.org.br\\\/wp-content\\\/uploads\\\/2017\\\/04\\\/patriarca-bartolomeu.jpg\",\"datePublished\":\"2017-04-27T23:56:54+00:00\",\"dateModified\":\"2017-04-27T23:57:56+00:00\",\"breadcrumb\":{\"@id\":\"https:\\\/\\\/news.ecclesia.org.br\\\/?p=23384#breadcrumb\"},\"inLanguage\":\"pt-BR\",\"potentialAction\":[{\"@type\":\"ReadAction\",\"target\":[\"https:\\\/\\\/news.ecclesia.org.br\\\/?p=23384\"]}]},{\"@type\":\"ImageObject\",\"inLanguage\":\"pt-BR\",\"@id\":\"https:\\\/\\\/news.ecclesia.org.br\\\/?p=23384#primaryimage\",\"url\":\"https:\\\/\\\/news.ecclesia.org.br\\\/wp-content\\\/uploads\\\/2017\\\/04\\\/patriarca-bartolomeu.jpg\",\"contentUrl\":\"https:\\\/\\\/news.ecclesia.org.br\\\/wp-content\\\/uploads\\\/2017\\\/04\\\/patriarca-bartolomeu.jpg\",\"width\":960,\"height\":740,\"caption\":\"Sua Santidade Bartolomeu I, Patriarca Ecum\u00eanico, com o Dr. Olav Fykse Tveit. \u00a9 Albin Hillert\\\/WCC\"},{\"@type\":\"BreadcrumbList\",\"@id\":\"https:\\\/\\\/news.ecclesia.org.br\\\/?p=23384#breadcrumb\",\"itemListElement\":[{\"@type\":\"ListItem\",\"position\":1,\"name\":\"In\u00edcio\",\"item\":\"https:\\\/\\\/news.ecclesia.org.br\\\/\"},{\"@type\":\"ListItem\",\"position\":2,\"name\":\"Patriarca Ecum\u00eanico visita o Conselho Mundial de Igrejas &#8211; WCC\"}]},{\"@type\":\"WebSite\",\"@id\":\"https:\\\/\\\/news.ecclesia.org.br\\\/#website\",\"url\":\"https:\\\/\\\/news.ecclesia.org.br\\\/\",\"name\":\"Ecclesia Brasil\",\"description\":\"Desde 2003 onectando o Brasil ao mundo ortodoxo!\",\"publisher\":{\"@id\":\"https:\\\/\\\/news.ecclesia.org.br\\\/#organization\"},\"alternateName\":\"Ecclesia\",\"potentialAction\":[{\"@type\":\"SearchAction\",\"target\":{\"@type\":\"EntryPoint\",\"urlTemplate\":\"https:\\\/\\\/news.ecclesia.org.br\\\/?s={search_term_string}\"},\"query-input\":{\"@type\":\"PropertyValueSpecification\",\"valueRequired\":true,\"valueName\":\"search_term_string\"}}],\"inLanguage\":\"pt-BR\"},{\"@type\":\"Organization\",\"@id\":\"https:\\\/\\\/news.ecclesia.org.br\\\/#organization\",\"name\":\"Sacra Arquidiocese de Buenos Aires e Am\u00e9rica do Sul | Patriarcado Ecum\u00eanico\",\"alternateName\":\"News Ecclesia Brasil\",\"url\":\"https:\\\/\\\/news.ecclesia.org.br\\\/\",\"logo\":{\"@type\":\"ImageObject\",\"inLanguage\":\"pt-BR\",\"@id\":\"https:\\\/\\\/news.ecclesia.org.br\\\/#\\\/schema\\\/logo\\\/image\\\/\",\"url\":\"https:\\\/\\\/news.ecclesia.org.br\\\/wp-content\\\/uploads\\\/2025\\\/05\\\/ecclesia2.png\",\"contentUrl\":\"https:\\\/\\\/news.ecclesia.org.br\\\/wp-content\\\/uploads\\\/2025\\\/05\\\/ecclesia2.png\",\"width\":480,\"height\":120,\"caption\":\"Sacra Arquidiocese de Buenos Aires e Am\u00e9rica do Sul | Patriarcado Ecum\u00eanico\"},\"image\":{\"@id\":\"https:\\\/\\\/news.ecclesia.org.br\\\/#\\\/schema\\\/logo\\\/image\\\/\"},\"sameAs\":[\"https:\\\/\\\/www.facebook.com\\\/Ecclesia2025\",\"https:\\\/\\\/x.com\\\/EcclesiaNews\",\"https:\\\/\\\/br.pinterest.com\\\/ekklisia\\\/\",\"https:\\\/\\\/www.youtube.com\\\/@EcclesiaBrasil\"]},{\"@type\":\"Person\",\"@id\":\"https:\\\/\\\/news.ecclesia.org.br\\\/#\\\/schema\\\/person\\\/6f09597f025829745ba414a569f63758\",\"name\":\"Pe. Andr\u00e9\",\"image\":{\"@type\":\"ImageObject\",\"inLanguage\":\"pt-BR\",\"@id\":\"https:\\\/\\\/secure.gravatar.com\\\/avatar\\\/b4327cfa27e9799da239a26adcd534fc29cdc0c4a4a148eecbcfeb9b42c617ac?s=96&d=mm&r=g\",\"url\":\"https:\\\/\\\/secure.gravatar.com\\\/avatar\\\/b4327cfa27e9799da239a26adcd534fc29cdc0c4a4a148eecbcfeb9b42c617ac?s=96&d=mm&r=g\",\"contentUrl\":\"https:\\\/\\\/secure.gravatar.com\\\/avatar\\\/b4327cfa27e9799da239a26adcd534fc29cdc0c4a4a148eecbcfeb9b42c617ac?s=96&d=mm&r=g\",\"caption\":\"Pe. Andr\u00e9\"},\"sameAs\":[\"https:\\\/\\\/www.ecclesia.org.br\"]}]}<\/script>\n<!-- \/ Yoast SEO plugin. -->","yoast_head_json":{"title":"Patriarca Ecum\u00eanico visita o Conselho Mundial de Igrejas - WCC | ECCLESIA NEWS","robots":{"index":"index","follow":"follow","max-snippet":"max-snippet:-1","max-image-preview":"max-image-preview:large","max-video-preview":"max-video-preview:-1"},"canonical":"https:\/\/news.ecclesia.org.br\/?p=23384","og_locale":"pt_BR","og_type":"article","og_title":"Patriarca Ecum\u00eanico visita o Conselho Mundial de Igrejas - WCC | ECCLESIA NEWS","og_description":"24\/04\/2017 &#8212; S. Bartolomeu I, Patriarca Ecum\u00eanico, fez um pronunciamento no Centro Ecum\u00eanico, em Genebra, em 24 de abril de 2017, no contexto de sua visita oficial \u00e0 Su\u00ed\u00e7a por ocasi\u00e3o do 25\u00ba ou anivers\u00e1rio de sua entroniza\u00e7\u00e3o como Patriarca&#8230;","og_url":"https:\/\/news.ecclesia.org.br\/?p=23384","og_site_name":"ECCLESIA NEWS","article_publisher":"https:\/\/www.facebook.com\/Ecclesia2025","article_published_time":"2017-04-27T23:56:54+00:00","article_modified_time":"2017-04-27T23:57:56+00:00","og_image":[{"width":960,"height":740,"url":"https:\/\/news.ecclesia.org.br\/wp-content\/uploads\/2017\/04\/patriarca-bartolomeu.jpg","type":"image\/jpeg"}],"author":"Pe. Andr\u00e9","twitter_card":"summary_large_image","twitter_creator":"@EcclesiaNews","twitter_site":"@EcclesiaNews","twitter_misc":{"Escrito por":"Pe. Andr\u00e9","Est. tempo de leitura":"5 minutos"},"schema":{"@context":"https:\/\/schema.org","@graph":[{"@type":"Article","@id":"https:\/\/news.ecclesia.org.br\/?p=23384#article","isPartOf":{"@id":"https:\/\/news.ecclesia.org.br\/?p=23384"},"author":{"name":"Pe. Andr\u00e9","@id":"https:\/\/news.ecclesia.org.br\/#\/schema\/person\/6f09597f025829745ba414a569f63758"},"headline":"Patriarca Ecum\u00eanico visita o Conselho Mundial de Igrejas &#8211; WCC","datePublished":"2017-04-27T23:56:54+00:00","dateModified":"2017-04-27T23:57:56+00:00","mainEntityOfPage":{"@id":"https:\/\/news.ecclesia.org.br\/?p=23384"},"wordCount":951,"commentCount":0,"publisher":{"@id":"https:\/\/news.ecclesia.org.br\/#organization"},"image":{"@id":"https:\/\/news.ecclesia.org.br\/?p=23384#primaryimage"},"thumbnailUrl":"https:\/\/news.ecclesia.org.br\/wp-content\/uploads\/2017\/04\/patriarca-bartolomeu.jpg","articleSection":["NEWS","Patriarcado Ecum\u00eanico"],"inLanguage":"pt-BR","potentialAction":[{"@type":"CommentAction","name":"Comment","target":["https:\/\/news.ecclesia.org.br\/?p=23384#respond"]}]},{"@type":"WebPage","@id":"https:\/\/news.ecclesia.org.br\/?p=23384","url":"https:\/\/news.ecclesia.org.br\/?p=23384","name":"Patriarca Ecum\u00eanico visita o Conselho Mundial de Igrejas - WCC | ECCLESIA NEWS","isPartOf":{"@id":"https:\/\/news.ecclesia.org.br\/#website"},"primaryImageOfPage":{"@id":"https:\/\/news.ecclesia.org.br\/?p=23384#primaryimage"},"image":{"@id":"https:\/\/news.ecclesia.org.br\/?p=23384#primaryimage"},"thumbnailUrl":"https:\/\/news.ecclesia.org.br\/wp-content\/uploads\/2017\/04\/patriarca-bartolomeu.jpg","datePublished":"2017-04-27T23:56:54+00:00","dateModified":"2017-04-27T23:57:56+00:00","breadcrumb":{"@id":"https:\/\/news.ecclesia.org.br\/?p=23384#breadcrumb"},"inLanguage":"pt-BR","potentialAction":[{"@type":"ReadAction","target":["https:\/\/news.ecclesia.org.br\/?p=23384"]}]},{"@type":"ImageObject","inLanguage":"pt-BR","@id":"https:\/\/news.ecclesia.org.br\/?p=23384#primaryimage","url":"https:\/\/news.ecclesia.org.br\/wp-content\/uploads\/2017\/04\/patriarca-bartolomeu.jpg","contentUrl":"https:\/\/news.ecclesia.org.br\/wp-content\/uploads\/2017\/04\/patriarca-bartolomeu.jpg","width":960,"height":740,"caption":"Sua Santidade Bartolomeu I, Patriarca Ecum\u00eanico, com o Dr. Olav Fykse Tveit. \u00a9 Albin Hillert\/WCC"},{"@type":"BreadcrumbList","@id":"https:\/\/news.ecclesia.org.br\/?p=23384#breadcrumb","itemListElement":[{"@type":"ListItem","position":1,"name":"In\u00edcio","item":"https:\/\/news.ecclesia.org.br\/"},{"@type":"ListItem","position":2,"name":"Patriarca Ecum\u00eanico visita o Conselho Mundial de Igrejas &#8211; WCC"}]},{"@type":"WebSite","@id":"https:\/\/news.ecclesia.org.br\/#website","url":"https:\/\/news.ecclesia.org.br\/","name":"Ecclesia Brasil","description":"Desde 2003 onectando o Brasil ao mundo ortodoxo!","publisher":{"@id":"https:\/\/news.ecclesia.org.br\/#organization"},"alternateName":"Ecclesia","potentialAction":[{"@type":"SearchAction","target":{"@type":"EntryPoint","urlTemplate":"https:\/\/news.ecclesia.org.br\/?s={search_term_string}"},"query-input":{"@type":"PropertyValueSpecification","valueRequired":true,"valueName":"search_term_string"}}],"inLanguage":"pt-BR"},{"@type":"Organization","@id":"https:\/\/news.ecclesia.org.br\/#organization","name":"Sacra Arquidiocese de Buenos Aires e Am\u00e9rica do Sul | Patriarcado Ecum\u00eanico","alternateName":"News Ecclesia Brasil","url":"https:\/\/news.ecclesia.org.br\/","logo":{"@type":"ImageObject","inLanguage":"pt-BR","@id":"https:\/\/news.ecclesia.org.br\/#\/schema\/logo\/image\/","url":"https:\/\/news.ecclesia.org.br\/wp-content\/uploads\/2025\/05\/ecclesia2.png","contentUrl":"https:\/\/news.ecclesia.org.br\/wp-content\/uploads\/2025\/05\/ecclesia2.png","width":480,"height":120,"caption":"Sacra Arquidiocese de Buenos Aires e Am\u00e9rica do Sul | Patriarcado Ecum\u00eanico"},"image":{"@id":"https:\/\/news.ecclesia.org.br\/#\/schema\/logo\/image\/"},"sameAs":["https:\/\/www.facebook.com\/Ecclesia2025","https:\/\/x.com\/EcclesiaNews","https:\/\/br.pinterest.com\/ekklisia\/","https:\/\/www.youtube.com\/@EcclesiaBrasil"]},{"@type":"Person","@id":"https:\/\/news.ecclesia.org.br\/#\/schema\/person\/6f09597f025829745ba414a569f63758","name":"Pe. Andr\u00e9","image":{"@type":"ImageObject","inLanguage":"pt-BR","@id":"https:\/\/secure.gravatar.com\/avatar\/b4327cfa27e9799da239a26adcd534fc29cdc0c4a4a148eecbcfeb9b42c617ac?s=96&d=mm&r=g","url":"https:\/\/secure.gravatar.com\/avatar\/b4327cfa27e9799da239a26adcd534fc29cdc0c4a4a148eecbcfeb9b42c617ac?s=96&d=mm&r=g","contentUrl":"https:\/\/secure.gravatar.com\/avatar\/b4327cfa27e9799da239a26adcd534fc29cdc0c4a4a148eecbcfeb9b42c617ac?s=96&d=mm&r=g","caption":"Pe. Andr\u00e9"},"sameAs":["https:\/\/www.ecclesia.org.br"]}]}},"_links":{"self":[{"href":"https:\/\/news.ecclesia.org.br\/index.php?rest_route=\/wp\/v2\/posts\/23384","targetHints":{"allow":["GET"]}}],"collection":[{"href":"https:\/\/news.ecclesia.org.br\/index.php?rest_route=\/wp\/v2\/posts"}],"about":[{"href":"https:\/\/news.ecclesia.org.br\/index.php?rest_route=\/wp\/v2\/types\/post"}],"author":[{"embeddable":true,"href":"https:\/\/news.ecclesia.org.br\/index.php?rest_route=\/wp\/v2\/users\/1"}],"replies":[{"embeddable":true,"href":"https:\/\/news.ecclesia.org.br\/index.php?rest_route=%2Fwp%2Fv2%2Fcomments&post=23384"}],"version-history":[{"count":0,"href":"https:\/\/news.ecclesia.org.br\/index.php?rest_route=\/wp\/v2\/posts\/23384\/revisions"}],"wp:featuredmedia":[{"embeddable":true,"href":"https:\/\/news.ecclesia.org.br\/index.php?rest_route=\/wp\/v2\/media\/23385"}],"wp:attachment":[{"href":"https:\/\/news.ecclesia.org.br\/index.php?rest_route=%2Fwp%2Fv2%2Fmedia&parent=23384"}],"wp:term":[{"taxonomy":"category","embeddable":true,"href":"https:\/\/news.ecclesia.org.br\/index.php?rest_route=%2Fwp%2Fv2%2Fcategories&post=23384"},{"taxonomy":"post_tag","embeddable":true,"href":"https:\/\/news.ecclesia.org.br\/index.php?rest_route=%2Fwp%2Fv2%2Ftags&post=23384"}],"curies":[{"name":"wp","href":"https:\/\/api.w.org\/{rel}","templated":true}]}}