{"id":23368,"date":"2017-04-15T14:48:05","date_gmt":"2017-04-15T14:48:05","guid":{"rendered":"https:\/\/news.ecclesia.org.br\/2013\/?p=23368"},"modified":"2017-04-15T14:57:17","modified_gmt":"2017-04-15T14:57:17","slug":"esta-e-a-noite-em-que-cristo-quebrando-as-cadeias-da-morte-se-levanta-vitorioso-do-tumulo","status":"publish","type":"post","link":"https:\/\/news.ecclesia.org.br\/?p=23368","title":{"rendered":"\u00abEsta \u00e9 a noite em que Cristo, quebrando as cadeias da morte, Se levanta vitorioso do t\u00famulo\u00bb"},"content":{"rendered":"<div align=\"justify\">\n<p><a href=\"https:\/\/news.ecclesia.org.br\/2013\/wp-content\/uploads\/2013\/05\/anastasis-2013-1.jpg\"><img fetchpriority=\"high\" decoding=\"async\" class=\"alignleft size-medium wp-image-6375\" src=\"https:\/\/news.ecclesia.org.br\/2013\/wp-content\/uploads\/2013\/05\/anastasis-2013-1-300x199.jpg\" alt=\"\" width=\"300\" height=\"199\" \/><\/a>O c\u00e9u brilha quando \u00e9 iluminado pelo coro das estrelas, e o universo brilha ainda mais quando se ergue a estrela da manh\u00e3. Esta noite, por\u00e9m, n\u00e3o resplandece tanto com o brilho dos astros, mas de alegria perante a vit\u00f3ria do nosso Deus e Salvador: \u00abTende confian\u00e7a! Eu venci o mundo\u00bb, diz Ele (Jo 16,3). Depois desta vit\u00f3ria de Deus sobre o inimigo invis\u00edvel, tamb\u00e9m n\u00f3s obteremos certamente a vit\u00f3ria sobre os dem\u00f4nios. Permane\u00e7amos, pois, junto da cruz da nossa salva\u00e7\u00e3o, a fim de colhermos os primeiros frutos dos dons de Jesus. Celebremos esta noite santa com chamas sagradas; fa\u00e7amos erguer a m\u00fasica divina, cantemos um hino celeste. O \u00abSol da justi\u00e7a\u00bb (Mal 3,20), Nosso Senhor Jesus Cristo, iluminou este dia para todo o mundo, erguendo-Se por meio da cruz e salvando os crentes. [\u2026]<\/p>\n<p>A nossa assembleia, meus irm\u00e3os, \u00e9 uma festa de vit\u00f3ria, a vit\u00f3ria do Rei do Universo, Filho de Deus. Hoje, o dem\u00f4nio foi destru\u00eddo pelo Crucificado, e a humanidade encheu-se de alegria pelo Ressuscitado. [\u2026] Exclama este dia: \u00abHoje, vi o Rei do C\u00e9u, cingido de luz, subir acima do brilho e de toda a claridade, acima do sol e das \u00e1guas, acima das nuvens.\u00bb [\u2026] Ele esteve oculto, primeiro no seio de uma mulher, depois no seio da terra, primeiro santificando aqueles que s\u00e3o gerados, em seguida concedendo a vida pela sua ressurrei\u00e7\u00e3o \u00e0queles que morreram, porque \u00abdeles fugir\u00e3o a tristeza e os gemidos\u00bb (Is 35,10). [\u2026]<\/p>\n<p>Hoje, o para\u00edso foi aberto pelo Ressuscitado, Ad\u00e3o voltou \u00e0 vida, Eva foi consolada, o chamamento foi ouvido, o Reino est\u00e1 preparado, o homem foi salvo, Cristo \u00e9 adorado. Ele esmagou a morte a seus p\u00e9s, aprisionou esse tirano, desbaratou a mans\u00e3o dos mortos. Ele sobe aos c\u00e9us, vitorioso como um rei, glorioso como um chefe [\u2026], e diz a seu Pai: \u00abEis-Me aqui, e aos filhos que Me deu o Senhor\u00bb (Hb 2,13). Gl\u00f3ria a Ele, agora e pelos s\u00e9culos dos s\u00e9culos.<\/p>\n<hr \/>\n<p style=\"text-align: right;\">Fonte: <a href=\"http:\/\/evangelhoquotidiano.org\/\" target=\"_blank\">Evangelho Cotidiano<br \/>\n<\/a>Santo Hes\u00edquio (?-c. 451), monge, presb\u00edtero<br \/>\nI Homilia para a P\u00e1scoa, 1.5-6<\/p>\n<\/div>\n","protected":false},"excerpt":{"rendered":"<p>O c\u00e9u brilha quando \u00e9 iluminado pelo coro das estrelas, e o universo brilha ainda mais quando se ergue a estrela da manh\u00e3. Esta noite, por\u00e9m, n\u00e3o resplandece tanto com o brilho dos astros, mas de alegria perante a vit\u00f3ria&#8230;<\/p>\n","protected":false},"author":1,"featured_media":0,"comment_status":"open","ping_status":"open","sticky":false,"template":"","format":"standard","meta":{"_acf_changed":false,"footnotes":""},"categories":[1],"tags":[],"class_list":["post-23368","post","type-post","status-publish","format-standard","hentry","category-news","entry","rows-excerpt"],"acf":[],"yoast_head":"<!-- This site is optimized with the Yoast SEO plugin v27.5 - https:\/\/yoast.com\/product\/yoast-seo-wordpress\/ -->\n<title>\u00abEsta \u00e9 a noite em que Cristo, quebrando as cadeias da morte, Se levanta vitorioso do t\u00famulo\u00bb | ECCLESIA NEWS<\/title>\n<meta name=\"robots\" content=\"index, follow, max-snippet:-1, max-image-preview:large, max-video-preview:-1\" \/>\n<link rel=\"canonical\" href=\"https:\/\/news.ecclesia.org.br\/?p=23368\" \/>\n<meta property=\"og:locale\" content=\"pt_BR\" \/>\n<meta property=\"og:type\" content=\"article\" \/>\n<meta property=\"og:title\" content=\"\u00abEsta \u00e9 a noite em que Cristo, quebrando as cadeias da morte, Se levanta vitorioso do t\u00famulo\u00bb | ECCLESIA NEWS\" \/>\n<meta property=\"og:description\" content=\"O c\u00e9u brilha quando \u00e9 iluminado pelo coro das estrelas, e o universo brilha ainda mais quando se ergue a estrela da manh\u00e3. Esta noite, por\u00e9m, n\u00e3o resplandece tanto com o brilho dos astros, mas de alegria perante a vit\u00f3ria&#8230;\" \/>\n<meta property=\"og:url\" content=\"https:\/\/news.ecclesia.org.br\/?p=23368\" \/>\n<meta property=\"og:site_name\" content=\"ECCLESIA NEWS\" \/>\n<meta property=\"article:publisher\" content=\"https:\/\/www.facebook.com\/Ecclesia2025\" \/>\n<meta property=\"article:published_time\" content=\"2017-04-15T14:48:05+00:00\" \/>\n<meta property=\"article:modified_time\" content=\"2017-04-15T14:57:17+00:00\" \/>\n<meta property=\"og:image\" content=\"https:\/\/news.ecclesia.org.br\/2013\/wp-content\/uploads\/2013\/05\/anastasis-2013-1-300x199.jpg\" \/>\n<meta name=\"author\" content=\"Pe. Andr\u00e9\" \/>\n<meta name=\"twitter:card\" content=\"summary_large_image\" \/>\n<meta name=\"twitter:creator\" content=\"@EcclesiaNews\" \/>\n<meta name=\"twitter:site\" content=\"@EcclesiaNews\" \/>\n<meta name=\"twitter:label1\" content=\"Escrito por\" \/>\n\t<meta name=\"twitter:data1\" content=\"Pe. Andr\u00e9\" \/>\n\t<meta name=\"twitter:label2\" content=\"Est. tempo de leitura\" \/>\n\t<meta name=\"twitter:data2\" content=\"2 minutos\" \/>\n<script type=\"application\/ld+json\" class=\"yoast-schema-graph\">{\"@context\":\"https:\\\/\\\/schema.org\",\"@graph\":[{\"@type\":\"Article\",\"@id\":\"https:\\\/\\\/news.ecclesia.org.br\\\/?p=23368#article\",\"isPartOf\":{\"@id\":\"https:\\\/\\\/news.ecclesia.org.br\\\/?p=23368\"},\"author\":{\"name\":\"Pe. Andr\u00e9\",\"@id\":\"https:\\\/\\\/news.ecclesia.org.br\\\/#\\\/schema\\\/person\\\/6f09597f025829745ba414a569f63758\"},\"headline\":\"\u00abEsta \u00e9 a noite em que Cristo, quebrando as cadeias da morte, Se levanta vitorioso do t\u00famulo\u00bb\",\"datePublished\":\"2017-04-15T14:48:05+00:00\",\"dateModified\":\"2017-04-15T14:57:17+00:00\",\"mainEntityOfPage\":{\"@id\":\"https:\\\/\\\/news.ecclesia.org.br\\\/?p=23368\"},\"wordCount\":380,\"commentCount\":0,\"publisher\":{\"@id\":\"https:\\\/\\\/news.ecclesia.org.br\\\/#organization\"},\"image\":{\"@id\":\"https:\\\/\\\/news.ecclesia.org.br\\\/?p=23368#primaryimage\"},\"thumbnailUrl\":\"https:\\\/\\\/news.ecclesia.org.br\\\/2013\\\/wp-content\\\/uploads\\\/2013\\\/05\\\/anastasis-2013-1-300x199.jpg\",\"articleSection\":[\"NEWS\"],\"inLanguage\":\"pt-BR\",\"potentialAction\":[{\"@type\":\"CommentAction\",\"name\":\"Comment\",\"target\":[\"https:\\\/\\\/news.ecclesia.org.br\\\/?p=23368#respond\"]}]},{\"@type\":\"WebPage\",\"@id\":\"https:\\\/\\\/news.ecclesia.org.br\\\/?p=23368\",\"url\":\"https:\\\/\\\/news.ecclesia.org.br\\\/?p=23368\",\"name\":\"\u00abEsta \u00e9 a noite em que Cristo, quebrando as cadeias da morte, Se levanta vitorioso do t\u00famulo\u00bb | ECCLESIA NEWS\",\"isPartOf\":{\"@id\":\"https:\\\/\\\/news.ecclesia.org.br\\\/#website\"},\"primaryImageOfPage\":{\"@id\":\"https:\\\/\\\/news.ecclesia.org.br\\\/?p=23368#primaryimage\"},\"image\":{\"@id\":\"https:\\\/\\\/news.ecclesia.org.br\\\/?p=23368#primaryimage\"},\"thumbnailUrl\":\"https:\\\/\\\/news.ecclesia.org.br\\\/2013\\\/wp-content\\\/uploads\\\/2013\\\/05\\\/anastasis-2013-1-300x199.jpg\",\"datePublished\":\"2017-04-15T14:48:05+00:00\",\"dateModified\":\"2017-04-15T14:57:17+00:00\",\"breadcrumb\":{\"@id\":\"https:\\\/\\\/news.ecclesia.org.br\\\/?p=23368#breadcrumb\"},\"inLanguage\":\"pt-BR\",\"potentialAction\":[{\"@type\":\"ReadAction\",\"target\":[\"https:\\\/\\\/news.ecclesia.org.br\\\/?p=23368\"]}]},{\"@type\":\"ImageObject\",\"inLanguage\":\"pt-BR\",\"@id\":\"https:\\\/\\\/news.ecclesia.org.br\\\/?p=23368#primaryimage\",\"url\":\"\",\"contentUrl\":\"\"},{\"@type\":\"BreadcrumbList\",\"@id\":\"https:\\\/\\\/news.ecclesia.org.br\\\/?p=23368#breadcrumb\",\"itemListElement\":[{\"@type\":\"ListItem\",\"position\":1,\"name\":\"In\u00edcio\",\"item\":\"https:\\\/\\\/news.ecclesia.org.br\\\/\"},{\"@type\":\"ListItem\",\"position\":2,\"name\":\"\u00abEsta \u00e9 a noite em que Cristo, quebrando as cadeias da morte, Se levanta vitorioso do t\u00famulo\u00bb\"}]},{\"@type\":\"WebSite\",\"@id\":\"https:\\\/\\\/news.ecclesia.org.br\\\/#website\",\"url\":\"https:\\\/\\\/news.ecclesia.org.br\\\/\",\"name\":\"Ecclesia Brasil\",\"description\":\"Desde 2003 onectando o Brasil ao mundo ortodoxo!\",\"publisher\":{\"@id\":\"https:\\\/\\\/news.ecclesia.org.br\\\/#organization\"},\"alternateName\":\"Ecclesia\",\"potentialAction\":[{\"@type\":\"SearchAction\",\"target\":{\"@type\":\"EntryPoint\",\"urlTemplate\":\"https:\\\/\\\/news.ecclesia.org.br\\\/?s={search_term_string}\"},\"query-input\":{\"@type\":\"PropertyValueSpecification\",\"valueRequired\":true,\"valueName\":\"search_term_string\"}}],\"inLanguage\":\"pt-BR\"},{\"@type\":\"Organization\",\"@id\":\"https:\\\/\\\/news.ecclesia.org.br\\\/#organization\",\"name\":\"Sacra Arquidiocese de Buenos Aires e Am\u00e9rica do Sul | Patriarcado Ecum\u00eanico\",\"alternateName\":\"News Ecclesia Brasil\",\"url\":\"https:\\\/\\\/news.ecclesia.org.br\\\/\",\"logo\":{\"@type\":\"ImageObject\",\"inLanguage\":\"pt-BR\",\"@id\":\"https:\\\/\\\/news.ecclesia.org.br\\\/#\\\/schema\\\/logo\\\/image\\\/\",\"url\":\"https:\\\/\\\/news.ecclesia.org.br\\\/wp-content\\\/uploads\\\/2025\\\/05\\\/ecclesia2.png\",\"contentUrl\":\"https:\\\/\\\/news.ecclesia.org.br\\\/wp-content\\\/uploads\\\/2025\\\/05\\\/ecclesia2.png\",\"width\":480,\"height\":120,\"caption\":\"Sacra Arquidiocese de Buenos Aires e Am\u00e9rica do Sul | Patriarcado Ecum\u00eanico\"},\"image\":{\"@id\":\"https:\\\/\\\/news.ecclesia.org.br\\\/#\\\/schema\\\/logo\\\/image\\\/\"},\"sameAs\":[\"https:\\\/\\\/www.facebook.com\\\/Ecclesia2025\",\"https:\\\/\\\/x.com\\\/EcclesiaNews\",\"https:\\\/\\\/br.pinterest.com\\\/ekklisia\\\/\",\"https:\\\/\\\/www.youtube.com\\\/@EcclesiaBrasil\"]},{\"@type\":\"Person\",\"@id\":\"https:\\\/\\\/news.ecclesia.org.br\\\/#\\\/schema\\\/person\\\/6f09597f025829745ba414a569f63758\",\"name\":\"Pe. Andr\u00e9\",\"image\":{\"@type\":\"ImageObject\",\"inLanguage\":\"pt-BR\",\"@id\":\"https:\\\/\\\/secure.gravatar.com\\\/avatar\\\/b4327cfa27e9799da239a26adcd534fc29cdc0c4a4a148eecbcfeb9b42c617ac?s=96&d=mm&r=g\",\"url\":\"https:\\\/\\\/secure.gravatar.com\\\/avatar\\\/b4327cfa27e9799da239a26adcd534fc29cdc0c4a4a148eecbcfeb9b42c617ac?s=96&d=mm&r=g\",\"contentUrl\":\"https:\\\/\\\/secure.gravatar.com\\\/avatar\\\/b4327cfa27e9799da239a26adcd534fc29cdc0c4a4a148eecbcfeb9b42c617ac?s=96&d=mm&r=g\",\"caption\":\"Pe. Andr\u00e9\"},\"sameAs\":[\"https:\\\/\\\/www.ecclesia.org.br\"]}]}<\/script>\n<!-- \/ Yoast SEO plugin. -->","yoast_head_json":{"title":"\u00abEsta \u00e9 a noite em que Cristo, quebrando as cadeias da morte, Se levanta vitorioso do t\u00famulo\u00bb | ECCLESIA NEWS","robots":{"index":"index","follow":"follow","max-snippet":"max-snippet:-1","max-image-preview":"max-image-preview:large","max-video-preview":"max-video-preview:-1"},"canonical":"https:\/\/news.ecclesia.org.br\/?p=23368","og_locale":"pt_BR","og_type":"article","og_title":"\u00abEsta \u00e9 a noite em que Cristo, quebrando as cadeias da morte, Se levanta vitorioso do t\u00famulo\u00bb | ECCLESIA NEWS","og_description":"O c\u00e9u brilha quando \u00e9 iluminado pelo coro das estrelas, e o universo brilha ainda mais quando se ergue a estrela da manh\u00e3. Esta noite, por\u00e9m, n\u00e3o resplandece tanto com o brilho dos astros, mas de alegria perante a vit\u00f3ria&#8230;","og_url":"https:\/\/news.ecclesia.org.br\/?p=23368","og_site_name":"ECCLESIA NEWS","article_publisher":"https:\/\/www.facebook.com\/Ecclesia2025","article_published_time":"2017-04-15T14:48:05+00:00","article_modified_time":"2017-04-15T14:57:17+00:00","og_image":[{"url":"https:\/\/news.ecclesia.org.br\/2013\/wp-content\/uploads\/2013\/05\/anastasis-2013-1-300x199.jpg","type":"","width":"","height":""}],"author":"Pe. Andr\u00e9","twitter_card":"summary_large_image","twitter_creator":"@EcclesiaNews","twitter_site":"@EcclesiaNews","twitter_misc":{"Escrito por":"Pe. Andr\u00e9","Est. tempo de leitura":"2 minutos"},"schema":{"@context":"https:\/\/schema.org","@graph":[{"@type":"Article","@id":"https:\/\/news.ecclesia.org.br\/?p=23368#article","isPartOf":{"@id":"https:\/\/news.ecclesia.org.br\/?p=23368"},"author":{"name":"Pe. Andr\u00e9","@id":"https:\/\/news.ecclesia.org.br\/#\/schema\/person\/6f09597f025829745ba414a569f63758"},"headline":"\u00abEsta \u00e9 a noite em que Cristo, quebrando as cadeias da morte, Se levanta vitorioso do t\u00famulo\u00bb","datePublished":"2017-04-15T14:48:05+00:00","dateModified":"2017-04-15T14:57:17+00:00","mainEntityOfPage":{"@id":"https:\/\/news.ecclesia.org.br\/?p=23368"},"wordCount":380,"commentCount":0,"publisher":{"@id":"https:\/\/news.ecclesia.org.br\/#organization"},"image":{"@id":"https:\/\/news.ecclesia.org.br\/?p=23368#primaryimage"},"thumbnailUrl":"https:\/\/news.ecclesia.org.br\/2013\/wp-content\/uploads\/2013\/05\/anastasis-2013-1-300x199.jpg","articleSection":["NEWS"],"inLanguage":"pt-BR","potentialAction":[{"@type":"CommentAction","name":"Comment","target":["https:\/\/news.ecclesia.org.br\/?p=23368#respond"]}]},{"@type":"WebPage","@id":"https:\/\/news.ecclesia.org.br\/?p=23368","url":"https:\/\/news.ecclesia.org.br\/?p=23368","name":"\u00abEsta \u00e9 a noite em que Cristo, quebrando as cadeias da morte, Se levanta vitorioso do t\u00famulo\u00bb | ECCLESIA NEWS","isPartOf":{"@id":"https:\/\/news.ecclesia.org.br\/#website"},"primaryImageOfPage":{"@id":"https:\/\/news.ecclesia.org.br\/?p=23368#primaryimage"},"image":{"@id":"https:\/\/news.ecclesia.org.br\/?p=23368#primaryimage"},"thumbnailUrl":"https:\/\/news.ecclesia.org.br\/2013\/wp-content\/uploads\/2013\/05\/anastasis-2013-1-300x199.jpg","datePublished":"2017-04-15T14:48:05+00:00","dateModified":"2017-04-15T14:57:17+00:00","breadcrumb":{"@id":"https:\/\/news.ecclesia.org.br\/?p=23368#breadcrumb"},"inLanguage":"pt-BR","potentialAction":[{"@type":"ReadAction","target":["https:\/\/news.ecclesia.org.br\/?p=23368"]}]},{"@type":"ImageObject","inLanguage":"pt-BR","@id":"https:\/\/news.ecclesia.org.br\/?p=23368#primaryimage","url":"","contentUrl":""},{"@type":"BreadcrumbList","@id":"https:\/\/news.ecclesia.org.br\/?p=23368#breadcrumb","itemListElement":[{"@type":"ListItem","position":1,"name":"In\u00edcio","item":"https:\/\/news.ecclesia.org.br\/"},{"@type":"ListItem","position":2,"name":"\u00abEsta \u00e9 a noite em que Cristo, quebrando as cadeias da morte, Se levanta vitorioso do t\u00famulo\u00bb"}]},{"@type":"WebSite","@id":"https:\/\/news.ecclesia.org.br\/#website","url":"https:\/\/news.ecclesia.org.br\/","name":"Ecclesia Brasil","description":"Desde 2003 onectando o Brasil ao mundo ortodoxo!","publisher":{"@id":"https:\/\/news.ecclesia.org.br\/#organization"},"alternateName":"Ecclesia","potentialAction":[{"@type":"SearchAction","target":{"@type":"EntryPoint","urlTemplate":"https:\/\/news.ecclesia.org.br\/?s={search_term_string}"},"query-input":{"@type":"PropertyValueSpecification","valueRequired":true,"valueName":"search_term_string"}}],"inLanguage":"pt-BR"},{"@type":"Organization","@id":"https:\/\/news.ecclesia.org.br\/#organization","name":"Sacra Arquidiocese de Buenos Aires e Am\u00e9rica do Sul | Patriarcado Ecum\u00eanico","alternateName":"News Ecclesia Brasil","url":"https:\/\/news.ecclesia.org.br\/","logo":{"@type":"ImageObject","inLanguage":"pt-BR","@id":"https:\/\/news.ecclesia.org.br\/#\/schema\/logo\/image\/","url":"https:\/\/news.ecclesia.org.br\/wp-content\/uploads\/2025\/05\/ecclesia2.png","contentUrl":"https:\/\/news.ecclesia.org.br\/wp-content\/uploads\/2025\/05\/ecclesia2.png","width":480,"height":120,"caption":"Sacra Arquidiocese de Buenos Aires e Am\u00e9rica do Sul | Patriarcado Ecum\u00eanico"},"image":{"@id":"https:\/\/news.ecclesia.org.br\/#\/schema\/logo\/image\/"},"sameAs":["https:\/\/www.facebook.com\/Ecclesia2025","https:\/\/x.com\/EcclesiaNews","https:\/\/br.pinterest.com\/ekklisia\/","https:\/\/www.youtube.com\/@EcclesiaBrasil"]},{"@type":"Person","@id":"https:\/\/news.ecclesia.org.br\/#\/schema\/person\/6f09597f025829745ba414a569f63758","name":"Pe. Andr\u00e9","image":{"@type":"ImageObject","inLanguage":"pt-BR","@id":"https:\/\/secure.gravatar.com\/avatar\/b4327cfa27e9799da239a26adcd534fc29cdc0c4a4a148eecbcfeb9b42c617ac?s=96&d=mm&r=g","url":"https:\/\/secure.gravatar.com\/avatar\/b4327cfa27e9799da239a26adcd534fc29cdc0c4a4a148eecbcfeb9b42c617ac?s=96&d=mm&r=g","contentUrl":"https:\/\/secure.gravatar.com\/avatar\/b4327cfa27e9799da239a26adcd534fc29cdc0c4a4a148eecbcfeb9b42c617ac?s=96&d=mm&r=g","caption":"Pe. Andr\u00e9"},"sameAs":["https:\/\/www.ecclesia.org.br"]}]}},"_links":{"self":[{"href":"https:\/\/news.ecclesia.org.br\/index.php?rest_route=\/wp\/v2\/posts\/23368","targetHints":{"allow":["GET"]}}],"collection":[{"href":"https:\/\/news.ecclesia.org.br\/index.php?rest_route=\/wp\/v2\/posts"}],"about":[{"href":"https:\/\/news.ecclesia.org.br\/index.php?rest_route=\/wp\/v2\/types\/post"}],"author":[{"embeddable":true,"href":"https:\/\/news.ecclesia.org.br\/index.php?rest_route=\/wp\/v2\/users\/1"}],"replies":[{"embeddable":true,"href":"https:\/\/news.ecclesia.org.br\/index.php?rest_route=%2Fwp%2Fv2%2Fcomments&post=23368"}],"version-history":[{"count":0,"href":"https:\/\/news.ecclesia.org.br\/index.php?rest_route=\/wp\/v2\/posts\/23368\/revisions"}],"wp:attachment":[{"href":"https:\/\/news.ecclesia.org.br\/index.php?rest_route=%2Fwp%2Fv2%2Fmedia&parent=23368"}],"wp:term":[{"taxonomy":"category","embeddable":true,"href":"https:\/\/news.ecclesia.org.br\/index.php?rest_route=%2Fwp%2Fv2%2Fcategories&post=23368"},{"taxonomy":"post_tag","embeddable":true,"href":"https:\/\/news.ecclesia.org.br\/index.php?rest_route=%2Fwp%2Fv2%2Ftags&post=23368"}],"curies":[{"name":"wp","href":"https:\/\/api.w.org\/{rel}","templated":true}]}}