{"id":23326,"date":"2017-04-04T01:33:49","date_gmt":"2017-04-04T01:33:49","guid":{"rendered":"https:\/\/news.ecclesia.org.br\/2013\/?p=23326"},"modified":"2017-04-04T01:36:46","modified_gmt":"2017-04-04T01:36:46","slug":"brasilia-celebra-com-esplendor-sua-festa-patronal-e-a-data-magna-da-grecia","status":"publish","type":"post","link":"https:\/\/news.ecclesia.org.br\/?p=23326","title":{"rendered":"Bras\u00edlia celebra com esplendor sua Festa Patronal e a Data Magna da Gr\u00e9cia"},"content":{"rendered":"<p style=\"text-align: justify;\"><div id=\"galleria-23326\"><a href=\"https:\/\/news.ecclesia.org.br\/wp-content\/uploads\/2017\/04\/001.jpg\"><img decoding=\"async\" title=\"001\" alt=\"\" src=\"https:\/\/news.ecclesia.org.br\/wp-content\/uploads\/2017\/04\/001-31x55.jpg\" data-big=\"https:\/\/news.ecclesia.org.br\/wp-content\/uploads\/2017\/04\/001.jpg\"><\/a><a href=\"https:\/\/news.ecclesia.org.br\/wp-content\/uploads\/2017\/04\/002.jpg\"><img decoding=\"async\" title=\"002\" alt=\"\" src=\"https:\/\/news.ecclesia.org.br\/wp-content\/uploads\/2017\/04\/002-31x55.jpg\" data-big=\"https:\/\/news.ecclesia.org.br\/wp-content\/uploads\/2017\/04\/002.jpg\"><\/a><a href=\"https:\/\/news.ecclesia.org.br\/wp-content\/uploads\/2017\/04\/003.jpg\"><img decoding=\"async\" title=\"003\" alt=\"\" src=\"https:\/\/news.ecclesia.org.br\/wp-content\/uploads\/2017\/04\/003-31x55.jpg\" data-big=\"https:\/\/news.ecclesia.org.br\/wp-content\/uploads\/2017\/04\/003.jpg\"><\/a><a href=\"https:\/\/news.ecclesia.org.br\/wp-content\/uploads\/2017\/04\/004.jpg\"><img decoding=\"async\" title=\"004\" alt=\"\" src=\"https:\/\/news.ecclesia.org.br\/wp-content\/uploads\/2017\/04\/004-31x55.jpg\" data-big=\"https:\/\/news.ecclesia.org.br\/wp-content\/uploads\/2017\/04\/004.jpg\"><\/a><a href=\"https:\/\/news.ecclesia.org.br\/wp-content\/uploads\/2017\/04\/005.jpg\"><img decoding=\"async\" title=\"005\" alt=\"\" src=\"https:\/\/news.ecclesia.org.br\/wp-content\/uploads\/2017\/04\/005-31x55.jpg\" data-big=\"https:\/\/news.ecclesia.org.br\/wp-content\/uploads\/2017\/04\/005.jpg\"><\/a><a href=\"https:\/\/news.ecclesia.org.br\/wp-content\/uploads\/2017\/04\/006.jpg\"><img decoding=\"async\" title=\"006\" alt=\"\" src=\"https:\/\/news.ecclesia.org.br\/wp-content\/uploads\/2017\/04\/006-41x55.jpg\" data-big=\"https:\/\/news.ecclesia.org.br\/wp-content\/uploads\/2017\/04\/006.jpg\"><\/a><a href=\"https:\/\/news.ecclesia.org.br\/wp-content\/uploads\/2017\/04\/007.jpg\"><img decoding=\"async\" title=\"007\" alt=\"\" src=\"https:\/\/news.ecclesia.org.br\/wp-content\/uploads\/2017\/04\/007-73x55.jpg\" data-big=\"https:\/\/news.ecclesia.org.br\/wp-content\/uploads\/2017\/04\/007.jpg\"><\/a><a href=\"https:\/\/news.ecclesia.org.br\/wp-content\/uploads\/2017\/04\/008.jpg\"><img decoding=\"async\" title=\"008\" alt=\"\" src=\"https:\/\/news.ecclesia.org.br\/wp-content\/uploads\/2017\/04\/008-73x55.jpg\" data-big=\"https:\/\/news.ecclesia.org.br\/wp-content\/uploads\/2017\/04\/008.jpg\"><\/a><a href=\"https:\/\/news.ecclesia.org.br\/wp-content\/uploads\/2017\/04\/009.jpg\"><img decoding=\"async\" title=\"009\" alt=\"\" src=\"https:\/\/news.ecclesia.org.br\/wp-content\/uploads\/2017\/04\/009-73x55.jpg\" data-big=\"https:\/\/news.ecclesia.org.br\/wp-content\/uploads\/2017\/04\/009.jpg\"><\/a><a href=\"https:\/\/news.ecclesia.org.br\/wp-content\/uploads\/2017\/04\/010.jpg\"><img decoding=\"async\" title=\"010\" alt=\"\" src=\"https:\/\/news.ecclesia.org.br\/wp-content\/uploads\/2017\/04\/010-73x55.jpg\" data-big=\"https:\/\/news.ecclesia.org.br\/wp-content\/uploads\/2017\/04\/010.jpg\"><\/a><a href=\"https:\/\/news.ecclesia.org.br\/wp-content\/uploads\/2017\/04\/011.jpg\"><img decoding=\"async\" title=\"011\" alt=\"\" src=\"https:\/\/news.ecclesia.org.br\/wp-content\/uploads\/2017\/04\/011-73x55.jpg\" data-big=\"https:\/\/news.ecclesia.org.br\/wp-content\/uploads\/2017\/04\/011.jpg\"><\/a><a href=\"https:\/\/news.ecclesia.org.br\/wp-content\/uploads\/2017\/04\/012.jpg\"><img decoding=\"async\" title=\"012\" alt=\"\" src=\"https:\/\/news.ecclesia.org.br\/wp-content\/uploads\/2017\/04\/012-73x55.jpg\" data-big=\"https:\/\/news.ecclesia.org.br\/wp-content\/uploads\/2017\/04\/012.jpg\"><\/a><a href=\"https:\/\/news.ecclesia.org.br\/wp-content\/uploads\/2017\/04\/013.jpg\"><img decoding=\"async\" title=\"013\" alt=\"\" src=\"https:\/\/news.ecclesia.org.br\/wp-content\/uploads\/2017\/04\/013-73x55.jpg\" data-big=\"https:\/\/news.ecclesia.org.br\/wp-content\/uploads\/2017\/04\/013.jpg\"><\/a><a href=\"https:\/\/news.ecclesia.org.br\/wp-content\/uploads\/2017\/04\/014.jpg\"><img decoding=\"async\" title=\"014\" alt=\"\" src=\"https:\/\/news.ecclesia.org.br\/wp-content\/uploads\/2017\/04\/014-73x55.jpg\" data-big=\"https:\/\/news.ecclesia.org.br\/wp-content\/uploads\/2017\/04\/014.jpg\"><\/a><a href=\"https:\/\/news.ecclesia.org.br\/wp-content\/uploads\/2017\/04\/015.jpg\"><img decoding=\"async\" title=\"015\" alt=\"\" src=\"https:\/\/news.ecclesia.org.br\/wp-content\/uploads\/2017\/04\/015-73x55.jpg\" data-big=\"https:\/\/news.ecclesia.org.br\/wp-content\/uploads\/2017\/04\/015.jpg\"><\/a><a href=\"https:\/\/news.ecclesia.org.br\/wp-content\/uploads\/2017\/04\/016.jpg\"><img decoding=\"async\" title=\"016\" alt=\"\" src=\"https:\/\/news.ecclesia.org.br\/wp-content\/uploads\/2017\/04\/016-73x55.jpg\" data-big=\"https:\/\/news.ecclesia.org.br\/wp-content\/uploads\/2017\/04\/016.jpg\"><\/a><a href=\"https:\/\/news.ecclesia.org.br\/wp-content\/uploads\/2017\/04\/017.jpg\"><img decoding=\"async\" title=\"017\" alt=\"\" src=\"https:\/\/news.ecclesia.org.br\/wp-content\/uploads\/2017\/04\/017-73x55.jpg\" data-big=\"https:\/\/news.ecclesia.org.br\/wp-content\/uploads\/2017\/04\/017.jpg\"><\/a><a href=\"https:\/\/news.ecclesia.org.br\/wp-content\/uploads\/2017\/04\/018.jpg\"><img decoding=\"async\" title=\"018\" alt=\"\" src=\"https:\/\/news.ecclesia.org.br\/wp-content\/uploads\/2017\/04\/018-73x55.jpg\" data-big=\"https:\/\/news.ecclesia.org.br\/wp-content\/uploads\/2017\/04\/018.jpg\"><\/a><a href=\"https:\/\/news.ecclesia.org.br\/wp-content\/uploads\/2017\/04\/019.jpg\"><img decoding=\"async\" title=\"019\" alt=\"\" src=\"https:\/\/news.ecclesia.org.br\/wp-content\/uploads\/2017\/04\/019-73x55.jpg\" data-big=\"https:\/\/news.ecclesia.org.br\/wp-content\/uploads\/2017\/04\/019.jpg\"><\/a><a href=\"https:\/\/news.ecclesia.org.br\/wp-content\/uploads\/2017\/04\/020.jpg\"><img decoding=\"async\" title=\"020\" alt=\"\" src=\"https:\/\/news.ecclesia.org.br\/wp-content\/uploads\/2017\/04\/020-73x55.jpg\" data-big=\"https:\/\/news.ecclesia.org.br\/wp-content\/uploads\/2017\/04\/020.jpg\"><\/a><a href=\"https:\/\/news.ecclesia.org.br\/wp-content\/uploads\/2017\/04\/021.jpg\"><img decoding=\"async\" title=\"021\" alt=\"\" src=\"https:\/\/news.ecclesia.org.br\/wp-content\/uploads\/2017\/04\/021-73x55.jpg\" data-big=\"https:\/\/news.ecclesia.org.br\/wp-content\/uploads\/2017\/04\/021.jpg\"><\/a><a href=\"https:\/\/news.ecclesia.org.br\/wp-content\/uploads\/2017\/04\/022.jpg\"><img decoding=\"async\" title=\"022\" alt=\"\" src=\"https:\/\/news.ecclesia.org.br\/wp-content\/uploads\/2017\/04\/022-73x55.jpg\" data-big=\"https:\/\/news.ecclesia.org.br\/wp-content\/uploads\/2017\/04\/022.jpg\"><\/a><a href=\"https:\/\/news.ecclesia.org.br\/wp-content\/uploads\/2017\/04\/023.jpg\"><img decoding=\"async\" title=\"023\" alt=\"\" src=\"https:\/\/news.ecclesia.org.br\/wp-content\/uploads\/2017\/04\/023-73x55.jpg\" data-big=\"https:\/\/news.ecclesia.org.br\/wp-content\/uploads\/2017\/04\/023.jpg\"><\/a><a href=\"https:\/\/news.ecclesia.org.br\/wp-content\/uploads\/2017\/04\/024.jpg\"><img decoding=\"async\" title=\"024\" alt=\"\" src=\"https:\/\/news.ecclesia.org.br\/wp-content\/uploads\/2017\/04\/024-73x55.jpg\" data-big=\"https:\/\/news.ecclesia.org.br\/wp-content\/uploads\/2017\/04\/024.jpg\"><\/a><a href=\"https:\/\/news.ecclesia.org.br\/wp-content\/uploads\/2017\/04\/025.jpg\"><img decoding=\"async\" title=\"025\" alt=\"\" src=\"https:\/\/news.ecclesia.org.br\/wp-content\/uploads\/2017\/04\/025-73x55.jpg\" data-big=\"https:\/\/news.ecclesia.org.br\/wp-content\/uploads\/2017\/04\/025.jpg\"><\/a><\/div>No domingo, 26 de mar\u00e7o de 2016, a \u00a0Coletividade Hel\u00eanica e os Filo-Hel\u00eanicos de Bras\u00edlia &#8211; DF, celebraram com especial esplendor, no contexto da sua festa patronal em honra a Anuncia\u00e7\u00e3o da Santa M\u00e3e de Deus, \u00a0a Data Magna da Independ\u00eancia da Gr\u00e9cia (25 de mar\u00e7o) com o lan\u00e7amento do livro &#8220;Os argonautas do cerrado&#8221;. \u00a0A celebra\u00e7\u00e3o lit\u00fargica teve in\u00edcio com o Of\u00edcio de Orthros (Matinas) \u00e0s 09h30, seguido da Divina Liturgia de S\u00e3o Bas\u00edlio. Logo ap\u00f3s, uma Grande Doxologia \u00e0 Sant\u00edssima M\u00e3e de Deus foi elevada em a\u00e7\u00e3o de gra\u00e7as pelos feitos dos her\u00f3is da Independ\u00eancia da Gr\u00e9cia que lutaram pela liberta\u00e7\u00e3o do povo grego e de sua p\u00e1tria do jugo otomano. Um pronunciamento da Encarregada de Neg\u00f3cios da Embaixada da Gr\u00e9cia, Sra. Basiliki Lazari, exaltou o acontecimento hist\u00f3rico, antecipando a cerim\u00f4nia da deposi\u00e7\u00e3o de coroas de louros no monumento em frente \u00e0 igreja pelas autoridades presentes, ao som do\u00a0canto dos hinos nacionais do Brasil e da Gr\u00e9cia.<\/p>\n<p>&nbsp;<\/p>\n","protected":false},"excerpt":{"rendered":"<p>No domingo, 26 de mar\u00e7o de 2016, a \u00a0Coletividade Hel\u00eanica e os Filo-Hel\u00eanicos de Bras\u00edlia &#8211; DF, celebraram com especial esplendor, no contexto da sua festa patronal em honra a Anuncia\u00e7\u00e3o da Santa M\u00e3e de Deus, \u00a0a Data Magna da&#8230;<\/p>\n","protected":false},"author":1,"featured_media":23343,"comment_status":"open","ping_status":"open","sticky":false,"template":"","format":"standard","meta":{"_acf_changed":false,"footnotes":""},"categories":[40],"tags":[],"class_list":["post-23326","post","type-post","status-publish","format-standard","has-post-thumbnail","hentry","category-arquidiocese-de-buenos-aires-e-america-do-sul","entry","rows-excerpt"],"acf":[],"yoast_head":"<!-- This site is optimized with the Yoast SEO plugin v27.5 - https:\/\/yoast.com\/product\/yoast-seo-wordpress\/ -->\n<title>Bras\u00edlia celebra com esplendor sua Festa Patronal e a Data Magna da Gr\u00e9cia | ECCLESIA NEWS<\/title>\n<meta name=\"robots\" content=\"index, follow, max-snippet:-1, max-image-preview:large, max-video-preview:-1\" \/>\n<link rel=\"canonical\" href=\"https:\/\/news.ecclesia.org.br\/?p=23326\" \/>\n<meta property=\"og:locale\" content=\"pt_BR\" \/>\n<meta property=\"og:type\" content=\"article\" \/>\n<meta property=\"og:title\" content=\"Bras\u00edlia celebra com esplendor sua Festa Patronal e a Data Magna da Gr\u00e9cia | ECCLESIA NEWS\" \/>\n<meta property=\"og:description\" content=\"No domingo, 26 de mar\u00e7o de 2016, a \u00a0Coletividade Hel\u00eanica e os Filo-Hel\u00eanicos de Bras\u00edlia &#8211; DF, celebraram com especial esplendor, no contexto da sua festa patronal em honra a Anuncia\u00e7\u00e3o da Santa M\u00e3e de Deus, \u00a0a Data Magna da&#8230;\" \/>\n<meta property=\"og:url\" content=\"https:\/\/news.ecclesia.org.br\/?p=23326\" \/>\n<meta property=\"og:site_name\" content=\"ECCLESIA NEWS\" \/>\n<meta property=\"article:publisher\" content=\"https:\/\/www.facebook.com\/Ecclesia2025\" \/>\n<meta property=\"article:published_time\" content=\"2017-04-04T01:33:49+00:00\" \/>\n<meta property=\"article:modified_time\" content=\"2017-04-04T01:36:46+00:00\" \/>\n<meta property=\"og:image\" content=\"https:\/\/news.ecclesia.org.br\/wp-content\/uploads\/2017\/04\/017.jpg\" \/>\n\t<meta property=\"og:image:width\" content=\"800\" \/>\n\t<meta property=\"og:image:height\" content=\"600\" \/>\n\t<meta property=\"og:image:type\" content=\"image\/jpeg\" \/>\n<meta name=\"author\" content=\"Pe. Andr\u00e9\" \/>\n<meta name=\"twitter:card\" content=\"summary_large_image\" \/>\n<meta name=\"twitter:creator\" content=\"@EcclesiaNews\" \/>\n<meta name=\"twitter:site\" content=\"@EcclesiaNews\" \/>\n<meta name=\"twitter:label1\" content=\"Escrito por\" \/>\n\t<meta name=\"twitter:data1\" content=\"Pe. Andr\u00e9\" \/>\n\t<meta name=\"twitter:label2\" content=\"Est. tempo de leitura\" \/>\n\t<meta name=\"twitter:data2\" content=\"1 minuto\" \/>\n<script type=\"application\/ld+json\" class=\"yoast-schema-graph\">{\"@context\":\"https:\\\/\\\/schema.org\",\"@graph\":[{\"@type\":\"Article\",\"@id\":\"https:\\\/\\\/news.ecclesia.org.br\\\/?p=23326#article\",\"isPartOf\":{\"@id\":\"https:\\\/\\\/news.ecclesia.org.br\\\/?p=23326\"},\"author\":{\"name\":\"Pe. Andr\u00e9\",\"@id\":\"https:\\\/\\\/news.ecclesia.org.br\\\/#\\\/schema\\\/person\\\/6f09597f025829745ba414a569f63758\"},\"headline\":\"Bras\u00edlia celebra com esplendor sua Festa Patronal e a Data Magna da Gr\u00e9cia\",\"datePublished\":\"2017-04-04T01:33:49+00:00\",\"dateModified\":\"2017-04-04T01:36:46+00:00\",\"mainEntityOfPage\":{\"@id\":\"https:\\\/\\\/news.ecclesia.org.br\\\/?p=23326\"},\"wordCount\":206,\"commentCount\":0,\"publisher\":{\"@id\":\"https:\\\/\\\/news.ecclesia.org.br\\\/#organization\"},\"image\":{\"@id\":\"https:\\\/\\\/news.ecclesia.org.br\\\/?p=23326#primaryimage\"},\"thumbnailUrl\":\"https:\\\/\\\/news.ecclesia.org.br\\\/wp-content\\\/uploads\\\/2017\\\/04\\\/017.jpg\",\"articleSection\":[\"Arquidiocese de Buenos Aires e Am\u00e9rica do Sul\"],\"inLanguage\":\"pt-BR\",\"potentialAction\":[{\"@type\":\"CommentAction\",\"name\":\"Comment\",\"target\":[\"https:\\\/\\\/news.ecclesia.org.br\\\/?p=23326#respond\"]}]},{\"@type\":\"WebPage\",\"@id\":\"https:\\\/\\\/news.ecclesia.org.br\\\/?p=23326\",\"url\":\"https:\\\/\\\/news.ecclesia.org.br\\\/?p=23326\",\"name\":\"Bras\u00edlia celebra com esplendor sua Festa Patronal e a Data Magna da Gr\u00e9cia | ECCLESIA NEWS\",\"isPartOf\":{\"@id\":\"https:\\\/\\\/news.ecclesia.org.br\\\/#website\"},\"primaryImageOfPage\":{\"@id\":\"https:\\\/\\\/news.ecclesia.org.br\\\/?p=23326#primaryimage\"},\"image\":{\"@id\":\"https:\\\/\\\/news.ecclesia.org.br\\\/?p=23326#primaryimage\"},\"thumbnailUrl\":\"https:\\\/\\\/news.ecclesia.org.br\\\/wp-content\\\/uploads\\\/2017\\\/04\\\/017.jpg\",\"datePublished\":\"2017-04-04T01:33:49+00:00\",\"dateModified\":\"2017-04-04T01:36:46+00:00\",\"breadcrumb\":{\"@id\":\"https:\\\/\\\/news.ecclesia.org.br\\\/?p=23326#breadcrumb\"},\"inLanguage\":\"pt-BR\",\"potentialAction\":[{\"@type\":\"ReadAction\",\"target\":[\"https:\\\/\\\/news.ecclesia.org.br\\\/?p=23326\"]}]},{\"@type\":\"ImageObject\",\"inLanguage\":\"pt-BR\",\"@id\":\"https:\\\/\\\/news.ecclesia.org.br\\\/?p=23326#primaryimage\",\"url\":\"https:\\\/\\\/news.ecclesia.org.br\\\/wp-content\\\/uploads\\\/2017\\\/04\\\/017.jpg\",\"contentUrl\":\"https:\\\/\\\/news.ecclesia.org.br\\\/wp-content\\\/uploads\\\/2017\\\/04\\\/017.jpg\",\"width\":800,\"height\":600},{\"@type\":\"BreadcrumbList\",\"@id\":\"https:\\\/\\\/news.ecclesia.org.br\\\/?p=23326#breadcrumb\",\"itemListElement\":[{\"@type\":\"ListItem\",\"position\":1,\"name\":\"In\u00edcio\",\"item\":\"https:\\\/\\\/news.ecclesia.org.br\\\/\"},{\"@type\":\"ListItem\",\"position\":2,\"name\":\"Bras\u00edlia celebra com esplendor sua Festa Patronal e a Data Magna da Gr\u00e9cia\"}]},{\"@type\":\"WebSite\",\"@id\":\"https:\\\/\\\/news.ecclesia.org.br\\\/#website\",\"url\":\"https:\\\/\\\/news.ecclesia.org.br\\\/\",\"name\":\"Ecclesia Brasil\",\"description\":\"Desde 2003 onectando o Brasil ao mundo ortodoxo!\",\"publisher\":{\"@id\":\"https:\\\/\\\/news.ecclesia.org.br\\\/#organization\"},\"alternateName\":\"Ecclesia\",\"potentialAction\":[{\"@type\":\"SearchAction\",\"target\":{\"@type\":\"EntryPoint\",\"urlTemplate\":\"https:\\\/\\\/news.ecclesia.org.br\\\/?s={search_term_string}\"},\"query-input\":{\"@type\":\"PropertyValueSpecification\",\"valueRequired\":true,\"valueName\":\"search_term_string\"}}],\"inLanguage\":\"pt-BR\"},{\"@type\":\"Organization\",\"@id\":\"https:\\\/\\\/news.ecclesia.org.br\\\/#organization\",\"name\":\"Sacra Arquidiocese de Buenos Aires e Am\u00e9rica do Sul | Patriarcado Ecum\u00eanico\",\"alternateName\":\"News Ecclesia Brasil\",\"url\":\"https:\\\/\\\/news.ecclesia.org.br\\\/\",\"logo\":{\"@type\":\"ImageObject\",\"inLanguage\":\"pt-BR\",\"@id\":\"https:\\\/\\\/news.ecclesia.org.br\\\/#\\\/schema\\\/logo\\\/image\\\/\",\"url\":\"https:\\\/\\\/news.ecclesia.org.br\\\/wp-content\\\/uploads\\\/2025\\\/05\\\/ecclesia2.png\",\"contentUrl\":\"https:\\\/\\\/news.ecclesia.org.br\\\/wp-content\\\/uploads\\\/2025\\\/05\\\/ecclesia2.png\",\"width\":480,\"height\":120,\"caption\":\"Sacra Arquidiocese de Buenos Aires e Am\u00e9rica do Sul | Patriarcado Ecum\u00eanico\"},\"image\":{\"@id\":\"https:\\\/\\\/news.ecclesia.org.br\\\/#\\\/schema\\\/logo\\\/image\\\/\"},\"sameAs\":[\"https:\\\/\\\/www.facebook.com\\\/Ecclesia2025\",\"https:\\\/\\\/x.com\\\/EcclesiaNews\",\"https:\\\/\\\/br.pinterest.com\\\/ekklisia\\\/\",\"https:\\\/\\\/www.youtube.com\\\/@EcclesiaBrasil\"]},{\"@type\":\"Person\",\"@id\":\"https:\\\/\\\/news.ecclesia.org.br\\\/#\\\/schema\\\/person\\\/6f09597f025829745ba414a569f63758\",\"name\":\"Pe. Andr\u00e9\",\"image\":{\"@type\":\"ImageObject\",\"inLanguage\":\"pt-BR\",\"@id\":\"https:\\\/\\\/secure.gravatar.com\\\/avatar\\\/b4327cfa27e9799da239a26adcd534fc29cdc0c4a4a148eecbcfeb9b42c617ac?s=96&d=mm&r=g\",\"url\":\"https:\\\/\\\/secure.gravatar.com\\\/avatar\\\/b4327cfa27e9799da239a26adcd534fc29cdc0c4a4a148eecbcfeb9b42c617ac?s=96&d=mm&r=g\",\"contentUrl\":\"https:\\\/\\\/secure.gravatar.com\\\/avatar\\\/b4327cfa27e9799da239a26adcd534fc29cdc0c4a4a148eecbcfeb9b42c617ac?s=96&d=mm&r=g\",\"caption\":\"Pe. Andr\u00e9\"},\"sameAs\":[\"https:\\\/\\\/www.ecclesia.org.br\"]}]}<\/script>\n<!-- \/ Yoast SEO plugin. -->","yoast_head_json":{"title":"Bras\u00edlia celebra com esplendor sua Festa Patronal e a Data Magna da Gr\u00e9cia | ECCLESIA NEWS","robots":{"index":"index","follow":"follow","max-snippet":"max-snippet:-1","max-image-preview":"max-image-preview:large","max-video-preview":"max-video-preview:-1"},"canonical":"https:\/\/news.ecclesia.org.br\/?p=23326","og_locale":"pt_BR","og_type":"article","og_title":"Bras\u00edlia celebra com esplendor sua Festa Patronal e a Data Magna da Gr\u00e9cia | ECCLESIA NEWS","og_description":"No domingo, 26 de mar\u00e7o de 2016, a \u00a0Coletividade Hel\u00eanica e os Filo-Hel\u00eanicos de Bras\u00edlia &#8211; DF, celebraram com especial esplendor, no contexto da sua festa patronal em honra a Anuncia\u00e7\u00e3o da Santa M\u00e3e de Deus, \u00a0a Data Magna da&#8230;","og_url":"https:\/\/news.ecclesia.org.br\/?p=23326","og_site_name":"ECCLESIA NEWS","article_publisher":"https:\/\/www.facebook.com\/Ecclesia2025","article_published_time":"2017-04-04T01:33:49+00:00","article_modified_time":"2017-04-04T01:36:46+00:00","og_image":[{"width":800,"height":600,"url":"https:\/\/news.ecclesia.org.br\/wp-content\/uploads\/2017\/04\/017.jpg","type":"image\/jpeg"}],"author":"Pe. Andr\u00e9","twitter_card":"summary_large_image","twitter_creator":"@EcclesiaNews","twitter_site":"@EcclesiaNews","twitter_misc":{"Escrito por":"Pe. Andr\u00e9","Est. tempo de leitura":"1 minuto"},"schema":{"@context":"https:\/\/schema.org","@graph":[{"@type":"Article","@id":"https:\/\/news.ecclesia.org.br\/?p=23326#article","isPartOf":{"@id":"https:\/\/news.ecclesia.org.br\/?p=23326"},"author":{"name":"Pe. Andr\u00e9","@id":"https:\/\/news.ecclesia.org.br\/#\/schema\/person\/6f09597f025829745ba414a569f63758"},"headline":"Bras\u00edlia celebra com esplendor sua Festa Patronal e a Data Magna da Gr\u00e9cia","datePublished":"2017-04-04T01:33:49+00:00","dateModified":"2017-04-04T01:36:46+00:00","mainEntityOfPage":{"@id":"https:\/\/news.ecclesia.org.br\/?p=23326"},"wordCount":206,"commentCount":0,"publisher":{"@id":"https:\/\/news.ecclesia.org.br\/#organization"},"image":{"@id":"https:\/\/news.ecclesia.org.br\/?p=23326#primaryimage"},"thumbnailUrl":"https:\/\/news.ecclesia.org.br\/wp-content\/uploads\/2017\/04\/017.jpg","articleSection":["Arquidiocese de Buenos Aires e Am\u00e9rica do Sul"],"inLanguage":"pt-BR","potentialAction":[{"@type":"CommentAction","name":"Comment","target":["https:\/\/news.ecclesia.org.br\/?p=23326#respond"]}]},{"@type":"WebPage","@id":"https:\/\/news.ecclesia.org.br\/?p=23326","url":"https:\/\/news.ecclesia.org.br\/?p=23326","name":"Bras\u00edlia celebra com esplendor sua Festa Patronal e a Data Magna da Gr\u00e9cia | ECCLESIA NEWS","isPartOf":{"@id":"https:\/\/news.ecclesia.org.br\/#website"},"primaryImageOfPage":{"@id":"https:\/\/news.ecclesia.org.br\/?p=23326#primaryimage"},"image":{"@id":"https:\/\/news.ecclesia.org.br\/?p=23326#primaryimage"},"thumbnailUrl":"https:\/\/news.ecclesia.org.br\/wp-content\/uploads\/2017\/04\/017.jpg","datePublished":"2017-04-04T01:33:49+00:00","dateModified":"2017-04-04T01:36:46+00:00","breadcrumb":{"@id":"https:\/\/news.ecclesia.org.br\/?p=23326#breadcrumb"},"inLanguage":"pt-BR","potentialAction":[{"@type":"ReadAction","target":["https:\/\/news.ecclesia.org.br\/?p=23326"]}]},{"@type":"ImageObject","inLanguage":"pt-BR","@id":"https:\/\/news.ecclesia.org.br\/?p=23326#primaryimage","url":"https:\/\/news.ecclesia.org.br\/wp-content\/uploads\/2017\/04\/017.jpg","contentUrl":"https:\/\/news.ecclesia.org.br\/wp-content\/uploads\/2017\/04\/017.jpg","width":800,"height":600},{"@type":"BreadcrumbList","@id":"https:\/\/news.ecclesia.org.br\/?p=23326#breadcrumb","itemListElement":[{"@type":"ListItem","position":1,"name":"In\u00edcio","item":"https:\/\/news.ecclesia.org.br\/"},{"@type":"ListItem","position":2,"name":"Bras\u00edlia celebra com esplendor sua Festa Patronal e a Data Magna da Gr\u00e9cia"}]},{"@type":"WebSite","@id":"https:\/\/news.ecclesia.org.br\/#website","url":"https:\/\/news.ecclesia.org.br\/","name":"Ecclesia Brasil","description":"Desde 2003 onectando o Brasil ao mundo ortodoxo!","publisher":{"@id":"https:\/\/news.ecclesia.org.br\/#organization"},"alternateName":"Ecclesia","potentialAction":[{"@type":"SearchAction","target":{"@type":"EntryPoint","urlTemplate":"https:\/\/news.ecclesia.org.br\/?s={search_term_string}"},"query-input":{"@type":"PropertyValueSpecification","valueRequired":true,"valueName":"search_term_string"}}],"inLanguage":"pt-BR"},{"@type":"Organization","@id":"https:\/\/news.ecclesia.org.br\/#organization","name":"Sacra Arquidiocese de Buenos Aires e Am\u00e9rica do Sul | Patriarcado Ecum\u00eanico","alternateName":"News Ecclesia Brasil","url":"https:\/\/news.ecclesia.org.br\/","logo":{"@type":"ImageObject","inLanguage":"pt-BR","@id":"https:\/\/news.ecclesia.org.br\/#\/schema\/logo\/image\/","url":"https:\/\/news.ecclesia.org.br\/wp-content\/uploads\/2025\/05\/ecclesia2.png","contentUrl":"https:\/\/news.ecclesia.org.br\/wp-content\/uploads\/2025\/05\/ecclesia2.png","width":480,"height":120,"caption":"Sacra Arquidiocese de Buenos Aires e Am\u00e9rica do Sul | Patriarcado Ecum\u00eanico"},"image":{"@id":"https:\/\/news.ecclesia.org.br\/#\/schema\/logo\/image\/"},"sameAs":["https:\/\/www.facebook.com\/Ecclesia2025","https:\/\/x.com\/EcclesiaNews","https:\/\/br.pinterest.com\/ekklisia\/","https:\/\/www.youtube.com\/@EcclesiaBrasil"]},{"@type":"Person","@id":"https:\/\/news.ecclesia.org.br\/#\/schema\/person\/6f09597f025829745ba414a569f63758","name":"Pe. Andr\u00e9","image":{"@type":"ImageObject","inLanguage":"pt-BR","@id":"https:\/\/secure.gravatar.com\/avatar\/b4327cfa27e9799da239a26adcd534fc29cdc0c4a4a148eecbcfeb9b42c617ac?s=96&d=mm&r=g","url":"https:\/\/secure.gravatar.com\/avatar\/b4327cfa27e9799da239a26adcd534fc29cdc0c4a4a148eecbcfeb9b42c617ac?s=96&d=mm&r=g","contentUrl":"https:\/\/secure.gravatar.com\/avatar\/b4327cfa27e9799da239a26adcd534fc29cdc0c4a4a148eecbcfeb9b42c617ac?s=96&d=mm&r=g","caption":"Pe. Andr\u00e9"},"sameAs":["https:\/\/www.ecclesia.org.br"]}]}},"_links":{"self":[{"href":"https:\/\/news.ecclesia.org.br\/index.php?rest_route=\/wp\/v2\/posts\/23326","targetHints":{"allow":["GET"]}}],"collection":[{"href":"https:\/\/news.ecclesia.org.br\/index.php?rest_route=\/wp\/v2\/posts"}],"about":[{"href":"https:\/\/news.ecclesia.org.br\/index.php?rest_route=\/wp\/v2\/types\/post"}],"author":[{"embeddable":true,"href":"https:\/\/news.ecclesia.org.br\/index.php?rest_route=\/wp\/v2\/users\/1"}],"replies":[{"embeddable":true,"href":"https:\/\/news.ecclesia.org.br\/index.php?rest_route=%2Fwp%2Fv2%2Fcomments&post=23326"}],"version-history":[{"count":0,"href":"https:\/\/news.ecclesia.org.br\/index.php?rest_route=\/wp\/v2\/posts\/23326\/revisions"}],"wp:featuredmedia":[{"embeddable":true,"href":"https:\/\/news.ecclesia.org.br\/index.php?rest_route=\/wp\/v2\/media\/23343"}],"wp:attachment":[{"href":"https:\/\/news.ecclesia.org.br\/index.php?rest_route=%2Fwp%2Fv2%2Fmedia&parent=23326"}],"wp:term":[{"taxonomy":"category","embeddable":true,"href":"https:\/\/news.ecclesia.org.br\/index.php?rest_route=%2Fwp%2Fv2%2Fcategories&post=23326"},{"taxonomy":"post_tag","embeddable":true,"href":"https:\/\/news.ecclesia.org.br\/index.php?rest_route=%2Fwp%2Fv2%2Ftags&post=23326"}],"curies":[{"name":"wp","href":"https:\/\/api.w.org\/{rel}","templated":true}]}}