{"id":2331,"date":"2018-09-01T06:01:39","date_gmt":"2018-09-01T06:01:39","guid":{"rendered":"http:\/\/www.ecclesia.com.br\/news\/?p=2331"},"modified":"2021-08-03T20:09:44","modified_gmt":"2021-08-03T23:09:44","slug":"01-de-setembro-indiccao-do-novo-ano-eclesiastico","status":"publish","type":"post","link":"https:\/\/news.ecclesia.org.br\/?p=2331","title":{"rendered":"1\u00ba DE SETEMBRO: INDIC\u00c7\u00c3O DO NOVO ANO ECLESI\u00c1STICO"},"content":{"rendered":"<p style=\"text-align: justify;\"><img fetchpriority=\"high\" decoding=\"async\" class=\"alignleft wp-image-7835 size-medium\" src=\"https:\/\/news.ecclesia.org.br\/wp-content\/uploads\/2011\/09\/indiccao1-227x300.jpg\" alt=\"indiccao\" width=\"227\" height=\"300\" \/>A Igreja de Cristo celebra neste dia a Indic\u00e7\u00e3o, cuja terminologia romana significa limite, o que quer dizer o inicio do ano eclesi\u00e1stico. Este termo vem da pr\u00e1tica de que os imperadores romanos faziam cobrar, a cada ano, nesta \u00e9poca, um imposto sobre os seus s\u00faditos para a manuten\u00e7\u00e3o da armada. A taxa deste imposto anual era fixada a cada (todos os) 15 anos. E por isso que, igualmente, chamamos indicc\u00e3o os ciclos de 15 anos que come\u00e7am sob C\u00e9sar Augusto, 3 anos antes do nascimento de Cristo segundo a carne.<\/p>\n<p style=\"text-align: justify;\">De outra parte, o m\u00eas de setembro \u00e9 a \u00e9poca onde regressam os frutos das colheitas nos celeiros, preparando-se ao novo ciclo agr\u00edcola e dando gra\u00e7as a Deus pela sua benignidade para com a Cria\u00e7\u00e3o. Faziam j\u00e1 assim os judeus sob o regime da antiga Lei. O primeiro dia de seu s\u00e9timo m\u00eas (inicio de Setembro), eles celebravam a Festa das Trombetas, cessando todo trabalho a fim de se consagrarem somente a oferenda de sacrif\u00edcios de agrad\u00e1vel aroma e em louvor a Deus (Lv. 23, 24-25).<\/p>\n<p style=\"text-align: justify;\">O Cristo, Filho e Verbo de Deus, Criador do tempo e do espa\u00e7o, Rei pr\u00e9-eterno de todos os s\u00e9culos &#8211; que encarnou a fim de conduzir todas as coisas \u00e0 unidade e reconciliar todos os homens, tanto judeus como pag\u00e3os em uma \u00fanica Igreja &#8211; quis tamb\u00e9m unir nele mesmo as coisas submissas \u00e0s leis naturais e aquilo que ele havia promulgado pela Lei escrita. E por isso, que neste dia, onde a natureza se prepara a desenrolar um novo ciclo de suas esta\u00e7\u00f5es, n\u00f3s comemoramos o episodio onde o Senhor Jesus Cristo dirige-se \u00e0 Sinagoga e, abrindo o livro de Isaias, l\u00ea a passagem onde o Profeta diz em seu Nome: \u00abO Esp\u00edrito do Senhor est\u00e1 sobre mim, porque ele me consagrou com a un\u00e7\u00e3o, para anunciar a Boa Not\u00edcia aos pobres; enviou-me para proclamar a liberta\u00e7\u00e3o aos presos e aos cegos a recupera\u00e7\u00e3o da vista; para libertar os oprimidos, e para proclamar um ano de gra\u00e7a do Senhor.\u00bb (Lc. 4,18-19). <a href=\"http:\/\/www.ecclesia.com.br\/biblioteca\/liturgia\/indiccao_novo_ano_eclesiastico.html\">Leia mais<\/a><\/p>\n","protected":false},"excerpt":{"rendered":"<p>A Igreja de Cristo celebra neste dia a Indic\u00e7\u00e3o, cuja terminologia romana significa limite, o que quer dizer o inicio do ano eclesi\u00e1stico. Este termo vem da pr\u00e1tica de que os imperadores romanos faziam cobrar, a cada ano, nesta \u00e9poca,&#8230;<\/p>\n","protected":false},"author":1,"featured_media":0,"comment_status":"open","ping_status":"open","sticky":false,"template":"","format":"standard","meta":{"_acf_changed":false,"footnotes":""},"categories":[1],"tags":[],"class_list":["post-2331","post","type-post","status-publish","format-standard","hentry","category-news","entry","rows-excerpt"],"acf":[],"yoast_head":"<!-- This site is optimized with the Yoast SEO plugin v27.4 - https:\/\/yoast.com\/product\/yoast-seo-wordpress\/ -->\n<title>1\u00ba DE SETEMBRO: INDIC\u00c7\u00c3O DO NOVO ANO ECLESI\u00c1STICO | ECCLESIA NEWS<\/title>\n<meta name=\"robots\" content=\"index, follow, max-snippet:-1, max-image-preview:large, max-video-preview:-1\" \/>\n<link rel=\"canonical\" href=\"https:\/\/news.ecclesia.org.br\/?p=2331\" \/>\n<meta property=\"og:locale\" content=\"pt_BR\" \/>\n<meta property=\"og:type\" content=\"article\" \/>\n<meta property=\"og:title\" content=\"1\u00ba DE SETEMBRO: INDIC\u00c7\u00c3O DO NOVO ANO ECLESI\u00c1STICO | ECCLESIA NEWS\" \/>\n<meta property=\"og:description\" content=\"A Igreja de Cristo celebra neste dia a Indic\u00e7\u00e3o, cuja terminologia romana significa limite, o que quer dizer o inicio do ano eclesi\u00e1stico. Este termo vem da pr\u00e1tica de que os imperadores romanos faziam cobrar, a cada ano, nesta \u00e9poca,&#8230;\" \/>\n<meta property=\"og:url\" content=\"https:\/\/news.ecclesia.org.br\/?p=2331\" \/>\n<meta property=\"og:site_name\" content=\"ECCLESIA NEWS\" \/>\n<meta property=\"article:publisher\" content=\"https:\/\/www.facebook.com\/Ecclesia2025\" \/>\n<meta property=\"article:published_time\" content=\"2018-09-01T06:01:39+00:00\" \/>\n<meta property=\"article:modified_time\" content=\"2021-08-03T23:09:44+00:00\" \/>\n<meta property=\"og:image\" content=\"https:\/\/news.ecclesia.org.br\/wp-content\/uploads\/2011\/09\/indiccao1-227x300.jpg\" \/>\n<meta name=\"author\" content=\"Pe. Andr\u00e9\" \/>\n<meta name=\"twitter:card\" content=\"summary_large_image\" \/>\n<meta name=\"twitter:creator\" content=\"@EcclesiaNews\" \/>\n<meta name=\"twitter:site\" content=\"@EcclesiaNews\" \/>\n<meta name=\"twitter:label1\" content=\"Escrito por\" \/>\n\t<meta name=\"twitter:data1\" content=\"Pe. Andr\u00e9\" \/>\n\t<meta name=\"twitter:label2\" content=\"Est. tempo de leitura\" \/>\n\t<meta name=\"twitter:data2\" content=\"2 minutos\" \/>\n<script type=\"application\/ld+json\" class=\"yoast-schema-graph\">{\"@context\":\"https:\\\/\\\/schema.org\",\"@graph\":[{\"@type\":\"Article\",\"@id\":\"https:\\\/\\\/news.ecclesia.org.br\\\/?p=2331#article\",\"isPartOf\":{\"@id\":\"https:\\\/\\\/news.ecclesia.org.br\\\/?p=2331\"},\"author\":{\"name\":\"Pe. Andr\u00e9\",\"@id\":\"https:\\\/\\\/news.ecclesia.org.br\\\/#\\\/schema\\\/person\\\/6f09597f025829745ba414a569f63758\"},\"headline\":\"1\u00ba DE SETEMBRO: INDIC\u00c7\u00c3O DO NOVO ANO ECLESI\u00c1STICO\",\"datePublished\":\"2018-09-01T06:01:39+00:00\",\"dateModified\":\"2021-08-03T23:09:44+00:00\",\"mainEntityOfPage\":{\"@id\":\"https:\\\/\\\/news.ecclesia.org.br\\\/?p=2331\"},\"wordCount\":372,\"commentCount\":0,\"publisher\":{\"@id\":\"https:\\\/\\\/news.ecclesia.org.br\\\/#organization\"},\"image\":{\"@id\":\"https:\\\/\\\/news.ecclesia.org.br\\\/?p=2331#primaryimage\"},\"thumbnailUrl\":\"https:\\\/\\\/news.ecclesia.org.br\\\/wp-content\\\/uploads\\\/2011\\\/09\\\/indiccao1-227x300.jpg\",\"articleSection\":[\"NEWS\"],\"inLanguage\":\"pt-BR\",\"potentialAction\":[{\"@type\":\"CommentAction\",\"name\":\"Comment\",\"target\":[\"https:\\\/\\\/news.ecclesia.org.br\\\/?p=2331#respond\"]}]},{\"@type\":\"WebPage\",\"@id\":\"https:\\\/\\\/news.ecclesia.org.br\\\/?p=2331\",\"url\":\"https:\\\/\\\/news.ecclesia.org.br\\\/?p=2331\",\"name\":\"1\u00ba DE SETEMBRO: INDIC\u00c7\u00c3O DO NOVO ANO ECLESI\u00c1STICO | ECCLESIA NEWS\",\"isPartOf\":{\"@id\":\"https:\\\/\\\/news.ecclesia.org.br\\\/#website\"},\"primaryImageOfPage\":{\"@id\":\"https:\\\/\\\/news.ecclesia.org.br\\\/?p=2331#primaryimage\"},\"image\":{\"@id\":\"https:\\\/\\\/news.ecclesia.org.br\\\/?p=2331#primaryimage\"},\"thumbnailUrl\":\"https:\\\/\\\/news.ecclesia.org.br\\\/wp-content\\\/uploads\\\/2011\\\/09\\\/indiccao1-227x300.jpg\",\"datePublished\":\"2018-09-01T06:01:39+00:00\",\"dateModified\":\"2021-08-03T23:09:44+00:00\",\"breadcrumb\":{\"@id\":\"https:\\\/\\\/news.ecclesia.org.br\\\/?p=2331#breadcrumb\"},\"inLanguage\":\"pt-BR\",\"potentialAction\":[{\"@type\":\"ReadAction\",\"target\":[\"https:\\\/\\\/news.ecclesia.org.br\\\/?p=2331\"]}]},{\"@type\":\"ImageObject\",\"inLanguage\":\"pt-BR\",\"@id\":\"https:\\\/\\\/news.ecclesia.org.br\\\/?p=2331#primaryimage\",\"url\":\"https:\\\/\\\/news.ecclesia.org.br\\\/wp-content\\\/uploads\\\/2011\\\/09\\\/indiccao1-227x300.jpg\",\"contentUrl\":\"https:\\\/\\\/news.ecclesia.org.br\\\/wp-content\\\/uploads\\\/2011\\\/09\\\/indiccao1-227x300.jpg\"},{\"@type\":\"BreadcrumbList\",\"@id\":\"https:\\\/\\\/news.ecclesia.org.br\\\/?p=2331#breadcrumb\",\"itemListElement\":[{\"@type\":\"ListItem\",\"position\":1,\"name\":\"In\u00edcio\",\"item\":\"https:\\\/\\\/news.ecclesia.org.br\\\/\"},{\"@type\":\"ListItem\",\"position\":2,\"name\":\"1\u00ba DE SETEMBRO: INDIC\u00c7\u00c3O DO NOVO ANO ECLESI\u00c1STICO\"}]},{\"@type\":\"WebSite\",\"@id\":\"https:\\\/\\\/news.ecclesia.org.br\\\/#website\",\"url\":\"https:\\\/\\\/news.ecclesia.org.br\\\/\",\"name\":\"Ecclesia Brasil\",\"description\":\"Desde 2003 onectando o Brasil ao mundo ortodoxo!\",\"publisher\":{\"@id\":\"https:\\\/\\\/news.ecclesia.org.br\\\/#organization\"},\"alternateName\":\"Ecclesia\",\"potentialAction\":[{\"@type\":\"SearchAction\",\"target\":{\"@type\":\"EntryPoint\",\"urlTemplate\":\"https:\\\/\\\/news.ecclesia.org.br\\\/?s={search_term_string}\"},\"query-input\":{\"@type\":\"PropertyValueSpecification\",\"valueRequired\":true,\"valueName\":\"search_term_string\"}}],\"inLanguage\":\"pt-BR\"},{\"@type\":\"Organization\",\"@id\":\"https:\\\/\\\/news.ecclesia.org.br\\\/#organization\",\"name\":\"Sacra Arquidiocese de Buenos Aires e Am\u00e9rica do Sul | Patriarcado Ecum\u00eanico\",\"alternateName\":\"News Ecclesia Brasil\",\"url\":\"https:\\\/\\\/news.ecclesia.org.br\\\/\",\"logo\":{\"@type\":\"ImageObject\",\"inLanguage\":\"pt-BR\",\"@id\":\"https:\\\/\\\/news.ecclesia.org.br\\\/#\\\/schema\\\/logo\\\/image\\\/\",\"url\":\"https:\\\/\\\/news.ecclesia.org.br\\\/wp-content\\\/uploads\\\/2025\\\/05\\\/ecclesia2.png\",\"contentUrl\":\"https:\\\/\\\/news.ecclesia.org.br\\\/wp-content\\\/uploads\\\/2025\\\/05\\\/ecclesia2.png\",\"width\":480,\"height\":120,\"caption\":\"Sacra Arquidiocese de Buenos Aires e Am\u00e9rica do Sul | Patriarcado Ecum\u00eanico\"},\"image\":{\"@id\":\"https:\\\/\\\/news.ecclesia.org.br\\\/#\\\/schema\\\/logo\\\/image\\\/\"},\"sameAs\":[\"https:\\\/\\\/www.facebook.com\\\/Ecclesia2025\",\"https:\\\/\\\/x.com\\\/EcclesiaNews\",\"https:\\\/\\\/br.pinterest.com\\\/ekklisia\\\/\",\"https:\\\/\\\/www.youtube.com\\\/@EcclesiaBrasil\"]},{\"@type\":\"Person\",\"@id\":\"https:\\\/\\\/news.ecclesia.org.br\\\/#\\\/schema\\\/person\\\/6f09597f025829745ba414a569f63758\",\"name\":\"Pe. Andr\u00e9\",\"image\":{\"@type\":\"ImageObject\",\"inLanguage\":\"pt-BR\",\"@id\":\"https:\\\/\\\/secure.gravatar.com\\\/avatar\\\/b4327cfa27e9799da239a26adcd534fc29cdc0c4a4a148eecbcfeb9b42c617ac?s=96&d=mm&r=g\",\"url\":\"https:\\\/\\\/secure.gravatar.com\\\/avatar\\\/b4327cfa27e9799da239a26adcd534fc29cdc0c4a4a148eecbcfeb9b42c617ac?s=96&d=mm&r=g\",\"contentUrl\":\"https:\\\/\\\/secure.gravatar.com\\\/avatar\\\/b4327cfa27e9799da239a26adcd534fc29cdc0c4a4a148eecbcfeb9b42c617ac?s=96&d=mm&r=g\",\"caption\":\"Pe. Andr\u00e9\"},\"sameAs\":[\"https:\\\/\\\/www.ecclesia.org.br\"]}]}<\/script>\n<!-- \/ Yoast SEO plugin. -->","yoast_head_json":{"title":"1\u00ba DE SETEMBRO: INDIC\u00c7\u00c3O DO NOVO ANO ECLESI\u00c1STICO | ECCLESIA NEWS","robots":{"index":"index","follow":"follow","max-snippet":"max-snippet:-1","max-image-preview":"max-image-preview:large","max-video-preview":"max-video-preview:-1"},"canonical":"https:\/\/news.ecclesia.org.br\/?p=2331","og_locale":"pt_BR","og_type":"article","og_title":"1\u00ba DE SETEMBRO: INDIC\u00c7\u00c3O DO NOVO ANO ECLESI\u00c1STICO | ECCLESIA NEWS","og_description":"A Igreja de Cristo celebra neste dia a Indic\u00e7\u00e3o, cuja terminologia romana significa limite, o que quer dizer o inicio do ano eclesi\u00e1stico. Este termo vem da pr\u00e1tica de que os imperadores romanos faziam cobrar, a cada ano, nesta \u00e9poca,&#8230;","og_url":"https:\/\/news.ecclesia.org.br\/?p=2331","og_site_name":"ECCLESIA NEWS","article_publisher":"https:\/\/www.facebook.com\/Ecclesia2025","article_published_time":"2018-09-01T06:01:39+00:00","article_modified_time":"2021-08-03T23:09:44+00:00","og_image":[{"url":"https:\/\/news.ecclesia.org.br\/wp-content\/uploads\/2011\/09\/indiccao1-227x300.jpg","type":"","width":"","height":""}],"author":"Pe. Andr\u00e9","twitter_card":"summary_large_image","twitter_creator":"@EcclesiaNews","twitter_site":"@EcclesiaNews","twitter_misc":{"Escrito por":"Pe. Andr\u00e9","Est. tempo de leitura":"2 minutos"},"schema":{"@context":"https:\/\/schema.org","@graph":[{"@type":"Article","@id":"https:\/\/news.ecclesia.org.br\/?p=2331#article","isPartOf":{"@id":"https:\/\/news.ecclesia.org.br\/?p=2331"},"author":{"name":"Pe. Andr\u00e9","@id":"https:\/\/news.ecclesia.org.br\/#\/schema\/person\/6f09597f025829745ba414a569f63758"},"headline":"1\u00ba DE SETEMBRO: INDIC\u00c7\u00c3O DO NOVO ANO ECLESI\u00c1STICO","datePublished":"2018-09-01T06:01:39+00:00","dateModified":"2021-08-03T23:09:44+00:00","mainEntityOfPage":{"@id":"https:\/\/news.ecclesia.org.br\/?p=2331"},"wordCount":372,"commentCount":0,"publisher":{"@id":"https:\/\/news.ecclesia.org.br\/#organization"},"image":{"@id":"https:\/\/news.ecclesia.org.br\/?p=2331#primaryimage"},"thumbnailUrl":"https:\/\/news.ecclesia.org.br\/wp-content\/uploads\/2011\/09\/indiccao1-227x300.jpg","articleSection":["NEWS"],"inLanguage":"pt-BR","potentialAction":[{"@type":"CommentAction","name":"Comment","target":["https:\/\/news.ecclesia.org.br\/?p=2331#respond"]}]},{"@type":"WebPage","@id":"https:\/\/news.ecclesia.org.br\/?p=2331","url":"https:\/\/news.ecclesia.org.br\/?p=2331","name":"1\u00ba DE SETEMBRO: INDIC\u00c7\u00c3O DO NOVO ANO ECLESI\u00c1STICO | ECCLESIA NEWS","isPartOf":{"@id":"https:\/\/news.ecclesia.org.br\/#website"},"primaryImageOfPage":{"@id":"https:\/\/news.ecclesia.org.br\/?p=2331#primaryimage"},"image":{"@id":"https:\/\/news.ecclesia.org.br\/?p=2331#primaryimage"},"thumbnailUrl":"https:\/\/news.ecclesia.org.br\/wp-content\/uploads\/2011\/09\/indiccao1-227x300.jpg","datePublished":"2018-09-01T06:01:39+00:00","dateModified":"2021-08-03T23:09:44+00:00","breadcrumb":{"@id":"https:\/\/news.ecclesia.org.br\/?p=2331#breadcrumb"},"inLanguage":"pt-BR","potentialAction":[{"@type":"ReadAction","target":["https:\/\/news.ecclesia.org.br\/?p=2331"]}]},{"@type":"ImageObject","inLanguage":"pt-BR","@id":"https:\/\/news.ecclesia.org.br\/?p=2331#primaryimage","url":"https:\/\/news.ecclesia.org.br\/wp-content\/uploads\/2011\/09\/indiccao1-227x300.jpg","contentUrl":"https:\/\/news.ecclesia.org.br\/wp-content\/uploads\/2011\/09\/indiccao1-227x300.jpg"},{"@type":"BreadcrumbList","@id":"https:\/\/news.ecclesia.org.br\/?p=2331#breadcrumb","itemListElement":[{"@type":"ListItem","position":1,"name":"In\u00edcio","item":"https:\/\/news.ecclesia.org.br\/"},{"@type":"ListItem","position":2,"name":"1\u00ba DE SETEMBRO: INDIC\u00c7\u00c3O DO NOVO ANO ECLESI\u00c1STICO"}]},{"@type":"WebSite","@id":"https:\/\/news.ecclesia.org.br\/#website","url":"https:\/\/news.ecclesia.org.br\/","name":"Ecclesia Brasil","description":"Desde 2003 onectando o Brasil ao mundo ortodoxo!","publisher":{"@id":"https:\/\/news.ecclesia.org.br\/#organization"},"alternateName":"Ecclesia","potentialAction":[{"@type":"SearchAction","target":{"@type":"EntryPoint","urlTemplate":"https:\/\/news.ecclesia.org.br\/?s={search_term_string}"},"query-input":{"@type":"PropertyValueSpecification","valueRequired":true,"valueName":"search_term_string"}}],"inLanguage":"pt-BR"},{"@type":"Organization","@id":"https:\/\/news.ecclesia.org.br\/#organization","name":"Sacra Arquidiocese de Buenos Aires e Am\u00e9rica do Sul | Patriarcado Ecum\u00eanico","alternateName":"News Ecclesia Brasil","url":"https:\/\/news.ecclesia.org.br\/","logo":{"@type":"ImageObject","inLanguage":"pt-BR","@id":"https:\/\/news.ecclesia.org.br\/#\/schema\/logo\/image\/","url":"https:\/\/news.ecclesia.org.br\/wp-content\/uploads\/2025\/05\/ecclesia2.png","contentUrl":"https:\/\/news.ecclesia.org.br\/wp-content\/uploads\/2025\/05\/ecclesia2.png","width":480,"height":120,"caption":"Sacra Arquidiocese de Buenos Aires e Am\u00e9rica do Sul | Patriarcado Ecum\u00eanico"},"image":{"@id":"https:\/\/news.ecclesia.org.br\/#\/schema\/logo\/image\/"},"sameAs":["https:\/\/www.facebook.com\/Ecclesia2025","https:\/\/x.com\/EcclesiaNews","https:\/\/br.pinterest.com\/ekklisia\/","https:\/\/www.youtube.com\/@EcclesiaBrasil"]},{"@type":"Person","@id":"https:\/\/news.ecclesia.org.br\/#\/schema\/person\/6f09597f025829745ba414a569f63758","name":"Pe. Andr\u00e9","image":{"@type":"ImageObject","inLanguage":"pt-BR","@id":"https:\/\/secure.gravatar.com\/avatar\/b4327cfa27e9799da239a26adcd534fc29cdc0c4a4a148eecbcfeb9b42c617ac?s=96&d=mm&r=g","url":"https:\/\/secure.gravatar.com\/avatar\/b4327cfa27e9799da239a26adcd534fc29cdc0c4a4a148eecbcfeb9b42c617ac?s=96&d=mm&r=g","contentUrl":"https:\/\/secure.gravatar.com\/avatar\/b4327cfa27e9799da239a26adcd534fc29cdc0c4a4a148eecbcfeb9b42c617ac?s=96&d=mm&r=g","caption":"Pe. Andr\u00e9"},"sameAs":["https:\/\/www.ecclesia.org.br"]}]}},"_links":{"self":[{"href":"https:\/\/news.ecclesia.org.br\/index.php?rest_route=\/wp\/v2\/posts\/2331","targetHints":{"allow":["GET"]}}],"collection":[{"href":"https:\/\/news.ecclesia.org.br\/index.php?rest_route=\/wp\/v2\/posts"}],"about":[{"href":"https:\/\/news.ecclesia.org.br\/index.php?rest_route=\/wp\/v2\/types\/post"}],"author":[{"embeddable":true,"href":"https:\/\/news.ecclesia.org.br\/index.php?rest_route=\/wp\/v2\/users\/1"}],"replies":[{"embeddable":true,"href":"https:\/\/news.ecclesia.org.br\/index.php?rest_route=%2Fwp%2Fv2%2Fcomments&post=2331"}],"version-history":[{"count":1,"href":"https:\/\/news.ecclesia.org.br\/index.php?rest_route=\/wp\/v2\/posts\/2331\/revisions"}],"predecessor-version":[{"id":38657,"href":"https:\/\/news.ecclesia.org.br\/index.php?rest_route=\/wp\/v2\/posts\/2331\/revisions\/38657"}],"wp:attachment":[{"href":"https:\/\/news.ecclesia.org.br\/index.php?rest_route=%2Fwp%2Fv2%2Fmedia&parent=2331"}],"wp:term":[{"taxonomy":"category","embeddable":true,"href":"https:\/\/news.ecclesia.org.br\/index.php?rest_route=%2Fwp%2Fv2%2Fcategories&post=2331"},{"taxonomy":"post_tag","embeddable":true,"href":"https:\/\/news.ecclesia.org.br\/index.php?rest_route=%2Fwp%2Fv2%2Ftags&post=2331"}],"curies":[{"name":"wp","href":"https:\/\/api.w.org\/{rel}","templated":true}]}}