{"id":23284,"date":"2017-03-06T00:59:44","date_gmt":"2017-03-06T00:59:44","guid":{"rendered":"https:\/\/news.ecclesia.org.br\/2013\/?p=23284"},"modified":"2017-03-07T10:09:14","modified_gmt":"2017-03-07T10:09:14","slug":"nova-composicao-do-santo-sinodo-do-patriarcado-ecumenico","status":"publish","type":"post","link":"https:\/\/news.ecclesia.org.br\/?p=23284","title":{"rendered":"Nova composi\u00e7\u00e3o do Santo S\u00ednodo do Patriarcado Ecum\u00eanico"},"content":{"rendered":"<figure id=\"attachment_23285\" aria-describedby=\"caption-attachment-23285\" style=\"width: 640px\" class=\"wp-caption aligncenter\"><a href=\"https:\/\/news.ecclesia.org.br\/2013\/wp-content\/uploads\/2017\/03\/santo-sinado-constantinopla-2017.jpeg\"><img fetchpriority=\"high\" decoding=\"async\" class=\"wp-image-23285\" src=\"https:\/\/news.ecclesia.org.br\/2013\/wp-content\/uploads\/2017\/03\/santo-sinado-constantinopla-2017-1024x678.jpeg\" width=\"640\" height=\"424\" srcset=\"https:\/\/news.ecclesia.org.br\/wp-content\/uploads\/2017\/03\/santo-sinado-constantinopla-2017-1024x678.jpeg 1024w, https:\/\/news.ecclesia.org.br\/wp-content\/uploads\/2017\/03\/santo-sinado-constantinopla-2017-300x199.jpeg 300w, https:\/\/news.ecclesia.org.br\/wp-content\/uploads\/2017\/03\/santo-sinado-constantinopla-2017-768x509.jpeg 768w, https:\/\/news.ecclesia.org.br\/wp-content\/uploads\/2017\/03\/santo-sinado-constantinopla-2017-600x398.jpeg 600w, https:\/\/news.ecclesia.org.br\/wp-content\/uploads\/2017\/03\/santo-sinado-constantinopla-2017-83x55.jpeg 83w, https:\/\/news.ecclesia.org.br\/wp-content\/uploads\/2017\/03\/santo-sinado-constantinopla-2017-60x40.jpeg 60w, https:\/\/news.ecclesia.org.br\/wp-content\/uploads\/2017\/03\/santo-sinado-constantinopla-2017-120x80.jpeg 120w, https:\/\/news.ecclesia.org.br\/wp-content\/uploads\/2017\/03\/santo-sinado-constantinopla-2017.jpeg 1600w\" sizes=\"(max-width: 640px) 100vw, 640px\" \/><\/a><figcaption id=\"caption-attachment-23285\" class=\"wp-caption-text\">Santo S\u00ednodo de Constantinopla<\/figcaption><\/figure>\n<p style=\"text-align: justify;\">O Santo S\u00ednodo do Patriarcado Ecum\u00eanico\u00a0reunido na \u00faltima quinta-feira, 1\u00ba de mar\u00e7o, sob a convoca\u00e7\u00e3o e presid\u00eancia de Sua Santidade o Patriarca Bartolomeu I, determinou sua nova composi\u00e7\u00e3o para o per\u00edodo de 1\u00ba mar\u00e7o a 31 agosto 2017, como segue:<\/p>\n<ol>\n<li>\u2020 Constantino de Nic\u00e9ia<\/li>\n<li>\u2020 Greg\u00f3rio de Tiatira e Gr\u00e3-Bretanha<\/li>\n<li>\u2020 Dimitri de Sebaste<\/li>\n<li>\u2020\u00a0Irineu de Myriophyton e peristasis<\/li>\n<li>\u2020\u00a0Cris\u00f3stomo de Myra<\/li>\n<li>\u2020 \u00a0Dion\u00edsio de Synades<\/li>\n<li>\u2020 \u00a0Gennadius de Sasima<\/li>\n<li>\u2020 \u00a0Savvas de Pittsburgh<\/li>\n<li>\u2020 \u00a0Policarpo de Espanha e Portugal<\/li>\n<li>\u2020 St\u00e9phane Kallioupolis e Madyta<\/li>\n<li>\u2020 Gerasimos de Petras e Cheronissos<\/li>\n<li>\u2020 Cirilo de Hierapytna e Siteia<\/li>\n<\/ol>\n","protected":false},"excerpt":{"rendered":"<p>O Santo S\u00ednodo do Patriarcado Ecum\u00eanico\u00a0reunido na \u00faltima quinta-feira, 1\u00ba de mar\u00e7o, sob a convoca\u00e7\u00e3o e presid\u00eancia de Sua Santidade o Patriarca Bartolomeu I, determinou sua nova composi\u00e7\u00e3o para o per\u00edodo de 1\u00ba mar\u00e7o a 31 agosto 2017, como segue:&#8230;<\/p>\n","protected":false},"author":1,"featured_media":23285,"comment_status":"open","ping_status":"open","sticky":false,"template":"","format":"standard","meta":{"_acf_changed":false,"footnotes":""},"categories":[72],"tags":[],"class_list":["post-23284","post","type-post","status-publish","format-standard","has-post-thumbnail","hentry","category-patriarcado-ecumenico","entry","rows-excerpt"],"acf":[],"yoast_head":"<!-- This site is optimized with the Yoast SEO plugin v27.4 - https:\/\/yoast.com\/product\/yoast-seo-wordpress\/ -->\n<title>Nova composi\u00e7\u00e3o do Santo S\u00ednodo do Patriarcado Ecum\u00eanico | ECCLESIA NEWS<\/title>\n<meta name=\"robots\" content=\"index, follow, max-snippet:-1, max-image-preview:large, max-video-preview:-1\" \/>\n<link rel=\"canonical\" href=\"https:\/\/news.ecclesia.org.br\/?p=23284\" \/>\n<meta property=\"og:locale\" content=\"pt_BR\" \/>\n<meta property=\"og:type\" content=\"article\" \/>\n<meta property=\"og:title\" content=\"Nova composi\u00e7\u00e3o do Santo S\u00ednodo do Patriarcado Ecum\u00eanico | ECCLESIA NEWS\" \/>\n<meta property=\"og:description\" content=\"O Santo S\u00ednodo do Patriarcado Ecum\u00eanico\u00a0reunido na \u00faltima quinta-feira, 1\u00ba de mar\u00e7o, sob a convoca\u00e7\u00e3o e presid\u00eancia de Sua Santidade o Patriarca Bartolomeu I, determinou sua nova composi\u00e7\u00e3o para o per\u00edodo de 1\u00ba mar\u00e7o a 31 agosto 2017, como segue:&#8230;\" \/>\n<meta property=\"og:url\" content=\"https:\/\/news.ecclesia.org.br\/?p=23284\" \/>\n<meta property=\"og:site_name\" content=\"ECCLESIA NEWS\" \/>\n<meta property=\"article:publisher\" content=\"https:\/\/www.facebook.com\/Ecclesia2025\" \/>\n<meta property=\"article:published_time\" content=\"2017-03-06T00:59:44+00:00\" \/>\n<meta property=\"article:modified_time\" content=\"2017-03-07T10:09:14+00:00\" \/>\n<meta property=\"og:image\" content=\"https:\/\/news.ecclesia.org.br\/wp-content\/uploads\/2017\/03\/santo-sinado-constantinopla-2017.jpeg\" \/>\n\t<meta property=\"og:image:width\" content=\"1600\" \/>\n\t<meta property=\"og:image:height\" content=\"1060\" \/>\n\t<meta property=\"og:image:type\" content=\"image\/jpeg\" \/>\n<meta name=\"author\" content=\"Pe. Andr\u00e9\" \/>\n<meta name=\"twitter:card\" content=\"summary_large_image\" \/>\n<meta name=\"twitter:creator\" content=\"@EcclesiaNews\" \/>\n<meta name=\"twitter:site\" content=\"@EcclesiaNews\" \/>\n<meta name=\"twitter:label1\" content=\"Escrito por\" \/>\n\t<meta name=\"twitter:data1\" content=\"Pe. Andr\u00e9\" \/>\n\t<meta name=\"twitter:label2\" content=\"Est. tempo de leitura\" \/>\n\t<meta name=\"twitter:data2\" content=\"1 minuto\" \/>\n<script type=\"application\/ld+json\" class=\"yoast-schema-graph\">{\"@context\":\"https:\\\/\\\/schema.org\",\"@graph\":[{\"@type\":\"Article\",\"@id\":\"https:\\\/\\\/news.ecclesia.org.br\\\/?p=23284#article\",\"isPartOf\":{\"@id\":\"https:\\\/\\\/news.ecclesia.org.br\\\/?p=23284\"},\"author\":{\"name\":\"Pe. Andr\u00e9\",\"@id\":\"https:\\\/\\\/news.ecclesia.org.br\\\/#\\\/schema\\\/person\\\/6f09597f025829745ba414a569f63758\"},\"headline\":\"Nova composi\u00e7\u00e3o do Santo S\u00ednodo do Patriarcado Ecum\u00eanico\",\"datePublished\":\"2017-03-06T00:59:44+00:00\",\"dateModified\":\"2017-03-07T10:09:14+00:00\",\"mainEntityOfPage\":{\"@id\":\"https:\\\/\\\/news.ecclesia.org.br\\\/?p=23284\"},\"wordCount\":121,\"commentCount\":0,\"publisher\":{\"@id\":\"https:\\\/\\\/news.ecclesia.org.br\\\/#organization\"},\"image\":{\"@id\":\"https:\\\/\\\/news.ecclesia.org.br\\\/?p=23284#primaryimage\"},\"thumbnailUrl\":\"https:\\\/\\\/news.ecclesia.org.br\\\/wp-content\\\/uploads\\\/2017\\\/03\\\/santo-sinado-constantinopla-2017.jpeg\",\"articleSection\":[\"Patriarcado Ecum\u00eanico\"],\"inLanguage\":\"pt-BR\",\"potentialAction\":[{\"@type\":\"CommentAction\",\"name\":\"Comment\",\"target\":[\"https:\\\/\\\/news.ecclesia.org.br\\\/?p=23284#respond\"]}]},{\"@type\":\"WebPage\",\"@id\":\"https:\\\/\\\/news.ecclesia.org.br\\\/?p=23284\",\"url\":\"https:\\\/\\\/news.ecclesia.org.br\\\/?p=23284\",\"name\":\"Nova composi\u00e7\u00e3o do Santo S\u00ednodo do Patriarcado Ecum\u00eanico | ECCLESIA NEWS\",\"isPartOf\":{\"@id\":\"https:\\\/\\\/news.ecclesia.org.br\\\/#website\"},\"primaryImageOfPage\":{\"@id\":\"https:\\\/\\\/news.ecclesia.org.br\\\/?p=23284#primaryimage\"},\"image\":{\"@id\":\"https:\\\/\\\/news.ecclesia.org.br\\\/?p=23284#primaryimage\"},\"thumbnailUrl\":\"https:\\\/\\\/news.ecclesia.org.br\\\/wp-content\\\/uploads\\\/2017\\\/03\\\/santo-sinado-constantinopla-2017.jpeg\",\"datePublished\":\"2017-03-06T00:59:44+00:00\",\"dateModified\":\"2017-03-07T10:09:14+00:00\",\"breadcrumb\":{\"@id\":\"https:\\\/\\\/news.ecclesia.org.br\\\/?p=23284#breadcrumb\"},\"inLanguage\":\"pt-BR\",\"potentialAction\":[{\"@type\":\"ReadAction\",\"target\":[\"https:\\\/\\\/news.ecclesia.org.br\\\/?p=23284\"]}]},{\"@type\":\"ImageObject\",\"inLanguage\":\"pt-BR\",\"@id\":\"https:\\\/\\\/news.ecclesia.org.br\\\/?p=23284#primaryimage\",\"url\":\"https:\\\/\\\/news.ecclesia.org.br\\\/wp-content\\\/uploads\\\/2017\\\/03\\\/santo-sinado-constantinopla-2017.jpeg\",\"contentUrl\":\"https:\\\/\\\/news.ecclesia.org.br\\\/wp-content\\\/uploads\\\/2017\\\/03\\\/santo-sinado-constantinopla-2017.jpeg\",\"width\":1600,\"height\":1060,\"caption\":\"Santo S\u00ednodo de Constantinopla\"},{\"@type\":\"BreadcrumbList\",\"@id\":\"https:\\\/\\\/news.ecclesia.org.br\\\/?p=23284#breadcrumb\",\"itemListElement\":[{\"@type\":\"ListItem\",\"position\":1,\"name\":\"In\u00edcio\",\"item\":\"https:\\\/\\\/news.ecclesia.org.br\\\/\"},{\"@type\":\"ListItem\",\"position\":2,\"name\":\"Nova composi\u00e7\u00e3o do Santo S\u00ednodo do Patriarcado Ecum\u00eanico\"}]},{\"@type\":\"WebSite\",\"@id\":\"https:\\\/\\\/news.ecclesia.org.br\\\/#website\",\"url\":\"https:\\\/\\\/news.ecclesia.org.br\\\/\",\"name\":\"Ecclesia Brasil\",\"description\":\"Desde 2003 onectando o Brasil ao mundo ortodoxo!\",\"publisher\":{\"@id\":\"https:\\\/\\\/news.ecclesia.org.br\\\/#organization\"},\"alternateName\":\"Ecclesia\",\"potentialAction\":[{\"@type\":\"SearchAction\",\"target\":{\"@type\":\"EntryPoint\",\"urlTemplate\":\"https:\\\/\\\/news.ecclesia.org.br\\\/?s={search_term_string}\"},\"query-input\":{\"@type\":\"PropertyValueSpecification\",\"valueRequired\":true,\"valueName\":\"search_term_string\"}}],\"inLanguage\":\"pt-BR\"},{\"@type\":\"Organization\",\"@id\":\"https:\\\/\\\/news.ecclesia.org.br\\\/#organization\",\"name\":\"Sacra Arquidiocese de Buenos Aires e Am\u00e9rica do Sul | Patriarcado Ecum\u00eanico\",\"alternateName\":\"News Ecclesia Brasil\",\"url\":\"https:\\\/\\\/news.ecclesia.org.br\\\/\",\"logo\":{\"@type\":\"ImageObject\",\"inLanguage\":\"pt-BR\",\"@id\":\"https:\\\/\\\/news.ecclesia.org.br\\\/#\\\/schema\\\/logo\\\/image\\\/\",\"url\":\"https:\\\/\\\/news.ecclesia.org.br\\\/wp-content\\\/uploads\\\/2025\\\/05\\\/ecclesia2.png\",\"contentUrl\":\"https:\\\/\\\/news.ecclesia.org.br\\\/wp-content\\\/uploads\\\/2025\\\/05\\\/ecclesia2.png\",\"width\":480,\"height\":120,\"caption\":\"Sacra Arquidiocese de Buenos Aires e Am\u00e9rica do Sul | Patriarcado Ecum\u00eanico\"},\"image\":{\"@id\":\"https:\\\/\\\/news.ecclesia.org.br\\\/#\\\/schema\\\/logo\\\/image\\\/\"},\"sameAs\":[\"https:\\\/\\\/www.facebook.com\\\/Ecclesia2025\",\"https:\\\/\\\/x.com\\\/EcclesiaNews\",\"https:\\\/\\\/br.pinterest.com\\\/ekklisia\\\/\",\"https:\\\/\\\/www.youtube.com\\\/@EcclesiaBrasil\"]},{\"@type\":\"Person\",\"@id\":\"https:\\\/\\\/news.ecclesia.org.br\\\/#\\\/schema\\\/person\\\/6f09597f025829745ba414a569f63758\",\"name\":\"Pe. Andr\u00e9\",\"image\":{\"@type\":\"ImageObject\",\"inLanguage\":\"pt-BR\",\"@id\":\"https:\\\/\\\/secure.gravatar.com\\\/avatar\\\/b4327cfa27e9799da239a26adcd534fc29cdc0c4a4a148eecbcfeb9b42c617ac?s=96&d=mm&r=g\",\"url\":\"https:\\\/\\\/secure.gravatar.com\\\/avatar\\\/b4327cfa27e9799da239a26adcd534fc29cdc0c4a4a148eecbcfeb9b42c617ac?s=96&d=mm&r=g\",\"contentUrl\":\"https:\\\/\\\/secure.gravatar.com\\\/avatar\\\/b4327cfa27e9799da239a26adcd534fc29cdc0c4a4a148eecbcfeb9b42c617ac?s=96&d=mm&r=g\",\"caption\":\"Pe. Andr\u00e9\"},\"sameAs\":[\"https:\\\/\\\/www.ecclesia.org.br\"]}]}<\/script>\n<!-- \/ Yoast SEO plugin. -->","yoast_head_json":{"title":"Nova composi\u00e7\u00e3o do Santo S\u00ednodo do Patriarcado Ecum\u00eanico | ECCLESIA NEWS","robots":{"index":"index","follow":"follow","max-snippet":"max-snippet:-1","max-image-preview":"max-image-preview:large","max-video-preview":"max-video-preview:-1"},"canonical":"https:\/\/news.ecclesia.org.br\/?p=23284","og_locale":"pt_BR","og_type":"article","og_title":"Nova composi\u00e7\u00e3o do Santo S\u00ednodo do Patriarcado Ecum\u00eanico | ECCLESIA NEWS","og_description":"O Santo S\u00ednodo do Patriarcado Ecum\u00eanico\u00a0reunido na \u00faltima quinta-feira, 1\u00ba de mar\u00e7o, sob a convoca\u00e7\u00e3o e presid\u00eancia de Sua Santidade o Patriarca Bartolomeu I, determinou sua nova composi\u00e7\u00e3o para o per\u00edodo de 1\u00ba mar\u00e7o a 31 agosto 2017, como segue:&#8230;","og_url":"https:\/\/news.ecclesia.org.br\/?p=23284","og_site_name":"ECCLESIA NEWS","article_publisher":"https:\/\/www.facebook.com\/Ecclesia2025","article_published_time":"2017-03-06T00:59:44+00:00","article_modified_time":"2017-03-07T10:09:14+00:00","og_image":[{"width":1600,"height":1060,"url":"https:\/\/news.ecclesia.org.br\/wp-content\/uploads\/2017\/03\/santo-sinado-constantinopla-2017.jpeg","type":"image\/jpeg"}],"author":"Pe. Andr\u00e9","twitter_card":"summary_large_image","twitter_creator":"@EcclesiaNews","twitter_site":"@EcclesiaNews","twitter_misc":{"Escrito por":"Pe. Andr\u00e9","Est. tempo de leitura":"1 minuto"},"schema":{"@context":"https:\/\/schema.org","@graph":[{"@type":"Article","@id":"https:\/\/news.ecclesia.org.br\/?p=23284#article","isPartOf":{"@id":"https:\/\/news.ecclesia.org.br\/?p=23284"},"author":{"name":"Pe. Andr\u00e9","@id":"https:\/\/news.ecclesia.org.br\/#\/schema\/person\/6f09597f025829745ba414a569f63758"},"headline":"Nova composi\u00e7\u00e3o do Santo S\u00ednodo do Patriarcado Ecum\u00eanico","datePublished":"2017-03-06T00:59:44+00:00","dateModified":"2017-03-07T10:09:14+00:00","mainEntityOfPage":{"@id":"https:\/\/news.ecclesia.org.br\/?p=23284"},"wordCount":121,"commentCount":0,"publisher":{"@id":"https:\/\/news.ecclesia.org.br\/#organization"},"image":{"@id":"https:\/\/news.ecclesia.org.br\/?p=23284#primaryimage"},"thumbnailUrl":"https:\/\/news.ecclesia.org.br\/wp-content\/uploads\/2017\/03\/santo-sinado-constantinopla-2017.jpeg","articleSection":["Patriarcado Ecum\u00eanico"],"inLanguage":"pt-BR","potentialAction":[{"@type":"CommentAction","name":"Comment","target":["https:\/\/news.ecclesia.org.br\/?p=23284#respond"]}]},{"@type":"WebPage","@id":"https:\/\/news.ecclesia.org.br\/?p=23284","url":"https:\/\/news.ecclesia.org.br\/?p=23284","name":"Nova composi\u00e7\u00e3o do Santo S\u00ednodo do Patriarcado Ecum\u00eanico | ECCLESIA NEWS","isPartOf":{"@id":"https:\/\/news.ecclesia.org.br\/#website"},"primaryImageOfPage":{"@id":"https:\/\/news.ecclesia.org.br\/?p=23284#primaryimage"},"image":{"@id":"https:\/\/news.ecclesia.org.br\/?p=23284#primaryimage"},"thumbnailUrl":"https:\/\/news.ecclesia.org.br\/wp-content\/uploads\/2017\/03\/santo-sinado-constantinopla-2017.jpeg","datePublished":"2017-03-06T00:59:44+00:00","dateModified":"2017-03-07T10:09:14+00:00","breadcrumb":{"@id":"https:\/\/news.ecclesia.org.br\/?p=23284#breadcrumb"},"inLanguage":"pt-BR","potentialAction":[{"@type":"ReadAction","target":["https:\/\/news.ecclesia.org.br\/?p=23284"]}]},{"@type":"ImageObject","inLanguage":"pt-BR","@id":"https:\/\/news.ecclesia.org.br\/?p=23284#primaryimage","url":"https:\/\/news.ecclesia.org.br\/wp-content\/uploads\/2017\/03\/santo-sinado-constantinopla-2017.jpeg","contentUrl":"https:\/\/news.ecclesia.org.br\/wp-content\/uploads\/2017\/03\/santo-sinado-constantinopla-2017.jpeg","width":1600,"height":1060,"caption":"Santo S\u00ednodo de Constantinopla"},{"@type":"BreadcrumbList","@id":"https:\/\/news.ecclesia.org.br\/?p=23284#breadcrumb","itemListElement":[{"@type":"ListItem","position":1,"name":"In\u00edcio","item":"https:\/\/news.ecclesia.org.br\/"},{"@type":"ListItem","position":2,"name":"Nova composi\u00e7\u00e3o do Santo S\u00ednodo do Patriarcado Ecum\u00eanico"}]},{"@type":"WebSite","@id":"https:\/\/news.ecclesia.org.br\/#website","url":"https:\/\/news.ecclesia.org.br\/","name":"Ecclesia Brasil","description":"Desde 2003 onectando o Brasil ao mundo ortodoxo!","publisher":{"@id":"https:\/\/news.ecclesia.org.br\/#organization"},"alternateName":"Ecclesia","potentialAction":[{"@type":"SearchAction","target":{"@type":"EntryPoint","urlTemplate":"https:\/\/news.ecclesia.org.br\/?s={search_term_string}"},"query-input":{"@type":"PropertyValueSpecification","valueRequired":true,"valueName":"search_term_string"}}],"inLanguage":"pt-BR"},{"@type":"Organization","@id":"https:\/\/news.ecclesia.org.br\/#organization","name":"Sacra Arquidiocese de Buenos Aires e Am\u00e9rica do Sul | Patriarcado Ecum\u00eanico","alternateName":"News Ecclesia Brasil","url":"https:\/\/news.ecclesia.org.br\/","logo":{"@type":"ImageObject","inLanguage":"pt-BR","@id":"https:\/\/news.ecclesia.org.br\/#\/schema\/logo\/image\/","url":"https:\/\/news.ecclesia.org.br\/wp-content\/uploads\/2025\/05\/ecclesia2.png","contentUrl":"https:\/\/news.ecclesia.org.br\/wp-content\/uploads\/2025\/05\/ecclesia2.png","width":480,"height":120,"caption":"Sacra Arquidiocese de Buenos Aires e Am\u00e9rica do Sul | Patriarcado Ecum\u00eanico"},"image":{"@id":"https:\/\/news.ecclesia.org.br\/#\/schema\/logo\/image\/"},"sameAs":["https:\/\/www.facebook.com\/Ecclesia2025","https:\/\/x.com\/EcclesiaNews","https:\/\/br.pinterest.com\/ekklisia\/","https:\/\/www.youtube.com\/@EcclesiaBrasil"]},{"@type":"Person","@id":"https:\/\/news.ecclesia.org.br\/#\/schema\/person\/6f09597f025829745ba414a569f63758","name":"Pe. Andr\u00e9","image":{"@type":"ImageObject","inLanguage":"pt-BR","@id":"https:\/\/secure.gravatar.com\/avatar\/b4327cfa27e9799da239a26adcd534fc29cdc0c4a4a148eecbcfeb9b42c617ac?s=96&d=mm&r=g","url":"https:\/\/secure.gravatar.com\/avatar\/b4327cfa27e9799da239a26adcd534fc29cdc0c4a4a148eecbcfeb9b42c617ac?s=96&d=mm&r=g","contentUrl":"https:\/\/secure.gravatar.com\/avatar\/b4327cfa27e9799da239a26adcd534fc29cdc0c4a4a148eecbcfeb9b42c617ac?s=96&d=mm&r=g","caption":"Pe. Andr\u00e9"},"sameAs":["https:\/\/www.ecclesia.org.br"]}]}},"_links":{"self":[{"href":"https:\/\/news.ecclesia.org.br\/index.php?rest_route=\/wp\/v2\/posts\/23284","targetHints":{"allow":["GET"]}}],"collection":[{"href":"https:\/\/news.ecclesia.org.br\/index.php?rest_route=\/wp\/v2\/posts"}],"about":[{"href":"https:\/\/news.ecclesia.org.br\/index.php?rest_route=\/wp\/v2\/types\/post"}],"author":[{"embeddable":true,"href":"https:\/\/news.ecclesia.org.br\/index.php?rest_route=\/wp\/v2\/users\/1"}],"replies":[{"embeddable":true,"href":"https:\/\/news.ecclesia.org.br\/index.php?rest_route=%2Fwp%2Fv2%2Fcomments&post=23284"}],"version-history":[{"count":0,"href":"https:\/\/news.ecclesia.org.br\/index.php?rest_route=\/wp\/v2\/posts\/23284\/revisions"}],"wp:featuredmedia":[{"embeddable":true,"href":"https:\/\/news.ecclesia.org.br\/index.php?rest_route=\/wp\/v2\/media\/23285"}],"wp:attachment":[{"href":"https:\/\/news.ecclesia.org.br\/index.php?rest_route=%2Fwp%2Fv2%2Fmedia&parent=23284"}],"wp:term":[{"taxonomy":"category","embeddable":true,"href":"https:\/\/news.ecclesia.org.br\/index.php?rest_route=%2Fwp%2Fv2%2Fcategories&post=23284"},{"taxonomy":"post_tag","embeddable":true,"href":"https:\/\/news.ecclesia.org.br\/index.php?rest_route=%2Fwp%2Fv2%2Ftags&post=23284"}],"curies":[{"name":"wp","href":"https:\/\/api.w.org\/{rel}","templated":true}]}}