{"id":23143,"date":"2017-01-12T16:03:57","date_gmt":"2017-01-12T18:03:57","guid":{"rendered":"https:\/\/news.ecclesia.org.br\/2013\/?p=23143"},"modified":"2023-09-16T07:17:28","modified_gmt":"2023-09-16T10:17:28","slug":"patriarca-daniel-da-romenia-que-a-agua-do-batismo-do-senhor-ajude-a-refrescar-nossa-consciencia-de-que-somos-cristaos-batizados","status":"publish","type":"post","link":"https:\/\/news.ecclesia.org.br\/?p=23143","title":{"rendered":"Patriarca Daniel da Rom\u00eania: &#8220;Que a \u00e1gua do Batismo do Senhor ajude a refrescar a nossa consci\u00eancia de que somos crist\u00e3os batizados&#8221;"},"content":{"rendered":"<p class=\"post-title entry-title\" style=\"text-align: justify;\">11 de janeiro de 2017 &#8212;\u00a0Os sacerdotes que ministram na catedral patriarcal de Bucareste receberam, no \u00faltimo dia 5 de Janeiro de 2017, a visita de S. B. Patriarca Daniel da Rom\u00eania, oportunidade em que se deu a b\u00ean\u00e7\u00e3o das instala\u00e7\u00f5es da resid\u00eancia patriarcal. Em sua homilia, o Patriarca romeno salientou a import\u00e2ncia e o significado da \u00e1gua (aben\u00e7oada na festa da Teofania) na vida crist\u00e3. &#8220;Obrigado por estarem aqui\u00a0aqui para a Grande B\u00ean\u00e7\u00e3o das \u00c1guas (aghiasmos) na resid\u00eancia patriarcal, como sinal de preserva\u00e7\u00e3o da tradi\u00e7\u00e3o, mas tamb\u00e9m como uma oportunidade para a renova\u00e7\u00e3o e a santifica\u00e7\u00e3o da vida. A \u00e1gua do Batismo do Senhor tamb\u00e9m ajuda a refrescar a nossa consci\u00eancia de batizados, de crist\u00e3os. O Batismo do Senhor foi realizada e oferecido como uma base\u00a0s\u00f3lida de sua import\u00e2ncia para a salva\u00e7\u00e3o dos\u00a0que creem\u00a0no Senhor Jesus Cristo. O Batismo em nome e na presen\u00e7a da Sant\u00edssima Trindade significa crescimento espiritual e participa\u00e7\u00e3o na vida eterna que j\u00e1 come\u00e7a neste mundo&#8221;, disse o Patriarca. Ao mesmo tempo, o Primaz destacou o papel da B\u00ean\u00e7\u00e3o das Casas e da presen\u00e7a da Igreja na vida dos fi\u00e9is. &#8220;A b\u00ean\u00e7\u00e3o das casas \u00e9 um sinal de alegria, de prote\u00e7\u00e3o e amparo, de modo que cada casa torna-se um \u00edcone da grande Igreja na qual os fi\u00e9is se re\u00fanem. Em nossa tradi\u00e7\u00e3o romena, na sala de estar, na parede localizada no leste (lado oriental) s\u00e3o muitos os \u00edcones que n\u00e3o nos deixam esquecer a Igreja, mas nos recordam sempre que a Igreja se estende at\u00e9 as nossas casas&#8221;, concluiu o Patriarca.<\/p>\n<hr \/>\n<p class=\"post-title entry-title\" style=\"text-align: right;\">Fonte: <a href=\"http:\/\/orthodoxie.com\/\" target=\"_blank\" rel=\"noopener\">Orthodoxie.com<\/a><\/p>\n","protected":false},"excerpt":{"rendered":"<p>11 de janeiro de 2017 &#8212;\u00a0Os sacerdotes que ministram na catedral patriarcal de Bucareste receberam, no \u00faltimo dia 5 de Janeiro de 2017, a visita de S. B. Patriarca Daniel da Rom\u00eania, oportunidade em que se deu a b\u00ean\u00e7\u00e3o das&#8230;<\/p>\n","protected":false},"author":1,"featured_media":23144,"comment_status":"open","ping_status":"open","sticky":false,"template":"","format":"standard","meta":{"_acf_changed":false,"footnotes":""},"categories":[3,1,2745],"tags":[],"class_list":["post-23143","post","type-post","status-publish","format-standard","has-post-thumbnail","hentry","category-mundo","category-news","category-patriarcado-da-romenia","entry","rows-excerpt"],"acf":[],"yoast_head":"<!-- This site is optimized with the Yoast SEO plugin v27.5 - https:\/\/yoast.com\/product\/yoast-seo-wordpress\/ -->\n<title>Patriarca Daniel da Rom\u00eania: &quot;Que a \u00e1gua do Batismo do Senhor ajude a refrescar a nossa consci\u00eancia de que somos crist\u00e3os batizados&quot; | ECCLESIA NEWS<\/title>\n<meta name=\"robots\" content=\"index, follow, max-snippet:-1, max-image-preview:large, max-video-preview:-1\" \/>\n<link rel=\"canonical\" href=\"https:\/\/news.ecclesia.org.br\/?p=23143\" \/>\n<meta property=\"og:locale\" content=\"pt_BR\" \/>\n<meta property=\"og:type\" content=\"article\" \/>\n<meta property=\"og:title\" content=\"Patriarca Daniel da Rom\u00eania: &quot;Que a \u00e1gua do Batismo do Senhor ajude a refrescar a nossa consci\u00eancia de que somos crist\u00e3os batizados&quot; | ECCLESIA NEWS\" \/>\n<meta property=\"og:description\" content=\"11 de janeiro de 2017 &#8212;\u00a0Os sacerdotes que ministram na catedral patriarcal de Bucareste receberam, no \u00faltimo dia 5 de Janeiro de 2017, a visita de S. B. Patriarca Daniel da Rom\u00eania, oportunidade em que se deu a b\u00ean\u00e7\u00e3o das&#8230;\" \/>\n<meta property=\"og:url\" content=\"https:\/\/news.ecclesia.org.br\/?p=23143\" \/>\n<meta property=\"og:site_name\" content=\"ECCLESIA NEWS\" \/>\n<meta property=\"article:publisher\" content=\"https:\/\/www.facebook.com\/Ecclesia2025\" \/>\n<meta property=\"article:published_time\" content=\"2017-01-12T18:03:57+00:00\" \/>\n<meta property=\"article:modified_time\" content=\"2023-09-16T10:17:28+00:00\" \/>\n<meta property=\"og:image\" content=\"https:\/\/news.ecclesia.org.br\/wp-content\/uploads\/2017\/01\/romenia-epifania.jpg\" \/>\n\t<meta property=\"og:image:width\" content=\"660\" \/>\n\t<meta property=\"og:image:height\" content=\"330\" \/>\n\t<meta property=\"og:image:type\" content=\"image\/jpeg\" \/>\n<meta name=\"author\" content=\"Pe. Andr\u00e9\" \/>\n<meta name=\"twitter:card\" content=\"summary_large_image\" \/>\n<meta name=\"twitter:creator\" content=\"@EcclesiaNews\" \/>\n<meta name=\"twitter:site\" content=\"@EcclesiaNews\" \/>\n<meta name=\"twitter:label1\" content=\"Escrito por\" \/>\n\t<meta name=\"twitter:data1\" content=\"Pe. Andr\u00e9\" \/>\n\t<meta name=\"twitter:label2\" content=\"Est. tempo de leitura\" \/>\n\t<meta name=\"twitter:data2\" content=\"1 minuto\" \/>\n<script type=\"application\/ld+json\" class=\"yoast-schema-graph\">{\"@context\":\"https:\\\/\\\/schema.org\",\"@graph\":[{\"@type\":\"Article\",\"@id\":\"https:\\\/\\\/news.ecclesia.org.br\\\/?p=23143#article\",\"isPartOf\":{\"@id\":\"https:\\\/\\\/news.ecclesia.org.br\\\/?p=23143\"},\"author\":{\"name\":\"Pe. Andr\u00e9\",\"@id\":\"https:\\\/\\\/news.ecclesia.org.br\\\/#\\\/schema\\\/person\\\/6f09597f025829745ba414a569f63758\"},\"headline\":\"Patriarca Daniel da Rom\u00eania: &#8220;Que a \u00e1gua do Batismo do Senhor ajude a refrescar a nossa consci\u00eancia de que somos crist\u00e3os batizados&#8221;\",\"datePublished\":\"2017-01-12T18:03:57+00:00\",\"dateModified\":\"2023-09-16T10:17:28+00:00\",\"mainEntityOfPage\":{\"@id\":\"https:\\\/\\\/news.ecclesia.org.br\\\/?p=23143\"},\"wordCount\":322,\"commentCount\":0,\"publisher\":{\"@id\":\"https:\\\/\\\/news.ecclesia.org.br\\\/#organization\"},\"image\":{\"@id\":\"https:\\\/\\\/news.ecclesia.org.br\\\/?p=23143#primaryimage\"},\"thumbnailUrl\":\"https:\\\/\\\/news.ecclesia.org.br\\\/wp-content\\\/uploads\\\/2017\\\/01\\\/romenia-epifania.jpg\",\"articleSection\":[\"Mundo Ortodoxo\",\"NEWS\",\"Patriarcado da Rom\u00eania\"],\"inLanguage\":\"pt-BR\",\"potentialAction\":[{\"@type\":\"CommentAction\",\"name\":\"Comment\",\"target\":[\"https:\\\/\\\/news.ecclesia.org.br\\\/?p=23143#respond\"]}]},{\"@type\":\"WebPage\",\"@id\":\"https:\\\/\\\/news.ecclesia.org.br\\\/?p=23143\",\"url\":\"https:\\\/\\\/news.ecclesia.org.br\\\/?p=23143\",\"name\":\"Patriarca Daniel da Rom\u00eania: \\\"Que a \u00e1gua do Batismo do Senhor ajude a refrescar a nossa consci\u00eancia de que somos crist\u00e3os batizados\\\" | ECCLESIA NEWS\",\"isPartOf\":{\"@id\":\"https:\\\/\\\/news.ecclesia.org.br\\\/#website\"},\"primaryImageOfPage\":{\"@id\":\"https:\\\/\\\/news.ecclesia.org.br\\\/?p=23143#primaryimage\"},\"image\":{\"@id\":\"https:\\\/\\\/news.ecclesia.org.br\\\/?p=23143#primaryimage\"},\"thumbnailUrl\":\"https:\\\/\\\/news.ecclesia.org.br\\\/wp-content\\\/uploads\\\/2017\\\/01\\\/romenia-epifania.jpg\",\"datePublished\":\"2017-01-12T18:03:57+00:00\",\"dateModified\":\"2023-09-16T10:17:28+00:00\",\"breadcrumb\":{\"@id\":\"https:\\\/\\\/news.ecclesia.org.br\\\/?p=23143#breadcrumb\"},\"inLanguage\":\"pt-BR\",\"potentialAction\":[{\"@type\":\"ReadAction\",\"target\":[\"https:\\\/\\\/news.ecclesia.org.br\\\/?p=23143\"]}]},{\"@type\":\"ImageObject\",\"inLanguage\":\"pt-BR\",\"@id\":\"https:\\\/\\\/news.ecclesia.org.br\\\/?p=23143#primaryimage\",\"url\":\"https:\\\/\\\/news.ecclesia.org.br\\\/wp-content\\\/uploads\\\/2017\\\/01\\\/romenia-epifania.jpg\",\"contentUrl\":\"https:\\\/\\\/news.ecclesia.org.br\\\/wp-content\\\/uploads\\\/2017\\\/01\\\/romenia-epifania.jpg\",\"width\":660,\"height\":330},{\"@type\":\"BreadcrumbList\",\"@id\":\"https:\\\/\\\/news.ecclesia.org.br\\\/?p=23143#breadcrumb\",\"itemListElement\":[{\"@type\":\"ListItem\",\"position\":1,\"name\":\"In\u00edcio\",\"item\":\"https:\\\/\\\/news.ecclesia.org.br\\\/\"},{\"@type\":\"ListItem\",\"position\":2,\"name\":\"Patriarca Daniel da Rom\u00eania: &#8220;Que a \u00e1gua do Batismo do Senhor ajude a refrescar a nossa consci\u00eancia de que somos crist\u00e3os batizados&#8221;\"}]},{\"@type\":\"WebSite\",\"@id\":\"https:\\\/\\\/news.ecclesia.org.br\\\/#website\",\"url\":\"https:\\\/\\\/news.ecclesia.org.br\\\/\",\"name\":\"Ecclesia Brasil\",\"description\":\"Desde 2003 onectando o Brasil ao mundo ortodoxo!\",\"publisher\":{\"@id\":\"https:\\\/\\\/news.ecclesia.org.br\\\/#organization\"},\"alternateName\":\"Ecclesia\",\"potentialAction\":[{\"@type\":\"SearchAction\",\"target\":{\"@type\":\"EntryPoint\",\"urlTemplate\":\"https:\\\/\\\/news.ecclesia.org.br\\\/?s={search_term_string}\"},\"query-input\":{\"@type\":\"PropertyValueSpecification\",\"valueRequired\":true,\"valueName\":\"search_term_string\"}}],\"inLanguage\":\"pt-BR\"},{\"@type\":\"Organization\",\"@id\":\"https:\\\/\\\/news.ecclesia.org.br\\\/#organization\",\"name\":\"Sacra Arquidiocese de Buenos Aires e Am\u00e9rica do Sul | Patriarcado Ecum\u00eanico\",\"alternateName\":\"News Ecclesia Brasil\",\"url\":\"https:\\\/\\\/news.ecclesia.org.br\\\/\",\"logo\":{\"@type\":\"ImageObject\",\"inLanguage\":\"pt-BR\",\"@id\":\"https:\\\/\\\/news.ecclesia.org.br\\\/#\\\/schema\\\/logo\\\/image\\\/\",\"url\":\"https:\\\/\\\/news.ecclesia.org.br\\\/wp-content\\\/uploads\\\/2025\\\/05\\\/ecclesia2.png\",\"contentUrl\":\"https:\\\/\\\/news.ecclesia.org.br\\\/wp-content\\\/uploads\\\/2025\\\/05\\\/ecclesia2.png\",\"width\":480,\"height\":120,\"caption\":\"Sacra Arquidiocese de Buenos Aires e Am\u00e9rica do Sul | Patriarcado Ecum\u00eanico\"},\"image\":{\"@id\":\"https:\\\/\\\/news.ecclesia.org.br\\\/#\\\/schema\\\/logo\\\/image\\\/\"},\"sameAs\":[\"https:\\\/\\\/www.facebook.com\\\/Ecclesia2025\",\"https:\\\/\\\/x.com\\\/EcclesiaNews\",\"https:\\\/\\\/br.pinterest.com\\\/ekklisia\\\/\",\"https:\\\/\\\/www.youtube.com\\\/@EcclesiaBrasil\"]},{\"@type\":\"Person\",\"@id\":\"https:\\\/\\\/news.ecclesia.org.br\\\/#\\\/schema\\\/person\\\/6f09597f025829745ba414a569f63758\",\"name\":\"Pe. Andr\u00e9\",\"image\":{\"@type\":\"ImageObject\",\"inLanguage\":\"pt-BR\",\"@id\":\"https:\\\/\\\/secure.gravatar.com\\\/avatar\\\/b4327cfa27e9799da239a26adcd534fc29cdc0c4a4a148eecbcfeb9b42c617ac?s=96&d=mm&r=g\",\"url\":\"https:\\\/\\\/secure.gravatar.com\\\/avatar\\\/b4327cfa27e9799da239a26adcd534fc29cdc0c4a4a148eecbcfeb9b42c617ac?s=96&d=mm&r=g\",\"contentUrl\":\"https:\\\/\\\/secure.gravatar.com\\\/avatar\\\/b4327cfa27e9799da239a26adcd534fc29cdc0c4a4a148eecbcfeb9b42c617ac?s=96&d=mm&r=g\",\"caption\":\"Pe. Andr\u00e9\"},\"sameAs\":[\"https:\\\/\\\/www.ecclesia.org.br\"]}]}<\/script>\n<!-- \/ Yoast SEO plugin. -->","yoast_head_json":{"title":"Patriarca Daniel da Rom\u00eania: \"Que a \u00e1gua do Batismo do Senhor ajude a refrescar a nossa consci\u00eancia de que somos crist\u00e3os batizados\" | ECCLESIA NEWS","robots":{"index":"index","follow":"follow","max-snippet":"max-snippet:-1","max-image-preview":"max-image-preview:large","max-video-preview":"max-video-preview:-1"},"canonical":"https:\/\/news.ecclesia.org.br\/?p=23143","og_locale":"pt_BR","og_type":"article","og_title":"Patriarca Daniel da Rom\u00eania: \"Que a \u00e1gua do Batismo do Senhor ajude a refrescar a nossa consci\u00eancia de que somos crist\u00e3os batizados\" | ECCLESIA NEWS","og_description":"11 de janeiro de 2017 &#8212;\u00a0Os sacerdotes que ministram na catedral patriarcal de Bucareste receberam, no \u00faltimo dia 5 de Janeiro de 2017, a visita de S. B. Patriarca Daniel da Rom\u00eania, oportunidade em que se deu a b\u00ean\u00e7\u00e3o das&#8230;","og_url":"https:\/\/news.ecclesia.org.br\/?p=23143","og_site_name":"ECCLESIA NEWS","article_publisher":"https:\/\/www.facebook.com\/Ecclesia2025","article_published_time":"2017-01-12T18:03:57+00:00","article_modified_time":"2023-09-16T10:17:28+00:00","og_image":[{"width":660,"height":330,"url":"https:\/\/news.ecclesia.org.br\/wp-content\/uploads\/2017\/01\/romenia-epifania.jpg","type":"image\/jpeg"}],"author":"Pe. Andr\u00e9","twitter_card":"summary_large_image","twitter_creator":"@EcclesiaNews","twitter_site":"@EcclesiaNews","twitter_misc":{"Escrito por":"Pe. Andr\u00e9","Est. tempo de leitura":"1 minuto"},"schema":{"@context":"https:\/\/schema.org","@graph":[{"@type":"Article","@id":"https:\/\/news.ecclesia.org.br\/?p=23143#article","isPartOf":{"@id":"https:\/\/news.ecclesia.org.br\/?p=23143"},"author":{"name":"Pe. Andr\u00e9","@id":"https:\/\/news.ecclesia.org.br\/#\/schema\/person\/6f09597f025829745ba414a569f63758"},"headline":"Patriarca Daniel da Rom\u00eania: &#8220;Que a \u00e1gua do Batismo do Senhor ajude a refrescar a nossa consci\u00eancia de que somos crist\u00e3os batizados&#8221;","datePublished":"2017-01-12T18:03:57+00:00","dateModified":"2023-09-16T10:17:28+00:00","mainEntityOfPage":{"@id":"https:\/\/news.ecclesia.org.br\/?p=23143"},"wordCount":322,"commentCount":0,"publisher":{"@id":"https:\/\/news.ecclesia.org.br\/#organization"},"image":{"@id":"https:\/\/news.ecclesia.org.br\/?p=23143#primaryimage"},"thumbnailUrl":"https:\/\/news.ecclesia.org.br\/wp-content\/uploads\/2017\/01\/romenia-epifania.jpg","articleSection":["Mundo Ortodoxo","NEWS","Patriarcado da Rom\u00eania"],"inLanguage":"pt-BR","potentialAction":[{"@type":"CommentAction","name":"Comment","target":["https:\/\/news.ecclesia.org.br\/?p=23143#respond"]}]},{"@type":"WebPage","@id":"https:\/\/news.ecclesia.org.br\/?p=23143","url":"https:\/\/news.ecclesia.org.br\/?p=23143","name":"Patriarca Daniel da Rom\u00eania: \"Que a \u00e1gua do Batismo do Senhor ajude a refrescar a nossa consci\u00eancia de que somos crist\u00e3os batizados\" | ECCLESIA NEWS","isPartOf":{"@id":"https:\/\/news.ecclesia.org.br\/#website"},"primaryImageOfPage":{"@id":"https:\/\/news.ecclesia.org.br\/?p=23143#primaryimage"},"image":{"@id":"https:\/\/news.ecclesia.org.br\/?p=23143#primaryimage"},"thumbnailUrl":"https:\/\/news.ecclesia.org.br\/wp-content\/uploads\/2017\/01\/romenia-epifania.jpg","datePublished":"2017-01-12T18:03:57+00:00","dateModified":"2023-09-16T10:17:28+00:00","breadcrumb":{"@id":"https:\/\/news.ecclesia.org.br\/?p=23143#breadcrumb"},"inLanguage":"pt-BR","potentialAction":[{"@type":"ReadAction","target":["https:\/\/news.ecclesia.org.br\/?p=23143"]}]},{"@type":"ImageObject","inLanguage":"pt-BR","@id":"https:\/\/news.ecclesia.org.br\/?p=23143#primaryimage","url":"https:\/\/news.ecclesia.org.br\/wp-content\/uploads\/2017\/01\/romenia-epifania.jpg","contentUrl":"https:\/\/news.ecclesia.org.br\/wp-content\/uploads\/2017\/01\/romenia-epifania.jpg","width":660,"height":330},{"@type":"BreadcrumbList","@id":"https:\/\/news.ecclesia.org.br\/?p=23143#breadcrumb","itemListElement":[{"@type":"ListItem","position":1,"name":"In\u00edcio","item":"https:\/\/news.ecclesia.org.br\/"},{"@type":"ListItem","position":2,"name":"Patriarca Daniel da Rom\u00eania: &#8220;Que a \u00e1gua do Batismo do Senhor ajude a refrescar a nossa consci\u00eancia de que somos crist\u00e3os batizados&#8221;"}]},{"@type":"WebSite","@id":"https:\/\/news.ecclesia.org.br\/#website","url":"https:\/\/news.ecclesia.org.br\/","name":"Ecclesia Brasil","description":"Desde 2003 onectando o Brasil ao mundo ortodoxo!","publisher":{"@id":"https:\/\/news.ecclesia.org.br\/#organization"},"alternateName":"Ecclesia","potentialAction":[{"@type":"SearchAction","target":{"@type":"EntryPoint","urlTemplate":"https:\/\/news.ecclesia.org.br\/?s={search_term_string}"},"query-input":{"@type":"PropertyValueSpecification","valueRequired":true,"valueName":"search_term_string"}}],"inLanguage":"pt-BR"},{"@type":"Organization","@id":"https:\/\/news.ecclesia.org.br\/#organization","name":"Sacra Arquidiocese de Buenos Aires e Am\u00e9rica do Sul | Patriarcado Ecum\u00eanico","alternateName":"News Ecclesia Brasil","url":"https:\/\/news.ecclesia.org.br\/","logo":{"@type":"ImageObject","inLanguage":"pt-BR","@id":"https:\/\/news.ecclesia.org.br\/#\/schema\/logo\/image\/","url":"https:\/\/news.ecclesia.org.br\/wp-content\/uploads\/2025\/05\/ecclesia2.png","contentUrl":"https:\/\/news.ecclesia.org.br\/wp-content\/uploads\/2025\/05\/ecclesia2.png","width":480,"height":120,"caption":"Sacra Arquidiocese de Buenos Aires e Am\u00e9rica do Sul | Patriarcado Ecum\u00eanico"},"image":{"@id":"https:\/\/news.ecclesia.org.br\/#\/schema\/logo\/image\/"},"sameAs":["https:\/\/www.facebook.com\/Ecclesia2025","https:\/\/x.com\/EcclesiaNews","https:\/\/br.pinterest.com\/ekklisia\/","https:\/\/www.youtube.com\/@EcclesiaBrasil"]},{"@type":"Person","@id":"https:\/\/news.ecclesia.org.br\/#\/schema\/person\/6f09597f025829745ba414a569f63758","name":"Pe. Andr\u00e9","image":{"@type":"ImageObject","inLanguage":"pt-BR","@id":"https:\/\/secure.gravatar.com\/avatar\/b4327cfa27e9799da239a26adcd534fc29cdc0c4a4a148eecbcfeb9b42c617ac?s=96&d=mm&r=g","url":"https:\/\/secure.gravatar.com\/avatar\/b4327cfa27e9799da239a26adcd534fc29cdc0c4a4a148eecbcfeb9b42c617ac?s=96&d=mm&r=g","contentUrl":"https:\/\/secure.gravatar.com\/avatar\/b4327cfa27e9799da239a26adcd534fc29cdc0c4a4a148eecbcfeb9b42c617ac?s=96&d=mm&r=g","caption":"Pe. Andr\u00e9"},"sameAs":["https:\/\/www.ecclesia.org.br"]}]}},"_links":{"self":[{"href":"https:\/\/news.ecclesia.org.br\/index.php?rest_route=\/wp\/v2\/posts\/23143","targetHints":{"allow":["GET"]}}],"collection":[{"href":"https:\/\/news.ecclesia.org.br\/index.php?rest_route=\/wp\/v2\/posts"}],"about":[{"href":"https:\/\/news.ecclesia.org.br\/index.php?rest_route=\/wp\/v2\/types\/post"}],"author":[{"embeddable":true,"href":"https:\/\/news.ecclesia.org.br\/index.php?rest_route=\/wp\/v2\/users\/1"}],"replies":[{"embeddable":true,"href":"https:\/\/news.ecclesia.org.br\/index.php?rest_route=%2Fwp%2Fv2%2Fcomments&post=23143"}],"version-history":[{"count":1,"href":"https:\/\/news.ecclesia.org.br\/index.php?rest_route=\/wp\/v2\/posts\/23143\/revisions"}],"predecessor-version":[{"id":46077,"href":"https:\/\/news.ecclesia.org.br\/index.php?rest_route=\/wp\/v2\/posts\/23143\/revisions\/46077"}],"wp:featuredmedia":[{"embeddable":true,"href":"https:\/\/news.ecclesia.org.br\/index.php?rest_route=\/wp\/v2\/media\/23144"}],"wp:attachment":[{"href":"https:\/\/news.ecclesia.org.br\/index.php?rest_route=%2Fwp%2Fv2%2Fmedia&parent=23143"}],"wp:term":[{"taxonomy":"category","embeddable":true,"href":"https:\/\/news.ecclesia.org.br\/index.php?rest_route=%2Fwp%2Fv2%2Fcategories&post=23143"},{"taxonomy":"post_tag","embeddable":true,"href":"https:\/\/news.ecclesia.org.br\/index.php?rest_route=%2Fwp%2Fv2%2Ftags&post=23143"}],"curies":[{"name":"wp","href":"https:\/\/api.w.org\/{rel}","templated":true}]}}