{"id":23067,"date":"2017-01-01T13:08:27","date_gmt":"2017-01-01T13:08:27","guid":{"rendered":"https:\/\/news.ecclesia.org.br\/2013\/?p=23067"},"modified":"2020-09-23T17:49:36","modified_gmt":"2020-09-23T20:49:36","slug":"comunicado-da-sacra-arquidiocese-de-buenos-aires-e-america-do-sul-pela-tragica-morte-do-embaixador-da-grecia-no-brasil-buenos-aires-31-de-dezembro-de-2016","status":"publish","type":"post","link":"https:\/\/news.ecclesia.org.br\/?p=23067","title":{"rendered":"COMUNICADO da Sacra Arquidiocese de Buenos Aires e Am\u00e9rica do Sul pela tr\u00e1gica morte do Embaixador da Gr\u00e9cia no Brasil"},"content":{"rendered":"<p style=\"text-align: right;\">Buenos Aires, 31 de dezembro de 2016.<\/p>\n<p style=\"text-align: justify;\">A Arquidiocese Ortodoxa de Buenos Aires e Am\u00e9rica do Sul do Patriarcado Ecum\u00eanico de Constantinopla, na pessoa de seu Arcebispo Metropolitano Dom Tarasios, Clero e Fi\u00e9is, expressam seu grande pesar pelo desaparecimento e morte tr\u00e1gica do Exmo. Embaixador da Gr\u00e9cia no Brasil, Sr. Kiriakos Amiridis, ao mesmo tempo em que eleva em un\u00edssono uma prece ao Soberano Filantropo Cristo pelo descanso de sua alma na habita\u00e7\u00e3o dos justos.<\/p>\n<p style=\"text-align: justify;\">Outrossim, faz chegar suas mais profundas condol\u00eancias aos seus parentes diretos, colaboradores e colegas, \u00e0 Rep\u00fablica da Gr\u00e9cia e a todo o povo\u00a0hel\u00eanico\u00a0por esta desafortunada perda.<\/p>\n<p style=\"text-align: justify;\">O Arcebispo e a Arquidiocese se unem \u00e0 dor de todos os que lhe eram pr\u00f3ximos e desejam que o ano que se inicia seja uma oportunidade para que nenhum esfor\u00e7o seja poupado no combate \u00e0 viol\u00eancia em nossas sociedades, atingidas por fen\u00f4menos indescrit\u00edveis de selvagerias, desigualdade social e econ\u00f4mica e de tantos flagelos, para que se possa promover a coopera\u00e7\u00e3o criativa entre todos os homens e se possa assim fazer ascender ao bem estar de nossa humanidade, digno e merecido.<\/p>\n<p style=\"text-align: justify;\">A\u00a0sua mem\u00f3ria seja eterna! O\u00a0Senhor fa\u00e7a descansar sua alma l\u00e1 onde brilha a luz de sua misericordiosa face.<\/p>\n<p style=\"text-align: right;\">Da\u00a0 <a href=\"http:\/\/secretaria@ortodoxia.org\" target=\"_blank\" rel=\"noopener noreferrer\">Secretaria da Arquidiocese Ortodoxa Grega<\/a><\/p>\n<p style=\"text-align: left;\">\n","protected":false},"excerpt":{"rendered":"<p>Buenos Aires, 31 de dezembro de 2016. A Arquidiocese Ortodoxa de Buenos Aires e Am\u00e9rica do Sul do Patriarcado Ecum\u00eanico de Constantinopla, na pessoa de seu Arcebispo Metropolitano Dom Tarasios, Clero e Fi\u00e9is, expressam seu grande pesar pelo desaparecimento e&#8230;<\/p>\n","protected":false},"author":1,"featured_media":0,"comment_status":"open","ping_status":"open","sticky":false,"template":"","format":"standard","meta":{"_acf_changed":false,"footnotes":""},"categories":[40],"tags":[],"class_list":["post-23067","post","type-post","status-publish","format-standard","hentry","category-arquidiocese-de-buenos-aires-e-america-do-sul","entry","rows-excerpt"],"acf":[],"yoast_head":"<!-- This site is optimized with the Yoast SEO plugin v27.5 - https:\/\/yoast.com\/product\/yoast-seo-wordpress\/ -->\n<title>COMUNICADO da Sacra Arquidiocese de Buenos Aires e Am\u00e9rica do Sul pela tr\u00e1gica morte do Embaixador da Gr\u00e9cia no Brasil | ECCLESIA NEWS<\/title>\n<meta name=\"robots\" content=\"index, follow, max-snippet:-1, max-image-preview:large, max-video-preview:-1\" \/>\n<link rel=\"canonical\" href=\"https:\/\/news.ecclesia.org.br\/?p=23067\" \/>\n<meta property=\"og:locale\" content=\"pt_BR\" \/>\n<meta property=\"og:type\" content=\"article\" \/>\n<meta property=\"og:title\" content=\"COMUNICADO da Sacra Arquidiocese de Buenos Aires e Am\u00e9rica do Sul pela tr\u00e1gica morte do Embaixador da Gr\u00e9cia no Brasil | ECCLESIA NEWS\" \/>\n<meta property=\"og:description\" content=\"Buenos Aires, 31 de dezembro de 2016. A Arquidiocese Ortodoxa de Buenos Aires e Am\u00e9rica do Sul do Patriarcado Ecum\u00eanico de Constantinopla, na pessoa de seu Arcebispo Metropolitano Dom Tarasios, Clero e Fi\u00e9is, expressam seu grande pesar pelo desaparecimento e&#8230;\" \/>\n<meta property=\"og:url\" content=\"https:\/\/news.ecclesia.org.br\/?p=23067\" \/>\n<meta property=\"og:site_name\" content=\"ECCLESIA NEWS\" \/>\n<meta property=\"article:publisher\" content=\"https:\/\/www.facebook.com\/Ecclesia2025\" \/>\n<meta property=\"article:published_time\" content=\"2017-01-01T13:08:27+00:00\" \/>\n<meta property=\"article:modified_time\" content=\"2020-09-23T20:49:36+00:00\" \/>\n<meta property=\"og:image\" content=\"https:\/\/news.ecclesia.org.br\/wp-content\/uploads\/2025\/05\/ecclesia2.png\" \/>\n\t<meta property=\"og:image:width\" content=\"480\" \/>\n\t<meta property=\"og:image:height\" content=\"120\" \/>\n\t<meta property=\"og:image:type\" content=\"image\/png\" \/>\n<meta name=\"author\" content=\"Pe. Andr\u00e9\" \/>\n<meta name=\"twitter:card\" content=\"summary_large_image\" \/>\n<meta name=\"twitter:creator\" content=\"@EcclesiaNews\" \/>\n<meta name=\"twitter:site\" content=\"@EcclesiaNews\" \/>\n<meta name=\"twitter:label1\" content=\"Escrito por\" \/>\n\t<meta name=\"twitter:data1\" content=\"Pe. Andr\u00e9\" \/>\n\t<meta name=\"twitter:label2\" content=\"Est. tempo de leitura\" \/>\n\t<meta name=\"twitter:data2\" content=\"1 minuto\" \/>\n<script type=\"application\/ld+json\" class=\"yoast-schema-graph\">{\"@context\":\"https:\\\/\\\/schema.org\",\"@graph\":[{\"@type\":\"Article\",\"@id\":\"https:\\\/\\\/news.ecclesia.org.br\\\/?p=23067#article\",\"isPartOf\":{\"@id\":\"https:\\\/\\\/news.ecclesia.org.br\\\/?p=23067\"},\"author\":{\"name\":\"Pe. Andr\u00e9\",\"@id\":\"https:\\\/\\\/news.ecclesia.org.br\\\/#\\\/schema\\\/person\\\/6f09597f025829745ba414a569f63758\"},\"headline\":\"COMUNICADO da Sacra Arquidiocese de Buenos Aires e Am\u00e9rica do Sul pela tr\u00e1gica morte do Embaixador da Gr\u00e9cia no Brasil\",\"datePublished\":\"2017-01-01T13:08:27+00:00\",\"dateModified\":\"2020-09-23T20:49:36+00:00\",\"mainEntityOfPage\":{\"@id\":\"https:\\\/\\\/news.ecclesia.org.br\\\/?p=23067\"},\"wordCount\":248,\"commentCount\":0,\"publisher\":{\"@id\":\"https:\\\/\\\/news.ecclesia.org.br\\\/#organization\"},\"articleSection\":[\"Arquidiocese de Buenos Aires e Am\u00e9rica do Sul\"],\"inLanguage\":\"pt-BR\",\"potentialAction\":[{\"@type\":\"CommentAction\",\"name\":\"Comment\",\"target\":[\"https:\\\/\\\/news.ecclesia.org.br\\\/?p=23067#respond\"]}]},{\"@type\":\"WebPage\",\"@id\":\"https:\\\/\\\/news.ecclesia.org.br\\\/?p=23067\",\"url\":\"https:\\\/\\\/news.ecclesia.org.br\\\/?p=23067\",\"name\":\"COMUNICADO da Sacra Arquidiocese de Buenos Aires e Am\u00e9rica do Sul pela tr\u00e1gica morte do Embaixador da Gr\u00e9cia no Brasil | ECCLESIA NEWS\",\"isPartOf\":{\"@id\":\"https:\\\/\\\/news.ecclesia.org.br\\\/#website\"},\"datePublished\":\"2017-01-01T13:08:27+00:00\",\"dateModified\":\"2020-09-23T20:49:36+00:00\",\"breadcrumb\":{\"@id\":\"https:\\\/\\\/news.ecclesia.org.br\\\/?p=23067#breadcrumb\"},\"inLanguage\":\"pt-BR\",\"potentialAction\":[{\"@type\":\"ReadAction\",\"target\":[\"https:\\\/\\\/news.ecclesia.org.br\\\/?p=23067\"]}]},{\"@type\":\"BreadcrumbList\",\"@id\":\"https:\\\/\\\/news.ecclesia.org.br\\\/?p=23067#breadcrumb\",\"itemListElement\":[{\"@type\":\"ListItem\",\"position\":1,\"name\":\"In\u00edcio\",\"item\":\"https:\\\/\\\/news.ecclesia.org.br\\\/\"},{\"@type\":\"ListItem\",\"position\":2,\"name\":\"COMUNICADO da Sacra Arquidiocese de Buenos Aires e Am\u00e9rica do Sul pela tr\u00e1gica morte do Embaixador da Gr\u00e9cia no Brasil\"}]},{\"@type\":\"WebSite\",\"@id\":\"https:\\\/\\\/news.ecclesia.org.br\\\/#website\",\"url\":\"https:\\\/\\\/news.ecclesia.org.br\\\/\",\"name\":\"Ecclesia Brasil\",\"description\":\"Desde 2003 onectando o Brasil ao mundo ortodoxo!\",\"publisher\":{\"@id\":\"https:\\\/\\\/news.ecclesia.org.br\\\/#organization\"},\"alternateName\":\"Ecclesia\",\"potentialAction\":[{\"@type\":\"SearchAction\",\"target\":{\"@type\":\"EntryPoint\",\"urlTemplate\":\"https:\\\/\\\/news.ecclesia.org.br\\\/?s={search_term_string}\"},\"query-input\":{\"@type\":\"PropertyValueSpecification\",\"valueRequired\":true,\"valueName\":\"search_term_string\"}}],\"inLanguage\":\"pt-BR\"},{\"@type\":\"Organization\",\"@id\":\"https:\\\/\\\/news.ecclesia.org.br\\\/#organization\",\"name\":\"Sacra Arquidiocese de Buenos Aires e Am\u00e9rica do Sul | Patriarcado Ecum\u00eanico\",\"alternateName\":\"News Ecclesia Brasil\",\"url\":\"https:\\\/\\\/news.ecclesia.org.br\\\/\",\"logo\":{\"@type\":\"ImageObject\",\"inLanguage\":\"pt-BR\",\"@id\":\"https:\\\/\\\/news.ecclesia.org.br\\\/#\\\/schema\\\/logo\\\/image\\\/\",\"url\":\"https:\\\/\\\/news.ecclesia.org.br\\\/wp-content\\\/uploads\\\/2025\\\/05\\\/ecclesia2.png\",\"contentUrl\":\"https:\\\/\\\/news.ecclesia.org.br\\\/wp-content\\\/uploads\\\/2025\\\/05\\\/ecclesia2.png\",\"width\":480,\"height\":120,\"caption\":\"Sacra Arquidiocese de Buenos Aires e Am\u00e9rica do Sul | Patriarcado Ecum\u00eanico\"},\"image\":{\"@id\":\"https:\\\/\\\/news.ecclesia.org.br\\\/#\\\/schema\\\/logo\\\/image\\\/\"},\"sameAs\":[\"https:\\\/\\\/www.facebook.com\\\/Ecclesia2025\",\"https:\\\/\\\/x.com\\\/EcclesiaNews\",\"https:\\\/\\\/br.pinterest.com\\\/ekklisia\\\/\",\"https:\\\/\\\/www.youtube.com\\\/@EcclesiaBrasil\"]},{\"@type\":\"Person\",\"@id\":\"https:\\\/\\\/news.ecclesia.org.br\\\/#\\\/schema\\\/person\\\/6f09597f025829745ba414a569f63758\",\"name\":\"Pe. Andr\u00e9\",\"image\":{\"@type\":\"ImageObject\",\"inLanguage\":\"pt-BR\",\"@id\":\"https:\\\/\\\/secure.gravatar.com\\\/avatar\\\/b4327cfa27e9799da239a26adcd534fc29cdc0c4a4a148eecbcfeb9b42c617ac?s=96&d=mm&r=g\",\"url\":\"https:\\\/\\\/secure.gravatar.com\\\/avatar\\\/b4327cfa27e9799da239a26adcd534fc29cdc0c4a4a148eecbcfeb9b42c617ac?s=96&d=mm&r=g\",\"contentUrl\":\"https:\\\/\\\/secure.gravatar.com\\\/avatar\\\/b4327cfa27e9799da239a26adcd534fc29cdc0c4a4a148eecbcfeb9b42c617ac?s=96&d=mm&r=g\",\"caption\":\"Pe. Andr\u00e9\"},\"sameAs\":[\"https:\\\/\\\/www.ecclesia.org.br\"]}]}<\/script>\n<!-- \/ Yoast SEO plugin. -->","yoast_head_json":{"title":"COMUNICADO da Sacra Arquidiocese de Buenos Aires e Am\u00e9rica do Sul pela tr\u00e1gica morte do Embaixador da Gr\u00e9cia no Brasil | ECCLESIA NEWS","robots":{"index":"index","follow":"follow","max-snippet":"max-snippet:-1","max-image-preview":"max-image-preview:large","max-video-preview":"max-video-preview:-1"},"canonical":"https:\/\/news.ecclesia.org.br\/?p=23067","og_locale":"pt_BR","og_type":"article","og_title":"COMUNICADO da Sacra Arquidiocese de Buenos Aires e Am\u00e9rica do Sul pela tr\u00e1gica morte do Embaixador da Gr\u00e9cia no Brasil | ECCLESIA NEWS","og_description":"Buenos Aires, 31 de dezembro de 2016. A Arquidiocese Ortodoxa de Buenos Aires e Am\u00e9rica do Sul do Patriarcado Ecum\u00eanico de Constantinopla, na pessoa de seu Arcebispo Metropolitano Dom Tarasios, Clero e Fi\u00e9is, expressam seu grande pesar pelo desaparecimento e&#8230;","og_url":"https:\/\/news.ecclesia.org.br\/?p=23067","og_site_name":"ECCLESIA NEWS","article_publisher":"https:\/\/www.facebook.com\/Ecclesia2025","article_published_time":"2017-01-01T13:08:27+00:00","article_modified_time":"2020-09-23T20:49:36+00:00","og_image":[{"width":480,"height":120,"url":"https:\/\/news.ecclesia.org.br\/wp-content\/uploads\/2025\/05\/ecclesia2.png","type":"image\/png"}],"author":"Pe. Andr\u00e9","twitter_card":"summary_large_image","twitter_creator":"@EcclesiaNews","twitter_site":"@EcclesiaNews","twitter_misc":{"Escrito por":"Pe. Andr\u00e9","Est. tempo de leitura":"1 minuto"},"schema":{"@context":"https:\/\/schema.org","@graph":[{"@type":"Article","@id":"https:\/\/news.ecclesia.org.br\/?p=23067#article","isPartOf":{"@id":"https:\/\/news.ecclesia.org.br\/?p=23067"},"author":{"name":"Pe. Andr\u00e9","@id":"https:\/\/news.ecclesia.org.br\/#\/schema\/person\/6f09597f025829745ba414a569f63758"},"headline":"COMUNICADO da Sacra Arquidiocese de Buenos Aires e Am\u00e9rica do Sul pela tr\u00e1gica morte do Embaixador da Gr\u00e9cia no Brasil","datePublished":"2017-01-01T13:08:27+00:00","dateModified":"2020-09-23T20:49:36+00:00","mainEntityOfPage":{"@id":"https:\/\/news.ecclesia.org.br\/?p=23067"},"wordCount":248,"commentCount":0,"publisher":{"@id":"https:\/\/news.ecclesia.org.br\/#organization"},"articleSection":["Arquidiocese de Buenos Aires e Am\u00e9rica do Sul"],"inLanguage":"pt-BR","potentialAction":[{"@type":"CommentAction","name":"Comment","target":["https:\/\/news.ecclesia.org.br\/?p=23067#respond"]}]},{"@type":"WebPage","@id":"https:\/\/news.ecclesia.org.br\/?p=23067","url":"https:\/\/news.ecclesia.org.br\/?p=23067","name":"COMUNICADO da Sacra Arquidiocese de Buenos Aires e Am\u00e9rica do Sul pela tr\u00e1gica morte do Embaixador da Gr\u00e9cia no Brasil | ECCLESIA NEWS","isPartOf":{"@id":"https:\/\/news.ecclesia.org.br\/#website"},"datePublished":"2017-01-01T13:08:27+00:00","dateModified":"2020-09-23T20:49:36+00:00","breadcrumb":{"@id":"https:\/\/news.ecclesia.org.br\/?p=23067#breadcrumb"},"inLanguage":"pt-BR","potentialAction":[{"@type":"ReadAction","target":["https:\/\/news.ecclesia.org.br\/?p=23067"]}]},{"@type":"BreadcrumbList","@id":"https:\/\/news.ecclesia.org.br\/?p=23067#breadcrumb","itemListElement":[{"@type":"ListItem","position":1,"name":"In\u00edcio","item":"https:\/\/news.ecclesia.org.br\/"},{"@type":"ListItem","position":2,"name":"COMUNICADO da Sacra Arquidiocese de Buenos Aires e Am\u00e9rica do Sul pela tr\u00e1gica morte do Embaixador da Gr\u00e9cia no Brasil"}]},{"@type":"WebSite","@id":"https:\/\/news.ecclesia.org.br\/#website","url":"https:\/\/news.ecclesia.org.br\/","name":"Ecclesia Brasil","description":"Desde 2003 onectando o Brasil ao mundo ortodoxo!","publisher":{"@id":"https:\/\/news.ecclesia.org.br\/#organization"},"alternateName":"Ecclesia","potentialAction":[{"@type":"SearchAction","target":{"@type":"EntryPoint","urlTemplate":"https:\/\/news.ecclesia.org.br\/?s={search_term_string}"},"query-input":{"@type":"PropertyValueSpecification","valueRequired":true,"valueName":"search_term_string"}}],"inLanguage":"pt-BR"},{"@type":"Organization","@id":"https:\/\/news.ecclesia.org.br\/#organization","name":"Sacra Arquidiocese de Buenos Aires e Am\u00e9rica do Sul | Patriarcado Ecum\u00eanico","alternateName":"News Ecclesia Brasil","url":"https:\/\/news.ecclesia.org.br\/","logo":{"@type":"ImageObject","inLanguage":"pt-BR","@id":"https:\/\/news.ecclesia.org.br\/#\/schema\/logo\/image\/","url":"https:\/\/news.ecclesia.org.br\/wp-content\/uploads\/2025\/05\/ecclesia2.png","contentUrl":"https:\/\/news.ecclesia.org.br\/wp-content\/uploads\/2025\/05\/ecclesia2.png","width":480,"height":120,"caption":"Sacra Arquidiocese de Buenos Aires e Am\u00e9rica do Sul | Patriarcado Ecum\u00eanico"},"image":{"@id":"https:\/\/news.ecclesia.org.br\/#\/schema\/logo\/image\/"},"sameAs":["https:\/\/www.facebook.com\/Ecclesia2025","https:\/\/x.com\/EcclesiaNews","https:\/\/br.pinterest.com\/ekklisia\/","https:\/\/www.youtube.com\/@EcclesiaBrasil"]},{"@type":"Person","@id":"https:\/\/news.ecclesia.org.br\/#\/schema\/person\/6f09597f025829745ba414a569f63758","name":"Pe. Andr\u00e9","image":{"@type":"ImageObject","inLanguage":"pt-BR","@id":"https:\/\/secure.gravatar.com\/avatar\/b4327cfa27e9799da239a26adcd534fc29cdc0c4a4a148eecbcfeb9b42c617ac?s=96&d=mm&r=g","url":"https:\/\/secure.gravatar.com\/avatar\/b4327cfa27e9799da239a26adcd534fc29cdc0c4a4a148eecbcfeb9b42c617ac?s=96&d=mm&r=g","contentUrl":"https:\/\/secure.gravatar.com\/avatar\/b4327cfa27e9799da239a26adcd534fc29cdc0c4a4a148eecbcfeb9b42c617ac?s=96&d=mm&r=g","caption":"Pe. Andr\u00e9"},"sameAs":["https:\/\/www.ecclesia.org.br"]}]}},"_links":{"self":[{"href":"https:\/\/news.ecclesia.org.br\/index.php?rest_route=\/wp\/v2\/posts\/23067","targetHints":{"allow":["GET"]}}],"collection":[{"href":"https:\/\/news.ecclesia.org.br\/index.php?rest_route=\/wp\/v2\/posts"}],"about":[{"href":"https:\/\/news.ecclesia.org.br\/index.php?rest_route=\/wp\/v2\/types\/post"}],"author":[{"embeddable":true,"href":"https:\/\/news.ecclesia.org.br\/index.php?rest_route=\/wp\/v2\/users\/1"}],"replies":[{"embeddable":true,"href":"https:\/\/news.ecclesia.org.br\/index.php?rest_route=%2Fwp%2Fv2%2Fcomments&post=23067"}],"version-history":[{"count":2,"href":"https:\/\/news.ecclesia.org.br\/index.php?rest_route=\/wp\/v2\/posts\/23067\/revisions"}],"predecessor-version":[{"id":34046,"href":"https:\/\/news.ecclesia.org.br\/index.php?rest_route=\/wp\/v2\/posts\/23067\/revisions\/34046"}],"wp:attachment":[{"href":"https:\/\/news.ecclesia.org.br\/index.php?rest_route=%2Fwp%2Fv2%2Fmedia&parent=23067"}],"wp:term":[{"taxonomy":"category","embeddable":true,"href":"https:\/\/news.ecclesia.org.br\/index.php?rest_route=%2Fwp%2Fv2%2Fcategories&post=23067"},{"taxonomy":"post_tag","embeddable":true,"href":"https:\/\/news.ecclesia.org.br\/index.php?rest_route=%2Fwp%2Fv2%2Ftags&post=23067"}],"curies":[{"name":"wp","href":"https:\/\/api.w.org\/{rel}","templated":true}]}}