{"id":23056,"date":"2016-12-24T16:47:00","date_gmt":"2016-12-24T16:47:00","guid":{"rendered":"https:\/\/news.ecclesia.org.br\/2013\/?p=23056"},"modified":"2020-06-13T13:24:03","modified_gmt":"2020-06-13T13:24:03","slug":"mensagem-de-natal-de-s-e-r-dom-tarasios-arcebispo-metropolitano-de-buenos-aires-primaz-e-exarca-da-america-do-sul","status":"publish","type":"post","link":"https:\/\/news.ecclesia.org.br\/?p=23056","title":{"rendered":"Mensagem de Natal de S.E.R. Dom Tarasios, Arcebispo Metropolitano de Buenos Aires, Primaz e Exarca da Am\u00e9rica do Sul"},"content":{"rendered":"<p style=\"text-align: justify;\"><a href=\"https:\/\/news.ecclesia.org.br\/2013\/wp-content\/uploads\/2016\/12\/mensagem-natal.jpg\"><img fetchpriority=\"high\" decoding=\"async\" class=\"aligncenter size-full wp-image-23057\" src=\"https:\/\/news.ecclesia.org.br\/2013\/wp-content\/uploads\/2016\/12\/mensagem-natal.jpg\" alt=\"mensagem-natal\" width=\"800\" height=\"601\" srcset=\"https:\/\/news.ecclesia.org.br\/wp-content\/uploads\/2016\/12\/mensagem-natal.jpg 800w, https:\/\/news.ecclesia.org.br\/wp-content\/uploads\/2016\/12\/mensagem-natal-300x225.jpg 300w, https:\/\/news.ecclesia.org.br\/wp-content\/uploads\/2016\/12\/mensagem-natal-768x577.jpg 768w, https:\/\/news.ecclesia.org.br\/wp-content\/uploads\/2016\/12\/mensagem-natal-600x451.jpg 600w, https:\/\/news.ecclesia.org.br\/wp-content\/uploads\/2016\/12\/mensagem-natal-73x55.jpg 73w\" sizes=\"(max-width: 800px) 100vw, 800px\" \/><\/a><\/p>\n<blockquote>\n<p style=\"text-align: justify;\">Querid\u00edssimo rebanho espiritual em Cristo nascido em Bel\u00e9m:<\/p>\n<p style=\"text-align: justify;\">\u00abDou gra\u00e7as \u00e0quele que me deu for\u00e7as, Jesus Cristo, nosso Senhor, porque me julgou digno de confian\u00e7a e me chamou ao minist\u00e9rio\u00bb (1 Tm 1,12).<\/p>\n<p style=\"text-align: justify;\">Esta express\u00e3o t\u00e3o simples e t\u00e3o profunda eu a saboreio cada vez que a leio e a medito. Identifico-me com ela. Expressa os sentimentos que acalento em meu cora\u00e7\u00e3o ao completar mais de 25 anos de sacerd\u00f3cio e servi\u00e7o na vinha do Senhor. Hoje, isso tem uma resson\u00e2ncia especial e gostaria de poder compartilhar com todos voc\u00eas. Meu cora\u00e7\u00e3o transborda de alegria e agradecimento, porque o Senhor me elegeu, n\u00e3o por meus pr\u00f3prios merecimentos, para me tornar sacerdote e bispo de sua Santa Igreja Ortodoxa, e porque hoje posso celebrar os quinze anos juntos com voc\u00eas, meus queridos filhos espirituais, nesta Sacra Jurisdi\u00e7\u00e3o do Patriarcado Ecum\u00eanico, na Arquidiocese de Buenos Aires. Em minha ordena\u00e7\u00e3o episcopal, ao me ser entregue o b\u00e1culo, me foi dito: \u00ab\u039b\u1f71\u03b2\u03b5 \u03c4\u1f75\u03bd \u03a1\u1f71\u03b2\u03b4\u03bf\u03bd \u03c4\u03b1\u1f7b\u03c4\u03b7\u03bd, \u1f35\u03bd\u03b1 \u03c0\u03bf\u03b9\u03bc\u1f71\u03bd\u1fc3\u03c2 \u03c4\u1f79 \u1f10\u03bc\u03c0\u03b9\u03c3\u03c4\u03b5\u03c5\u03b8\u1f73\u03bd \u03c3\u03bf\u03b9 \u03a0\u03bf\u1f77\u03bc\u03bd\u03b9\u03bf\u03bd \u03c4\u03bf\u1fe6 \u03a7\u03c1\u03b9\u03c3\u03c4\u03bf\u1fe6\u00bb &#8211; toma este b\u00e1culo para que possas pastorear o rebanho de Cristo que te foi confiado\u00bb. Confesso, que muitas vezes vejo e interpreto este b\u00e1culo, n\u00e3o como express\u00e3o de minha autoridade e poder, mas como s\u00edmbolo de minha entrega e amor por todos. Por isso \u00e9 que agora, durante a Santa Natividade de Cristo, quero reavivar meu esp\u00edrito , responder aos sinais destes tempos e os chamados do Senhor. Escuto em meu interior o chamado que tantas vezes Jesus me dirigiu no Evangelho: \u00abVem e segue-me\u00bb e, do mesmo modo, as palavras do Profeta Isa\u00edas: \u00abEis-me aqui, eu e os filhos que o Senhor me deu\u00bb.<\/p>\n<p style=\"text-align: justify;\">\u00c9 meu desejo mais sincero neste anivers\u00e1rio de quinze anos como vosso pastor, que a santa luz que emana do pres\u00e9pio de Bel\u00e9m que me guiou durante todos estes anos, ilumine tamb\u00e9m vossas mentes e acaricie vossos cora\u00e7\u00f5es, e que Cristo governe as vossas vidas e as de vosso familiares.<\/p>\n<p style=\"text-align: justify;\">Da Arquidiocese, em Buenos Aires,<br \/>\nSanta Natividade de 2016<\/p>\n<p style=\"text-align: center;\">CRISTO NASCE, GLORIFIQUEMO-LO!<\/p>\n<p style=\"text-align: center;\">O ARQUIPASTOR<br \/>\nFervorosos suplicante diante do Senhor por todos v\u00f3s,<br \/>\nTarasios de Buenos Aires<br \/>\nPrimaz e Exarca da Am\u00e9rica do Sul<\/p>\n<\/blockquote>\n<hr \/>\n<h2 style=\"text-align: center;\">Mensaje Navide\u00f1o de S.E.R. Mons. Tarasios<\/h2>\n<blockquote>\n<p style=\"text-align: justify;\">Querid\u00edsimo reba\u00f1o espiritual en Cristo nacido en Bel\u00e9n:<\/p>\n<p style=\"text-align: justify;\">\u00ab\u00a1Qu\u00e9 agradecido estoy a Jesucristo, el Se\u00f1or, por la confianza depositada en m\u00ed al designarme para su ministerio!\u00bb (1 Tim 1,12).<\/p>\n<p style=\"text-align: justify;\">La frase es simple y profunda. La saboreo cada vez que la leo y la medito. Me identifico con ella. Expresa los sentimientos que yo albergo en mi coraz\u00f3n al cumplir estos m\u00e1s que veinticinco a\u00f1os de sacerdocio y servicio en la vi\u00f1a del Se\u00f1or. Hoy tiene una resonancia especial y quer\u00eda compartirla con Uds. Mi coraz\u00f3n rebosa de alegr\u00eda y agradecimiento, porque el Se\u00f1or me eligi\u00f3, sin m\u00e9ritos propios, para ser sacerdote y Obispo de su Santa Iglesia Ortodoxa, y porque hoy puedo celebrar con todos Uds., mis queridos hijos espirituales, los quince a\u00f1os junto con Uds. en esta Sacra Jurisdicci\u00f3n del Patriarcado Ecum\u00e9nico en la Arquidi\u00f3cesis de Buenos Aires. \u00a0En mi ordenaci\u00f3n episcopal, se me entreg\u00f3 el b\u00e1culo y se me dijo: \u00ab\u201c\u039b\u1f71\u03b2\u03b5 \u03c4\u1f75\u03bd \u03a1\u1f71\u03b2\u03b4\u03bf\u03bd \u03c4\u03b1\u1f7b\u03c4\u03b7\u03bd, \u1f35\u03bd\u03b1 \u03c0\u03bf\u03b9\u03bc\u1f71\u03bd\u1fc3\u03c2 \u03c4\u1f79 \u1f10\u03bc\u03c0\u03b9\u03c3\u03c4\u03b5\u03c5\u03b8\u1f73\u03bd \u03c3\u03bf\u03b9 \u03a0\u03bf\u1f77\u03bc\u03bd\u03b9\u03bf\u03bd \u03c4\u03bf\u1fe6 \u03a7\u03c1\u03b9\u03c3\u03c4\u03bf\u1fe6- toma este v\u00e1culo para que pastorees el reba\u00f1o de Cristo que se te ha confiado\u00bb. Les confieso que muchas veces veo e interpreto este b\u00e1culo, no como expresi\u00f3n de mi autoridad y poder, sin\u00f3 como s\u00edmbolo de mi entrega y amor por todos. \u00a0Por ello es que ahora, durante la Santa Natividad de Cristo, quiero reavivar mi esp\u00edritu, responder a los signos de estos tiempos, y a las llamadas del Se\u00f1or. Escucho en mi interior la llamada que tantas veces hizo Jes\u00fas en el Evangelio: \u00abVen y s\u00edgueme\u00bb y, como as\u00ed tambi\u00e9n las palabras del profeta Isa\u00edas, \u00abHe aqu\u00ed, yo y los hijos que me dio el Se\u00f1or\u00bb. Es mi sincero deseo, en mi \u201cquincea\u00f1ero\u201d aniversario como vuestro pastor, que la Santa Luz que emana del pesebre de Bel\u00e9n que me ha conducido todos estos a\u00f1os, ilumine vuestras mentes y acaricie vuestros corazones y que Cristo gobierne vuestras vidas y las vidas de vuestras familias.<\/p>\n<p style=\"text-align: justify;\">Desde la Arquidi\u00f3cesis, en Buenos Aires, Navidad 2016<\/p>\n<p style=\"text-align: center;\">\u00a1CRISTO NACE, GLORIFIQUENLO!<\/p>\n<p style=\"text-align: center;\">EL ARCHIPASTOR<br \/>\nFerviente suplicante ante el Se\u00f1or de todos vosotros,<br \/>\nTarasios de Buenos Aires<br \/>\nPrimado y Exarca de Sudam\u00e9rica<\/p>\n<\/blockquote>\n","protected":false},"excerpt":{"rendered":"<p>Querid\u00edssimo rebanho espiritual em Cristo nascido em Bel\u00e9m: \u00abDou gra\u00e7as \u00e0quele que me deu for\u00e7as, Jesus Cristo, nosso Senhor, porque me julgou digno de confian\u00e7a e me chamou ao minist\u00e9rio\u00bb (1 Tm 1,12). Esta express\u00e3o t\u00e3o simples e t\u00e3o profunda&#8230;<\/p>\n","protected":false},"author":1,"featured_media":23057,"comment_status":"open","ping_status":"open","sticky":false,"template":"","format":"standard","meta":{"_acf_changed":false,"footnotes":""},"categories":[40],"tags":[],"class_list":["post-23056","post","type-post","status-publish","format-standard","has-post-thumbnail","hentry","category-arquidiocese-de-buenos-aires-e-america-do-sul","entry","rows-excerpt"],"acf":[],"yoast_head":"<!-- This site is optimized with the Yoast SEO plugin v27.5 - https:\/\/yoast.com\/product\/yoast-seo-wordpress\/ -->\n<title>Mensagem de Natal de S.E.R. Dom Tarasios, Arcebispo Metropolitano de Buenos Aires, Primaz e Exarca da Am\u00e9rica do Sul | ECCLESIA NEWS<\/title>\n<meta name=\"robots\" content=\"index, follow, max-snippet:-1, max-image-preview:large, max-video-preview:-1\" \/>\n<link rel=\"canonical\" href=\"https:\/\/news.ecclesia.org.br\/?p=23056\" \/>\n<meta property=\"og:locale\" content=\"pt_BR\" \/>\n<meta property=\"og:type\" content=\"article\" \/>\n<meta property=\"og:title\" content=\"Mensagem de Natal de S.E.R. Dom Tarasios, Arcebispo Metropolitano de Buenos Aires, Primaz e Exarca da Am\u00e9rica do Sul | ECCLESIA NEWS\" \/>\n<meta property=\"og:description\" content=\"Querid\u00edssimo rebanho espiritual em Cristo nascido em Bel\u00e9m: \u00abDou gra\u00e7as \u00e0quele que me deu for\u00e7as, Jesus Cristo, nosso Senhor, porque me julgou digno de confian\u00e7a e me chamou ao minist\u00e9rio\u00bb (1 Tm 1,12). Esta express\u00e3o t\u00e3o simples e t\u00e3o profunda&#8230;\" \/>\n<meta property=\"og:url\" content=\"https:\/\/news.ecclesia.org.br\/?p=23056\" \/>\n<meta property=\"og:site_name\" content=\"ECCLESIA NEWS\" \/>\n<meta property=\"article:publisher\" content=\"https:\/\/www.facebook.com\/Ecclesia2025\" \/>\n<meta property=\"article:published_time\" content=\"2016-12-24T16:47:00+00:00\" \/>\n<meta property=\"article:modified_time\" content=\"2020-06-13T13:24:03+00:00\" \/>\n<meta property=\"og:image\" content=\"https:\/\/news.ecclesia.org.br\/wp-content\/uploads\/2016\/12\/mensagem-natal.jpg\" \/>\n\t<meta property=\"og:image:width\" content=\"800\" \/>\n\t<meta property=\"og:image:height\" content=\"601\" \/>\n\t<meta property=\"og:image:type\" content=\"image\/jpeg\" \/>\n<meta name=\"author\" content=\"Pe. Andr\u00e9\" \/>\n<meta name=\"twitter:card\" content=\"summary_large_image\" \/>\n<meta name=\"twitter:creator\" content=\"@EcclesiaNews\" \/>\n<meta name=\"twitter:site\" content=\"@EcclesiaNews\" \/>\n<meta name=\"twitter:label1\" content=\"Escrito por\" \/>\n\t<meta name=\"twitter:data1\" content=\"Pe. Andr\u00e9\" \/>\n\t<meta name=\"twitter:label2\" content=\"Est. tempo de leitura\" \/>\n\t<meta name=\"twitter:data2\" content=\"4 minutos\" \/>\n<script type=\"application\/ld+json\" class=\"yoast-schema-graph\">{\"@context\":\"https:\\\/\\\/schema.org\",\"@graph\":[{\"@type\":\"Article\",\"@id\":\"https:\\\/\\\/news.ecclesia.org.br\\\/?p=23056#article\",\"isPartOf\":{\"@id\":\"https:\\\/\\\/news.ecclesia.org.br\\\/?p=23056\"},\"author\":{\"name\":\"Pe. Andr\u00e9\",\"@id\":\"https:\\\/\\\/news.ecclesia.org.br\\\/#\\\/schema\\\/person\\\/6f09597f025829745ba414a569f63758\"},\"headline\":\"Mensagem de Natal de S.E.R. Dom Tarasios, Arcebispo Metropolitano de Buenos Aires, Primaz e Exarca da Am\u00e9rica do Sul\",\"datePublished\":\"2016-12-24T16:47:00+00:00\",\"dateModified\":\"2020-06-13T13:24:03+00:00\",\"mainEntityOfPage\":{\"@id\":\"https:\\\/\\\/news.ecclesia.org.br\\\/?p=23056\"},\"wordCount\":780,\"commentCount\":0,\"publisher\":{\"@id\":\"https:\\\/\\\/news.ecclesia.org.br\\\/#organization\"},\"image\":{\"@id\":\"https:\\\/\\\/news.ecclesia.org.br\\\/?p=23056#primaryimage\"},\"thumbnailUrl\":\"https:\\\/\\\/news.ecclesia.org.br\\\/wp-content\\\/uploads\\\/2016\\\/12\\\/mensagem-natal.jpg\",\"articleSection\":[\"Arquidiocese de Buenos Aires e Am\u00e9rica do Sul\"],\"inLanguage\":\"pt-BR\",\"potentialAction\":[{\"@type\":\"CommentAction\",\"name\":\"Comment\",\"target\":[\"https:\\\/\\\/news.ecclesia.org.br\\\/?p=23056#respond\"]}]},{\"@type\":\"WebPage\",\"@id\":\"https:\\\/\\\/news.ecclesia.org.br\\\/?p=23056\",\"url\":\"https:\\\/\\\/news.ecclesia.org.br\\\/?p=23056\",\"name\":\"Mensagem de Natal de S.E.R. Dom Tarasios, Arcebispo Metropolitano de Buenos Aires, Primaz e Exarca da Am\u00e9rica do Sul | ECCLESIA NEWS\",\"isPartOf\":{\"@id\":\"https:\\\/\\\/news.ecclesia.org.br\\\/#website\"},\"primaryImageOfPage\":{\"@id\":\"https:\\\/\\\/news.ecclesia.org.br\\\/?p=23056#primaryimage\"},\"image\":{\"@id\":\"https:\\\/\\\/news.ecclesia.org.br\\\/?p=23056#primaryimage\"},\"thumbnailUrl\":\"https:\\\/\\\/news.ecclesia.org.br\\\/wp-content\\\/uploads\\\/2016\\\/12\\\/mensagem-natal.jpg\",\"datePublished\":\"2016-12-24T16:47:00+00:00\",\"dateModified\":\"2020-06-13T13:24:03+00:00\",\"breadcrumb\":{\"@id\":\"https:\\\/\\\/news.ecclesia.org.br\\\/?p=23056#breadcrumb\"},\"inLanguage\":\"pt-BR\",\"potentialAction\":[{\"@type\":\"ReadAction\",\"target\":[\"https:\\\/\\\/news.ecclesia.org.br\\\/?p=23056\"]}]},{\"@type\":\"ImageObject\",\"inLanguage\":\"pt-BR\",\"@id\":\"https:\\\/\\\/news.ecclesia.org.br\\\/?p=23056#primaryimage\",\"url\":\"https:\\\/\\\/news.ecclesia.org.br\\\/wp-content\\\/uploads\\\/2016\\\/12\\\/mensagem-natal.jpg\",\"contentUrl\":\"https:\\\/\\\/news.ecclesia.org.br\\\/wp-content\\\/uploads\\\/2016\\\/12\\\/mensagem-natal.jpg\",\"width\":800,\"height\":601},{\"@type\":\"BreadcrumbList\",\"@id\":\"https:\\\/\\\/news.ecclesia.org.br\\\/?p=23056#breadcrumb\",\"itemListElement\":[{\"@type\":\"ListItem\",\"position\":1,\"name\":\"In\u00edcio\",\"item\":\"https:\\\/\\\/news.ecclesia.org.br\\\/\"},{\"@type\":\"ListItem\",\"position\":2,\"name\":\"Mensagem de Natal de S.E.R. Dom Tarasios, Arcebispo Metropolitano de Buenos Aires, Primaz e Exarca da Am\u00e9rica do Sul\"}]},{\"@type\":\"WebSite\",\"@id\":\"https:\\\/\\\/news.ecclesia.org.br\\\/#website\",\"url\":\"https:\\\/\\\/news.ecclesia.org.br\\\/\",\"name\":\"Ecclesia Brasil\",\"description\":\"Desde 2003 onectando o Brasil ao mundo ortodoxo!\",\"publisher\":{\"@id\":\"https:\\\/\\\/news.ecclesia.org.br\\\/#organization\"},\"alternateName\":\"Ecclesia\",\"potentialAction\":[{\"@type\":\"SearchAction\",\"target\":{\"@type\":\"EntryPoint\",\"urlTemplate\":\"https:\\\/\\\/news.ecclesia.org.br\\\/?s={search_term_string}\"},\"query-input\":{\"@type\":\"PropertyValueSpecification\",\"valueRequired\":true,\"valueName\":\"search_term_string\"}}],\"inLanguage\":\"pt-BR\"},{\"@type\":\"Organization\",\"@id\":\"https:\\\/\\\/news.ecclesia.org.br\\\/#organization\",\"name\":\"Sacra Arquidiocese de Buenos Aires e Am\u00e9rica do Sul | Patriarcado Ecum\u00eanico\",\"alternateName\":\"News Ecclesia Brasil\",\"url\":\"https:\\\/\\\/news.ecclesia.org.br\\\/\",\"logo\":{\"@type\":\"ImageObject\",\"inLanguage\":\"pt-BR\",\"@id\":\"https:\\\/\\\/news.ecclesia.org.br\\\/#\\\/schema\\\/logo\\\/image\\\/\",\"url\":\"https:\\\/\\\/news.ecclesia.org.br\\\/wp-content\\\/uploads\\\/2025\\\/05\\\/ecclesia2.png\",\"contentUrl\":\"https:\\\/\\\/news.ecclesia.org.br\\\/wp-content\\\/uploads\\\/2025\\\/05\\\/ecclesia2.png\",\"width\":480,\"height\":120,\"caption\":\"Sacra Arquidiocese de Buenos Aires e Am\u00e9rica do Sul | Patriarcado Ecum\u00eanico\"},\"image\":{\"@id\":\"https:\\\/\\\/news.ecclesia.org.br\\\/#\\\/schema\\\/logo\\\/image\\\/\"},\"sameAs\":[\"https:\\\/\\\/www.facebook.com\\\/Ecclesia2025\",\"https:\\\/\\\/x.com\\\/EcclesiaNews\",\"https:\\\/\\\/br.pinterest.com\\\/ekklisia\\\/\",\"https:\\\/\\\/www.youtube.com\\\/@EcclesiaBrasil\"]},{\"@type\":\"Person\",\"@id\":\"https:\\\/\\\/news.ecclesia.org.br\\\/#\\\/schema\\\/person\\\/6f09597f025829745ba414a569f63758\",\"name\":\"Pe. Andr\u00e9\",\"image\":{\"@type\":\"ImageObject\",\"inLanguage\":\"pt-BR\",\"@id\":\"https:\\\/\\\/secure.gravatar.com\\\/avatar\\\/b4327cfa27e9799da239a26adcd534fc29cdc0c4a4a148eecbcfeb9b42c617ac?s=96&d=mm&r=g\",\"url\":\"https:\\\/\\\/secure.gravatar.com\\\/avatar\\\/b4327cfa27e9799da239a26adcd534fc29cdc0c4a4a148eecbcfeb9b42c617ac?s=96&d=mm&r=g\",\"contentUrl\":\"https:\\\/\\\/secure.gravatar.com\\\/avatar\\\/b4327cfa27e9799da239a26adcd534fc29cdc0c4a4a148eecbcfeb9b42c617ac?s=96&d=mm&r=g\",\"caption\":\"Pe. Andr\u00e9\"},\"sameAs\":[\"https:\\\/\\\/www.ecclesia.org.br\"]}]}<\/script>\n<!-- \/ Yoast SEO plugin. -->","yoast_head_json":{"title":"Mensagem de Natal de S.E.R. Dom Tarasios, Arcebispo Metropolitano de Buenos Aires, Primaz e Exarca da Am\u00e9rica do Sul | ECCLESIA NEWS","robots":{"index":"index","follow":"follow","max-snippet":"max-snippet:-1","max-image-preview":"max-image-preview:large","max-video-preview":"max-video-preview:-1"},"canonical":"https:\/\/news.ecclesia.org.br\/?p=23056","og_locale":"pt_BR","og_type":"article","og_title":"Mensagem de Natal de S.E.R. Dom Tarasios, Arcebispo Metropolitano de Buenos Aires, Primaz e Exarca da Am\u00e9rica do Sul | ECCLESIA NEWS","og_description":"Querid\u00edssimo rebanho espiritual em Cristo nascido em Bel\u00e9m: \u00abDou gra\u00e7as \u00e0quele que me deu for\u00e7as, Jesus Cristo, nosso Senhor, porque me julgou digno de confian\u00e7a e me chamou ao minist\u00e9rio\u00bb (1 Tm 1,12). Esta express\u00e3o t\u00e3o simples e t\u00e3o profunda&#8230;","og_url":"https:\/\/news.ecclesia.org.br\/?p=23056","og_site_name":"ECCLESIA NEWS","article_publisher":"https:\/\/www.facebook.com\/Ecclesia2025","article_published_time":"2016-12-24T16:47:00+00:00","article_modified_time":"2020-06-13T13:24:03+00:00","og_image":[{"width":800,"height":601,"url":"https:\/\/news.ecclesia.org.br\/wp-content\/uploads\/2016\/12\/mensagem-natal.jpg","type":"image\/jpeg"}],"author":"Pe. Andr\u00e9","twitter_card":"summary_large_image","twitter_creator":"@EcclesiaNews","twitter_site":"@EcclesiaNews","twitter_misc":{"Escrito por":"Pe. Andr\u00e9","Est. tempo de leitura":"4 minutos"},"schema":{"@context":"https:\/\/schema.org","@graph":[{"@type":"Article","@id":"https:\/\/news.ecclesia.org.br\/?p=23056#article","isPartOf":{"@id":"https:\/\/news.ecclesia.org.br\/?p=23056"},"author":{"name":"Pe. Andr\u00e9","@id":"https:\/\/news.ecclesia.org.br\/#\/schema\/person\/6f09597f025829745ba414a569f63758"},"headline":"Mensagem de Natal de S.E.R. Dom Tarasios, Arcebispo Metropolitano de Buenos Aires, Primaz e Exarca da Am\u00e9rica do Sul","datePublished":"2016-12-24T16:47:00+00:00","dateModified":"2020-06-13T13:24:03+00:00","mainEntityOfPage":{"@id":"https:\/\/news.ecclesia.org.br\/?p=23056"},"wordCount":780,"commentCount":0,"publisher":{"@id":"https:\/\/news.ecclesia.org.br\/#organization"},"image":{"@id":"https:\/\/news.ecclesia.org.br\/?p=23056#primaryimage"},"thumbnailUrl":"https:\/\/news.ecclesia.org.br\/wp-content\/uploads\/2016\/12\/mensagem-natal.jpg","articleSection":["Arquidiocese de Buenos Aires e Am\u00e9rica do Sul"],"inLanguage":"pt-BR","potentialAction":[{"@type":"CommentAction","name":"Comment","target":["https:\/\/news.ecclesia.org.br\/?p=23056#respond"]}]},{"@type":"WebPage","@id":"https:\/\/news.ecclesia.org.br\/?p=23056","url":"https:\/\/news.ecclesia.org.br\/?p=23056","name":"Mensagem de Natal de S.E.R. Dom Tarasios, Arcebispo Metropolitano de Buenos Aires, Primaz e Exarca da Am\u00e9rica do Sul | ECCLESIA NEWS","isPartOf":{"@id":"https:\/\/news.ecclesia.org.br\/#website"},"primaryImageOfPage":{"@id":"https:\/\/news.ecclesia.org.br\/?p=23056#primaryimage"},"image":{"@id":"https:\/\/news.ecclesia.org.br\/?p=23056#primaryimage"},"thumbnailUrl":"https:\/\/news.ecclesia.org.br\/wp-content\/uploads\/2016\/12\/mensagem-natal.jpg","datePublished":"2016-12-24T16:47:00+00:00","dateModified":"2020-06-13T13:24:03+00:00","breadcrumb":{"@id":"https:\/\/news.ecclesia.org.br\/?p=23056#breadcrumb"},"inLanguage":"pt-BR","potentialAction":[{"@type":"ReadAction","target":["https:\/\/news.ecclesia.org.br\/?p=23056"]}]},{"@type":"ImageObject","inLanguage":"pt-BR","@id":"https:\/\/news.ecclesia.org.br\/?p=23056#primaryimage","url":"https:\/\/news.ecclesia.org.br\/wp-content\/uploads\/2016\/12\/mensagem-natal.jpg","contentUrl":"https:\/\/news.ecclesia.org.br\/wp-content\/uploads\/2016\/12\/mensagem-natal.jpg","width":800,"height":601},{"@type":"BreadcrumbList","@id":"https:\/\/news.ecclesia.org.br\/?p=23056#breadcrumb","itemListElement":[{"@type":"ListItem","position":1,"name":"In\u00edcio","item":"https:\/\/news.ecclesia.org.br\/"},{"@type":"ListItem","position":2,"name":"Mensagem de Natal de S.E.R. Dom Tarasios, Arcebispo Metropolitano de Buenos Aires, Primaz e Exarca da Am\u00e9rica do Sul"}]},{"@type":"WebSite","@id":"https:\/\/news.ecclesia.org.br\/#website","url":"https:\/\/news.ecclesia.org.br\/","name":"Ecclesia Brasil","description":"Desde 2003 onectando o Brasil ao mundo ortodoxo!","publisher":{"@id":"https:\/\/news.ecclesia.org.br\/#organization"},"alternateName":"Ecclesia","potentialAction":[{"@type":"SearchAction","target":{"@type":"EntryPoint","urlTemplate":"https:\/\/news.ecclesia.org.br\/?s={search_term_string}"},"query-input":{"@type":"PropertyValueSpecification","valueRequired":true,"valueName":"search_term_string"}}],"inLanguage":"pt-BR"},{"@type":"Organization","@id":"https:\/\/news.ecclesia.org.br\/#organization","name":"Sacra Arquidiocese de Buenos Aires e Am\u00e9rica do Sul | Patriarcado Ecum\u00eanico","alternateName":"News Ecclesia Brasil","url":"https:\/\/news.ecclesia.org.br\/","logo":{"@type":"ImageObject","inLanguage":"pt-BR","@id":"https:\/\/news.ecclesia.org.br\/#\/schema\/logo\/image\/","url":"https:\/\/news.ecclesia.org.br\/wp-content\/uploads\/2025\/05\/ecclesia2.png","contentUrl":"https:\/\/news.ecclesia.org.br\/wp-content\/uploads\/2025\/05\/ecclesia2.png","width":480,"height":120,"caption":"Sacra Arquidiocese de Buenos Aires e Am\u00e9rica do Sul | Patriarcado Ecum\u00eanico"},"image":{"@id":"https:\/\/news.ecclesia.org.br\/#\/schema\/logo\/image\/"},"sameAs":["https:\/\/www.facebook.com\/Ecclesia2025","https:\/\/x.com\/EcclesiaNews","https:\/\/br.pinterest.com\/ekklisia\/","https:\/\/www.youtube.com\/@EcclesiaBrasil"]},{"@type":"Person","@id":"https:\/\/news.ecclesia.org.br\/#\/schema\/person\/6f09597f025829745ba414a569f63758","name":"Pe. Andr\u00e9","image":{"@type":"ImageObject","inLanguage":"pt-BR","@id":"https:\/\/secure.gravatar.com\/avatar\/b4327cfa27e9799da239a26adcd534fc29cdc0c4a4a148eecbcfeb9b42c617ac?s=96&d=mm&r=g","url":"https:\/\/secure.gravatar.com\/avatar\/b4327cfa27e9799da239a26adcd534fc29cdc0c4a4a148eecbcfeb9b42c617ac?s=96&d=mm&r=g","contentUrl":"https:\/\/secure.gravatar.com\/avatar\/b4327cfa27e9799da239a26adcd534fc29cdc0c4a4a148eecbcfeb9b42c617ac?s=96&d=mm&r=g","caption":"Pe. Andr\u00e9"},"sameAs":["https:\/\/www.ecclesia.org.br"]}]}},"_links":{"self":[{"href":"https:\/\/news.ecclesia.org.br\/index.php?rest_route=\/wp\/v2\/posts\/23056","targetHints":{"allow":["GET"]}}],"collection":[{"href":"https:\/\/news.ecclesia.org.br\/index.php?rest_route=\/wp\/v2\/posts"}],"about":[{"href":"https:\/\/news.ecclesia.org.br\/index.php?rest_route=\/wp\/v2\/types\/post"}],"author":[{"embeddable":true,"href":"https:\/\/news.ecclesia.org.br\/index.php?rest_route=\/wp\/v2\/users\/1"}],"replies":[{"embeddable":true,"href":"https:\/\/news.ecclesia.org.br\/index.php?rest_route=%2Fwp%2Fv2%2Fcomments&post=23056"}],"version-history":[{"count":0,"href":"https:\/\/news.ecclesia.org.br\/index.php?rest_route=\/wp\/v2\/posts\/23056\/revisions"}],"wp:featuredmedia":[{"embeddable":true,"href":"https:\/\/news.ecclesia.org.br\/index.php?rest_route=\/wp\/v2\/media\/23057"}],"wp:attachment":[{"href":"https:\/\/news.ecclesia.org.br\/index.php?rest_route=%2Fwp%2Fv2%2Fmedia&parent=23056"}],"wp:term":[{"taxonomy":"category","embeddable":true,"href":"https:\/\/news.ecclesia.org.br\/index.php?rest_route=%2Fwp%2Fv2%2Fcategories&post=23056"},{"taxonomy":"post_tag","embeddable":true,"href":"https:\/\/news.ecclesia.org.br\/index.php?rest_route=%2Fwp%2Fv2%2Ftags&post=23056"}],"curies":[{"name":"wp","href":"https:\/\/api.w.org\/{rel}","templated":true}]}}