{"id":23047,"date":"2016-12-20T22:14:14","date_gmt":"2016-12-20T22:14:14","guid":{"rendered":"https:\/\/news.ecclesia.org.br\/2013\/?p=23047"},"modified":"2020-09-20T16:24:21","modified_gmt":"2020-09-20T19:24:21","slug":"proclamacao-patriarcal-por-ocasiao-da-natividade-de-cristo-em-2016","status":"publish","type":"post","link":"https:\/\/news.ecclesia.org.br\/?p=23047","title":{"rendered":"PROCLAMA\u00c7\u00c3O PATRIARCAL POR OCASI\u00c3O DA NATIVIDADE DE CRISTO EM 2016"},"content":{"rendered":"<p style=\"text-align: right;\">Protocolo n<sup>o<\/sup> 1297<\/p>\n<h3 style=\"text-align: justify;\"><strong>\u2020<\/strong> BARTOLOMEU<br \/>\nPela Miseric\u00f3rdia de Deus,<br \/>\nArcebispo de Constantinopla, Nova-Roma<br \/>\ne Patriarca Ecum\u00eanico.<\/h3>\n<p style=\"text-align: justify;\">\u00c0 Plenitude da Igreja, a Gra\u00e7a, a Miseric\u00f3rdia<br \/>\ne a Paz do Salvador Jesus Cristo, nascido em Bel\u00e9m.<\/p>\n<p style=\"text-align: justify;\"><em>\u00abA encarna\u00e7\u00e3o de Cristo \u00e9 a minha pr\u00f3pria recria\u00e7\u00e3o\u00bb<\/em><a href=\"#_ftn1\" name=\"_ftnref1\">[1]<\/a><\/p>\n<p style=\"text-align: justify;\">Queridos Irm\u00e3os e Irm\u00e3s, Flhos amados no Senhor,<\/p>\n<p style=\"text-align: justify;\">Louvor e gl\u00f3ria ao Deus Trindade, que nos achou dignos, uma vez mais neste ano, de chegarmos \u00e0 grande festa do Nascimento, na carne, do Filho e Verbo de Deus Pai, na \u00abpequena Bel\u00e9m\u00bb.<\/p>\n<p style=\"text-align: justify;\">A Santa Igreja celebra com j\u00fabilo, porque Cristo \u00abassumiu a carne\u00bb, por meio de sua encarna\u00e7\u00e3o<a href=\"#_ftn2\" name=\"_ftnref2\">[2]<\/a> e a converteu em \u00abum adorno para o mundo\u00bb<a href=\"#_ftn3\" name=\"_ftnref3\">[3]<\/a>. Com efeito, toda a ra\u00e7a humana, e at\u00e9 mesmo, \u00abtoda a cria\u00e7\u00e3o\u00bb se regozija por esta b\u00ean\u00e7\u00e3o divina. \u00abToda a cria\u00e7\u00e3o se enche de alegria, porque hoje Cristo nasce de uma Virgem\u00bb<a href=\"#_ftn4\" name=\"_ftnref4\">[4]<\/a>.<\/p>\n<p style=\"text-align: justify;\">Ao contr\u00e1rio do \u00abmotor im\u00f3vel\u00bb dos antigos gregos, o nosso Deus \u00e9 comunh\u00e3o de amor e se move amorosamente no tempo ao encontro da humanidade e do mundo. \u00abNisto consiste o amor: n\u00e3o em termos n\u00f3s amado a Deus, mas em que ele nos amou a n\u00f3s\u00bb (1 Jo 4,10).<\/p>\n<p style=\"text-align: justify;\">O Verbo eterno do Pai que deu a vida \u00e0 humanidade, agora nos concede \u00abbem-estar\u00bb atrav\u00e9s de sua Encarna\u00e7\u00e3o. \u00abEis a raz\u00e3o desta festa; eis a raz\u00e3o de celebrarmos hoje: a descida de Deus a n\u00f3s para que possamos ascender ou retornar a Deus&#8230; Para que, deixando de lado a velha criatura, possamos assumir a nova e, portanto, viver em Cristo; para que possamos estar com Cristo, crucificados com ele, sepultados com ele, e ressuscitados com ele\u00bb<a href=\"#_ftn5\" name=\"_ftnref5\">[5]<\/a>. O \u00a0caminho da deifica\u00e7\u00e3o pela gra\u00e7a est\u00e1 aberto a todos aqueles que v\u00eam ao mundo. Todos somos \u00abcapazes de Deus\u00bb. \u00abJ\u00e1 n\u00e3o h\u00e1 judeu nem grego, nem escravo nem livre, nem homem nem mulher, pois todos v\u00f3s sois um em Cristo Jesus\u00bb (Gl 3,28).<\/p>\n<p style=\"text-align: justify;\">Lamentavelmente, o Evangelho da Natividade \u00e9 uma vez mais proclamado num mundo onde se escuta o ru\u00eddo das armas, onde se promulga a viol\u00eancia gratuita contra indiv\u00edduos e povos, e onde predomina desigualdades e injusti\u00e7a social. \u00c9 insuport\u00e1vel presenciar a situa\u00e7\u00e3o de in\u00fameras crian\u00e7as, v\u00edtimas de conflitos militares, situa\u00e7\u00f5es irregulares de m\u00faltiplas explora\u00e7\u00f5es, persegui\u00e7\u00f5es e discrimina\u00e7\u00f5es, assim como a fome, a pobreza, a exclus\u00e3o e o doloroso e for\u00e7ado deslocamento.<\/p>\n<p style=\"text-align: justify;\">Em abril passado tivemos a oportunidade, em Lesbos (Gr\u00e9cia), de testemunhar com nossos pr\u00f3prios olhos, juntamente com Sua Santidade, o Papa Francisco de Roma, e Sua Beatitude Arcebispo Ier\u00f4nimos, de Atenas e Toda a Gr\u00e9cia, as circunst\u00e2ncias tr\u00e1gicas dos refugiados e imigrantes, especialmente os graves problemas de crian\u00e7as que sofrem, v\u00edtimas inocentes e indefesas da viol\u00eancia militar, da discrimina\u00e7\u00e3o racial e religiosa, da injusti\u00e7a, \u00a0tudo isso em processo de constante agravamento.<\/p>\n<p style=\"text-align: justify;\">A festa do Verbo de Deus que se fez crian\u00e7a &#8211; o Jesus Infante, cujo aparecimento \u00e9 perseguido pela autoridade mundana, de acordo com o Evangelista Mateus (2,13) &#8211; \u00e9 uma lembran\u00e7a e, ao mesmo tempo, um chamado \u00e0 responsabilidade de cuidarmos das crian\u00e7as, de protegermos essas v\u00edtimas vulner\u00e1veis e de respeitamos a santidade da inf\u00e2ncia.<\/p>\n<p style=\"text-align: justify;\">Obviamente, as crian\u00e7as e as pessoas sens\u00edveis tamb\u00e9m est\u00e3o amea\u00e7adas nos pa\u00edses economicamente desenvolvidos e politicamente est\u00e1veis do mundo, seja pela imensa crise do matrim\u00f4nio e da fam\u00edlia, por diferentes interven\u00e7\u00f5es, ou at\u00e9 mesmo pelo uso da for\u00e7a f\u00edsica ou espiritual. A alma de uma crian\u00e7a \u00e9 influenciada\u00a0 e contaminada pelo excessivo consumo dos meios eletr\u00f4nicos, especialmente da televis\u00e3o e internet, e pela transforma\u00e7\u00e3o radical da comunica\u00e7\u00e3o. A economia desenfreada os transformam, desde a mais tenra idade, em consumidores, ao mesmo tempo em que a busca pelo prazer faz desaparecer precocemente a inoc\u00eancia.<\/p>\n<p style=\"text-align: justify;\">\u00c0 luz destas grandes e perigosas amea\u00e7as, o grande e Santo Conc\u00edlio da Igreja Ortodoxa dirigiu-se \u00e0s crian\u00e7as e aos jovens \u00abcom particular amor e afei\u00e7\u00e3o\u00bb (Pr 8), incluindo em sua Enc\u00edclica o seguinte:<\/p>\n<p style=\"text-align: justify;\">Em meio \u00e0 uma mescla de defini\u00e7\u00f5es mutuamente contradit\u00f3rias acerca da inf\u00e2ncia, nossa sant\u00edssima Igreja nos recorda as palavras de nosso Senhor: \u00abSe n\u00e3o vos converterdes e n\u00e3o vos fizerdes como crian\u00e7as, de modo algum entrareis no reino dos c\u00e9us\u00bb (Mt 18,3); e, \u00abQualquer um que n\u00e3o receber o Reino de Deus como crian\u00e7a, de modo algum entrar\u00e1 nele\u00bb (Lc 18,17); e, ainda, como disse nosso Salvador sobre aqueles que \u00abimpedem\u00bb que as crian\u00e7as dele se aproximem, e sobre os que os \u00abescandalizam\u00bb (Mt 18,6).<\/p>\n<p style=\"text-align: justify;\">O mist\u00e9rio da Natividade cristaliza-se nas palavras do Kontakion festivo: \u00abTu nasceste para n\u00f3s, \u00f3 Menino, Deus antes de todo tempo\u00bb. \u00a0O Verbo divino como um menino e o menino como Deus se revela ao mundo com \u00abo cora\u00e7\u00e3o puro\u00bb e a simplicidade de uma crian\u00e7a. As crian\u00e7as compreendem as verdades que as pessoas \u00abs\u00e1bias e prudentes\u00bb n\u00e3o podem se aproximar. Como El\u00fdtis observa em seu poema: \u00abPodes construir Jerusal\u00e9m somente com crian\u00e7as\u00bb.<\/p>\n<p style=\"text-align: justify;\">Queridos irm\u00e3os e irm\u00e3s no Senhor:<\/p>\n<p style=\"text-align: justify;\">Fazemos um chamamento a todos v\u00f3s para que sejam respeitadas a identidade e a santidade da inf\u00e2ncia. Face \u00e0 crise global dos refugiados que afeta especialmente os direitos das crian\u00e7as; \u00e0 luz do flagelo da mortalidade infantil, da fome e da escravid\u00e3o, do abuso e da viol\u00eancia psicol\u00f3gica, bem como, dos perigos de deformar as almas das crian\u00e7as pela excessiva exposi\u00e7\u00e3o e influ\u00eancia dos meios de comunica\u00e7\u00e3o eletr\u00f4nicos contempor\u00e2neos e sua sujei\u00e7\u00e3o ao consumismo, instituimos o ano de 2017 como o <strong>ANO DE PROTE\u00c7\u00c3O \u00c0 SANTIDADE DA INF\u00c2NCIA<\/strong>, convidando a todos a reconhecer e respeitar os direitos e a integridade das crian\u00e7as.<\/p>\n<p style=\"text-align: justify;\">Como \u00e9 enfatizado em outro documento significativo do Santo e Grande Conc\u00edlio, a Igreja de Cristo n\u00e3o busca \u00abjulgar e condenar o mundo\u00bb com sua palavra (Jo 3,17; 12,47), mas oferece ao mundo a luz e guia do Evangelho da do Reino de Deus, ou seja, a esperan\u00e7a e a seguran\u00e7a de que o mal, n\u00e3o importa a sua forma, n\u00e3o ter\u00e1 a \u00faltima palavra na hist\u00f3ria, e n\u00e3o se pode permitir, portanto, que dite seu pr\u00f3prio curso\u00bb<a href=\"#_ftn6\" name=\"_ftnref6\">[6]<\/a>.<\/p>\n<p style=\"text-align: justify;\">Portanto, veneremos nosso Salvador com humildade e compun\u00e7\u00e3o, porque do alto nos visitou; louvemos com c\u00e2nticos divinos a grandiosidade da santa encarna\u00e7\u00e3o; prostremo-nos ante a sant\u00edssima <em>Theotokos<\/em>, que sustenta o menino Jesus. E, do Fanar, dirigimos a todos os filhos e filhas da Igreja de Constantinopla, de perto e de longe, a sauda\u00e7\u00e3o festiva: \u00abCristo nasceu, glorifiquemo-Lo! Cristo est\u00e1 na Terra, exaltemo-Lo!, juntamente com nossos anseios paternais e a ora\u00e7\u00e3o patriarcal.<\/p>\n<p style=\"text-align: justify;\">\u00abS\u00ea forte na gra\u00e7a de Cristo Jesus\u00bb (2 Tm 2,1). Lutemos todos juntos com f\u00e9 e amor sincero, na boa luta de uma nova vida na Igreja, sujeitando-nos a tudo o que o Senhor nos ordenou. Porque ele est\u00e1 conosco \u00abtodos os dias de nossa vida, at\u00e9 o fim dos s\u00e9culos\u00bb (Mt 28,20).<\/p>\n<p style=\"text-align: justify;\">Santa Natividade de 2016.<\/p>\n<p style=\"text-align: justify;\"><strong>\u2020<\/strong> BARTOLOMEU de Constantinopla,<br \/>\nFervoroso suplicante diante de Deus por todos v\u00f3s.<strong>\u00a0<\/strong><\/p>\n<hr \/>\n<p style=\"text-align: right;\"><strong>FONTE<\/strong>: da vers\u00e3o em espanhol publicada por<br \/>\n<a href=\"http:\/\/sacrametropolisortodoxa.blogspot.com.br\/2016\/12\/reunion-del-comite-preparatorio.html\">Sacra Metr\u00f3pole de Espanha e Portugal<\/a><br \/>\nTradu\u00e7\u00e3o de Pe. Andr\u00e9 Sperandio<br \/>\nBaixar <a href=\"https:\/\/news.ecclesia.org.br\/wp-content\/uploads\/2016\/12\/2016-natividade.pdf\" target=\"_blank\" rel=\"noopener noreferrer\">arquivo em pdf<\/a><\/p>\n<h3 style=\"text-align: justify;\">Notas:<\/h3>\n<p style=\"text-align: justify;\"><a href=\"#_ftnref1\" name=\"_ftn1\">[1]<\/a> \u00a0Greg\u00f3rio, o Te\u00f3logo, Poemas Morais, 34.<\/p>\n<p style=\"text-align: justify;\"><a href=\"#_ftnref2\" name=\"_ftn2\">[2]<\/a> Jo\u00e3o Cris\u00f3stomo, Homilia antes do Ex\u00edlio PG 52.429.<\/p>\n<p style=\"text-align: justify;\"><a href=\"#_ftnref3\" name=\"_ftn3\">[3]<\/a> Or\u00edgenes, Coment\u00e1rio sobre o Evangelho de Jo\u00e3o, 6.<\/p>\n<p style=\"text-align: justify;\"><a href=\"#_ftnref4\" name=\"_ftn4\">[4]<\/a> Matinas da Natividade.<\/p>\n<p style=\"text-align: justify;\"><a href=\"#_ftnref5\" name=\"_ftn5\">[5]<\/a> Greg\u00f3rio o Te\u00f3logo, Homilia 38 sobre a Epifania, isto \u00e9, a Natividade do Salvador.<\/p>\n<p style=\"text-align: justify;\"><a href=\"#_ftnref6\" name=\"_ftn6\">[6]<\/a> A Miss\u00e3o da Igreja Ortodoxa no Mundo Contempor\u00e2neo, Introdu\u00e7\u00e3o.<\/p>\n","protected":false},"excerpt":{"rendered":"<p>Protocolo no 1297 \u2020 BARTOLOMEU Pela Miseric\u00f3rdia de Deus, Arcebispo de Constantinopla, Nova-Roma e Patriarca Ecum\u00eanico. \u00c0 Plenitude da Igreja, a Gra\u00e7a, a Miseric\u00f3rdia e a Paz do Salvador Jesus Cristo, nascido em Bel\u00e9m. \u00abA encarna\u00e7\u00e3o de Cristo \u00e9 a&#8230;<\/p>\n","protected":false},"author":1,"featured_media":0,"comment_status":"open","ping_status":"open","sticky":false,"template":"","format":"standard","meta":{"_acf_changed":false,"footnotes":""},"categories":[72],"tags":[],"class_list":["post-23047","post","type-post","status-publish","format-standard","hentry","category-patriarcado-ecumenico","entry","rows-excerpt"],"acf":[],"yoast_head":"<!-- This site is optimized with the Yoast SEO plugin v27.4 - https:\/\/yoast.com\/product\/yoast-seo-wordpress\/ -->\n<title>PROCLAMA\u00c7\u00c3O PATRIARCAL POR OCASI\u00c3O DA NATIVIDADE DE CRISTO EM 2016 | ECCLESIA NEWS<\/title>\n<meta name=\"robots\" content=\"index, follow, max-snippet:-1, max-image-preview:large, max-video-preview:-1\" \/>\n<link rel=\"canonical\" href=\"https:\/\/news.ecclesia.org.br\/?p=23047\" \/>\n<meta property=\"og:locale\" content=\"pt_BR\" \/>\n<meta property=\"og:type\" content=\"article\" \/>\n<meta property=\"og:title\" content=\"PROCLAMA\u00c7\u00c3O PATRIARCAL POR OCASI\u00c3O DA NATIVIDADE DE CRISTO EM 2016 | ECCLESIA NEWS\" \/>\n<meta property=\"og:description\" content=\"Protocolo no 1297 \u2020 BARTOLOMEU Pela Miseric\u00f3rdia de Deus, Arcebispo de Constantinopla, Nova-Roma e Patriarca Ecum\u00eanico. \u00c0 Plenitude da Igreja, a Gra\u00e7a, a Miseric\u00f3rdia e a Paz do Salvador Jesus Cristo, nascido em Bel\u00e9m. \u00abA encarna\u00e7\u00e3o de Cristo \u00e9 a&#8230;\" \/>\n<meta property=\"og:url\" content=\"https:\/\/news.ecclesia.org.br\/?p=23047\" \/>\n<meta property=\"og:site_name\" content=\"ECCLESIA NEWS\" \/>\n<meta property=\"article:publisher\" content=\"https:\/\/www.facebook.com\/Ecclesia2025\" \/>\n<meta property=\"article:published_time\" content=\"2016-12-20T22:14:14+00:00\" \/>\n<meta property=\"article:modified_time\" content=\"2020-09-20T19:24:21+00:00\" \/>\n<meta property=\"og:image\" content=\"https:\/\/news.ecclesia.org.br\/wp-content\/uploads\/2025\/05\/ecclesia2.png\" \/>\n\t<meta property=\"og:image:width\" content=\"480\" \/>\n\t<meta property=\"og:image:height\" content=\"120\" \/>\n\t<meta property=\"og:image:type\" content=\"image\/png\" \/>\n<meta name=\"author\" content=\"Pe. Andr\u00e9\" \/>\n<meta name=\"twitter:card\" content=\"summary_large_image\" \/>\n<meta name=\"twitter:creator\" content=\"@EcclesiaNews\" \/>\n<meta name=\"twitter:site\" content=\"@EcclesiaNews\" \/>\n<meta name=\"twitter:label1\" content=\"Escrito por\" \/>\n\t<meta name=\"twitter:data1\" content=\"Pe. Andr\u00e9\" \/>\n\t<meta name=\"twitter:label2\" content=\"Est. tempo de leitura\" \/>\n\t<meta name=\"twitter:data2\" content=\"7 minutos\" \/>\n<script type=\"application\/ld+json\" class=\"yoast-schema-graph\">{\"@context\":\"https:\\\/\\\/schema.org\",\"@graph\":[{\"@type\":\"Article\",\"@id\":\"https:\\\/\\\/news.ecclesia.org.br\\\/?p=23047#article\",\"isPartOf\":{\"@id\":\"https:\\\/\\\/news.ecclesia.org.br\\\/?p=23047\"},\"author\":{\"name\":\"Pe. Andr\u00e9\",\"@id\":\"https:\\\/\\\/news.ecclesia.org.br\\\/#\\\/schema\\\/person\\\/6f09597f025829745ba414a569f63758\"},\"headline\":\"PROCLAMA\u00c7\u00c3O PATRIARCAL POR OCASI\u00c3O DA NATIVIDADE DE CRISTO EM 2016\",\"datePublished\":\"2016-12-20T22:14:14+00:00\",\"dateModified\":\"2020-09-20T19:24:21+00:00\",\"mainEntityOfPage\":{\"@id\":\"https:\\\/\\\/news.ecclesia.org.br\\\/?p=23047\"},\"wordCount\":1326,\"commentCount\":0,\"publisher\":{\"@id\":\"https:\\\/\\\/news.ecclesia.org.br\\\/#organization\"},\"articleSection\":[\"Patriarcado Ecum\u00eanico\"],\"inLanguage\":\"pt-BR\",\"potentialAction\":[{\"@type\":\"CommentAction\",\"name\":\"Comment\",\"target\":[\"https:\\\/\\\/news.ecclesia.org.br\\\/?p=23047#respond\"]}]},{\"@type\":\"WebPage\",\"@id\":\"https:\\\/\\\/news.ecclesia.org.br\\\/?p=23047\",\"url\":\"https:\\\/\\\/news.ecclesia.org.br\\\/?p=23047\",\"name\":\"PROCLAMA\u00c7\u00c3O PATRIARCAL POR OCASI\u00c3O DA NATIVIDADE DE CRISTO EM 2016 | ECCLESIA NEWS\",\"isPartOf\":{\"@id\":\"https:\\\/\\\/news.ecclesia.org.br\\\/#website\"},\"datePublished\":\"2016-12-20T22:14:14+00:00\",\"dateModified\":\"2020-09-20T19:24:21+00:00\",\"breadcrumb\":{\"@id\":\"https:\\\/\\\/news.ecclesia.org.br\\\/?p=23047#breadcrumb\"},\"inLanguage\":\"pt-BR\",\"potentialAction\":[{\"@type\":\"ReadAction\",\"target\":[\"https:\\\/\\\/news.ecclesia.org.br\\\/?p=23047\"]}]},{\"@type\":\"BreadcrumbList\",\"@id\":\"https:\\\/\\\/news.ecclesia.org.br\\\/?p=23047#breadcrumb\",\"itemListElement\":[{\"@type\":\"ListItem\",\"position\":1,\"name\":\"In\u00edcio\",\"item\":\"https:\\\/\\\/news.ecclesia.org.br\\\/\"},{\"@type\":\"ListItem\",\"position\":2,\"name\":\"PROCLAMA\u00c7\u00c3O PATRIARCAL POR OCASI\u00c3O DA NATIVIDADE DE CRISTO EM 2016\"}]},{\"@type\":\"WebSite\",\"@id\":\"https:\\\/\\\/news.ecclesia.org.br\\\/#website\",\"url\":\"https:\\\/\\\/news.ecclesia.org.br\\\/\",\"name\":\"Ecclesia Brasil\",\"description\":\"Desde 2003 onectando o Brasil ao mundo ortodoxo!\",\"publisher\":{\"@id\":\"https:\\\/\\\/news.ecclesia.org.br\\\/#organization\"},\"alternateName\":\"Ecclesia\",\"potentialAction\":[{\"@type\":\"SearchAction\",\"target\":{\"@type\":\"EntryPoint\",\"urlTemplate\":\"https:\\\/\\\/news.ecclesia.org.br\\\/?s={search_term_string}\"},\"query-input\":{\"@type\":\"PropertyValueSpecification\",\"valueRequired\":true,\"valueName\":\"search_term_string\"}}],\"inLanguage\":\"pt-BR\"},{\"@type\":\"Organization\",\"@id\":\"https:\\\/\\\/news.ecclesia.org.br\\\/#organization\",\"name\":\"Sacra Arquidiocese de Buenos Aires e Am\u00e9rica do Sul | Patriarcado Ecum\u00eanico\",\"alternateName\":\"News Ecclesia Brasil\",\"url\":\"https:\\\/\\\/news.ecclesia.org.br\\\/\",\"logo\":{\"@type\":\"ImageObject\",\"inLanguage\":\"pt-BR\",\"@id\":\"https:\\\/\\\/news.ecclesia.org.br\\\/#\\\/schema\\\/logo\\\/image\\\/\",\"url\":\"https:\\\/\\\/news.ecclesia.org.br\\\/wp-content\\\/uploads\\\/2025\\\/05\\\/ecclesia2.png\",\"contentUrl\":\"https:\\\/\\\/news.ecclesia.org.br\\\/wp-content\\\/uploads\\\/2025\\\/05\\\/ecclesia2.png\",\"width\":480,\"height\":120,\"caption\":\"Sacra Arquidiocese de Buenos Aires e Am\u00e9rica do Sul | Patriarcado Ecum\u00eanico\"},\"image\":{\"@id\":\"https:\\\/\\\/news.ecclesia.org.br\\\/#\\\/schema\\\/logo\\\/image\\\/\"},\"sameAs\":[\"https:\\\/\\\/www.facebook.com\\\/Ecclesia2025\",\"https:\\\/\\\/x.com\\\/EcclesiaNews\",\"https:\\\/\\\/br.pinterest.com\\\/ekklisia\\\/\",\"https:\\\/\\\/www.youtube.com\\\/@EcclesiaBrasil\"]},{\"@type\":\"Person\",\"@id\":\"https:\\\/\\\/news.ecclesia.org.br\\\/#\\\/schema\\\/person\\\/6f09597f025829745ba414a569f63758\",\"name\":\"Pe. Andr\u00e9\",\"image\":{\"@type\":\"ImageObject\",\"inLanguage\":\"pt-BR\",\"@id\":\"https:\\\/\\\/secure.gravatar.com\\\/avatar\\\/b4327cfa27e9799da239a26adcd534fc29cdc0c4a4a148eecbcfeb9b42c617ac?s=96&d=mm&r=g\",\"url\":\"https:\\\/\\\/secure.gravatar.com\\\/avatar\\\/b4327cfa27e9799da239a26adcd534fc29cdc0c4a4a148eecbcfeb9b42c617ac?s=96&d=mm&r=g\",\"contentUrl\":\"https:\\\/\\\/secure.gravatar.com\\\/avatar\\\/b4327cfa27e9799da239a26adcd534fc29cdc0c4a4a148eecbcfeb9b42c617ac?s=96&d=mm&r=g\",\"caption\":\"Pe. Andr\u00e9\"},\"sameAs\":[\"https:\\\/\\\/www.ecclesia.org.br\"]}]}<\/script>\n<!-- \/ Yoast SEO plugin. -->","yoast_head_json":{"title":"PROCLAMA\u00c7\u00c3O PATRIARCAL POR OCASI\u00c3O DA NATIVIDADE DE CRISTO EM 2016 | ECCLESIA NEWS","robots":{"index":"index","follow":"follow","max-snippet":"max-snippet:-1","max-image-preview":"max-image-preview:large","max-video-preview":"max-video-preview:-1"},"canonical":"https:\/\/news.ecclesia.org.br\/?p=23047","og_locale":"pt_BR","og_type":"article","og_title":"PROCLAMA\u00c7\u00c3O PATRIARCAL POR OCASI\u00c3O DA NATIVIDADE DE CRISTO EM 2016 | ECCLESIA NEWS","og_description":"Protocolo no 1297 \u2020 BARTOLOMEU Pela Miseric\u00f3rdia de Deus, Arcebispo de Constantinopla, Nova-Roma e Patriarca Ecum\u00eanico. \u00c0 Plenitude da Igreja, a Gra\u00e7a, a Miseric\u00f3rdia e a Paz do Salvador Jesus Cristo, nascido em Bel\u00e9m. \u00abA encarna\u00e7\u00e3o de Cristo \u00e9 a&#8230;","og_url":"https:\/\/news.ecclesia.org.br\/?p=23047","og_site_name":"ECCLESIA NEWS","article_publisher":"https:\/\/www.facebook.com\/Ecclesia2025","article_published_time":"2016-12-20T22:14:14+00:00","article_modified_time":"2020-09-20T19:24:21+00:00","og_image":[{"width":480,"height":120,"url":"https:\/\/news.ecclesia.org.br\/wp-content\/uploads\/2025\/05\/ecclesia2.png","type":"image\/png"}],"author":"Pe. Andr\u00e9","twitter_card":"summary_large_image","twitter_creator":"@EcclesiaNews","twitter_site":"@EcclesiaNews","twitter_misc":{"Escrito por":"Pe. Andr\u00e9","Est. tempo de leitura":"7 minutos"},"schema":{"@context":"https:\/\/schema.org","@graph":[{"@type":"Article","@id":"https:\/\/news.ecclesia.org.br\/?p=23047#article","isPartOf":{"@id":"https:\/\/news.ecclesia.org.br\/?p=23047"},"author":{"name":"Pe. Andr\u00e9","@id":"https:\/\/news.ecclesia.org.br\/#\/schema\/person\/6f09597f025829745ba414a569f63758"},"headline":"PROCLAMA\u00c7\u00c3O PATRIARCAL POR OCASI\u00c3O DA NATIVIDADE DE CRISTO EM 2016","datePublished":"2016-12-20T22:14:14+00:00","dateModified":"2020-09-20T19:24:21+00:00","mainEntityOfPage":{"@id":"https:\/\/news.ecclesia.org.br\/?p=23047"},"wordCount":1326,"commentCount":0,"publisher":{"@id":"https:\/\/news.ecclesia.org.br\/#organization"},"articleSection":["Patriarcado Ecum\u00eanico"],"inLanguage":"pt-BR","potentialAction":[{"@type":"CommentAction","name":"Comment","target":["https:\/\/news.ecclesia.org.br\/?p=23047#respond"]}]},{"@type":"WebPage","@id":"https:\/\/news.ecclesia.org.br\/?p=23047","url":"https:\/\/news.ecclesia.org.br\/?p=23047","name":"PROCLAMA\u00c7\u00c3O PATRIARCAL POR OCASI\u00c3O DA NATIVIDADE DE CRISTO EM 2016 | ECCLESIA NEWS","isPartOf":{"@id":"https:\/\/news.ecclesia.org.br\/#website"},"datePublished":"2016-12-20T22:14:14+00:00","dateModified":"2020-09-20T19:24:21+00:00","breadcrumb":{"@id":"https:\/\/news.ecclesia.org.br\/?p=23047#breadcrumb"},"inLanguage":"pt-BR","potentialAction":[{"@type":"ReadAction","target":["https:\/\/news.ecclesia.org.br\/?p=23047"]}]},{"@type":"BreadcrumbList","@id":"https:\/\/news.ecclesia.org.br\/?p=23047#breadcrumb","itemListElement":[{"@type":"ListItem","position":1,"name":"In\u00edcio","item":"https:\/\/news.ecclesia.org.br\/"},{"@type":"ListItem","position":2,"name":"PROCLAMA\u00c7\u00c3O PATRIARCAL POR OCASI\u00c3O DA NATIVIDADE DE CRISTO EM 2016"}]},{"@type":"WebSite","@id":"https:\/\/news.ecclesia.org.br\/#website","url":"https:\/\/news.ecclesia.org.br\/","name":"Ecclesia Brasil","description":"Desde 2003 onectando o Brasil ao mundo ortodoxo!","publisher":{"@id":"https:\/\/news.ecclesia.org.br\/#organization"},"alternateName":"Ecclesia","potentialAction":[{"@type":"SearchAction","target":{"@type":"EntryPoint","urlTemplate":"https:\/\/news.ecclesia.org.br\/?s={search_term_string}"},"query-input":{"@type":"PropertyValueSpecification","valueRequired":true,"valueName":"search_term_string"}}],"inLanguage":"pt-BR"},{"@type":"Organization","@id":"https:\/\/news.ecclesia.org.br\/#organization","name":"Sacra Arquidiocese de Buenos Aires e Am\u00e9rica do Sul | Patriarcado Ecum\u00eanico","alternateName":"News Ecclesia Brasil","url":"https:\/\/news.ecclesia.org.br\/","logo":{"@type":"ImageObject","inLanguage":"pt-BR","@id":"https:\/\/news.ecclesia.org.br\/#\/schema\/logo\/image\/","url":"https:\/\/news.ecclesia.org.br\/wp-content\/uploads\/2025\/05\/ecclesia2.png","contentUrl":"https:\/\/news.ecclesia.org.br\/wp-content\/uploads\/2025\/05\/ecclesia2.png","width":480,"height":120,"caption":"Sacra Arquidiocese de Buenos Aires e Am\u00e9rica do Sul | Patriarcado Ecum\u00eanico"},"image":{"@id":"https:\/\/news.ecclesia.org.br\/#\/schema\/logo\/image\/"},"sameAs":["https:\/\/www.facebook.com\/Ecclesia2025","https:\/\/x.com\/EcclesiaNews","https:\/\/br.pinterest.com\/ekklisia\/","https:\/\/www.youtube.com\/@EcclesiaBrasil"]},{"@type":"Person","@id":"https:\/\/news.ecclesia.org.br\/#\/schema\/person\/6f09597f025829745ba414a569f63758","name":"Pe. Andr\u00e9","image":{"@type":"ImageObject","inLanguage":"pt-BR","@id":"https:\/\/secure.gravatar.com\/avatar\/b4327cfa27e9799da239a26adcd534fc29cdc0c4a4a148eecbcfeb9b42c617ac?s=96&d=mm&r=g","url":"https:\/\/secure.gravatar.com\/avatar\/b4327cfa27e9799da239a26adcd534fc29cdc0c4a4a148eecbcfeb9b42c617ac?s=96&d=mm&r=g","contentUrl":"https:\/\/secure.gravatar.com\/avatar\/b4327cfa27e9799da239a26adcd534fc29cdc0c4a4a148eecbcfeb9b42c617ac?s=96&d=mm&r=g","caption":"Pe. Andr\u00e9"},"sameAs":["https:\/\/www.ecclesia.org.br"]}]}},"_links":{"self":[{"href":"https:\/\/news.ecclesia.org.br\/index.php?rest_route=\/wp\/v2\/posts\/23047","targetHints":{"allow":["GET"]}}],"collection":[{"href":"https:\/\/news.ecclesia.org.br\/index.php?rest_route=\/wp\/v2\/posts"}],"about":[{"href":"https:\/\/news.ecclesia.org.br\/index.php?rest_route=\/wp\/v2\/types\/post"}],"author":[{"embeddable":true,"href":"https:\/\/news.ecclesia.org.br\/index.php?rest_route=\/wp\/v2\/users\/1"}],"replies":[{"embeddable":true,"href":"https:\/\/news.ecclesia.org.br\/index.php?rest_route=%2Fwp%2Fv2%2Fcomments&post=23047"}],"version-history":[{"count":1,"href":"https:\/\/news.ecclesia.org.br\/index.php?rest_route=\/wp\/v2\/posts\/23047\/revisions"}],"predecessor-version":[{"id":33983,"href":"https:\/\/news.ecclesia.org.br\/index.php?rest_route=\/wp\/v2\/posts\/23047\/revisions\/33983"}],"wp:attachment":[{"href":"https:\/\/news.ecclesia.org.br\/index.php?rest_route=%2Fwp%2Fv2%2Fmedia&parent=23047"}],"wp:term":[{"taxonomy":"category","embeddable":true,"href":"https:\/\/news.ecclesia.org.br\/index.php?rest_route=%2Fwp%2Fv2%2Fcategories&post=23047"},{"taxonomy":"post_tag","embeddable":true,"href":"https:\/\/news.ecclesia.org.br\/index.php?rest_route=%2Fwp%2Fv2%2Ftags&post=23047"}],"curies":[{"name":"wp","href":"https:\/\/api.w.org\/{rel}","templated":true}]}}