{"id":22986,"date":"2016-12-06T13:13:54","date_gmt":"2016-12-06T13:13:54","guid":{"rendered":"https:\/\/news.ecclesia.org.br\/2013\/?p=22986"},"modified":"2016-12-06T13:16:02","modified_gmt":"2016-12-06T13:16:02","slug":"patriarca-ecumenico-de-constantinopla-bartolomeu-i-em-visita-a-italia-por-ocasiao-da-festa-de-sao-nicolau-pede-uniao-contra-fundamentalismos","status":"publish","type":"post","link":"https:\/\/news.ecclesia.org.br\/?p=22986","title":{"rendered":"Patriarca Ecum\u00eanico, em visita a It\u00e1lia por ocasi\u00e3o da festa de S\u00e3o Nicolau, pede uni\u00e3o contra \u00abfundamentalismos\u00bb"},"content":{"rendered":"<p style=\"text-align: center;\"><div id=\"galleria-22986\"><a href=\"https:\/\/news.ecclesia.org.br\/wp-content\/uploads\/2016\/12\/001-1.jpg\"><img decoding=\"async\" title=\"001\" alt=\"\" src=\"https:\/\/news.ecclesia.org.br\/wp-content\/uploads\/2016\/12\/001-1-58x55.jpg\" data-big=\"https:\/\/news.ecclesia.org.br\/wp-content\/uploads\/2016\/12\/001-1.jpg\"><\/a><a href=\"https:\/\/news.ecclesia.org.br\/wp-content\/uploads\/2016\/12\/001b.jpe\"><img decoding=\"async\" title=\"001b\" alt=\"\" src=\"https:\/\/news.ecclesia.org.br\/wp-content\/uploads\/2016\/12\/001b-98x55.jpe\" data-big=\"https:\/\/news.ecclesia.org.br\/wp-content\/uploads\/2016\/12\/001b.jpe\"><\/a><a href=\"https:\/\/news.ecclesia.org.br\/wp-content\/uploads\/2016\/12\/002-1.jpg\"><img decoding=\"async\" title=\"002\" alt=\"\" src=\"https:\/\/news.ecclesia.org.br\/wp-content\/uploads\/2016\/12\/002-1-92x55.jpg\" data-big=\"https:\/\/news.ecclesia.org.br\/wp-content\/uploads\/2016\/12\/002-1.jpg\"><\/a><a href=\"https:\/\/news.ecclesia.org.br\/wp-content\/uploads\/2016\/12\/002b.jpg\"><img decoding=\"async\" title=\"002b\" alt=\"\" src=\"https:\/\/news.ecclesia.org.br\/wp-content\/uploads\/2016\/12\/002b-98x55.jpg\" data-big=\"https:\/\/news.ecclesia.org.br\/wp-content\/uploads\/2016\/12\/002b.jpg\"><\/a><a href=\"https:\/\/news.ecclesia.org.br\/wp-content\/uploads\/2016\/12\/003-1.jpg\"><img decoding=\"async\" title=\"003\" alt=\"\" src=\"https:\/\/news.ecclesia.org.br\/wp-content\/uploads\/2016\/12\/003-1-37x55.jpg\" data-big=\"https:\/\/news.ecclesia.org.br\/wp-content\/uploads\/2016\/12\/003-1.jpg\"><\/a><a href=\"https:\/\/news.ecclesia.org.br\/wp-content\/uploads\/2016\/12\/003b.jpg\"><img decoding=\"async\" title=\"003b\" alt=\"\" src=\"https:\/\/news.ecclesia.org.br\/wp-content\/uploads\/2016\/12\/003b-86x55.jpg\" data-big=\"https:\/\/news.ecclesia.org.br\/wp-content\/uploads\/2016\/12\/003b.jpg\"><\/a><a href=\"https:\/\/news.ecclesia.org.br\/wp-content\/uploads\/2016\/12\/004b.jpg\"><img decoding=\"async\" title=\"004b\" alt=\"\" src=\"https:\/\/news.ecclesia.org.br\/wp-content\/uploads\/2016\/12\/004b-65x55.jpg\" data-big=\"https:\/\/news.ecclesia.org.br\/wp-content\/uploads\/2016\/12\/004b.jpg\"><\/a><a href=\"https:\/\/news.ecclesia.org.br\/wp-content\/uploads\/2016\/12\/005-2-724x1024.jpg\"><img decoding=\"async\" title=\"005\" alt=\"\" src=\"https:\/\/news.ecclesia.org.br\/wp-content\/uploads\/2016\/12\/005-2-39x55.jpg\" data-big=\"https:\/\/news.ecclesia.org.br\/wp-content\/uploads\/2016\/12\/005-2-724x1024.jpg\"><\/a><a href=\"https:\/\/news.ecclesia.org.br\/wp-content\/uploads\/2016\/12\/005b.jpg\"><img decoding=\"async\" title=\"005b\" alt=\"\" src=\"https:\/\/news.ecclesia.org.br\/wp-content\/uploads\/2016\/12\/005b-117x55.jpg\" data-big=\"https:\/\/news.ecclesia.org.br\/wp-content\/uploads\/2016\/12\/005b.jpg\"><\/a><a href=\"https:\/\/news.ecclesia.org.br\/wp-content\/uploads\/2016\/12\/006b.jpg\"><img decoding=\"async\" title=\"006b\" alt=\"\" src=\"https:\/\/news.ecclesia.org.br\/wp-content\/uploads\/2016\/12\/006b-75x55.jpg\" data-big=\"https:\/\/news.ecclesia.org.br\/wp-content\/uploads\/2016\/12\/006b.jpg\"><\/a><a href=\"https:\/\/news.ecclesia.org.br\/wp-content\/uploads\/2016\/12\/007b.jpg\"><img decoding=\"async\" title=\"007b\" alt=\"\" src=\"https:\/\/news.ecclesia.org.br\/wp-content\/uploads\/2016\/12\/007b-83x55.jpg\" data-big=\"https:\/\/news.ecclesia.org.br\/wp-content\/uploads\/2016\/12\/007b.jpg\"><\/a><\/div><\/p>\n<p style=\"text-align: justify;\">Cidade do Vaticano, 05 dez 2016 (Ecclesia)\u00a0&#8211;\u00a0O Patriarca Ecum\u00eanico de Constantinopla, Sua Santidade Bartolomeu I, destacou hoje na cidade italiana de Bari a necessidade dos crist\u00e3os e de todas as religi\u00f5es trabalharem em conjunto para erradicarem todo o tipo de &#8220;fundamentalismos&#8221; da sociedade.<\/p>\n<p style=\"text-align: justify;\">Na sua interven\u00e7\u00e3o, publicada pela R\u00e1dio Vaticano, Bartolomeu I defendeu a import\u00e2ncia de \u201crecriar a estima rec\u00edproca entre os povos, superando desconfian\u00e7as, viol\u00eancia, massacres e genoc\u00eddios\u201d.<\/p>\n<p style=\"text-align: justify;\">Referiu-se particularmente \u00e0 quest\u00e3o das migra\u00e7\u00f5es e dos refugiados, pedindo maior \u201cjusti\u00e7a social e justi\u00e7a entre as na\u00e7\u00f5es\u201d, para que a vida humana se sobreponha aos interesses da economia mundial e da globaliza\u00e7\u00e3o desenfreada\u201d.<\/p>\n<p style=\"text-align: justify;\">O\u00a0Mar\u00a0Mediterr\u00e2neo,\u00a0antes polo de \u201cencontro e da cultura, da conviv\u00eancia\u00a0entre\u00a0religi\u00f5es e povos\u201d \u00e9 hoje palco de uma \u201conda\u201d dram\u00e1tica de pessoas \u201cque fogem da guerra, do fundamentalismo religioso, que apareceu no\u00a0M\u00e9dio Oriente favorecido pela gan\u00e2ncia de poucos em detrimento de muitos, por tiranias que tornam a vida imposs\u00edvel e pela falta dos bens elementares de sobreviv\u00eancia&#8221;, disse Bartolomeu I.<\/p>\n<p style=\"text-align: justify;\">\u201cComo \u00e9 que os crist\u00e3os\u00a0das\u00a0v\u00e1rias Igrejas poder\u00e3o\u00a0alimentar os princ\u00edpios do\u00a0di\u00e1logo, do amor e\u00a0da\u00a0paz num mundo abalado e diante de um mar que se tornou a tumba de muitos irm\u00e3os e irm\u00e3s que sonham com uma vida melhor?\u201d, questionou o Patriarca Ecum\u00eanico.<\/p>\n<p style=\"text-align: justify;\">A visita de Bartolomeu I a Bari est\u00e1 inserida na Festa de S\u00e3o Nicolau que vai ser assinalada esta ter\u00e7a-feira.<\/p>\n<p style=\"text-align: justify;\">O Patriarca Ecum\u00eanico de Constantinopla foi recebido por D. Brian Farrell, secret\u00e1rio do Conselho Pontif\u00edcio para a Promo\u00e7\u00e3o da Unidade dos Crist\u00e3os, que destacou o momento como \u201cparte de um longo processo de di\u00e1logo e estima rec\u00edproca entre os l\u00edderes das duas Igrejas\u201d.<\/p>\n<p style=\"text-align: right;\">Fonte:\u00a0<a href=\"http:\/\/fanarion.blogspot.com.br\/\" target=\"_blank\">\u03a6\u03c9\u03c2 \u03a6\u03b1\u03bd\u03b1\u03c1\u03af\u03bf\u03c5<\/a><\/p>\n<blockquote>\n<h3>\u03a7\u03c1\u03cc\u03bd\u03b9\u03b1 \u03c0\u03bf\u03bb\u03bb\u03ac \u03c3\u03c4\u03bf\u03bd \u039d\u03af\u03ba\u03bf \u03ba\u03b1\u03b9 \u03c3\u03c4\u03b7\u03bd \u039d\u03b9\u03ba\u03bf\u03bb\u03ad\u03c4\u03b1 &#8230;!<\/h3>\n<\/blockquote>\n<hr \/>\n<h3>V\u00eddeos:<\/h3>\n<ol>\n<li><a href=\"https:\/\/www.youtube.com\/watch?v=R_lfO36I0f4\" target=\"_blank\">https:\/\/www.youtube.com\/watch?v=R_lfO36I0f4<\/a><\/li>\n<li><a href=\"https:\/\/www.youtube.com\/watch?v=FnqDhjvB-ts\" target=\"_blank\">https:\/\/www.youtube.com\/watch?v=FnqDhjvB-ts<\/a><\/li>\n<li><a href=\"https:\/\/www.youtube.com\/watch?v=uZStSUo86W8\" target=\"_blank\">https:\/\/www.youtube.com\/watch?v=uZStSUo86W8<\/a><\/li>\n<\/ol>\n","protected":false},"excerpt":{"rendered":"<p>Cidade do Vaticano, 05 dez 2016 (Ecclesia)\u00a0&#8211;\u00a0O Patriarca Ecum\u00eanico de Constantinopla, Sua Santidade Bartolomeu I, destacou hoje na cidade italiana de Bari a necessidade dos crist\u00e3os e de todas as religi\u00f5es trabalharem em conjunto para erradicarem todo o tipo de&#8230;<\/p>\n","protected":false},"author":1,"featured_media":22996,"comment_status":"open","ping_status":"open","sticky":false,"template":"","format":"standard","meta":{"_acf_changed":false,"footnotes":""},"categories":[1,72],"tags":[],"class_list":["post-22986","post","type-post","status-publish","format-standard","has-post-thumbnail","hentry","category-news","category-patriarcado-ecumenico","entry","rows-excerpt"],"acf":[],"yoast_head":"<!-- This site is optimized with the Yoast SEO plugin v27.4 - https:\/\/yoast.com\/product\/yoast-seo-wordpress\/ -->\n<title>Patriarca Ecum\u00eanico, em visita a It\u00e1lia por ocasi\u00e3o da festa de S\u00e3o Nicolau, pede uni\u00e3o contra \u00abfundamentalismos\u00bb | ECCLESIA NEWS<\/title>\n<meta name=\"robots\" content=\"index, follow, max-snippet:-1, max-image-preview:large, max-video-preview:-1\" \/>\n<link rel=\"canonical\" href=\"https:\/\/news.ecclesia.org.br\/?p=22986\" \/>\n<meta property=\"og:locale\" content=\"pt_BR\" \/>\n<meta property=\"og:type\" content=\"article\" \/>\n<meta property=\"og:title\" content=\"Patriarca Ecum\u00eanico, em visita a It\u00e1lia por ocasi\u00e3o da festa de S\u00e3o Nicolau, pede uni\u00e3o contra \u00abfundamentalismos\u00bb | ECCLESIA NEWS\" \/>\n<meta property=\"og:description\" content=\"Cidade do Vaticano, 05 dez 2016 (Ecclesia)\u00a0&#8211;\u00a0O Patriarca Ecum\u00eanico de Constantinopla, Sua Santidade Bartolomeu I, destacou hoje na cidade italiana de Bari a necessidade dos crist\u00e3os e de todas as religi\u00f5es trabalharem em conjunto para erradicarem todo o tipo de&#8230;\" \/>\n<meta property=\"og:url\" content=\"https:\/\/news.ecclesia.org.br\/?p=22986\" \/>\n<meta property=\"og:site_name\" content=\"ECCLESIA NEWS\" \/>\n<meta property=\"article:publisher\" content=\"https:\/\/www.facebook.com\/Ecclesia2025\" \/>\n<meta property=\"article:published_time\" content=\"2016-12-06T13:13:54+00:00\" \/>\n<meta property=\"article:modified_time\" content=\"2016-12-06T13:16:02+00:00\" \/>\n<meta property=\"og:image\" content=\"https:\/\/news.ecclesia.org.br\/wp-content\/uploads\/2016\/12\/006b.jpg\" \/>\n\t<meta property=\"og:image:width\" content=\"720\" \/>\n\t<meta property=\"og:image:height\" content=\"527\" \/>\n\t<meta property=\"og:image:type\" content=\"image\/jpeg\" \/>\n<meta name=\"author\" content=\"Pe. Andr\u00e9\" \/>\n<meta name=\"twitter:card\" content=\"summary_large_image\" \/>\n<meta name=\"twitter:creator\" content=\"@EcclesiaNews\" \/>\n<meta name=\"twitter:site\" content=\"@EcclesiaNews\" \/>\n<meta name=\"twitter:label1\" content=\"Escrito por\" \/>\n\t<meta name=\"twitter:data1\" content=\"Pe. Andr\u00e9\" \/>\n\t<meta name=\"twitter:label2\" content=\"Est. tempo de leitura\" \/>\n\t<meta name=\"twitter:data2\" content=\"2 minutos\" \/>\n<script type=\"application\/ld+json\" class=\"yoast-schema-graph\">{\"@context\":\"https:\\\/\\\/schema.org\",\"@graph\":[{\"@type\":\"Article\",\"@id\":\"https:\\\/\\\/news.ecclesia.org.br\\\/?p=22986#article\",\"isPartOf\":{\"@id\":\"https:\\\/\\\/news.ecclesia.org.br\\\/?p=22986\"},\"author\":{\"name\":\"Pe. Andr\u00e9\",\"@id\":\"https:\\\/\\\/news.ecclesia.org.br\\\/#\\\/schema\\\/person\\\/6f09597f025829745ba414a569f63758\"},\"headline\":\"Patriarca Ecum\u00eanico, em visita a It\u00e1lia por ocasi\u00e3o da festa de S\u00e3o Nicolau, pede uni\u00e3o contra \u00abfundamentalismos\u00bb\",\"datePublished\":\"2016-12-06T13:13:54+00:00\",\"dateModified\":\"2016-12-06T13:16:02+00:00\",\"mainEntityOfPage\":{\"@id\":\"https:\\\/\\\/news.ecclesia.org.br\\\/?p=22986\"},\"wordCount\":369,\"commentCount\":2,\"publisher\":{\"@id\":\"https:\\\/\\\/news.ecclesia.org.br\\\/#organization\"},\"image\":{\"@id\":\"https:\\\/\\\/news.ecclesia.org.br\\\/?p=22986#primaryimage\"},\"thumbnailUrl\":\"https:\\\/\\\/news.ecclesia.org.br\\\/wp-content\\\/uploads\\\/2016\\\/12\\\/006b.jpg\",\"articleSection\":[\"NEWS\",\"Patriarcado Ecum\u00eanico\"],\"inLanguage\":\"pt-BR\",\"potentialAction\":[{\"@type\":\"CommentAction\",\"name\":\"Comment\",\"target\":[\"https:\\\/\\\/news.ecclesia.org.br\\\/?p=22986#respond\"]}]},{\"@type\":\"WebPage\",\"@id\":\"https:\\\/\\\/news.ecclesia.org.br\\\/?p=22986\",\"url\":\"https:\\\/\\\/news.ecclesia.org.br\\\/?p=22986\",\"name\":\"Patriarca Ecum\u00eanico, em visita a It\u00e1lia por ocasi\u00e3o da festa de S\u00e3o Nicolau, pede uni\u00e3o contra \u00abfundamentalismos\u00bb | ECCLESIA NEWS\",\"isPartOf\":{\"@id\":\"https:\\\/\\\/news.ecclesia.org.br\\\/#website\"},\"primaryImageOfPage\":{\"@id\":\"https:\\\/\\\/news.ecclesia.org.br\\\/?p=22986#primaryimage\"},\"image\":{\"@id\":\"https:\\\/\\\/news.ecclesia.org.br\\\/?p=22986#primaryimage\"},\"thumbnailUrl\":\"https:\\\/\\\/news.ecclesia.org.br\\\/wp-content\\\/uploads\\\/2016\\\/12\\\/006b.jpg\",\"datePublished\":\"2016-12-06T13:13:54+00:00\",\"dateModified\":\"2016-12-06T13:16:02+00:00\",\"breadcrumb\":{\"@id\":\"https:\\\/\\\/news.ecclesia.org.br\\\/?p=22986#breadcrumb\"},\"inLanguage\":\"pt-BR\",\"potentialAction\":[{\"@type\":\"ReadAction\",\"target\":[\"https:\\\/\\\/news.ecclesia.org.br\\\/?p=22986\"]}]},{\"@type\":\"ImageObject\",\"inLanguage\":\"pt-BR\",\"@id\":\"https:\\\/\\\/news.ecclesia.org.br\\\/?p=22986#primaryimage\",\"url\":\"https:\\\/\\\/news.ecclesia.org.br\\\/wp-content\\\/uploads\\\/2016\\\/12\\\/006b.jpg\",\"contentUrl\":\"https:\\\/\\\/news.ecclesia.org.br\\\/wp-content\\\/uploads\\\/2016\\\/12\\\/006b.jpg\",\"width\":720,\"height\":527},{\"@type\":\"BreadcrumbList\",\"@id\":\"https:\\\/\\\/news.ecclesia.org.br\\\/?p=22986#breadcrumb\",\"itemListElement\":[{\"@type\":\"ListItem\",\"position\":1,\"name\":\"In\u00edcio\",\"item\":\"https:\\\/\\\/news.ecclesia.org.br\\\/\"},{\"@type\":\"ListItem\",\"position\":2,\"name\":\"Patriarca Ecum\u00eanico, em visita a It\u00e1lia por ocasi\u00e3o da festa de S\u00e3o Nicolau, pede uni\u00e3o contra \u00abfundamentalismos\u00bb\"}]},{\"@type\":\"WebSite\",\"@id\":\"https:\\\/\\\/news.ecclesia.org.br\\\/#website\",\"url\":\"https:\\\/\\\/news.ecclesia.org.br\\\/\",\"name\":\"Ecclesia Brasil\",\"description\":\"Desde 2003 onectando o Brasil ao mundo ortodoxo!\",\"publisher\":{\"@id\":\"https:\\\/\\\/news.ecclesia.org.br\\\/#organization\"},\"alternateName\":\"Ecclesia\",\"potentialAction\":[{\"@type\":\"SearchAction\",\"target\":{\"@type\":\"EntryPoint\",\"urlTemplate\":\"https:\\\/\\\/news.ecclesia.org.br\\\/?s={search_term_string}\"},\"query-input\":{\"@type\":\"PropertyValueSpecification\",\"valueRequired\":true,\"valueName\":\"search_term_string\"}}],\"inLanguage\":\"pt-BR\"},{\"@type\":\"Organization\",\"@id\":\"https:\\\/\\\/news.ecclesia.org.br\\\/#organization\",\"name\":\"Sacra Arquidiocese de Buenos Aires e Am\u00e9rica do Sul | Patriarcado Ecum\u00eanico\",\"alternateName\":\"News Ecclesia Brasil\",\"url\":\"https:\\\/\\\/news.ecclesia.org.br\\\/\",\"logo\":{\"@type\":\"ImageObject\",\"inLanguage\":\"pt-BR\",\"@id\":\"https:\\\/\\\/news.ecclesia.org.br\\\/#\\\/schema\\\/logo\\\/image\\\/\",\"url\":\"https:\\\/\\\/news.ecclesia.org.br\\\/wp-content\\\/uploads\\\/2025\\\/05\\\/ecclesia2.png\",\"contentUrl\":\"https:\\\/\\\/news.ecclesia.org.br\\\/wp-content\\\/uploads\\\/2025\\\/05\\\/ecclesia2.png\",\"width\":480,\"height\":120,\"caption\":\"Sacra Arquidiocese de Buenos Aires e Am\u00e9rica do Sul | Patriarcado Ecum\u00eanico\"},\"image\":{\"@id\":\"https:\\\/\\\/news.ecclesia.org.br\\\/#\\\/schema\\\/logo\\\/image\\\/\"},\"sameAs\":[\"https:\\\/\\\/www.facebook.com\\\/Ecclesia2025\",\"https:\\\/\\\/x.com\\\/EcclesiaNews\",\"https:\\\/\\\/br.pinterest.com\\\/ekklisia\\\/\",\"https:\\\/\\\/www.youtube.com\\\/@EcclesiaBrasil\"]},{\"@type\":\"Person\",\"@id\":\"https:\\\/\\\/news.ecclesia.org.br\\\/#\\\/schema\\\/person\\\/6f09597f025829745ba414a569f63758\",\"name\":\"Pe. Andr\u00e9\",\"image\":{\"@type\":\"ImageObject\",\"inLanguage\":\"pt-BR\",\"@id\":\"https:\\\/\\\/secure.gravatar.com\\\/avatar\\\/b4327cfa27e9799da239a26adcd534fc29cdc0c4a4a148eecbcfeb9b42c617ac?s=96&d=mm&r=g\",\"url\":\"https:\\\/\\\/secure.gravatar.com\\\/avatar\\\/b4327cfa27e9799da239a26adcd534fc29cdc0c4a4a148eecbcfeb9b42c617ac?s=96&d=mm&r=g\",\"contentUrl\":\"https:\\\/\\\/secure.gravatar.com\\\/avatar\\\/b4327cfa27e9799da239a26adcd534fc29cdc0c4a4a148eecbcfeb9b42c617ac?s=96&d=mm&r=g\",\"caption\":\"Pe. Andr\u00e9\"},\"sameAs\":[\"https:\\\/\\\/www.ecclesia.org.br\"]}]}<\/script>\n<!-- \/ Yoast SEO plugin. -->","yoast_head_json":{"title":"Patriarca Ecum\u00eanico, em visita a It\u00e1lia por ocasi\u00e3o da festa de S\u00e3o Nicolau, pede uni\u00e3o contra \u00abfundamentalismos\u00bb | ECCLESIA NEWS","robots":{"index":"index","follow":"follow","max-snippet":"max-snippet:-1","max-image-preview":"max-image-preview:large","max-video-preview":"max-video-preview:-1"},"canonical":"https:\/\/news.ecclesia.org.br\/?p=22986","og_locale":"pt_BR","og_type":"article","og_title":"Patriarca Ecum\u00eanico, em visita a It\u00e1lia por ocasi\u00e3o da festa de S\u00e3o Nicolau, pede uni\u00e3o contra \u00abfundamentalismos\u00bb | ECCLESIA NEWS","og_description":"Cidade do Vaticano, 05 dez 2016 (Ecclesia)\u00a0&#8211;\u00a0O Patriarca Ecum\u00eanico de Constantinopla, Sua Santidade Bartolomeu I, destacou hoje na cidade italiana de Bari a necessidade dos crist\u00e3os e de todas as religi\u00f5es trabalharem em conjunto para erradicarem todo o tipo de&#8230;","og_url":"https:\/\/news.ecclesia.org.br\/?p=22986","og_site_name":"ECCLESIA NEWS","article_publisher":"https:\/\/www.facebook.com\/Ecclesia2025","article_published_time":"2016-12-06T13:13:54+00:00","article_modified_time":"2016-12-06T13:16:02+00:00","og_image":[{"width":720,"height":527,"url":"https:\/\/news.ecclesia.org.br\/wp-content\/uploads\/2016\/12\/006b.jpg","type":"image\/jpeg"}],"author":"Pe. Andr\u00e9","twitter_card":"summary_large_image","twitter_creator":"@EcclesiaNews","twitter_site":"@EcclesiaNews","twitter_misc":{"Escrito por":"Pe. Andr\u00e9","Est. tempo de leitura":"2 minutos"},"schema":{"@context":"https:\/\/schema.org","@graph":[{"@type":"Article","@id":"https:\/\/news.ecclesia.org.br\/?p=22986#article","isPartOf":{"@id":"https:\/\/news.ecclesia.org.br\/?p=22986"},"author":{"name":"Pe. Andr\u00e9","@id":"https:\/\/news.ecclesia.org.br\/#\/schema\/person\/6f09597f025829745ba414a569f63758"},"headline":"Patriarca Ecum\u00eanico, em visita a It\u00e1lia por ocasi\u00e3o da festa de S\u00e3o Nicolau, pede uni\u00e3o contra \u00abfundamentalismos\u00bb","datePublished":"2016-12-06T13:13:54+00:00","dateModified":"2016-12-06T13:16:02+00:00","mainEntityOfPage":{"@id":"https:\/\/news.ecclesia.org.br\/?p=22986"},"wordCount":369,"commentCount":2,"publisher":{"@id":"https:\/\/news.ecclesia.org.br\/#organization"},"image":{"@id":"https:\/\/news.ecclesia.org.br\/?p=22986#primaryimage"},"thumbnailUrl":"https:\/\/news.ecclesia.org.br\/wp-content\/uploads\/2016\/12\/006b.jpg","articleSection":["NEWS","Patriarcado Ecum\u00eanico"],"inLanguage":"pt-BR","potentialAction":[{"@type":"CommentAction","name":"Comment","target":["https:\/\/news.ecclesia.org.br\/?p=22986#respond"]}]},{"@type":"WebPage","@id":"https:\/\/news.ecclesia.org.br\/?p=22986","url":"https:\/\/news.ecclesia.org.br\/?p=22986","name":"Patriarca Ecum\u00eanico, em visita a It\u00e1lia por ocasi\u00e3o da festa de S\u00e3o Nicolau, pede uni\u00e3o contra \u00abfundamentalismos\u00bb | ECCLESIA NEWS","isPartOf":{"@id":"https:\/\/news.ecclesia.org.br\/#website"},"primaryImageOfPage":{"@id":"https:\/\/news.ecclesia.org.br\/?p=22986#primaryimage"},"image":{"@id":"https:\/\/news.ecclesia.org.br\/?p=22986#primaryimage"},"thumbnailUrl":"https:\/\/news.ecclesia.org.br\/wp-content\/uploads\/2016\/12\/006b.jpg","datePublished":"2016-12-06T13:13:54+00:00","dateModified":"2016-12-06T13:16:02+00:00","breadcrumb":{"@id":"https:\/\/news.ecclesia.org.br\/?p=22986#breadcrumb"},"inLanguage":"pt-BR","potentialAction":[{"@type":"ReadAction","target":["https:\/\/news.ecclesia.org.br\/?p=22986"]}]},{"@type":"ImageObject","inLanguage":"pt-BR","@id":"https:\/\/news.ecclesia.org.br\/?p=22986#primaryimage","url":"https:\/\/news.ecclesia.org.br\/wp-content\/uploads\/2016\/12\/006b.jpg","contentUrl":"https:\/\/news.ecclesia.org.br\/wp-content\/uploads\/2016\/12\/006b.jpg","width":720,"height":527},{"@type":"BreadcrumbList","@id":"https:\/\/news.ecclesia.org.br\/?p=22986#breadcrumb","itemListElement":[{"@type":"ListItem","position":1,"name":"In\u00edcio","item":"https:\/\/news.ecclesia.org.br\/"},{"@type":"ListItem","position":2,"name":"Patriarca Ecum\u00eanico, em visita a It\u00e1lia por ocasi\u00e3o da festa de S\u00e3o Nicolau, pede uni\u00e3o contra \u00abfundamentalismos\u00bb"}]},{"@type":"WebSite","@id":"https:\/\/news.ecclesia.org.br\/#website","url":"https:\/\/news.ecclesia.org.br\/","name":"Ecclesia Brasil","description":"Desde 2003 onectando o Brasil ao mundo ortodoxo!","publisher":{"@id":"https:\/\/news.ecclesia.org.br\/#organization"},"alternateName":"Ecclesia","potentialAction":[{"@type":"SearchAction","target":{"@type":"EntryPoint","urlTemplate":"https:\/\/news.ecclesia.org.br\/?s={search_term_string}"},"query-input":{"@type":"PropertyValueSpecification","valueRequired":true,"valueName":"search_term_string"}}],"inLanguage":"pt-BR"},{"@type":"Organization","@id":"https:\/\/news.ecclesia.org.br\/#organization","name":"Sacra Arquidiocese de Buenos Aires e Am\u00e9rica do Sul | Patriarcado Ecum\u00eanico","alternateName":"News Ecclesia Brasil","url":"https:\/\/news.ecclesia.org.br\/","logo":{"@type":"ImageObject","inLanguage":"pt-BR","@id":"https:\/\/news.ecclesia.org.br\/#\/schema\/logo\/image\/","url":"https:\/\/news.ecclesia.org.br\/wp-content\/uploads\/2025\/05\/ecclesia2.png","contentUrl":"https:\/\/news.ecclesia.org.br\/wp-content\/uploads\/2025\/05\/ecclesia2.png","width":480,"height":120,"caption":"Sacra Arquidiocese de Buenos Aires e Am\u00e9rica do Sul | Patriarcado Ecum\u00eanico"},"image":{"@id":"https:\/\/news.ecclesia.org.br\/#\/schema\/logo\/image\/"},"sameAs":["https:\/\/www.facebook.com\/Ecclesia2025","https:\/\/x.com\/EcclesiaNews","https:\/\/br.pinterest.com\/ekklisia\/","https:\/\/www.youtube.com\/@EcclesiaBrasil"]},{"@type":"Person","@id":"https:\/\/news.ecclesia.org.br\/#\/schema\/person\/6f09597f025829745ba414a569f63758","name":"Pe. Andr\u00e9","image":{"@type":"ImageObject","inLanguage":"pt-BR","@id":"https:\/\/secure.gravatar.com\/avatar\/b4327cfa27e9799da239a26adcd534fc29cdc0c4a4a148eecbcfeb9b42c617ac?s=96&d=mm&r=g","url":"https:\/\/secure.gravatar.com\/avatar\/b4327cfa27e9799da239a26adcd534fc29cdc0c4a4a148eecbcfeb9b42c617ac?s=96&d=mm&r=g","contentUrl":"https:\/\/secure.gravatar.com\/avatar\/b4327cfa27e9799da239a26adcd534fc29cdc0c4a4a148eecbcfeb9b42c617ac?s=96&d=mm&r=g","caption":"Pe. Andr\u00e9"},"sameAs":["https:\/\/www.ecclesia.org.br"]}]}},"_links":{"self":[{"href":"https:\/\/news.ecclesia.org.br\/index.php?rest_route=\/wp\/v2\/posts\/22986","targetHints":{"allow":["GET"]}}],"collection":[{"href":"https:\/\/news.ecclesia.org.br\/index.php?rest_route=\/wp\/v2\/posts"}],"about":[{"href":"https:\/\/news.ecclesia.org.br\/index.php?rest_route=\/wp\/v2\/types\/post"}],"author":[{"embeddable":true,"href":"https:\/\/news.ecclesia.org.br\/index.php?rest_route=\/wp\/v2\/users\/1"}],"replies":[{"embeddable":true,"href":"https:\/\/news.ecclesia.org.br\/index.php?rest_route=%2Fwp%2Fv2%2Fcomments&post=22986"}],"version-history":[{"count":0,"href":"https:\/\/news.ecclesia.org.br\/index.php?rest_route=\/wp\/v2\/posts\/22986\/revisions"}],"wp:featuredmedia":[{"embeddable":true,"href":"https:\/\/news.ecclesia.org.br\/index.php?rest_route=\/wp\/v2\/media\/22996"}],"wp:attachment":[{"href":"https:\/\/news.ecclesia.org.br\/index.php?rest_route=%2Fwp%2Fv2%2Fmedia&parent=22986"}],"wp:term":[{"taxonomy":"category","embeddable":true,"href":"https:\/\/news.ecclesia.org.br\/index.php?rest_route=%2Fwp%2Fv2%2Fcategories&post=22986"},{"taxonomy":"post_tag","embeddable":true,"href":"https:\/\/news.ecclesia.org.br\/index.php?rest_route=%2Fwp%2Fv2%2Ftags&post=22986"}],"curies":[{"name":"wp","href":"https:\/\/api.w.org\/{rel}","templated":true}]}}