{"id":22905,"date":"2016-12-02T19:17:35","date_gmt":"2016-12-02T19:17:35","guid":{"rendered":"https:\/\/news.ecclesia.org.br\/2013\/?p=22905"},"modified":"2016-12-02T20:19:05","modified_gmt":"2016-12-02T20:19:05","slug":"visita-patriarcal-patriarca-ecumenico-bartolomeu-i-visita-a-italia-de-1o-a-7-dezembro-de-2016","status":"publish","type":"post","link":"https:\/\/news.ecclesia.org.br\/?p=22905","title":{"rendered":"Patriarca Ecum\u00eanico Bartolomeu I visita a It\u00e1lia de 1\u00ba a 7 dezembro de 2016"},"content":{"rendered":"<p style=\"text-align: justify;\"><a href=\"https:\/\/news.ecclesia.org.br\/2013\/wp-content\/uploads\/2016\/12\/MANIFESTO-BARTOLOMEO-I.jpg\"><img fetchpriority=\"high\" decoding=\"async\" class=\"aligncenter size-full wp-image-22925\" src=\"https:\/\/news.ecclesia.org.br\/2013\/wp-content\/uploads\/2016\/12\/MANIFESTO-BARTOLOMEO-I.jpg\" alt=\"manifesto-bartolomeo-i\" width=\"560\" height=\"800\" srcset=\"https:\/\/news.ecclesia.org.br\/wp-content\/uploads\/2016\/12\/MANIFESTO-BARTOLOMEO-I.jpg 560w, https:\/\/news.ecclesia.org.br\/wp-content\/uploads\/2016\/12\/MANIFESTO-BARTOLOMEO-I-210x300.jpg 210w, https:\/\/news.ecclesia.org.br\/wp-content\/uploads\/2016\/12\/MANIFESTO-BARTOLOMEO-I-39x55.jpg 39w\" sizes=\"(max-width: 560px) 100vw, 560px\" \/><\/a><\/p>\n<p style=\"text-align: justify;\">Sua Santidade Bartolomeu I, Patriarca Ecum\u00eanico,\u00a0iniciou na tarde de ontem, quinta-feira, 1\u00ba de dezembro de 2016, uma visita a Salento, It\u00e1lia. A visita Patriarcal foi iniciada pela cidade de Lecce, onde o Patriarca participou e falou em uma ora\u00e7\u00e3o ecum\u00eanica na catedral cat\u00f3lico-romana, na presen\u00e7a do arcebispo da cidade e de muitas autoridade e membros do povo. O Patriarca partiu com destino a\u00a0Brindisi, seguindo depois via terrestre para a cidade de Lecce. Nesta sexta-feira, 02 de dezembro de 2016, S. Santidade Bartolomeu I, Arcebispo de Constantinopla, Nova Roma e Patriarca Ecum\u00eanico, foi homenageado com a entrega do t\u00edtulo <em>Doutor Honoris Causa<\/em> em Arqueologia \u00a0pela Universidade de Salento, Lecce.<\/p>\n<p style=\"text-align: justify;\">Dentre os v\u00e1rios eventos programados, os de particular interesse aos crist\u00e3os ortodoxos s\u00e3o os seguintes:<\/p>\n<ul>\n<li style=\"text-align: justify;\">Domingo, 4 de dezembro, \u00e0s 10:00: Divina Liturgia na Igreja Ortodoxa de S\u00e3o Nicolau, em Via Ascanio Grandi, Lecce.<\/li>\n<li style=\"text-align: justify;\">Segunda-feira 5 dezembro, \u00e0s 18:00: Of\u00edcio de V\u00e9speras na Igreja do Sagrado Cora\u00e7\u00e3o (Corso Cavour) em Bari;<\/li>\n<\/ul>\n<p style=\"text-align: justify;\">Ap\u00f3s o Of\u00edcio Lit\u00fargico, o Arcebispo de Bari conceder\u00e1 este templo ao Metropolita Gennadios, arcebispo ortodoxo da It\u00e1lia e Malta, para servir nas necessidades lit\u00fargicas da Metr\u00f3pole Ortodoxa de It\u00e1lia e Malta, na par\u00f3quia de Bari.<\/p>\n<p style=\"text-align: justify;\"><div id=\"galleria-22905\"><a href=\"https:\/\/news.ecclesia.org.br\/wp-content\/uploads\/2016\/12\/02122016-001.jpg\"><img decoding=\"async\" title=\"02122016-001\" alt=\"\" src=\"https:\/\/news.ecclesia.org.br\/wp-content\/uploads\/2016\/12\/02122016-001-101x55.jpg\" data-big=\"https:\/\/news.ecclesia.org.br\/wp-content\/uploads\/2016\/12\/02122016-001.jpg\"><\/a><a href=\"https:\/\/news.ecclesia.org.br\/wp-content\/uploads\/2016\/12\/02122016-002.jpg\"><img decoding=\"async\" title=\"02122016-002\" alt=\"\" src=\"https:\/\/news.ecclesia.org.br\/wp-content\/uploads\/2016\/12\/02122016-002-94x55.jpg\" data-big=\"https:\/\/news.ecclesia.org.br\/wp-content\/uploads\/2016\/12\/02122016-002.jpg\"><\/a><a href=\"https:\/\/news.ecclesia.org.br\/wp-content\/uploads\/2016\/12\/02122016-003.jpg\"><img decoding=\"async\" title=\"02122016-003\" alt=\"\" src=\"https:\/\/news.ecclesia.org.br\/wp-content\/uploads\/2016\/12\/02122016-003-91x55.jpg\" data-big=\"https:\/\/news.ecclesia.org.br\/wp-content\/uploads\/2016\/12\/02122016-003.jpg\"><\/a><a href=\"https:\/\/news.ecclesia.org.br\/wp-content\/uploads\/2016\/12\/02122016-004.jpg\"><img decoding=\"async\" title=\"02122016-004\" alt=\"\" src=\"https:\/\/news.ecclesia.org.br\/wp-content\/uploads\/2016\/12\/02122016-004-84x55.jpg\" data-big=\"https:\/\/news.ecclesia.org.br\/wp-content\/uploads\/2016\/12\/02122016-004.jpg\"><\/a><a href=\"https:\/\/news.ecclesia.org.br\/wp-content\/uploads\/2016\/12\/02122016-005.jpg\"><img decoding=\"async\" title=\"02122016-005\" alt=\"\" src=\"https:\/\/news.ecclesia.org.br\/wp-content\/uploads\/2016\/12\/02122016-005-80x55.jpg\" data-big=\"https:\/\/news.ecclesia.org.br\/wp-content\/uploads\/2016\/12\/02122016-005.jpg\"><\/a><a href=\"https:\/\/news.ecclesia.org.br\/wp-content\/uploads\/2016\/12\/02122016-006.jpg\"><img decoding=\"async\" title=\"02122016-006\" alt=\"\" src=\"https:\/\/news.ecclesia.org.br\/wp-content\/uploads\/2016\/12\/02122016-006-80x55.jpg\" data-big=\"https:\/\/news.ecclesia.org.br\/wp-content\/uploads\/2016\/12\/02122016-006.jpg\"><\/a><a href=\"https:\/\/news.ecclesia.org.br\/wp-content\/uploads\/2016\/12\/02122016-007.jpg\"><img decoding=\"async\" title=\"02122016-007\" alt=\"\" src=\"https:\/\/news.ecclesia.org.br\/wp-content\/uploads\/2016\/12\/02122016-007-61x55.jpg\" data-big=\"https:\/\/news.ecclesia.org.br\/wp-content\/uploads\/2016\/12\/02122016-007.jpg\"><\/a><a href=\"https:\/\/news.ecclesia.org.br\/wp-content\/uploads\/2016\/12\/02122016-008.jpg\"><img decoding=\"async\" title=\"02122016-008\" alt=\"\" src=\"https:\/\/news.ecclesia.org.br\/wp-content\/uploads\/2016\/12\/02122016-008-122x55.jpg\" data-big=\"https:\/\/news.ecclesia.org.br\/wp-content\/uploads\/2016\/12\/02122016-008.jpg\"><\/a><a href=\"https:\/\/news.ecclesia.org.br\/wp-content\/uploads\/2016\/12\/02122016-009.jpg\"><img decoding=\"async\" title=\"02122016-009\" alt=\"\" src=\"https:\/\/news.ecclesia.org.br\/wp-content\/uploads\/2016\/12\/02122016-009-78x55.jpg\" data-big=\"https:\/\/news.ecclesia.org.br\/wp-content\/uploads\/2016\/12\/02122016-009.jpg\"><\/a><a href=\"https:\/\/news.ecclesia.org.br\/wp-content\/uploads\/2016\/12\/02122016-010.jpg\"><img decoding=\"async\" title=\"02122016-010\" alt=\"\" src=\"https:\/\/news.ecclesia.org.br\/wp-content\/uploads\/2016\/12\/02122016-010-84x55.jpg\" data-big=\"https:\/\/news.ecclesia.org.br\/wp-content\/uploads\/2016\/12\/02122016-010.jpg\"><\/a><a href=\"https:\/\/news.ecclesia.org.br\/wp-content\/uploads\/2016\/12\/02122016-011.jpg\"><img decoding=\"async\" title=\"02122016-011\" alt=\"\" src=\"https:\/\/news.ecclesia.org.br\/wp-content\/uploads\/2016\/12\/02122016-011-36x55.jpg\" data-big=\"https:\/\/news.ecclesia.org.br\/wp-content\/uploads\/2016\/12\/02122016-011.jpg\"><\/a><a href=\"https:\/\/news.ecclesia.org.br\/wp-content\/uploads\/2016\/12\/02122016-012.jpg\"><img decoding=\"async\" title=\"02122016-012\" alt=\"\" src=\"https:\/\/news.ecclesia.org.br\/wp-content\/uploads\/2016\/12\/02122016-012-83x55.jpg\" data-big=\"https:\/\/news.ecclesia.org.br\/wp-content\/uploads\/2016\/12\/02122016-012.jpg\"><\/a><a href=\"https:\/\/news.ecclesia.org.br\/wp-content\/uploads\/2016\/12\/02122016-013.jpg\"><img decoding=\"async\" title=\"02122016-013\" alt=\"\" src=\"https:\/\/news.ecclesia.org.br\/wp-content\/uploads\/2016\/12\/02122016-013-83x55.jpg\" data-big=\"https:\/\/news.ecclesia.org.br\/wp-content\/uploads\/2016\/12\/02122016-013.jpg\"><\/a><a href=\"https:\/\/news.ecclesia.org.br\/wp-content\/uploads\/2016\/12\/02122016-014.jpg\"><img decoding=\"async\" title=\"02122016-014\" alt=\"\" src=\"https:\/\/news.ecclesia.org.br\/wp-content\/uploads\/2016\/12\/02122016-014-83x55.jpg\" data-big=\"https:\/\/news.ecclesia.org.br\/wp-content\/uploads\/2016\/12\/02122016-014.jpg\"><\/a><a href=\"https:\/\/news.ecclesia.org.br\/wp-content\/uploads\/2016\/12\/02122016-015.jpg\"><img decoding=\"async\" title=\"02122016-015\" alt=\"\" src=\"https:\/\/news.ecclesia.org.br\/wp-content\/uploads\/2016\/12\/02122016-015-83x55.jpg\" data-big=\"https:\/\/news.ecclesia.org.br\/wp-content\/uploads\/2016\/12\/02122016-015.jpg\"><\/a><a href=\"https:\/\/news.ecclesia.org.br\/wp-content\/uploads\/2016\/12\/02122016-016.jpg\"><img decoding=\"async\" title=\"02122016-016\" alt=\"\" src=\"https:\/\/news.ecclesia.org.br\/wp-content\/uploads\/2016\/12\/02122016-016-36x55.jpg\" data-big=\"https:\/\/news.ecclesia.org.br\/wp-content\/uploads\/2016\/12\/02122016-016.jpg\"><\/a><a href=\"https:\/\/news.ecclesia.org.br\/wp-content\/uploads\/2016\/12\/02122016-017.jpg\"><img decoding=\"async\" title=\"02122016-017\" alt=\"\" src=\"https:\/\/news.ecclesia.org.br\/wp-content\/uploads\/2016\/12\/02122016-017-97x55.jpg\" data-big=\"https:\/\/news.ecclesia.org.br\/wp-content\/uploads\/2016\/12\/02122016-017.jpg\"><\/a><a href=\"https:\/\/news.ecclesia.org.br\/wp-content\/uploads\/2016\/12\/02122016-018.jpg\"><img decoding=\"async\" title=\"02122016-018\" alt=\"\" src=\"https:\/\/news.ecclesia.org.br\/wp-content\/uploads\/2016\/12\/02122016-018-75x55.jpg\" data-big=\"https:\/\/news.ecclesia.org.br\/wp-content\/uploads\/2016\/12\/02122016-018.jpg\"><\/a><a href=\"https:\/\/news.ecclesia.org.br\/wp-content\/uploads\/2016\/12\/metropolita-gennadios.jpg\"><img decoding=\"async\" title=\"metropolita-gennadios\" alt=\"\" src=\"https:\/\/news.ecclesia.org.br\/wp-content\/uploads\/2016\/12\/metropolita-gennadios-41x55.jpg\" data-big=\"https:\/\/news.ecclesia.org.br\/wp-content\/uploads\/2016\/12\/metropolita-gennadios.jpg\"><\/a><a href=\"https:\/\/news.ecclesia.org.br\/wp-content\/uploads\/2016\/12\/MANIFESTO-BARTOLOMEO-I.jpg\"><img decoding=\"async\" title=\"manifesto-bartolomeo-i\" alt=\"\" src=\"https:\/\/news.ecclesia.org.br\/wp-content\/uploads\/2016\/12\/MANIFESTO-BARTOLOMEO-I-39x55.jpg\" data-big=\"https:\/\/news.ecclesia.org.br\/wp-content\/uploads\/2016\/12\/MANIFESTO-BARTOLOMEO-I.jpg\"><\/a><a href=\"https:\/\/news.ecclesia.org.br\/wp-content\/uploads\/2016\/12\/MANIFESTO-BARTOLOMEO-I-1.jpg\"><img decoding=\"async\" title=\"manifesto-bartolomeo-i\" alt=\"\" src=\"https:\/\/news.ecclesia.org.br\/wp-content\/uploads\/2016\/12\/MANIFESTO-BARTOLOMEO-I-1-78x55.jpg\" data-big=\"https:\/\/news.ecclesia.org.br\/wp-content\/uploads\/2016\/12\/MANIFESTO-BARTOLOMEO-I-1.jpg\"><\/a><\/div><\/p>\n<hr \/>\n<p style=\"text-align: right;\">Fonte:\u00a0<a href=\"http:\/\/fanarion.blogspot.com.br\/\" target=\"_blank\">\u03a6\u03c9\u03c2 \u03a6\u03b1\u03bd\u03b1\u03c1\u03af\u03bf\u03c5<\/a><\/p>\n<p>&nbsp;<\/p>\n<p>&nbsp;<\/p>\n","protected":false},"excerpt":{"rendered":"<p>Sua Santidade Bartolomeu I, Patriarca Ecum\u00eanico,\u00a0iniciou na tarde de ontem, quinta-feira, 1\u00ba de dezembro de 2016, uma visita a Salento, It\u00e1lia. A visita Patriarcal foi iniciada pela cidade de Lecce, onde o Patriarca participou e falou em uma ora\u00e7\u00e3o ecum\u00eanica&#8230;<\/p>\n","protected":false},"author":1,"featured_media":22932,"comment_status":"open","ping_status":"open","sticky":false,"template":"","format":"standard","meta":{"_acf_changed":false,"footnotes":""},"categories":[3,72],"tags":[],"class_list":["post-22905","post","type-post","status-publish","format-standard","has-post-thumbnail","hentry","category-mundo","category-patriarcado-ecumenico","entry","rows-excerpt"],"acf":[],"yoast_head":"<!-- This site is optimized with the Yoast SEO plugin v27.4 - https:\/\/yoast.com\/product\/yoast-seo-wordpress\/ -->\n<title>Patriarca Ecum\u00eanico Bartolomeu I visita a It\u00e1lia de 1\u00ba a 7 dezembro de 2016 | ECCLESIA NEWS<\/title>\n<meta name=\"robots\" content=\"index, follow, max-snippet:-1, max-image-preview:large, max-video-preview:-1\" \/>\n<link rel=\"canonical\" href=\"https:\/\/news.ecclesia.org.br\/?p=22905\" \/>\n<meta property=\"og:locale\" content=\"pt_BR\" \/>\n<meta property=\"og:type\" content=\"article\" \/>\n<meta property=\"og:title\" content=\"Patriarca Ecum\u00eanico Bartolomeu I visita a It\u00e1lia de 1\u00ba a 7 dezembro de 2016 | ECCLESIA NEWS\" \/>\n<meta property=\"og:description\" content=\"Sua Santidade Bartolomeu I, Patriarca Ecum\u00eanico,\u00a0iniciou na tarde de ontem, quinta-feira, 1\u00ba de dezembro de 2016, uma visita a Salento, It\u00e1lia. A visita Patriarcal foi iniciada pela cidade de Lecce, onde o Patriarca participou e falou em uma ora\u00e7\u00e3o ecum\u00eanica&#8230;\" \/>\n<meta property=\"og:url\" content=\"https:\/\/news.ecclesia.org.br\/?p=22905\" \/>\n<meta property=\"og:site_name\" content=\"ECCLESIA NEWS\" \/>\n<meta property=\"article:publisher\" content=\"https:\/\/www.facebook.com\/Ecclesia2025\" \/>\n<meta property=\"article:published_time\" content=\"2016-12-02T19:17:35+00:00\" \/>\n<meta property=\"article:modified_time\" content=\"2016-12-02T20:19:05+00:00\" \/>\n<meta property=\"og:image\" content=\"https:\/\/news.ecclesia.org.br\/wp-content\/uploads\/2016\/12\/MANIFESTO-BARTOLOMEO-I-1.jpg\" \/>\n\t<meta property=\"og:image:width\" content=\"560\" \/>\n\t<meta property=\"og:image:height\" content=\"397\" \/>\n\t<meta property=\"og:image:type\" content=\"image\/jpeg\" \/>\n<meta name=\"author\" content=\"Pe. Andr\u00e9\" \/>\n<meta name=\"twitter:card\" content=\"summary_large_image\" \/>\n<meta name=\"twitter:creator\" content=\"@EcclesiaNews\" \/>\n<meta name=\"twitter:site\" content=\"@EcclesiaNews\" \/>\n<meta name=\"twitter:label1\" content=\"Escrito por\" \/>\n\t<meta name=\"twitter:data1\" content=\"Pe. Andr\u00e9\" \/>\n\t<meta name=\"twitter:label2\" content=\"Est. tempo de leitura\" \/>\n\t<meta name=\"twitter:data2\" content=\"1 minuto\" \/>\n<script type=\"application\/ld+json\" class=\"yoast-schema-graph\">{\"@context\":\"https:\\\/\\\/schema.org\",\"@graph\":[{\"@type\":\"Article\",\"@id\":\"https:\\\/\\\/news.ecclesia.org.br\\\/?p=22905#article\",\"isPartOf\":{\"@id\":\"https:\\\/\\\/news.ecclesia.org.br\\\/?p=22905\"},\"author\":{\"name\":\"Pe. Andr\u00e9\",\"@id\":\"https:\\\/\\\/news.ecclesia.org.br\\\/#\\\/schema\\\/person\\\/6f09597f025829745ba414a569f63758\"},\"headline\":\"Patriarca Ecum\u00eanico Bartolomeu I visita a It\u00e1lia de 1\u00ba a 7 dezembro de 2016\",\"datePublished\":\"2016-12-02T19:17:35+00:00\",\"dateModified\":\"2016-12-02T20:19:05+00:00\",\"mainEntityOfPage\":{\"@id\":\"https:\\\/\\\/news.ecclesia.org.br\\\/?p=22905\"},\"wordCount\":231,\"commentCount\":0,\"publisher\":{\"@id\":\"https:\\\/\\\/news.ecclesia.org.br\\\/#organization\"},\"image\":{\"@id\":\"https:\\\/\\\/news.ecclesia.org.br\\\/?p=22905#primaryimage\"},\"thumbnailUrl\":\"https:\\\/\\\/news.ecclesia.org.br\\\/wp-content\\\/uploads\\\/2016\\\/12\\\/MANIFESTO-BARTOLOMEO-I-1.jpg\",\"articleSection\":[\"Mundo Ortodoxo\",\"Patriarcado Ecum\u00eanico\"],\"inLanguage\":\"pt-BR\",\"potentialAction\":[{\"@type\":\"CommentAction\",\"name\":\"Comment\",\"target\":[\"https:\\\/\\\/news.ecclesia.org.br\\\/?p=22905#respond\"]}]},{\"@type\":\"WebPage\",\"@id\":\"https:\\\/\\\/news.ecclesia.org.br\\\/?p=22905\",\"url\":\"https:\\\/\\\/news.ecclesia.org.br\\\/?p=22905\",\"name\":\"Patriarca Ecum\u00eanico Bartolomeu I visita a It\u00e1lia de 1\u00ba a 7 dezembro de 2016 | ECCLESIA NEWS\",\"isPartOf\":{\"@id\":\"https:\\\/\\\/news.ecclesia.org.br\\\/#website\"},\"primaryImageOfPage\":{\"@id\":\"https:\\\/\\\/news.ecclesia.org.br\\\/?p=22905#primaryimage\"},\"image\":{\"@id\":\"https:\\\/\\\/news.ecclesia.org.br\\\/?p=22905#primaryimage\"},\"thumbnailUrl\":\"https:\\\/\\\/news.ecclesia.org.br\\\/wp-content\\\/uploads\\\/2016\\\/12\\\/MANIFESTO-BARTOLOMEO-I-1.jpg\",\"datePublished\":\"2016-12-02T19:17:35+00:00\",\"dateModified\":\"2016-12-02T20:19:05+00:00\",\"breadcrumb\":{\"@id\":\"https:\\\/\\\/news.ecclesia.org.br\\\/?p=22905#breadcrumb\"},\"inLanguage\":\"pt-BR\",\"potentialAction\":[{\"@type\":\"ReadAction\",\"target\":[\"https:\\\/\\\/news.ecclesia.org.br\\\/?p=22905\"]}]},{\"@type\":\"ImageObject\",\"inLanguage\":\"pt-BR\",\"@id\":\"https:\\\/\\\/news.ecclesia.org.br\\\/?p=22905#primaryimage\",\"url\":\"https:\\\/\\\/news.ecclesia.org.br\\\/wp-content\\\/uploads\\\/2016\\\/12\\\/MANIFESTO-BARTOLOMEO-I-1.jpg\",\"contentUrl\":\"https:\\\/\\\/news.ecclesia.org.br\\\/wp-content\\\/uploads\\\/2016\\\/12\\\/MANIFESTO-BARTOLOMEO-I-1.jpg\",\"width\":560,\"height\":397},{\"@type\":\"BreadcrumbList\",\"@id\":\"https:\\\/\\\/news.ecclesia.org.br\\\/?p=22905#breadcrumb\",\"itemListElement\":[{\"@type\":\"ListItem\",\"position\":1,\"name\":\"In\u00edcio\",\"item\":\"https:\\\/\\\/news.ecclesia.org.br\\\/\"},{\"@type\":\"ListItem\",\"position\":2,\"name\":\"Patriarca Ecum\u00eanico Bartolomeu I visita a It\u00e1lia de 1\u00ba a 7 dezembro de 2016\"}]},{\"@type\":\"WebSite\",\"@id\":\"https:\\\/\\\/news.ecclesia.org.br\\\/#website\",\"url\":\"https:\\\/\\\/news.ecclesia.org.br\\\/\",\"name\":\"Ecclesia Brasil\",\"description\":\"Desde 2003 onectando o Brasil ao mundo ortodoxo!\",\"publisher\":{\"@id\":\"https:\\\/\\\/news.ecclesia.org.br\\\/#organization\"},\"alternateName\":\"Ecclesia\",\"potentialAction\":[{\"@type\":\"SearchAction\",\"target\":{\"@type\":\"EntryPoint\",\"urlTemplate\":\"https:\\\/\\\/news.ecclesia.org.br\\\/?s={search_term_string}\"},\"query-input\":{\"@type\":\"PropertyValueSpecification\",\"valueRequired\":true,\"valueName\":\"search_term_string\"}}],\"inLanguage\":\"pt-BR\"},{\"@type\":\"Organization\",\"@id\":\"https:\\\/\\\/news.ecclesia.org.br\\\/#organization\",\"name\":\"Sacra Arquidiocese de Buenos Aires e Am\u00e9rica do Sul | Patriarcado Ecum\u00eanico\",\"alternateName\":\"News Ecclesia Brasil\",\"url\":\"https:\\\/\\\/news.ecclesia.org.br\\\/\",\"logo\":{\"@type\":\"ImageObject\",\"inLanguage\":\"pt-BR\",\"@id\":\"https:\\\/\\\/news.ecclesia.org.br\\\/#\\\/schema\\\/logo\\\/image\\\/\",\"url\":\"https:\\\/\\\/news.ecclesia.org.br\\\/wp-content\\\/uploads\\\/2025\\\/05\\\/ecclesia2.png\",\"contentUrl\":\"https:\\\/\\\/news.ecclesia.org.br\\\/wp-content\\\/uploads\\\/2025\\\/05\\\/ecclesia2.png\",\"width\":480,\"height\":120,\"caption\":\"Sacra Arquidiocese de Buenos Aires e Am\u00e9rica do Sul | Patriarcado Ecum\u00eanico\"},\"image\":{\"@id\":\"https:\\\/\\\/news.ecclesia.org.br\\\/#\\\/schema\\\/logo\\\/image\\\/\"},\"sameAs\":[\"https:\\\/\\\/www.facebook.com\\\/Ecclesia2025\",\"https:\\\/\\\/x.com\\\/EcclesiaNews\",\"https:\\\/\\\/br.pinterest.com\\\/ekklisia\\\/\",\"https:\\\/\\\/www.youtube.com\\\/@EcclesiaBrasil\"]},{\"@type\":\"Person\",\"@id\":\"https:\\\/\\\/news.ecclesia.org.br\\\/#\\\/schema\\\/person\\\/6f09597f025829745ba414a569f63758\",\"name\":\"Pe. Andr\u00e9\",\"image\":{\"@type\":\"ImageObject\",\"inLanguage\":\"pt-BR\",\"@id\":\"https:\\\/\\\/secure.gravatar.com\\\/avatar\\\/b4327cfa27e9799da239a26adcd534fc29cdc0c4a4a148eecbcfeb9b42c617ac?s=96&d=mm&r=g\",\"url\":\"https:\\\/\\\/secure.gravatar.com\\\/avatar\\\/b4327cfa27e9799da239a26adcd534fc29cdc0c4a4a148eecbcfeb9b42c617ac?s=96&d=mm&r=g\",\"contentUrl\":\"https:\\\/\\\/secure.gravatar.com\\\/avatar\\\/b4327cfa27e9799da239a26adcd534fc29cdc0c4a4a148eecbcfeb9b42c617ac?s=96&d=mm&r=g\",\"caption\":\"Pe. Andr\u00e9\"},\"sameAs\":[\"https:\\\/\\\/www.ecclesia.org.br\"]}]}<\/script>\n<!-- \/ Yoast SEO plugin. -->","yoast_head_json":{"title":"Patriarca Ecum\u00eanico Bartolomeu I visita a It\u00e1lia de 1\u00ba a 7 dezembro de 2016 | ECCLESIA NEWS","robots":{"index":"index","follow":"follow","max-snippet":"max-snippet:-1","max-image-preview":"max-image-preview:large","max-video-preview":"max-video-preview:-1"},"canonical":"https:\/\/news.ecclesia.org.br\/?p=22905","og_locale":"pt_BR","og_type":"article","og_title":"Patriarca Ecum\u00eanico Bartolomeu I visita a It\u00e1lia de 1\u00ba a 7 dezembro de 2016 | ECCLESIA NEWS","og_description":"Sua Santidade Bartolomeu I, Patriarca Ecum\u00eanico,\u00a0iniciou na tarde de ontem, quinta-feira, 1\u00ba de dezembro de 2016, uma visita a Salento, It\u00e1lia. A visita Patriarcal foi iniciada pela cidade de Lecce, onde o Patriarca participou e falou em uma ora\u00e7\u00e3o ecum\u00eanica&#8230;","og_url":"https:\/\/news.ecclesia.org.br\/?p=22905","og_site_name":"ECCLESIA NEWS","article_publisher":"https:\/\/www.facebook.com\/Ecclesia2025","article_published_time":"2016-12-02T19:17:35+00:00","article_modified_time":"2016-12-02T20:19:05+00:00","og_image":[{"width":560,"height":397,"url":"https:\/\/news.ecclesia.org.br\/wp-content\/uploads\/2016\/12\/MANIFESTO-BARTOLOMEO-I-1.jpg","type":"image\/jpeg"}],"author":"Pe. Andr\u00e9","twitter_card":"summary_large_image","twitter_creator":"@EcclesiaNews","twitter_site":"@EcclesiaNews","twitter_misc":{"Escrito por":"Pe. Andr\u00e9","Est. tempo de leitura":"1 minuto"},"schema":{"@context":"https:\/\/schema.org","@graph":[{"@type":"Article","@id":"https:\/\/news.ecclesia.org.br\/?p=22905#article","isPartOf":{"@id":"https:\/\/news.ecclesia.org.br\/?p=22905"},"author":{"name":"Pe. Andr\u00e9","@id":"https:\/\/news.ecclesia.org.br\/#\/schema\/person\/6f09597f025829745ba414a569f63758"},"headline":"Patriarca Ecum\u00eanico Bartolomeu I visita a It\u00e1lia de 1\u00ba a 7 dezembro de 2016","datePublished":"2016-12-02T19:17:35+00:00","dateModified":"2016-12-02T20:19:05+00:00","mainEntityOfPage":{"@id":"https:\/\/news.ecclesia.org.br\/?p=22905"},"wordCount":231,"commentCount":0,"publisher":{"@id":"https:\/\/news.ecclesia.org.br\/#organization"},"image":{"@id":"https:\/\/news.ecclesia.org.br\/?p=22905#primaryimage"},"thumbnailUrl":"https:\/\/news.ecclesia.org.br\/wp-content\/uploads\/2016\/12\/MANIFESTO-BARTOLOMEO-I-1.jpg","articleSection":["Mundo Ortodoxo","Patriarcado Ecum\u00eanico"],"inLanguage":"pt-BR","potentialAction":[{"@type":"CommentAction","name":"Comment","target":["https:\/\/news.ecclesia.org.br\/?p=22905#respond"]}]},{"@type":"WebPage","@id":"https:\/\/news.ecclesia.org.br\/?p=22905","url":"https:\/\/news.ecclesia.org.br\/?p=22905","name":"Patriarca Ecum\u00eanico Bartolomeu I visita a It\u00e1lia de 1\u00ba a 7 dezembro de 2016 | ECCLESIA NEWS","isPartOf":{"@id":"https:\/\/news.ecclesia.org.br\/#website"},"primaryImageOfPage":{"@id":"https:\/\/news.ecclesia.org.br\/?p=22905#primaryimage"},"image":{"@id":"https:\/\/news.ecclesia.org.br\/?p=22905#primaryimage"},"thumbnailUrl":"https:\/\/news.ecclesia.org.br\/wp-content\/uploads\/2016\/12\/MANIFESTO-BARTOLOMEO-I-1.jpg","datePublished":"2016-12-02T19:17:35+00:00","dateModified":"2016-12-02T20:19:05+00:00","breadcrumb":{"@id":"https:\/\/news.ecclesia.org.br\/?p=22905#breadcrumb"},"inLanguage":"pt-BR","potentialAction":[{"@type":"ReadAction","target":["https:\/\/news.ecclesia.org.br\/?p=22905"]}]},{"@type":"ImageObject","inLanguage":"pt-BR","@id":"https:\/\/news.ecclesia.org.br\/?p=22905#primaryimage","url":"https:\/\/news.ecclesia.org.br\/wp-content\/uploads\/2016\/12\/MANIFESTO-BARTOLOMEO-I-1.jpg","contentUrl":"https:\/\/news.ecclesia.org.br\/wp-content\/uploads\/2016\/12\/MANIFESTO-BARTOLOMEO-I-1.jpg","width":560,"height":397},{"@type":"BreadcrumbList","@id":"https:\/\/news.ecclesia.org.br\/?p=22905#breadcrumb","itemListElement":[{"@type":"ListItem","position":1,"name":"In\u00edcio","item":"https:\/\/news.ecclesia.org.br\/"},{"@type":"ListItem","position":2,"name":"Patriarca Ecum\u00eanico Bartolomeu I visita a It\u00e1lia de 1\u00ba a 7 dezembro de 2016"}]},{"@type":"WebSite","@id":"https:\/\/news.ecclesia.org.br\/#website","url":"https:\/\/news.ecclesia.org.br\/","name":"Ecclesia Brasil","description":"Desde 2003 onectando o Brasil ao mundo ortodoxo!","publisher":{"@id":"https:\/\/news.ecclesia.org.br\/#organization"},"alternateName":"Ecclesia","potentialAction":[{"@type":"SearchAction","target":{"@type":"EntryPoint","urlTemplate":"https:\/\/news.ecclesia.org.br\/?s={search_term_string}"},"query-input":{"@type":"PropertyValueSpecification","valueRequired":true,"valueName":"search_term_string"}}],"inLanguage":"pt-BR"},{"@type":"Organization","@id":"https:\/\/news.ecclesia.org.br\/#organization","name":"Sacra Arquidiocese de Buenos Aires e Am\u00e9rica do Sul | Patriarcado Ecum\u00eanico","alternateName":"News Ecclesia Brasil","url":"https:\/\/news.ecclesia.org.br\/","logo":{"@type":"ImageObject","inLanguage":"pt-BR","@id":"https:\/\/news.ecclesia.org.br\/#\/schema\/logo\/image\/","url":"https:\/\/news.ecclesia.org.br\/wp-content\/uploads\/2025\/05\/ecclesia2.png","contentUrl":"https:\/\/news.ecclesia.org.br\/wp-content\/uploads\/2025\/05\/ecclesia2.png","width":480,"height":120,"caption":"Sacra Arquidiocese de Buenos Aires e Am\u00e9rica do Sul | Patriarcado Ecum\u00eanico"},"image":{"@id":"https:\/\/news.ecclesia.org.br\/#\/schema\/logo\/image\/"},"sameAs":["https:\/\/www.facebook.com\/Ecclesia2025","https:\/\/x.com\/EcclesiaNews","https:\/\/br.pinterest.com\/ekklisia\/","https:\/\/www.youtube.com\/@EcclesiaBrasil"]},{"@type":"Person","@id":"https:\/\/news.ecclesia.org.br\/#\/schema\/person\/6f09597f025829745ba414a569f63758","name":"Pe. Andr\u00e9","image":{"@type":"ImageObject","inLanguage":"pt-BR","@id":"https:\/\/secure.gravatar.com\/avatar\/b4327cfa27e9799da239a26adcd534fc29cdc0c4a4a148eecbcfeb9b42c617ac?s=96&d=mm&r=g","url":"https:\/\/secure.gravatar.com\/avatar\/b4327cfa27e9799da239a26adcd534fc29cdc0c4a4a148eecbcfeb9b42c617ac?s=96&d=mm&r=g","contentUrl":"https:\/\/secure.gravatar.com\/avatar\/b4327cfa27e9799da239a26adcd534fc29cdc0c4a4a148eecbcfeb9b42c617ac?s=96&d=mm&r=g","caption":"Pe. Andr\u00e9"},"sameAs":["https:\/\/www.ecclesia.org.br"]}]}},"_links":{"self":[{"href":"https:\/\/news.ecclesia.org.br\/index.php?rest_route=\/wp\/v2\/posts\/22905","targetHints":{"allow":["GET"]}}],"collection":[{"href":"https:\/\/news.ecclesia.org.br\/index.php?rest_route=\/wp\/v2\/posts"}],"about":[{"href":"https:\/\/news.ecclesia.org.br\/index.php?rest_route=\/wp\/v2\/types\/post"}],"author":[{"embeddable":true,"href":"https:\/\/news.ecclesia.org.br\/index.php?rest_route=\/wp\/v2\/users\/1"}],"replies":[{"embeddable":true,"href":"https:\/\/news.ecclesia.org.br\/index.php?rest_route=%2Fwp%2Fv2%2Fcomments&post=22905"}],"version-history":[{"count":0,"href":"https:\/\/news.ecclesia.org.br\/index.php?rest_route=\/wp\/v2\/posts\/22905\/revisions"}],"wp:featuredmedia":[{"embeddable":true,"href":"https:\/\/news.ecclesia.org.br\/index.php?rest_route=\/wp\/v2\/media\/22932"}],"wp:attachment":[{"href":"https:\/\/news.ecclesia.org.br\/index.php?rest_route=%2Fwp%2Fv2%2Fmedia&parent=22905"}],"wp:term":[{"taxonomy":"category","embeddable":true,"href":"https:\/\/news.ecclesia.org.br\/index.php?rest_route=%2Fwp%2Fv2%2Fcategories&post=22905"},{"taxonomy":"post_tag","embeddable":true,"href":"https:\/\/news.ecclesia.org.br\/index.php?rest_route=%2Fwp%2Fv2%2Ftags&post=22905"}],"curies":[{"name":"wp","href":"https:\/\/api.w.org\/{rel}","templated":true}]}}