{"id":22836,"date":"2016-11-30T19:14:18","date_gmt":"2016-11-30T19:14:18","guid":{"rendered":"https:\/\/news.ecclesia.org.br\/2013\/?p=22836"},"modified":"2016-12-01T01:10:36","modified_gmt":"2016-12-01T01:10:36","slug":"a-grande-igreja-de-cristo-festeja-hoje-o-santo-apostolo-andre-seu-patrono","status":"publish","type":"post","link":"https:\/\/news.ecclesia.org.br\/?p=22836","title":{"rendered":"Constantinopla, a Grande Igreja de Cristo festeja hoje o seu santo patrono, o Ap\u00f3stolo Andr\u00e9"},"content":{"rendered":"<p style=\"text-align: center;\"><div id=\"galleria-22836\"><a href=\"https:\/\/news.ecclesia.org.br\/wp-content\/uploads\/2016\/11\/DSCN0079a.jpg\"><img decoding=\"async\" title=\"dscn0079a\" alt=\"\" src=\"https:\/\/news.ecclesia.org.br\/wp-content\/uploads\/2016\/11\/DSCN0079a-73x55.jpg\" data-big=\"https:\/\/news.ecclesia.org.br\/wp-content\/uploads\/2016\/11\/DSCN0079a.jpg\"><\/a><a href=\"https:\/\/news.ecclesia.org.br\/wp-content\/uploads\/2016\/11\/DSCN0098a.jpg\"><img decoding=\"async\" title=\"dscn0098a\" alt=\"\" src=\"https:\/\/news.ecclesia.org.br\/wp-content\/uploads\/2016\/11\/DSCN0098a-41x55.jpg\" data-big=\"https:\/\/news.ecclesia.org.br\/wp-content\/uploads\/2016\/11\/DSCN0098a.jpg\"><\/a><a href=\"https:\/\/news.ecclesia.org.br\/wp-content\/uploads\/2016\/11\/DSCN0104a.jpg\"><img decoding=\"async\" title=\"dscn0104a\" alt=\"\" src=\"https:\/\/news.ecclesia.org.br\/wp-content\/uploads\/2016\/11\/DSCN0104a-41x55.jpg\" data-big=\"https:\/\/news.ecclesia.org.br\/wp-content\/uploads\/2016\/11\/DSCN0104a.jpg\"><\/a><a href=\"https:\/\/news.ecclesia.org.br\/wp-content\/uploads\/2016\/11\/DSCN0106a.jpg\"><img decoding=\"async\" title=\"dscn0106a\" alt=\"\" src=\"https:\/\/news.ecclesia.org.br\/wp-content\/uploads\/2016\/11\/DSCN0106a-41x55.jpg\" data-big=\"https:\/\/news.ecclesia.org.br\/wp-content\/uploads\/2016\/11\/DSCN0106a.jpg\"><\/a><a href=\"https:\/\/news.ecclesia.org.br\/wp-content\/uploads\/2016\/11\/DSCN0123a.jpg\"><img decoding=\"async\" title=\"dscn0123a\" alt=\"\" src=\"https:\/\/news.ecclesia.org.br\/wp-content\/uploads\/2016\/11\/DSCN0123a-41x55.jpg\" data-big=\"https:\/\/news.ecclesia.org.br\/wp-content\/uploads\/2016\/11\/DSCN0123a.jpg\"><\/a><a href=\"https:\/\/news.ecclesia.org.br\/wp-content\/uploads\/2016\/11\/DSCN0132a.jpg\"><img decoding=\"async\" title=\"dscn0132a\" alt=\"\" src=\"https:\/\/news.ecclesia.org.br\/wp-content\/uploads\/2016\/11\/DSCN0132a-73x55.jpg\" data-big=\"https:\/\/news.ecclesia.org.br\/wp-content\/uploads\/2016\/11\/DSCN0132a.jpg\"><\/a><a href=\"https:\/\/news.ecclesia.org.br\/wp-content\/uploads\/2016\/11\/DSCN0136a.jpg\"><img decoding=\"async\" title=\"dscn0136a\" alt=\"\" src=\"https:\/\/news.ecclesia.org.br\/wp-content\/uploads\/2016\/11\/DSCN0136a-41x55.jpg\" data-big=\"https:\/\/news.ecclesia.org.br\/wp-content\/uploads\/2016\/11\/DSCN0136a.jpg\"><\/a><a href=\"https:\/\/news.ecclesia.org.br\/wp-content\/uploads\/2016\/11\/DSCN0140a.jpg\"><img decoding=\"async\" title=\"dscn0140a\" alt=\"\" src=\"https:\/\/news.ecclesia.org.br\/wp-content\/uploads\/2016\/11\/DSCN0140a-41x55.jpg\" data-big=\"https:\/\/news.ecclesia.org.br\/wp-content\/uploads\/2016\/11\/DSCN0140a.jpg\"><\/a><a href=\"https:\/\/news.ecclesia.org.br\/wp-content\/uploads\/2016\/11\/DSCN0142a.jpg\"><img decoding=\"async\" title=\"dscn0142a\" alt=\"\" src=\"https:\/\/news.ecclesia.org.br\/wp-content\/uploads\/2016\/11\/DSCN0142a-41x55.jpg\" data-big=\"https:\/\/news.ecclesia.org.br\/wp-content\/uploads\/2016\/11\/DSCN0142a.jpg\"><\/a><a href=\"https:\/\/news.ecclesia.org.br\/wp-content\/uploads\/2016\/11\/DSCN0146a.jpg\"><img decoding=\"async\" title=\"dscn0146a\" alt=\"\" src=\"https:\/\/news.ecclesia.org.br\/wp-content\/uploads\/2016\/11\/DSCN0146a-41x55.jpg\" data-big=\"https:\/\/news.ecclesia.org.br\/wp-content\/uploads\/2016\/11\/DSCN0146a.jpg\"><\/a><a href=\"https:\/\/news.ecclesia.org.br\/wp-content\/uploads\/2016\/11\/DSCN0147a.jpg\"><img decoding=\"async\" title=\"dscn0147a\" alt=\"\" src=\"https:\/\/news.ecclesia.org.br\/wp-content\/uploads\/2016\/11\/DSCN0147a-73x55.jpg\" data-big=\"https:\/\/news.ecclesia.org.br\/wp-content\/uploads\/2016\/11\/DSCN0147a.jpg\"><\/a><a href=\"https:\/\/news.ecclesia.org.br\/wp-content\/uploads\/2016\/11\/DSCN0150a.jpg\"><img decoding=\"async\" title=\"dscn0150a\" alt=\"\" src=\"https:\/\/news.ecclesia.org.br\/wp-content\/uploads\/2016\/11\/DSCN0150a-41x55.jpg\" data-big=\"https:\/\/news.ecclesia.org.br\/wp-content\/uploads\/2016\/11\/DSCN0150a.jpg\"><\/a><a href=\"https:\/\/news.ecclesia.org.br\/wp-content\/uploads\/2016\/11\/DSCN0161a.jpg\"><img decoding=\"async\" title=\"dscn0161a\" alt=\"\" src=\"https:\/\/news.ecclesia.org.br\/wp-content\/uploads\/2016\/11\/DSCN0161a-41x55.jpg\" data-big=\"https:\/\/news.ecclesia.org.br\/wp-content\/uploads\/2016\/11\/DSCN0161a.jpg\"><\/a><a href=\"https:\/\/news.ecclesia.org.br\/wp-content\/uploads\/2016\/11\/DSCN0165a.jpg\"><img decoding=\"async\" title=\"dscn0165a\" alt=\"\" src=\"https:\/\/news.ecclesia.org.br\/wp-content\/uploads\/2016\/11\/DSCN0165a-41x55.jpg\" data-big=\"https:\/\/news.ecclesia.org.br\/wp-content\/uploads\/2016\/11\/DSCN0165a.jpg\"><\/a><a href=\"https:\/\/news.ecclesia.org.br\/wp-content\/uploads\/2016\/11\/DSCN0174a.jpg\"><img decoding=\"async\" title=\"dscn0174a\" alt=\"\" src=\"https:\/\/news.ecclesia.org.br\/wp-content\/uploads\/2016\/11\/DSCN0174a-73x55.jpg\" data-big=\"https:\/\/news.ecclesia.org.br\/wp-content\/uploads\/2016\/11\/DSCN0174a.jpg\"><\/a><a href=\"https:\/\/news.ecclesia.org.br\/wp-content\/uploads\/2016\/11\/DSCN0177a.jpg\"><img decoding=\"async\" title=\"dscn0177a\" alt=\"\" src=\"https:\/\/news.ecclesia.org.br\/wp-content\/uploads\/2016\/11\/DSCN0177a-41x55.jpg\" data-big=\"https:\/\/news.ecclesia.org.br\/wp-content\/uploads\/2016\/11\/DSCN0177a.jpg\"><\/a><a href=\"https:\/\/news.ecclesia.org.br\/wp-content\/uploads\/2016\/11\/DSCN0182a.jpg\"><img decoding=\"async\" title=\"dscn0182a\" alt=\"\" src=\"https:\/\/news.ecclesia.org.br\/wp-content\/uploads\/2016\/11\/DSCN0182a-41x55.jpg\" data-big=\"https:\/\/news.ecclesia.org.br\/wp-content\/uploads\/2016\/11\/DSCN0182a.jpg\"><\/a><a href=\"https:\/\/news.ecclesia.org.br\/wp-content\/uploads\/2016\/11\/DSCN0193a.jpg\"><img decoding=\"async\" title=\"dscn0193a\" alt=\"\" src=\"https:\/\/news.ecclesia.org.br\/wp-content\/uploads\/2016\/11\/DSCN0193a-41x55.jpg\" data-big=\"https:\/\/news.ecclesia.org.br\/wp-content\/uploads\/2016\/11\/DSCN0193a.jpg\"><\/a><a href=\"https:\/\/news.ecclesia.org.br\/wp-content\/uploads\/2016\/11\/DSCN0200a.jpg\"><img decoding=\"async\" title=\"dscn0200a\" alt=\"\" src=\"https:\/\/news.ecclesia.org.br\/wp-content\/uploads\/2016\/11\/DSCN0200a-73x55.jpg\" data-big=\"https:\/\/news.ecclesia.org.br\/wp-content\/uploads\/2016\/11\/DSCN0200a.jpg\"><\/a><a href=\"https:\/\/news.ecclesia.org.br\/wp-content\/uploads\/2016\/11\/DSCN0201a.jpg\"><img decoding=\"async\" title=\"dscn0201a\" alt=\"\" src=\"https:\/\/news.ecclesia.org.br\/wp-content\/uploads\/2016\/11\/DSCN0201a-73x55.jpg\" data-big=\"https:\/\/news.ecclesia.org.br\/wp-content\/uploads\/2016\/11\/DSCN0201a.jpg\"><\/a><a href=\"https:\/\/news.ecclesia.org.br\/wp-content\/uploads\/2016\/11\/DSCN0209a.jpg\"><img decoding=\"async\" title=\"dscn0209a\" alt=\"\" src=\"https:\/\/news.ecclesia.org.br\/wp-content\/uploads\/2016\/11\/DSCN0209a-73x55.jpg\" data-big=\"https:\/\/news.ecclesia.org.br\/wp-content\/uploads\/2016\/11\/DSCN0209a.jpg\"><\/a><a href=\"https:\/\/news.ecclesia.org.br\/wp-content\/uploads\/2016\/11\/DSCN0231a.jpg\"><img decoding=\"async\" title=\"dscn0231a\" alt=\"\" src=\"https:\/\/news.ecclesia.org.br\/wp-content\/uploads\/2016\/11\/DSCN0231a-73x55.jpg\" data-big=\"https:\/\/news.ecclesia.org.br\/wp-content\/uploads\/2016\/11\/DSCN0231a.jpg\"><\/a><a href=\"https:\/\/news.ecclesia.org.br\/wp-content\/uploads\/2016\/11\/DSCN0233a.jpg\"><img decoding=\"async\" title=\"dscn0233a\" alt=\"\" src=\"https:\/\/news.ecclesia.org.br\/wp-content\/uploads\/2016\/11\/DSCN0233a-73x55.jpg\" data-big=\"https:\/\/news.ecclesia.org.br\/wp-content\/uploads\/2016\/11\/DSCN0233a.jpg\"><\/a><a href=\"https:\/\/news.ecclesia.org.br\/wp-content\/uploads\/2016\/11\/DSCN0254a.jpg\"><img decoding=\"async\" title=\"dscn0254a\" alt=\"\" src=\"https:\/\/news.ecclesia.org.br\/wp-content\/uploads\/2016\/11\/DSCN0254a-41x55.jpg\" data-big=\"https:\/\/news.ecclesia.org.br\/wp-content\/uploads\/2016\/11\/DSCN0254a.jpg\"><\/a><a href=\"https:\/\/news.ecclesia.org.br\/wp-content\/uploads\/2016\/11\/DSCN0262a.jpg\"><img decoding=\"async\" title=\"dscn0262a\" alt=\"\" src=\"https:\/\/news.ecclesia.org.br\/wp-content\/uploads\/2016\/11\/DSCN0262a-73x55.jpg\" data-big=\"https:\/\/news.ecclesia.org.br\/wp-content\/uploads\/2016\/11\/DSCN0262a.jpg\"><\/a><a href=\"https:\/\/news.ecclesia.org.br\/wp-content\/uploads\/2016\/11\/DSCN0268a.jpg\"><img decoding=\"async\" title=\"dscn0268a\" alt=\"\" src=\"https:\/\/news.ecclesia.org.br\/wp-content\/uploads\/2016\/11\/DSCN0268a-73x55.jpg\" data-big=\"https:\/\/news.ecclesia.org.br\/wp-content\/uploads\/2016\/11\/DSCN0268a.jpg\"><\/a><a href=\"https:\/\/news.ecclesia.org.br\/wp-content\/uploads\/2016\/11\/DSCN0271a.jpg\"><img decoding=\"async\" title=\"dscn0271a\" alt=\"\" src=\"https:\/\/news.ecclesia.org.br\/wp-content\/uploads\/2016\/11\/DSCN0271a-73x55.jpg\" data-big=\"https:\/\/news.ecclesia.org.br\/wp-content\/uploads\/2016\/11\/DSCN0271a.jpg\"><\/a><a href=\"https:\/\/news.ecclesia.org.br\/wp-content\/uploads\/2016\/11\/DSCN0276a.jpg\"><img decoding=\"async\" title=\"dscn0276a\" alt=\"\" src=\"https:\/\/news.ecclesia.org.br\/wp-content\/uploads\/2016\/11\/DSCN0276a-73x55.jpg\" data-big=\"https:\/\/news.ecclesia.org.br\/wp-content\/uploads\/2016\/11\/DSCN0276a.jpg\"><\/a><a href=\"https:\/\/news.ecclesia.org.br\/wp-content\/uploads\/2016\/11\/DSCN0283a.jpg\"><img decoding=\"async\" title=\"dscn0283a\" alt=\"\" src=\"https:\/\/news.ecclesia.org.br\/wp-content\/uploads\/2016\/11\/DSCN0283a-41x55.jpg\" data-big=\"https:\/\/news.ecclesia.org.br\/wp-content\/uploads\/2016\/11\/DSCN0283a.jpg\"><\/a><a href=\"https:\/\/news.ecclesia.org.br\/wp-content\/uploads\/2016\/11\/DSCN0285a.jpg\"><img decoding=\"async\" title=\"dscn0285a\" alt=\"\" src=\"https:\/\/news.ecclesia.org.br\/wp-content\/uploads\/2016\/11\/DSCN0285a-73x55.jpg\" data-big=\"https:\/\/news.ecclesia.org.br\/wp-content\/uploads\/2016\/11\/DSCN0285a.jpg\"><\/a><a href=\"https:\/\/news.ecclesia.org.br\/wp-content\/uploads\/2016\/11\/DSCN0288a.jpg\"><img decoding=\"async\" title=\"dscn0288a\" alt=\"\" src=\"https:\/\/news.ecclesia.org.br\/wp-content\/uploads\/2016\/11\/DSCN0288a-73x55.jpg\" data-big=\"https:\/\/news.ecclesia.org.br\/wp-content\/uploads\/2016\/11\/DSCN0288a.jpg\"><\/a><a href=\"https:\/\/news.ecclesia.org.br\/wp-content\/uploads\/2016\/11\/DSCN0292a.jpg\"><img decoding=\"async\" title=\"dscn0292a\" alt=\"\" src=\"https:\/\/news.ecclesia.org.br\/wp-content\/uploads\/2016\/11\/DSCN0292a-41x55.jpg\" data-big=\"https:\/\/news.ecclesia.org.br\/wp-content\/uploads\/2016\/11\/DSCN0292a.jpg\"><\/a><a href=\"https:\/\/news.ecclesia.org.br\/wp-content\/uploads\/2016\/11\/DSCN0294a.jpg\"><img decoding=\"async\" title=\"dscn0294a\" alt=\"\" src=\"https:\/\/news.ecclesia.org.br\/wp-content\/uploads\/2016\/11\/DSCN0294a-41x55.jpg\" data-big=\"https:\/\/news.ecclesia.org.br\/wp-content\/uploads\/2016\/11\/DSCN0294a.jpg\"><\/a><\/div><\/p>\n<p style=\"text-align: justify;\">Na manh\u00e3 de hoje, quarta-feira, 30 de novembro de 2016, na Igreja Patriarcal de S\u00e3o Jorge, no Fanar em Constantinopla (Istambul), foi celebrada a Divina Liturgia Patriarcal presidida por Sua Santidade Bartolomeu I, Patriarca Ecum\u00eanico, no contexto das comemora\u00e7\u00f5es do Ap\u00f3stolo Santo Andr\u00e9, fundador da Grande Igreja de Cristo, a Igreja de Constantinopla.<\/p>\n<p style=\"text-align: justify;\">Do p\u00falpito, o Bispo Maximus, de Selymbria, falou sobre a import\u00e2ncia da unidade na Igreja e do di\u00e1logo ecum\u00eanico, referindo-se \u00e0s decis\u00f5es do Santo e Grande Conc\u00edlio, no \u00faltimo Pentecostes, na ilha de Creta.<\/p>\n<p style=\"text-align: justify;\">Liderando a delega\u00e7\u00e3o da Santa S\u00e9, o Cardeal Kurt Koch participou das celebra\u00e7\u00f5es no Patriarcado Ecum\u00eanico.<\/p>\n<h3>A mensagem do Papa<\/h3>\n<p style=\"text-align: justify;\">Durante a Divina Liturgia, o cardeal Presidente do Pontif\u00edcio Conselho para a Promo\u00e7\u00e3o da Unidade dos Crist\u00e3os, entregou e leu ao Patriarca uma mensagem assinada pelo Papa Francisco. Para Francisco, as visitas rec\u00edprocas s\u00e3o um \u201csinal vis\u00edvel do profundo elo que une ortodoxos e cat\u00f3licos; e expressam o desejo de uma comunh\u00e3o sempre mais profunda, at\u00e9 o dia em que, segundo os desejos de Deus, testemunharemos o nosso amor m\u00fatuo dividindo a mesma mesa eucar\u00edstica\u201d.<\/p>\n<h3 style=\"text-align: justify;\">Conflitos do passado e di\u00e1logo do presente<\/h3>\n<p style=\"text-align: justify;\">\u201cA hist\u00f3ria das rela\u00e7\u00f5es entre os crist\u00e3os, contudo, foi marcada por conflitos que deixaram marcas na mem\u00f3ria dos fi\u00e9is. Por esta raz\u00e3o, alguns se apegam a atitudes do passado\u201d, constata Francisco na mensagem. \u201cGra\u00e7as ao processo de di\u00e1logo, ao longo das d\u00e9cadas, come\u00e7amos a nos reconhecer como irm\u00e3os, a valorizar nossos dons, a servir a humanidade e a causa da paz, promover a dignidade do ser humano e o valor inestim\u00e1vel da fam\u00edlia; e proteger os mais necessitados, assim como a Cria\u00e7\u00e3o, nossa Casa Comum\u201d.<\/p>\n<h3 style=\"text-align: justify;\">Caminho rumo \u00e0 reconcilia\u00e7\u00e3o entre todos<\/h3>\n<p style=\"text-align: justify;\">O Papa ainda ressaltou a import\u00e2ncia de estudos e documentos recentes, auspiciando a reconcilia\u00e7\u00e3o entre crist\u00e3os do Oriente e do Ocidente, e relembrou o encontro de l\u00edderes crist\u00e3os e de outras tradi\u00e7\u00f5es religiosas em Assis (It\u00e1lia), em 20 de setembro passado. Concluindo, Francisco assegura a Bartolomeu suas ora\u00e7\u00f5es cotidianas e melhores votos de paz, sa\u00fade e b\u00ean\u00e7\u00e3os a todas as pessoas confiadas \u2018a seus cuidados\u2019.<\/p>\n<h3 style=\"text-align: justify;\">Em Roma, na Audi\u00eancia de hoje<\/h3>\n<p style=\"text-align: justify;\">\u201cNo dia de Santo Andr\u00e9, gostaria de cumprimentar a Igreja de Constantinopla e o Patriarca Bartolomeu, na festividade desta \u2018Igreja-irm\u00e3\u2019 \u2013 Pedro e Andr\u00e9, juntos \u2013 e desejar todo o bem poss\u00edvel, todas as b\u00ean\u00e7\u00e3os do Senhor e um grande abra\u00e7o\u201d: Foram as palavras ditas espontaneamente pelo Papa na conclus\u00e3o da audi\u00eancia desta quarta-feira, 30 de novembro.<\/p>\n<p style=\"text-align: center;\"><iframe src=\"https:\/\/www.youtube.com\/embed\/VreKdar3dQk\" width=\"640\" height=\"360\" frameborder=\"0\" allowfullscreen=\"allowfullscreen\"><\/iframe><\/p>\n<p style=\"text-align: center;\">Fotos de: Arcipreste Panagiotis Kapodistrias, do Trono Ecum\u00eanico<br \/>\nFonte: <a href=\"http:\/\/fanarion.blogspot.com.br\/\" target=\"_blank\">Blog Luz do Fanar<\/a>\u00a0| <a href=\"http:\/\/br.radiovaticana.va\/\" target=\"_blank\">R\u00e1dio Vaticano<\/a><\/p>\n","protected":false},"excerpt":{"rendered":"<p>Na manh\u00e3 de hoje, quarta-feira, 30 de novembro de 2016, na Igreja Patriarcal de S\u00e3o Jorge, no Fanar em Constantinopla (Istambul), foi celebrada a Divina Liturgia Patriarcal presidida por Sua Santidade Bartolomeu I, Patriarca Ecum\u00eanico, no contexto das comemora\u00e7\u00f5es do&#8230;<\/p>\n","protected":false},"author":1,"featured_media":22856,"comment_status":"open","ping_status":"open","sticky":false,"template":"","format":"standard","meta":{"_acf_changed":false,"footnotes":""},"categories":[72],"tags":[],"class_list":["post-22836","post","type-post","status-publish","format-standard","has-post-thumbnail","hentry","category-patriarcado-ecumenico","entry","rows-excerpt"],"acf":[],"yoast_head":"<!-- This site is optimized with the Yoast SEO plugin v27.4 - https:\/\/yoast.com\/product\/yoast-seo-wordpress\/ -->\n<title>Constantinopla, a Grande Igreja de Cristo festeja hoje o seu santo patrono, o Ap\u00f3stolo Andr\u00e9 | ECCLESIA NEWS<\/title>\n<meta name=\"robots\" content=\"index, follow, max-snippet:-1, max-image-preview:large, max-video-preview:-1\" \/>\n<link rel=\"canonical\" href=\"https:\/\/news.ecclesia.org.br\/?p=22836\" \/>\n<meta property=\"og:locale\" content=\"pt_BR\" \/>\n<meta property=\"og:type\" content=\"article\" \/>\n<meta property=\"og:title\" content=\"Constantinopla, a Grande Igreja de Cristo festeja hoje o seu santo patrono, o Ap\u00f3stolo Andr\u00e9 | ECCLESIA NEWS\" \/>\n<meta property=\"og:description\" content=\"Na manh\u00e3 de hoje, quarta-feira, 30 de novembro de 2016, na Igreja Patriarcal de S\u00e3o Jorge, no Fanar em Constantinopla (Istambul), foi celebrada a Divina Liturgia Patriarcal presidida por Sua Santidade Bartolomeu I, Patriarca Ecum\u00eanico, no contexto das comemora\u00e7\u00f5es do&#8230;\" \/>\n<meta property=\"og:url\" content=\"https:\/\/news.ecclesia.org.br\/?p=22836\" \/>\n<meta property=\"og:site_name\" content=\"ECCLESIA NEWS\" \/>\n<meta property=\"article:publisher\" content=\"https:\/\/www.facebook.com\/Ecclesia2025\" \/>\n<meta property=\"article:published_time\" content=\"2016-11-30T19:14:18+00:00\" \/>\n<meta property=\"article:modified_time\" content=\"2016-12-01T01:10:36+00:00\" \/>\n<meta property=\"og:image\" content=\"https:\/\/news.ecclesia.org.br\/wp-content\/uploads\/2016\/11\/DSCN0201a.jpg\" \/>\n\t<meta property=\"og:image:width\" content=\"980\" \/>\n\t<meta property=\"og:image:height\" content=\"735\" \/>\n\t<meta property=\"og:image:type\" content=\"image\/jpeg\" \/>\n<meta name=\"author\" content=\"Pe. Andr\u00e9\" \/>\n<meta name=\"twitter:card\" content=\"summary_large_image\" \/>\n<meta name=\"twitter:creator\" content=\"@EcclesiaNews\" \/>\n<meta name=\"twitter:site\" content=\"@EcclesiaNews\" \/>\n<meta name=\"twitter:label1\" content=\"Escrito por\" \/>\n\t<meta name=\"twitter:data1\" content=\"Pe. Andr\u00e9\" \/>\n\t<meta name=\"twitter:label2\" content=\"Est. tempo de leitura\" \/>\n\t<meta name=\"twitter:data2\" content=\"2 minutos\" \/>\n<script type=\"application\/ld+json\" class=\"yoast-schema-graph\">{\"@context\":\"https:\\\/\\\/schema.org\",\"@graph\":[{\"@type\":\"Article\",\"@id\":\"https:\\\/\\\/news.ecclesia.org.br\\\/?p=22836#article\",\"isPartOf\":{\"@id\":\"https:\\\/\\\/news.ecclesia.org.br\\\/?p=22836\"},\"author\":{\"name\":\"Pe. Andr\u00e9\",\"@id\":\"https:\\\/\\\/news.ecclesia.org.br\\\/#\\\/schema\\\/person\\\/6f09597f025829745ba414a569f63758\"},\"headline\":\"Constantinopla, a Grande Igreja de Cristo festeja hoje o seu santo patrono, o Ap\u00f3stolo Andr\u00e9\",\"datePublished\":\"2016-11-30T19:14:18+00:00\",\"dateModified\":\"2016-12-01T01:10:36+00:00\",\"mainEntityOfPage\":{\"@id\":\"https:\\\/\\\/news.ecclesia.org.br\\\/?p=22836\"},\"wordCount\":494,\"commentCount\":0,\"publisher\":{\"@id\":\"https:\\\/\\\/news.ecclesia.org.br\\\/#organization\"},\"image\":{\"@id\":\"https:\\\/\\\/news.ecclesia.org.br\\\/?p=22836#primaryimage\"},\"thumbnailUrl\":\"https:\\\/\\\/news.ecclesia.org.br\\\/wp-content\\\/uploads\\\/2016\\\/11\\\/DSCN0201a.jpg\",\"articleSection\":[\"Patriarcado Ecum\u00eanico\"],\"inLanguage\":\"pt-BR\",\"potentialAction\":[{\"@type\":\"CommentAction\",\"name\":\"Comment\",\"target\":[\"https:\\\/\\\/news.ecclesia.org.br\\\/?p=22836#respond\"]}]},{\"@type\":\"WebPage\",\"@id\":\"https:\\\/\\\/news.ecclesia.org.br\\\/?p=22836\",\"url\":\"https:\\\/\\\/news.ecclesia.org.br\\\/?p=22836\",\"name\":\"Constantinopla, a Grande Igreja de Cristo festeja hoje o seu santo patrono, o Ap\u00f3stolo Andr\u00e9 | ECCLESIA NEWS\",\"isPartOf\":{\"@id\":\"https:\\\/\\\/news.ecclesia.org.br\\\/#website\"},\"primaryImageOfPage\":{\"@id\":\"https:\\\/\\\/news.ecclesia.org.br\\\/?p=22836#primaryimage\"},\"image\":{\"@id\":\"https:\\\/\\\/news.ecclesia.org.br\\\/?p=22836#primaryimage\"},\"thumbnailUrl\":\"https:\\\/\\\/news.ecclesia.org.br\\\/wp-content\\\/uploads\\\/2016\\\/11\\\/DSCN0201a.jpg\",\"datePublished\":\"2016-11-30T19:14:18+00:00\",\"dateModified\":\"2016-12-01T01:10:36+00:00\",\"breadcrumb\":{\"@id\":\"https:\\\/\\\/news.ecclesia.org.br\\\/?p=22836#breadcrumb\"},\"inLanguage\":\"pt-BR\",\"potentialAction\":[{\"@type\":\"ReadAction\",\"target\":[\"https:\\\/\\\/news.ecclesia.org.br\\\/?p=22836\"]}]},{\"@type\":\"ImageObject\",\"inLanguage\":\"pt-BR\",\"@id\":\"https:\\\/\\\/news.ecclesia.org.br\\\/?p=22836#primaryimage\",\"url\":\"https:\\\/\\\/news.ecclesia.org.br\\\/wp-content\\\/uploads\\\/2016\\\/11\\\/DSCN0201a.jpg\",\"contentUrl\":\"https:\\\/\\\/news.ecclesia.org.br\\\/wp-content\\\/uploads\\\/2016\\\/11\\\/DSCN0201a.jpg\",\"width\":980,\"height\":735},{\"@type\":\"BreadcrumbList\",\"@id\":\"https:\\\/\\\/news.ecclesia.org.br\\\/?p=22836#breadcrumb\",\"itemListElement\":[{\"@type\":\"ListItem\",\"position\":1,\"name\":\"In\u00edcio\",\"item\":\"https:\\\/\\\/news.ecclesia.org.br\\\/\"},{\"@type\":\"ListItem\",\"position\":2,\"name\":\"Constantinopla, a Grande Igreja de Cristo festeja hoje o seu santo patrono, o Ap\u00f3stolo Andr\u00e9\"}]},{\"@type\":\"WebSite\",\"@id\":\"https:\\\/\\\/news.ecclesia.org.br\\\/#website\",\"url\":\"https:\\\/\\\/news.ecclesia.org.br\\\/\",\"name\":\"Ecclesia Brasil\",\"description\":\"Desde 2003 onectando o Brasil ao mundo ortodoxo!\",\"publisher\":{\"@id\":\"https:\\\/\\\/news.ecclesia.org.br\\\/#organization\"},\"alternateName\":\"Ecclesia\",\"potentialAction\":[{\"@type\":\"SearchAction\",\"target\":{\"@type\":\"EntryPoint\",\"urlTemplate\":\"https:\\\/\\\/news.ecclesia.org.br\\\/?s={search_term_string}\"},\"query-input\":{\"@type\":\"PropertyValueSpecification\",\"valueRequired\":true,\"valueName\":\"search_term_string\"}}],\"inLanguage\":\"pt-BR\"},{\"@type\":\"Organization\",\"@id\":\"https:\\\/\\\/news.ecclesia.org.br\\\/#organization\",\"name\":\"Sacra Arquidiocese de Buenos Aires e Am\u00e9rica do Sul | Patriarcado Ecum\u00eanico\",\"alternateName\":\"News Ecclesia Brasil\",\"url\":\"https:\\\/\\\/news.ecclesia.org.br\\\/\",\"logo\":{\"@type\":\"ImageObject\",\"inLanguage\":\"pt-BR\",\"@id\":\"https:\\\/\\\/news.ecclesia.org.br\\\/#\\\/schema\\\/logo\\\/image\\\/\",\"url\":\"https:\\\/\\\/news.ecclesia.org.br\\\/wp-content\\\/uploads\\\/2025\\\/05\\\/ecclesia2.png\",\"contentUrl\":\"https:\\\/\\\/news.ecclesia.org.br\\\/wp-content\\\/uploads\\\/2025\\\/05\\\/ecclesia2.png\",\"width\":480,\"height\":120,\"caption\":\"Sacra Arquidiocese de Buenos Aires e Am\u00e9rica do Sul | Patriarcado Ecum\u00eanico\"},\"image\":{\"@id\":\"https:\\\/\\\/news.ecclesia.org.br\\\/#\\\/schema\\\/logo\\\/image\\\/\"},\"sameAs\":[\"https:\\\/\\\/www.facebook.com\\\/Ecclesia2025\",\"https:\\\/\\\/x.com\\\/EcclesiaNews\",\"https:\\\/\\\/br.pinterest.com\\\/ekklisia\\\/\",\"https:\\\/\\\/www.youtube.com\\\/@EcclesiaBrasil\"]},{\"@type\":\"Person\",\"@id\":\"https:\\\/\\\/news.ecclesia.org.br\\\/#\\\/schema\\\/person\\\/6f09597f025829745ba414a569f63758\",\"name\":\"Pe. Andr\u00e9\",\"image\":{\"@type\":\"ImageObject\",\"inLanguage\":\"pt-BR\",\"@id\":\"https:\\\/\\\/secure.gravatar.com\\\/avatar\\\/b4327cfa27e9799da239a26adcd534fc29cdc0c4a4a148eecbcfeb9b42c617ac?s=96&d=mm&r=g\",\"url\":\"https:\\\/\\\/secure.gravatar.com\\\/avatar\\\/b4327cfa27e9799da239a26adcd534fc29cdc0c4a4a148eecbcfeb9b42c617ac?s=96&d=mm&r=g\",\"contentUrl\":\"https:\\\/\\\/secure.gravatar.com\\\/avatar\\\/b4327cfa27e9799da239a26adcd534fc29cdc0c4a4a148eecbcfeb9b42c617ac?s=96&d=mm&r=g\",\"caption\":\"Pe. Andr\u00e9\"},\"sameAs\":[\"https:\\\/\\\/www.ecclesia.org.br\"]}]}<\/script>\n<!-- \/ Yoast SEO plugin. -->","yoast_head_json":{"title":"Constantinopla, a Grande Igreja de Cristo festeja hoje o seu santo patrono, o Ap\u00f3stolo Andr\u00e9 | ECCLESIA NEWS","robots":{"index":"index","follow":"follow","max-snippet":"max-snippet:-1","max-image-preview":"max-image-preview:large","max-video-preview":"max-video-preview:-1"},"canonical":"https:\/\/news.ecclesia.org.br\/?p=22836","og_locale":"pt_BR","og_type":"article","og_title":"Constantinopla, a Grande Igreja de Cristo festeja hoje o seu santo patrono, o Ap\u00f3stolo Andr\u00e9 | ECCLESIA NEWS","og_description":"Na manh\u00e3 de hoje, quarta-feira, 30 de novembro de 2016, na Igreja Patriarcal de S\u00e3o Jorge, no Fanar em Constantinopla (Istambul), foi celebrada a Divina Liturgia Patriarcal presidida por Sua Santidade Bartolomeu I, Patriarca Ecum\u00eanico, no contexto das comemora\u00e7\u00f5es do&#8230;","og_url":"https:\/\/news.ecclesia.org.br\/?p=22836","og_site_name":"ECCLESIA NEWS","article_publisher":"https:\/\/www.facebook.com\/Ecclesia2025","article_published_time":"2016-11-30T19:14:18+00:00","article_modified_time":"2016-12-01T01:10:36+00:00","og_image":[{"width":980,"height":735,"url":"https:\/\/news.ecclesia.org.br\/wp-content\/uploads\/2016\/11\/DSCN0201a.jpg","type":"image\/jpeg"}],"author":"Pe. Andr\u00e9","twitter_card":"summary_large_image","twitter_creator":"@EcclesiaNews","twitter_site":"@EcclesiaNews","twitter_misc":{"Escrito por":"Pe. Andr\u00e9","Est. tempo de leitura":"2 minutos"},"schema":{"@context":"https:\/\/schema.org","@graph":[{"@type":"Article","@id":"https:\/\/news.ecclesia.org.br\/?p=22836#article","isPartOf":{"@id":"https:\/\/news.ecclesia.org.br\/?p=22836"},"author":{"name":"Pe. Andr\u00e9","@id":"https:\/\/news.ecclesia.org.br\/#\/schema\/person\/6f09597f025829745ba414a569f63758"},"headline":"Constantinopla, a Grande Igreja de Cristo festeja hoje o seu santo patrono, o Ap\u00f3stolo Andr\u00e9","datePublished":"2016-11-30T19:14:18+00:00","dateModified":"2016-12-01T01:10:36+00:00","mainEntityOfPage":{"@id":"https:\/\/news.ecclesia.org.br\/?p=22836"},"wordCount":494,"commentCount":0,"publisher":{"@id":"https:\/\/news.ecclesia.org.br\/#organization"},"image":{"@id":"https:\/\/news.ecclesia.org.br\/?p=22836#primaryimage"},"thumbnailUrl":"https:\/\/news.ecclesia.org.br\/wp-content\/uploads\/2016\/11\/DSCN0201a.jpg","articleSection":["Patriarcado Ecum\u00eanico"],"inLanguage":"pt-BR","potentialAction":[{"@type":"CommentAction","name":"Comment","target":["https:\/\/news.ecclesia.org.br\/?p=22836#respond"]}]},{"@type":"WebPage","@id":"https:\/\/news.ecclesia.org.br\/?p=22836","url":"https:\/\/news.ecclesia.org.br\/?p=22836","name":"Constantinopla, a Grande Igreja de Cristo festeja hoje o seu santo patrono, o Ap\u00f3stolo Andr\u00e9 | ECCLESIA NEWS","isPartOf":{"@id":"https:\/\/news.ecclesia.org.br\/#website"},"primaryImageOfPage":{"@id":"https:\/\/news.ecclesia.org.br\/?p=22836#primaryimage"},"image":{"@id":"https:\/\/news.ecclesia.org.br\/?p=22836#primaryimage"},"thumbnailUrl":"https:\/\/news.ecclesia.org.br\/wp-content\/uploads\/2016\/11\/DSCN0201a.jpg","datePublished":"2016-11-30T19:14:18+00:00","dateModified":"2016-12-01T01:10:36+00:00","breadcrumb":{"@id":"https:\/\/news.ecclesia.org.br\/?p=22836#breadcrumb"},"inLanguage":"pt-BR","potentialAction":[{"@type":"ReadAction","target":["https:\/\/news.ecclesia.org.br\/?p=22836"]}]},{"@type":"ImageObject","inLanguage":"pt-BR","@id":"https:\/\/news.ecclesia.org.br\/?p=22836#primaryimage","url":"https:\/\/news.ecclesia.org.br\/wp-content\/uploads\/2016\/11\/DSCN0201a.jpg","contentUrl":"https:\/\/news.ecclesia.org.br\/wp-content\/uploads\/2016\/11\/DSCN0201a.jpg","width":980,"height":735},{"@type":"BreadcrumbList","@id":"https:\/\/news.ecclesia.org.br\/?p=22836#breadcrumb","itemListElement":[{"@type":"ListItem","position":1,"name":"In\u00edcio","item":"https:\/\/news.ecclesia.org.br\/"},{"@type":"ListItem","position":2,"name":"Constantinopla, a Grande Igreja de Cristo festeja hoje o seu santo patrono, o Ap\u00f3stolo Andr\u00e9"}]},{"@type":"WebSite","@id":"https:\/\/news.ecclesia.org.br\/#website","url":"https:\/\/news.ecclesia.org.br\/","name":"Ecclesia Brasil","description":"Desde 2003 onectando o Brasil ao mundo ortodoxo!","publisher":{"@id":"https:\/\/news.ecclesia.org.br\/#organization"},"alternateName":"Ecclesia","potentialAction":[{"@type":"SearchAction","target":{"@type":"EntryPoint","urlTemplate":"https:\/\/news.ecclesia.org.br\/?s={search_term_string}"},"query-input":{"@type":"PropertyValueSpecification","valueRequired":true,"valueName":"search_term_string"}}],"inLanguage":"pt-BR"},{"@type":"Organization","@id":"https:\/\/news.ecclesia.org.br\/#organization","name":"Sacra Arquidiocese de Buenos Aires e Am\u00e9rica do Sul | Patriarcado Ecum\u00eanico","alternateName":"News Ecclesia Brasil","url":"https:\/\/news.ecclesia.org.br\/","logo":{"@type":"ImageObject","inLanguage":"pt-BR","@id":"https:\/\/news.ecclesia.org.br\/#\/schema\/logo\/image\/","url":"https:\/\/news.ecclesia.org.br\/wp-content\/uploads\/2025\/05\/ecclesia2.png","contentUrl":"https:\/\/news.ecclesia.org.br\/wp-content\/uploads\/2025\/05\/ecclesia2.png","width":480,"height":120,"caption":"Sacra Arquidiocese de Buenos Aires e Am\u00e9rica do Sul | Patriarcado Ecum\u00eanico"},"image":{"@id":"https:\/\/news.ecclesia.org.br\/#\/schema\/logo\/image\/"},"sameAs":["https:\/\/www.facebook.com\/Ecclesia2025","https:\/\/x.com\/EcclesiaNews","https:\/\/br.pinterest.com\/ekklisia\/","https:\/\/www.youtube.com\/@EcclesiaBrasil"]},{"@type":"Person","@id":"https:\/\/news.ecclesia.org.br\/#\/schema\/person\/6f09597f025829745ba414a569f63758","name":"Pe. Andr\u00e9","image":{"@type":"ImageObject","inLanguage":"pt-BR","@id":"https:\/\/secure.gravatar.com\/avatar\/b4327cfa27e9799da239a26adcd534fc29cdc0c4a4a148eecbcfeb9b42c617ac?s=96&d=mm&r=g","url":"https:\/\/secure.gravatar.com\/avatar\/b4327cfa27e9799da239a26adcd534fc29cdc0c4a4a148eecbcfeb9b42c617ac?s=96&d=mm&r=g","contentUrl":"https:\/\/secure.gravatar.com\/avatar\/b4327cfa27e9799da239a26adcd534fc29cdc0c4a4a148eecbcfeb9b42c617ac?s=96&d=mm&r=g","caption":"Pe. Andr\u00e9"},"sameAs":["https:\/\/www.ecclesia.org.br"]}]}},"_links":{"self":[{"href":"https:\/\/news.ecclesia.org.br\/index.php?rest_route=\/wp\/v2\/posts\/22836","targetHints":{"allow":["GET"]}}],"collection":[{"href":"https:\/\/news.ecclesia.org.br\/index.php?rest_route=\/wp\/v2\/posts"}],"about":[{"href":"https:\/\/news.ecclesia.org.br\/index.php?rest_route=\/wp\/v2\/types\/post"}],"author":[{"embeddable":true,"href":"https:\/\/news.ecclesia.org.br\/index.php?rest_route=\/wp\/v2\/users\/1"}],"replies":[{"embeddable":true,"href":"https:\/\/news.ecclesia.org.br\/index.php?rest_route=%2Fwp%2Fv2%2Fcomments&post=22836"}],"version-history":[{"count":0,"href":"https:\/\/news.ecclesia.org.br\/index.php?rest_route=\/wp\/v2\/posts\/22836\/revisions"}],"wp:featuredmedia":[{"embeddable":true,"href":"https:\/\/news.ecclesia.org.br\/index.php?rest_route=\/wp\/v2\/media\/22856"}],"wp:attachment":[{"href":"https:\/\/news.ecclesia.org.br\/index.php?rest_route=%2Fwp%2Fv2%2Fmedia&parent=22836"}],"wp:term":[{"taxonomy":"category","embeddable":true,"href":"https:\/\/news.ecclesia.org.br\/index.php?rest_route=%2Fwp%2Fv2%2Fcategories&post=22836"},{"taxonomy":"post_tag","embeddable":true,"href":"https:\/\/news.ecclesia.org.br\/index.php?rest_route=%2Fwp%2Fv2%2Ftags&post=22836"}],"curies":[{"name":"wp","href":"https:\/\/api.w.org\/{rel}","templated":true}]}}