{"id":22649,"date":"2016-11-26T13:25:59","date_gmt":"2016-11-26T15:25:59","guid":{"rendered":"https:\/\/news.ecclesia.org.br\/2013\/?p=22649"},"modified":"2023-09-16T07:17:34","modified_gmt":"2023-09-16T10:17:34","slug":"25-de-novembro-comemoracao-da-santa-e-grande-martir-catarina-de-de-alexandria","status":"publish","type":"post","link":"https:\/\/news.ecclesia.org.br\/?p=22649","title":{"rendered":"Festa da Santa e Grande M\u00e1rtir Catarina de Alexandria em Bucareste (Rom\u00eania)"},"content":{"rendered":"<h3><\/h3>\n<p style=\"text-align: justify;\">Centenas de fi\u00e9is e estudantes de teologia participaram ontem, sexta-feira, 25 de novembro, na Divina Liturgia celebrada na festa desta que \u00e9 a padroeira da capela da Faculdade de Teologia de Bucareste. A liturgia foi presidida por pelo vig\u00e1rio patriarcal, o bispo Dom Varlaam Ploie\u015fteanul, assistido por uma sinaxis de sacerdotes e di\u00e1conos. Finalmente foram aben\u00e7oados os novos sinos, que completam a renova\u00e7\u00e3o da Igreja. Muitos fi\u00e9is ortodoxos de Bucareste e regi\u00e3o veneram, desde ontem \u00e0 tarde, as rel\u00edquias da Santa e Grande M\u00e1rtir Catarina, expostas no baldaquino colocado diante da Igreja.<\/p>\n<div id=\"galleria-22649\"><a href=\"https:\/\/news.ecclesia.org.br\/wp-content\/uploads\/2016\/11\/monte-sinai3-1024x682.jpg\"><img decoding=\"async\" title=\"monte-sinai3\" alt=\"\" src=\"https:\/\/news.ecclesia.org.br\/wp-content\/uploads\/2016\/11\/monte-sinai3-83x55.jpg\" data-big=\"https:\/\/news.ecclesia.org.br\/wp-content\/uploads\/2016\/11\/monte-sinai3-1024x682.jpg\"><\/a><a href=\"https:\/\/news.ecclesia.org.br\/wp-content\/uploads\/2016\/11\/001-2.jpg\"><img decoding=\"async\" title=\"001\" alt=\"\" src=\"https:\/\/news.ecclesia.org.br\/wp-content\/uploads\/2016\/11\/001-2-67x55.jpg\" data-big=\"https:\/\/news.ecclesia.org.br\/wp-content\/uploads\/2016\/11\/001-2.jpg\"><\/a><a href=\"https:\/\/news.ecclesia.org.br\/wp-content\/uploads\/2016\/11\/002-1-1024x682.jpg\"><img decoding=\"async\" title=\"002\" alt=\"\" src=\"https:\/\/news.ecclesia.org.br\/wp-content\/uploads\/2016\/11\/002-1-83x55.jpg\" data-big=\"https:\/\/news.ecclesia.org.br\/wp-content\/uploads\/2016\/11\/002-1-1024x682.jpg\"><\/a><a href=\"https:\/\/news.ecclesia.org.br\/wp-content\/uploads\/2016\/11\/003-2-1024x682.jpg\"><img decoding=\"async\" title=\"003\" alt=\"\" src=\"https:\/\/news.ecclesia.org.br\/wp-content\/uploads\/2016\/11\/003-2-83x55.jpg\" data-big=\"https:\/\/news.ecclesia.org.br\/wp-content\/uploads\/2016\/11\/003-2-1024x682.jpg\"><\/a><a href=\"https:\/\/news.ecclesia.org.br\/wp-content\/uploads\/2016\/11\/005-2-1024x706.jpg\"><img decoding=\"async\" title=\"005\" alt=\"\" src=\"https:\/\/news.ecclesia.org.br\/wp-content\/uploads\/2016\/11\/005-2-80x55.jpg\" data-big=\"https:\/\/news.ecclesia.org.br\/wp-content\/uploads\/2016\/11\/005-2-1024x706.jpg\"><\/a><a href=\"https:\/\/news.ecclesia.org.br\/wp-content\/uploads\/2016\/11\/006-2.jpg\"><img decoding=\"async\" title=\"006\" alt=\"\" src=\"https:\/\/news.ecclesia.org.br\/wp-content\/uploads\/2016\/11\/006-2-68x55.jpg\" data-big=\"https:\/\/news.ecclesia.org.br\/wp-content\/uploads\/2016\/11\/006-2.jpg\"><\/a><a href=\"https:\/\/news.ecclesia.org.br\/wp-content\/uploads\/2016\/11\/007-2.jpg\"><img decoding=\"async\" title=\"007\" alt=\"\" src=\"https:\/\/news.ecclesia.org.br\/wp-content\/uploads\/2016\/11\/007-2-37x55.jpg\" data-big=\"https:\/\/news.ecclesia.org.br\/wp-content\/uploads\/2016\/11\/007-2.jpg\"><\/a><a href=\"https:\/\/news.ecclesia.org.br\/wp-content\/uploads\/2016\/11\/008-2-1024x682.jpg\"><img decoding=\"async\" title=\"008\" alt=\"\" src=\"https:\/\/news.ecclesia.org.br\/wp-content\/uploads\/2016\/11\/008-2-83x55.jpg\" data-big=\"https:\/\/news.ecclesia.org.br\/wp-content\/uploads\/2016\/11\/008-2-1024x682.jpg\"><\/a><a href=\"https:\/\/news.ecclesia.org.br\/wp-content\/uploads\/2016\/11\/010-2-1024x682.jpg\"><img decoding=\"async\" title=\"010\" alt=\"\" src=\"https:\/\/news.ecclesia.org.br\/wp-content\/uploads\/2016\/11\/010-2-83x55.jpg\" data-big=\"https:\/\/news.ecclesia.org.br\/wp-content\/uploads\/2016\/11\/010-2-1024x682.jpg\"><\/a><a href=\"https:\/\/news.ecclesia.org.br\/wp-content\/uploads\/2016\/11\/011-2-1024x682.jpg\"><img decoding=\"async\" title=\"011\" alt=\"\" src=\"https:\/\/news.ecclesia.org.br\/wp-content\/uploads\/2016\/11\/011-2-83x55.jpg\" data-big=\"https:\/\/news.ecclesia.org.br\/wp-content\/uploads\/2016\/11\/011-2-1024x682.jpg\"><\/a><\/div>\n<h3><strong>Ora\u00e7\u00e3o \u00e0\u00a0Santa e Grande M\u00e1rtir, Catarina de de Alexandria.<\/strong><\/h3>\n<blockquote>\n<p style=\"text-align: justify;\">\u00d3 Santa Grande, m\u00e1rtir Catarina!<br \/>\nVaso escolhido de pureza,<br \/>\npilar da Ortodoxia,<br \/>\nintercessora nossa de digna alegria,<br \/>\nlutadora da verdade,<br \/>\nque dormes o sono dos santos na santa Montanha.<br \/>\nPois que te revelaste<br \/>\nat\u00e9 mesmo aos crist\u00e3os que jamais te imploraram,<br \/>\nsuplicamos com sinceridade:<br \/>\nvolta teu olhar do alto,<br \/>\ne escuta a voz das nossas s\u00faplicas,<br \/>\ns\u00ea misericordiosamente atenta \u00e0 nossa desgra\u00e7a,<br \/>\nn\u00f3s que somos pecadores,<br \/>\nvisita a escurid\u00e3o de nossa mente,<br \/>\nfaz-nos que o nosso pensamento<br \/>\nsuba das coisas terrenas \u00e0s celestiais.<br \/>\nPor tuas intercess\u00f5es,<br \/>\nn\u00e3o demore-nos o teu aux\u00edlio<br \/>\npara que possamos vencer os desejos da carne,<br \/>\no nosso apego apaixonado ao mundo<br \/>\ne as artimanhas dos esp\u00edritos malignos<br \/>\nque maliciosamente pelejam contra n\u00f3s;<br \/>\nque, por tua intercess\u00e3o<br \/>\nsejamos dignos de sermos libertos de seus assaltos insidiosos<br \/>\nnos dias desta vida<br \/>\ne dos ataques espirituais depois de nossa partida.<br \/>\n\u00d3 Sapient\u00edssima virgem,<br \/>\nconcede-nos tudo o que te pedimos para nosso benef\u00edcio,<br \/>\npois a ti \u00e9 permitido interceder por n\u00f3s<br \/>\ndiante de seu amado noivo, o Cristo nosso Deus.<br \/>\nSabemos que a ora\u00e7\u00e3o do justo tem grande poder<br \/>\nquando atua de forma conjunta<br \/>\ncom a bondade de nosso misericordioso Deus,<br \/>\na quem seja a gl\u00f3ria, a honra e a a\u00e7\u00e3o de gra\u00e7as,<br \/>\npelos s\u00e9culos dos s\u00e9culos. Am\u00e9m.<\/p>\n<\/blockquote>\n<div id=\"galleria-22649\"><a href=\"https:\/\/news.ecclesia.org.br\/wp-content\/uploads\/2016\/11\/monte-sinai.jpg\"><img decoding=\"async\" title=\"monte-sinai\" alt=\"\" src=\"https:\/\/news.ecclesia.org.br\/wp-content\/uploads\/2016\/11\/monte-sinai-83x55.jpg\" data-big=\"https:\/\/news.ecclesia.org.br\/wp-content\/uploads\/2016\/11\/monte-sinai.jpg\"><\/a><a href=\"https:\/\/news.ecclesia.org.br\/wp-content\/uploads\/2016\/11\/monte-sinai1.jpg\"><img decoding=\"async\" title=\"monte-sinai1\" alt=\"\" src=\"https:\/\/news.ecclesia.org.br\/wp-content\/uploads\/2016\/11\/monte-sinai1-73x55.jpg\" data-big=\"https:\/\/news.ecclesia.org.br\/wp-content\/uploads\/2016\/11\/monte-sinai1.jpg\"><\/a><a href=\"https:\/\/news.ecclesia.org.br\/wp-content\/uploads\/2016\/11\/monte-sinai2-1024x683.jpg\"><img decoding=\"async\" title=\"monte-sinai2\" alt=\"\" src=\"https:\/\/news.ecclesia.org.br\/wp-content\/uploads\/2016\/11\/monte-sinai2-83x55.jpg\" data-big=\"https:\/\/news.ecclesia.org.br\/wp-content\/uploads\/2016\/11\/monte-sinai2-1024x683.jpg\"><\/a><a href=\"https:\/\/news.ecclesia.org.br\/wp-content\/uploads\/2016\/11\/monte-sinai3-1024x682.jpg\"><img decoding=\"async\" title=\"monte-sinai3\" alt=\"\" src=\"https:\/\/news.ecclesia.org.br\/wp-content\/uploads\/2016\/11\/monte-sinai3-83x55.jpg\" data-big=\"https:\/\/news.ecclesia.org.br\/wp-content\/uploads\/2016\/11\/monte-sinai3-1024x682.jpg\"><\/a><a href=\"https:\/\/news.ecclesia.org.br\/wp-content\/uploads\/2016\/11\/monte-sinai4-1024x630.jpg\"><img decoding=\"async\" title=\"monte-sinai4\" alt=\"\" src=\"https:\/\/news.ecclesia.org.br\/wp-content\/uploads\/2016\/11\/monte-sinai4-89x55.jpg\" data-big=\"https:\/\/news.ecclesia.org.br\/wp-content\/uploads\/2016\/11\/monte-sinai4-1024x630.jpg\"><\/a><a href=\"https:\/\/news.ecclesia.org.br\/wp-content\/uploads\/2016\/11\/monte-sinai5.jpg\"><img decoding=\"async\" title=\"monte-sinai5\" alt=\"\" src=\"https:\/\/news.ecclesia.org.br\/wp-content\/uploads\/2016\/11\/monte-sinai5-83x55.jpg\" data-big=\"https:\/\/news.ecclesia.org.br\/wp-content\/uploads\/2016\/11\/monte-sinai5.jpg\"><\/a><a href=\"https:\/\/news.ecclesia.org.br\/wp-content\/uploads\/2016\/11\/monte-sinai6.jpg\"><img decoding=\"async\" title=\"monte-sinai6\" alt=\"\" src=\"https:\/\/news.ecclesia.org.br\/wp-content\/uploads\/2016\/11\/monte-sinai6-83x55.jpg\" data-big=\"https:\/\/news.ecclesia.org.br\/wp-content\/uploads\/2016\/11\/monte-sinai6.jpg\"><\/a><a href=\"https:\/\/news.ecclesia.org.br\/wp-content\/uploads\/2016\/11\/monte-sinai7-1024x682.jpg\"><img decoding=\"async\" title=\"monte-sinai7\" alt=\"\" src=\"https:\/\/news.ecclesia.org.br\/wp-content\/uploads\/2016\/11\/monte-sinai7-83x55.jpg\" data-big=\"https:\/\/news.ecclesia.org.br\/wp-content\/uploads\/2016\/11\/monte-sinai7-1024x682.jpg\"><\/a><a href=\"https:\/\/news.ecclesia.org.br\/wp-content\/uploads\/2016\/11\/monte-sinai8.jpg\"><img decoding=\"async\" title=\"monte-sinai8\" alt=\"\" src=\"https:\/\/news.ecclesia.org.br\/wp-content\/uploads\/2016\/11\/monte-sinai8-73x55.jpg\" data-big=\"https:\/\/news.ecclesia.org.br\/wp-content\/uploads\/2016\/11\/monte-sinai8.jpg\"><\/a><a href=\"https:\/\/news.ecclesia.org.br\/wp-content\/uploads\/2016\/11\/monte-sinai9-1024x679.jpg\"><img decoding=\"async\" title=\"monte-sinai9\" alt=\"\" src=\"https:\/\/news.ecclesia.org.br\/wp-content\/uploads\/2016\/11\/monte-sinai9-83x55.jpg\" data-big=\"https:\/\/news.ecclesia.org.br\/wp-content\/uploads\/2016\/11\/monte-sinai9-1024x679.jpg\"><\/a><a href=\"https:\/\/news.ecclesia.org.br\/wp-content\/uploads\/2016\/11\/monte-sinai10.jpg\"><img decoding=\"async\" title=\"monte-sinai10\" alt=\"\" src=\"https:\/\/news.ecclesia.org.br\/wp-content\/uploads\/2016\/11\/monte-sinai10-37x55.jpg\" data-big=\"https:\/\/news.ecclesia.org.br\/wp-content\/uploads\/2016\/11\/monte-sinai10.jpg\"><\/a><a href=\"https:\/\/news.ecclesia.org.br\/wp-content\/uploads\/2016\/11\/monte-sinai11-1024x682.jpg\"><img decoding=\"async\" title=\"monte-sinai11\" alt=\"\" src=\"https:\/\/news.ecclesia.org.br\/wp-content\/uploads\/2016\/11\/monte-sinai11-83x55.jpg\" data-big=\"https:\/\/news.ecclesia.org.br\/wp-content\/uploads\/2016\/11\/monte-sinai11-1024x682.jpg\"><\/a><a href=\"https:\/\/news.ecclesia.org.br\/wp-content\/uploads\/2016\/11\/monte-sinai12.jpg\"><img decoding=\"async\" title=\"monte-sinai12\" alt=\"\" src=\"https:\/\/news.ecclesia.org.br\/wp-content\/uploads\/2016\/11\/monte-sinai12-73x55.jpg\" data-big=\"https:\/\/news.ecclesia.org.br\/wp-content\/uploads\/2016\/11\/monte-sinai12.jpg\"><\/a><\/div>\n<hr \/>\n<p style=\"text-align: right;\">Imagens e texto: <a href=\"https:\/\/www.facebook.com\/jecamo19?pnref=story\" target=\"_blank\" rel=\"noopener\">Jesus Cano Moreno<br \/>\n<\/a>Traduzido do espanhol por Pe. Andr\u00e9<\/p>\n","protected":false},"excerpt":{"rendered":"<p>Centenas de fi\u00e9is e estudantes de teologia participaram ontem, sexta-feira, 25 de novembro, na Divina Liturgia celebrada na festa desta que \u00e9 a padroeira da capela da Faculdade de Teologia de Bucareste. A liturgia foi presidida por pelo vig\u00e1rio patriarcal,&#8230;<\/p>\n","protected":false},"author":1,"featured_media":22654,"comment_status":"open","ping_status":"open","sticky":false,"template":"","format":"standard","meta":{"_acf_changed":false,"footnotes":""},"categories":[1,2745],"tags":[],"class_list":["post-22649","post","type-post","status-publish","format-standard","has-post-thumbnail","hentry","category-news","category-patriarcado-da-romenia","entry","rows-excerpt"],"acf":[],"yoast_head":"<!-- This site is optimized with the Yoast SEO plugin v27.5 - https:\/\/yoast.com\/product\/yoast-seo-wordpress\/ -->\n<title>Festa da Santa e Grande M\u00e1rtir Catarina de Alexandria em Bucareste (Rom\u00eania) | ECCLESIA NEWS<\/title>\n<meta name=\"robots\" content=\"index, follow, max-snippet:-1, max-image-preview:large, max-video-preview:-1\" \/>\n<link rel=\"canonical\" href=\"https:\/\/news.ecclesia.org.br\/?p=22649\" \/>\n<meta property=\"og:locale\" content=\"pt_BR\" \/>\n<meta property=\"og:type\" content=\"article\" \/>\n<meta property=\"og:title\" content=\"Festa da Santa e Grande M\u00e1rtir Catarina de Alexandria em Bucareste (Rom\u00eania) | ECCLESIA NEWS\" \/>\n<meta property=\"og:description\" content=\"Centenas de fi\u00e9is e estudantes de teologia participaram ontem, sexta-feira, 25 de novembro, na Divina Liturgia celebrada na festa desta que \u00e9 a padroeira da capela da Faculdade de Teologia de Bucareste. A liturgia foi presidida por pelo vig\u00e1rio patriarcal,&#8230;\" \/>\n<meta property=\"og:url\" content=\"https:\/\/news.ecclesia.org.br\/?p=22649\" \/>\n<meta property=\"og:site_name\" content=\"ECCLESIA NEWS\" \/>\n<meta property=\"article:publisher\" content=\"https:\/\/www.facebook.com\/Ecclesia2025\" \/>\n<meta property=\"article:published_time\" content=\"2016-11-26T15:25:59+00:00\" \/>\n<meta property=\"article:modified_time\" content=\"2023-09-16T10:17:34+00:00\" \/>\n<meta property=\"og:image\" content=\"https:\/\/news.ecclesia.org.br\/wp-content\/uploads\/2016\/11\/monte-sinai4.jpg\" \/>\n\t<meta property=\"og:image:width\" content=\"1600\" \/>\n\t<meta property=\"og:image:height\" content=\"985\" \/>\n\t<meta property=\"og:image:type\" content=\"image\/jpeg\" \/>\n<meta name=\"author\" content=\"Pe. Andr\u00e9\" \/>\n<meta name=\"twitter:card\" content=\"summary_large_image\" \/>\n<meta name=\"twitter:creator\" content=\"@EcclesiaNews\" \/>\n<meta name=\"twitter:site\" content=\"@EcclesiaNews\" \/>\n<meta name=\"twitter:label1\" content=\"Escrito por\" \/>\n\t<meta name=\"twitter:data1\" content=\"Pe. Andr\u00e9\" \/>\n\t<meta name=\"twitter:label2\" content=\"Est. tempo de leitura\" \/>\n\t<meta name=\"twitter:data2\" content=\"2 minutos\" \/>\n<script type=\"application\/ld+json\" class=\"yoast-schema-graph\">{\"@context\":\"https:\\\/\\\/schema.org\",\"@graph\":[{\"@type\":\"Article\",\"@id\":\"https:\\\/\\\/news.ecclesia.org.br\\\/?p=22649#article\",\"isPartOf\":{\"@id\":\"https:\\\/\\\/news.ecclesia.org.br\\\/?p=22649\"},\"author\":{\"name\":\"Pe. Andr\u00e9\",\"@id\":\"https:\\\/\\\/news.ecclesia.org.br\\\/#\\\/schema\\\/person\\\/6f09597f025829745ba414a569f63758\"},\"headline\":\"Festa da Santa e Grande M\u00e1rtir Catarina de Alexandria em Bucareste (Rom\u00eania)\",\"datePublished\":\"2016-11-26T15:25:59+00:00\",\"dateModified\":\"2023-09-16T10:17:34+00:00\",\"mainEntityOfPage\":{\"@id\":\"https:\\\/\\\/news.ecclesia.org.br\\\/?p=22649\"},\"wordCount\":370,\"commentCount\":0,\"publisher\":{\"@id\":\"https:\\\/\\\/news.ecclesia.org.br\\\/#organization\"},\"image\":{\"@id\":\"https:\\\/\\\/news.ecclesia.org.br\\\/?p=22649#primaryimage\"},\"thumbnailUrl\":\"https:\\\/\\\/news.ecclesia.org.br\\\/wp-content\\\/uploads\\\/2016\\\/11\\\/monte-sinai4.jpg\",\"articleSection\":[\"NEWS\",\"Patriarcado da Rom\u00eania\"],\"inLanguage\":\"pt-BR\",\"potentialAction\":[{\"@type\":\"CommentAction\",\"name\":\"Comment\",\"target\":[\"https:\\\/\\\/news.ecclesia.org.br\\\/?p=22649#respond\"]}]},{\"@type\":\"WebPage\",\"@id\":\"https:\\\/\\\/news.ecclesia.org.br\\\/?p=22649\",\"url\":\"https:\\\/\\\/news.ecclesia.org.br\\\/?p=22649\",\"name\":\"Festa da Santa e Grande M\u00e1rtir Catarina de Alexandria em Bucareste (Rom\u00eania) | ECCLESIA NEWS\",\"isPartOf\":{\"@id\":\"https:\\\/\\\/news.ecclesia.org.br\\\/#website\"},\"primaryImageOfPage\":{\"@id\":\"https:\\\/\\\/news.ecclesia.org.br\\\/?p=22649#primaryimage\"},\"image\":{\"@id\":\"https:\\\/\\\/news.ecclesia.org.br\\\/?p=22649#primaryimage\"},\"thumbnailUrl\":\"https:\\\/\\\/news.ecclesia.org.br\\\/wp-content\\\/uploads\\\/2016\\\/11\\\/monte-sinai4.jpg\",\"datePublished\":\"2016-11-26T15:25:59+00:00\",\"dateModified\":\"2023-09-16T10:17:34+00:00\",\"breadcrumb\":{\"@id\":\"https:\\\/\\\/news.ecclesia.org.br\\\/?p=22649#breadcrumb\"},\"inLanguage\":\"pt-BR\",\"potentialAction\":[{\"@type\":\"ReadAction\",\"target\":[\"https:\\\/\\\/news.ecclesia.org.br\\\/?p=22649\"]}]},{\"@type\":\"ImageObject\",\"inLanguage\":\"pt-BR\",\"@id\":\"https:\\\/\\\/news.ecclesia.org.br\\\/?p=22649#primaryimage\",\"url\":\"https:\\\/\\\/news.ecclesia.org.br\\\/wp-content\\\/uploads\\\/2016\\\/11\\\/monte-sinai4.jpg\",\"contentUrl\":\"https:\\\/\\\/news.ecclesia.org.br\\\/wp-content\\\/uploads\\\/2016\\\/11\\\/monte-sinai4.jpg\",\"width\":1600,\"height\":985},{\"@type\":\"BreadcrumbList\",\"@id\":\"https:\\\/\\\/news.ecclesia.org.br\\\/?p=22649#breadcrumb\",\"itemListElement\":[{\"@type\":\"ListItem\",\"position\":1,\"name\":\"In\u00edcio\",\"item\":\"https:\\\/\\\/news.ecclesia.org.br\\\/\"},{\"@type\":\"ListItem\",\"position\":2,\"name\":\"Festa da Santa e Grande M\u00e1rtir Catarina de Alexandria em Bucareste (Rom\u00eania)\"}]},{\"@type\":\"WebSite\",\"@id\":\"https:\\\/\\\/news.ecclesia.org.br\\\/#website\",\"url\":\"https:\\\/\\\/news.ecclesia.org.br\\\/\",\"name\":\"Ecclesia Brasil\",\"description\":\"Desde 2003 onectando o Brasil ao mundo ortodoxo!\",\"publisher\":{\"@id\":\"https:\\\/\\\/news.ecclesia.org.br\\\/#organization\"},\"alternateName\":\"Ecclesia\",\"potentialAction\":[{\"@type\":\"SearchAction\",\"target\":{\"@type\":\"EntryPoint\",\"urlTemplate\":\"https:\\\/\\\/news.ecclesia.org.br\\\/?s={search_term_string}\"},\"query-input\":{\"@type\":\"PropertyValueSpecification\",\"valueRequired\":true,\"valueName\":\"search_term_string\"}}],\"inLanguage\":\"pt-BR\"},{\"@type\":\"Organization\",\"@id\":\"https:\\\/\\\/news.ecclesia.org.br\\\/#organization\",\"name\":\"Sacra Arquidiocese de Buenos Aires e Am\u00e9rica do Sul | Patriarcado Ecum\u00eanico\",\"alternateName\":\"News Ecclesia Brasil\",\"url\":\"https:\\\/\\\/news.ecclesia.org.br\\\/\",\"logo\":{\"@type\":\"ImageObject\",\"inLanguage\":\"pt-BR\",\"@id\":\"https:\\\/\\\/news.ecclesia.org.br\\\/#\\\/schema\\\/logo\\\/image\\\/\",\"url\":\"https:\\\/\\\/news.ecclesia.org.br\\\/wp-content\\\/uploads\\\/2025\\\/05\\\/ecclesia2.png\",\"contentUrl\":\"https:\\\/\\\/news.ecclesia.org.br\\\/wp-content\\\/uploads\\\/2025\\\/05\\\/ecclesia2.png\",\"width\":480,\"height\":120,\"caption\":\"Sacra Arquidiocese de Buenos Aires e Am\u00e9rica do Sul | Patriarcado Ecum\u00eanico\"},\"image\":{\"@id\":\"https:\\\/\\\/news.ecclesia.org.br\\\/#\\\/schema\\\/logo\\\/image\\\/\"},\"sameAs\":[\"https:\\\/\\\/www.facebook.com\\\/Ecclesia2025\",\"https:\\\/\\\/x.com\\\/EcclesiaNews\",\"https:\\\/\\\/br.pinterest.com\\\/ekklisia\\\/\",\"https:\\\/\\\/www.youtube.com\\\/@EcclesiaBrasil\"]},{\"@type\":\"Person\",\"@id\":\"https:\\\/\\\/news.ecclesia.org.br\\\/#\\\/schema\\\/person\\\/6f09597f025829745ba414a569f63758\",\"name\":\"Pe. Andr\u00e9\",\"image\":{\"@type\":\"ImageObject\",\"inLanguage\":\"pt-BR\",\"@id\":\"https:\\\/\\\/secure.gravatar.com\\\/avatar\\\/b4327cfa27e9799da239a26adcd534fc29cdc0c4a4a148eecbcfeb9b42c617ac?s=96&d=mm&r=g\",\"url\":\"https:\\\/\\\/secure.gravatar.com\\\/avatar\\\/b4327cfa27e9799da239a26adcd534fc29cdc0c4a4a148eecbcfeb9b42c617ac?s=96&d=mm&r=g\",\"contentUrl\":\"https:\\\/\\\/secure.gravatar.com\\\/avatar\\\/b4327cfa27e9799da239a26adcd534fc29cdc0c4a4a148eecbcfeb9b42c617ac?s=96&d=mm&r=g\",\"caption\":\"Pe. Andr\u00e9\"},\"sameAs\":[\"https:\\\/\\\/www.ecclesia.org.br\"]}]}<\/script>\n<!-- \/ Yoast SEO plugin. -->","yoast_head_json":{"title":"Festa da Santa e Grande M\u00e1rtir Catarina de Alexandria em Bucareste (Rom\u00eania) | ECCLESIA NEWS","robots":{"index":"index","follow":"follow","max-snippet":"max-snippet:-1","max-image-preview":"max-image-preview:large","max-video-preview":"max-video-preview:-1"},"canonical":"https:\/\/news.ecclesia.org.br\/?p=22649","og_locale":"pt_BR","og_type":"article","og_title":"Festa da Santa e Grande M\u00e1rtir Catarina de Alexandria em Bucareste (Rom\u00eania) | ECCLESIA NEWS","og_description":"Centenas de fi\u00e9is e estudantes de teologia participaram ontem, sexta-feira, 25 de novembro, na Divina Liturgia celebrada na festa desta que \u00e9 a padroeira da capela da Faculdade de Teologia de Bucareste. A liturgia foi presidida por pelo vig\u00e1rio patriarcal,&#8230;","og_url":"https:\/\/news.ecclesia.org.br\/?p=22649","og_site_name":"ECCLESIA NEWS","article_publisher":"https:\/\/www.facebook.com\/Ecclesia2025","article_published_time":"2016-11-26T15:25:59+00:00","article_modified_time":"2023-09-16T10:17:34+00:00","og_image":[{"width":1600,"height":985,"url":"https:\/\/news.ecclesia.org.br\/wp-content\/uploads\/2016\/11\/monte-sinai4.jpg","type":"image\/jpeg"}],"author":"Pe. Andr\u00e9","twitter_card":"summary_large_image","twitter_creator":"@EcclesiaNews","twitter_site":"@EcclesiaNews","twitter_misc":{"Escrito por":"Pe. Andr\u00e9","Est. tempo de leitura":"2 minutos"},"schema":{"@context":"https:\/\/schema.org","@graph":[{"@type":"Article","@id":"https:\/\/news.ecclesia.org.br\/?p=22649#article","isPartOf":{"@id":"https:\/\/news.ecclesia.org.br\/?p=22649"},"author":{"name":"Pe. Andr\u00e9","@id":"https:\/\/news.ecclesia.org.br\/#\/schema\/person\/6f09597f025829745ba414a569f63758"},"headline":"Festa da Santa e Grande M\u00e1rtir Catarina de Alexandria em Bucareste (Rom\u00eania)","datePublished":"2016-11-26T15:25:59+00:00","dateModified":"2023-09-16T10:17:34+00:00","mainEntityOfPage":{"@id":"https:\/\/news.ecclesia.org.br\/?p=22649"},"wordCount":370,"commentCount":0,"publisher":{"@id":"https:\/\/news.ecclesia.org.br\/#organization"},"image":{"@id":"https:\/\/news.ecclesia.org.br\/?p=22649#primaryimage"},"thumbnailUrl":"https:\/\/news.ecclesia.org.br\/wp-content\/uploads\/2016\/11\/monte-sinai4.jpg","articleSection":["NEWS","Patriarcado da Rom\u00eania"],"inLanguage":"pt-BR","potentialAction":[{"@type":"CommentAction","name":"Comment","target":["https:\/\/news.ecclesia.org.br\/?p=22649#respond"]}]},{"@type":"WebPage","@id":"https:\/\/news.ecclesia.org.br\/?p=22649","url":"https:\/\/news.ecclesia.org.br\/?p=22649","name":"Festa da Santa e Grande M\u00e1rtir Catarina de Alexandria em Bucareste (Rom\u00eania) | ECCLESIA NEWS","isPartOf":{"@id":"https:\/\/news.ecclesia.org.br\/#website"},"primaryImageOfPage":{"@id":"https:\/\/news.ecclesia.org.br\/?p=22649#primaryimage"},"image":{"@id":"https:\/\/news.ecclesia.org.br\/?p=22649#primaryimage"},"thumbnailUrl":"https:\/\/news.ecclesia.org.br\/wp-content\/uploads\/2016\/11\/monte-sinai4.jpg","datePublished":"2016-11-26T15:25:59+00:00","dateModified":"2023-09-16T10:17:34+00:00","breadcrumb":{"@id":"https:\/\/news.ecclesia.org.br\/?p=22649#breadcrumb"},"inLanguage":"pt-BR","potentialAction":[{"@type":"ReadAction","target":["https:\/\/news.ecclesia.org.br\/?p=22649"]}]},{"@type":"ImageObject","inLanguage":"pt-BR","@id":"https:\/\/news.ecclesia.org.br\/?p=22649#primaryimage","url":"https:\/\/news.ecclesia.org.br\/wp-content\/uploads\/2016\/11\/monte-sinai4.jpg","contentUrl":"https:\/\/news.ecclesia.org.br\/wp-content\/uploads\/2016\/11\/monte-sinai4.jpg","width":1600,"height":985},{"@type":"BreadcrumbList","@id":"https:\/\/news.ecclesia.org.br\/?p=22649#breadcrumb","itemListElement":[{"@type":"ListItem","position":1,"name":"In\u00edcio","item":"https:\/\/news.ecclesia.org.br\/"},{"@type":"ListItem","position":2,"name":"Festa da Santa e Grande M\u00e1rtir Catarina de Alexandria em Bucareste (Rom\u00eania)"}]},{"@type":"WebSite","@id":"https:\/\/news.ecclesia.org.br\/#website","url":"https:\/\/news.ecclesia.org.br\/","name":"Ecclesia Brasil","description":"Desde 2003 onectando o Brasil ao mundo ortodoxo!","publisher":{"@id":"https:\/\/news.ecclesia.org.br\/#organization"},"alternateName":"Ecclesia","potentialAction":[{"@type":"SearchAction","target":{"@type":"EntryPoint","urlTemplate":"https:\/\/news.ecclesia.org.br\/?s={search_term_string}"},"query-input":{"@type":"PropertyValueSpecification","valueRequired":true,"valueName":"search_term_string"}}],"inLanguage":"pt-BR"},{"@type":"Organization","@id":"https:\/\/news.ecclesia.org.br\/#organization","name":"Sacra Arquidiocese de Buenos Aires e Am\u00e9rica do Sul | Patriarcado Ecum\u00eanico","alternateName":"News Ecclesia Brasil","url":"https:\/\/news.ecclesia.org.br\/","logo":{"@type":"ImageObject","inLanguage":"pt-BR","@id":"https:\/\/news.ecclesia.org.br\/#\/schema\/logo\/image\/","url":"https:\/\/news.ecclesia.org.br\/wp-content\/uploads\/2025\/05\/ecclesia2.png","contentUrl":"https:\/\/news.ecclesia.org.br\/wp-content\/uploads\/2025\/05\/ecclesia2.png","width":480,"height":120,"caption":"Sacra Arquidiocese de Buenos Aires e Am\u00e9rica do Sul | Patriarcado Ecum\u00eanico"},"image":{"@id":"https:\/\/news.ecclesia.org.br\/#\/schema\/logo\/image\/"},"sameAs":["https:\/\/www.facebook.com\/Ecclesia2025","https:\/\/x.com\/EcclesiaNews","https:\/\/br.pinterest.com\/ekklisia\/","https:\/\/www.youtube.com\/@EcclesiaBrasil"]},{"@type":"Person","@id":"https:\/\/news.ecclesia.org.br\/#\/schema\/person\/6f09597f025829745ba414a569f63758","name":"Pe. Andr\u00e9","image":{"@type":"ImageObject","inLanguage":"pt-BR","@id":"https:\/\/secure.gravatar.com\/avatar\/b4327cfa27e9799da239a26adcd534fc29cdc0c4a4a148eecbcfeb9b42c617ac?s=96&d=mm&r=g","url":"https:\/\/secure.gravatar.com\/avatar\/b4327cfa27e9799da239a26adcd534fc29cdc0c4a4a148eecbcfeb9b42c617ac?s=96&d=mm&r=g","contentUrl":"https:\/\/secure.gravatar.com\/avatar\/b4327cfa27e9799da239a26adcd534fc29cdc0c4a4a148eecbcfeb9b42c617ac?s=96&d=mm&r=g","caption":"Pe. Andr\u00e9"},"sameAs":["https:\/\/www.ecclesia.org.br"]}]}},"_links":{"self":[{"href":"https:\/\/news.ecclesia.org.br\/index.php?rest_route=\/wp\/v2\/posts\/22649","targetHints":{"allow":["GET"]}}],"collection":[{"href":"https:\/\/news.ecclesia.org.br\/index.php?rest_route=\/wp\/v2\/posts"}],"about":[{"href":"https:\/\/news.ecclesia.org.br\/index.php?rest_route=\/wp\/v2\/types\/post"}],"author":[{"embeddable":true,"href":"https:\/\/news.ecclesia.org.br\/index.php?rest_route=\/wp\/v2\/users\/1"}],"replies":[{"embeddable":true,"href":"https:\/\/news.ecclesia.org.br\/index.php?rest_route=%2Fwp%2Fv2%2Fcomments&post=22649"}],"version-history":[{"count":1,"href":"https:\/\/news.ecclesia.org.br\/index.php?rest_route=\/wp\/v2\/posts\/22649\/revisions"}],"predecessor-version":[{"id":46036,"href":"https:\/\/news.ecclesia.org.br\/index.php?rest_route=\/wp\/v2\/posts\/22649\/revisions\/46036"}],"wp:featuredmedia":[{"embeddable":true,"href":"https:\/\/news.ecclesia.org.br\/index.php?rest_route=\/wp\/v2\/media\/22654"}],"wp:attachment":[{"href":"https:\/\/news.ecclesia.org.br\/index.php?rest_route=%2Fwp%2Fv2%2Fmedia&parent=22649"}],"wp:term":[{"taxonomy":"category","embeddable":true,"href":"https:\/\/news.ecclesia.org.br\/index.php?rest_route=%2Fwp%2Fv2%2Fcategories&post=22649"},{"taxonomy":"post_tag","embeddable":true,"href":"https:\/\/news.ecclesia.org.br\/index.php?rest_route=%2Fwp%2Fv2%2Ftags&post=22649"}],"curies":[{"name":"wp","href":"https:\/\/api.w.org\/{rel}","templated":true}]}}