{"id":22612,"date":"2016-11-25T18:34:14","date_gmt":"2016-11-25T18:34:14","guid":{"rendered":"https:\/\/news.ecclesia.org.br\/2013\/?p=22612"},"modified":"2016-11-26T12:09:47","modified_gmt":"2016-11-26T12:09:47","slug":"25112016-divina-liturgia-nas-comemoracoes-de-santa-catarina-de-alexandria","status":"publish","type":"post","link":"https:\/\/news.ecclesia.org.br\/?p=22612","title":{"rendered":"25\/11\/2016: A Divina Liturgia nas comemora\u00e7\u00f5es de Santa Catarina de Alexandria, em Florian\u00f3polis"},"content":{"rendered":"<figure id=\"attachment_22634\" aria-describedby=\"caption-attachment-22634\" style=\"width: 224px\" class=\"wp-caption alignleft\"><a href=\"https:\/\/news.ecclesia.org.br\/2013\/wp-content\/uploads\/2016\/11\/d-catarina.jpg\"><img fetchpriority=\"high\" decoding=\"async\" class=\"size-medium wp-image-22634\" src=\"https:\/\/news.ecclesia.org.br\/2013\/wp-content\/uploads\/2016\/11\/d-catarina-224x300.jpg\" alt=\"D. Catarina Ap\u00f3stolo Kosmos Comninos, ap\u00f3s ser homenageada pelo Arcebispo por seu onom\u00e1stico\" width=\"224\" height=\"300\" srcset=\"https:\/\/news.ecclesia.org.br\/wp-content\/uploads\/2016\/11\/d-catarina-224x300.jpg 224w, https:\/\/news.ecclesia.org.br\/wp-content\/uploads\/2016\/11\/d-catarina-41x55.jpg 41w, https:\/\/news.ecclesia.org.br\/wp-content\/uploads\/2016\/11\/d-catarina.jpg 292w\" sizes=\"(max-width: 224px) 100vw, 224px\" \/><\/a><figcaption id=\"caption-attachment-22634\" class=\"wp-caption-text\">D. Catarina Ap\u00f3stolo Kosmos Comninos, ap\u00f3s ser homenageada pelo Arcebispo por seu onom\u00e1stico<\/figcaption><\/figure>\n<p style=\"text-align: justify;\">Na manh\u00e3 de hoje, 25 de novembro de 2016, Dia de Santa Catarina de Alexandria, S. Emin\u00eancia Dom Tarasios, Arcebispo Metropolita de Buenos Aires, Primaz e Exarca da Am\u00e9rica do Sul &#8211; Patriarcado Ecum\u00eanico -, ocupou o sacro-trono da Igreja de S\u00e3o Nicolau, de Florian\u00f3polis, de onde conduziu as celebra\u00e7\u00f5es de Matinas e a Divina Liturgia no contexto das celebra\u00e7\u00f5es da festa de nosso padroeira e na presen\u00e7a de suas rel\u00edquias. Concelebraram a Divina Liturgia, acompanhando o p\u00e1roco, Arquimandrita Agathangelos, os hieromonges\u00a0(sacerdotes-monges) Pavlos e Andr\u00e9, da Igreja Ortodoxa S\u00e3o Jo\u00e3o o Te\u00f3logo, de S\u00e3o Jos\u00e9 &#8211; SC e, assistindo o Arcebispo, o Hipodi\u00e1cono grego Stathis Zanakis. No final da Divina Liturgia o Arcebispo, ap\u00f3s homenagear a Sra. Catarina Komninos por seu onom\u00e1stico, presenteando-a com um pingente da Panaghia, dirigiu palavras de agradecimentos aos presentes, ressaltando a import\u00e2ncia desta festa para a Ortodoxia em Florian\u00f3polis e em todo o Brasil e incentivando todos os esfor\u00e7os no sentido de fortalecer esta que j\u00e1 vai se tornando parte de nossa tradi\u00e7\u00e3o. Ao final, distribuiu aos presentes um belo \u00edcone (im\u00e3 de geladeira) de Santa Catarina\u00a0e um kombuskini de pulso.<\/p>\n<p style=\"text-align: center;\"><div id=\"galleria-22612\"><a href=\"https:\/\/news.ecclesia.org.br\/wp-content\/uploads\/2016\/11\/009-2.jpg\"><img decoding=\"async\" title=\"009\" alt=\"\" src=\"https:\/\/news.ecclesia.org.br\/wp-content\/uploads\/2016\/11\/009-2-98x55.jpg\" data-big=\"https:\/\/news.ecclesia.org.br\/wp-content\/uploads\/2016\/11\/009-2.jpg\"><\/a><a href=\"https:\/\/news.ecclesia.org.br\/wp-content\/uploads\/2016\/11\/25112016-2.jpg\"><img decoding=\"async\" title=\"25112016-2\" alt=\"\" src=\"https:\/\/news.ecclesia.org.br\/wp-content\/uploads\/2016\/11\/25112016-2-73x55.jpg\" data-big=\"https:\/\/news.ecclesia.org.br\/wp-content\/uploads\/2016\/11\/25112016-2.jpg\"><\/a><a href=\"https:\/\/news.ecclesia.org.br\/wp-content\/uploads\/2016\/11\/25112016-3.jpg\"><img decoding=\"async\" title=\"25112016-3\" alt=\"\" src=\"https:\/\/news.ecclesia.org.br\/wp-content\/uploads\/2016\/11\/25112016-3-85x55.jpg\" data-big=\"https:\/\/news.ecclesia.org.br\/wp-content\/uploads\/2016\/11\/25112016-3.jpg\"><\/a><a href=\"https:\/\/news.ecclesia.org.br\/wp-content\/uploads\/2016\/11\/25112016-4.jpg\"><img decoding=\"async\" title=\"25112016-4\" alt=\"\" src=\"https:\/\/news.ecclesia.org.br\/wp-content\/uploads\/2016\/11\/25112016-4-73x55.jpg\" data-big=\"https:\/\/news.ecclesia.org.br\/wp-content\/uploads\/2016\/11\/25112016-4.jpg\"><\/a><a href=\"https:\/\/news.ecclesia.org.br\/wp-content\/uploads\/2016\/11\/25112016-5.jpg\"><img decoding=\"async\" title=\"25112016-5\" alt=\"\" src=\"https:\/\/news.ecclesia.org.br\/wp-content\/uploads\/2016\/11\/25112016-5-73x55.jpg\" data-big=\"https:\/\/news.ecclesia.org.br\/wp-content\/uploads\/2016\/11\/25112016-5.jpg\"><\/a><a href=\"https:\/\/news.ecclesia.org.br\/wp-content\/uploads\/2016\/11\/25112016-6.jpg\"><img decoding=\"async\" title=\"25112016-6\" alt=\"\" src=\"https:\/\/news.ecclesia.org.br\/wp-content\/uploads\/2016\/11\/25112016-6-73x55.jpg\" data-big=\"https:\/\/news.ecclesia.org.br\/wp-content\/uploads\/2016\/11\/25112016-6.jpg\"><\/a><a href=\"https:\/\/news.ecclesia.org.br\/wp-content\/uploads\/2016\/11\/25112016-7.jpg\"><img decoding=\"async\" title=\"25112016-7\" alt=\"\" src=\"https:\/\/news.ecclesia.org.br\/wp-content\/uploads\/2016\/11\/25112016-7-73x55.jpg\" data-big=\"https:\/\/news.ecclesia.org.br\/wp-content\/uploads\/2016\/11\/25112016-7.jpg\"><\/a><a href=\"https:\/\/news.ecclesia.org.br\/wp-content\/uploads\/2016\/11\/25112016.jpg\"><img decoding=\"async\" title=\"25112016\" alt=\"\" src=\"https:\/\/news.ecclesia.org.br\/wp-content\/uploads\/2016\/11\/25112016-73x55.jpg\" data-big=\"https:\/\/news.ecclesia.org.br\/wp-content\/uploads\/2016\/11\/25112016.jpg\"><\/a><a href=\"https:\/\/news.ecclesia.org.br\/wp-content\/uploads\/2016\/11\/25012016b-2-768x1024.jpg\"><img decoding=\"async\" title=\"25012016b-2\" alt=\"\" src=\"https:\/\/news.ecclesia.org.br\/wp-content\/uploads\/2016\/11\/25012016b-2-41x55.jpg\" data-big=\"https:\/\/news.ecclesia.org.br\/wp-content\/uploads\/2016\/11\/25012016b-2-768x1024.jpg\"><\/a><a href=\"https:\/\/news.ecclesia.org.br\/wp-content\/uploads\/2016\/11\/25012016b-3-768x1024.jpg\"><img decoding=\"async\" title=\"25012016b-3\" alt=\"\" src=\"https:\/\/news.ecclesia.org.br\/wp-content\/uploads\/2016\/11\/25012016b-3-41x55.jpg\" data-big=\"https:\/\/news.ecclesia.org.br\/wp-content\/uploads\/2016\/11\/25012016b-3-768x1024.jpg\"><\/a><a href=\"https:\/\/news.ecclesia.org.br\/wp-content\/uploads\/2016\/11\/25012016b-4-768x1024.jpg\"><img decoding=\"async\" title=\"25012016b-4\" alt=\"\" src=\"https:\/\/news.ecclesia.org.br\/wp-content\/uploads\/2016\/11\/25012016b-4-41x55.jpg\" data-big=\"https:\/\/news.ecclesia.org.br\/wp-content\/uploads\/2016\/11\/25012016b-4-768x1024.jpg\"><\/a><a href=\"https:\/\/news.ecclesia.org.br\/wp-content\/uploads\/2016\/11\/25012016b-6-768x1024.jpg\"><img decoding=\"async\" title=\"25012016b-6\" alt=\"\" src=\"https:\/\/news.ecclesia.org.br\/wp-content\/uploads\/2016\/11\/25012016b-6-41x55.jpg\" data-big=\"https:\/\/news.ecclesia.org.br\/wp-content\/uploads\/2016\/11\/25012016b-6-768x1024.jpg\"><\/a><a href=\"https:\/\/news.ecclesia.org.br\/wp-content\/uploads\/2016\/11\/25012016b-7-768x1024.jpg\"><img decoding=\"async\" title=\"25012016b-7\" alt=\"\" src=\"https:\/\/news.ecclesia.org.br\/wp-content\/uploads\/2016\/11\/25012016b-7-41x55.jpg\" data-big=\"https:\/\/news.ecclesia.org.br\/wp-content\/uploads\/2016\/11\/25012016b-7-768x1024.jpg\"><\/a><a href=\"https:\/\/news.ecclesia.org.br\/wp-content\/uploads\/2016\/11\/25012016b-8-768x1024.jpg\"><img decoding=\"async\" title=\"25012016b-8\" alt=\"\" src=\"https:\/\/news.ecclesia.org.br\/wp-content\/uploads\/2016\/11\/25012016b-8-41x55.jpg\" data-big=\"https:\/\/news.ecclesia.org.br\/wp-content\/uploads\/2016\/11\/25012016b-8-768x1024.jpg\"><\/a><a href=\"https:\/\/news.ecclesia.org.br\/wp-content\/uploads\/2016\/11\/25012016b-9-1024x768.jpg\"><img decoding=\"async\" title=\"25012016b-9\" alt=\"\" src=\"https:\/\/news.ecclesia.org.br\/wp-content\/uploads\/2016\/11\/25012016b-9-73x55.jpg\" data-big=\"https:\/\/news.ecclesia.org.br\/wp-content\/uploads\/2016\/11\/25012016b-9-1024x768.jpg\"><\/a><a href=\"https:\/\/news.ecclesia.org.br\/wp-content\/uploads\/2016\/11\/25012016b-10-1024x768.jpg\"><img decoding=\"async\" title=\"25012016b-10\" alt=\"\" src=\"https:\/\/news.ecclesia.org.br\/wp-content\/uploads\/2016\/11\/25012016b-10-73x55.jpg\" data-big=\"https:\/\/news.ecclesia.org.br\/wp-content\/uploads\/2016\/11\/25012016b-10-1024x768.jpg\"><\/a><a href=\"https:\/\/news.ecclesia.org.br\/wp-content\/uploads\/2016\/11\/25012016b-11-1024x768.jpg\"><img decoding=\"async\" title=\"25012016b-11\" alt=\"\" src=\"https:\/\/news.ecclesia.org.br\/wp-content\/uploads\/2016\/11\/25012016b-11-73x55.jpg\" data-big=\"https:\/\/news.ecclesia.org.br\/wp-content\/uploads\/2016\/11\/25012016b-11-1024x768.jpg\"><\/a><a href=\"https:\/\/news.ecclesia.org.br\/wp-content\/uploads\/2016\/11\/25012016b-13-1024x768.jpg\"><img decoding=\"async\" title=\"25012016b-13\" alt=\"\" src=\"https:\/\/news.ecclesia.org.br\/wp-content\/uploads\/2016\/11\/25012016b-13-73x55.jpg\" data-big=\"https:\/\/news.ecclesia.org.br\/wp-content\/uploads\/2016\/11\/25012016b-13-1024x768.jpg\"><\/a><a href=\"https:\/\/news.ecclesia.org.br\/wp-content\/uploads\/2016\/11\/d-catarina.jpg\"><img decoding=\"async\" title=\"d-catarina\" alt=\"\" src=\"https:\/\/news.ecclesia.org.br\/wp-content\/uploads\/2016\/11\/d-catarina-41x55.jpg\" data-big=\"https:\/\/news.ecclesia.org.br\/wp-content\/uploads\/2016\/11\/d-catarina.jpg\"><\/a><\/div><\/p>\n<hr \/>\n<p>&nbsp;<\/p>\n<h3 style=\"text-align: center;\"><strong>HOMILIA\u00a0<\/strong>DE S.E.R. DOM TARASIOS,<br \/>\nO ARCEBISPO METROPOLITANO DE BUENOS AIRES<br \/>\nPOR OCASI\u00c3O DA DIVINA LITURGIA NO DIA DA FESTA<br \/>\nDA GRANDE M\u00c1RTIR SANTA CATARINA DE ALEXANDRIA<\/h3>\n<p style=\"text-align: right;\"><em>Florian\u00f3polis, 25 de novembro de 2016<\/em><\/p>\n<p>&nbsp;<\/p>\n<blockquote>\n<p style=\"text-align: justify;\">Sacro Clero,<br \/>\nPiedoso povo de Deus,<br \/>\nQueridos amigos<\/p>\n<p style=\"text-align: justify;\">Hoje celebramos com alegria a festa de Santa Catarina de Alexandria, virgem e m\u00e1rtir. \u00c9 j\u00e1 uma festa tradicional em nossa par\u00f3quia de Florian\u00f3polis e neste estado brasileiro que a honra como sua padroeira. Fazemos isto compartilhando juntos a Divina Liturgia e o \u00e1gape, evocando experi\u00eancias, entoando com vozes vibrantes seu hino apolitikion e buscando imitar o seu exemplo de uma \u201cf\u00e9 decidida\u201d.<\/p>\n<p style=\"text-align: justify;\">Minha gratid\u00e3o a esta par\u00f3quia e a todas as pessoas que aqui vivem e trabalham, que nos abrem suas portas e nos recebem com alegria cada vez que visito esta linda cidade do Sul brasileiro. A Eucaristia, sacramento da piedade, sinal de unidade e v\u00ednculo da caridade, nos congrega em torno do mesmo p\u00e3o e do mesmo c\u00e1lice, corpo e sangue do Te\u00e2ntropo Cristo, fonte da comunh\u00e3o e da fraternidade de nosso presbit\u00e9rio e do povo com o seu Bispo local. Mas hoje n\u00f3s tamb\u00e9m entramos em comunh\u00e3o com Santa Catarina de Alexandria, celebramos a sua mem\u00f3ria, imitamos o seu exemplo e imploramos a sua intercess\u00e3o no c\u00e9u.<\/p>\n<p style=\"text-align: justify;\">O <em>Martirologium Romanum<\/em> informa de maneira breve, mas muito caracteristicamente que: <em>\u201cSanta Catarina, virgem, que, segundo a tradi\u00e7\u00e3o, foi uma virgem de Alexandria dotada, tanto de uma aguda sagacidade e sabedoria, como de fortaleza de \u00e2nimo\u201d.<\/em> Podemos dizer, sem for\u00e7ar muito a realidade das coisas, que Santa Catarina estava enraizada na f\u00e9 da Igreja, tal como se vivia na Alexandria dos s\u00e9culos III e IV. Esta cidade que, na antiguidade, era uma \u201ccidade s\u00edmbolo\u201d da encruzilhada cultural do helenismo. No s\u00e9culo III, S\u00e3o Clemente de Alexandria, assumindo e transformando o ideal educativo do mundo cl\u00e1ssico, apresentava Cristo como o Grande Pedagogo, como o que nos guia para a verdadeira filosofia, que n\u00e3o \u00e9 um mero saber te\u00f3rico, mas uma for\u00e7a de vida que combina conhecimento e amor.<\/p>\n<p style=\"text-align: justify;\">\u00c0 luz da tradi\u00e7\u00e3o, podemos destacar dois aspectos fundamentais da vida de Santa Catarina: a sabedoria e a fortaleza, que correspondem perfeitamente com a dupla condi\u00e7\u00e3o de filosofia e mart\u00edrio. Estas duas notas que, por outra parte, ficam t\u00e3o bem nos sacerdotes, para discernir com sabedoria a vontade de Deus e para ser testemunhas corajosas e alegres da f\u00e9 neste mundo t\u00e3o necessitado disto.<\/p>\n<p style=\"text-align: justify;\">Em rela\u00e7\u00e3o com a sabedoria, o reconhecimento p\u00fablico da f\u00e9 \u2013\u201c<em>homologia\u201d<\/em> \u2013 inclui, como p\u00f5e de manifesto o exemplo de nossa santa, o recurso da raz\u00e3o e a palavra.<\/p>\n<p style=\"text-align: justify;\">No que se refere \u00e0 fortaleza da f\u00e9 decidida, observamos no mundo de hoje uma dram\u00e1tica luta entre o secularismo radical e a f\u00e9 decidida. Hoje celebramos a festa de Santa Catarina, uma mulher de f\u00e9 decidida. Uma mulher buscadora da verdade &#8211; e \u00e9 por isso que, no Ocidente, \u00e9 patrona dos fil\u00f3sofos -, que quando a encontrou em Cristo, deu corajoso testemunho dela com sua palavra, sua vida e tamb\u00e9m com o seu mart\u00edrio.<\/p>\n<p style=\"text-align: justify;\">Os m\u00e1rtires, com o exemplo eloquente e fascinante de uma vida completamente transfigurada pelo esplendor da verdade sobrenatural, iluminam cada \u00e9poca da hist\u00f3ria, despertando o sentido espiritual mais v\u00edvido. Testemunhando o bem, representam uma reprova\u00e7\u00e3o viva a quantos transgridam a verdade, fazendo ressoar com permanente atualidade as palavras do profeta: <em>\u201cAi dos que ao mal chamam bem, e ao bem mal; que fazem das trevas luz, e da luz trevas; e fazem do amargo doce, e do doce amargo!\u201d<\/em> (Is 5, 20).<\/p>\n<p style=\"text-align: justify;\">\u00c9 bom e tamb\u00e9m necess\u00e1rio para todos n\u00f3s, na situa\u00e7\u00e3o em que nos encontramos, fazer mem\u00f3ria dos santos, eles que nos mostram com suas vidas e com suas mortes que \u00e9 poss\u00edvel uma outra forma de viver, que as palavras de Jesus n\u00e3o s\u00e3o uma utopia irrealiz\u00e1vel, que se pode vencer o mal com o bem. Santa Catarina, com a sua vida e com a sua morte, nos ensina que vale a pena buscar a verdade, uma verdade que n\u00e3o \u00e9 apenas uma doutrina ou um ensinamento moral, mas uma Pessoa: Cristo; e, uma vez encontrada esta Verdade, dar testemunho corajoso d\u2019Ela.<\/p>\n<p style=\"text-align: justify;\">Amados filhos e filhas,<\/p>\n<p style=\"text-align: justify;\">Que o exemplo de Santa Catarina mexa com nossa mediocridade e medo, mostrando-nos que a vida \u00e9 para ser vivida plenamente e com sentido; que, o que alcan\u00e7a a vit\u00f3ria final e o pr\u00eamio \u00e9 p\u00f4r-se ao lado da verdade, e n\u00e3o da conveni\u00eancia e do \u201cpoliticamente correto\u201d.<\/p>\n<p style=\"text-align: justify;\">Embora vivamos neste mundo, n\u00e3o pertencemos a este mundo (Jo 15, 19; 17,11 e 16). O mundo \u00e9 cria\u00e7\u00e3o de Deus e manifesta\u00e7\u00e3o do seu amor. Em Jesus Cristo e atrav\u00e9s dele recebemos a salva\u00e7\u00e3o de Deus e nos tornamos capazes de discernir o avan\u00e7o de sua cria\u00e7\u00e3o. Jesus nos abre as portas do novo para que, sem medo, possamos abra\u00e7ar com amor as feridas da Igreja e do mundo. Em nosso tempo atual, que manifestam os aspectos mais dif\u00edceis e complexos, como no passado, quando ainda \u00e9ramos o \u201cpequeno rebanho\u201d (Lc 12, 32), ofere\u00e7amos o testemunho da mensagem de salva\u00e7\u00e3o do Evangelho e sejamos sal da terra e luz de um mundo novo (cf. Mt 5, 15-16).<\/p>\n<p style=\"text-align: justify;\">Que a Divina Liturgia que celebramos nos leve \u00e0 a\u00e7\u00e3o de gra\u00e7as ao Pai, que glorificou Santa Catarina de Alexandria, e que Ele nos conceda, por sua intercess\u00e3o, a fortaleza para testemunhar a sua Verdade neste mundo. E que a sua sabedoria e for\u00e7a nos leve a fazer uma experi\u00eancia profunda de Deus, e a sermos fortes e alegres testemunhas de Cristo na pr\u00e1tica di\u00e1ria de nossa f\u00e9 crist\u00e3. Am\u00e9m.<\/p>\n<\/blockquote>\n<p>&nbsp;<\/p>\n","protected":false},"excerpt":{"rendered":"<p>Na manh\u00e3 de hoje, 25 de novembro de 2016, Dia de Santa Catarina de Alexandria, S. Emin\u00eancia Dom Tarasios, Arcebispo Metropolita de Buenos Aires, Primaz e Exarca da Am\u00e9rica do Sul &#8211; Patriarcado Ecum\u00eanico -, ocupou o sacro-trono da Igreja&#8230;<\/p>\n","protected":false},"author":1,"featured_media":22631,"comment_status":"open","ping_status":"open","sticky":false,"template":"","format":"standard","meta":{"_acf_changed":false,"footnotes":""},"categories":[40],"tags":[],"class_list":["post-22612","post","type-post","status-publish","format-standard","has-post-thumbnail","hentry","category-arquidiocese-de-buenos-aires-e-america-do-sul","entry","rows-excerpt"],"acf":[],"yoast_head":"<!-- This site is optimized with the Yoast SEO plugin v27.5 - https:\/\/yoast.com\/product\/yoast-seo-wordpress\/ -->\n<title>25\/11\/2016: A Divina Liturgia nas comemora\u00e7\u00f5es de Santa Catarina de Alexandria, em Florian\u00f3polis | ECCLESIA NEWS<\/title>\n<meta name=\"robots\" content=\"index, follow, max-snippet:-1, max-image-preview:large, max-video-preview:-1\" \/>\n<link rel=\"canonical\" href=\"https:\/\/news.ecclesia.org.br\/?p=22612\" \/>\n<meta property=\"og:locale\" content=\"pt_BR\" \/>\n<meta property=\"og:type\" content=\"article\" \/>\n<meta property=\"og:title\" content=\"25\/11\/2016: A Divina Liturgia nas comemora\u00e7\u00f5es de Santa Catarina de Alexandria, em Florian\u00f3polis | ECCLESIA NEWS\" \/>\n<meta property=\"og:description\" content=\"Na manh\u00e3 de hoje, 25 de novembro de 2016, Dia de Santa Catarina de Alexandria, S. Emin\u00eancia Dom Tarasios, Arcebispo Metropolita de Buenos Aires, Primaz e Exarca da Am\u00e9rica do Sul &#8211; Patriarcado Ecum\u00eanico -, ocupou o sacro-trono da Igreja&#8230;\" \/>\n<meta property=\"og:url\" content=\"https:\/\/news.ecclesia.org.br\/?p=22612\" \/>\n<meta property=\"og:site_name\" content=\"ECCLESIA NEWS\" \/>\n<meta property=\"article:publisher\" content=\"https:\/\/www.facebook.com\/Ecclesia2025\" \/>\n<meta property=\"article:published_time\" content=\"2016-11-25T18:34:14+00:00\" \/>\n<meta property=\"article:modified_time\" content=\"2016-11-26T12:09:47+00:00\" \/>\n<meta property=\"og:image\" content=\"https:\/\/news.ecclesia.org.br\/wp-content\/uploads\/2016\/11\/25012016b-11.jpg\" \/>\n\t<meta property=\"og:image:width\" content=\"1280\" \/>\n\t<meta property=\"og:image:height\" content=\"960\" \/>\n\t<meta property=\"og:image:type\" content=\"image\/jpeg\" \/>\n<meta name=\"author\" content=\"Pe. Andr\u00e9\" \/>\n<meta name=\"twitter:card\" content=\"summary_large_image\" \/>\n<meta name=\"twitter:creator\" content=\"@EcclesiaNews\" \/>\n<meta name=\"twitter:site\" content=\"@EcclesiaNews\" \/>\n<meta name=\"twitter:label1\" content=\"Escrito por\" \/>\n\t<meta name=\"twitter:data1\" content=\"Pe. Andr\u00e9\" \/>\n\t<meta name=\"twitter:label2\" content=\"Est. tempo de leitura\" \/>\n\t<meta name=\"twitter:data2\" content=\"6 minutos\" \/>\n<script type=\"application\/ld+json\" class=\"yoast-schema-graph\">{\"@context\":\"https:\\\/\\\/schema.org\",\"@graph\":[{\"@type\":\"Article\",\"@id\":\"https:\\\/\\\/news.ecclesia.org.br\\\/?p=22612#article\",\"isPartOf\":{\"@id\":\"https:\\\/\\\/news.ecclesia.org.br\\\/?p=22612\"},\"author\":{\"name\":\"Pe. Andr\u00e9\",\"@id\":\"https:\\\/\\\/news.ecclesia.org.br\\\/#\\\/schema\\\/person\\\/6f09597f025829745ba414a569f63758\"},\"headline\":\"25\\\/11\\\/2016: A Divina Liturgia nas comemora\u00e7\u00f5es de Santa Catarina de Alexandria, em Florian\u00f3polis\",\"datePublished\":\"2016-11-25T18:34:14+00:00\",\"dateModified\":\"2016-11-26T12:09:47+00:00\",\"mainEntityOfPage\":{\"@id\":\"https:\\\/\\\/news.ecclesia.org.br\\\/?p=22612\"},\"wordCount\":1243,\"commentCount\":0,\"publisher\":{\"@id\":\"https:\\\/\\\/news.ecclesia.org.br\\\/#organization\"},\"image\":{\"@id\":\"https:\\\/\\\/news.ecclesia.org.br\\\/?p=22612#primaryimage\"},\"thumbnailUrl\":\"https:\\\/\\\/news.ecclesia.org.br\\\/wp-content\\\/uploads\\\/2016\\\/11\\\/25012016b-11.jpg\",\"articleSection\":[\"Arquidiocese de Buenos Aires e Am\u00e9rica do Sul\"],\"inLanguage\":\"pt-BR\",\"potentialAction\":[{\"@type\":\"CommentAction\",\"name\":\"Comment\",\"target\":[\"https:\\\/\\\/news.ecclesia.org.br\\\/?p=22612#respond\"]}]},{\"@type\":\"WebPage\",\"@id\":\"https:\\\/\\\/news.ecclesia.org.br\\\/?p=22612\",\"url\":\"https:\\\/\\\/news.ecclesia.org.br\\\/?p=22612\",\"name\":\"25\\\/11\\\/2016: A Divina Liturgia nas comemora\u00e7\u00f5es de Santa Catarina de Alexandria, em Florian\u00f3polis | ECCLESIA NEWS\",\"isPartOf\":{\"@id\":\"https:\\\/\\\/news.ecclesia.org.br\\\/#website\"},\"primaryImageOfPage\":{\"@id\":\"https:\\\/\\\/news.ecclesia.org.br\\\/?p=22612#primaryimage\"},\"image\":{\"@id\":\"https:\\\/\\\/news.ecclesia.org.br\\\/?p=22612#primaryimage\"},\"thumbnailUrl\":\"https:\\\/\\\/news.ecclesia.org.br\\\/wp-content\\\/uploads\\\/2016\\\/11\\\/25012016b-11.jpg\",\"datePublished\":\"2016-11-25T18:34:14+00:00\",\"dateModified\":\"2016-11-26T12:09:47+00:00\",\"breadcrumb\":{\"@id\":\"https:\\\/\\\/news.ecclesia.org.br\\\/?p=22612#breadcrumb\"},\"inLanguage\":\"pt-BR\",\"potentialAction\":[{\"@type\":\"ReadAction\",\"target\":[\"https:\\\/\\\/news.ecclesia.org.br\\\/?p=22612\"]}]},{\"@type\":\"ImageObject\",\"inLanguage\":\"pt-BR\",\"@id\":\"https:\\\/\\\/news.ecclesia.org.br\\\/?p=22612#primaryimage\",\"url\":\"https:\\\/\\\/news.ecclesia.org.br\\\/wp-content\\\/uploads\\\/2016\\\/11\\\/25012016b-11.jpg\",\"contentUrl\":\"https:\\\/\\\/news.ecclesia.org.br\\\/wp-content\\\/uploads\\\/2016\\\/11\\\/25012016b-11.jpg\",\"width\":1280,\"height\":960,\"caption\":\"Foto: Mons. Agathangelos\"},{\"@type\":\"BreadcrumbList\",\"@id\":\"https:\\\/\\\/news.ecclesia.org.br\\\/?p=22612#breadcrumb\",\"itemListElement\":[{\"@type\":\"ListItem\",\"position\":1,\"name\":\"In\u00edcio\",\"item\":\"https:\\\/\\\/news.ecclesia.org.br\\\/\"},{\"@type\":\"ListItem\",\"position\":2,\"name\":\"25\\\/11\\\/2016: A Divina Liturgia nas comemora\u00e7\u00f5es de Santa Catarina de Alexandria, em Florian\u00f3polis\"}]},{\"@type\":\"WebSite\",\"@id\":\"https:\\\/\\\/news.ecclesia.org.br\\\/#website\",\"url\":\"https:\\\/\\\/news.ecclesia.org.br\\\/\",\"name\":\"Ecclesia Brasil\",\"description\":\"Desde 2003 onectando o Brasil ao mundo ortodoxo!\",\"publisher\":{\"@id\":\"https:\\\/\\\/news.ecclesia.org.br\\\/#organization\"},\"alternateName\":\"Ecclesia\",\"potentialAction\":[{\"@type\":\"SearchAction\",\"target\":{\"@type\":\"EntryPoint\",\"urlTemplate\":\"https:\\\/\\\/news.ecclesia.org.br\\\/?s={search_term_string}\"},\"query-input\":{\"@type\":\"PropertyValueSpecification\",\"valueRequired\":true,\"valueName\":\"search_term_string\"}}],\"inLanguage\":\"pt-BR\"},{\"@type\":\"Organization\",\"@id\":\"https:\\\/\\\/news.ecclesia.org.br\\\/#organization\",\"name\":\"Sacra Arquidiocese de Buenos Aires e Am\u00e9rica do Sul | Patriarcado Ecum\u00eanico\",\"alternateName\":\"News Ecclesia Brasil\",\"url\":\"https:\\\/\\\/news.ecclesia.org.br\\\/\",\"logo\":{\"@type\":\"ImageObject\",\"inLanguage\":\"pt-BR\",\"@id\":\"https:\\\/\\\/news.ecclesia.org.br\\\/#\\\/schema\\\/logo\\\/image\\\/\",\"url\":\"https:\\\/\\\/news.ecclesia.org.br\\\/wp-content\\\/uploads\\\/2025\\\/05\\\/ecclesia2.png\",\"contentUrl\":\"https:\\\/\\\/news.ecclesia.org.br\\\/wp-content\\\/uploads\\\/2025\\\/05\\\/ecclesia2.png\",\"width\":480,\"height\":120,\"caption\":\"Sacra Arquidiocese de Buenos Aires e Am\u00e9rica do Sul | Patriarcado Ecum\u00eanico\"},\"image\":{\"@id\":\"https:\\\/\\\/news.ecclesia.org.br\\\/#\\\/schema\\\/logo\\\/image\\\/\"},\"sameAs\":[\"https:\\\/\\\/www.facebook.com\\\/Ecclesia2025\",\"https:\\\/\\\/x.com\\\/EcclesiaNews\",\"https:\\\/\\\/br.pinterest.com\\\/ekklisia\\\/\",\"https:\\\/\\\/www.youtube.com\\\/@EcclesiaBrasil\"]},{\"@type\":\"Person\",\"@id\":\"https:\\\/\\\/news.ecclesia.org.br\\\/#\\\/schema\\\/person\\\/6f09597f025829745ba414a569f63758\",\"name\":\"Pe. Andr\u00e9\",\"image\":{\"@type\":\"ImageObject\",\"inLanguage\":\"pt-BR\",\"@id\":\"https:\\\/\\\/secure.gravatar.com\\\/avatar\\\/b4327cfa27e9799da239a26adcd534fc29cdc0c4a4a148eecbcfeb9b42c617ac?s=96&d=mm&r=g\",\"url\":\"https:\\\/\\\/secure.gravatar.com\\\/avatar\\\/b4327cfa27e9799da239a26adcd534fc29cdc0c4a4a148eecbcfeb9b42c617ac?s=96&d=mm&r=g\",\"contentUrl\":\"https:\\\/\\\/secure.gravatar.com\\\/avatar\\\/b4327cfa27e9799da239a26adcd534fc29cdc0c4a4a148eecbcfeb9b42c617ac?s=96&d=mm&r=g\",\"caption\":\"Pe. Andr\u00e9\"},\"sameAs\":[\"https:\\\/\\\/www.ecclesia.org.br\"]}]}<\/script>\n<!-- \/ Yoast SEO plugin. -->","yoast_head_json":{"title":"25\/11\/2016: A Divina Liturgia nas comemora\u00e7\u00f5es de Santa Catarina de Alexandria, em Florian\u00f3polis | ECCLESIA NEWS","robots":{"index":"index","follow":"follow","max-snippet":"max-snippet:-1","max-image-preview":"max-image-preview:large","max-video-preview":"max-video-preview:-1"},"canonical":"https:\/\/news.ecclesia.org.br\/?p=22612","og_locale":"pt_BR","og_type":"article","og_title":"25\/11\/2016: A Divina Liturgia nas comemora\u00e7\u00f5es de Santa Catarina de Alexandria, em Florian\u00f3polis | ECCLESIA NEWS","og_description":"Na manh\u00e3 de hoje, 25 de novembro de 2016, Dia de Santa Catarina de Alexandria, S. Emin\u00eancia Dom Tarasios, Arcebispo Metropolita de Buenos Aires, Primaz e Exarca da Am\u00e9rica do Sul &#8211; Patriarcado Ecum\u00eanico -, ocupou o sacro-trono da Igreja&#8230;","og_url":"https:\/\/news.ecclesia.org.br\/?p=22612","og_site_name":"ECCLESIA NEWS","article_publisher":"https:\/\/www.facebook.com\/Ecclesia2025","article_published_time":"2016-11-25T18:34:14+00:00","article_modified_time":"2016-11-26T12:09:47+00:00","og_image":[{"width":1280,"height":960,"url":"https:\/\/news.ecclesia.org.br\/wp-content\/uploads\/2016\/11\/25012016b-11.jpg","type":"image\/jpeg"}],"author":"Pe. Andr\u00e9","twitter_card":"summary_large_image","twitter_creator":"@EcclesiaNews","twitter_site":"@EcclesiaNews","twitter_misc":{"Escrito por":"Pe. Andr\u00e9","Est. tempo de leitura":"6 minutos"},"schema":{"@context":"https:\/\/schema.org","@graph":[{"@type":"Article","@id":"https:\/\/news.ecclesia.org.br\/?p=22612#article","isPartOf":{"@id":"https:\/\/news.ecclesia.org.br\/?p=22612"},"author":{"name":"Pe. Andr\u00e9","@id":"https:\/\/news.ecclesia.org.br\/#\/schema\/person\/6f09597f025829745ba414a569f63758"},"headline":"25\/11\/2016: A Divina Liturgia nas comemora\u00e7\u00f5es de Santa Catarina de Alexandria, em Florian\u00f3polis","datePublished":"2016-11-25T18:34:14+00:00","dateModified":"2016-11-26T12:09:47+00:00","mainEntityOfPage":{"@id":"https:\/\/news.ecclesia.org.br\/?p=22612"},"wordCount":1243,"commentCount":0,"publisher":{"@id":"https:\/\/news.ecclesia.org.br\/#organization"},"image":{"@id":"https:\/\/news.ecclesia.org.br\/?p=22612#primaryimage"},"thumbnailUrl":"https:\/\/news.ecclesia.org.br\/wp-content\/uploads\/2016\/11\/25012016b-11.jpg","articleSection":["Arquidiocese de Buenos Aires e Am\u00e9rica do Sul"],"inLanguage":"pt-BR","potentialAction":[{"@type":"CommentAction","name":"Comment","target":["https:\/\/news.ecclesia.org.br\/?p=22612#respond"]}]},{"@type":"WebPage","@id":"https:\/\/news.ecclesia.org.br\/?p=22612","url":"https:\/\/news.ecclesia.org.br\/?p=22612","name":"25\/11\/2016: A Divina Liturgia nas comemora\u00e7\u00f5es de Santa Catarina de Alexandria, em Florian\u00f3polis | ECCLESIA NEWS","isPartOf":{"@id":"https:\/\/news.ecclesia.org.br\/#website"},"primaryImageOfPage":{"@id":"https:\/\/news.ecclesia.org.br\/?p=22612#primaryimage"},"image":{"@id":"https:\/\/news.ecclesia.org.br\/?p=22612#primaryimage"},"thumbnailUrl":"https:\/\/news.ecclesia.org.br\/wp-content\/uploads\/2016\/11\/25012016b-11.jpg","datePublished":"2016-11-25T18:34:14+00:00","dateModified":"2016-11-26T12:09:47+00:00","breadcrumb":{"@id":"https:\/\/news.ecclesia.org.br\/?p=22612#breadcrumb"},"inLanguage":"pt-BR","potentialAction":[{"@type":"ReadAction","target":["https:\/\/news.ecclesia.org.br\/?p=22612"]}]},{"@type":"ImageObject","inLanguage":"pt-BR","@id":"https:\/\/news.ecclesia.org.br\/?p=22612#primaryimage","url":"https:\/\/news.ecclesia.org.br\/wp-content\/uploads\/2016\/11\/25012016b-11.jpg","contentUrl":"https:\/\/news.ecclesia.org.br\/wp-content\/uploads\/2016\/11\/25012016b-11.jpg","width":1280,"height":960,"caption":"Foto: Mons. Agathangelos"},{"@type":"BreadcrumbList","@id":"https:\/\/news.ecclesia.org.br\/?p=22612#breadcrumb","itemListElement":[{"@type":"ListItem","position":1,"name":"In\u00edcio","item":"https:\/\/news.ecclesia.org.br\/"},{"@type":"ListItem","position":2,"name":"25\/11\/2016: A Divina Liturgia nas comemora\u00e7\u00f5es de Santa Catarina de Alexandria, em Florian\u00f3polis"}]},{"@type":"WebSite","@id":"https:\/\/news.ecclesia.org.br\/#website","url":"https:\/\/news.ecclesia.org.br\/","name":"Ecclesia Brasil","description":"Desde 2003 onectando o Brasil ao mundo ortodoxo!","publisher":{"@id":"https:\/\/news.ecclesia.org.br\/#organization"},"alternateName":"Ecclesia","potentialAction":[{"@type":"SearchAction","target":{"@type":"EntryPoint","urlTemplate":"https:\/\/news.ecclesia.org.br\/?s={search_term_string}"},"query-input":{"@type":"PropertyValueSpecification","valueRequired":true,"valueName":"search_term_string"}}],"inLanguage":"pt-BR"},{"@type":"Organization","@id":"https:\/\/news.ecclesia.org.br\/#organization","name":"Sacra Arquidiocese de Buenos Aires e Am\u00e9rica do Sul | Patriarcado Ecum\u00eanico","alternateName":"News Ecclesia Brasil","url":"https:\/\/news.ecclesia.org.br\/","logo":{"@type":"ImageObject","inLanguage":"pt-BR","@id":"https:\/\/news.ecclesia.org.br\/#\/schema\/logo\/image\/","url":"https:\/\/news.ecclesia.org.br\/wp-content\/uploads\/2025\/05\/ecclesia2.png","contentUrl":"https:\/\/news.ecclesia.org.br\/wp-content\/uploads\/2025\/05\/ecclesia2.png","width":480,"height":120,"caption":"Sacra Arquidiocese de Buenos Aires e Am\u00e9rica do Sul | Patriarcado Ecum\u00eanico"},"image":{"@id":"https:\/\/news.ecclesia.org.br\/#\/schema\/logo\/image\/"},"sameAs":["https:\/\/www.facebook.com\/Ecclesia2025","https:\/\/x.com\/EcclesiaNews","https:\/\/br.pinterest.com\/ekklisia\/","https:\/\/www.youtube.com\/@EcclesiaBrasil"]},{"@type":"Person","@id":"https:\/\/news.ecclesia.org.br\/#\/schema\/person\/6f09597f025829745ba414a569f63758","name":"Pe. Andr\u00e9","image":{"@type":"ImageObject","inLanguage":"pt-BR","@id":"https:\/\/secure.gravatar.com\/avatar\/b4327cfa27e9799da239a26adcd534fc29cdc0c4a4a148eecbcfeb9b42c617ac?s=96&d=mm&r=g","url":"https:\/\/secure.gravatar.com\/avatar\/b4327cfa27e9799da239a26adcd534fc29cdc0c4a4a148eecbcfeb9b42c617ac?s=96&d=mm&r=g","contentUrl":"https:\/\/secure.gravatar.com\/avatar\/b4327cfa27e9799da239a26adcd534fc29cdc0c4a4a148eecbcfeb9b42c617ac?s=96&d=mm&r=g","caption":"Pe. Andr\u00e9"},"sameAs":["https:\/\/www.ecclesia.org.br"]}]}},"_links":{"self":[{"href":"https:\/\/news.ecclesia.org.br\/index.php?rest_route=\/wp\/v2\/posts\/22612","targetHints":{"allow":["GET"]}}],"collection":[{"href":"https:\/\/news.ecclesia.org.br\/index.php?rest_route=\/wp\/v2\/posts"}],"about":[{"href":"https:\/\/news.ecclesia.org.br\/index.php?rest_route=\/wp\/v2\/types\/post"}],"author":[{"embeddable":true,"href":"https:\/\/news.ecclesia.org.br\/index.php?rest_route=\/wp\/v2\/users\/1"}],"replies":[{"embeddable":true,"href":"https:\/\/news.ecclesia.org.br\/index.php?rest_route=%2Fwp%2Fv2%2Fcomments&post=22612"}],"version-history":[{"count":0,"href":"https:\/\/news.ecclesia.org.br\/index.php?rest_route=\/wp\/v2\/posts\/22612\/revisions"}],"wp:featuredmedia":[{"embeddable":true,"href":"https:\/\/news.ecclesia.org.br\/index.php?rest_route=\/wp\/v2\/media\/22631"}],"wp:attachment":[{"href":"https:\/\/news.ecclesia.org.br\/index.php?rest_route=%2Fwp%2Fv2%2Fmedia&parent=22612"}],"wp:term":[{"taxonomy":"category","embeddable":true,"href":"https:\/\/news.ecclesia.org.br\/index.php?rest_route=%2Fwp%2Fv2%2Fcategories&post=22612"},{"taxonomy":"post_tag","embeddable":true,"href":"https:\/\/news.ecclesia.org.br\/index.php?rest_route=%2Fwp%2Fv2%2Ftags&post=22612"}],"curies":[{"name":"wp","href":"https:\/\/api.w.org\/{rel}","templated":true}]}}