{"id":22512,"date":"2016-11-11T16:13:35","date_gmt":"2016-11-11T16:13:35","guid":{"rendered":"https:\/\/news.ecclesia.org.br\/2013\/?p=22512"},"modified":"2016-11-11T16:13:35","modified_gmt":"2016-11-11T16:13:35","slug":"acaba-de-ser-publicado-na-franca-bartolomeu-apostolo-e-visionario","status":"publish","type":"post","link":"https:\/\/news.ecclesia.org.br\/?p=22512","title":{"rendered":"Acaba de ser publicado na Fran\u00e7a: \u00abBartolomeu, ap\u00f3stolo e vision\u00e1rio\u00bb"},"content":{"rendered":"<p style=\"text-align: justify;\"><a href=\"https:\/\/news.ecclesia.org.br\/2013\/wp-content\/uploads\/2016\/11\/bartolomeu.jpg\"><img fetchpriority=\"high\" decoding=\"async\" class=\"alignleft size-medium wp-image-22513\" src=\"https:\/\/news.ecclesia.org.br\/2013\/wp-content\/uploads\/2016\/11\/bartolomeu-195x300.jpg\" alt=\"bartolomeu\" width=\"195\" height=\"300\" srcset=\"https:\/\/news.ecclesia.org.br\/wp-content\/uploads\/2016\/11\/bartolomeu-195x300.jpg 195w, https:\/\/news.ecclesia.org.br\/wp-content\/uploads\/2016\/11\/bartolomeu-36x55.jpg 36w, https:\/\/news.ecclesia.org.br\/wp-content\/uploads\/2016\/11\/bartolomeu.jpg 449w\" sizes=\"(max-width: 195px) 100vw, 195px\" \/><\/a>10 de novembro de 2016 &#8212; A partir de hoje estar\u00e1 nas livrarias:\u00a0<a href=\"http:\/\/www.editionsducerf.fr\/librairie\/livre\/17838\/bartholomee-apotre-et-visionnaire\">Bartolomeu, ap\u00f3stolo e vision\u00e1rio<\/a>\u00a0de <a href=\"https:\/\/en.wikipedia.org\/wiki\/John_Chryssavgis\">John Chryssavgis<\/a>, com pref\u00e1cio do Papa Francisco e tradu\u00e7\u00e3o do ingl\u00eas por <a href=\"http:\/\/orthodoxie.com\/?s=Nicolas+Kazarian\">Nicolas Kazarian<\/a>, Editions du Cerf, 304 p\u00e1ginas. De acordo com a <a href=\"http:\/\/www.editionsducerf.fr\/librairie\/livre\/17838\/bartholomee-apotre-et-visionnaire\">apresenta\u00e7\u00e3o<\/a>\u00a0do editor: \u00abEsta \u00e9 a biografia de Bartolomeu, l\u00edder espiritual de 300 milh\u00f5es de fi\u00e9is em todo o mundo, primeiro dentre os primazes ortodoxos e guia hist\u00f3rico dos crist\u00e3os orientais. Importante personagem no di\u00e1logo entre as Igrejas, religi\u00f5es e civiliza\u00e7\u00f5es, Bartolomeu \u00e9 ainda um pioneiro da luta ecol\u00f3gica. No entanto, o 270\u00ba Patriarca de Constantinopla permanece, acima de tudo, uma testemunha viva, humilde e determinada da juventude do Evangelho e do dinamismo da tradi\u00e7\u00e3o.\u00a0Os 25 anos de seu pontificado culminou com a realiza\u00e7\u00e3o do santo e grande Conc\u00edlio de Creta, na festa de Pentecostes deste ano de 2016. Este homem simples, sereno, mas de forte influ\u00eancia internacional, nunca parou de construir pontes entre mundos estrangeiros ou hostis.\u00a0 Este livro aponta o destino de sua voca\u00e7\u00e3o, desde a inf\u00e2ncia, para o minist\u00e9rio que lhe ocupa atualmente, o de \u00abpresidir na caridade\u00bb.\u00a0\u00c9 a hist\u00f3ria de uma vida assim como uma viagem atrav\u00e9s do tempo e uma p\u00e1gina de hist\u00f3ria animada pela exig\u00eancia de comunh\u00e3o em um momento de globaliza\u00e7\u00e3o.\u00a0Uma maneira essencial para descobrir ou redescobrir o que \u00e9 ser \u00abecum\u00eanico\u00bb para o homem que carrega o t\u00edtulo e incorpora a urg\u00eancia por seu compromisso com Deus, com a humanidade e com o mundo\u00bb.<\/p>\n<p style=\"text-align: justify;\">Complemento: uma resenha por\u00a0<a href=\"http:\/\/orthodoxie.com\/?s=Carol+Saba\">Carol Saba<\/a>\u00a0dispon\u00edvel no<a href=\"http:\/\/www.aeof.fr\/articol_51791\/recension---carol-saba---bartholomee-apotre-et-visionnaire-une-biographie-qui-merite-le-detour-.html\"> site da Assembleia dos Bispos Ortodoxos da Fran\u00e7a<\/a>.<\/p>\n<hr \/>\n<p style=\"text-align: right;\">Fonte: <a href=\"http:\/\/orthodoxie.com\/vient-de-paraitre-bartholomee-apotre-et-visionnaire\/\" target=\"_blank\">Orthodoxie.com<\/a><\/p>\n<p style=\"text-align: justify;\">\n<p>&nbsp;<\/p>\n","protected":false},"excerpt":{"rendered":"<p>10 de novembro de 2016 &#8212; A partir de hoje estar\u00e1 nas livrarias:\u00a0Bartolomeu, ap\u00f3stolo e vision\u00e1rio\u00a0de John Chryssavgis, com pref\u00e1cio do Papa Francisco e tradu\u00e7\u00e3o do ingl\u00eas por Nicolas Kazarian, Editions du Cerf, 304 p\u00e1ginas. De acordo com a apresenta\u00e7\u00e3o\u00a0do&#8230;<\/p>\n","protected":false},"author":1,"featured_media":22513,"comment_status":"open","ping_status":"open","sticky":false,"template":"","format":"standard","meta":{"_acf_changed":false,"footnotes":""},"categories":[72],"tags":[],"class_list":["post-22512","post","type-post","status-publish","format-standard","has-post-thumbnail","hentry","category-patriarcado-ecumenico","entry","rows-excerpt"],"acf":[],"yoast_head":"<!-- This site is optimized with the Yoast SEO plugin v27.4 - https:\/\/yoast.com\/product\/yoast-seo-wordpress\/ -->\n<title>Acaba de ser publicado na Fran\u00e7a: \u00abBartolomeu, ap\u00f3stolo e vision\u00e1rio\u00bb | ECCLESIA NEWS<\/title>\n<meta name=\"robots\" content=\"index, follow, max-snippet:-1, max-image-preview:large, max-video-preview:-1\" \/>\n<link rel=\"canonical\" href=\"https:\/\/news.ecclesia.org.br\/?p=22512\" \/>\n<meta property=\"og:locale\" content=\"pt_BR\" \/>\n<meta property=\"og:type\" content=\"article\" \/>\n<meta property=\"og:title\" content=\"Acaba de ser publicado na Fran\u00e7a: \u00abBartolomeu, ap\u00f3stolo e vision\u00e1rio\u00bb | ECCLESIA NEWS\" \/>\n<meta property=\"og:description\" content=\"10 de novembro de 2016 &#8212; A partir de hoje estar\u00e1 nas livrarias:\u00a0Bartolomeu, ap\u00f3stolo e vision\u00e1rio\u00a0de John Chryssavgis, com pref\u00e1cio do Papa Francisco e tradu\u00e7\u00e3o do ingl\u00eas por Nicolas Kazarian, Editions du Cerf, 304 p\u00e1ginas. De acordo com a apresenta\u00e7\u00e3o\u00a0do&#8230;\" \/>\n<meta property=\"og:url\" content=\"https:\/\/news.ecclesia.org.br\/?p=22512\" \/>\n<meta property=\"og:site_name\" content=\"ECCLESIA NEWS\" \/>\n<meta property=\"article:publisher\" content=\"https:\/\/www.facebook.com\/Ecclesia2025\" \/>\n<meta property=\"article:published_time\" content=\"2016-11-11T16:13:35+00:00\" \/>\n<meta property=\"og:image\" content=\"https:\/\/news.ecclesia.org.br\/wp-content\/uploads\/2016\/11\/bartolomeu.jpg\" \/>\n\t<meta property=\"og:image:width\" content=\"449\" \/>\n\t<meta property=\"og:image:height\" content=\"690\" \/>\n\t<meta property=\"og:image:type\" content=\"image\/jpeg\" \/>\n<meta name=\"author\" content=\"Pe. Andr\u00e9\" \/>\n<meta name=\"twitter:card\" content=\"summary_large_image\" \/>\n<meta name=\"twitter:creator\" content=\"@EcclesiaNews\" \/>\n<meta name=\"twitter:site\" content=\"@EcclesiaNews\" \/>\n<meta name=\"twitter:label1\" content=\"Escrito por\" \/>\n\t<meta name=\"twitter:data1\" content=\"Pe. Andr\u00e9\" \/>\n\t<meta name=\"twitter:label2\" content=\"Est. tempo de leitura\" \/>\n\t<meta name=\"twitter:data2\" content=\"1 minuto\" \/>\n<script type=\"application\/ld+json\" class=\"yoast-schema-graph\">{\"@context\":\"https:\\\/\\\/schema.org\",\"@graph\":[{\"@type\":\"Article\",\"@id\":\"https:\\\/\\\/news.ecclesia.org.br\\\/?p=22512#article\",\"isPartOf\":{\"@id\":\"https:\\\/\\\/news.ecclesia.org.br\\\/?p=22512\"},\"author\":{\"name\":\"Pe. Andr\u00e9\",\"@id\":\"https:\\\/\\\/news.ecclesia.org.br\\\/#\\\/schema\\\/person\\\/6f09597f025829745ba414a569f63758\"},\"headline\":\"Acaba de ser publicado na Fran\u00e7a: \u00abBartolomeu, ap\u00f3stolo e vision\u00e1rio\u00bb\",\"datePublished\":\"2016-11-11T16:13:35+00:00\",\"mainEntityOfPage\":{\"@id\":\"https:\\\/\\\/news.ecclesia.org.br\\\/?p=22512\"},\"wordCount\":303,\"commentCount\":4,\"publisher\":{\"@id\":\"https:\\\/\\\/news.ecclesia.org.br\\\/#organization\"},\"image\":{\"@id\":\"https:\\\/\\\/news.ecclesia.org.br\\\/?p=22512#primaryimage\"},\"thumbnailUrl\":\"https:\\\/\\\/news.ecclesia.org.br\\\/wp-content\\\/uploads\\\/2016\\\/11\\\/bartolomeu.jpg\",\"articleSection\":[\"Patriarcado Ecum\u00eanico\"],\"inLanguage\":\"pt-BR\",\"potentialAction\":[{\"@type\":\"CommentAction\",\"name\":\"Comment\",\"target\":[\"https:\\\/\\\/news.ecclesia.org.br\\\/?p=22512#respond\"]}]},{\"@type\":\"WebPage\",\"@id\":\"https:\\\/\\\/news.ecclesia.org.br\\\/?p=22512\",\"url\":\"https:\\\/\\\/news.ecclesia.org.br\\\/?p=22512\",\"name\":\"Acaba de ser publicado na Fran\u00e7a: \u00abBartolomeu, ap\u00f3stolo e vision\u00e1rio\u00bb | ECCLESIA NEWS\",\"isPartOf\":{\"@id\":\"https:\\\/\\\/news.ecclesia.org.br\\\/#website\"},\"primaryImageOfPage\":{\"@id\":\"https:\\\/\\\/news.ecclesia.org.br\\\/?p=22512#primaryimage\"},\"image\":{\"@id\":\"https:\\\/\\\/news.ecclesia.org.br\\\/?p=22512#primaryimage\"},\"thumbnailUrl\":\"https:\\\/\\\/news.ecclesia.org.br\\\/wp-content\\\/uploads\\\/2016\\\/11\\\/bartolomeu.jpg\",\"datePublished\":\"2016-11-11T16:13:35+00:00\",\"breadcrumb\":{\"@id\":\"https:\\\/\\\/news.ecclesia.org.br\\\/?p=22512#breadcrumb\"},\"inLanguage\":\"pt-BR\",\"potentialAction\":[{\"@type\":\"ReadAction\",\"target\":[\"https:\\\/\\\/news.ecclesia.org.br\\\/?p=22512\"]}]},{\"@type\":\"ImageObject\",\"inLanguage\":\"pt-BR\",\"@id\":\"https:\\\/\\\/news.ecclesia.org.br\\\/?p=22512#primaryimage\",\"url\":\"https:\\\/\\\/news.ecclesia.org.br\\\/wp-content\\\/uploads\\\/2016\\\/11\\\/bartolomeu.jpg\",\"contentUrl\":\"https:\\\/\\\/news.ecclesia.org.br\\\/wp-content\\\/uploads\\\/2016\\\/11\\\/bartolomeu.jpg\",\"width\":449,\"height\":690},{\"@type\":\"BreadcrumbList\",\"@id\":\"https:\\\/\\\/news.ecclesia.org.br\\\/?p=22512#breadcrumb\",\"itemListElement\":[{\"@type\":\"ListItem\",\"position\":1,\"name\":\"In\u00edcio\",\"item\":\"https:\\\/\\\/news.ecclesia.org.br\\\/\"},{\"@type\":\"ListItem\",\"position\":2,\"name\":\"Acaba de ser publicado na Fran\u00e7a: \u00abBartolomeu, ap\u00f3stolo e vision\u00e1rio\u00bb\"}]},{\"@type\":\"WebSite\",\"@id\":\"https:\\\/\\\/news.ecclesia.org.br\\\/#website\",\"url\":\"https:\\\/\\\/news.ecclesia.org.br\\\/\",\"name\":\"Ecclesia Brasil\",\"description\":\"Desde 2003 onectando o Brasil ao mundo ortodoxo!\",\"publisher\":{\"@id\":\"https:\\\/\\\/news.ecclesia.org.br\\\/#organization\"},\"alternateName\":\"Ecclesia\",\"potentialAction\":[{\"@type\":\"SearchAction\",\"target\":{\"@type\":\"EntryPoint\",\"urlTemplate\":\"https:\\\/\\\/news.ecclesia.org.br\\\/?s={search_term_string}\"},\"query-input\":{\"@type\":\"PropertyValueSpecification\",\"valueRequired\":true,\"valueName\":\"search_term_string\"}}],\"inLanguage\":\"pt-BR\"},{\"@type\":\"Organization\",\"@id\":\"https:\\\/\\\/news.ecclesia.org.br\\\/#organization\",\"name\":\"Sacra Arquidiocese de Buenos Aires e Am\u00e9rica do Sul | Patriarcado Ecum\u00eanico\",\"alternateName\":\"News Ecclesia Brasil\",\"url\":\"https:\\\/\\\/news.ecclesia.org.br\\\/\",\"logo\":{\"@type\":\"ImageObject\",\"inLanguage\":\"pt-BR\",\"@id\":\"https:\\\/\\\/news.ecclesia.org.br\\\/#\\\/schema\\\/logo\\\/image\\\/\",\"url\":\"https:\\\/\\\/news.ecclesia.org.br\\\/wp-content\\\/uploads\\\/2025\\\/05\\\/ecclesia2.png\",\"contentUrl\":\"https:\\\/\\\/news.ecclesia.org.br\\\/wp-content\\\/uploads\\\/2025\\\/05\\\/ecclesia2.png\",\"width\":480,\"height\":120,\"caption\":\"Sacra Arquidiocese de Buenos Aires e Am\u00e9rica do Sul | Patriarcado Ecum\u00eanico\"},\"image\":{\"@id\":\"https:\\\/\\\/news.ecclesia.org.br\\\/#\\\/schema\\\/logo\\\/image\\\/\"},\"sameAs\":[\"https:\\\/\\\/www.facebook.com\\\/Ecclesia2025\",\"https:\\\/\\\/x.com\\\/EcclesiaNews\",\"https:\\\/\\\/br.pinterest.com\\\/ekklisia\\\/\",\"https:\\\/\\\/www.youtube.com\\\/@EcclesiaBrasil\"]},{\"@type\":\"Person\",\"@id\":\"https:\\\/\\\/news.ecclesia.org.br\\\/#\\\/schema\\\/person\\\/6f09597f025829745ba414a569f63758\",\"name\":\"Pe. Andr\u00e9\",\"image\":{\"@type\":\"ImageObject\",\"inLanguage\":\"pt-BR\",\"@id\":\"https:\\\/\\\/secure.gravatar.com\\\/avatar\\\/b4327cfa27e9799da239a26adcd534fc29cdc0c4a4a148eecbcfeb9b42c617ac?s=96&d=mm&r=g\",\"url\":\"https:\\\/\\\/secure.gravatar.com\\\/avatar\\\/b4327cfa27e9799da239a26adcd534fc29cdc0c4a4a148eecbcfeb9b42c617ac?s=96&d=mm&r=g\",\"contentUrl\":\"https:\\\/\\\/secure.gravatar.com\\\/avatar\\\/b4327cfa27e9799da239a26adcd534fc29cdc0c4a4a148eecbcfeb9b42c617ac?s=96&d=mm&r=g\",\"caption\":\"Pe. Andr\u00e9\"},\"sameAs\":[\"https:\\\/\\\/www.ecclesia.org.br\"]}]}<\/script>\n<!-- \/ Yoast SEO plugin. -->","yoast_head_json":{"title":"Acaba de ser publicado na Fran\u00e7a: \u00abBartolomeu, ap\u00f3stolo e vision\u00e1rio\u00bb | ECCLESIA NEWS","robots":{"index":"index","follow":"follow","max-snippet":"max-snippet:-1","max-image-preview":"max-image-preview:large","max-video-preview":"max-video-preview:-1"},"canonical":"https:\/\/news.ecclesia.org.br\/?p=22512","og_locale":"pt_BR","og_type":"article","og_title":"Acaba de ser publicado na Fran\u00e7a: \u00abBartolomeu, ap\u00f3stolo e vision\u00e1rio\u00bb | ECCLESIA NEWS","og_description":"10 de novembro de 2016 &#8212; A partir de hoje estar\u00e1 nas livrarias:\u00a0Bartolomeu, ap\u00f3stolo e vision\u00e1rio\u00a0de John Chryssavgis, com pref\u00e1cio do Papa Francisco e tradu\u00e7\u00e3o do ingl\u00eas por Nicolas Kazarian, Editions du Cerf, 304 p\u00e1ginas. De acordo com a apresenta\u00e7\u00e3o\u00a0do&#8230;","og_url":"https:\/\/news.ecclesia.org.br\/?p=22512","og_site_name":"ECCLESIA NEWS","article_publisher":"https:\/\/www.facebook.com\/Ecclesia2025","article_published_time":"2016-11-11T16:13:35+00:00","og_image":[{"width":449,"height":690,"url":"https:\/\/news.ecclesia.org.br\/wp-content\/uploads\/2016\/11\/bartolomeu.jpg","type":"image\/jpeg"}],"author":"Pe. Andr\u00e9","twitter_card":"summary_large_image","twitter_creator":"@EcclesiaNews","twitter_site":"@EcclesiaNews","twitter_misc":{"Escrito por":"Pe. Andr\u00e9","Est. tempo de leitura":"1 minuto"},"schema":{"@context":"https:\/\/schema.org","@graph":[{"@type":"Article","@id":"https:\/\/news.ecclesia.org.br\/?p=22512#article","isPartOf":{"@id":"https:\/\/news.ecclesia.org.br\/?p=22512"},"author":{"name":"Pe. Andr\u00e9","@id":"https:\/\/news.ecclesia.org.br\/#\/schema\/person\/6f09597f025829745ba414a569f63758"},"headline":"Acaba de ser publicado na Fran\u00e7a: \u00abBartolomeu, ap\u00f3stolo e vision\u00e1rio\u00bb","datePublished":"2016-11-11T16:13:35+00:00","mainEntityOfPage":{"@id":"https:\/\/news.ecclesia.org.br\/?p=22512"},"wordCount":303,"commentCount":4,"publisher":{"@id":"https:\/\/news.ecclesia.org.br\/#organization"},"image":{"@id":"https:\/\/news.ecclesia.org.br\/?p=22512#primaryimage"},"thumbnailUrl":"https:\/\/news.ecclesia.org.br\/wp-content\/uploads\/2016\/11\/bartolomeu.jpg","articleSection":["Patriarcado Ecum\u00eanico"],"inLanguage":"pt-BR","potentialAction":[{"@type":"CommentAction","name":"Comment","target":["https:\/\/news.ecclesia.org.br\/?p=22512#respond"]}]},{"@type":"WebPage","@id":"https:\/\/news.ecclesia.org.br\/?p=22512","url":"https:\/\/news.ecclesia.org.br\/?p=22512","name":"Acaba de ser publicado na Fran\u00e7a: \u00abBartolomeu, ap\u00f3stolo e vision\u00e1rio\u00bb | ECCLESIA NEWS","isPartOf":{"@id":"https:\/\/news.ecclesia.org.br\/#website"},"primaryImageOfPage":{"@id":"https:\/\/news.ecclesia.org.br\/?p=22512#primaryimage"},"image":{"@id":"https:\/\/news.ecclesia.org.br\/?p=22512#primaryimage"},"thumbnailUrl":"https:\/\/news.ecclesia.org.br\/wp-content\/uploads\/2016\/11\/bartolomeu.jpg","datePublished":"2016-11-11T16:13:35+00:00","breadcrumb":{"@id":"https:\/\/news.ecclesia.org.br\/?p=22512#breadcrumb"},"inLanguage":"pt-BR","potentialAction":[{"@type":"ReadAction","target":["https:\/\/news.ecclesia.org.br\/?p=22512"]}]},{"@type":"ImageObject","inLanguage":"pt-BR","@id":"https:\/\/news.ecclesia.org.br\/?p=22512#primaryimage","url":"https:\/\/news.ecclesia.org.br\/wp-content\/uploads\/2016\/11\/bartolomeu.jpg","contentUrl":"https:\/\/news.ecclesia.org.br\/wp-content\/uploads\/2016\/11\/bartolomeu.jpg","width":449,"height":690},{"@type":"BreadcrumbList","@id":"https:\/\/news.ecclesia.org.br\/?p=22512#breadcrumb","itemListElement":[{"@type":"ListItem","position":1,"name":"In\u00edcio","item":"https:\/\/news.ecclesia.org.br\/"},{"@type":"ListItem","position":2,"name":"Acaba de ser publicado na Fran\u00e7a: \u00abBartolomeu, ap\u00f3stolo e vision\u00e1rio\u00bb"}]},{"@type":"WebSite","@id":"https:\/\/news.ecclesia.org.br\/#website","url":"https:\/\/news.ecclesia.org.br\/","name":"Ecclesia Brasil","description":"Desde 2003 onectando o Brasil ao mundo ortodoxo!","publisher":{"@id":"https:\/\/news.ecclesia.org.br\/#organization"},"alternateName":"Ecclesia","potentialAction":[{"@type":"SearchAction","target":{"@type":"EntryPoint","urlTemplate":"https:\/\/news.ecclesia.org.br\/?s={search_term_string}"},"query-input":{"@type":"PropertyValueSpecification","valueRequired":true,"valueName":"search_term_string"}}],"inLanguage":"pt-BR"},{"@type":"Organization","@id":"https:\/\/news.ecclesia.org.br\/#organization","name":"Sacra Arquidiocese de Buenos Aires e Am\u00e9rica do Sul | Patriarcado Ecum\u00eanico","alternateName":"News Ecclesia Brasil","url":"https:\/\/news.ecclesia.org.br\/","logo":{"@type":"ImageObject","inLanguage":"pt-BR","@id":"https:\/\/news.ecclesia.org.br\/#\/schema\/logo\/image\/","url":"https:\/\/news.ecclesia.org.br\/wp-content\/uploads\/2025\/05\/ecclesia2.png","contentUrl":"https:\/\/news.ecclesia.org.br\/wp-content\/uploads\/2025\/05\/ecclesia2.png","width":480,"height":120,"caption":"Sacra Arquidiocese de Buenos Aires e Am\u00e9rica do Sul | Patriarcado Ecum\u00eanico"},"image":{"@id":"https:\/\/news.ecclesia.org.br\/#\/schema\/logo\/image\/"},"sameAs":["https:\/\/www.facebook.com\/Ecclesia2025","https:\/\/x.com\/EcclesiaNews","https:\/\/br.pinterest.com\/ekklisia\/","https:\/\/www.youtube.com\/@EcclesiaBrasil"]},{"@type":"Person","@id":"https:\/\/news.ecclesia.org.br\/#\/schema\/person\/6f09597f025829745ba414a569f63758","name":"Pe. Andr\u00e9","image":{"@type":"ImageObject","inLanguage":"pt-BR","@id":"https:\/\/secure.gravatar.com\/avatar\/b4327cfa27e9799da239a26adcd534fc29cdc0c4a4a148eecbcfeb9b42c617ac?s=96&d=mm&r=g","url":"https:\/\/secure.gravatar.com\/avatar\/b4327cfa27e9799da239a26adcd534fc29cdc0c4a4a148eecbcfeb9b42c617ac?s=96&d=mm&r=g","contentUrl":"https:\/\/secure.gravatar.com\/avatar\/b4327cfa27e9799da239a26adcd534fc29cdc0c4a4a148eecbcfeb9b42c617ac?s=96&d=mm&r=g","caption":"Pe. Andr\u00e9"},"sameAs":["https:\/\/www.ecclesia.org.br"]}]}},"_links":{"self":[{"href":"https:\/\/news.ecclesia.org.br\/index.php?rest_route=\/wp\/v2\/posts\/22512","targetHints":{"allow":["GET"]}}],"collection":[{"href":"https:\/\/news.ecclesia.org.br\/index.php?rest_route=\/wp\/v2\/posts"}],"about":[{"href":"https:\/\/news.ecclesia.org.br\/index.php?rest_route=\/wp\/v2\/types\/post"}],"author":[{"embeddable":true,"href":"https:\/\/news.ecclesia.org.br\/index.php?rest_route=\/wp\/v2\/users\/1"}],"replies":[{"embeddable":true,"href":"https:\/\/news.ecclesia.org.br\/index.php?rest_route=%2Fwp%2Fv2%2Fcomments&post=22512"}],"version-history":[{"count":0,"href":"https:\/\/news.ecclesia.org.br\/index.php?rest_route=\/wp\/v2\/posts\/22512\/revisions"}],"wp:featuredmedia":[{"embeddable":true,"href":"https:\/\/news.ecclesia.org.br\/index.php?rest_route=\/wp\/v2\/media\/22513"}],"wp:attachment":[{"href":"https:\/\/news.ecclesia.org.br\/index.php?rest_route=%2Fwp%2Fv2%2Fmedia&parent=22512"}],"wp:term":[{"taxonomy":"category","embeddable":true,"href":"https:\/\/news.ecclesia.org.br\/index.php?rest_route=%2Fwp%2Fv2%2Fcategories&post=22512"},{"taxonomy":"post_tag","embeddable":true,"href":"https:\/\/news.ecclesia.org.br\/index.php?rest_route=%2Fwp%2Fv2%2Ftags&post=22512"}],"curies":[{"name":"wp","href":"https:\/\/api.w.org\/{rel}","templated":true}]}}