{"id":22119,"date":"1995-03-15T16:49:34","date_gmt":"1995-03-15T16:49:34","guid":{"rendered":"https:\/\/news.ecclesia.org.br\/2013\/?p=22119"},"modified":"2023-09-26T16:01:37","modified_gmt":"2023-09-26T19:01:37","slug":"mensagem-do-patriarca-sobre-eleicao-de-dom-jeremias-ferens","status":"publish","type":"post","link":"https:\/\/news.ecclesia.org.br\/?p=22119","title":{"rendered":"Elei\u00e7\u00e3o de Dom Jeremias para a hist\u00f3rica e Santa S\u00e9 de Aspendos"},"content":{"rendered":"\n<p>Mensagem de Sua Santidade Bartolomeu I, Patriarca Ecum\u00eanico de Constantinopla &#8211; Nova Roma, por ocasi\u00e3o da elei\u00e7\u00e3o, pelos vener\u00e1veis membros do Santo S\u00ednodo do Patriarcado Ecum\u00eanico, de S. Excia. Revma. Dom Jeremias, bispo eparca da Igreja Ortodoxa Ucraniana na Am\u00e9rica do Sul, para a hist\u00f3rica e Santa S\u00e9 de Aspendos.<\/p>\n\n\n<div id=\"galleria-22119\"><a href=\"https:\/\/news.ecclesia.org.br\/wp-content\/uploads\/2016\/11\/foto1-1.jpg\"><img decoding=\"async\" title=\"foto1\" alt=\"\" src=\"https:\/\/news.ecclesia.org.br\/wp-content\/uploads\/2016\/11\/foto1-1-37x55.jpg\" data-big=\"https:\/\/news.ecclesia.org.br\/wp-content\/uploads\/2016\/11\/foto1-1.jpg\"><\/a><a href=\"https:\/\/news.ecclesia.org.br\/wp-content\/uploads\/2016\/11\/foto2-1.jpg\"><img decoding=\"async\" title=\"foto2\" alt=\"\" src=\"https:\/\/news.ecclesia.org.br\/wp-content\/uploads\/2016\/11\/foto2-1-81x55.jpg\" data-big=\"https:\/\/news.ecclesia.org.br\/wp-content\/uploads\/2016\/11\/foto2-1.jpg\"><\/a><\/div>\n\n\n<p class=\"has-text-align-right\">(Phanar, 12 de mar\u00e7o de 1995)<\/p>\n\n\n\n<h4 class=\"wp-block-heading\">BARTOLOMEU I<br>Pela gra\u00e7a de Deus, Arcebispo de Constantinopla, Nova Roma,<br>Patriarca Ecum\u00eanico.<\/h4>\n\n\n\n<p>Sua Gra\u00e7a, nosso amado irm\u00e3o em Nosso Senhor, Bispo Jeremias de Aspendos:<\/p>\n\n\n\n<p>&nbsp; &nbsp; &nbsp; Hoje cantamos louvores ao Senhor pois a fam\u00edlia Ortodoxa can\u00f4nica foi enriquecida com mais um jovem, vibrante e previdente bispo. A Igreja se sente beneficiada por receb\u00ea-lo, e tamb\u00e9m aos milhares de fi\u00e9is confiados ao seus cuidados episcopais, apreciando tamb\u00e9m o beneficio de sua juventude e dedica\u00e7\u00e3o. Temos o prazer de anunciar-lhe que voc\u00ea foi eleito pelos vener\u00e1veis membros do Santo S\u00ednodo do Patriarcado Ecum\u00eanico para a hist\u00f3rica e santa s\u00e9 de Aspendos.<\/p>\n\n\n\n<p>&nbsp; &nbsp; &nbsp; Julgamos que seria bom colocar sua elei\u00e7\u00e3o na perspectiva apropriada, falando a respeito das muitas prova\u00e7\u00f5es e tribula\u00e7\u00f5es desta S\u00e9 e como os seus fi\u00e9is sofreram muitas dificuldades como as sofridas na terra de seus ancestrais na Ucr\u00e2nia.<\/p>\n\n\n\n<p>&nbsp; &nbsp; &nbsp; Sua \u00e1rea geogr\u00e1fica \u00e9 muito extensa, as almas que lhe est\u00e3o sendo confiadas para que as instrua, inspire, ilumine e salve, s\u00e3o demasiado numerosas para uma s\u00f3 pessoa, mas voc\u00ea \u00e9 jovem e tem o desejo de trabalhar. A vida mission\u00e1ria \u00e9 muito dif\u00edcil, mas tamb\u00e9m muito compensadora. Voc\u00ea tem a tarefa particularmente pesada de equilibrar o Velho Mundo, o mundo dos imigrantes ucranianos que est\u00e3o fortemente ligados \u00e0s suas tradi\u00e7\u00f5es, linguagem e costumes, com os rec\u00e9m iluminados que nada conhecem da rica tradi\u00e7\u00e3o da Ortodoxia de Kiev, tal como foi transmitida pela M\u00e3e Igreja h\u00e1 um mil\u00eanio. Ao contr\u00e1rio, eles trazem consigo elementos que s\u00e3o totalmente estranhos a um modo de vida Ortodoxo ttradicionale voc\u00ea dever\u00e1 ser o pastor de todas as suas ovelhas, da primeira \u00e0 nonag\u00e9sima nona.<\/p>\n\n\n\n<p>&nbsp; &nbsp; &nbsp; Na qualidade de Bispo do vener\u00e1vel trono de Santo Andr\u00e9 Ap\u00f3stolo, voc\u00ea deve se sentir \u00e0 vontade para nos chamar a qualquer tempo para qualquer orienta\u00e7\u00e3o ou conselho, quando se confrontar com o desafio que a Igreja coloca \u00e0 sua frente. Faremos tudo que estiver ao nosso alcance para lhe dar suporte na tarefa de levar a Ortodoxia \u00e0s distantes terras da Am\u00e9rica do Sul. Nunca se sinta sozinho, tenha sempre em mente que nossas preces fraternas o est\u00e3o acompanhando para que voc\u00ea tenha \u00eaxito em desincumbir-se de suas \u00e1rduas, por\u00e9m admir\u00e1veis, responsabilidades. Que atrav\u00e9s de seu trabalho, o nome do Senhor seja aben\u00e7oado e louvado.<\/p>\n\n\n\n<p>&nbsp; &nbsp; &nbsp; Quando de seu retomo ao seu local de trabalho na terra, pedimos que leve a todos os fi\u00e9is de l\u00e1, os crentes ucranianos e locais, nossa b\u00ean\u00e7\u00e3o paterna e patriarcal. Que eles recebam as boas novas desta sagrada recep\u00e7\u00e3o sob a jurisdi\u00e7\u00e3o da Igreja de Constantinopla, como mais um sinal de unidade Ortodoxa como fonte de amor e inspira\u00e7\u00e3o em suas vidas di\u00e1rias dentro da Ortodoxia.<\/p>\n\n\n\n<p>\u2020 Bartolomeu de Constantinopla<\/p>\n","protected":false},"excerpt":{"rendered":"<p>Mensagem de Sua Santidade Bartolomeu I, Patriarca Ecum\u00eanico de Constantinopla &#8211; Nova Roma, por ocasi\u00e3o da elei\u00e7\u00e3o, pelos vener\u00e1veis membros do Santo S\u00ednodo do Patriarcado Ecum\u00eanico, de S. Excia. Revma. Dom Jeremias, bispo eparca da Igreja Ortodoxa Ucraniana na Am\u00e9rica&#8230;<\/p>\n","protected":false},"author":1,"featured_media":22122,"comment_status":"open","ping_status":"open","sticky":false,"template":"","format":"standard","meta":{"_acf_changed":false,"footnotes":""},"categories":[42,1,72],"tags":[],"class_list":["post-22119","post","type-post","status-publish","format-standard","has-post-thumbnail","hentry","category-brasil","category-news","category-patriarcado-ecumenico","entry","rows-excerpt"],"acf":[],"yoast_head":"<!-- This site is optimized with the Yoast SEO plugin v27.5 - https:\/\/yoast.com\/product\/yoast-seo-wordpress\/ -->\n<title>Elei\u00e7\u00e3o de Dom Jeremias para a hist\u00f3rica e Santa S\u00e9 de Aspendos | ECCLESIA NEWS<\/title>\n<meta name=\"robots\" content=\"index, follow, max-snippet:-1, max-image-preview:large, max-video-preview:-1\" \/>\n<link rel=\"canonical\" href=\"https:\/\/news.ecclesia.org.br\/?p=22119\" \/>\n<meta property=\"og:locale\" content=\"pt_BR\" \/>\n<meta property=\"og:type\" content=\"article\" \/>\n<meta property=\"og:title\" content=\"Elei\u00e7\u00e3o de Dom Jeremias para a hist\u00f3rica e Santa S\u00e9 de Aspendos | ECCLESIA NEWS\" \/>\n<meta property=\"og:description\" content=\"Mensagem de Sua Santidade Bartolomeu I, Patriarca Ecum\u00eanico de Constantinopla &#8211; Nova Roma, por ocasi\u00e3o da elei\u00e7\u00e3o, pelos vener\u00e1veis membros do Santo S\u00ednodo do Patriarcado Ecum\u00eanico, de S. Excia. Revma. Dom Jeremias, bispo eparca da Igreja Ortodoxa Ucraniana na Am\u00e9rica&#8230;\" \/>\n<meta property=\"og:url\" content=\"https:\/\/news.ecclesia.org.br\/?p=22119\" \/>\n<meta property=\"og:site_name\" content=\"ECCLESIA NEWS\" \/>\n<meta property=\"article:publisher\" content=\"https:\/\/www.facebook.com\/Ecclesia2025\" \/>\n<meta property=\"article:published_time\" content=\"1995-03-15T16:49:34+00:00\" \/>\n<meta property=\"article:modified_time\" content=\"2023-09-26T19:01:37+00:00\" \/>\n<meta property=\"og:image\" content=\"https:\/\/news.ecclesia.org.br\/wp-content\/uploads\/2016\/11\/foto2-1.jpg\" \/>\n\t<meta property=\"og:image:width\" content=\"500\" \/>\n\t<meta property=\"og:image:height\" content=\"338\" \/>\n\t<meta property=\"og:image:type\" content=\"image\/jpeg\" \/>\n<meta name=\"author\" content=\"Pe. Andr\u00e9\" \/>\n<meta name=\"twitter:card\" content=\"summary_large_image\" \/>\n<meta name=\"twitter:creator\" content=\"@EcclesiaNews\" \/>\n<meta name=\"twitter:site\" content=\"@EcclesiaNews\" \/>\n<meta name=\"twitter:label1\" content=\"Escrito por\" \/>\n\t<meta name=\"twitter:data1\" content=\"Pe. Andr\u00e9\" \/>\n\t<meta name=\"twitter:label2\" content=\"Est. tempo de leitura\" \/>\n\t<meta name=\"twitter:data2\" content=\"3 minutos\" \/>\n<script type=\"application\/ld+json\" class=\"yoast-schema-graph\">{\"@context\":\"https:\\\/\\\/schema.org\",\"@graph\":[{\"@type\":\"Article\",\"@id\":\"https:\\\/\\\/news.ecclesia.org.br\\\/?p=22119#article\",\"isPartOf\":{\"@id\":\"https:\\\/\\\/news.ecclesia.org.br\\\/?p=22119\"},\"author\":{\"name\":\"Pe. Andr\u00e9\",\"@id\":\"https:\\\/\\\/news.ecclesia.org.br\\\/#\\\/schema\\\/person\\\/6f09597f025829745ba414a569f63758\"},\"headline\":\"Elei\u00e7\u00e3o de Dom Jeremias para a hist\u00f3rica e Santa S\u00e9 de Aspendos\",\"datePublished\":\"1995-03-15T16:49:34+00:00\",\"dateModified\":\"2023-09-26T19:01:37+00:00\",\"mainEntityOfPage\":{\"@id\":\"https:\\\/\\\/news.ecclesia.org.br\\\/?p=22119\"},\"wordCount\":580,\"commentCount\":0,\"publisher\":{\"@id\":\"https:\\\/\\\/news.ecclesia.org.br\\\/#organization\"},\"image\":{\"@id\":\"https:\\\/\\\/news.ecclesia.org.br\\\/?p=22119#primaryimage\"},\"thumbnailUrl\":\"https:\\\/\\\/news.ecclesia.org.br\\\/wp-content\\\/uploads\\\/2016\\\/11\\\/foto2-1.jpg\",\"articleSection\":[\"BRASIL\",\"NEWS\",\"Patriarcado Ecum\u00eanico\"],\"inLanguage\":\"pt-BR\",\"potentialAction\":[{\"@type\":\"CommentAction\",\"name\":\"Comment\",\"target\":[\"https:\\\/\\\/news.ecclesia.org.br\\\/?p=22119#respond\"]}]},{\"@type\":\"WebPage\",\"@id\":\"https:\\\/\\\/news.ecclesia.org.br\\\/?p=22119\",\"url\":\"https:\\\/\\\/news.ecclesia.org.br\\\/?p=22119\",\"name\":\"Elei\u00e7\u00e3o de Dom Jeremias para a hist\u00f3rica e Santa S\u00e9 de Aspendos | ECCLESIA NEWS\",\"isPartOf\":{\"@id\":\"https:\\\/\\\/news.ecclesia.org.br\\\/#website\"},\"primaryImageOfPage\":{\"@id\":\"https:\\\/\\\/news.ecclesia.org.br\\\/?p=22119#primaryimage\"},\"image\":{\"@id\":\"https:\\\/\\\/news.ecclesia.org.br\\\/?p=22119#primaryimage\"},\"thumbnailUrl\":\"https:\\\/\\\/news.ecclesia.org.br\\\/wp-content\\\/uploads\\\/2016\\\/11\\\/foto2-1.jpg\",\"datePublished\":\"1995-03-15T16:49:34+00:00\",\"dateModified\":\"2023-09-26T19:01:37+00:00\",\"breadcrumb\":{\"@id\":\"https:\\\/\\\/news.ecclesia.org.br\\\/?p=22119#breadcrumb\"},\"inLanguage\":\"pt-BR\",\"potentialAction\":[{\"@type\":\"ReadAction\",\"target\":[\"https:\\\/\\\/news.ecclesia.org.br\\\/?p=22119\"]}]},{\"@type\":\"ImageObject\",\"inLanguage\":\"pt-BR\",\"@id\":\"https:\\\/\\\/news.ecclesia.org.br\\\/?p=22119#primaryimage\",\"url\":\"https:\\\/\\\/news.ecclesia.org.br\\\/wp-content\\\/uploads\\\/2016\\\/11\\\/foto2-1.jpg\",\"contentUrl\":\"https:\\\/\\\/news.ecclesia.org.br\\\/wp-content\\\/uploads\\\/2016\\\/11\\\/foto2-1.jpg\",\"width\":500,\"height\":338},{\"@type\":\"BreadcrumbList\",\"@id\":\"https:\\\/\\\/news.ecclesia.org.br\\\/?p=22119#breadcrumb\",\"itemListElement\":[{\"@type\":\"ListItem\",\"position\":1,\"name\":\"In\u00edcio\",\"item\":\"https:\\\/\\\/news.ecclesia.org.br\\\/\"},{\"@type\":\"ListItem\",\"position\":2,\"name\":\"Elei\u00e7\u00e3o de Dom Jeremias para a hist\u00f3rica e Santa S\u00e9 de Aspendos\"}]},{\"@type\":\"WebSite\",\"@id\":\"https:\\\/\\\/news.ecclesia.org.br\\\/#website\",\"url\":\"https:\\\/\\\/news.ecclesia.org.br\\\/\",\"name\":\"Ecclesia Brasil\",\"description\":\"Desde 2003 onectando o Brasil ao mundo ortodoxo!\",\"publisher\":{\"@id\":\"https:\\\/\\\/news.ecclesia.org.br\\\/#organization\"},\"alternateName\":\"Ecclesia\",\"potentialAction\":[{\"@type\":\"SearchAction\",\"target\":{\"@type\":\"EntryPoint\",\"urlTemplate\":\"https:\\\/\\\/news.ecclesia.org.br\\\/?s={search_term_string}\"},\"query-input\":{\"@type\":\"PropertyValueSpecification\",\"valueRequired\":true,\"valueName\":\"search_term_string\"}}],\"inLanguage\":\"pt-BR\"},{\"@type\":\"Organization\",\"@id\":\"https:\\\/\\\/news.ecclesia.org.br\\\/#organization\",\"name\":\"Sacra Arquidiocese de Buenos Aires e Am\u00e9rica do Sul | Patriarcado Ecum\u00eanico\",\"alternateName\":\"News Ecclesia Brasil\",\"url\":\"https:\\\/\\\/news.ecclesia.org.br\\\/\",\"logo\":{\"@type\":\"ImageObject\",\"inLanguage\":\"pt-BR\",\"@id\":\"https:\\\/\\\/news.ecclesia.org.br\\\/#\\\/schema\\\/logo\\\/image\\\/\",\"url\":\"https:\\\/\\\/news.ecclesia.org.br\\\/wp-content\\\/uploads\\\/2025\\\/05\\\/ecclesia2.png\",\"contentUrl\":\"https:\\\/\\\/news.ecclesia.org.br\\\/wp-content\\\/uploads\\\/2025\\\/05\\\/ecclesia2.png\",\"width\":480,\"height\":120,\"caption\":\"Sacra Arquidiocese de Buenos Aires e Am\u00e9rica do Sul | Patriarcado Ecum\u00eanico\"},\"image\":{\"@id\":\"https:\\\/\\\/news.ecclesia.org.br\\\/#\\\/schema\\\/logo\\\/image\\\/\"},\"sameAs\":[\"https:\\\/\\\/www.facebook.com\\\/Ecclesia2025\",\"https:\\\/\\\/x.com\\\/EcclesiaNews\",\"https:\\\/\\\/br.pinterest.com\\\/ekklisia\\\/\",\"https:\\\/\\\/www.youtube.com\\\/@EcclesiaBrasil\"]},{\"@type\":\"Person\",\"@id\":\"https:\\\/\\\/news.ecclesia.org.br\\\/#\\\/schema\\\/person\\\/6f09597f025829745ba414a569f63758\",\"name\":\"Pe. Andr\u00e9\",\"image\":{\"@type\":\"ImageObject\",\"inLanguage\":\"pt-BR\",\"@id\":\"https:\\\/\\\/secure.gravatar.com\\\/avatar\\\/b4327cfa27e9799da239a26adcd534fc29cdc0c4a4a148eecbcfeb9b42c617ac?s=96&d=mm&r=g\",\"url\":\"https:\\\/\\\/secure.gravatar.com\\\/avatar\\\/b4327cfa27e9799da239a26adcd534fc29cdc0c4a4a148eecbcfeb9b42c617ac?s=96&d=mm&r=g\",\"contentUrl\":\"https:\\\/\\\/secure.gravatar.com\\\/avatar\\\/b4327cfa27e9799da239a26adcd534fc29cdc0c4a4a148eecbcfeb9b42c617ac?s=96&d=mm&r=g\",\"caption\":\"Pe. Andr\u00e9\"},\"sameAs\":[\"https:\\\/\\\/www.ecclesia.org.br\"]}]}<\/script>\n<!-- \/ Yoast SEO plugin. -->","yoast_head_json":{"title":"Elei\u00e7\u00e3o de Dom Jeremias para a hist\u00f3rica e Santa S\u00e9 de Aspendos | ECCLESIA NEWS","robots":{"index":"index","follow":"follow","max-snippet":"max-snippet:-1","max-image-preview":"max-image-preview:large","max-video-preview":"max-video-preview:-1"},"canonical":"https:\/\/news.ecclesia.org.br\/?p=22119","og_locale":"pt_BR","og_type":"article","og_title":"Elei\u00e7\u00e3o de Dom Jeremias para a hist\u00f3rica e Santa S\u00e9 de Aspendos | ECCLESIA NEWS","og_description":"Mensagem de Sua Santidade Bartolomeu I, Patriarca Ecum\u00eanico de Constantinopla &#8211; Nova Roma, por ocasi\u00e3o da elei\u00e7\u00e3o, pelos vener\u00e1veis membros do Santo S\u00ednodo do Patriarcado Ecum\u00eanico, de S. Excia. Revma. Dom Jeremias, bispo eparca da Igreja Ortodoxa Ucraniana na Am\u00e9rica&#8230;","og_url":"https:\/\/news.ecclesia.org.br\/?p=22119","og_site_name":"ECCLESIA NEWS","article_publisher":"https:\/\/www.facebook.com\/Ecclesia2025","article_published_time":"1995-03-15T16:49:34+00:00","article_modified_time":"2023-09-26T19:01:37+00:00","og_image":[{"width":500,"height":338,"url":"https:\/\/news.ecclesia.org.br\/wp-content\/uploads\/2016\/11\/foto2-1.jpg","type":"image\/jpeg"}],"author":"Pe. Andr\u00e9","twitter_card":"summary_large_image","twitter_creator":"@EcclesiaNews","twitter_site":"@EcclesiaNews","twitter_misc":{"Escrito por":"Pe. Andr\u00e9","Est. tempo de leitura":"3 minutos"},"schema":{"@context":"https:\/\/schema.org","@graph":[{"@type":"Article","@id":"https:\/\/news.ecclesia.org.br\/?p=22119#article","isPartOf":{"@id":"https:\/\/news.ecclesia.org.br\/?p=22119"},"author":{"name":"Pe. Andr\u00e9","@id":"https:\/\/news.ecclesia.org.br\/#\/schema\/person\/6f09597f025829745ba414a569f63758"},"headline":"Elei\u00e7\u00e3o de Dom Jeremias para a hist\u00f3rica e Santa S\u00e9 de Aspendos","datePublished":"1995-03-15T16:49:34+00:00","dateModified":"2023-09-26T19:01:37+00:00","mainEntityOfPage":{"@id":"https:\/\/news.ecclesia.org.br\/?p=22119"},"wordCount":580,"commentCount":0,"publisher":{"@id":"https:\/\/news.ecclesia.org.br\/#organization"},"image":{"@id":"https:\/\/news.ecclesia.org.br\/?p=22119#primaryimage"},"thumbnailUrl":"https:\/\/news.ecclesia.org.br\/wp-content\/uploads\/2016\/11\/foto2-1.jpg","articleSection":["BRASIL","NEWS","Patriarcado Ecum\u00eanico"],"inLanguage":"pt-BR","potentialAction":[{"@type":"CommentAction","name":"Comment","target":["https:\/\/news.ecclesia.org.br\/?p=22119#respond"]}]},{"@type":"WebPage","@id":"https:\/\/news.ecclesia.org.br\/?p=22119","url":"https:\/\/news.ecclesia.org.br\/?p=22119","name":"Elei\u00e7\u00e3o de Dom Jeremias para a hist\u00f3rica e Santa S\u00e9 de Aspendos | ECCLESIA NEWS","isPartOf":{"@id":"https:\/\/news.ecclesia.org.br\/#website"},"primaryImageOfPage":{"@id":"https:\/\/news.ecclesia.org.br\/?p=22119#primaryimage"},"image":{"@id":"https:\/\/news.ecclesia.org.br\/?p=22119#primaryimage"},"thumbnailUrl":"https:\/\/news.ecclesia.org.br\/wp-content\/uploads\/2016\/11\/foto2-1.jpg","datePublished":"1995-03-15T16:49:34+00:00","dateModified":"2023-09-26T19:01:37+00:00","breadcrumb":{"@id":"https:\/\/news.ecclesia.org.br\/?p=22119#breadcrumb"},"inLanguage":"pt-BR","potentialAction":[{"@type":"ReadAction","target":["https:\/\/news.ecclesia.org.br\/?p=22119"]}]},{"@type":"ImageObject","inLanguage":"pt-BR","@id":"https:\/\/news.ecclesia.org.br\/?p=22119#primaryimage","url":"https:\/\/news.ecclesia.org.br\/wp-content\/uploads\/2016\/11\/foto2-1.jpg","contentUrl":"https:\/\/news.ecclesia.org.br\/wp-content\/uploads\/2016\/11\/foto2-1.jpg","width":500,"height":338},{"@type":"BreadcrumbList","@id":"https:\/\/news.ecclesia.org.br\/?p=22119#breadcrumb","itemListElement":[{"@type":"ListItem","position":1,"name":"In\u00edcio","item":"https:\/\/news.ecclesia.org.br\/"},{"@type":"ListItem","position":2,"name":"Elei\u00e7\u00e3o de Dom Jeremias para a hist\u00f3rica e Santa S\u00e9 de Aspendos"}]},{"@type":"WebSite","@id":"https:\/\/news.ecclesia.org.br\/#website","url":"https:\/\/news.ecclesia.org.br\/","name":"Ecclesia Brasil","description":"Desde 2003 onectando o Brasil ao mundo ortodoxo!","publisher":{"@id":"https:\/\/news.ecclesia.org.br\/#organization"},"alternateName":"Ecclesia","potentialAction":[{"@type":"SearchAction","target":{"@type":"EntryPoint","urlTemplate":"https:\/\/news.ecclesia.org.br\/?s={search_term_string}"},"query-input":{"@type":"PropertyValueSpecification","valueRequired":true,"valueName":"search_term_string"}}],"inLanguage":"pt-BR"},{"@type":"Organization","@id":"https:\/\/news.ecclesia.org.br\/#organization","name":"Sacra Arquidiocese de Buenos Aires e Am\u00e9rica do Sul | Patriarcado Ecum\u00eanico","alternateName":"News Ecclesia Brasil","url":"https:\/\/news.ecclesia.org.br\/","logo":{"@type":"ImageObject","inLanguage":"pt-BR","@id":"https:\/\/news.ecclesia.org.br\/#\/schema\/logo\/image\/","url":"https:\/\/news.ecclesia.org.br\/wp-content\/uploads\/2025\/05\/ecclesia2.png","contentUrl":"https:\/\/news.ecclesia.org.br\/wp-content\/uploads\/2025\/05\/ecclesia2.png","width":480,"height":120,"caption":"Sacra Arquidiocese de Buenos Aires e Am\u00e9rica do Sul | Patriarcado Ecum\u00eanico"},"image":{"@id":"https:\/\/news.ecclesia.org.br\/#\/schema\/logo\/image\/"},"sameAs":["https:\/\/www.facebook.com\/Ecclesia2025","https:\/\/x.com\/EcclesiaNews","https:\/\/br.pinterest.com\/ekklisia\/","https:\/\/www.youtube.com\/@EcclesiaBrasil"]},{"@type":"Person","@id":"https:\/\/news.ecclesia.org.br\/#\/schema\/person\/6f09597f025829745ba414a569f63758","name":"Pe. Andr\u00e9","image":{"@type":"ImageObject","inLanguage":"pt-BR","@id":"https:\/\/secure.gravatar.com\/avatar\/b4327cfa27e9799da239a26adcd534fc29cdc0c4a4a148eecbcfeb9b42c617ac?s=96&d=mm&r=g","url":"https:\/\/secure.gravatar.com\/avatar\/b4327cfa27e9799da239a26adcd534fc29cdc0c4a4a148eecbcfeb9b42c617ac?s=96&d=mm&r=g","contentUrl":"https:\/\/secure.gravatar.com\/avatar\/b4327cfa27e9799da239a26adcd534fc29cdc0c4a4a148eecbcfeb9b42c617ac?s=96&d=mm&r=g","caption":"Pe. Andr\u00e9"},"sameAs":["https:\/\/www.ecclesia.org.br"]}]}},"_links":{"self":[{"href":"https:\/\/news.ecclesia.org.br\/index.php?rest_route=\/wp\/v2\/posts\/22119","targetHints":{"allow":["GET"]}}],"collection":[{"href":"https:\/\/news.ecclesia.org.br\/index.php?rest_route=\/wp\/v2\/posts"}],"about":[{"href":"https:\/\/news.ecclesia.org.br\/index.php?rest_route=\/wp\/v2\/types\/post"}],"author":[{"embeddable":true,"href":"https:\/\/news.ecclesia.org.br\/index.php?rest_route=\/wp\/v2\/users\/1"}],"replies":[{"embeddable":true,"href":"https:\/\/news.ecclesia.org.br\/index.php?rest_route=%2Fwp%2Fv2%2Fcomments&post=22119"}],"version-history":[{"count":5,"href":"https:\/\/news.ecclesia.org.br\/index.php?rest_route=\/wp\/v2\/posts\/22119\/revisions"}],"predecessor-version":[{"id":46597,"href":"https:\/\/news.ecclesia.org.br\/index.php?rest_route=\/wp\/v2\/posts\/22119\/revisions\/46597"}],"wp:featuredmedia":[{"embeddable":true,"href":"https:\/\/news.ecclesia.org.br\/index.php?rest_route=\/wp\/v2\/media\/22122"}],"wp:attachment":[{"href":"https:\/\/news.ecclesia.org.br\/index.php?rest_route=%2Fwp%2Fv2%2Fmedia&parent=22119"}],"wp:term":[{"taxonomy":"category","embeddable":true,"href":"https:\/\/news.ecclesia.org.br\/index.php?rest_route=%2Fwp%2Fv2%2Fcategories&post=22119"},{"taxonomy":"post_tag","embeddable":true,"href":"https:\/\/news.ecclesia.org.br\/index.php?rest_route=%2Fwp%2Fv2%2Ftags&post=22119"}],"curies":[{"name":"wp","href":"https:\/\/api.w.org\/{rel}","templated":true}]}}