{"id":21999,"date":"2016-10-29T20:55:57","date_gmt":"2016-10-29T20:55:57","guid":{"rendered":"https:\/\/news.ecclesia.org.br\/2013\/?p=21999"},"modified":"2020-09-22T11:34:31","modified_gmt":"2020-09-22T14:34:31","slug":"mensagem-patriarcal-por-ocasiao-do-25o-aniversario-da-eleicao-de-sua-santidade-bartolomeu-i-ao-trono-de-constantinopla","status":"publish","type":"post","link":"https:\/\/news.ecclesia.org.br\/?p=21999","title":{"rendered":"Mensagem Patriarcal por ocasi\u00e3o do 25\u00ba anivers\u00e1rio da elei\u00e7\u00e3o de sua Santidade Bartolomeu I ao trono de Constantinopla"},"content":{"rendered":"<p style=\"text-align: right;\">Istambul, Turquia, 28\/10\/2016<\/p>\n<p style=\"text-align: justify;\">MENSAGEM DO PATRIARCA ECUM\u00caNICO BARTOLOMEU<\/p>\n<p style=\"text-align: justify;\"><strong>Aos filhos do Patriarcado ecum\u00eanico em todo o mundo,<br \/>\nno 25\u00ba anivers\u00e1rio de sua elei\u00e7\u00e3o ao Trono Ecum\u00eanico <\/strong><\/p>\n<blockquote>\n<p style=\"text-align: justify;\">Tributemos louvor e gl\u00f3ria ao Deus Uno e Trino, que nos achou dignos de alcan\u00e7ar o vig\u00e9simo quinto anivers\u00e1rio do dia em que, por mandato do nosso Santo e Sacro S\u00ednodo, ascendemos ao martirizado Trono Patriarcal da Igreja de Constantinopla.\u00a0 Com a gra\u00e7a de Deus, tendo percorrido alegremente por esse caminho de servi\u00e7o no Primeiro Trono entre as Igrejas Ortodoxas, voltamos a olhar para tr\u00e1s, as experi\u00eancias, acontecimentos, ora\u00e7\u00f5es, viagens e atividades e, ao mesmo tempo, olhamos para frente em um esp\u00edrito de otimismo e firme esperan\u00e7a no futuro, pelo que exclamamos como nosso predecessor S\u00e3o Jo\u00e3o Cris\u00f3stomo: \u00abGl\u00f3ria a Deus por todas as coisas\u00bb.<\/p>\n<p style=\"text-align: justify;\">Manifestamos a nossa mais sincera gratid\u00e3o a todos aqueles que contribu\u00edram com nossos esfor\u00e7os para carregar a Cruz do of\u00edcio patriarcal que a Santa e Grande Igreja de Cristo colocou sobre nossos ombros no dia de nossa elei\u00e7\u00e3o, e fazemos nossos os anseios, desejos e esperan\u00e7as do nosso piedoso povo ortodoxo, do Patriarcado ecum\u00eanico como de toda a Igreja Ortodoxa.<\/p>\n<p style=\"text-align: justify;\">Ao longo de nosso Patriarcado, muita gente contribuiu, como novos cireneus, a aliviar o peso e, frequentemente, a suavizar a dor e o sofrimento no caminho. Recordamos agradecidos e com apre\u00e7o as palavras e gestos de nossos irm\u00e3os cl\u00e9rigos e leigos da corajosa e abnegada M\u00e3e Igreja, tantos os que se encontram longe como aqueles que est\u00e3o perto, que ofereceram seu tempo e dedica\u00e7\u00e3o para nos apoiar nos \u00faltimos vinte e cinco anos. Nossas visitas pastorais \u00e0s eparquias do sacrat\u00edssimo Trono Ecum\u00eanico e nossa comunica\u00e7\u00e3o com nossos fi\u00e9is em todo o mundo, bem como, com as honor\u00e1veis autoridades de tantos e distintos pa\u00edses, t\u00eam sido uma oportunidade \u00fanica para o di\u00e1logo sincero e o estabelecimento de rela\u00e7\u00f5es pessoais e fraternas.<\/p>\n<p style=\"text-align: justify;\">Essas viagens n\u00e3o teriam tido o resultado desejado sem o amor e o apoio dos nossos Irm\u00e3os Primazes das demais Igrejas Ortodoxas Autoc\u00e9falas. Este apoio fraterno de Suas Beatitudes, os Primazes, a quem agradecemos de todo o cora\u00e7\u00e3o, assim como as demonstra\u00e7\u00f5es de respeito por parte do santo clero, as estimadas autoridades e pessoas de boa vontade, desde o ponto mais ao sul da \u00c1frica at\u00e9 a Sib\u00e9ria, e do Extremo Oriente at\u00e9 as fronteiras da Europa, t\u00eam provado ser fonte de inspira\u00e7\u00e3o cont\u00ednua. As muitas visitas ao Fanar por pessoas, membros do clero e leigos de outras Igrejas Ortodoxas testemunham este fato, sublinhando e refor\u00e7ando nossos inquebrant\u00e1veis la\u00e7os espirituais e a inabal\u00e1vel unidade da Igreja.<\/p>\n<p style=\"text-align: justify;\">Lembramos com carinho a magn\u00e2nima hospitalidade oferecida por nossos Irm\u00e3os Primazes e Hierarcas. Trazemos no cora\u00e7\u00e3o e na mente os piedosos e devotos fi\u00e9is que nos deram as boas-vindas com l\u00e1grimas emocionadas, e diversas outras express\u00f5es de amor sem fingimento. E n\u00e3o poder\u00edamos deixar de lembrar os devotos monges e monjas que frequentemente nos receberam e rezam sem cessar por n\u00f3s e pelos pobres da Igreja de Cristo.<\/p>\n<p style=\"text-align: justify;\">Nossa Igreja Ortodoxa \u00e9 Una, e sua cabe\u00e7a \u00e9 nosso Senhor Jesus Cristo, que nos achou digno de convocar \u2500 com o consentimento de Suas Beatitudes os Primazes \u2500 o Santo e Grande Conc\u00edlio da Igreja Ortodoxa, recentemente celebrado em Creta. Este grande acontecimento hist\u00f3rico da nossa Santa Igreja enche-nos com imensa alegria e permite-nos sentir orgulho no Senhor, pois que constitui o cume do nosso Patriarcado. O Santo e grande Conc\u00edlio mostrou a identidade conciliar da Igreja Ortodoxa e \u00e9 nosso dever \u2500tanto dos que assistimos como daqueles que n\u00e3o puderam faze-lo \u2500 receber e implementar as Decis\u00f5es deste Conc\u00edlio, bem como transmitir e cultivar o esp\u00edrito de unidade aos nossos piedosos fi\u00e9is em todo o mundo.<\/p>\n<p style=\"text-align: justify;\">Reconhecendo as exig\u00eancias de nosso tempo, temos prosseguido e avan\u00e7ado no Di\u00e1logo Teol\u00f3gico com os demais crist\u00e3os, bem como, no di\u00e1logo acad\u00eamico com outras comunidades religiosas. Reconhecemos com gratid\u00e3o e apreciamos o trabalho e a grande contribui\u00e7\u00e3o dos que participaram e seguem participando em todos esses di\u00e1logos, onde se ofereceu e continua sendo oferecido o testemunho cred\u00edvel da nossa F\u00e9 Ortodoxa.<\/p>\n<p style=\"text-align: justify;\">A desgra\u00e7a da guerra e o terrorismo em todo o planeta nunca deixou de nos preocupar. A onda de viol\u00eancia que atinge muitas regi\u00f5es do mundo tem causado a aniquila\u00e7\u00e3o dos povos e a persegui\u00e7\u00e3o aos nossos irm\u00e3os e irm\u00e3s crist\u00e3os no Oriente M\u00e9dio. N\u00f3s rezamos especialmente pelos crist\u00e3os que foram martirizados e fazemos um chamado a todas as partes implicadas para que cessem as hostilidades e atividades criminosa.<\/p>\n<p style=\"text-align: justify;\">Nossa Santa Igreja reza pela paz de todo mundo e considera o respeito \u00e0 dignidade humana e \u00e0 liberdade, um direito inalien\u00e1vel de toda e cada pessoa. N\u00e3o existem guerras \u00abSanta\u00bb.\u00a0 Somente a paz \u00e9 sagrada e constitui uma obriga\u00e7\u00e3o suprema para todos.<\/p>\n<p style=\"text-align: justify;\">Com um cora\u00e7\u00e3o aflito e profunda dor acompanhamos a trag\u00e9dia de todos os que t\u00eam sido arrancados com viol\u00eancia de seus lugares de origem e esperam por um futuro melhor e um novo lugar. Nossa recente visita ao centro de acolhida de refugiados na ilha de Lesbos, juntamente com S. Santidade, o Papa Francisco de Roma e sua beatitude, o Arcebispo Jeronimo de Atenas, sup\u00f4s um esfor\u00e7o conjunto para sensibilizar a opini\u00e3o p\u00fablica mundial sobre os nossos semelhantes, seres humanos que sofrem.<\/p>\n<p style=\"text-align: justify;\">O mundo experimenta hoje uma vasta crise financeira e social. O fen\u00f4meno da globaliza\u00e7\u00e3o provoca grande celeuma na economia internacional e desestabiliza a coes\u00e3o social, alargando o fosso entre ricos e pobres. O princ\u00edpio da autonomia da economia, que a separa economia das necessidades humanas, gera situa\u00e7\u00f5es de oportunismo e de explora\u00e7\u00e3o. Portanto, nos opomos a qualquer atividade financeira como um fim em si mesmo e propomos uma &#8216;economia com rosto humano&#8217;, uma economia que adira ao princ\u00edpio evang\u00e9lico de justi\u00e7a e solidariedade.<\/p>\n<p style=\"text-align: justify;\">Desde o in\u00edcio do nosso Patriarcado, temos estado profundamente preocupados com a preserva\u00e7\u00e3o do meio ambiente. Somos cuidadores e protetores da cria\u00e7\u00e3o de Deus, e \u00e9 nosso dever sagrado respeitar e transmitir intacto e \u00edntegro este dom divino para as gera\u00e7\u00f5es futuras. A crise espiritual e \u00e9tica da humanidade, o abuso da liberdade humana, levaram ao colapso nas rela\u00e7\u00f5es com a cria\u00e7\u00e3o e a uma distor\u00e7\u00e3o de seu correto uso. Em nossos dias, n\u00e3o apenas abusamos dos recursos naturais do nosso planeta e polu\u00edmos o meio ambiente, mas temos expandido nossa polui\u00e7\u00e3o para al\u00e9m deste nosso planeta, para o espa\u00e7o, j\u00e1 que nos \u00faltimos anos, o volume dos chamados \u00abres\u00edduos espaciais\u00bb tem aumentado dramaticamente e se fala at\u00e9 mesmo em explorar os recursos de outros corpos celestes. A \u00fanica solu\u00e7\u00e3o \u00e9 uma mudan\u00e7a radical de mentalidade, a mudan\u00e7a de uma atitude vital e consumista e focada no ac\u00famulo para um tratamento Eucar\u00edstico da cria\u00e7\u00e3o, juntamente com uma educa\u00e7\u00e3o espiritual dos jovens para que tratem o ambiente com bom senso, respeito e responsabilidade.<\/p>\n<p style=\"text-align: justify;\">Rendemos louvor e agradecimentos, em humilde ora\u00e7\u00e3o, a Deus nas alturas, pelo cumprimento destes vinte e cinco anos no leme do Primeiro Trono de Ortodoxia e dirigimo-nos a todos v\u00f3s, honor\u00e1veis irm\u00e3os e queridos filhos no Senhor, pedindo vossas ora\u00e7\u00f5es e vosso continuado e frutuoso servi\u00e7o, para a honra e a gl\u00f3ria de seu nome, \u00abque \u00e9 sobre todo o nome\u00bb (Fp 2,9).<\/p>\n<\/blockquote>\n<p style=\"text-align: right;\">No Patriarcado Ecum\u00eanico, em 22 de outubro de 2016<\/p>\n<p style=\"text-align: justify; padding-left: 30px;\">Vosso amado irm\u00e3o em Cristo e fervoroso suplicante ante Deus por todos v\u00f3s<br \/>\n\u2020 Bartolomeu de Constantinopla<\/p>\n<hr \/>\n<p style=\"text-align: right;\"><em>Tradu\u00e7\u00e3o: Pe. Andr\u00e9 Sperandio<br \/>\nFonte: <\/em><a href=\"http:\/\/sacrametropolisortodoxa.blogspot.com.br\/2016\/10\/proclamacao-patriarcal-por-ocasiao-do.html\" target=\"_blank\" rel=\"noopener noreferrer\">Sacra Metr\u00f3polis de Espa\u00f1a y Portugal \u00ad<\/a><\/p>\n","protected":false},"excerpt":{"rendered":"<p>Istambul, Turquia, 28\/10\/2016 MENSAGEM DO PATRIARCA ECUM\u00caNICO BARTOLOMEU Aos filhos do Patriarcado ecum\u00eanico em todo o mundo, no 25\u00ba anivers\u00e1rio de sua elei\u00e7\u00e3o ao Trono Ecum\u00eanico Tributemos louvor e gl\u00f3ria ao Deus Uno e Trino, que nos achou dignos de&#8230;<\/p>\n","protected":false},"author":1,"featured_media":22001,"comment_status":"open","ping_status":"open","sticky":false,"template":"","format":"standard","meta":{"_acf_changed":false,"footnotes":""},"categories":[3,72],"tags":[],"class_list":["post-21999","post","type-post","status-publish","format-standard","has-post-thumbnail","hentry","category-mundo","category-patriarcado-ecumenico","entry","rows-excerpt"],"acf":[],"yoast_head":"<!-- This site is optimized with the Yoast SEO plugin v27.4 - https:\/\/yoast.com\/product\/yoast-seo-wordpress\/ -->\n<title>Mensagem Patriarcal por ocasi\u00e3o do 25\u00ba anivers\u00e1rio da elei\u00e7\u00e3o de sua Santidade Bartolomeu I ao trono de Constantinopla | ECCLESIA NEWS<\/title>\n<meta name=\"robots\" content=\"index, follow, max-snippet:-1, max-image-preview:large, max-video-preview:-1\" \/>\n<link rel=\"canonical\" href=\"https:\/\/news.ecclesia.org.br\/?p=21999\" \/>\n<meta property=\"og:locale\" content=\"pt_BR\" \/>\n<meta property=\"og:type\" content=\"article\" \/>\n<meta property=\"og:title\" content=\"Mensagem Patriarcal por ocasi\u00e3o do 25\u00ba anivers\u00e1rio da elei\u00e7\u00e3o de sua Santidade Bartolomeu I ao trono de Constantinopla | ECCLESIA NEWS\" \/>\n<meta property=\"og:description\" content=\"Istambul, Turquia, 28\/10\/2016 MENSAGEM DO PATRIARCA ECUM\u00caNICO BARTOLOMEU Aos filhos do Patriarcado ecum\u00eanico em todo o mundo, no 25\u00ba anivers\u00e1rio de sua elei\u00e7\u00e3o ao Trono Ecum\u00eanico Tributemos louvor e gl\u00f3ria ao Deus Uno e Trino, que nos achou dignos de&#8230;\" \/>\n<meta property=\"og:url\" content=\"https:\/\/news.ecclesia.org.br\/?p=21999\" \/>\n<meta property=\"og:site_name\" content=\"ECCLESIA NEWS\" \/>\n<meta property=\"article:publisher\" content=\"https:\/\/www.facebook.com\/Ecclesia2025\" \/>\n<meta property=\"article:published_time\" content=\"2016-10-29T20:55:57+00:00\" \/>\n<meta property=\"article:modified_time\" content=\"2020-09-22T14:34:31+00:00\" \/>\n<meta property=\"og:image\" content=\"https:\/\/news.ecclesia.org.br\/wp-content\/uploads\/2016\/10\/The-green-Patriach-SAB6CB8.jpg\" \/>\n\t<meta property=\"og:image:width\" content=\"599\" \/>\n\t<meta property=\"og:image:height\" content=\"320\" \/>\n\t<meta property=\"og:image:type\" content=\"image\/jpeg\" \/>\n<meta name=\"author\" content=\"Pe. Andr\u00e9\" \/>\n<meta name=\"twitter:card\" content=\"summary_large_image\" \/>\n<meta name=\"twitter:creator\" content=\"@EcclesiaNews\" \/>\n<meta name=\"twitter:site\" content=\"@EcclesiaNews\" \/>\n<meta name=\"twitter:label1\" content=\"Escrito por\" \/>\n\t<meta name=\"twitter:data1\" content=\"Pe. Andr\u00e9\" \/>\n\t<meta name=\"twitter:label2\" content=\"Est. tempo de leitura\" \/>\n\t<meta name=\"twitter:data2\" content=\"7 minutos\" \/>\n<script type=\"application\/ld+json\" class=\"yoast-schema-graph\">{\"@context\":\"https:\\\/\\\/schema.org\",\"@graph\":[{\"@type\":\"Article\",\"@id\":\"https:\\\/\\\/news.ecclesia.org.br\\\/?p=21999#article\",\"isPartOf\":{\"@id\":\"https:\\\/\\\/news.ecclesia.org.br\\\/?p=21999\"},\"author\":{\"name\":\"Pe. Andr\u00e9\",\"@id\":\"https:\\\/\\\/news.ecclesia.org.br\\\/#\\\/schema\\\/person\\\/6f09597f025829745ba414a569f63758\"},\"headline\":\"Mensagem Patriarcal por ocasi\u00e3o do 25\u00ba anivers\u00e1rio da elei\u00e7\u00e3o de sua Santidade Bartolomeu I ao trono de Constantinopla\",\"datePublished\":\"2016-10-29T20:55:57+00:00\",\"dateModified\":\"2020-09-22T14:34:31+00:00\",\"mainEntityOfPage\":{\"@id\":\"https:\\\/\\\/news.ecclesia.org.br\\\/?p=21999\"},\"wordCount\":1374,\"commentCount\":0,\"publisher\":{\"@id\":\"https:\\\/\\\/news.ecclesia.org.br\\\/#organization\"},\"image\":{\"@id\":\"https:\\\/\\\/news.ecclesia.org.br\\\/?p=21999#primaryimage\"},\"thumbnailUrl\":\"https:\\\/\\\/news.ecclesia.org.br\\\/wp-content\\\/uploads\\\/2016\\\/10\\\/The-green-Patriach-SAB6CB8.jpg\",\"articleSection\":[\"Mundo Ortodoxo\",\"Patriarcado Ecum\u00eanico\"],\"inLanguage\":\"pt-BR\",\"potentialAction\":[{\"@type\":\"CommentAction\",\"name\":\"Comment\",\"target\":[\"https:\\\/\\\/news.ecclesia.org.br\\\/?p=21999#respond\"]}]},{\"@type\":\"WebPage\",\"@id\":\"https:\\\/\\\/news.ecclesia.org.br\\\/?p=21999\",\"url\":\"https:\\\/\\\/news.ecclesia.org.br\\\/?p=21999\",\"name\":\"Mensagem Patriarcal por ocasi\u00e3o do 25\u00ba anivers\u00e1rio da elei\u00e7\u00e3o de sua Santidade Bartolomeu I ao trono de Constantinopla | ECCLESIA NEWS\",\"isPartOf\":{\"@id\":\"https:\\\/\\\/news.ecclesia.org.br\\\/#website\"},\"primaryImageOfPage\":{\"@id\":\"https:\\\/\\\/news.ecclesia.org.br\\\/?p=21999#primaryimage\"},\"image\":{\"@id\":\"https:\\\/\\\/news.ecclesia.org.br\\\/?p=21999#primaryimage\"},\"thumbnailUrl\":\"https:\\\/\\\/news.ecclesia.org.br\\\/wp-content\\\/uploads\\\/2016\\\/10\\\/The-green-Patriach-SAB6CB8.jpg\",\"datePublished\":\"2016-10-29T20:55:57+00:00\",\"dateModified\":\"2020-09-22T14:34:31+00:00\",\"breadcrumb\":{\"@id\":\"https:\\\/\\\/news.ecclesia.org.br\\\/?p=21999#breadcrumb\"},\"inLanguage\":\"pt-BR\",\"potentialAction\":[{\"@type\":\"ReadAction\",\"target\":[\"https:\\\/\\\/news.ecclesia.org.br\\\/?p=21999\"]}]},{\"@type\":\"ImageObject\",\"inLanguage\":\"pt-BR\",\"@id\":\"https:\\\/\\\/news.ecclesia.org.br\\\/?p=21999#primaryimage\",\"url\":\"https:\\\/\\\/news.ecclesia.org.br\\\/wp-content\\\/uploads\\\/2016\\\/10\\\/The-green-Patriach-SAB6CB8.jpg\",\"contentUrl\":\"https:\\\/\\\/news.ecclesia.org.br\\\/wp-content\\\/uploads\\\/2016\\\/10\\\/The-green-Patriach-SAB6CB8.jpg\",\"width\":599,\"height\":320},{\"@type\":\"BreadcrumbList\",\"@id\":\"https:\\\/\\\/news.ecclesia.org.br\\\/?p=21999#breadcrumb\",\"itemListElement\":[{\"@type\":\"ListItem\",\"position\":1,\"name\":\"In\u00edcio\",\"item\":\"https:\\\/\\\/news.ecclesia.org.br\\\/\"},{\"@type\":\"ListItem\",\"position\":2,\"name\":\"Mensagem Patriarcal por ocasi\u00e3o do 25\u00ba anivers\u00e1rio da elei\u00e7\u00e3o de sua Santidade Bartolomeu I ao trono de Constantinopla\"}]},{\"@type\":\"WebSite\",\"@id\":\"https:\\\/\\\/news.ecclesia.org.br\\\/#website\",\"url\":\"https:\\\/\\\/news.ecclesia.org.br\\\/\",\"name\":\"Ecclesia Brasil\",\"description\":\"Desde 2003 onectando o Brasil ao mundo ortodoxo!\",\"publisher\":{\"@id\":\"https:\\\/\\\/news.ecclesia.org.br\\\/#organization\"},\"alternateName\":\"Ecclesia\",\"potentialAction\":[{\"@type\":\"SearchAction\",\"target\":{\"@type\":\"EntryPoint\",\"urlTemplate\":\"https:\\\/\\\/news.ecclesia.org.br\\\/?s={search_term_string}\"},\"query-input\":{\"@type\":\"PropertyValueSpecification\",\"valueRequired\":true,\"valueName\":\"search_term_string\"}}],\"inLanguage\":\"pt-BR\"},{\"@type\":\"Organization\",\"@id\":\"https:\\\/\\\/news.ecclesia.org.br\\\/#organization\",\"name\":\"Sacra Arquidiocese de Buenos Aires e Am\u00e9rica do Sul | Patriarcado Ecum\u00eanico\",\"alternateName\":\"News Ecclesia Brasil\",\"url\":\"https:\\\/\\\/news.ecclesia.org.br\\\/\",\"logo\":{\"@type\":\"ImageObject\",\"inLanguage\":\"pt-BR\",\"@id\":\"https:\\\/\\\/news.ecclesia.org.br\\\/#\\\/schema\\\/logo\\\/image\\\/\",\"url\":\"https:\\\/\\\/news.ecclesia.org.br\\\/wp-content\\\/uploads\\\/2025\\\/05\\\/ecclesia2.png\",\"contentUrl\":\"https:\\\/\\\/news.ecclesia.org.br\\\/wp-content\\\/uploads\\\/2025\\\/05\\\/ecclesia2.png\",\"width\":480,\"height\":120,\"caption\":\"Sacra Arquidiocese de Buenos Aires e Am\u00e9rica do Sul | Patriarcado Ecum\u00eanico\"},\"image\":{\"@id\":\"https:\\\/\\\/news.ecclesia.org.br\\\/#\\\/schema\\\/logo\\\/image\\\/\"},\"sameAs\":[\"https:\\\/\\\/www.facebook.com\\\/Ecclesia2025\",\"https:\\\/\\\/x.com\\\/EcclesiaNews\",\"https:\\\/\\\/br.pinterest.com\\\/ekklisia\\\/\",\"https:\\\/\\\/www.youtube.com\\\/@EcclesiaBrasil\"]},{\"@type\":\"Person\",\"@id\":\"https:\\\/\\\/news.ecclesia.org.br\\\/#\\\/schema\\\/person\\\/6f09597f025829745ba414a569f63758\",\"name\":\"Pe. Andr\u00e9\",\"image\":{\"@type\":\"ImageObject\",\"inLanguage\":\"pt-BR\",\"@id\":\"https:\\\/\\\/secure.gravatar.com\\\/avatar\\\/b4327cfa27e9799da239a26adcd534fc29cdc0c4a4a148eecbcfeb9b42c617ac?s=96&d=mm&r=g\",\"url\":\"https:\\\/\\\/secure.gravatar.com\\\/avatar\\\/b4327cfa27e9799da239a26adcd534fc29cdc0c4a4a148eecbcfeb9b42c617ac?s=96&d=mm&r=g\",\"contentUrl\":\"https:\\\/\\\/secure.gravatar.com\\\/avatar\\\/b4327cfa27e9799da239a26adcd534fc29cdc0c4a4a148eecbcfeb9b42c617ac?s=96&d=mm&r=g\",\"caption\":\"Pe. Andr\u00e9\"},\"sameAs\":[\"https:\\\/\\\/www.ecclesia.org.br\"]}]}<\/script>\n<!-- \/ Yoast SEO plugin. -->","yoast_head_json":{"title":"Mensagem Patriarcal por ocasi\u00e3o do 25\u00ba anivers\u00e1rio da elei\u00e7\u00e3o de sua Santidade Bartolomeu I ao trono de Constantinopla | ECCLESIA NEWS","robots":{"index":"index","follow":"follow","max-snippet":"max-snippet:-1","max-image-preview":"max-image-preview:large","max-video-preview":"max-video-preview:-1"},"canonical":"https:\/\/news.ecclesia.org.br\/?p=21999","og_locale":"pt_BR","og_type":"article","og_title":"Mensagem Patriarcal por ocasi\u00e3o do 25\u00ba anivers\u00e1rio da elei\u00e7\u00e3o de sua Santidade Bartolomeu I ao trono de Constantinopla | ECCLESIA NEWS","og_description":"Istambul, Turquia, 28\/10\/2016 MENSAGEM DO PATRIARCA ECUM\u00caNICO BARTOLOMEU Aos filhos do Patriarcado ecum\u00eanico em todo o mundo, no 25\u00ba anivers\u00e1rio de sua elei\u00e7\u00e3o ao Trono Ecum\u00eanico Tributemos louvor e gl\u00f3ria ao Deus Uno e Trino, que nos achou dignos de&#8230;","og_url":"https:\/\/news.ecclesia.org.br\/?p=21999","og_site_name":"ECCLESIA NEWS","article_publisher":"https:\/\/www.facebook.com\/Ecclesia2025","article_published_time":"2016-10-29T20:55:57+00:00","article_modified_time":"2020-09-22T14:34:31+00:00","og_image":[{"width":599,"height":320,"url":"https:\/\/news.ecclesia.org.br\/wp-content\/uploads\/2016\/10\/The-green-Patriach-SAB6CB8.jpg","type":"image\/jpeg"}],"author":"Pe. Andr\u00e9","twitter_card":"summary_large_image","twitter_creator":"@EcclesiaNews","twitter_site":"@EcclesiaNews","twitter_misc":{"Escrito por":"Pe. Andr\u00e9","Est. tempo de leitura":"7 minutos"},"schema":{"@context":"https:\/\/schema.org","@graph":[{"@type":"Article","@id":"https:\/\/news.ecclesia.org.br\/?p=21999#article","isPartOf":{"@id":"https:\/\/news.ecclesia.org.br\/?p=21999"},"author":{"name":"Pe. Andr\u00e9","@id":"https:\/\/news.ecclesia.org.br\/#\/schema\/person\/6f09597f025829745ba414a569f63758"},"headline":"Mensagem Patriarcal por ocasi\u00e3o do 25\u00ba anivers\u00e1rio da elei\u00e7\u00e3o de sua Santidade Bartolomeu I ao trono de Constantinopla","datePublished":"2016-10-29T20:55:57+00:00","dateModified":"2020-09-22T14:34:31+00:00","mainEntityOfPage":{"@id":"https:\/\/news.ecclesia.org.br\/?p=21999"},"wordCount":1374,"commentCount":0,"publisher":{"@id":"https:\/\/news.ecclesia.org.br\/#organization"},"image":{"@id":"https:\/\/news.ecclesia.org.br\/?p=21999#primaryimage"},"thumbnailUrl":"https:\/\/news.ecclesia.org.br\/wp-content\/uploads\/2016\/10\/The-green-Patriach-SAB6CB8.jpg","articleSection":["Mundo Ortodoxo","Patriarcado Ecum\u00eanico"],"inLanguage":"pt-BR","potentialAction":[{"@type":"CommentAction","name":"Comment","target":["https:\/\/news.ecclesia.org.br\/?p=21999#respond"]}]},{"@type":"WebPage","@id":"https:\/\/news.ecclesia.org.br\/?p=21999","url":"https:\/\/news.ecclesia.org.br\/?p=21999","name":"Mensagem Patriarcal por ocasi\u00e3o do 25\u00ba anivers\u00e1rio da elei\u00e7\u00e3o de sua Santidade Bartolomeu I ao trono de Constantinopla | ECCLESIA NEWS","isPartOf":{"@id":"https:\/\/news.ecclesia.org.br\/#website"},"primaryImageOfPage":{"@id":"https:\/\/news.ecclesia.org.br\/?p=21999#primaryimage"},"image":{"@id":"https:\/\/news.ecclesia.org.br\/?p=21999#primaryimage"},"thumbnailUrl":"https:\/\/news.ecclesia.org.br\/wp-content\/uploads\/2016\/10\/The-green-Patriach-SAB6CB8.jpg","datePublished":"2016-10-29T20:55:57+00:00","dateModified":"2020-09-22T14:34:31+00:00","breadcrumb":{"@id":"https:\/\/news.ecclesia.org.br\/?p=21999#breadcrumb"},"inLanguage":"pt-BR","potentialAction":[{"@type":"ReadAction","target":["https:\/\/news.ecclesia.org.br\/?p=21999"]}]},{"@type":"ImageObject","inLanguage":"pt-BR","@id":"https:\/\/news.ecclesia.org.br\/?p=21999#primaryimage","url":"https:\/\/news.ecclesia.org.br\/wp-content\/uploads\/2016\/10\/The-green-Patriach-SAB6CB8.jpg","contentUrl":"https:\/\/news.ecclesia.org.br\/wp-content\/uploads\/2016\/10\/The-green-Patriach-SAB6CB8.jpg","width":599,"height":320},{"@type":"BreadcrumbList","@id":"https:\/\/news.ecclesia.org.br\/?p=21999#breadcrumb","itemListElement":[{"@type":"ListItem","position":1,"name":"In\u00edcio","item":"https:\/\/news.ecclesia.org.br\/"},{"@type":"ListItem","position":2,"name":"Mensagem Patriarcal por ocasi\u00e3o do 25\u00ba anivers\u00e1rio da elei\u00e7\u00e3o de sua Santidade Bartolomeu I ao trono de Constantinopla"}]},{"@type":"WebSite","@id":"https:\/\/news.ecclesia.org.br\/#website","url":"https:\/\/news.ecclesia.org.br\/","name":"Ecclesia Brasil","description":"Desde 2003 onectando o Brasil ao mundo ortodoxo!","publisher":{"@id":"https:\/\/news.ecclesia.org.br\/#organization"},"alternateName":"Ecclesia","potentialAction":[{"@type":"SearchAction","target":{"@type":"EntryPoint","urlTemplate":"https:\/\/news.ecclesia.org.br\/?s={search_term_string}"},"query-input":{"@type":"PropertyValueSpecification","valueRequired":true,"valueName":"search_term_string"}}],"inLanguage":"pt-BR"},{"@type":"Organization","@id":"https:\/\/news.ecclesia.org.br\/#organization","name":"Sacra Arquidiocese de Buenos Aires e Am\u00e9rica do Sul | Patriarcado Ecum\u00eanico","alternateName":"News Ecclesia Brasil","url":"https:\/\/news.ecclesia.org.br\/","logo":{"@type":"ImageObject","inLanguage":"pt-BR","@id":"https:\/\/news.ecclesia.org.br\/#\/schema\/logo\/image\/","url":"https:\/\/news.ecclesia.org.br\/wp-content\/uploads\/2025\/05\/ecclesia2.png","contentUrl":"https:\/\/news.ecclesia.org.br\/wp-content\/uploads\/2025\/05\/ecclesia2.png","width":480,"height":120,"caption":"Sacra Arquidiocese de Buenos Aires e Am\u00e9rica do Sul | Patriarcado Ecum\u00eanico"},"image":{"@id":"https:\/\/news.ecclesia.org.br\/#\/schema\/logo\/image\/"},"sameAs":["https:\/\/www.facebook.com\/Ecclesia2025","https:\/\/x.com\/EcclesiaNews","https:\/\/br.pinterest.com\/ekklisia\/","https:\/\/www.youtube.com\/@EcclesiaBrasil"]},{"@type":"Person","@id":"https:\/\/news.ecclesia.org.br\/#\/schema\/person\/6f09597f025829745ba414a569f63758","name":"Pe. Andr\u00e9","image":{"@type":"ImageObject","inLanguage":"pt-BR","@id":"https:\/\/secure.gravatar.com\/avatar\/b4327cfa27e9799da239a26adcd534fc29cdc0c4a4a148eecbcfeb9b42c617ac?s=96&d=mm&r=g","url":"https:\/\/secure.gravatar.com\/avatar\/b4327cfa27e9799da239a26adcd534fc29cdc0c4a4a148eecbcfeb9b42c617ac?s=96&d=mm&r=g","contentUrl":"https:\/\/secure.gravatar.com\/avatar\/b4327cfa27e9799da239a26adcd534fc29cdc0c4a4a148eecbcfeb9b42c617ac?s=96&d=mm&r=g","caption":"Pe. Andr\u00e9"},"sameAs":["https:\/\/www.ecclesia.org.br"]}]}},"_links":{"self":[{"href":"https:\/\/news.ecclesia.org.br\/index.php?rest_route=\/wp\/v2\/posts\/21999","targetHints":{"allow":["GET"]}}],"collection":[{"href":"https:\/\/news.ecclesia.org.br\/index.php?rest_route=\/wp\/v2\/posts"}],"about":[{"href":"https:\/\/news.ecclesia.org.br\/index.php?rest_route=\/wp\/v2\/types\/post"}],"author":[{"embeddable":true,"href":"https:\/\/news.ecclesia.org.br\/index.php?rest_route=\/wp\/v2\/users\/1"}],"replies":[{"embeddable":true,"href":"https:\/\/news.ecclesia.org.br\/index.php?rest_route=%2Fwp%2Fv2%2Fcomments&post=21999"}],"version-history":[{"count":2,"href":"https:\/\/news.ecclesia.org.br\/index.php?rest_route=\/wp\/v2\/posts\/21999\/revisions"}],"predecessor-version":[{"id":34000,"href":"https:\/\/news.ecclesia.org.br\/index.php?rest_route=\/wp\/v2\/posts\/21999\/revisions\/34000"}],"wp:featuredmedia":[{"embeddable":true,"href":"https:\/\/news.ecclesia.org.br\/index.php?rest_route=\/wp\/v2\/media\/22001"}],"wp:attachment":[{"href":"https:\/\/news.ecclesia.org.br\/index.php?rest_route=%2Fwp%2Fv2%2Fmedia&parent=21999"}],"wp:term":[{"taxonomy":"category","embeddable":true,"href":"https:\/\/news.ecclesia.org.br\/index.php?rest_route=%2Fwp%2Fv2%2Fcategories&post=21999"},{"taxonomy":"post_tag","embeddable":true,"href":"https:\/\/news.ecclesia.org.br\/index.php?rest_route=%2Fwp%2Fv2%2Ftags&post=21999"}],"curies":[{"name":"wp","href":"https:\/\/api.w.org\/{rel}","templated":true}]}}