{"id":21970,"date":"2016-10-26T21:44:56","date_gmt":"2016-10-26T21:44:56","guid":{"rendered":"https:\/\/news.ecclesia.org.br\/2013\/?p=21970"},"modified":"2016-10-26T21:47:01","modified_gmt":"2016-10-26T21:47:01","slug":"nomeado-um-ima-permanente-para-hagia-sophia-de-constantinopla","status":"publish","type":"post","link":"https:\/\/news.ecclesia.org.br\/?p=21970","title":{"rendered":"Nomeado um im\u00e3 permanente para Hagia Sophia de Constantinopla"},"content":{"rendered":"<p style=\"text-align: justify;\"><strong><a href=\"https:\/\/news.ecclesia.org.br\/2013\/wp-content\/uploads\/2016\/10\/hagia-sophia-Quran-recitation.jpg\"><img fetchpriority=\"high\" decoding=\"async\" class=\"alignleft size-medium wp-image-21971\" src=\"https:\/\/news.ecclesia.org.br\/2013\/wp-content\/uploads\/2016\/10\/hagia-sophia-Quran-recitation-300x185.jpg\" alt=\"hagia-sophia-quran-recitation\" width=\"300\" height=\"185\" srcset=\"https:\/\/news.ecclesia.org.br\/wp-content\/uploads\/2016\/10\/hagia-sophia-Quran-recitation-300x185.jpg 300w, https:\/\/news.ecclesia.org.br\/wp-content\/uploads\/2016\/10\/hagia-sophia-Quran-recitation-600x369.jpg 600w, https:\/\/news.ecclesia.org.br\/wp-content\/uploads\/2016\/10\/hagia-sophia-Quran-recitation-89x55.jpg 89w, https:\/\/news.ecclesia.org.br\/wp-content\/uploads\/2016\/10\/hagia-sophia-Quran-recitation-210x130.jpg 210w, https:\/\/news.ecclesia.org.br\/wp-content\/uploads\/2016\/10\/hagia-sophia-Quran-recitation.jpg 700w\" sizes=\"(max-width: 300px) 100vw, 300px\" \/><\/a><\/strong>Por Philip Chrysopoulos \u2013 21 de outubro de 2016 &#8212; As tentativas do governo turco de transformar Santa Sofia de Constantinopla em Mesquita isl\u00e2mica continuam.<\/p>\n<p style=\"text-align: justify;\">Assim, a posi\u00e7\u00e3o do im\u00e3 em Hagia Sophia, que foi criada em 1936, mas que permaneceu vaga por anos, agora \u00e9 preenchida com a nomea\u00e7\u00e3o de um im\u00e3 permanente, conforme apontado pela m\u00eddia turca.<\/p>\n<blockquote>\n<p style=\"text-align: justify;\">\u00abAgora, nos quatro minaretes externos de Santa Sofia, vamos ouvir a voz do im\u00e3 cinco vezes ao dia, enquanto que antes, era apenas duas vezes\u00bb, revelaram os meios de comunica\u00e7\u00e3o turcos.<\/p>\n<\/blockquote>\n<p style=\"text-align: justify;\">De acordo com a decis\u00e3o do distrito de Mufti Fatih e do Departamento de Assuntos Religiosos que depende Hagia Sophia, o novo im\u00e3 permanente ser\u00e1 respons\u00e1vel por todas as ora\u00e7\u00f5es di\u00e1rias, como informa o jornal grego \u00abTypos Eletheros\u00bb.<\/p>\n<p style=\"text-align: justify;\">Hagia Sophia, a grande catedral ortodoxa de Constantinopla e do Imp\u00e9rio Bizantino, foi convertida em mesquita em 1453, ap\u00f3s a queda de Constantinopla pelo Imp\u00e9rio Otomano, rebatizada de Istambul. Foi transformada em mesquita e esta situa\u00e7\u00e3o continuou at\u00e9 1931, quando o edif\u00edcio foi secularizado e transformado em 1935 em um museu. Desde 2010, v\u00e1rios funcion\u00e1rios turcos t\u00eam chamado para a transforma\u00e7\u00e3o de Hagia Sophia em uma mesquita.<\/p>\n<p style=\"text-align: justify;\">Desde 2010, v\u00e1rios funcion\u00e1rios turcos v\u00eam insistindo para que Hagia Sophia volte a ser novamente uma mesquita. Em 2015, o Mufti de Ancara, Mefail H\u0131zl\u0131, disse acreditar que a convers\u00e3o de Hagia Sophia em mesquita ser\u00e1 acelerada.<\/p>\n<p style=\"text-align: justify;\">Em 1\u00ba de julho de 2016, pela primeira vez em 85 anos, o Alcor\u00e3o foi lido no interior de Hagia Sophia por um muezzin.<\/p>\n<p style=\"text-align: justify;\">No \u00faltimo s\u00e1bado o muezim permanente cantou o <em>azan<\/em>, chamado mu\u00e7ulmano para a ora\u00e7\u00e3o em Hagia Sophia.<\/p>\n<p style=\"text-align: right;\">Fonte: <a href=\"http:\/\/eu.greekreporter.com\/2016\/10\/21\/permanent-imam-is-appointed-at-hagia-sophia\/\" target=\"_blank\">Greek Reporter<\/a><\/p>\n","protected":false},"excerpt":{"rendered":"<p>Por Philip Chrysopoulos \u2013 21 de outubro de 2016 &#8212; As tentativas do governo turco de transformar Santa Sofia de Constantinopla em Mesquita isl\u00e2mica continuam. Assim, a posi\u00e7\u00e3o do im\u00e3 em Hagia Sophia, que foi criada em 1936, mas que&#8230;<\/p>\n","protected":false},"author":1,"featured_media":21971,"comment_status":"open","ping_status":"open","sticky":false,"template":"","format":"standard","meta":{"_acf_changed":false,"footnotes":""},"categories":[3,1,72],"tags":[],"class_list":["post-21970","post","type-post","status-publish","format-standard","has-post-thumbnail","hentry","category-mundo","category-news","category-patriarcado-ecumenico","entry","rows-excerpt"],"acf":[],"yoast_head":"<!-- This site is optimized with the Yoast SEO plugin v27.4 - https:\/\/yoast.com\/product\/yoast-seo-wordpress\/ -->\n<title>Nomeado um im\u00e3 permanente para Hagia Sophia de Constantinopla | ECCLESIA NEWS<\/title>\n<meta name=\"robots\" content=\"index, follow, max-snippet:-1, max-image-preview:large, max-video-preview:-1\" \/>\n<link rel=\"canonical\" href=\"https:\/\/news.ecclesia.org.br\/?p=21970\" \/>\n<meta property=\"og:locale\" content=\"pt_BR\" \/>\n<meta property=\"og:type\" content=\"article\" \/>\n<meta property=\"og:title\" content=\"Nomeado um im\u00e3 permanente para Hagia Sophia de Constantinopla | ECCLESIA NEWS\" \/>\n<meta property=\"og:description\" content=\"Por Philip Chrysopoulos \u2013 21 de outubro de 2016 &#8212; As tentativas do governo turco de transformar Santa Sofia de Constantinopla em Mesquita isl\u00e2mica continuam. Assim, a posi\u00e7\u00e3o do im\u00e3 em Hagia Sophia, que foi criada em 1936, mas que&#8230;\" \/>\n<meta property=\"og:url\" content=\"https:\/\/news.ecclesia.org.br\/?p=21970\" \/>\n<meta property=\"og:site_name\" content=\"ECCLESIA NEWS\" \/>\n<meta property=\"article:publisher\" content=\"https:\/\/www.facebook.com\/Ecclesia2025\" \/>\n<meta property=\"article:published_time\" content=\"2016-10-26T21:44:56+00:00\" \/>\n<meta property=\"article:modified_time\" content=\"2016-10-26T21:47:01+00:00\" \/>\n<meta property=\"og:image\" content=\"https:\/\/news.ecclesia.org.br\/wp-content\/uploads\/2016\/10\/hagia-sophia-Quran-recitation.jpg\" \/>\n\t<meta property=\"og:image:width\" content=\"700\" \/>\n\t<meta property=\"og:image:height\" content=\"431\" \/>\n\t<meta property=\"og:image:type\" content=\"image\/jpeg\" \/>\n<meta name=\"author\" content=\"Pe. Andr\u00e9\" \/>\n<meta name=\"twitter:card\" content=\"summary_large_image\" \/>\n<meta name=\"twitter:creator\" content=\"@EcclesiaNews\" \/>\n<meta name=\"twitter:site\" content=\"@EcclesiaNews\" \/>\n<meta name=\"twitter:label1\" content=\"Escrito por\" \/>\n\t<meta name=\"twitter:data1\" content=\"Pe. Andr\u00e9\" \/>\n\t<meta name=\"twitter:label2\" content=\"Est. tempo de leitura\" \/>\n\t<meta name=\"twitter:data2\" content=\"1 minuto\" \/>\n<script type=\"application\/ld+json\" class=\"yoast-schema-graph\">{\"@context\":\"https:\\\/\\\/schema.org\",\"@graph\":[{\"@type\":\"Article\",\"@id\":\"https:\\\/\\\/news.ecclesia.org.br\\\/?p=21970#article\",\"isPartOf\":{\"@id\":\"https:\\\/\\\/news.ecclesia.org.br\\\/?p=21970\"},\"author\":{\"name\":\"Pe. Andr\u00e9\",\"@id\":\"https:\\\/\\\/news.ecclesia.org.br\\\/#\\\/schema\\\/person\\\/6f09597f025829745ba414a569f63758\"},\"headline\":\"Nomeado um im\u00e3 permanente para Hagia Sophia de Constantinopla\",\"datePublished\":\"2016-10-26T21:44:56+00:00\",\"dateModified\":\"2016-10-26T21:47:01+00:00\",\"mainEntityOfPage\":{\"@id\":\"https:\\\/\\\/news.ecclesia.org.br\\\/?p=21970\"},\"wordCount\":298,\"commentCount\":2,\"publisher\":{\"@id\":\"https:\\\/\\\/news.ecclesia.org.br\\\/#organization\"},\"image\":{\"@id\":\"https:\\\/\\\/news.ecclesia.org.br\\\/?p=21970#primaryimage\"},\"thumbnailUrl\":\"https:\\\/\\\/news.ecclesia.org.br\\\/wp-content\\\/uploads\\\/2016\\\/10\\\/hagia-sophia-Quran-recitation.jpg\",\"articleSection\":[\"Mundo Ortodoxo\",\"NEWS\",\"Patriarcado Ecum\u00eanico\"],\"inLanguage\":\"pt-BR\",\"potentialAction\":[{\"@type\":\"CommentAction\",\"name\":\"Comment\",\"target\":[\"https:\\\/\\\/news.ecclesia.org.br\\\/?p=21970#respond\"]}]},{\"@type\":\"WebPage\",\"@id\":\"https:\\\/\\\/news.ecclesia.org.br\\\/?p=21970\",\"url\":\"https:\\\/\\\/news.ecclesia.org.br\\\/?p=21970\",\"name\":\"Nomeado um im\u00e3 permanente para Hagia Sophia de Constantinopla | ECCLESIA NEWS\",\"isPartOf\":{\"@id\":\"https:\\\/\\\/news.ecclesia.org.br\\\/#website\"},\"primaryImageOfPage\":{\"@id\":\"https:\\\/\\\/news.ecclesia.org.br\\\/?p=21970#primaryimage\"},\"image\":{\"@id\":\"https:\\\/\\\/news.ecclesia.org.br\\\/?p=21970#primaryimage\"},\"thumbnailUrl\":\"https:\\\/\\\/news.ecclesia.org.br\\\/wp-content\\\/uploads\\\/2016\\\/10\\\/hagia-sophia-Quran-recitation.jpg\",\"datePublished\":\"2016-10-26T21:44:56+00:00\",\"dateModified\":\"2016-10-26T21:47:01+00:00\",\"breadcrumb\":{\"@id\":\"https:\\\/\\\/news.ecclesia.org.br\\\/?p=21970#breadcrumb\"},\"inLanguage\":\"pt-BR\",\"potentialAction\":[{\"@type\":\"ReadAction\",\"target\":[\"https:\\\/\\\/news.ecclesia.org.br\\\/?p=21970\"]}]},{\"@type\":\"ImageObject\",\"inLanguage\":\"pt-BR\",\"@id\":\"https:\\\/\\\/news.ecclesia.org.br\\\/?p=21970#primaryimage\",\"url\":\"https:\\\/\\\/news.ecclesia.org.br\\\/wp-content\\\/uploads\\\/2016\\\/10\\\/hagia-sophia-Quran-recitation.jpg\",\"contentUrl\":\"https:\\\/\\\/news.ecclesia.org.br\\\/wp-content\\\/uploads\\\/2016\\\/10\\\/hagia-sophia-Quran-recitation.jpg\",\"width\":700,\"height\":431},{\"@type\":\"BreadcrumbList\",\"@id\":\"https:\\\/\\\/news.ecclesia.org.br\\\/?p=21970#breadcrumb\",\"itemListElement\":[{\"@type\":\"ListItem\",\"position\":1,\"name\":\"In\u00edcio\",\"item\":\"https:\\\/\\\/news.ecclesia.org.br\\\/\"},{\"@type\":\"ListItem\",\"position\":2,\"name\":\"Nomeado um im\u00e3 permanente para Hagia Sophia de Constantinopla\"}]},{\"@type\":\"WebSite\",\"@id\":\"https:\\\/\\\/news.ecclesia.org.br\\\/#website\",\"url\":\"https:\\\/\\\/news.ecclesia.org.br\\\/\",\"name\":\"Ecclesia Brasil\",\"description\":\"Desde 2003 onectando o Brasil ao mundo ortodoxo!\",\"publisher\":{\"@id\":\"https:\\\/\\\/news.ecclesia.org.br\\\/#organization\"},\"alternateName\":\"Ecclesia\",\"potentialAction\":[{\"@type\":\"SearchAction\",\"target\":{\"@type\":\"EntryPoint\",\"urlTemplate\":\"https:\\\/\\\/news.ecclesia.org.br\\\/?s={search_term_string}\"},\"query-input\":{\"@type\":\"PropertyValueSpecification\",\"valueRequired\":true,\"valueName\":\"search_term_string\"}}],\"inLanguage\":\"pt-BR\"},{\"@type\":\"Organization\",\"@id\":\"https:\\\/\\\/news.ecclesia.org.br\\\/#organization\",\"name\":\"Sacra Arquidiocese de Buenos Aires e Am\u00e9rica do Sul | Patriarcado Ecum\u00eanico\",\"alternateName\":\"News Ecclesia Brasil\",\"url\":\"https:\\\/\\\/news.ecclesia.org.br\\\/\",\"logo\":{\"@type\":\"ImageObject\",\"inLanguage\":\"pt-BR\",\"@id\":\"https:\\\/\\\/news.ecclesia.org.br\\\/#\\\/schema\\\/logo\\\/image\\\/\",\"url\":\"https:\\\/\\\/news.ecclesia.org.br\\\/wp-content\\\/uploads\\\/2025\\\/05\\\/ecclesia2.png\",\"contentUrl\":\"https:\\\/\\\/news.ecclesia.org.br\\\/wp-content\\\/uploads\\\/2025\\\/05\\\/ecclesia2.png\",\"width\":480,\"height\":120,\"caption\":\"Sacra Arquidiocese de Buenos Aires e Am\u00e9rica do Sul | Patriarcado Ecum\u00eanico\"},\"image\":{\"@id\":\"https:\\\/\\\/news.ecclesia.org.br\\\/#\\\/schema\\\/logo\\\/image\\\/\"},\"sameAs\":[\"https:\\\/\\\/www.facebook.com\\\/Ecclesia2025\",\"https:\\\/\\\/x.com\\\/EcclesiaNews\",\"https:\\\/\\\/br.pinterest.com\\\/ekklisia\\\/\",\"https:\\\/\\\/www.youtube.com\\\/@EcclesiaBrasil\"]},{\"@type\":\"Person\",\"@id\":\"https:\\\/\\\/news.ecclesia.org.br\\\/#\\\/schema\\\/person\\\/6f09597f025829745ba414a569f63758\",\"name\":\"Pe. Andr\u00e9\",\"image\":{\"@type\":\"ImageObject\",\"inLanguage\":\"pt-BR\",\"@id\":\"https:\\\/\\\/secure.gravatar.com\\\/avatar\\\/b4327cfa27e9799da239a26adcd534fc29cdc0c4a4a148eecbcfeb9b42c617ac?s=96&d=mm&r=g\",\"url\":\"https:\\\/\\\/secure.gravatar.com\\\/avatar\\\/b4327cfa27e9799da239a26adcd534fc29cdc0c4a4a148eecbcfeb9b42c617ac?s=96&d=mm&r=g\",\"contentUrl\":\"https:\\\/\\\/secure.gravatar.com\\\/avatar\\\/b4327cfa27e9799da239a26adcd534fc29cdc0c4a4a148eecbcfeb9b42c617ac?s=96&d=mm&r=g\",\"caption\":\"Pe. Andr\u00e9\"},\"sameAs\":[\"https:\\\/\\\/www.ecclesia.org.br\"]}]}<\/script>\n<!-- \/ Yoast SEO plugin. -->","yoast_head_json":{"title":"Nomeado um im\u00e3 permanente para Hagia Sophia de Constantinopla | ECCLESIA NEWS","robots":{"index":"index","follow":"follow","max-snippet":"max-snippet:-1","max-image-preview":"max-image-preview:large","max-video-preview":"max-video-preview:-1"},"canonical":"https:\/\/news.ecclesia.org.br\/?p=21970","og_locale":"pt_BR","og_type":"article","og_title":"Nomeado um im\u00e3 permanente para Hagia Sophia de Constantinopla | ECCLESIA NEWS","og_description":"Por Philip Chrysopoulos \u2013 21 de outubro de 2016 &#8212; As tentativas do governo turco de transformar Santa Sofia de Constantinopla em Mesquita isl\u00e2mica continuam. Assim, a posi\u00e7\u00e3o do im\u00e3 em Hagia Sophia, que foi criada em 1936, mas que&#8230;","og_url":"https:\/\/news.ecclesia.org.br\/?p=21970","og_site_name":"ECCLESIA NEWS","article_publisher":"https:\/\/www.facebook.com\/Ecclesia2025","article_published_time":"2016-10-26T21:44:56+00:00","article_modified_time":"2016-10-26T21:47:01+00:00","og_image":[{"width":700,"height":431,"url":"https:\/\/news.ecclesia.org.br\/wp-content\/uploads\/2016\/10\/hagia-sophia-Quran-recitation.jpg","type":"image\/jpeg"}],"author":"Pe. Andr\u00e9","twitter_card":"summary_large_image","twitter_creator":"@EcclesiaNews","twitter_site":"@EcclesiaNews","twitter_misc":{"Escrito por":"Pe. Andr\u00e9","Est. tempo de leitura":"1 minuto"},"schema":{"@context":"https:\/\/schema.org","@graph":[{"@type":"Article","@id":"https:\/\/news.ecclesia.org.br\/?p=21970#article","isPartOf":{"@id":"https:\/\/news.ecclesia.org.br\/?p=21970"},"author":{"name":"Pe. Andr\u00e9","@id":"https:\/\/news.ecclesia.org.br\/#\/schema\/person\/6f09597f025829745ba414a569f63758"},"headline":"Nomeado um im\u00e3 permanente para Hagia Sophia de Constantinopla","datePublished":"2016-10-26T21:44:56+00:00","dateModified":"2016-10-26T21:47:01+00:00","mainEntityOfPage":{"@id":"https:\/\/news.ecclesia.org.br\/?p=21970"},"wordCount":298,"commentCount":2,"publisher":{"@id":"https:\/\/news.ecclesia.org.br\/#organization"},"image":{"@id":"https:\/\/news.ecclesia.org.br\/?p=21970#primaryimage"},"thumbnailUrl":"https:\/\/news.ecclesia.org.br\/wp-content\/uploads\/2016\/10\/hagia-sophia-Quran-recitation.jpg","articleSection":["Mundo Ortodoxo","NEWS","Patriarcado Ecum\u00eanico"],"inLanguage":"pt-BR","potentialAction":[{"@type":"CommentAction","name":"Comment","target":["https:\/\/news.ecclesia.org.br\/?p=21970#respond"]}]},{"@type":"WebPage","@id":"https:\/\/news.ecclesia.org.br\/?p=21970","url":"https:\/\/news.ecclesia.org.br\/?p=21970","name":"Nomeado um im\u00e3 permanente para Hagia Sophia de Constantinopla | ECCLESIA NEWS","isPartOf":{"@id":"https:\/\/news.ecclesia.org.br\/#website"},"primaryImageOfPage":{"@id":"https:\/\/news.ecclesia.org.br\/?p=21970#primaryimage"},"image":{"@id":"https:\/\/news.ecclesia.org.br\/?p=21970#primaryimage"},"thumbnailUrl":"https:\/\/news.ecclesia.org.br\/wp-content\/uploads\/2016\/10\/hagia-sophia-Quran-recitation.jpg","datePublished":"2016-10-26T21:44:56+00:00","dateModified":"2016-10-26T21:47:01+00:00","breadcrumb":{"@id":"https:\/\/news.ecclesia.org.br\/?p=21970#breadcrumb"},"inLanguage":"pt-BR","potentialAction":[{"@type":"ReadAction","target":["https:\/\/news.ecclesia.org.br\/?p=21970"]}]},{"@type":"ImageObject","inLanguage":"pt-BR","@id":"https:\/\/news.ecclesia.org.br\/?p=21970#primaryimage","url":"https:\/\/news.ecclesia.org.br\/wp-content\/uploads\/2016\/10\/hagia-sophia-Quran-recitation.jpg","contentUrl":"https:\/\/news.ecclesia.org.br\/wp-content\/uploads\/2016\/10\/hagia-sophia-Quran-recitation.jpg","width":700,"height":431},{"@type":"BreadcrumbList","@id":"https:\/\/news.ecclesia.org.br\/?p=21970#breadcrumb","itemListElement":[{"@type":"ListItem","position":1,"name":"In\u00edcio","item":"https:\/\/news.ecclesia.org.br\/"},{"@type":"ListItem","position":2,"name":"Nomeado um im\u00e3 permanente para Hagia Sophia de Constantinopla"}]},{"@type":"WebSite","@id":"https:\/\/news.ecclesia.org.br\/#website","url":"https:\/\/news.ecclesia.org.br\/","name":"Ecclesia Brasil","description":"Desde 2003 onectando o Brasil ao mundo ortodoxo!","publisher":{"@id":"https:\/\/news.ecclesia.org.br\/#organization"},"alternateName":"Ecclesia","potentialAction":[{"@type":"SearchAction","target":{"@type":"EntryPoint","urlTemplate":"https:\/\/news.ecclesia.org.br\/?s={search_term_string}"},"query-input":{"@type":"PropertyValueSpecification","valueRequired":true,"valueName":"search_term_string"}}],"inLanguage":"pt-BR"},{"@type":"Organization","@id":"https:\/\/news.ecclesia.org.br\/#organization","name":"Sacra Arquidiocese de Buenos Aires e Am\u00e9rica do Sul | Patriarcado Ecum\u00eanico","alternateName":"News Ecclesia Brasil","url":"https:\/\/news.ecclesia.org.br\/","logo":{"@type":"ImageObject","inLanguage":"pt-BR","@id":"https:\/\/news.ecclesia.org.br\/#\/schema\/logo\/image\/","url":"https:\/\/news.ecclesia.org.br\/wp-content\/uploads\/2025\/05\/ecclesia2.png","contentUrl":"https:\/\/news.ecclesia.org.br\/wp-content\/uploads\/2025\/05\/ecclesia2.png","width":480,"height":120,"caption":"Sacra Arquidiocese de Buenos Aires e Am\u00e9rica do Sul | Patriarcado Ecum\u00eanico"},"image":{"@id":"https:\/\/news.ecclesia.org.br\/#\/schema\/logo\/image\/"},"sameAs":["https:\/\/www.facebook.com\/Ecclesia2025","https:\/\/x.com\/EcclesiaNews","https:\/\/br.pinterest.com\/ekklisia\/","https:\/\/www.youtube.com\/@EcclesiaBrasil"]},{"@type":"Person","@id":"https:\/\/news.ecclesia.org.br\/#\/schema\/person\/6f09597f025829745ba414a569f63758","name":"Pe. Andr\u00e9","image":{"@type":"ImageObject","inLanguage":"pt-BR","@id":"https:\/\/secure.gravatar.com\/avatar\/b4327cfa27e9799da239a26adcd534fc29cdc0c4a4a148eecbcfeb9b42c617ac?s=96&d=mm&r=g","url":"https:\/\/secure.gravatar.com\/avatar\/b4327cfa27e9799da239a26adcd534fc29cdc0c4a4a148eecbcfeb9b42c617ac?s=96&d=mm&r=g","contentUrl":"https:\/\/secure.gravatar.com\/avatar\/b4327cfa27e9799da239a26adcd534fc29cdc0c4a4a148eecbcfeb9b42c617ac?s=96&d=mm&r=g","caption":"Pe. Andr\u00e9"},"sameAs":["https:\/\/www.ecclesia.org.br"]}]}},"_links":{"self":[{"href":"https:\/\/news.ecclesia.org.br\/index.php?rest_route=\/wp\/v2\/posts\/21970","targetHints":{"allow":["GET"]}}],"collection":[{"href":"https:\/\/news.ecclesia.org.br\/index.php?rest_route=\/wp\/v2\/posts"}],"about":[{"href":"https:\/\/news.ecclesia.org.br\/index.php?rest_route=\/wp\/v2\/types\/post"}],"author":[{"embeddable":true,"href":"https:\/\/news.ecclesia.org.br\/index.php?rest_route=\/wp\/v2\/users\/1"}],"replies":[{"embeddable":true,"href":"https:\/\/news.ecclesia.org.br\/index.php?rest_route=%2Fwp%2Fv2%2Fcomments&post=21970"}],"version-history":[{"count":0,"href":"https:\/\/news.ecclesia.org.br\/index.php?rest_route=\/wp\/v2\/posts\/21970\/revisions"}],"wp:featuredmedia":[{"embeddable":true,"href":"https:\/\/news.ecclesia.org.br\/index.php?rest_route=\/wp\/v2\/media\/21971"}],"wp:attachment":[{"href":"https:\/\/news.ecclesia.org.br\/index.php?rest_route=%2Fwp%2Fv2%2Fmedia&parent=21970"}],"wp:term":[{"taxonomy":"category","embeddable":true,"href":"https:\/\/news.ecclesia.org.br\/index.php?rest_route=%2Fwp%2Fv2%2Fcategories&post=21970"},{"taxonomy":"post_tag","embeddable":true,"href":"https:\/\/news.ecclesia.org.br\/index.php?rest_route=%2Fwp%2Fv2%2Ftags&post=21970"}],"curies":[{"name":"wp","href":"https:\/\/api.w.org\/{rel}","templated":true}]}}